{"id":10056,"date":"2014-11-08T11:06:54","date_gmt":"2014-11-08T14:06:54","guid":{"rendered":"http:\/\/municipales.org.ar\/festram\/?p=10056"},"modified":"2014-11-14T18:43:39","modified_gmt":"2014-11-14T21:43:39","slug":"final-del-vi-torneo-provincial-intermunicipal-de-bochas-edicion-2014","status":"publish","type":"post","link":"https:\/\/municipales.org.ar\/festram\/final-del-vi-torneo-provincial-intermunicipal-de-bochas-edicion-2014\/","title":{"rendered":"Final del VI Torneo Provincial Intermunicipal de Bochas Edici\u00f3n 2014"},"content":{"rendered":"<h4>Asteom Santo Tom\u00e9 fue campe\u00f3n provincial y se llev\u00f3 la copa Challenguer.<\/h4>\n<p>El pasado s\u00e1bado 1 de Noviembre, en el Club Gimnasia y Esgrima (ciudadela) de la ciudad de Santa Fe, se llev\u00f3 a cabo la Final del VI TORNEO PROVINCIAL INTERMUNICIPAL DE BOCHAS EDICI\u00d3N 2014 que organiza por sexto a\u00f1o consecutivo FESTRAM.<\/p>\n<p>En esta edici\u00f3n 2014 el equipo de ASTEOM Santo Tom\u00e9, y en virtud de haber resultado campe\u00f3n 3 veces desde que se iniciaran los torneos, se adjudic\u00f3 la Copa Challenguer que todos los a\u00f1os pone en juego la Federaci\u00f3n. La entrega de los premios cont\u00f3 con la presencia del Secretario General de FESTRAM Claudio Leoni y dem\u00e1s Sindicatos participantes, como as\u00ed tambi\u00e9n de Mauricio Herzog, Secretario General del Sindicato de Santo Tom\u00e9, ganador del evento.<\/p>\n\n\t\t<style type=\"text\/css\">\n\t\t\t#gallery-1 {\n\t\t\t\tmargin: auto;\n\t\t\t}\n\t\t\t#gallery-1 .gallery-item {\n\t\t\t\tfloat: left;\n\t\t\t\tmargin-top: 10px;\n\t\t\t\ttext-align: center;\n\t\t\t\twidth: 33%;\n\t\t\t}\n\t\t\t#gallery-1 img {\n\t\t\t\tborder: 2px solid #cfcfcf;\n\t\t\t}\n\t\t\t#gallery-1 .gallery-caption {\n\t\t\t\tmargin-left: 0;\n\t\t\t}\n\t\t\t\/* see gallery_shortcode() in wp-includes\/media.php *\/\n\t\t<\/style>\n\t\t<div id='gallery-1' class='gallery galleryid-10056 gallery-columns-3 gallery-size-thumbnail'><dl class='gallery-item'>\n\t\t\t<dt class='gallery-icon landscape'>\n\t\t\t\t<a href='https:\/\/municipales.org.ar\/festram\/final-del-vi-torneo-provincial-intermunicipal-de-bochas-edicion-2014\/dscn1646\/'><img loading=\"lazy\" decoding=\"async\" width=\"150\" height=\"150\" src=\"https:\/\/municipales.org.ar\/festram\/wp-content\/uploads\/2014\/11\/DSCN1646-150x150.jpg\" class=\"attachment-thumbnail size-thumbnail\" alt=\"\" \/><\/a>\n\t\t\t<\/dt><\/dl><dl class='gallery-item'>\n\t\t\t<dt class='gallery-icon landscape'>\n\t\t\t\t<a href='https:\/\/municipales.org.ar\/festram\/final-del-vi-torneo-provincial-intermunicipal-de-bochas-edicion-2014\/dscn1660\/'><img loading=\"lazy\" decoding=\"async\" width=\"150\" height=\"150\" src=\"https:\/\/municipales.org.ar\/festram\/wp-content\/uploads\/2014\/11\/DSCN1660-150x150.jpg\" class=\"attachment-thumbnail size-thumbnail\" alt=\"\" \/><\/a>\n\t\t\t<\/dt><\/dl><dl class='gallery-item'>\n\t\t\t<dt class='gallery-icon landscape'>\n\t\t\t\t<a href='https:\/\/municipales.org.ar\/festram\/final-del-vi-torneo-provincial-intermunicipal-de-bochas-edicion-2014\/dscn1701\/'><img loading=\"lazy\" decoding=\"async\" width=\"150\" height=\"150\" src=\"https:\/\/municipales.org.ar\/festram\/wp-content\/uploads\/2014\/11\/DSCN1701-150x150.jpg\" class=\"attachment-thumbnail size-thumbnail\" alt=\"\" \/><\/a>\n\t\t\t<\/dt><\/dl><br style=\"clear: both\" \/><dl class='gallery-item'>\n\t\t\t<dt class='gallery-icon landscape'>\n\t\t\t\t<a href='https:\/\/municipales.org.ar\/festram\/final-del-vi-torneo-provincial-intermunicipal-de-bochas-edicion-2014\/dscn1712\/'><img loading=\"lazy\" decoding=\"async\" width=\"150\" height=\"150\" src=\"https:\/\/municipales.org.ar\/festram\/wp-content\/uploads\/2014\/11\/DSCN1712-150x150.jpg\" class=\"attachment-thumbnail size-thumbnail\" alt=\"\" \/><\/a>\n\t\t\t<\/dt><\/dl><dl class='gallery-item'>\n\t\t\t<dt class='gallery-icon landscape'>\n\t\t\t\t<a href='https:\/\/municipales.org.ar\/festram\/final-del-vi-torneo-provincial-intermunicipal-de-bochas-edicion-2014\/dscn1707\/'><img loading=\"lazy\" decoding=\"async\" width=\"150\" height=\"150\" src=\"https:\/\/municipales.org.ar\/festram\/wp-content\/uploads\/2014\/11\/DSCN1707-150x150.jpg\" class=\"attachment-thumbnail size-thumbnail\" alt=\"\" \/><\/a>\n\t\t\t<\/dt><\/dl><dl class='gallery-item'>\n\t\t\t<dt class='gallery-icon landscape'>\n\t\t\t\t<a href='https:\/\/municipales.org.ar\/festram\/final-del-vi-torneo-provincial-intermunicipal-de-bochas-edicion-2014\/dscn1721\/'><img loading=\"lazy\" decoding=\"async\" width=\"150\" height=\"150\" src=\"https:\/\/municipales.org.ar\/festram\/wp-content\/uploads\/2014\/11\/DSCN1721-150x150.jpg\" class=\"attachment-thumbnail size-thumbnail\" alt=\"\" \/><\/a>\n\t\t\t<\/dt><\/dl><br style=\"clear: both\" \/><dl class='gallery-item'>\n\t\t\t<dt class='gallery-icon landscape'>\n\t\t\t\t<a href='https:\/\/municipales.org.ar\/festram\/final-del-vi-torneo-provincial-intermunicipal-de-bochas-edicion-2014\/dscn1720\/'><img loading=\"lazy\" decoding=\"async\" width=\"150\" height=\"150\" src=\"https:\/\/municipales.org.ar\/festram\/wp-content\/uploads\/2014\/11\/DSCN1720-150x150.jpg\" class=\"attachment-thumbnail size-thumbnail\" alt=\"\" \/><\/a>\n\t\t\t<\/dt><\/dl>\n\t\t\t<br style='clear: both' \/>\n\t\t<\/div>\n\n<p>Integraron el equipo campe\u00f3n los siguientes bochofilos: ALEJANDRO AQUINO, DANIEL CORONEL, IGNACIO DONNA y SILVIO AQUINO. Fue Sub campe\u00f3n el Sindicato SOEM G\u00e1lvez y el 3\u00ba Puesto fue para el SITRAM G\u00e1lvez. En la final del VI TORNEO INTERMUNICIPAL, participaron 6 equipos de Sindicatos finalistas, los 3 primeros clasificados de las Regiones Centro Norte y Centro Sur, respectivamente.<\/p>\n<p>En la Regi\u00f3n Centro-Norte que se disput\u00f3 en Ceres, organizado por el SITRAM de esa localidad los resultados fueron los siguientes: Primer puesto SITRAM G\u00e1lvez, Segundo SOEM G\u00e1lvez y tercer puesto ASTEON Santo Tom\u00e9. En tanto en la Regi\u00f3n Centro-Sur, organizado por el Sindicato Municipal de Ca\u00f1ada de G\u00f3mez, result\u00f3 ganador SITRAM CASILDA, Segundo puesto SITRAM Ca\u00f1ada de G\u00f3mez y Tercer puesto result\u00f3 el equipo perteneciente al Sindicato Municipal de FUNES.<\/p>\n<p>[button link=\u00bbhttps:\/\/www.facebook.com\/media\/set\/?set=a.845122728884979.1073741832.117916918272234&amp;type=3&#8243; icon=\u00bbfa-camera\u00bb side=\u00bbleft\u00bb target=\u00bb\u00bb color=\u00bb255fb7&#8243; textcolor=\u00bbffffff\u00bb]Ver m\u00e1s fotos en nuestra p\u00e1gina de Facebook[\/button]<\/p>\n","protected":false},"excerpt":{"rendered":"<p>Asteom Santo Tom\u00e9 fue campe\u00f3n provincial y se llev\u00f3 la copa Challenguer. <\/p>\n","protected":false},"author":1,"featured_media":10065,"comment_status":"closed","ping_status":"closed","sticky":false,"template":"","format":"standard","meta":{"_jetpack_memberships_contains_paid_content":false,"footnotes":"","jetpack_publicize_message":"","jetpack_publicize_feature_enabled":true,"jetpack_social_post_already_shared":true,"jetpack_social_options":{"image_generator_settings":{"template":"highway","default_image_id":0,"font":"","enabled":false},"version":2}},"categories":[61],"tags":[110],"class_list":["post-10056","post","type-post","status-publish","format-standard","has-post-thumbnail","hentry","category-seminarios-y-actividades","tag-deportes"],"yoast_head":"<!-- This site is optimized with the Yoast SEO plugin v25.9 - https:\/\/yoast.com\/wordpress\/plugins\/seo\/ -->\n<title>Final del VI Torneo Provincial Intermunicipal de Bochas Edici\u00f3n 2014 &#8211; FESTRAM<\/title>\n<meta name=\"description\" content=\"Asteom Santo Tom\u00e9 fue campe\u00f3n provincial y se llev\u00f3 la copa Challenguer.\" \/>\n<meta name=\"robots\" content=\"index, follow, max-snippet:-1, max-image-preview:large, max-video-preview:-1\" \/>\n<link rel=\"canonical\" href=\"https:\/\/municipales.org.ar\/festram\/final-del-vi-torneo-provincial-intermunicipal-de-bochas-edicion-2014\/\" \/>\n<meta property=\"og:locale\" content=\"es_ES\" \/>\n<meta property=\"og:type\" content=\"article\" \/>\n<meta property=\"og:title\" content=\"Final del VI Torneo Provincial Intermunicipal de Bochas Edici\u00f3n 2014 &#8211; FESTRAM\" \/>\n<meta property=\"og:description\" content=\"Asteom Santo Tom\u00e9 fue campe\u00f3n provincial y se llev\u00f3 la copa Challenguer.\" \/>\n<meta property=\"og:url\" content=\"https:\/\/municipales.org.ar\/festram\/final-del-vi-torneo-provincial-intermunicipal-de-bochas-edicion-2014\/\" \/>\n<meta property=\"og:site_name\" content=\"FESTRAM\" \/>\n<meta property=\"article:publisher\" content=\"https:\/\/www.facebook.com\/MunicipalesSF\" \/>\n<meta property=\"article:published_time\" content=\"2014-11-08T14:06:54+00:00\" \/>\n<meta property=\"article:modified_time\" content=\"2014-11-14T21:43:39+00:00\" \/>\n<meta property=\"og:image\" content=\"https:\/\/municipales.org.ar\/festram\/wp-content\/uploads\/2014\/11\/DSCN1710-e1415974069150.jpg\" \/>\n\t<meta property=\"og:image:width\" content=\"1843\" \/>\n\t<meta property=\"og:image:height\" content=\"958\" \/>\n\t<meta property=\"og:image:type\" content=\"image\/jpeg\" \/>\n<meta name=\"author\" content=\"mun_admin\" \/>\n<meta name=\"twitter:card\" content=\"summary_large_image\" \/>\n<meta name=\"twitter:creator\" content=\"@MunicipalesSF\" \/>\n<meta name=\"twitter:site\" content=\"@MunicipalesSF\" \/>\n<meta name=\"twitter:label1\" content=\"Escrito por\" \/>\n\t<meta name=\"twitter:data1\" content=\"mun_admin\" \/>\n\t<meta name=\"twitter:label2\" content=\"Tiempo de lectura\" \/>\n\t<meta name=\"twitter:data2\" content=\"2 minutos\" \/>\n<script type=\"application\/ld+json\" class=\"yoast-schema-graph\">{\"@context\":\"https:\/\/schema.org\",\"@graph\":[{\"@type\":\"Article\",\"@id\":\"https:\/\/municipales.org.ar\/festram\/final-del-vi-torneo-provincial-intermunicipal-de-bochas-edicion-2014\/#article\",\"isPartOf\":{\"@id\":\"https:\/\/municipales.org.ar\/festram\/final-del-vi-torneo-provincial-intermunicipal-de-bochas-edicion-2014\/\"},\"author\":{\"name\":\"mun_admin\",\"@id\":\"https:\/\/municipales.org.ar\/festram\/#\/schema\/person\/49096a774c48ce9063df4d59ec059f9e\"},\"headline\":\"Final del VI Torneo Provincial Intermunicipal de Bochas Edici\u00f3n 2014\",\"datePublished\":\"2014-11-08T14:06:54+00:00\",\"dateModified\":\"2014-11-14T21:43:39+00:00\",\"mainEntityOfPage\":{\"@id\":\"https:\/\/municipales.org.ar\/festram\/final-del-vi-torneo-provincial-intermunicipal-de-bochas-edicion-2014\/\"},\"wordCount\":318,\"publisher\":{\"@id\":\"https:\/\/municipales.org.ar\/festram\/#organization\"},\"image\":{\"@id\":\"https:\/\/municipales.org.ar\/festram\/final-del-vi-torneo-provincial-intermunicipal-de-bochas-edicion-2014\/#primaryimage\"},\"thumbnailUrl\":\"https:\/\/municipales.org.ar\/festram\/wp-content\/uploads\/2014\/11\/DSCN1710-e1415974069150.jpg\",\"keywords\":[\"deportes\"],\"articleSection\":[\"Seminarios y Actividades\"],\"inLanguage\":\"es\"},{\"@type\":\"WebPage\",\"@id\":\"https:\/\/municipales.org.ar\/festram\/final-del-vi-torneo-provincial-intermunicipal-de-bochas-edicion-2014\/\",\"url\":\"https:\/\/municipales.org.ar\/festram\/final-del-vi-torneo-provincial-intermunicipal-de-bochas-edicion-2014\/\",\"name\":\"Final del VI Torneo Provincial Intermunicipal de Bochas Edici\u00f3n 2014 &#8211; FESTRAM\",\"isPartOf\":{\"@id\":\"https:\/\/municipales.org.ar\/festram\/#website\"},\"primaryImageOfPage\":{\"@id\":\"https:\/\/municipales.org.ar\/festram\/final-del-vi-torneo-provincial-intermunicipal-de-bochas-edicion-2014\/#primaryimage\"},\"image\":{\"@id\":\"https:\/\/municipales.org.ar\/festram\/final-del-vi-torneo-provincial-intermunicipal-de-bochas-edicion-2014\/#primaryimage\"},\"thumbnailUrl\":\"https:\/\/municipales.org.ar\/festram\/wp-content\/uploads\/2014\/11\/DSCN1710-e1415974069150.jpg\",\"datePublished\":\"2014-11-08T14:06:54+00:00\",\"dateModified\":\"2014-11-14T21:43:39+00:00\",\"description\":\"Asteom Santo Tom\u00e9 fue campe\u00f3n provincial y se llev\u00f3 la copa Challenguer.\",\"breadcrumb\":{\"@id\":\"https:\/\/municipales.org.ar\/festram\/final-del-vi-torneo-provincial-intermunicipal-de-bochas-edicion-2014\/#breadcrumb\"},\"inLanguage\":\"es\",\"potentialAction\":[{\"@type\":\"ReadAction\",\"target\":[\"https:\/\/municipales.org.ar\/festram\/final-del-vi-torneo-provincial-intermunicipal-de-bochas-edicion-2014\/\"]}]},{\"@type\":\"ImageObject\",\"inLanguage\":\"es\",\"@id\":\"https:\/\/municipales.org.ar\/festram\/final-del-vi-torneo-provincial-intermunicipal-de-bochas-edicion-2014\/#primaryimage\",\"url\":\"https:\/\/municipales.org.ar\/festram\/wp-content\/uploads\/2014\/11\/DSCN1710-e1415974069150.jpg\",\"contentUrl\":\"https:\/\/municipales.org.ar\/festram\/wp-content\/uploads\/2014\/11\/DSCN1710-e1415974069150.jpg\",\"width\":1843,\"height\":958},{\"@type\":\"BreadcrumbList\",\"@id\":\"https:\/\/municipales.org.ar\/festram\/final-del-vi-torneo-provincial-intermunicipal-de-bochas-edicion-2014\/#breadcrumb\",\"itemListElement\":[{\"@type\":\"ListItem\",\"position\":1,\"name\":\"Portada\",\"item\":\"https:\/\/municipales.org.ar\/festram\/\"},{\"@type\":\"ListItem\",\"position\":2,\"name\":\"Final del VI Torneo Provincial Intermunicipal de Bochas Edici\u00f3n 2014\"}]},{\"@type\":\"WebSite\",\"@id\":\"https:\/\/municipales.org.ar\/festram\/#website\",\"url\":\"https:\/\/municipales.org.ar\/festram\/\",\"name\":\"FESTRAM\",\"description\":\"La web de los trabajadores municipales\",\"publisher\":{\"@id\":\"https:\/\/municipales.org.ar\/festram\/#organization\"},\"potentialAction\":[{\"@type\":\"SearchAction\",\"target\":{\"@type\":\"EntryPoint\",\"urlTemplate\":\"https:\/\/municipales.org.ar\/festram\/?s={search_term_string}\"},\"query-input\":{\"@type\":\"PropertyValueSpecification\",\"valueRequired\":true,\"valueName\":\"search_term_string\"}}],\"inLanguage\":\"es\"},{\"@type\":\"Organization\",\"@id\":\"https:\/\/municipales.org.ar\/festram\/#organization\",\"name\":\"Federaci\u00f3n de Sindicatos de Trabajadores Municipales de la Provincia de Santa Fe\",\"url\":\"https:\/\/municipales.org.ar\/festram\/\",\"logo\":{\"@type\":\"ImageObject\",\"inLanguage\":\"es\",\"@id\":\"https:\/\/municipales.org.ar\/festram\/#\/schema\/logo\/image\/\",\"url\":\"https:\/\/www.municipales.org.ar\/festram\/wp-content\/uploads\/2014\/07\/logo_fes.jpg\",\"contentUrl\":\"https:\/\/www.municipales.org.ar\/festram\/wp-content\/uploads\/2014\/07\/logo_fes.jpg\",\"width\":661,\"height\":673,\"caption\":\"Federaci\u00f3n de Sindicatos de Trabajadores Municipales de la Provincia de Santa Fe\"},\"image\":{\"@id\":\"https:\/\/municipales.org.ar\/festram\/#\/schema\/logo\/image\/\"},\"sameAs\":[\"https:\/\/www.facebook.com\/MunicipalesSF\",\"https:\/\/x.com\/MunicipalesSF\",\"https:\/\/www.youtube.com\/user\/festram\"]},{\"@type\":\"Person\",\"@id\":\"https:\/\/municipales.org.ar\/festram\/#\/schema\/person\/49096a774c48ce9063df4d59ec059f9e\",\"name\":\"mun_admin\"}]}<\/script>\n<!-- \/ Yoast SEO plugin. -->","yoast_head_json":{"title":"Final del VI Torneo Provincial Intermunicipal de Bochas Edici\u00f3n 2014 &#8211; FESTRAM","description":"Asteom Santo Tom\u00e9 fue campe\u00f3n provincial y se llev\u00f3 la copa Challenguer.","robots":{"index":"index","follow":"follow","max-snippet":"max-snippet:-1","max-image-preview":"max-image-preview:large","max-video-preview":"max-video-preview:-1"},"canonical":"https:\/\/municipales.org.ar\/festram\/final-del-vi-torneo-provincial-intermunicipal-de-bochas-edicion-2014\/","og_locale":"es_ES","og_type":"article","og_title":"Final del VI Torneo Provincial Intermunicipal de Bochas Edici\u00f3n 2014 &#8211; FESTRAM","og_description":"Asteom Santo Tom\u00e9 fue campe\u00f3n provincial y se llev\u00f3 la copa Challenguer.","og_url":"https:\/\/municipales.org.ar\/festram\/final-del-vi-torneo-provincial-intermunicipal-de-bochas-edicion-2014\/","og_site_name":"FESTRAM","article_publisher":"https:\/\/www.facebook.com\/MunicipalesSF","article_published_time":"2014-11-08T14:06:54+00:00","article_modified_time":"2014-11-14T21:43:39+00:00","og_image":[{"width":1843,"height":958,"url":"https:\/\/municipales.org.ar\/festram\/wp-content\/uploads\/2014\/11\/DSCN1710-e1415974069150.jpg","type":"image\/jpeg"}],"author":"mun_admin","twitter_card":"summary_large_image","twitter_creator":"@MunicipalesSF","twitter_site":"@MunicipalesSF","twitter_misc":{"Escrito por":"mun_admin","Tiempo de lectura":"2 minutos"},"schema":{"@context":"https:\/\/schema.org","@graph":[{"@type":"Article","@id":"https:\/\/municipales.org.ar\/festram\/final-del-vi-torneo-provincial-intermunicipal-de-bochas-edicion-2014\/#article","isPartOf":{"@id":"https:\/\/municipales.org.ar\/festram\/final-del-vi-torneo-provincial-intermunicipal-de-bochas-edicion-2014\/"},"author":{"name":"mun_admin","@id":"https:\/\/municipales.org.ar\/festram\/#\/schema\/person\/49096a774c48ce9063df4d59ec059f9e"},"headline":"Final del VI Torneo Provincial Intermunicipal de Bochas Edici\u00f3n 2014","datePublished":"2014-11-08T14:06:54+00:00","dateModified":"2014-11-14T21:43:39+00:00","mainEntityOfPage":{"@id":"https:\/\/municipales.org.ar\/festram\/final-del-vi-torneo-provincial-intermunicipal-de-bochas-edicion-2014\/"},"wordCount":318,"publisher":{"@id":"https:\/\/municipales.org.ar\/festram\/#organization"},"image":{"@id":"https:\/\/municipales.org.ar\/festram\/final-del-vi-torneo-provincial-intermunicipal-de-bochas-edicion-2014\/#primaryimage"},"thumbnailUrl":"https:\/\/municipales.org.ar\/festram\/wp-content\/uploads\/2014\/11\/DSCN1710-e1415974069150.jpg","keywords":["deportes"],"articleSection":["Seminarios y Actividades"],"inLanguage":"es"},{"@type":"WebPage","@id":"https:\/\/municipales.org.ar\/festram\/final-del-vi-torneo-provincial-intermunicipal-de-bochas-edicion-2014\/","url":"https:\/\/municipales.org.ar\/festram\/final-del-vi-torneo-provincial-intermunicipal-de-bochas-edicion-2014\/","name":"Final del VI Torneo Provincial Intermunicipal de Bochas Edici\u00f3n 2014 &#8211; FESTRAM","isPartOf":{"@id":"https:\/\/municipales.org.ar\/festram\/#website"},"primaryImageOfPage":{"@id":"https:\/\/municipales.org.ar\/festram\/final-del-vi-torneo-provincial-intermunicipal-de-bochas-edicion-2014\/#primaryimage"},"image":{"@id":"https:\/\/municipales.org.ar\/festram\/final-del-vi-torneo-provincial-intermunicipal-de-bochas-edicion-2014\/#primaryimage"},"thumbnailUrl":"https:\/\/municipales.org.ar\/festram\/wp-content\/uploads\/2014\/11\/DSCN1710-e1415974069150.jpg","datePublished":"2014-11-08T14:06:54+00:00","dateModified":"2014-11-14T21:43:39+00:00","description":"Asteom Santo Tom\u00e9 fue campe\u00f3n provincial y se llev\u00f3 la copa Challenguer.","breadcrumb":{"@id":"https:\/\/municipales.org.ar\/festram\/final-del-vi-torneo-provincial-intermunicipal-de-bochas-edicion-2014\/#breadcrumb"},"inLanguage":"es","potentialAction":[{"@type":"ReadAction","target":["https:\/\/municipales.org.ar\/festram\/final-del-vi-torneo-provincial-intermunicipal-de-bochas-edicion-2014\/"]}]},{"@type":"ImageObject","inLanguage":"es","@id":"https:\/\/municipales.org.ar\/festram\/final-del-vi-torneo-provincial-intermunicipal-de-bochas-edicion-2014\/#primaryimage","url":"https:\/\/municipales.org.ar\/festram\/wp-content\/uploads\/2014\/11\/DSCN1710-e1415974069150.jpg","contentUrl":"https:\/\/municipales.org.ar\/festram\/wp-content\/uploads\/2014\/11\/DSCN1710-e1415974069150.jpg","width":1843,"height":958},{"@type":"BreadcrumbList","@id":"https:\/\/municipales.org.ar\/festram\/final-del-vi-torneo-provincial-intermunicipal-de-bochas-edicion-2014\/#breadcrumb","itemListElement":[{"@type":"ListItem","position":1,"name":"Portada","item":"https:\/\/municipales.org.ar\/festram\/"},{"@type":"ListItem","position":2,"name":"Final del VI Torneo Provincial Intermunicipal de Bochas Edici\u00f3n 2014"}]},{"@type":"WebSite","@id":"https:\/\/municipales.org.ar\/festram\/#website","url":"https:\/\/municipales.org.ar\/festram\/","name":"FESTRAM","description":"La web de los trabajadores municipales","publisher":{"@id":"https:\/\/municipales.org.ar\/festram\/#organization"},"potentialAction":[{"@type":"SearchAction","target":{"@type":"EntryPoint","urlTemplate":"https:\/\/municipales.org.ar\/festram\/?s={search_term_string}"},"query-input":{"@type":"PropertyValueSpecification","valueRequired":true,"valueName":"search_term_string"}}],"inLanguage":"es"},{"@type":"Organization","@id":"https:\/\/municipales.org.ar\/festram\/#organization","name":"Federaci\u00f3n de Sindicatos de Trabajadores Municipales de la Provincia de Santa Fe","url":"https:\/\/municipales.org.ar\/festram\/","logo":{"@type":"ImageObject","inLanguage":"es","@id":"https:\/\/municipales.org.ar\/festram\/#\/schema\/logo\/image\/","url":"https:\/\/www.municipales.org.ar\/festram\/wp-content\/uploads\/2014\/07\/logo_fes.jpg","contentUrl":"https:\/\/www.municipales.org.ar\/festram\/wp-content\/uploads\/2014\/07\/logo_fes.jpg","width":661,"height":673,"caption":"Federaci\u00f3n de Sindicatos de Trabajadores Municipales de la Provincia de Santa Fe"},"image":{"@id":"https:\/\/municipales.org.ar\/festram\/#\/schema\/logo\/image\/"},"sameAs":["https:\/\/www.facebook.com\/MunicipalesSF","https:\/\/x.com\/MunicipalesSF","https:\/\/www.youtube.com\/user\/festram"]},{"@type":"Person","@id":"https:\/\/municipales.org.ar\/festram\/#\/schema\/person\/49096a774c48ce9063df4d59ec059f9e","name":"mun_admin"}]}},"jetpack_publicize_connections":[],"jetpack_featured_media_url":"https:\/\/municipales.org.ar\/festram\/wp-content\/uploads\/2014\/11\/DSCN1710-e1415974069150.jpg","jetpack_sharing_enabled":true,"jetpack_likes_enabled":false,"jetpack_shortlink":"https:\/\/wp.me\/p7l4x1-2Cc","_links":{"self":[{"href":"https:\/\/municipales.org.ar\/festram\/wp-json\/wp\/v2\/posts\/10056","targetHints":{"allow":["GET"]}}],"collection":[{"href":"https:\/\/municipales.org.ar\/festram\/wp-json\/wp\/v2\/posts"}],"about":[{"href":"https:\/\/municipales.org.ar\/festram\/wp-json\/wp\/v2\/types\/post"}],"author":[{"embeddable":true,"href":"https:\/\/municipales.org.ar\/festram\/wp-json\/wp\/v2\/users\/1"}],"replies":[{"embeddable":true,"href":"https:\/\/municipales.org.ar\/festram\/wp-json\/wp\/v2\/comments?post=10056"}],"version-history":[{"count":4,"href":"https:\/\/municipales.org.ar\/festram\/wp-json\/wp\/v2\/posts\/10056\/revisions"}],"predecessor-version":[{"id":10071,"href":"https:\/\/municipales.org.ar\/festram\/wp-json\/wp\/v2\/posts\/10056\/revisions\/10071"}],"wp:featuredmedia":[{"embeddable":true,"href":"https:\/\/municipales.org.ar\/festram\/wp-json\/wp\/v2\/media\/10065"}],"wp:attachment":[{"href":"https:\/\/municipales.org.ar\/festram\/wp-json\/wp\/v2\/media?parent=10056"}],"wp:term":[{"taxonomy":"category","embeddable":true,"href":"https:\/\/municipales.org.ar\/festram\/wp-json\/wp\/v2\/categories?post=10056"},{"taxonomy":"post_tag","embeddable":true,"href":"https:\/\/municipales.org.ar\/festram\/wp-json\/wp\/v2\/tags?post=10056"}],"curies":[{"name":"wp","href":"https:\/\/api.w.org\/{rel}","templated":true}]}}