{"id":10077,"date":"2014-11-17T13:09:11","date_gmt":"2014-11-17T16:09:11","guid":{"rendered":"http:\/\/municipales.org.ar\/festram\/?p=10077"},"modified":"2014-11-17T13:09:11","modified_gmt":"2014-11-17T16:09:11","slug":"16o-seminario-para-el-analisis-de-la-nueva-estrategia-sindical-para-el-ano-2015","status":"publish","type":"post","link":"https:\/\/municipales.org.ar\/festram\/16o-seminario-para-el-analisis-de-la-nueva-estrategia-sindical-para-el-ano-2015\/","title":{"rendered":"16\u00ba Seminario para el An\u00e1lisis de la Nueva Estrategia Sindical para el a\u00f1o 2015"},"content":{"rendered":"<h5>Desde el 18 al 20 de Noviembre, y con la participaci\u00f3n de los 43 Sindicatos nucleados en FESTRAM, se realiza en la Colonia de Vacaciones del Sindicato de Trabajadores Municipales de Rosario, el Seminario que organiza nuestra Federaci\u00f3n todos los a\u00f1os para debatir entre todos, la estrategia sindical del sector de cara al pr\u00f3ximo a\u00f1o<\/h5>\n<h3><\/h3>\n<h3>TEMARIO<\/h3>\n<h3>Martes 18<\/h3>\n<p><em>09:00 hs<\/em><\/p>\n<ul>\n<li>Recepci\u00f3n de Participantes<\/li>\n<li>Acreeditaci\u00f3n para el Congreso Extraordinario<\/li>\n<li>Entrega de Material de Trabajo<\/li>\n<\/ul>\n<p><em>09:30 hs<\/em> &#8211; <strong>Apertura del Seminario a cargo de<\/strong><\/p>\n<p style=\"padding-left: 60px;\"><strong>Cro. CLAUDIO LEONI<\/strong>, Secretario General de FESTRAM y Secretario General Adjunto de la Confederaci\u00f3n de Trabajadores Municipales de la Rep\u00fablica Argentina<\/p>\n<p><em>10:30 hs<\/em> &#8211; <strong>MODULO 1 &#8211; EJES ESTRAT\u00c9GICOS DE\u00a0FESTRAM<\/strong><\/p>\n<ul>\n<li>An\u00e1lisis de las Encuestas<\/li>\n<li>Conformaci\u00f3n de Grupos de Trabajo &#8211; Regionales<\/li>\n<\/ul>\n<p style=\"padding-left: 60px;\"><strong>Cro. CLAUDIO LEONI<\/strong>, Secretario General de FESTRAM y Secretario General Adjunto de la Confederaci\u00f3n de Trabajadores Municipales de la Rep\u00fablica Argentina<\/p>\n<p><em>13:00 hs<\/em> &#8211; <strong>Descanso<\/strong><br \/>\n<em>16:30 hs<\/em> &#8211; <strong>MODULO 2 &#8211; CONVENIO COLECTIVO DE TRABAJO<\/strong><\/p>\n<ul>\n<li><strong>Negociaci\u00f3n Colectiva desde la perspectiva de g\u00e9nero<\/strong><\/li>\n<\/ul>\n<p style=\"padding-left: 60px;\"><strong>RED PROVINCIAL DE MUJERES<\/strong><\/p>\n<p style=\"padding-left: 60px;\">\n<ul>\n<li><strong>Antecedentes Hist\u00f3ricos<\/strong><\/li>\n<\/ul>\n<p style=\"padding-left: 60px;\"><strong>Cro. JUAN RAM\u00d3N MEDINA<\/strong>, Secretario General de ASOEM Santa Fe y Secretario Gremial e Interior de FESTRAM<\/p>\n<p style=\"padding-left: 60px;\">\n<ul>\n<li><strong>La importancia estrat\u00e9gica de la negociaci\u00f3n colectiva para los trabajadores<\/strong>\n<ul>\n<li>Objetivos<\/li>\n<li>Preparaci\u00f3n Integral del proceso<\/li>\n<li>La participaci\u00f3n de las bases<\/li>\n<li>Las pr\u00e1cticas y los elementos de la negociaci\u00f3n<\/li>\n<li>Estrategias de la negociaci\u00f3n<\/li>\n<\/ul>\n<\/li>\n<\/ul>\n<p style=\"padding-left: 60px;\"><strong>Cro. CLAUDIO LEONI,<\/strong> Secretario General de FESTRAM y Secretario General Adjunto de la Confederaci\u00f3n de Trabajadores Municipales de la Rep\u00fablica Argentina<\/p>\n<h3>\nMi\u00e9rcoles 19<\/h3>\n<p><em>09:00 hs &#8211;<\/em> <strong>MODULO 3 &#8211; NEGOCIACI\u00d3N COLECTIVA<\/strong><\/p>\n<ul>\n<li>La Negociaci\u00f3n Colectiva y el impacto en la distribuci\u00f3n del ingreso<\/li>\n<li>La Negociaci\u00f3n Colectiva y la disputa distributiva &#8211; Precios y Salarios &#8211; Rol del Estado<\/li>\n<li>Modelos Econ\u00f3micos que admiten la negociaci\u00f3n colectiva<\/li>\n<li>La negociaci\u00f3n colectiva en el sector privado y en el p\u00fablico &#8211; Diferencias<\/li>\n<li>Modelo Sindical Argentino Actual frente a los cambios de jurisprudencia<\/li>\n<li>Diferencias entre el modelo de representaci\u00f3n en el sector privado y en el p\u00fablico<\/li>\n<\/ul>\n<p style=\"padding-left: 60px;\"><strong>LAURA PERELMAN.<\/strong> Licenciada en Sociolog\u00eda por la Universidad Nacional de Buenos Aires. Magister en Ciencias Pol\u00edticas por la Universidad Nacional de San Mart\u00edn, con la tesis \u201cLa determinaci\u00f3n del salario en la Argentina\u201d<\/p>\n<p><em>13:00 hs<\/em> &#8211; <strong>Descanso<\/strong><br \/>\n<em>16:30 hs<\/em> &#8211; <strong>MODULO 4 &#8211; RELACIONES LABORALES EN EL EMPLEO P\u00daBLICO<\/strong><\/p>\n<ul>\n<li>Perspectivas Laborales en Argentina 2015<\/li>\n<\/ul>\n<p style=\"padding-left: 60px;\"><strong>Cro. ANTONIO RATNER<\/strong>. Secretario General del Sindicato de Trabajadores Municipales de Rosario. Secretario Adjunto de FESTRAM. Secretario de Capacitaci\u00f3n de la Confederaci\u00f3n de Trabajadores Municipales de la Rep\u00fablica Argentina<\/p>\n<p style=\"padding-left: 60px;\"><strong>Dr. OSCAR CUARTANGO.<\/strong> Ministro de Trabajo de la Provincia de Buenos Aires. Miembro del Equipo Federal del Trabajo, de la Fundaci\u00f3n de Estudios Municipales y Sociales. Especializado en Derecho del Trabajo,Derecho Sindical y tem\u00e1ticas municipales<\/p>\n<h3>\n<strong>Jueves 20<\/strong><\/h3>\n<p><em>09:00 hs<\/em> &#8211; <strong>MODULO 5 &#8211; COMIT\u00c9S DE SALUD Y SEGURIDAD EN EL TRABAJO LEY N\u00ba 12.913\u00a0<\/strong><\/p>\n<ul>\n<li>Gesti\u00f3n ante el Gobierno Provincial para exigir la conformaci\u00f3n de los Comit\u00e9s<\/li>\n<li>N\u00f3mina de Municipalidades y Comuna s con elevado \u00edndice de siniestralidad<\/li>\n<li>Formaci\u00f3n de los representantes de los trabajadores en el comit\u00e9<\/li>\n<li>Diagn\u00f3stico situacional de los Sindicatos en relaci\u00f3n a la participaci\u00f3n en los Comit\u00e9s Mixtos<\/li>\n<li>Propuestas para el a\u00f1o 2015<\/li>\n<\/ul>\n<p style=\"padding-left: 60px;\"><strong>Cro. HORACIO CHIAPPERO<\/strong>. Secretario de Capacitaci\u00f3n Profesional de FESTRAM<\/p>\n<p style=\"padding-left: 60px;\"><strong>Cro. FERNANDO GIAMPIETRO<\/strong>. Secretario de Acci\u00f3n y Previsi\u00f3n Social de FESTRAM<\/p>\n<p style=\"padding-left: 60px;\"><strong>Cro. FELIPE BAPTISTA.<\/strong> Secretario de Actas y Administraci\u00f3n de FESTRAM<\/p>\n<p><em>10:30 hs<\/em> &#8211; <strong>MODULO 6 &#8211; INSERCI\u00d3N DE FESTRAM EN LAS POL\u00cdTICAS P\u00daBLICAS DE LOS GOBIERNOS LOCALES\u00a0<\/strong><\/p>\n<ul>\n<li>Articulaci\u00f3n en la formaci\u00f3n con el Gobierno Provincial y Participaci\u00f3n Internacional<\/li>\n<li>Programa Gobiern@. Escuela de Capacitaci\u00f3n para Dirigentes Municipales y Comunales<\/li>\n<li>Ponencias de FESTRAM en los Foros Regionales de Buenas Pr\u00e1cticas de Experiencias de Municipalidades y Comunas, promovidos por el Gobierno Provincial<\/li>\n<li>Participaci\u00f3n Internacional de FESTRAM en Cursos Calidad y Excelencia en la Gesti\u00f3n P\u00fablica con la incorporaci\u00f3n del Desarrollo Local y Trabajo Decente<\/li>\n<li>Situaci\u00f3n Institucional de FESTRAM en relaci\u00f3n a la participaci\u00f3n en las pol\u00edticas p\u00fablicas de los Gobiernos Locales<\/li>\n<\/ul>\n<p style=\"padding-left: 60px;\"><strong>Cro. HORACIO CHIAPPERO.<\/strong> Secretario de Capacitaci\u00f3n Profesional de FESTRAM<\/p>\n<p style=\"padding-left: 30px;\">\n<strong>CONTRAMA &#8211; Confederaci\u00f3n de Trabajadores Municipales de las Am\u00e9ricas<\/strong><\/p>\n<ul>\n<li>Propuesta de CTM, a instancia de FESTRAM, para la incorporaci\u00f3n en agenda de los trabajadores municipales de Am\u00e9rica (CONTRAMA) de las tem\u00e1ticas: Fondos Buitres y Para\u00edsos Fiscales<\/li>\n<\/ul>\n<p style=\"padding-left: 60px;\"><strong>Cro. CLAUDIO LEONI<\/strong>, Secretario General de FESTRAM y Secretario General Adjunto de la Confederaci\u00f3n de Trabajadores Municipales de la Rep\u00fablica Argentina<\/p>\n<p><em>13:00 hs<\/em> &#8211; <strong>Descanso<\/strong><br \/>\n<em>16:30 hs<\/em> &#8211; <strong>MODULO 7 &#8211; PRESENTACI\u00d3N DE LOS GRUPOS DE TRABAJO<\/strong><\/p>\n<ul>\n<li>Explicaci\u00f3n y Debate<\/li>\n<\/ul>\n<p><em>17:30 hs<\/em> &#8211; <strong>CONGRESO EXTRAORDINARIO<\/strong><\/p>\n<ul>\n<li>Plenario de Secretarios Generales<\/li>\n<\/ul>\n<p><em>19:00 hs &#8211;<\/em> <strong>CLAUSURA DEL SEMINARIO<\/strong><\/p>\n<ul>\n<li>Perspectiva y Estrategia Sindical de los Trabajadores Municipales de Argentina<\/li>\n<li>Escenario Social, pol\u00edtico y econ\u00f3mico que se presenta para el a\u00f1o 2015<\/li>\n<\/ul>\n<p><em>20:30 hs<\/em> &#8211; <strong>CENA DESPEDIDA<\/strong><\/p>\n","protected":false},"excerpt":{"rendered":"<p>Desde el 18 al 20 de Noviembre, y con la participaci\u00f3n de los 43 Sindicatos nucleados en FESTRAM, se realiza en la Colonia de Vacaciones del Sindicato de Trabajadores Municipales de Rosario, el Seminario que organiza nuestra Federaci\u00f3n todos los a\u00f1os para debatir entre todos, la estrategia sindical del sector de cara al pr\u00f3ximo a\u00f1o<\/p>\n","protected":false},"author":1,"featured_media":10078,"comment_status":"closed","ping_status":"closed","sticky":false,"template":"","format":"standard","meta":{"_jetpack_memberships_contains_paid_content":false,"footnotes":"","jetpack_publicize_message":"","jetpack_publicize_feature_enabled":true,"jetpack_social_post_already_shared":true,"jetpack_social_options":{"image_generator_settings":{"template":"highway","default_image_id":0,"font":"","enabled":false},"version":2}},"categories":[61],"tags":[],"class_list":["post-10077","post","type-post","status-publish","format-standard","has-post-thumbnail","hentry","category-seminarios-y-actividades"],"yoast_head":"<!-- This site is optimized with the Yoast SEO plugin v25.9 - https:\/\/yoast.com\/wordpress\/plugins\/seo\/ -->\n<title>16\u00ba Seminario para el An\u00e1lisis de la Nueva Estrategia Sindical para el a\u00f1o 2015 &#8211; FESTRAM<\/title>\n<meta name=\"description\" content=\"Desde el 18 al 20 de Noviembre, y con la participaci\u00f3n de los 43 Sindicatos nucleados en FESTRAM, se realiza en la Colonia de Vacaciones del Sindicato de Trabajadores Municipales de Rosario, el Seminario que organiza nuestra Federaci\u00f3n todos los a\u00f1os para debatir entre todos, la estrategia sindical del sector de cara al pr\u00f3ximo a\u00f1o\" \/>\n<meta name=\"robots\" content=\"index, follow, max-snippet:-1, max-image-preview:large, max-video-preview:-1\" \/>\n<link rel=\"canonical\" href=\"https:\/\/municipales.org.ar\/festram\/16o-seminario-para-el-analisis-de-la-nueva-estrategia-sindical-para-el-ano-2015\/\" \/>\n<meta property=\"og:locale\" content=\"es_ES\" \/>\n<meta property=\"og:type\" content=\"article\" \/>\n<meta property=\"og:title\" content=\"16\u00ba Seminario para el An\u00e1lisis de la Nueva Estrategia Sindical para el a\u00f1o 2015 &#8211; FESTRAM\" \/>\n<meta property=\"og:description\" content=\"Desde el 18 al 20 de Noviembre, y con la participaci\u00f3n de los 43 Sindicatos nucleados en FESTRAM, se realiza en la Colonia de Vacaciones del Sindicato de Trabajadores Municipales de Rosario, el Seminario que organiza nuestra Federaci\u00f3n todos los a\u00f1os para debatir entre todos, la estrategia sindical del sector de cara al pr\u00f3ximo a\u00f1o\" \/>\n<meta property=\"og:url\" content=\"https:\/\/municipales.org.ar\/festram\/16o-seminario-para-el-analisis-de-la-nueva-estrategia-sindical-para-el-ano-2015\/\" \/>\n<meta property=\"og:site_name\" content=\"FESTRAM\" \/>\n<meta property=\"article:publisher\" content=\"https:\/\/www.facebook.com\/MunicipalesSF\" \/>\n<meta property=\"article:published_time\" content=\"2014-11-17T16:09:11+00:00\" \/>\n<meta property=\"og:image\" content=\"https:\/\/municipales.org.ar\/festram\/wp-content\/uploads\/2014\/11\/cartel.jpg\" \/>\n\t<meta property=\"og:image:width\" content=\"746\" \/>\n\t<meta property=\"og:image:height\" content=\"347\" \/>\n\t<meta property=\"og:image:type\" content=\"image\/jpeg\" \/>\n<meta name=\"author\" content=\"mun_admin\" \/>\n<meta name=\"twitter:card\" content=\"summary_large_image\" \/>\n<meta name=\"twitter:creator\" content=\"@MunicipalesSF\" \/>\n<meta name=\"twitter:site\" content=\"@MunicipalesSF\" \/>\n<meta name=\"twitter:label1\" content=\"Escrito por\" \/>\n\t<meta name=\"twitter:data1\" content=\"mun_admin\" \/>\n\t<meta name=\"twitter:label2\" content=\"Tiempo de lectura\" \/>\n\t<meta name=\"twitter:data2\" content=\"4 minutos\" \/>\n<script type=\"application\/ld+json\" class=\"yoast-schema-graph\">{\"@context\":\"https:\/\/schema.org\",\"@graph\":[{\"@type\":\"Article\",\"@id\":\"https:\/\/municipales.org.ar\/festram\/16o-seminario-para-el-analisis-de-la-nueva-estrategia-sindical-para-el-ano-2015\/#article\",\"isPartOf\":{\"@id\":\"https:\/\/municipales.org.ar\/festram\/16o-seminario-para-el-analisis-de-la-nueva-estrategia-sindical-para-el-ano-2015\/\"},\"author\":{\"name\":\"mun_admin\",\"@id\":\"https:\/\/municipales.org.ar\/festram\/#\/schema\/person\/49096a774c48ce9063df4d59ec059f9e\"},\"headline\":\"16\u00ba Seminario para el An\u00e1lisis de la Nueva Estrategia Sindical para el a\u00f1o 2015\",\"datePublished\":\"2014-11-17T16:09:11+00:00\",\"mainEntityOfPage\":{\"@id\":\"https:\/\/municipales.org.ar\/festram\/16o-seminario-para-el-analisis-de-la-nueva-estrategia-sindical-para-el-ano-2015\/\"},\"wordCount\":843,\"publisher\":{\"@id\":\"https:\/\/municipales.org.ar\/festram\/#organization\"},\"image\":{\"@id\":\"https:\/\/municipales.org.ar\/festram\/16o-seminario-para-el-analisis-de-la-nueva-estrategia-sindical-para-el-ano-2015\/#primaryimage\"},\"thumbnailUrl\":\"https:\/\/municipales.org.ar\/festram\/wp-content\/uploads\/2014\/11\/cartel.jpg\",\"articleSection\":[\"Seminarios y Actividades\"],\"inLanguage\":\"es\"},{\"@type\":\"WebPage\",\"@id\":\"https:\/\/municipales.org.ar\/festram\/16o-seminario-para-el-analisis-de-la-nueva-estrategia-sindical-para-el-ano-2015\/\",\"url\":\"https:\/\/municipales.org.ar\/festram\/16o-seminario-para-el-analisis-de-la-nueva-estrategia-sindical-para-el-ano-2015\/\",\"name\":\"16\u00ba Seminario para el An\u00e1lisis de la Nueva Estrategia Sindical para el a\u00f1o 2015 &#8211; FESTRAM\",\"isPartOf\":{\"@id\":\"https:\/\/municipales.org.ar\/festram\/#website\"},\"primaryImageOfPage\":{\"@id\":\"https:\/\/municipales.org.ar\/festram\/16o-seminario-para-el-analisis-de-la-nueva-estrategia-sindical-para-el-ano-2015\/#primaryimage\"},\"image\":{\"@id\":\"https:\/\/municipales.org.ar\/festram\/16o-seminario-para-el-analisis-de-la-nueva-estrategia-sindical-para-el-ano-2015\/#primaryimage\"},\"thumbnailUrl\":\"https:\/\/municipales.org.ar\/festram\/wp-content\/uploads\/2014\/11\/cartel.jpg\",\"datePublished\":\"2014-11-17T16:09:11+00:00\",\"description\":\"Desde el 18 al 20 de Noviembre, y con la participaci\u00f3n de los 43 Sindicatos nucleados en FESTRAM, se realiza en la Colonia de Vacaciones del Sindicato de Trabajadores Municipales de Rosario, el Seminario que organiza nuestra Federaci\u00f3n todos los a\u00f1os para debatir entre todos, la estrategia sindical del sector de cara al pr\u00f3ximo a\u00f1o\",\"breadcrumb\":{\"@id\":\"https:\/\/municipales.org.ar\/festram\/16o-seminario-para-el-analisis-de-la-nueva-estrategia-sindical-para-el-ano-2015\/#breadcrumb\"},\"inLanguage\":\"es\",\"potentialAction\":[{\"@type\":\"ReadAction\",\"target\":[\"https:\/\/municipales.org.ar\/festram\/16o-seminario-para-el-analisis-de-la-nueva-estrategia-sindical-para-el-ano-2015\/\"]}]},{\"@type\":\"ImageObject\",\"inLanguage\":\"es\",\"@id\":\"https:\/\/municipales.org.ar\/festram\/16o-seminario-para-el-analisis-de-la-nueva-estrategia-sindical-para-el-ano-2015\/#primaryimage\",\"url\":\"https:\/\/municipales.org.ar\/festram\/wp-content\/uploads\/2014\/11\/cartel.jpg\",\"contentUrl\":\"https:\/\/municipales.org.ar\/festram\/wp-content\/uploads\/2014\/11\/cartel.jpg\",\"width\":746,\"height\":347},{\"@type\":\"BreadcrumbList\",\"@id\":\"https:\/\/municipales.org.ar\/festram\/16o-seminario-para-el-analisis-de-la-nueva-estrategia-sindical-para-el-ano-2015\/#breadcrumb\",\"itemListElement\":[{\"@type\":\"ListItem\",\"position\":1,\"name\":\"Portada\",\"item\":\"https:\/\/municipales.org.ar\/festram\/\"},{\"@type\":\"ListItem\",\"position\":2,\"name\":\"16\u00ba Seminario para el An\u00e1lisis de la Nueva Estrategia Sindical para el a\u00f1o 2015\"}]},{\"@type\":\"WebSite\",\"@id\":\"https:\/\/municipales.org.ar\/festram\/#website\",\"url\":\"https:\/\/municipales.org.ar\/festram\/\",\"name\":\"FESTRAM\",\"description\":\"La web de los trabajadores municipales\",\"publisher\":{\"@id\":\"https:\/\/municipales.org.ar\/festram\/#organization\"},\"potentialAction\":[{\"@type\":\"SearchAction\",\"target\":{\"@type\":\"EntryPoint\",\"urlTemplate\":\"https:\/\/municipales.org.ar\/festram\/?s={search_term_string}\"},\"query-input\":{\"@type\":\"PropertyValueSpecification\",\"valueRequired\":true,\"valueName\":\"search_term_string\"}}],\"inLanguage\":\"es\"},{\"@type\":\"Organization\",\"@id\":\"https:\/\/municipales.org.ar\/festram\/#organization\",\"name\":\"Federaci\u00f3n de Sindicatos de Trabajadores Municipales de la Provincia de Santa Fe\",\"url\":\"https:\/\/municipales.org.ar\/festram\/\",\"logo\":{\"@type\":\"ImageObject\",\"inLanguage\":\"es\",\"@id\":\"https:\/\/municipales.org.ar\/festram\/#\/schema\/logo\/image\/\",\"url\":\"https:\/\/www.municipales.org.ar\/festram\/wp-content\/uploads\/2014\/07\/logo_fes.jpg\",\"contentUrl\":\"https:\/\/www.municipales.org.ar\/festram\/wp-content\/uploads\/2014\/07\/logo_fes.jpg\",\"width\":661,\"height\":673,\"caption\":\"Federaci\u00f3n de Sindicatos de Trabajadores Municipales de la Provincia de Santa Fe\"},\"image\":{\"@id\":\"https:\/\/municipales.org.ar\/festram\/#\/schema\/logo\/image\/\"},\"sameAs\":[\"https:\/\/www.facebook.com\/MunicipalesSF\",\"https:\/\/x.com\/MunicipalesSF\",\"https:\/\/www.youtube.com\/user\/festram\"]},{\"@type\":\"Person\",\"@id\":\"https:\/\/municipales.org.ar\/festram\/#\/schema\/person\/49096a774c48ce9063df4d59ec059f9e\",\"name\":\"mun_admin\"}]}<\/script>\n<!-- \/ Yoast SEO plugin. -->","yoast_head_json":{"title":"16\u00ba Seminario para el An\u00e1lisis de la Nueva Estrategia Sindical para el a\u00f1o 2015 &#8211; FESTRAM","description":"Desde el 18 al 20 de Noviembre, y con la participaci\u00f3n de los 43 Sindicatos nucleados en FESTRAM, se realiza en la Colonia de Vacaciones del Sindicato de Trabajadores Municipales de Rosario, el Seminario que organiza nuestra Federaci\u00f3n todos los a\u00f1os para debatir entre todos, la estrategia sindical del sector de cara al pr\u00f3ximo a\u00f1o","robots":{"index":"index","follow":"follow","max-snippet":"max-snippet:-1","max-image-preview":"max-image-preview:large","max-video-preview":"max-video-preview:-1"},"canonical":"https:\/\/municipales.org.ar\/festram\/16o-seminario-para-el-analisis-de-la-nueva-estrategia-sindical-para-el-ano-2015\/","og_locale":"es_ES","og_type":"article","og_title":"16\u00ba Seminario para el An\u00e1lisis de la Nueva Estrategia Sindical para el a\u00f1o 2015 &#8211; FESTRAM","og_description":"Desde el 18 al 20 de Noviembre, y con la participaci\u00f3n de los 43 Sindicatos nucleados en FESTRAM, se realiza en la Colonia de Vacaciones del Sindicato de Trabajadores Municipales de Rosario, el Seminario que organiza nuestra Federaci\u00f3n todos los a\u00f1os para debatir entre todos, la estrategia sindical del sector de cara al pr\u00f3ximo a\u00f1o","og_url":"https:\/\/municipales.org.ar\/festram\/16o-seminario-para-el-analisis-de-la-nueva-estrategia-sindical-para-el-ano-2015\/","og_site_name":"FESTRAM","article_publisher":"https:\/\/www.facebook.com\/MunicipalesSF","article_published_time":"2014-11-17T16:09:11+00:00","og_image":[{"width":746,"height":347,"url":"https:\/\/municipales.org.ar\/festram\/wp-content\/uploads\/2014\/11\/cartel.jpg","type":"image\/jpeg"}],"author":"mun_admin","twitter_card":"summary_large_image","twitter_creator":"@MunicipalesSF","twitter_site":"@MunicipalesSF","twitter_misc":{"Escrito por":"mun_admin","Tiempo de lectura":"4 minutos"},"schema":{"@context":"https:\/\/schema.org","@graph":[{"@type":"Article","@id":"https:\/\/municipales.org.ar\/festram\/16o-seminario-para-el-analisis-de-la-nueva-estrategia-sindical-para-el-ano-2015\/#article","isPartOf":{"@id":"https:\/\/municipales.org.ar\/festram\/16o-seminario-para-el-analisis-de-la-nueva-estrategia-sindical-para-el-ano-2015\/"},"author":{"name":"mun_admin","@id":"https:\/\/municipales.org.ar\/festram\/#\/schema\/person\/49096a774c48ce9063df4d59ec059f9e"},"headline":"16\u00ba Seminario para el An\u00e1lisis de la Nueva Estrategia Sindical para el a\u00f1o 2015","datePublished":"2014-11-17T16:09:11+00:00","mainEntityOfPage":{"@id":"https:\/\/municipales.org.ar\/festram\/16o-seminario-para-el-analisis-de-la-nueva-estrategia-sindical-para-el-ano-2015\/"},"wordCount":843,"publisher":{"@id":"https:\/\/municipales.org.ar\/festram\/#organization"},"image":{"@id":"https:\/\/municipales.org.ar\/festram\/16o-seminario-para-el-analisis-de-la-nueva-estrategia-sindical-para-el-ano-2015\/#primaryimage"},"thumbnailUrl":"https:\/\/municipales.org.ar\/festram\/wp-content\/uploads\/2014\/11\/cartel.jpg","articleSection":["Seminarios y Actividades"],"inLanguage":"es"},{"@type":"WebPage","@id":"https:\/\/municipales.org.ar\/festram\/16o-seminario-para-el-analisis-de-la-nueva-estrategia-sindical-para-el-ano-2015\/","url":"https:\/\/municipales.org.ar\/festram\/16o-seminario-para-el-analisis-de-la-nueva-estrategia-sindical-para-el-ano-2015\/","name":"16\u00ba Seminario para el An\u00e1lisis de la Nueva Estrategia Sindical para el a\u00f1o 2015 &#8211; FESTRAM","isPartOf":{"@id":"https:\/\/municipales.org.ar\/festram\/#website"},"primaryImageOfPage":{"@id":"https:\/\/municipales.org.ar\/festram\/16o-seminario-para-el-analisis-de-la-nueva-estrategia-sindical-para-el-ano-2015\/#primaryimage"},"image":{"@id":"https:\/\/municipales.org.ar\/festram\/16o-seminario-para-el-analisis-de-la-nueva-estrategia-sindical-para-el-ano-2015\/#primaryimage"},"thumbnailUrl":"https:\/\/municipales.org.ar\/festram\/wp-content\/uploads\/2014\/11\/cartel.jpg","datePublished":"2014-11-17T16:09:11+00:00","description":"Desde el 18 al 20 de Noviembre, y con la participaci\u00f3n de los 43 Sindicatos nucleados en FESTRAM, se realiza en la Colonia de Vacaciones del Sindicato de Trabajadores Municipales de Rosario, el Seminario que organiza nuestra Federaci\u00f3n todos los a\u00f1os para debatir entre todos, la estrategia sindical del sector de cara al pr\u00f3ximo a\u00f1o","breadcrumb":{"@id":"https:\/\/municipales.org.ar\/festram\/16o-seminario-para-el-analisis-de-la-nueva-estrategia-sindical-para-el-ano-2015\/#breadcrumb"},"inLanguage":"es","potentialAction":[{"@type":"ReadAction","target":["https:\/\/municipales.org.ar\/festram\/16o-seminario-para-el-analisis-de-la-nueva-estrategia-sindical-para-el-ano-2015\/"]}]},{"@type":"ImageObject","inLanguage":"es","@id":"https:\/\/municipales.org.ar\/festram\/16o-seminario-para-el-analisis-de-la-nueva-estrategia-sindical-para-el-ano-2015\/#primaryimage","url":"https:\/\/municipales.org.ar\/festram\/wp-content\/uploads\/2014\/11\/cartel.jpg","contentUrl":"https:\/\/municipales.org.ar\/festram\/wp-content\/uploads\/2014\/11\/cartel.jpg","width":746,"height":347},{"@type":"BreadcrumbList","@id":"https:\/\/municipales.org.ar\/festram\/16o-seminario-para-el-analisis-de-la-nueva-estrategia-sindical-para-el-ano-2015\/#breadcrumb","itemListElement":[{"@type":"ListItem","position":1,"name":"Portada","item":"https:\/\/municipales.org.ar\/festram\/"},{"@type":"ListItem","position":2,"name":"16\u00ba Seminario para el An\u00e1lisis de la Nueva Estrategia Sindical para el a\u00f1o 2015"}]},{"@type":"WebSite","@id":"https:\/\/municipales.org.ar\/festram\/#website","url":"https:\/\/municipales.org.ar\/festram\/","name":"FESTRAM","description":"La web de los trabajadores municipales","publisher":{"@id":"https:\/\/municipales.org.ar\/festram\/#organization"},"potentialAction":[{"@type":"SearchAction","target":{"@type":"EntryPoint","urlTemplate":"https:\/\/municipales.org.ar\/festram\/?s={search_term_string}"},"query-input":{"@type":"PropertyValueSpecification","valueRequired":true,"valueName":"search_term_string"}}],"inLanguage":"es"},{"@type":"Organization","@id":"https:\/\/municipales.org.ar\/festram\/#organization","name":"Federaci\u00f3n de Sindicatos de Trabajadores Municipales de la Provincia de Santa Fe","url":"https:\/\/municipales.org.ar\/festram\/","logo":{"@type":"ImageObject","inLanguage":"es","@id":"https:\/\/municipales.org.ar\/festram\/#\/schema\/logo\/image\/","url":"https:\/\/www.municipales.org.ar\/festram\/wp-content\/uploads\/2014\/07\/logo_fes.jpg","contentUrl":"https:\/\/www.municipales.org.ar\/festram\/wp-content\/uploads\/2014\/07\/logo_fes.jpg","width":661,"height":673,"caption":"Federaci\u00f3n de Sindicatos de Trabajadores Municipales de la Provincia de Santa Fe"},"image":{"@id":"https:\/\/municipales.org.ar\/festram\/#\/schema\/logo\/image\/"},"sameAs":["https:\/\/www.facebook.com\/MunicipalesSF","https:\/\/x.com\/MunicipalesSF","https:\/\/www.youtube.com\/user\/festram"]},{"@type":"Person","@id":"https:\/\/municipales.org.ar\/festram\/#\/schema\/person\/49096a774c48ce9063df4d59ec059f9e","name":"mun_admin"}]}},"jetpack_publicize_connections":[],"jetpack_featured_media_url":"https:\/\/municipales.org.ar\/festram\/wp-content\/uploads\/2014\/11\/cartel.jpg","jetpack_sharing_enabled":true,"jetpack_likes_enabled":false,"jetpack_shortlink":"https:\/\/wp.me\/p7l4x1-2Cx","_links":{"self":[{"href":"https:\/\/municipales.org.ar\/festram\/wp-json\/wp\/v2\/posts\/10077","targetHints":{"allow":["GET"]}}],"collection":[{"href":"https:\/\/municipales.org.ar\/festram\/wp-json\/wp\/v2\/posts"}],"about":[{"href":"https:\/\/municipales.org.ar\/festram\/wp-json\/wp\/v2\/types\/post"}],"author":[{"embeddable":true,"href":"https:\/\/municipales.org.ar\/festram\/wp-json\/wp\/v2\/users\/1"}],"replies":[{"embeddable":true,"href":"https:\/\/municipales.org.ar\/festram\/wp-json\/wp\/v2\/comments?post=10077"}],"version-history":[{"count":2,"href":"https:\/\/municipales.org.ar\/festram\/wp-json\/wp\/v2\/posts\/10077\/revisions"}],"predecessor-version":[{"id":10080,"href":"https:\/\/municipales.org.ar\/festram\/wp-json\/wp\/v2\/posts\/10077\/revisions\/10080"}],"wp:featuredmedia":[{"embeddable":true,"href":"https:\/\/municipales.org.ar\/festram\/wp-json\/wp\/v2\/media\/10078"}],"wp:attachment":[{"href":"https:\/\/municipales.org.ar\/festram\/wp-json\/wp\/v2\/media?parent=10077"}],"wp:term":[{"taxonomy":"category","embeddable":true,"href":"https:\/\/municipales.org.ar\/festram\/wp-json\/wp\/v2\/categories?post=10077"},{"taxonomy":"post_tag","embeddable":true,"href":"https:\/\/municipales.org.ar\/festram\/wp-json\/wp\/v2\/tags?post=10077"}],"curies":[{"name":"wp","href":"https:\/\/api.w.org\/{rel}","templated":true}]}}