{"id":1027,"date":"2012-03-27T16:29:25","date_gmt":"2012-03-27T19:29:25","guid":{"rendered":"http:\/\/festram.dyndns.org\/festram\/?p=1027"},"modified":"2016-03-07T14:43:54","modified_gmt":"2016-03-07T17:43:54","slug":"festram-solicito-a-bonfatti-el-aumento-de-las-asignaciones-familiares","status":"publish","type":"post","link":"https:\/\/municipales.org.ar\/festram\/festram-solicito-a-bonfatti-el-aumento-de-las-asignaciones-familiares\/","title":{"rendered":"FESTRAM solicit\u00f3 a Bonfatti el aumento de las asignaciones familiares"},"content":{"rendered":"<p><strong>La entidad sindical reclama un incremento similar al otorgado por el Gobierno Nacional y cuya \u00faltima actualizaci\u00f3n fue realizada hace m\u00e1s de un a\u00f1o.<\/strong><\/p>\n<h6><\/h6>\n<h6>COMUNICADO DE PRENSA OFICIAL<\/h6>\n<p>La Federaci\u00f3n de Sindicatos Municipales de la Provincia de Santa Fe, envi\u00f3 una nota al Gobernador Dr. Antonio Bonfatti para que se reformulen los montos de las Asignaciones Familiares y se equiparen a los valores determinados por el Gobierno Nacional.<\/p>\n<p>Las Municipalidades y Comunas, se encuentran regidas por Ley Provincial N 9.290, por lo que su actualizaci\u00f3n depende de un Decreto del Poder Ejecutivo. Esta \u00faltima actualizaci\u00f3n parcial de las prestaciones enunciadas fue realizada el 31 de Agosto de 2010, por Decreto Provincial 1595\/10, hoy nos encontramos a m\u00e1s de un a\u00f1o de dicho incremento. Por lo tanto los montos resultan bajos en comparaci\u00f3n con la calidad de vida y condiciones en alza que el movimiento obrero procura.<\/p>\n<p>FESTRAM no duda que en la brevedad se obtendr\u00e1n respuestas positivas, pues lo contrario dejar\u00eda, no solo a los trabajadores municipales sino a la totalidad del sector p\u00fablico provincial, en una clara situaci\u00f3n discriminatoria con relaci\u00f3n al resto de los trabajadores alcanzados por la decisi\u00f3n del Gobierno Nacional.<\/p>\n<p>Las Asignaciones Familiares son prestaciones que integralmente se constituyen como un Derecho Universal que debe tener igual tratamiento respecto al conjunto de los trabajadores sean estos estatales o privados.<\/p>\n<pre>Felipe Baptista\r\nSecretario de Actas y Administraci\u00f3n<\/pre>\n","protected":false},"excerpt":{"rendered":"<p>La entidad sindical reclama un incremento similar al otorgado por el Gobierno Nacional y cuya \u00faltima actualizaci\u00f3n fue realizada hace m\u00e1s de un a\u00f1o.<\/p>\n","protected":false},"author":4,"featured_media":9058,"comment_status":"closed","ping_status":"closed","sticky":false,"template":"","format":"standard","meta":{"_jetpack_memberships_contains_paid_content":false,"footnotes":"","jetpack_publicize_message":"","jetpack_publicize_feature_enabled":true,"jetpack_social_post_already_shared":false,"jetpack_social_options":{"image_generator_settings":{"template":"highway","default_image_id":0,"font":"","enabled":false},"version":2}},"categories":[125,60],"tags":[73],"class_list":["post-1027","post","type-post","status-publish","format-standard","has-post-thumbnail","hentry","category-mas-antiguos","category-salarios-mas-notas","tag-asignaciones-familiares"],"yoast_head":"<!-- This site is optimized with the Yoast SEO plugin v25.9 - https:\/\/yoast.com\/wordpress\/plugins\/seo\/ -->\n<title>FESTRAM solicit\u00f3 a Bonfatti el aumento de las asignaciones familiares &#8211; FESTRAM<\/title>\n<meta name=\"description\" content=\"La entidad sindical reclama un incremento similar al otorgado por el Gobierno Nacional y cuya \u00faltima actualizaci\u00f3n fue realizada hace m\u00e1s de un a\u00f1o.\" \/>\n<meta name=\"robots\" content=\"index, follow, max-snippet:-1, max-image-preview:large, max-video-preview:-1\" \/>\n<link rel=\"canonical\" href=\"https:\/\/municipales.org.ar\/festram\/festram-solicito-a-bonfatti-el-aumento-de-las-asignaciones-familiares\/\" \/>\n<meta property=\"og:locale\" content=\"es_ES\" \/>\n<meta property=\"og:type\" content=\"article\" \/>\n<meta property=\"og:title\" content=\"FESTRAM solicit\u00f3 a Bonfatti el aumento de las asignaciones familiares &#8211; FESTRAM\" \/>\n<meta property=\"og:description\" content=\"La entidad sindical reclama un incremento similar al otorgado por el Gobierno Nacional y cuya \u00faltima actualizaci\u00f3n fue realizada hace m\u00e1s de un a\u00f1o.\" \/>\n<meta property=\"og:url\" content=\"https:\/\/municipales.org.ar\/festram\/festram-solicito-a-bonfatti-el-aumento-de-las-asignaciones-familiares\/\" \/>\n<meta property=\"og:site_name\" content=\"FESTRAM\" \/>\n<meta property=\"article:publisher\" content=\"https:\/\/www.facebook.com\/MunicipalesSF\" \/>\n<meta property=\"article:published_time\" content=\"2012-03-27T19:29:25+00:00\" \/>\n<meta property=\"article:modified_time\" content=\"2016-03-07T17:43:54+00:00\" \/>\n<meta property=\"og:image\" content=\"https:\/\/municipales.org.ar\/festram\/wp-content\/uploads\/2012\/03\/Bonfatti-en-la-legislatura.jpg\" \/>\n\t<meta property=\"og:image:width\" content=\"1000\" \/>\n\t<meta property=\"og:image:height\" content=\"650\" \/>\n\t<meta property=\"og:image:type\" content=\"image\/jpeg\" \/>\n<meta name=\"author\" content=\"wp_admin\" \/>\n<meta name=\"twitter:card\" content=\"summary_large_image\" \/>\n<meta name=\"twitter:creator\" content=\"@MunicipalesSF\" \/>\n<meta name=\"twitter:site\" content=\"@MunicipalesSF\" \/>\n<meta name=\"twitter:label1\" content=\"Escrito por\" \/>\n\t<meta name=\"twitter:data1\" content=\"wp_admin\" \/>\n\t<meta name=\"twitter:label2\" content=\"Tiempo de lectura\" \/>\n\t<meta name=\"twitter:data2\" content=\"1 minuto\" \/>\n<script type=\"application\/ld+json\" class=\"yoast-schema-graph\">{\"@context\":\"https:\/\/schema.org\",\"@graph\":[{\"@type\":\"Article\",\"@id\":\"https:\/\/municipales.org.ar\/festram\/festram-solicito-a-bonfatti-el-aumento-de-las-asignaciones-familiares\/#article\",\"isPartOf\":{\"@id\":\"https:\/\/municipales.org.ar\/festram\/festram-solicito-a-bonfatti-el-aumento-de-las-asignaciones-familiares\/\"},\"author\":{\"name\":\"wp_admin\",\"@id\":\"https:\/\/municipales.org.ar\/festram\/#\/schema\/person\/bfcbda16ea802e17decda561ec6e62d3\"},\"headline\":\"FESTRAM solicit\u00f3 a Bonfatti el aumento de las asignaciones familiares\",\"datePublished\":\"2012-03-27T19:29:25+00:00\",\"dateModified\":\"2016-03-07T17:43:54+00:00\",\"mainEntityOfPage\":{\"@id\":\"https:\/\/municipales.org.ar\/festram\/festram-solicito-a-bonfatti-el-aumento-de-las-asignaciones-familiares\/\"},\"wordCount\":244,\"publisher\":{\"@id\":\"https:\/\/municipales.org.ar\/festram\/#organization\"},\"image\":{\"@id\":\"https:\/\/municipales.org.ar\/festram\/festram-solicito-a-bonfatti-el-aumento-de-las-asignaciones-familiares\/#primaryimage\"},\"thumbnailUrl\":\"https:\/\/municipales.org.ar\/festram\/wp-content\/uploads\/2012\/03\/Bonfatti-en-la-legislatura.jpg\",\"keywords\":[\"asignaciones familiares\"],\"articleSection\":[\"M\u00e1s Antiguos\",\"Salarios M\u00e1s Notas\"],\"inLanguage\":\"es\"},{\"@type\":\"WebPage\",\"@id\":\"https:\/\/municipales.org.ar\/festram\/festram-solicito-a-bonfatti-el-aumento-de-las-asignaciones-familiares\/\",\"url\":\"https:\/\/municipales.org.ar\/festram\/festram-solicito-a-bonfatti-el-aumento-de-las-asignaciones-familiares\/\",\"name\":\"FESTRAM solicit\u00f3 a Bonfatti el aumento de las asignaciones familiares &#8211; FESTRAM\",\"isPartOf\":{\"@id\":\"https:\/\/municipales.org.ar\/festram\/#website\"},\"primaryImageOfPage\":{\"@id\":\"https:\/\/municipales.org.ar\/festram\/festram-solicito-a-bonfatti-el-aumento-de-las-asignaciones-familiares\/#primaryimage\"},\"image\":{\"@id\":\"https:\/\/municipales.org.ar\/festram\/festram-solicito-a-bonfatti-el-aumento-de-las-asignaciones-familiares\/#primaryimage\"},\"thumbnailUrl\":\"https:\/\/municipales.org.ar\/festram\/wp-content\/uploads\/2012\/03\/Bonfatti-en-la-legislatura.jpg\",\"datePublished\":\"2012-03-27T19:29:25+00:00\",\"dateModified\":\"2016-03-07T17:43:54+00:00\",\"description\":\"La entidad sindical reclama un incremento similar al otorgado por el Gobierno Nacional y cuya \u00faltima actualizaci\u00f3n fue realizada hace m\u00e1s de un a\u00f1o.\",\"breadcrumb\":{\"@id\":\"https:\/\/municipales.org.ar\/festram\/festram-solicito-a-bonfatti-el-aumento-de-las-asignaciones-familiares\/#breadcrumb\"},\"inLanguage\":\"es\",\"potentialAction\":[{\"@type\":\"ReadAction\",\"target\":[\"https:\/\/municipales.org.ar\/festram\/festram-solicito-a-bonfatti-el-aumento-de-las-asignaciones-familiares\/\"]}]},{\"@type\":\"ImageObject\",\"inLanguage\":\"es\",\"@id\":\"https:\/\/municipales.org.ar\/festram\/festram-solicito-a-bonfatti-el-aumento-de-las-asignaciones-familiares\/#primaryimage\",\"url\":\"https:\/\/municipales.org.ar\/festram\/wp-content\/uploads\/2012\/03\/Bonfatti-en-la-legislatura.jpg\",\"contentUrl\":\"https:\/\/municipales.org.ar\/festram\/wp-content\/uploads\/2012\/03\/Bonfatti-en-la-legislatura.jpg\",\"width\":1000,\"height\":650},{\"@type\":\"BreadcrumbList\",\"@id\":\"https:\/\/municipales.org.ar\/festram\/festram-solicito-a-bonfatti-el-aumento-de-las-asignaciones-familiares\/#breadcrumb\",\"itemListElement\":[{\"@type\":\"ListItem\",\"position\":1,\"name\":\"Portada\",\"item\":\"https:\/\/municipales.org.ar\/festram\/\"},{\"@type\":\"ListItem\",\"position\":2,\"name\":\"FESTRAM solicit\u00f3 a Bonfatti el aumento de las asignaciones familiares\"}]},{\"@type\":\"WebSite\",\"@id\":\"https:\/\/municipales.org.ar\/festram\/#website\",\"url\":\"https:\/\/municipales.org.ar\/festram\/\",\"name\":\"FESTRAM\",\"description\":\"La web de los trabajadores municipales\",\"publisher\":{\"@id\":\"https:\/\/municipales.org.ar\/festram\/#organization\"},\"potentialAction\":[{\"@type\":\"SearchAction\",\"target\":{\"@type\":\"EntryPoint\",\"urlTemplate\":\"https:\/\/municipales.org.ar\/festram\/?s={search_term_string}\"},\"query-input\":{\"@type\":\"PropertyValueSpecification\",\"valueRequired\":true,\"valueName\":\"search_term_string\"}}],\"inLanguage\":\"es\"},{\"@type\":\"Organization\",\"@id\":\"https:\/\/municipales.org.ar\/festram\/#organization\",\"name\":\"Federaci\u00f3n de Sindicatos de Trabajadores Municipales de la Provincia de Santa Fe\",\"url\":\"https:\/\/municipales.org.ar\/festram\/\",\"logo\":{\"@type\":\"ImageObject\",\"inLanguage\":\"es\",\"@id\":\"https:\/\/municipales.org.ar\/festram\/#\/schema\/logo\/image\/\",\"url\":\"https:\/\/www.municipales.org.ar\/festram\/wp-content\/uploads\/2014\/07\/logo_fes.jpg\",\"contentUrl\":\"https:\/\/www.municipales.org.ar\/festram\/wp-content\/uploads\/2014\/07\/logo_fes.jpg\",\"width\":661,\"height\":673,\"caption\":\"Federaci\u00f3n de Sindicatos de Trabajadores Municipales de la Provincia de Santa Fe\"},\"image\":{\"@id\":\"https:\/\/municipales.org.ar\/festram\/#\/schema\/logo\/image\/\"},\"sameAs\":[\"https:\/\/www.facebook.com\/MunicipalesSF\",\"https:\/\/x.com\/MunicipalesSF\",\"https:\/\/www.youtube.com\/user\/festram\"]},{\"@type\":\"Person\",\"@id\":\"https:\/\/municipales.org.ar\/festram\/#\/schema\/person\/bfcbda16ea802e17decda561ec6e62d3\",\"name\":\"wp_admin\"}]}<\/script>\n<!-- \/ Yoast SEO plugin. -->","yoast_head_json":{"title":"FESTRAM solicit\u00f3 a Bonfatti el aumento de las asignaciones familiares &#8211; FESTRAM","description":"La entidad sindical reclama un incremento similar al otorgado por el Gobierno Nacional y cuya \u00faltima actualizaci\u00f3n fue realizada hace m\u00e1s de un a\u00f1o.","robots":{"index":"index","follow":"follow","max-snippet":"max-snippet:-1","max-image-preview":"max-image-preview:large","max-video-preview":"max-video-preview:-1"},"canonical":"https:\/\/municipales.org.ar\/festram\/festram-solicito-a-bonfatti-el-aumento-de-las-asignaciones-familiares\/","og_locale":"es_ES","og_type":"article","og_title":"FESTRAM solicit\u00f3 a Bonfatti el aumento de las asignaciones familiares &#8211; FESTRAM","og_description":"La entidad sindical reclama un incremento similar al otorgado por el Gobierno Nacional y cuya \u00faltima actualizaci\u00f3n fue realizada hace m\u00e1s de un a\u00f1o.","og_url":"https:\/\/municipales.org.ar\/festram\/festram-solicito-a-bonfatti-el-aumento-de-las-asignaciones-familiares\/","og_site_name":"FESTRAM","article_publisher":"https:\/\/www.facebook.com\/MunicipalesSF","article_published_time":"2012-03-27T19:29:25+00:00","article_modified_time":"2016-03-07T17:43:54+00:00","og_image":[{"width":1000,"height":650,"url":"https:\/\/municipales.org.ar\/festram\/wp-content\/uploads\/2012\/03\/Bonfatti-en-la-legislatura.jpg","type":"image\/jpeg"}],"author":"wp_admin","twitter_card":"summary_large_image","twitter_creator":"@MunicipalesSF","twitter_site":"@MunicipalesSF","twitter_misc":{"Escrito por":"wp_admin","Tiempo de lectura":"1 minuto"},"schema":{"@context":"https:\/\/schema.org","@graph":[{"@type":"Article","@id":"https:\/\/municipales.org.ar\/festram\/festram-solicito-a-bonfatti-el-aumento-de-las-asignaciones-familiares\/#article","isPartOf":{"@id":"https:\/\/municipales.org.ar\/festram\/festram-solicito-a-bonfatti-el-aumento-de-las-asignaciones-familiares\/"},"author":{"name":"wp_admin","@id":"https:\/\/municipales.org.ar\/festram\/#\/schema\/person\/bfcbda16ea802e17decda561ec6e62d3"},"headline":"FESTRAM solicit\u00f3 a Bonfatti el aumento de las asignaciones familiares","datePublished":"2012-03-27T19:29:25+00:00","dateModified":"2016-03-07T17:43:54+00:00","mainEntityOfPage":{"@id":"https:\/\/municipales.org.ar\/festram\/festram-solicito-a-bonfatti-el-aumento-de-las-asignaciones-familiares\/"},"wordCount":244,"publisher":{"@id":"https:\/\/municipales.org.ar\/festram\/#organization"},"image":{"@id":"https:\/\/municipales.org.ar\/festram\/festram-solicito-a-bonfatti-el-aumento-de-las-asignaciones-familiares\/#primaryimage"},"thumbnailUrl":"https:\/\/municipales.org.ar\/festram\/wp-content\/uploads\/2012\/03\/Bonfatti-en-la-legislatura.jpg","keywords":["asignaciones familiares"],"articleSection":["M\u00e1s Antiguos","Salarios M\u00e1s Notas"],"inLanguage":"es"},{"@type":"WebPage","@id":"https:\/\/municipales.org.ar\/festram\/festram-solicito-a-bonfatti-el-aumento-de-las-asignaciones-familiares\/","url":"https:\/\/municipales.org.ar\/festram\/festram-solicito-a-bonfatti-el-aumento-de-las-asignaciones-familiares\/","name":"FESTRAM solicit\u00f3 a Bonfatti el aumento de las asignaciones familiares &#8211; FESTRAM","isPartOf":{"@id":"https:\/\/municipales.org.ar\/festram\/#website"},"primaryImageOfPage":{"@id":"https:\/\/municipales.org.ar\/festram\/festram-solicito-a-bonfatti-el-aumento-de-las-asignaciones-familiares\/#primaryimage"},"image":{"@id":"https:\/\/municipales.org.ar\/festram\/festram-solicito-a-bonfatti-el-aumento-de-las-asignaciones-familiares\/#primaryimage"},"thumbnailUrl":"https:\/\/municipales.org.ar\/festram\/wp-content\/uploads\/2012\/03\/Bonfatti-en-la-legislatura.jpg","datePublished":"2012-03-27T19:29:25+00:00","dateModified":"2016-03-07T17:43:54+00:00","description":"La entidad sindical reclama un incremento similar al otorgado por el Gobierno Nacional y cuya \u00faltima actualizaci\u00f3n fue realizada hace m\u00e1s de un a\u00f1o.","breadcrumb":{"@id":"https:\/\/municipales.org.ar\/festram\/festram-solicito-a-bonfatti-el-aumento-de-las-asignaciones-familiares\/#breadcrumb"},"inLanguage":"es","potentialAction":[{"@type":"ReadAction","target":["https:\/\/municipales.org.ar\/festram\/festram-solicito-a-bonfatti-el-aumento-de-las-asignaciones-familiares\/"]}]},{"@type":"ImageObject","inLanguage":"es","@id":"https:\/\/municipales.org.ar\/festram\/festram-solicito-a-bonfatti-el-aumento-de-las-asignaciones-familiares\/#primaryimage","url":"https:\/\/municipales.org.ar\/festram\/wp-content\/uploads\/2012\/03\/Bonfatti-en-la-legislatura.jpg","contentUrl":"https:\/\/municipales.org.ar\/festram\/wp-content\/uploads\/2012\/03\/Bonfatti-en-la-legislatura.jpg","width":1000,"height":650},{"@type":"BreadcrumbList","@id":"https:\/\/municipales.org.ar\/festram\/festram-solicito-a-bonfatti-el-aumento-de-las-asignaciones-familiares\/#breadcrumb","itemListElement":[{"@type":"ListItem","position":1,"name":"Portada","item":"https:\/\/municipales.org.ar\/festram\/"},{"@type":"ListItem","position":2,"name":"FESTRAM solicit\u00f3 a Bonfatti el aumento de las asignaciones familiares"}]},{"@type":"WebSite","@id":"https:\/\/municipales.org.ar\/festram\/#website","url":"https:\/\/municipales.org.ar\/festram\/","name":"FESTRAM","description":"La web de los trabajadores municipales","publisher":{"@id":"https:\/\/municipales.org.ar\/festram\/#organization"},"potentialAction":[{"@type":"SearchAction","target":{"@type":"EntryPoint","urlTemplate":"https:\/\/municipales.org.ar\/festram\/?s={search_term_string}"},"query-input":{"@type":"PropertyValueSpecification","valueRequired":true,"valueName":"search_term_string"}}],"inLanguage":"es"},{"@type":"Organization","@id":"https:\/\/municipales.org.ar\/festram\/#organization","name":"Federaci\u00f3n de Sindicatos de Trabajadores Municipales de la Provincia de Santa Fe","url":"https:\/\/municipales.org.ar\/festram\/","logo":{"@type":"ImageObject","inLanguage":"es","@id":"https:\/\/municipales.org.ar\/festram\/#\/schema\/logo\/image\/","url":"https:\/\/www.municipales.org.ar\/festram\/wp-content\/uploads\/2014\/07\/logo_fes.jpg","contentUrl":"https:\/\/www.municipales.org.ar\/festram\/wp-content\/uploads\/2014\/07\/logo_fes.jpg","width":661,"height":673,"caption":"Federaci\u00f3n de Sindicatos de Trabajadores Municipales de la Provincia de Santa Fe"},"image":{"@id":"https:\/\/municipales.org.ar\/festram\/#\/schema\/logo\/image\/"},"sameAs":["https:\/\/www.facebook.com\/MunicipalesSF","https:\/\/x.com\/MunicipalesSF","https:\/\/www.youtube.com\/user\/festram"]},{"@type":"Person","@id":"https:\/\/municipales.org.ar\/festram\/#\/schema\/person\/bfcbda16ea802e17decda561ec6e62d3","name":"wp_admin"}]}},"jetpack_publicize_connections":[],"jetpack_featured_media_url":"https:\/\/municipales.org.ar\/festram\/wp-content\/uploads\/2012\/03\/Bonfatti-en-la-legislatura.jpg","jetpack_sharing_enabled":true,"jetpack_likes_enabled":false,"jetpack_shortlink":"https:\/\/wp.me\/p7l4x1-gz","_links":{"self":[{"href":"https:\/\/municipales.org.ar\/festram\/wp-json\/wp\/v2\/posts\/1027","targetHints":{"allow":["GET"]}}],"collection":[{"href":"https:\/\/municipales.org.ar\/festram\/wp-json\/wp\/v2\/posts"}],"about":[{"href":"https:\/\/municipales.org.ar\/festram\/wp-json\/wp\/v2\/types\/post"}],"author":[{"embeddable":true,"href":"https:\/\/municipales.org.ar\/festram\/wp-json\/wp\/v2\/users\/4"}],"replies":[{"embeddable":true,"href":"https:\/\/municipales.org.ar\/festram\/wp-json\/wp\/v2\/comments?post=1027"}],"version-history":[{"count":2,"href":"https:\/\/municipales.org.ar\/festram\/wp-json\/wp\/v2\/posts\/1027\/revisions"}],"predecessor-version":[{"id":9059,"href":"https:\/\/municipales.org.ar\/festram\/wp-json\/wp\/v2\/posts\/1027\/revisions\/9059"}],"wp:featuredmedia":[{"embeddable":true,"href":"https:\/\/municipales.org.ar\/festram\/wp-json\/wp\/v2\/media\/9058"}],"wp:attachment":[{"href":"https:\/\/municipales.org.ar\/festram\/wp-json\/wp\/v2\/media?parent=1027"}],"wp:term":[{"taxonomy":"category","embeddable":true,"href":"https:\/\/municipales.org.ar\/festram\/wp-json\/wp\/v2\/categories?post=1027"},{"taxonomy":"post_tag","embeddable":true,"href":"https:\/\/municipales.org.ar\/festram\/wp-json\/wp\/v2\/tags?post=1027"}],"curies":[{"name":"wp","href":"https:\/\/api.w.org\/{rel}","templated":true}]}}