{"id":10300,"date":"2015-07-10T13:33:07","date_gmt":"2015-07-10T16:33:07","guid":{"rendered":"http:\/\/municipales.org.ar\/festram\/?p=10300"},"modified":"2015-07-10T13:33:07","modified_gmt":"2015-07-10T16:33:07","slug":"reunion-de-la-red-de-mujeres","status":"publish","type":"post","link":"https:\/\/municipales.org.ar\/festram\/reunion-de-la-red-de-mujeres\/","title":{"rendered":"Reuni\u00f3n de la Red de Mujeres"},"content":{"rendered":"<p>Estimadas Compa\u00f1eras:<\/p>\n<p>El mi\u00e9rcoles 8 de julio pasado, en la sede de FESTRAM Santa Fe, nos reunimos un grupo de Mujeres de la Red de las diferentes regionales.<\/p>\n<p>En dicho encuentro se realiz\u00f3 un balance de lo actuado durante estos 14 a\u00f1os y se debati\u00f3 sobre los pr\u00f3ximos objetivos a concretar en mediano y largo plazo.<\/p>\n<p>Como <strong>\u00abNOSOTRAS\u00bb SOS VOS<\/strong> te esperamos en la pr\u00f3xima reuni\u00f3n a realizarse en nuestra sede de FESTRAM Santa Fe, Corrientes 3276, el pr\u00f3ximo jueves 23 de julio a partir de las 10 horas.<\/p>\n<p>Por consultas o m\u00e1s informaci\u00f3n<br \/>\nelbacimionato@gmail.com<br \/>\nandie1975@yahoo.com<br \/>\nmarcela_rolfi@hotmail.com<\/p>\n<p>o al: 0342 155103896.<\/p>\n","protected":false},"excerpt":{"rendered":"<p>Estimadas Compa\u00f1eras: El mi\u00e9rcoles 8 de julio pasado, en la sede de FESTRAM Santa Fe, nos reunimos un grupo de Mujeres de la Red de las diferentes regionales. En dicho encuentro se realiz\u00f3 un balance de lo actuado durante estos 14 a\u00f1os y se debati\u00f3 sobre los pr\u00f3ximos objetivos a concretar en mediano y largo [&hellip;]<\/p>\n","protected":false},"author":1,"featured_media":10301,"comment_status":"closed","ping_status":"closed","sticky":false,"template":"","format":"standard","meta":{"_jetpack_memberships_contains_paid_content":false,"footnotes":"","jetpack_publicize_message":"","jetpack_publicize_feature_enabled":true,"jetpack_social_post_already_shared":true,"jetpack_social_options":{"image_generator_settings":{"template":"highway","default_image_id":0,"font":"","enabled":false},"version":2}},"categories":[50],"tags":[],"class_list":["post-10300","post","type-post","status-publish","format-standard","has-post-thumbnail","hentry","category-genero"],"yoast_head":"<!-- This site is optimized with the Yoast SEO plugin v25.9 - https:\/\/yoast.com\/wordpress\/plugins\/seo\/ -->\n<title>Reuni\u00f3n de la Red de Mujeres &#8211; FESTRAM<\/title>\n<meta name=\"description\" content=\"Estimadas Compa\u00f1eras: El mi\u00e9rcoles 8 de julio pasado, en la sede de FESTRAM Santa Fe, nos reunimos un grupo de Mujeres de la Red de las diferentes\" \/>\n<meta name=\"robots\" content=\"index, follow, max-snippet:-1, max-image-preview:large, max-video-preview:-1\" \/>\n<link rel=\"canonical\" href=\"https:\/\/municipales.org.ar\/festram\/reunion-de-la-red-de-mujeres\/\" \/>\n<meta property=\"og:locale\" content=\"es_ES\" \/>\n<meta property=\"og:type\" content=\"article\" \/>\n<meta property=\"og:title\" content=\"Reuni\u00f3n de la Red de Mujeres &#8211; FESTRAM\" \/>\n<meta property=\"og:description\" content=\"Estimadas Compa\u00f1eras: El mi\u00e9rcoles 8 de julio pasado, en la sede de FESTRAM Santa Fe, nos reunimos un grupo de Mujeres de la Red de las diferentes\" \/>\n<meta property=\"og:url\" content=\"https:\/\/municipales.org.ar\/festram\/reunion-de-la-red-de-mujeres\/\" \/>\n<meta property=\"og:site_name\" content=\"FESTRAM\" \/>\n<meta property=\"article:publisher\" content=\"https:\/\/www.facebook.com\/MunicipalesSF\" \/>\n<meta property=\"article:published_time\" content=\"2015-07-10T16:33:07+00:00\" \/>\n<meta property=\"og:image\" content=\"https:\/\/municipales.org.ar\/festram\/wp-content\/uploads\/2015\/07\/nosotras1.jpg\" \/>\n\t<meta property=\"og:image:width\" content=\"838\" \/>\n\t<meta property=\"og:image:height\" content=\"446\" \/>\n\t<meta property=\"og:image:type\" content=\"image\/jpeg\" \/>\n<meta name=\"author\" content=\"mun_admin\" \/>\n<meta name=\"twitter:card\" content=\"summary_large_image\" \/>\n<meta name=\"twitter:creator\" content=\"@MunicipalesSF\" \/>\n<meta name=\"twitter:site\" content=\"@MunicipalesSF\" \/>\n<meta name=\"twitter:label1\" content=\"Escrito por\" \/>\n\t<meta name=\"twitter:data1\" content=\"mun_admin\" \/>\n\t<meta name=\"twitter:label2\" content=\"Tiempo de lectura\" \/>\n\t<meta name=\"twitter:data2\" content=\"1 minuto\" \/>\n<script type=\"application\/ld+json\" class=\"yoast-schema-graph\">{\"@context\":\"https:\/\/schema.org\",\"@graph\":[{\"@type\":\"Article\",\"@id\":\"https:\/\/municipales.org.ar\/festram\/reunion-de-la-red-de-mujeres\/#article\",\"isPartOf\":{\"@id\":\"https:\/\/municipales.org.ar\/festram\/reunion-de-la-red-de-mujeres\/\"},\"author\":{\"name\":\"mun_admin\",\"@id\":\"https:\/\/municipales.org.ar\/festram\/#\/schema\/person\/49096a774c48ce9063df4d59ec059f9e\"},\"headline\":\"Reuni\u00f3n de la Red de Mujeres\",\"datePublished\":\"2015-07-10T16:33:07+00:00\",\"mainEntityOfPage\":{\"@id\":\"https:\/\/municipales.org.ar\/festram\/reunion-de-la-red-de-mujeres\/\"},\"wordCount\":117,\"publisher\":{\"@id\":\"https:\/\/municipales.org.ar\/festram\/#organization\"},\"image\":{\"@id\":\"https:\/\/municipales.org.ar\/festram\/reunion-de-la-red-de-mujeres\/#primaryimage\"},\"thumbnailUrl\":\"https:\/\/municipales.org.ar\/festram\/wp-content\/uploads\/2015\/07\/nosotras1.jpg\",\"articleSection\":[\"G\u00e9nero\"],\"inLanguage\":\"es\"},{\"@type\":\"WebPage\",\"@id\":\"https:\/\/municipales.org.ar\/festram\/reunion-de-la-red-de-mujeres\/\",\"url\":\"https:\/\/municipales.org.ar\/festram\/reunion-de-la-red-de-mujeres\/\",\"name\":\"Reuni\u00f3n de la Red de Mujeres &#8211; FESTRAM\",\"isPartOf\":{\"@id\":\"https:\/\/municipales.org.ar\/festram\/#website\"},\"primaryImageOfPage\":{\"@id\":\"https:\/\/municipales.org.ar\/festram\/reunion-de-la-red-de-mujeres\/#primaryimage\"},\"image\":{\"@id\":\"https:\/\/municipales.org.ar\/festram\/reunion-de-la-red-de-mujeres\/#primaryimage\"},\"thumbnailUrl\":\"https:\/\/municipales.org.ar\/festram\/wp-content\/uploads\/2015\/07\/nosotras1.jpg\",\"datePublished\":\"2015-07-10T16:33:07+00:00\",\"description\":\"Estimadas Compa\u00f1eras: El mi\u00e9rcoles 8 de julio pasado, en la sede de FESTRAM Santa Fe, nos reunimos un grupo de Mujeres de la Red de las diferentes\",\"breadcrumb\":{\"@id\":\"https:\/\/municipales.org.ar\/festram\/reunion-de-la-red-de-mujeres\/#breadcrumb\"},\"inLanguage\":\"es\",\"potentialAction\":[{\"@type\":\"ReadAction\",\"target\":[\"https:\/\/municipales.org.ar\/festram\/reunion-de-la-red-de-mujeres\/\"]}]},{\"@type\":\"ImageObject\",\"inLanguage\":\"es\",\"@id\":\"https:\/\/municipales.org.ar\/festram\/reunion-de-la-red-de-mujeres\/#primaryimage\",\"url\":\"https:\/\/municipales.org.ar\/festram\/wp-content\/uploads\/2015\/07\/nosotras1.jpg\",\"contentUrl\":\"https:\/\/municipales.org.ar\/festram\/wp-content\/uploads\/2015\/07\/nosotras1.jpg\",\"width\":838,\"height\":446},{\"@type\":\"BreadcrumbList\",\"@id\":\"https:\/\/municipales.org.ar\/festram\/reunion-de-la-red-de-mujeres\/#breadcrumb\",\"itemListElement\":[{\"@type\":\"ListItem\",\"position\":1,\"name\":\"Portada\",\"item\":\"https:\/\/municipales.org.ar\/festram\/\"},{\"@type\":\"ListItem\",\"position\":2,\"name\":\"Reuni\u00f3n de la Red de Mujeres\"}]},{\"@type\":\"WebSite\",\"@id\":\"https:\/\/municipales.org.ar\/festram\/#website\",\"url\":\"https:\/\/municipales.org.ar\/festram\/\",\"name\":\"FESTRAM\",\"description\":\"La web de los trabajadores municipales\",\"publisher\":{\"@id\":\"https:\/\/municipales.org.ar\/festram\/#organization\"},\"potentialAction\":[{\"@type\":\"SearchAction\",\"target\":{\"@type\":\"EntryPoint\",\"urlTemplate\":\"https:\/\/municipales.org.ar\/festram\/?s={search_term_string}\"},\"query-input\":{\"@type\":\"PropertyValueSpecification\",\"valueRequired\":true,\"valueName\":\"search_term_string\"}}],\"inLanguage\":\"es\"},{\"@type\":\"Organization\",\"@id\":\"https:\/\/municipales.org.ar\/festram\/#organization\",\"name\":\"Federaci\u00f3n de Sindicatos de Trabajadores Municipales de la Provincia de Santa Fe\",\"url\":\"https:\/\/municipales.org.ar\/festram\/\",\"logo\":{\"@type\":\"ImageObject\",\"inLanguage\":\"es\",\"@id\":\"https:\/\/municipales.org.ar\/festram\/#\/schema\/logo\/image\/\",\"url\":\"https:\/\/www.municipales.org.ar\/festram\/wp-content\/uploads\/2014\/07\/logo_fes.jpg\",\"contentUrl\":\"https:\/\/www.municipales.org.ar\/festram\/wp-content\/uploads\/2014\/07\/logo_fes.jpg\",\"width\":661,\"height\":673,\"caption\":\"Federaci\u00f3n de Sindicatos de Trabajadores Municipales de la Provincia de Santa Fe\"},\"image\":{\"@id\":\"https:\/\/municipales.org.ar\/festram\/#\/schema\/logo\/image\/\"},\"sameAs\":[\"https:\/\/www.facebook.com\/MunicipalesSF\",\"https:\/\/x.com\/MunicipalesSF\",\"https:\/\/www.youtube.com\/user\/festram\"]},{\"@type\":\"Person\",\"@id\":\"https:\/\/municipales.org.ar\/festram\/#\/schema\/person\/49096a774c48ce9063df4d59ec059f9e\",\"name\":\"mun_admin\"}]}<\/script>\n<!-- \/ Yoast SEO plugin. -->","yoast_head_json":{"title":"Reuni\u00f3n de la Red de Mujeres &#8211; FESTRAM","description":"Estimadas Compa\u00f1eras: El mi\u00e9rcoles 8 de julio pasado, en la sede de FESTRAM Santa Fe, nos reunimos un grupo de Mujeres de la Red de las diferentes","robots":{"index":"index","follow":"follow","max-snippet":"max-snippet:-1","max-image-preview":"max-image-preview:large","max-video-preview":"max-video-preview:-1"},"canonical":"https:\/\/municipales.org.ar\/festram\/reunion-de-la-red-de-mujeres\/","og_locale":"es_ES","og_type":"article","og_title":"Reuni\u00f3n de la Red de Mujeres &#8211; FESTRAM","og_description":"Estimadas Compa\u00f1eras: El mi\u00e9rcoles 8 de julio pasado, en la sede de FESTRAM Santa Fe, nos reunimos un grupo de Mujeres de la Red de las diferentes","og_url":"https:\/\/municipales.org.ar\/festram\/reunion-de-la-red-de-mujeres\/","og_site_name":"FESTRAM","article_publisher":"https:\/\/www.facebook.com\/MunicipalesSF","article_published_time":"2015-07-10T16:33:07+00:00","og_image":[{"width":838,"height":446,"url":"https:\/\/municipales.org.ar\/festram\/wp-content\/uploads\/2015\/07\/nosotras1.jpg","type":"image\/jpeg"}],"author":"mun_admin","twitter_card":"summary_large_image","twitter_creator":"@MunicipalesSF","twitter_site":"@MunicipalesSF","twitter_misc":{"Escrito por":"mun_admin","Tiempo de lectura":"1 minuto"},"schema":{"@context":"https:\/\/schema.org","@graph":[{"@type":"Article","@id":"https:\/\/municipales.org.ar\/festram\/reunion-de-la-red-de-mujeres\/#article","isPartOf":{"@id":"https:\/\/municipales.org.ar\/festram\/reunion-de-la-red-de-mujeres\/"},"author":{"name":"mun_admin","@id":"https:\/\/municipales.org.ar\/festram\/#\/schema\/person\/49096a774c48ce9063df4d59ec059f9e"},"headline":"Reuni\u00f3n de la Red de Mujeres","datePublished":"2015-07-10T16:33:07+00:00","mainEntityOfPage":{"@id":"https:\/\/municipales.org.ar\/festram\/reunion-de-la-red-de-mujeres\/"},"wordCount":117,"publisher":{"@id":"https:\/\/municipales.org.ar\/festram\/#organization"},"image":{"@id":"https:\/\/municipales.org.ar\/festram\/reunion-de-la-red-de-mujeres\/#primaryimage"},"thumbnailUrl":"https:\/\/municipales.org.ar\/festram\/wp-content\/uploads\/2015\/07\/nosotras1.jpg","articleSection":["G\u00e9nero"],"inLanguage":"es"},{"@type":"WebPage","@id":"https:\/\/municipales.org.ar\/festram\/reunion-de-la-red-de-mujeres\/","url":"https:\/\/municipales.org.ar\/festram\/reunion-de-la-red-de-mujeres\/","name":"Reuni\u00f3n de la Red de Mujeres &#8211; FESTRAM","isPartOf":{"@id":"https:\/\/municipales.org.ar\/festram\/#website"},"primaryImageOfPage":{"@id":"https:\/\/municipales.org.ar\/festram\/reunion-de-la-red-de-mujeres\/#primaryimage"},"image":{"@id":"https:\/\/municipales.org.ar\/festram\/reunion-de-la-red-de-mujeres\/#primaryimage"},"thumbnailUrl":"https:\/\/municipales.org.ar\/festram\/wp-content\/uploads\/2015\/07\/nosotras1.jpg","datePublished":"2015-07-10T16:33:07+00:00","description":"Estimadas Compa\u00f1eras: El mi\u00e9rcoles 8 de julio pasado, en la sede de FESTRAM Santa Fe, nos reunimos un grupo de Mujeres de la Red de las diferentes","breadcrumb":{"@id":"https:\/\/municipales.org.ar\/festram\/reunion-de-la-red-de-mujeres\/#breadcrumb"},"inLanguage":"es","potentialAction":[{"@type":"ReadAction","target":["https:\/\/municipales.org.ar\/festram\/reunion-de-la-red-de-mujeres\/"]}]},{"@type":"ImageObject","inLanguage":"es","@id":"https:\/\/municipales.org.ar\/festram\/reunion-de-la-red-de-mujeres\/#primaryimage","url":"https:\/\/municipales.org.ar\/festram\/wp-content\/uploads\/2015\/07\/nosotras1.jpg","contentUrl":"https:\/\/municipales.org.ar\/festram\/wp-content\/uploads\/2015\/07\/nosotras1.jpg","width":838,"height":446},{"@type":"BreadcrumbList","@id":"https:\/\/municipales.org.ar\/festram\/reunion-de-la-red-de-mujeres\/#breadcrumb","itemListElement":[{"@type":"ListItem","position":1,"name":"Portada","item":"https:\/\/municipales.org.ar\/festram\/"},{"@type":"ListItem","position":2,"name":"Reuni\u00f3n de la Red de Mujeres"}]},{"@type":"WebSite","@id":"https:\/\/municipales.org.ar\/festram\/#website","url":"https:\/\/municipales.org.ar\/festram\/","name":"FESTRAM","description":"La web de los trabajadores municipales","publisher":{"@id":"https:\/\/municipales.org.ar\/festram\/#organization"},"potentialAction":[{"@type":"SearchAction","target":{"@type":"EntryPoint","urlTemplate":"https:\/\/municipales.org.ar\/festram\/?s={search_term_string}"},"query-input":{"@type":"PropertyValueSpecification","valueRequired":true,"valueName":"search_term_string"}}],"inLanguage":"es"},{"@type":"Organization","@id":"https:\/\/municipales.org.ar\/festram\/#organization","name":"Federaci\u00f3n de Sindicatos de Trabajadores Municipales de la Provincia de Santa Fe","url":"https:\/\/municipales.org.ar\/festram\/","logo":{"@type":"ImageObject","inLanguage":"es","@id":"https:\/\/municipales.org.ar\/festram\/#\/schema\/logo\/image\/","url":"https:\/\/www.municipales.org.ar\/festram\/wp-content\/uploads\/2014\/07\/logo_fes.jpg","contentUrl":"https:\/\/www.municipales.org.ar\/festram\/wp-content\/uploads\/2014\/07\/logo_fes.jpg","width":661,"height":673,"caption":"Federaci\u00f3n de Sindicatos de Trabajadores Municipales de la Provincia de Santa Fe"},"image":{"@id":"https:\/\/municipales.org.ar\/festram\/#\/schema\/logo\/image\/"},"sameAs":["https:\/\/www.facebook.com\/MunicipalesSF","https:\/\/x.com\/MunicipalesSF","https:\/\/www.youtube.com\/user\/festram"]},{"@type":"Person","@id":"https:\/\/municipales.org.ar\/festram\/#\/schema\/person\/49096a774c48ce9063df4d59ec059f9e","name":"mun_admin"}]}},"jetpack_publicize_connections":[],"jetpack_featured_media_url":"https:\/\/municipales.org.ar\/festram\/wp-content\/uploads\/2015\/07\/nosotras1.jpg","jetpack_sharing_enabled":true,"jetpack_likes_enabled":false,"jetpack_shortlink":"https:\/\/wp.me\/p7l4x1-2G8","_links":{"self":[{"href":"https:\/\/municipales.org.ar\/festram\/wp-json\/wp\/v2\/posts\/10300","targetHints":{"allow":["GET"]}}],"collection":[{"href":"https:\/\/municipales.org.ar\/festram\/wp-json\/wp\/v2\/posts"}],"about":[{"href":"https:\/\/municipales.org.ar\/festram\/wp-json\/wp\/v2\/types\/post"}],"author":[{"embeddable":true,"href":"https:\/\/municipales.org.ar\/festram\/wp-json\/wp\/v2\/users\/1"}],"replies":[{"embeddable":true,"href":"https:\/\/municipales.org.ar\/festram\/wp-json\/wp\/v2\/comments?post=10300"}],"version-history":[{"count":1,"href":"https:\/\/municipales.org.ar\/festram\/wp-json\/wp\/v2\/posts\/10300\/revisions"}],"predecessor-version":[{"id":10302,"href":"https:\/\/municipales.org.ar\/festram\/wp-json\/wp\/v2\/posts\/10300\/revisions\/10302"}],"wp:featuredmedia":[{"embeddable":true,"href":"https:\/\/municipales.org.ar\/festram\/wp-json\/wp\/v2\/media\/10301"}],"wp:attachment":[{"href":"https:\/\/municipales.org.ar\/festram\/wp-json\/wp\/v2\/media?parent=10300"}],"wp:term":[{"taxonomy":"category","embeddable":true,"href":"https:\/\/municipales.org.ar\/festram\/wp-json\/wp\/v2\/categories?post=10300"},{"taxonomy":"post_tag","embeddable":true,"href":"https:\/\/municipales.org.ar\/festram\/wp-json\/wp\/v2\/tags?post=10300"}],"curies":[{"name":"wp","href":"https:\/\/api.w.org\/{rel}","templated":true}]}}