{"id":10315,"date":"2015-07-28T09:29:07","date_gmt":"2015-07-28T12:29:07","guid":{"rendered":"http:\/\/municipales.org.ar\/festram\/?p=10315"},"modified":"2015-08-04T09:33:42","modified_gmt":"2015-08-04T12:33:42","slug":"la-red-de-mujeres-viene-marchando","status":"publish","type":"post","link":"https:\/\/municipales.org.ar\/festram\/la-red-de-mujeres-viene-marchando\/","title":{"rendered":"La Red de Mujeres viene marchando"},"content":{"rendered":"<p>&nbsp;<\/p>\n<p>Queridas Compa\u00f1eras:<\/p>\n<p>En el encuentro realizado el pasado jueves 23 de julio, participaron activamente mujeres de los sindicatos de Arroyo Seco, Avellaneda, G\u00e1lvez, Rosario, Rufino, Santa Fe y Villa Gdor. G\u00e1lvez.<\/p>\n<p>Cada una expuso el trabajo que vienen realizando, lo que moviliz\u00f3 el intercambio de acciones. Resultando del mismo que la pr\u00f3xima reuni\u00f3n se llevar\u00e1 a cabo en Santa Fe, el pr\u00f3ximo lunes 10 de agosto a las 10 horas, en la sede de FESTRAM, Corrientes 3276.<\/p>\n<p>Como <strong>Nosotras sos Vos<\/strong> esperamos te integres a las actividades de la Red.<\/p>\n","protected":false},"excerpt":{"rendered":"<p>En el encuentro realizado el pasado jueves 23 de julio, participaron activamente mujeres de los sindicatos de Arroyo Seco, Avellaneda, G\u00e1lvez, Rosario, Rufino, Santa Fe y Villa Gdor. G\u00e1lvez.<\/p>\n","protected":false},"author":1,"featured_media":10316,"comment_status":"closed","ping_status":"closed","sticky":false,"template":"","format":"standard","meta":{"_jetpack_memberships_contains_paid_content":false,"footnotes":"","jetpack_publicize_message":"","jetpack_publicize_feature_enabled":true,"jetpack_social_post_already_shared":true,"jetpack_social_options":{"image_generator_settings":{"template":"highway","default_image_id":0,"font":"","enabled":false},"version":2}},"categories":[50],"tags":[87],"class_list":["post-10315","post","type-post","status-publish","format-standard","has-post-thumbnail","hentry","category-genero","tag-genero-2"],"yoast_head":"<!-- This site is optimized with the Yoast SEO plugin v25.9 - https:\/\/yoast.com\/wordpress\/plugins\/seo\/ -->\n<title>La Red de Mujeres viene marchando &#8211; FESTRAM<\/title>\n<meta name=\"description\" content=\"En el encuentro realizado el pasado jueves 23 de julio, participaron activamente mujeres de los sindicatos de Arroyo Seco, Avellaneda, G\u00e1lvez, Rosario, Rufino, Santa Fe y Villa Gdor. G\u00e1lvez.\" \/>\n<meta name=\"robots\" content=\"index, follow, max-snippet:-1, max-image-preview:large, max-video-preview:-1\" \/>\n<link rel=\"canonical\" href=\"https:\/\/municipales.org.ar\/festram\/la-red-de-mujeres-viene-marchando\/\" \/>\n<meta property=\"og:locale\" content=\"es_ES\" \/>\n<meta property=\"og:type\" content=\"article\" \/>\n<meta property=\"og:title\" content=\"La Red de Mujeres viene marchando &#8211; FESTRAM\" \/>\n<meta property=\"og:description\" content=\"En el encuentro realizado el pasado jueves 23 de julio, participaron activamente mujeres de los sindicatos de Arroyo Seco, Avellaneda, G\u00e1lvez, Rosario, Rufino, Santa Fe y Villa Gdor. G\u00e1lvez.\" \/>\n<meta property=\"og:url\" content=\"https:\/\/municipales.org.ar\/festram\/la-red-de-mujeres-viene-marchando\/\" \/>\n<meta property=\"og:site_name\" content=\"FESTRAM\" \/>\n<meta property=\"article:publisher\" content=\"https:\/\/www.facebook.com\/MunicipalesSF\" \/>\n<meta property=\"article:published_time\" content=\"2015-07-28T12:29:07+00:00\" \/>\n<meta property=\"article:modified_time\" content=\"2015-08-04T12:33:42+00:00\" \/>\n<meta property=\"og:image\" content=\"https:\/\/municipales.org.ar\/festram\/wp-content\/uploads\/2015\/08\/20150723-nosotras-small.jpg\" \/>\n\t<meta property=\"og:image:width\" content=\"1200\" \/>\n\t<meta property=\"og:image:height\" content=\"652\" \/>\n\t<meta property=\"og:image:type\" content=\"image\/jpeg\" \/>\n<meta name=\"author\" content=\"mun_admin\" \/>\n<meta name=\"twitter:card\" content=\"summary_large_image\" \/>\n<meta name=\"twitter:creator\" content=\"@MunicipalesSF\" \/>\n<meta name=\"twitter:site\" content=\"@MunicipalesSF\" \/>\n<meta name=\"twitter:label1\" content=\"Escrito por\" \/>\n\t<meta name=\"twitter:data1\" content=\"mun_admin\" \/>\n<script type=\"application\/ld+json\" class=\"yoast-schema-graph\">{\"@context\":\"https:\/\/schema.org\",\"@graph\":[{\"@type\":\"Article\",\"@id\":\"https:\/\/municipales.org.ar\/festram\/la-red-de-mujeres-viene-marchando\/#article\",\"isPartOf\":{\"@id\":\"https:\/\/municipales.org.ar\/festram\/la-red-de-mujeres-viene-marchando\/\"},\"author\":{\"name\":\"mun_admin\",\"@id\":\"https:\/\/municipales.org.ar\/festram\/#\/schema\/person\/49096a774c48ce9063df4d59ec059f9e\"},\"headline\":\"La Red de Mujeres viene marchando\",\"datePublished\":\"2015-07-28T12:29:07+00:00\",\"dateModified\":\"2015-08-04T12:33:42+00:00\",\"mainEntityOfPage\":{\"@id\":\"https:\/\/municipales.org.ar\/festram\/la-red-de-mujeres-viene-marchando\/\"},\"wordCount\":99,\"publisher\":{\"@id\":\"https:\/\/municipales.org.ar\/festram\/#organization\"},\"image\":{\"@id\":\"https:\/\/municipales.org.ar\/festram\/la-red-de-mujeres-viene-marchando\/#primaryimage\"},\"thumbnailUrl\":\"https:\/\/municipales.org.ar\/festram\/wp-content\/uploads\/2015\/08\/20150723-nosotras-small.jpg\",\"keywords\":[\"g\u00e9nero\"],\"articleSection\":[\"G\u00e9nero\"],\"inLanguage\":\"es\"},{\"@type\":\"WebPage\",\"@id\":\"https:\/\/municipales.org.ar\/festram\/la-red-de-mujeres-viene-marchando\/\",\"url\":\"https:\/\/municipales.org.ar\/festram\/la-red-de-mujeres-viene-marchando\/\",\"name\":\"La Red de Mujeres viene marchando &#8211; FESTRAM\",\"isPartOf\":{\"@id\":\"https:\/\/municipales.org.ar\/festram\/#website\"},\"primaryImageOfPage\":{\"@id\":\"https:\/\/municipales.org.ar\/festram\/la-red-de-mujeres-viene-marchando\/#primaryimage\"},\"image\":{\"@id\":\"https:\/\/municipales.org.ar\/festram\/la-red-de-mujeres-viene-marchando\/#primaryimage\"},\"thumbnailUrl\":\"https:\/\/municipales.org.ar\/festram\/wp-content\/uploads\/2015\/08\/20150723-nosotras-small.jpg\",\"datePublished\":\"2015-07-28T12:29:07+00:00\",\"dateModified\":\"2015-08-04T12:33:42+00:00\",\"description\":\"En el encuentro realizado el pasado jueves 23 de julio, participaron activamente mujeres de los sindicatos de Arroyo Seco, Avellaneda, G\u00e1lvez, Rosario, Rufino, Santa Fe y Villa Gdor. G\u00e1lvez.\",\"breadcrumb\":{\"@id\":\"https:\/\/municipales.org.ar\/festram\/la-red-de-mujeres-viene-marchando\/#breadcrumb\"},\"inLanguage\":\"es\",\"potentialAction\":[{\"@type\":\"ReadAction\",\"target\":[\"https:\/\/municipales.org.ar\/festram\/la-red-de-mujeres-viene-marchando\/\"]}]},{\"@type\":\"ImageObject\",\"inLanguage\":\"es\",\"@id\":\"https:\/\/municipales.org.ar\/festram\/la-red-de-mujeres-viene-marchando\/#primaryimage\",\"url\":\"https:\/\/municipales.org.ar\/festram\/wp-content\/uploads\/2015\/08\/20150723-nosotras-small.jpg\",\"contentUrl\":\"https:\/\/municipales.org.ar\/festram\/wp-content\/uploads\/2015\/08\/20150723-nosotras-small.jpg\",\"width\":1200,\"height\":652},{\"@type\":\"BreadcrumbList\",\"@id\":\"https:\/\/municipales.org.ar\/festram\/la-red-de-mujeres-viene-marchando\/#breadcrumb\",\"itemListElement\":[{\"@type\":\"ListItem\",\"position\":1,\"name\":\"Portada\",\"item\":\"https:\/\/municipales.org.ar\/festram\/\"},{\"@type\":\"ListItem\",\"position\":2,\"name\":\"La Red de Mujeres viene marchando\"}]},{\"@type\":\"WebSite\",\"@id\":\"https:\/\/municipales.org.ar\/festram\/#website\",\"url\":\"https:\/\/municipales.org.ar\/festram\/\",\"name\":\"FESTRAM\",\"description\":\"La web de los trabajadores municipales\",\"publisher\":{\"@id\":\"https:\/\/municipales.org.ar\/festram\/#organization\"},\"potentialAction\":[{\"@type\":\"SearchAction\",\"target\":{\"@type\":\"EntryPoint\",\"urlTemplate\":\"https:\/\/municipales.org.ar\/festram\/?s={search_term_string}\"},\"query-input\":{\"@type\":\"PropertyValueSpecification\",\"valueRequired\":true,\"valueName\":\"search_term_string\"}}],\"inLanguage\":\"es\"},{\"@type\":\"Organization\",\"@id\":\"https:\/\/municipales.org.ar\/festram\/#organization\",\"name\":\"Federaci\u00f3n de Sindicatos de Trabajadores Municipales de la Provincia de Santa Fe\",\"url\":\"https:\/\/municipales.org.ar\/festram\/\",\"logo\":{\"@type\":\"ImageObject\",\"inLanguage\":\"es\",\"@id\":\"https:\/\/municipales.org.ar\/festram\/#\/schema\/logo\/image\/\",\"url\":\"https:\/\/www.municipales.org.ar\/festram\/wp-content\/uploads\/2014\/07\/logo_fes.jpg\",\"contentUrl\":\"https:\/\/www.municipales.org.ar\/festram\/wp-content\/uploads\/2014\/07\/logo_fes.jpg\",\"width\":661,\"height\":673,\"caption\":\"Federaci\u00f3n de Sindicatos de Trabajadores Municipales de la Provincia de Santa Fe\"},\"image\":{\"@id\":\"https:\/\/municipales.org.ar\/festram\/#\/schema\/logo\/image\/\"},\"sameAs\":[\"https:\/\/www.facebook.com\/MunicipalesSF\",\"https:\/\/x.com\/MunicipalesSF\",\"https:\/\/www.youtube.com\/user\/festram\"]},{\"@type\":\"Person\",\"@id\":\"https:\/\/municipales.org.ar\/festram\/#\/schema\/person\/49096a774c48ce9063df4d59ec059f9e\",\"name\":\"mun_admin\"}]}<\/script>\n<!-- \/ Yoast SEO plugin. -->","yoast_head_json":{"title":"La Red de Mujeres viene marchando &#8211; FESTRAM","description":"En el encuentro realizado el pasado jueves 23 de julio, participaron activamente mujeres de los sindicatos de Arroyo Seco, Avellaneda, G\u00e1lvez, Rosario, Rufino, Santa Fe y Villa Gdor. G\u00e1lvez.","robots":{"index":"index","follow":"follow","max-snippet":"max-snippet:-1","max-image-preview":"max-image-preview:large","max-video-preview":"max-video-preview:-1"},"canonical":"https:\/\/municipales.org.ar\/festram\/la-red-de-mujeres-viene-marchando\/","og_locale":"es_ES","og_type":"article","og_title":"La Red de Mujeres viene marchando &#8211; FESTRAM","og_description":"En el encuentro realizado el pasado jueves 23 de julio, participaron activamente mujeres de los sindicatos de Arroyo Seco, Avellaneda, G\u00e1lvez, Rosario, Rufino, Santa Fe y Villa Gdor. G\u00e1lvez.","og_url":"https:\/\/municipales.org.ar\/festram\/la-red-de-mujeres-viene-marchando\/","og_site_name":"FESTRAM","article_publisher":"https:\/\/www.facebook.com\/MunicipalesSF","article_published_time":"2015-07-28T12:29:07+00:00","article_modified_time":"2015-08-04T12:33:42+00:00","og_image":[{"width":1200,"height":652,"url":"https:\/\/municipales.org.ar\/festram\/wp-content\/uploads\/2015\/08\/20150723-nosotras-small.jpg","type":"image\/jpeg"}],"author":"mun_admin","twitter_card":"summary_large_image","twitter_creator":"@MunicipalesSF","twitter_site":"@MunicipalesSF","twitter_misc":{"Escrito por":"mun_admin"},"schema":{"@context":"https:\/\/schema.org","@graph":[{"@type":"Article","@id":"https:\/\/municipales.org.ar\/festram\/la-red-de-mujeres-viene-marchando\/#article","isPartOf":{"@id":"https:\/\/municipales.org.ar\/festram\/la-red-de-mujeres-viene-marchando\/"},"author":{"name":"mun_admin","@id":"https:\/\/municipales.org.ar\/festram\/#\/schema\/person\/49096a774c48ce9063df4d59ec059f9e"},"headline":"La Red de Mujeres viene marchando","datePublished":"2015-07-28T12:29:07+00:00","dateModified":"2015-08-04T12:33:42+00:00","mainEntityOfPage":{"@id":"https:\/\/municipales.org.ar\/festram\/la-red-de-mujeres-viene-marchando\/"},"wordCount":99,"publisher":{"@id":"https:\/\/municipales.org.ar\/festram\/#organization"},"image":{"@id":"https:\/\/municipales.org.ar\/festram\/la-red-de-mujeres-viene-marchando\/#primaryimage"},"thumbnailUrl":"https:\/\/municipales.org.ar\/festram\/wp-content\/uploads\/2015\/08\/20150723-nosotras-small.jpg","keywords":["g\u00e9nero"],"articleSection":["G\u00e9nero"],"inLanguage":"es"},{"@type":"WebPage","@id":"https:\/\/municipales.org.ar\/festram\/la-red-de-mujeres-viene-marchando\/","url":"https:\/\/municipales.org.ar\/festram\/la-red-de-mujeres-viene-marchando\/","name":"La Red de Mujeres viene marchando &#8211; FESTRAM","isPartOf":{"@id":"https:\/\/municipales.org.ar\/festram\/#website"},"primaryImageOfPage":{"@id":"https:\/\/municipales.org.ar\/festram\/la-red-de-mujeres-viene-marchando\/#primaryimage"},"image":{"@id":"https:\/\/municipales.org.ar\/festram\/la-red-de-mujeres-viene-marchando\/#primaryimage"},"thumbnailUrl":"https:\/\/municipales.org.ar\/festram\/wp-content\/uploads\/2015\/08\/20150723-nosotras-small.jpg","datePublished":"2015-07-28T12:29:07+00:00","dateModified":"2015-08-04T12:33:42+00:00","description":"En el encuentro realizado el pasado jueves 23 de julio, participaron activamente mujeres de los sindicatos de Arroyo Seco, Avellaneda, G\u00e1lvez, Rosario, Rufino, Santa Fe y Villa Gdor. G\u00e1lvez.","breadcrumb":{"@id":"https:\/\/municipales.org.ar\/festram\/la-red-de-mujeres-viene-marchando\/#breadcrumb"},"inLanguage":"es","potentialAction":[{"@type":"ReadAction","target":["https:\/\/municipales.org.ar\/festram\/la-red-de-mujeres-viene-marchando\/"]}]},{"@type":"ImageObject","inLanguage":"es","@id":"https:\/\/municipales.org.ar\/festram\/la-red-de-mujeres-viene-marchando\/#primaryimage","url":"https:\/\/municipales.org.ar\/festram\/wp-content\/uploads\/2015\/08\/20150723-nosotras-small.jpg","contentUrl":"https:\/\/municipales.org.ar\/festram\/wp-content\/uploads\/2015\/08\/20150723-nosotras-small.jpg","width":1200,"height":652},{"@type":"BreadcrumbList","@id":"https:\/\/municipales.org.ar\/festram\/la-red-de-mujeres-viene-marchando\/#breadcrumb","itemListElement":[{"@type":"ListItem","position":1,"name":"Portada","item":"https:\/\/municipales.org.ar\/festram\/"},{"@type":"ListItem","position":2,"name":"La Red de Mujeres viene marchando"}]},{"@type":"WebSite","@id":"https:\/\/municipales.org.ar\/festram\/#website","url":"https:\/\/municipales.org.ar\/festram\/","name":"FESTRAM","description":"La web de los trabajadores municipales","publisher":{"@id":"https:\/\/municipales.org.ar\/festram\/#organization"},"potentialAction":[{"@type":"SearchAction","target":{"@type":"EntryPoint","urlTemplate":"https:\/\/municipales.org.ar\/festram\/?s={search_term_string}"},"query-input":{"@type":"PropertyValueSpecification","valueRequired":true,"valueName":"search_term_string"}}],"inLanguage":"es"},{"@type":"Organization","@id":"https:\/\/municipales.org.ar\/festram\/#organization","name":"Federaci\u00f3n de Sindicatos de Trabajadores Municipales de la Provincia de Santa Fe","url":"https:\/\/municipales.org.ar\/festram\/","logo":{"@type":"ImageObject","inLanguage":"es","@id":"https:\/\/municipales.org.ar\/festram\/#\/schema\/logo\/image\/","url":"https:\/\/www.municipales.org.ar\/festram\/wp-content\/uploads\/2014\/07\/logo_fes.jpg","contentUrl":"https:\/\/www.municipales.org.ar\/festram\/wp-content\/uploads\/2014\/07\/logo_fes.jpg","width":661,"height":673,"caption":"Federaci\u00f3n de Sindicatos de Trabajadores Municipales de la Provincia de Santa Fe"},"image":{"@id":"https:\/\/municipales.org.ar\/festram\/#\/schema\/logo\/image\/"},"sameAs":["https:\/\/www.facebook.com\/MunicipalesSF","https:\/\/x.com\/MunicipalesSF","https:\/\/www.youtube.com\/user\/festram"]},{"@type":"Person","@id":"https:\/\/municipales.org.ar\/festram\/#\/schema\/person\/49096a774c48ce9063df4d59ec059f9e","name":"mun_admin"}]}},"jetpack_publicize_connections":[],"jetpack_featured_media_url":"https:\/\/municipales.org.ar\/festram\/wp-content\/uploads\/2015\/08\/20150723-nosotras-small.jpg","jetpack_sharing_enabled":true,"jetpack_likes_enabled":false,"jetpack_shortlink":"https:\/\/wp.me\/p7l4x1-2Gn","_links":{"self":[{"href":"https:\/\/municipales.org.ar\/festram\/wp-json\/wp\/v2\/posts\/10315","targetHints":{"allow":["GET"]}}],"collection":[{"href":"https:\/\/municipales.org.ar\/festram\/wp-json\/wp\/v2\/posts"}],"about":[{"href":"https:\/\/municipales.org.ar\/festram\/wp-json\/wp\/v2\/types\/post"}],"author":[{"embeddable":true,"href":"https:\/\/municipales.org.ar\/festram\/wp-json\/wp\/v2\/users\/1"}],"replies":[{"embeddable":true,"href":"https:\/\/municipales.org.ar\/festram\/wp-json\/wp\/v2\/comments?post=10315"}],"version-history":[{"count":2,"href":"https:\/\/municipales.org.ar\/festram\/wp-json\/wp\/v2\/posts\/10315\/revisions"}],"predecessor-version":[{"id":10318,"href":"https:\/\/municipales.org.ar\/festram\/wp-json\/wp\/v2\/posts\/10315\/revisions\/10318"}],"wp:featuredmedia":[{"embeddable":true,"href":"https:\/\/municipales.org.ar\/festram\/wp-json\/wp\/v2\/media\/10316"}],"wp:attachment":[{"href":"https:\/\/municipales.org.ar\/festram\/wp-json\/wp\/v2\/media?parent=10315"}],"wp:term":[{"taxonomy":"category","embeddable":true,"href":"https:\/\/municipales.org.ar\/festram\/wp-json\/wp\/v2\/categories?post=10315"},{"taxonomy":"post_tag","embeddable":true,"href":"https:\/\/municipales.org.ar\/festram\/wp-json\/wp\/v2\/tags?post=10315"}],"curies":[{"name":"wp","href":"https:\/\/api.w.org\/{rel}","templated":true}]}}