{"id":10374,"date":"2015-10-23T09:24:14","date_gmt":"2015-10-23T12:24:14","guid":{"rendered":"http:\/\/municipales.org.ar\/festram\/?p=10374"},"modified":"2015-10-23T12:59:03","modified_gmt":"2015-10-23T15:59:03","slug":"primera-reunion-de-la-red-de-mujeres-en-la-nueva-sede","status":"publish","type":"post","link":"https:\/\/municipales.org.ar\/festram\/primera-reunion-de-la-red-de-mujeres-en-la-nueva-sede\/","title":{"rendered":"Primera Reuni\u00f3n de la Red de Mujeres en la Nueva Sede"},"content":{"rendered":"<h5>En 15 de Octubre pasado, volvi\u00f3 a reunirse \u00a0la Red de Mujeres Municipales, en la nueva sede de FESTRAM, sita en Avenida Freyre 1635 de la ciudad capital de nuestra provincia. Asistieron compa\u00f1eras de Coronda, Videla, Santo Tom\u00e9, Santa Fe, Rosario, Monje y Marcelino Escalada.<\/h5>\n<p>Se cont\u00f3 con la presencia de Diego Zeringer, Carina Belletti, Mirta Scipione y Mara Meister &#8211; Trabajadores Sociales del Centro de Referencia en Santa Fe del Ministerio de Desarrollo Social de Naci\u00f3n -; \u00a0cada uno de ellos especialistas en materia de monotributo social, pensiones no contributivas, incompatibilidades de diferentes beneficios asistenciales y otras cuestiones propias del Ministerio. De la misma manera que cuando nos visitaran funcionarios de la ANSES, se coordin\u00f3 trabajar en conjunto sobre todos los temas tratados.<\/p>\n<p>Se analiz\u00f3 tambi\u00e9n la recepci\u00f3n de las encuestas en referencia al relevamiento que se est\u00e1 realizando en el marco del Convenio de Capacitaci\u00f3n que FESTRAM est\u00e1 implementando \u00a0con Regiones, Municipios y Comunas del gobierno provincial, a trav\u00e9s del Programa \u201cGobiern@ -Escuela de Municipios y Comunas-.<\/p>\n<p><a href=\"http:\/\/municipales.org.ar\/festram\/wp-content\/uploads\/2015\/10\/DSCN6448a.jpg\"><img loading=\"lazy\" decoding=\"async\" class=\"aligncenter wp-image-10376 size-large\" src=\"http:\/\/municipales.org.ar\/festram\/wp-content\/uploads\/2015\/10\/DSCN6448a-1024x768.jpg\" alt=\"DSCN6448a\" width=\"900\" height=\"675\" srcset=\"https:\/\/municipales.org.ar\/festram\/wp-content\/uploads\/2015\/10\/DSCN6448a-1024x768.jpg 1024w, https:\/\/municipales.org.ar\/festram\/wp-content\/uploads\/2015\/10\/DSCN6448a-300x225.jpg 300w, https:\/\/municipales.org.ar\/festram\/wp-content\/uploads\/2015\/10\/DSCN6448a.jpg 1500w\" sizes=\"auto, (max-width: 900px) 100vw, 900px\" \/><\/a><\/p>\n<p>En ese sentido se valoriz\u00f3 lo realizado por las compa\u00f1eras de Coronda, Arroyo Seco y \u00a0Villa Gobernador G\u00e1lvez en la recolecci\u00f3n de encuestas manuales que efectuaron, por un lado, y por el otro, se resalt\u00f3 la importancia de haber explicado \u2013en una anterior reuni\u00f3n de la Red- los alcances y caracter\u00edsticas de dicho Convenio.<\/p>\n<p>En virtud a situaciones particulares que se van presentando, se abord\u00f3 la problem\u00e1tica de la violencia de g\u00e9nero; siendo \u00e9ste un tema de absoluta prioridad para la Red.<\/p>\n<p>Las participantes pusieron \u00e9nfasis en resaltar la necesidad de fortalecer y ampliar las herramientas tecnol\u00f3gicas de informaci\u00f3n, para garantizar una mayor y\u00a0 mejor comunicaci\u00f3n con las compa\u00f1eras en el amplio territorio santafesino.<\/p>\n<p>Se fij\u00f3 como fecha de la pr\u00f3xima reuni\u00f3n, el Mi\u00e9rcoles 28\u00a0de Octubre pr\u00f3ximo, a la hora 10, en la nueva sede, recientemente inaugurada.<\/p>\n","protected":false},"excerpt":{"rendered":"<p>En 15 de Octubre pasado, volvi\u00f3 a reunirse  la Red de Mujeres Municipales, en la nueva sede de FESTRAM, sita en Avenida Freyre 1635 de la ciudad capital de nuestra provincia.<\/p>\n","protected":false},"author":1,"featured_media":10375,"comment_status":"closed","ping_status":"closed","sticky":false,"template":"","format":"standard","meta":{"_jetpack_memberships_contains_paid_content":false,"footnotes":"","jetpack_publicize_message":"","jetpack_publicize_feature_enabled":true,"jetpack_social_post_already_shared":true,"jetpack_social_options":{"image_generator_settings":{"template":"highway","default_image_id":0,"font":"","enabled":false},"version":2}},"categories":[50],"tags":[87],"class_list":["post-10374","post","type-post","status-publish","format-standard","has-post-thumbnail","hentry","category-genero","tag-genero-2"],"yoast_head":"<!-- This site is optimized with the Yoast SEO plugin v25.9 - https:\/\/yoast.com\/wordpress\/plugins\/seo\/ -->\n<title>Primera Reuni\u00f3n de la Red de Mujeres en la Nueva Sede &#8211; FESTRAM<\/title>\n<meta name=\"description\" content=\"En 15 de Octubre pasado, volvi\u00f3 a reunirse la Red de Mujeres Municipales, en la nueva sede de FESTRAM, sita en Avenida Freyre 1635 de la ciudad capital de nuestra provincia.\" \/>\n<meta name=\"robots\" content=\"index, follow, max-snippet:-1, max-image-preview:large, max-video-preview:-1\" \/>\n<link rel=\"canonical\" href=\"https:\/\/municipales.org.ar\/festram\/primera-reunion-de-la-red-de-mujeres-en-la-nueva-sede\/\" \/>\n<meta property=\"og:locale\" content=\"es_ES\" \/>\n<meta property=\"og:type\" content=\"article\" \/>\n<meta property=\"og:title\" content=\"Primera Reuni\u00f3n de la Red de Mujeres en la Nueva Sede &#8211; FESTRAM\" \/>\n<meta property=\"og:description\" content=\"En 15 de Octubre pasado, volvi\u00f3 a reunirse la Red de Mujeres Municipales, en la nueva sede de FESTRAM, sita en Avenida Freyre 1635 de la ciudad capital de nuestra provincia.\" \/>\n<meta property=\"og:url\" content=\"https:\/\/municipales.org.ar\/festram\/primera-reunion-de-la-red-de-mujeres-en-la-nueva-sede\/\" \/>\n<meta property=\"og:site_name\" content=\"FESTRAM\" \/>\n<meta property=\"article:publisher\" content=\"https:\/\/www.facebook.com\/MunicipalesSF\" \/>\n<meta property=\"article:published_time\" content=\"2015-10-23T12:24:14+00:00\" \/>\n<meta property=\"article:modified_time\" content=\"2015-10-23T15:59:03+00:00\" \/>\n<meta property=\"og:image\" content=\"https:\/\/municipales.org.ar\/festram\/wp-content\/uploads\/2015\/10\/DSCN6446a.jpg\" \/>\n\t<meta property=\"og:image:width\" content=\"1500\" \/>\n\t<meta property=\"og:image:height\" content=\"959\" \/>\n\t<meta property=\"og:image:type\" content=\"image\/jpeg\" \/>\n<meta name=\"author\" content=\"mun_admin\" \/>\n<meta name=\"twitter:card\" content=\"summary_large_image\" \/>\n<meta name=\"twitter:creator\" content=\"@MunicipalesSF\" \/>\n<meta name=\"twitter:site\" content=\"@MunicipalesSF\" \/>\n<meta name=\"twitter:label1\" content=\"Escrito por\" \/>\n\t<meta name=\"twitter:data1\" content=\"mun_admin\" \/>\n\t<meta name=\"twitter:label2\" content=\"Tiempo de lectura\" \/>\n\t<meta name=\"twitter:data2\" content=\"2 minutos\" \/>\n<script type=\"application\/ld+json\" class=\"yoast-schema-graph\">{\"@context\":\"https:\/\/schema.org\",\"@graph\":[{\"@type\":\"Article\",\"@id\":\"https:\/\/municipales.org.ar\/festram\/primera-reunion-de-la-red-de-mujeres-en-la-nueva-sede\/#article\",\"isPartOf\":{\"@id\":\"https:\/\/municipales.org.ar\/festram\/primera-reunion-de-la-red-de-mujeres-en-la-nueva-sede\/\"},\"author\":{\"name\":\"mun_admin\",\"@id\":\"https:\/\/municipales.org.ar\/festram\/#\/schema\/person\/49096a774c48ce9063df4d59ec059f9e\"},\"headline\":\"Primera Reuni\u00f3n de la Red de Mujeres en la Nueva Sede\",\"datePublished\":\"2015-10-23T12:24:14+00:00\",\"dateModified\":\"2015-10-23T15:59:03+00:00\",\"mainEntityOfPage\":{\"@id\":\"https:\/\/municipales.org.ar\/festram\/primera-reunion-de-la-red-de-mujeres-en-la-nueva-sede\/\"},\"wordCount\":336,\"publisher\":{\"@id\":\"https:\/\/municipales.org.ar\/festram\/#organization\"},\"image\":{\"@id\":\"https:\/\/municipales.org.ar\/festram\/primera-reunion-de-la-red-de-mujeres-en-la-nueva-sede\/#primaryimage\"},\"thumbnailUrl\":\"https:\/\/municipales.org.ar\/festram\/wp-content\/uploads\/2015\/10\/DSCN6446a.jpg\",\"keywords\":[\"g\u00e9nero\"],\"articleSection\":[\"G\u00e9nero\"],\"inLanguage\":\"es\"},{\"@type\":\"WebPage\",\"@id\":\"https:\/\/municipales.org.ar\/festram\/primera-reunion-de-la-red-de-mujeres-en-la-nueva-sede\/\",\"url\":\"https:\/\/municipales.org.ar\/festram\/primera-reunion-de-la-red-de-mujeres-en-la-nueva-sede\/\",\"name\":\"Primera Reuni\u00f3n de la Red de Mujeres en la Nueva Sede &#8211; FESTRAM\",\"isPartOf\":{\"@id\":\"https:\/\/municipales.org.ar\/festram\/#website\"},\"primaryImageOfPage\":{\"@id\":\"https:\/\/municipales.org.ar\/festram\/primera-reunion-de-la-red-de-mujeres-en-la-nueva-sede\/#primaryimage\"},\"image\":{\"@id\":\"https:\/\/municipales.org.ar\/festram\/primera-reunion-de-la-red-de-mujeres-en-la-nueva-sede\/#primaryimage\"},\"thumbnailUrl\":\"https:\/\/municipales.org.ar\/festram\/wp-content\/uploads\/2015\/10\/DSCN6446a.jpg\",\"datePublished\":\"2015-10-23T12:24:14+00:00\",\"dateModified\":\"2015-10-23T15:59:03+00:00\",\"description\":\"En 15 de Octubre pasado, volvi\u00f3 a reunirse la Red de Mujeres Municipales, en la nueva sede de FESTRAM, sita en Avenida Freyre 1635 de la ciudad capital de nuestra provincia.\",\"breadcrumb\":{\"@id\":\"https:\/\/municipales.org.ar\/festram\/primera-reunion-de-la-red-de-mujeres-en-la-nueva-sede\/#breadcrumb\"},\"inLanguage\":\"es\",\"potentialAction\":[{\"@type\":\"ReadAction\",\"target\":[\"https:\/\/municipales.org.ar\/festram\/primera-reunion-de-la-red-de-mujeres-en-la-nueva-sede\/\"]}]},{\"@type\":\"ImageObject\",\"inLanguage\":\"es\",\"@id\":\"https:\/\/municipales.org.ar\/festram\/primera-reunion-de-la-red-de-mujeres-en-la-nueva-sede\/#primaryimage\",\"url\":\"https:\/\/municipales.org.ar\/festram\/wp-content\/uploads\/2015\/10\/DSCN6446a.jpg\",\"contentUrl\":\"https:\/\/municipales.org.ar\/festram\/wp-content\/uploads\/2015\/10\/DSCN6446a.jpg\",\"width\":1500,\"height\":959},{\"@type\":\"BreadcrumbList\",\"@id\":\"https:\/\/municipales.org.ar\/festram\/primera-reunion-de-la-red-de-mujeres-en-la-nueva-sede\/#breadcrumb\",\"itemListElement\":[{\"@type\":\"ListItem\",\"position\":1,\"name\":\"Portada\",\"item\":\"https:\/\/municipales.org.ar\/festram\/\"},{\"@type\":\"ListItem\",\"position\":2,\"name\":\"Primera Reuni\u00f3n de la Red de Mujeres en la Nueva Sede\"}]},{\"@type\":\"WebSite\",\"@id\":\"https:\/\/municipales.org.ar\/festram\/#website\",\"url\":\"https:\/\/municipales.org.ar\/festram\/\",\"name\":\"FESTRAM\",\"description\":\"La web de los trabajadores municipales\",\"publisher\":{\"@id\":\"https:\/\/municipales.org.ar\/festram\/#organization\"},\"potentialAction\":[{\"@type\":\"SearchAction\",\"target\":{\"@type\":\"EntryPoint\",\"urlTemplate\":\"https:\/\/municipales.org.ar\/festram\/?s={search_term_string}\"},\"query-input\":{\"@type\":\"PropertyValueSpecification\",\"valueRequired\":true,\"valueName\":\"search_term_string\"}}],\"inLanguage\":\"es\"},{\"@type\":\"Organization\",\"@id\":\"https:\/\/municipales.org.ar\/festram\/#organization\",\"name\":\"Federaci\u00f3n de Sindicatos de Trabajadores Municipales de la Provincia de Santa Fe\",\"url\":\"https:\/\/municipales.org.ar\/festram\/\",\"logo\":{\"@type\":\"ImageObject\",\"inLanguage\":\"es\",\"@id\":\"https:\/\/municipales.org.ar\/festram\/#\/schema\/logo\/image\/\",\"url\":\"https:\/\/www.municipales.org.ar\/festram\/wp-content\/uploads\/2014\/07\/logo_fes.jpg\",\"contentUrl\":\"https:\/\/www.municipales.org.ar\/festram\/wp-content\/uploads\/2014\/07\/logo_fes.jpg\",\"width\":661,\"height\":673,\"caption\":\"Federaci\u00f3n de Sindicatos de Trabajadores Municipales de la Provincia de Santa Fe\"},\"image\":{\"@id\":\"https:\/\/municipales.org.ar\/festram\/#\/schema\/logo\/image\/\"},\"sameAs\":[\"https:\/\/www.facebook.com\/MunicipalesSF\",\"https:\/\/x.com\/MunicipalesSF\",\"https:\/\/www.youtube.com\/user\/festram\"]},{\"@type\":\"Person\",\"@id\":\"https:\/\/municipales.org.ar\/festram\/#\/schema\/person\/49096a774c48ce9063df4d59ec059f9e\",\"name\":\"mun_admin\"}]}<\/script>\n<!-- \/ Yoast SEO plugin. -->","yoast_head_json":{"title":"Primera Reuni\u00f3n de la Red de Mujeres en la Nueva Sede &#8211; FESTRAM","description":"En 15 de Octubre pasado, volvi\u00f3 a reunirse la Red de Mujeres Municipales, en la nueva sede de FESTRAM, sita en Avenida Freyre 1635 de la ciudad capital de nuestra provincia.","robots":{"index":"index","follow":"follow","max-snippet":"max-snippet:-1","max-image-preview":"max-image-preview:large","max-video-preview":"max-video-preview:-1"},"canonical":"https:\/\/municipales.org.ar\/festram\/primera-reunion-de-la-red-de-mujeres-en-la-nueva-sede\/","og_locale":"es_ES","og_type":"article","og_title":"Primera Reuni\u00f3n de la Red de Mujeres en la Nueva Sede &#8211; FESTRAM","og_description":"En 15 de Octubre pasado, volvi\u00f3 a reunirse la Red de Mujeres Municipales, en la nueva sede de FESTRAM, sita en Avenida Freyre 1635 de la ciudad capital de nuestra provincia.","og_url":"https:\/\/municipales.org.ar\/festram\/primera-reunion-de-la-red-de-mujeres-en-la-nueva-sede\/","og_site_name":"FESTRAM","article_publisher":"https:\/\/www.facebook.com\/MunicipalesSF","article_published_time":"2015-10-23T12:24:14+00:00","article_modified_time":"2015-10-23T15:59:03+00:00","og_image":[{"width":1500,"height":959,"url":"https:\/\/municipales.org.ar\/festram\/wp-content\/uploads\/2015\/10\/DSCN6446a.jpg","type":"image\/jpeg"}],"author":"mun_admin","twitter_card":"summary_large_image","twitter_creator":"@MunicipalesSF","twitter_site":"@MunicipalesSF","twitter_misc":{"Escrito por":"mun_admin","Tiempo de lectura":"2 minutos"},"schema":{"@context":"https:\/\/schema.org","@graph":[{"@type":"Article","@id":"https:\/\/municipales.org.ar\/festram\/primera-reunion-de-la-red-de-mujeres-en-la-nueva-sede\/#article","isPartOf":{"@id":"https:\/\/municipales.org.ar\/festram\/primera-reunion-de-la-red-de-mujeres-en-la-nueva-sede\/"},"author":{"name":"mun_admin","@id":"https:\/\/municipales.org.ar\/festram\/#\/schema\/person\/49096a774c48ce9063df4d59ec059f9e"},"headline":"Primera Reuni\u00f3n de la Red de Mujeres en la Nueva Sede","datePublished":"2015-10-23T12:24:14+00:00","dateModified":"2015-10-23T15:59:03+00:00","mainEntityOfPage":{"@id":"https:\/\/municipales.org.ar\/festram\/primera-reunion-de-la-red-de-mujeres-en-la-nueva-sede\/"},"wordCount":336,"publisher":{"@id":"https:\/\/municipales.org.ar\/festram\/#organization"},"image":{"@id":"https:\/\/municipales.org.ar\/festram\/primera-reunion-de-la-red-de-mujeres-en-la-nueva-sede\/#primaryimage"},"thumbnailUrl":"https:\/\/municipales.org.ar\/festram\/wp-content\/uploads\/2015\/10\/DSCN6446a.jpg","keywords":["g\u00e9nero"],"articleSection":["G\u00e9nero"],"inLanguage":"es"},{"@type":"WebPage","@id":"https:\/\/municipales.org.ar\/festram\/primera-reunion-de-la-red-de-mujeres-en-la-nueva-sede\/","url":"https:\/\/municipales.org.ar\/festram\/primera-reunion-de-la-red-de-mujeres-en-la-nueva-sede\/","name":"Primera Reuni\u00f3n de la Red de Mujeres en la Nueva Sede &#8211; FESTRAM","isPartOf":{"@id":"https:\/\/municipales.org.ar\/festram\/#website"},"primaryImageOfPage":{"@id":"https:\/\/municipales.org.ar\/festram\/primera-reunion-de-la-red-de-mujeres-en-la-nueva-sede\/#primaryimage"},"image":{"@id":"https:\/\/municipales.org.ar\/festram\/primera-reunion-de-la-red-de-mujeres-en-la-nueva-sede\/#primaryimage"},"thumbnailUrl":"https:\/\/municipales.org.ar\/festram\/wp-content\/uploads\/2015\/10\/DSCN6446a.jpg","datePublished":"2015-10-23T12:24:14+00:00","dateModified":"2015-10-23T15:59:03+00:00","description":"En 15 de Octubre pasado, volvi\u00f3 a reunirse la Red de Mujeres Municipales, en la nueva sede de FESTRAM, sita en Avenida Freyre 1635 de la ciudad capital de nuestra provincia.","breadcrumb":{"@id":"https:\/\/municipales.org.ar\/festram\/primera-reunion-de-la-red-de-mujeres-en-la-nueva-sede\/#breadcrumb"},"inLanguage":"es","potentialAction":[{"@type":"ReadAction","target":["https:\/\/municipales.org.ar\/festram\/primera-reunion-de-la-red-de-mujeres-en-la-nueva-sede\/"]}]},{"@type":"ImageObject","inLanguage":"es","@id":"https:\/\/municipales.org.ar\/festram\/primera-reunion-de-la-red-de-mujeres-en-la-nueva-sede\/#primaryimage","url":"https:\/\/municipales.org.ar\/festram\/wp-content\/uploads\/2015\/10\/DSCN6446a.jpg","contentUrl":"https:\/\/municipales.org.ar\/festram\/wp-content\/uploads\/2015\/10\/DSCN6446a.jpg","width":1500,"height":959},{"@type":"BreadcrumbList","@id":"https:\/\/municipales.org.ar\/festram\/primera-reunion-de-la-red-de-mujeres-en-la-nueva-sede\/#breadcrumb","itemListElement":[{"@type":"ListItem","position":1,"name":"Portada","item":"https:\/\/municipales.org.ar\/festram\/"},{"@type":"ListItem","position":2,"name":"Primera Reuni\u00f3n de la Red de Mujeres en la Nueva Sede"}]},{"@type":"WebSite","@id":"https:\/\/municipales.org.ar\/festram\/#website","url":"https:\/\/municipales.org.ar\/festram\/","name":"FESTRAM","description":"La web de los trabajadores municipales","publisher":{"@id":"https:\/\/municipales.org.ar\/festram\/#organization"},"potentialAction":[{"@type":"SearchAction","target":{"@type":"EntryPoint","urlTemplate":"https:\/\/municipales.org.ar\/festram\/?s={search_term_string}"},"query-input":{"@type":"PropertyValueSpecification","valueRequired":true,"valueName":"search_term_string"}}],"inLanguage":"es"},{"@type":"Organization","@id":"https:\/\/municipales.org.ar\/festram\/#organization","name":"Federaci\u00f3n de Sindicatos de Trabajadores Municipales de la Provincia de Santa Fe","url":"https:\/\/municipales.org.ar\/festram\/","logo":{"@type":"ImageObject","inLanguage":"es","@id":"https:\/\/municipales.org.ar\/festram\/#\/schema\/logo\/image\/","url":"https:\/\/www.municipales.org.ar\/festram\/wp-content\/uploads\/2014\/07\/logo_fes.jpg","contentUrl":"https:\/\/www.municipales.org.ar\/festram\/wp-content\/uploads\/2014\/07\/logo_fes.jpg","width":661,"height":673,"caption":"Federaci\u00f3n de Sindicatos de Trabajadores Municipales de la Provincia de Santa Fe"},"image":{"@id":"https:\/\/municipales.org.ar\/festram\/#\/schema\/logo\/image\/"},"sameAs":["https:\/\/www.facebook.com\/MunicipalesSF","https:\/\/x.com\/MunicipalesSF","https:\/\/www.youtube.com\/user\/festram"]},{"@type":"Person","@id":"https:\/\/municipales.org.ar\/festram\/#\/schema\/person\/49096a774c48ce9063df4d59ec059f9e","name":"mun_admin"}]}},"jetpack_publicize_connections":[],"jetpack_featured_media_url":"https:\/\/municipales.org.ar\/festram\/wp-content\/uploads\/2015\/10\/DSCN6446a.jpg","jetpack_sharing_enabled":true,"jetpack_likes_enabled":false,"jetpack_shortlink":"https:\/\/wp.me\/p7l4x1-2Hk","_links":{"self":[{"href":"https:\/\/municipales.org.ar\/festram\/wp-json\/wp\/v2\/posts\/10374","targetHints":{"allow":["GET"]}}],"collection":[{"href":"https:\/\/municipales.org.ar\/festram\/wp-json\/wp\/v2\/posts"}],"about":[{"href":"https:\/\/municipales.org.ar\/festram\/wp-json\/wp\/v2\/types\/post"}],"author":[{"embeddable":true,"href":"https:\/\/municipales.org.ar\/festram\/wp-json\/wp\/v2\/users\/1"}],"replies":[{"embeddable":true,"href":"https:\/\/municipales.org.ar\/festram\/wp-json\/wp\/v2\/comments?post=10374"}],"version-history":[{"count":4,"href":"https:\/\/municipales.org.ar\/festram\/wp-json\/wp\/v2\/posts\/10374\/revisions"}],"predecessor-version":[{"id":10383,"href":"https:\/\/municipales.org.ar\/festram\/wp-json\/wp\/v2\/posts\/10374\/revisions\/10383"}],"wp:featuredmedia":[{"embeddable":true,"href":"https:\/\/municipales.org.ar\/festram\/wp-json\/wp\/v2\/media\/10375"}],"wp:attachment":[{"href":"https:\/\/municipales.org.ar\/festram\/wp-json\/wp\/v2\/media?parent=10374"}],"wp:term":[{"taxonomy":"category","embeddable":true,"href":"https:\/\/municipales.org.ar\/festram\/wp-json\/wp\/v2\/categories?post=10374"},{"taxonomy":"post_tag","embeddable":true,"href":"https:\/\/municipales.org.ar\/festram\/wp-json\/wp\/v2\/tags?post=10374"}],"curies":[{"name":"wp","href":"https:\/\/api.w.org\/{rel}","templated":true}]}}