{"id":10495,"date":"2015-11-11T11:13:15","date_gmt":"2015-11-11T14:13:15","guid":{"rendered":"http:\/\/municipales.org.ar\/festram\/?p=10495"},"modified":"2015-11-12T18:54:00","modified_gmt":"2015-11-12T21:54:00","slug":"arroyo-seco-fue-sede-de-un-encuentro-provincial-sobre-comites-mixtos","status":"publish","type":"post","link":"https:\/\/municipales.org.ar\/festram\/arroyo-seco-fue-sede-de-un-encuentro-provincial-sobre-comites-mixtos\/","title":{"rendered":"Arroyo Seco: Leoni clausur\u00f3 la Jornada sobre Comit\u00e9s Mixtos"},"content":{"rendered":"<h5>Una gran cantidad de sindicatos participaron la actividad Provincial<\/h5>\n<p>Se realiz\u00f3 el pasado 11 de Noviembre en la Sede del SITRAM Arroyo Seco, el PRIMER ENCUENTRO PROVINCIAL DE ANALISIS DE LOS TRABAJADORES SOBRE EL FUNCIONAMIENTO DE LOS COMITES MIXTOS EN MUNICIPALIDADES Y COMUNAS Ley Provincial 12.913, Comit\u00e9s de Salud y Seguridad en el Trabajo.<\/p>\n<p>La actividad estuvo organizada por FESTRAM, promovida por el Sindicato Municipal local. Los destinatarios fueron Miembros, Delegados, Delegadas y postulantes designados por los Sindicatos para integrar los Comit\u00e9s Mixtos e Integrantes de Comisiones Directivas de los Sindicatos.<\/p>\n<p>Tuvo como objetivo, \u00a0efectuar una evaluaci\u00f3n desde la perspectiva de las organizaciones Sindicales y de los Trabajadores sobre el funcionamiento de los Comit\u00e9s Mixtos.<\/p>\n<p>Adem\u00e1s sirvi\u00f3 para elaborar propuestas y alternativas para la aplicaci\u00f3n plena de la Ley Provincial 12.913 y por ende la conformaci\u00f3n de los Comit\u00e9s Mixtos en todas las Municipalidades y Comunas de la Provincia de Santa Fe.<\/p>\n<p>En el transcurso de la jornada se pusieron de manifiesto las dificultades que se presentan tanto del sector de las autoridades Municipales y Comunales, como de la parte sindical para aplicar la Ley. No obstante, los participantes reafirmaron el compromiso para revertir esta situaci\u00f3n.<\/p>\n<p>En otro orden surgieron interesantes propuestas para que FESTRAM implemente estrategias y acciones tendientes a consolidar el funcionamiento de los comit\u00e9s. Entre las iniciativas m\u00e1s relevantes aparecen el pedido para que se constituye desde Federaci\u00f3n, un Comit\u00e9 Central y a partir de este espacio se organicen delegaciones regionales. En ese esquema sugieren se conforme una red de referentes provinciales de trabajadores integrantes de comit\u00e9s mixtos, a los fines de brindar capacitaci\u00f3n y asistencia a las Municipalidades y Comunas, para que se ponga en pr\u00e1ctica la Ley.<\/p>\n<p>En otro orden se solicit\u00f3 que se incluya en la pr\u00f3xima paritaria, una propuesta \u00a0para que se destinen partidas en los presupuestos de Municipalidades y Comunas destinados a afrontar inversiones para concretar mejoras que surgieran de lo resuelto en los comit\u00e9s mixtos.<\/p>\n<p>El Secretario General Claudio Leoni agradeci\u00f3 el esfuerzo de los sindicatos participantes, que se trasladaron desde distintas lugares de la Provincia para estar presentes. Por otra parte, hizo especial reconocimiento y felicitaciones a los integrantes del sindicato organizador, y especialmente al Secretario General , Compa\u00f1ero Sergio Gaudio.<\/p>\n<p>Leoni hizo una exhortaci\u00f3n a la importancia que debe otorgarse a la implementaci\u00f3n y aplicaci\u00f3n de la Ley 12.913, ya que los Comit\u00e9s Mixtos constituyen un mecanismo paritario en el seno de las administraciones municipales y comunales, con el objeto de que los trabajadores controlen y aseguren las condiciones dignas de trabajo, seguridad y salud.<\/p>\n<p>&nbsp;<\/p>\n<p>[srizonfbalbum id=5]<\/p>\n<ul>\n<li><a href=\"https:\/\/www.facebook.com\/media\/set\/?set=a.1030453573685226.1073741844.117916918272234&amp;type=3\">M\u00e1s fotos en la fanpage de FESTRAM en Facebook<\/a><\/li>\n<\/ul>\n","protected":false},"excerpt":{"rendered":"<p>En el d\u00eda de hoy se desarroll\u00f3 el primer encuentro provincial de los trabajadores p\u00fablicos sobre el funcionamiento de los comit\u00e9s mixto en las municipalidades y comunas.<\/p>\n","protected":false},"author":1,"featured_media":10498,"comment_status":"closed","ping_status":"closed","sticky":false,"template":"","format":"standard","meta":{"_jetpack_memberships_contains_paid_content":false,"footnotes":"","jetpack_publicize_message":"","jetpack_publicize_feature_enabled":true,"jetpack_social_post_already_shared":true,"jetpack_social_options":{"image_generator_settings":{"template":"highway","default_image_id":0,"font":"","enabled":false},"version":2}},"categories":[61],"tags":[91],"class_list":["post-10495","post","type-post","status-publish","format-standard","has-post-thumbnail","hentry","category-seminarios-y-actividades","tag-salud-y-seguridad"],"yoast_head":"<!-- This site is optimized with the Yoast SEO plugin v25.9 - https:\/\/yoast.com\/wordpress\/plugins\/seo\/ -->\n<title>Arroyo Seco: Leoni clausur\u00f3 la Jornada sobre Comit\u00e9s Mixtos &#8211; FESTRAM<\/title>\n<meta name=\"description\" content=\"En el d\u00eda de hoy se desarroll\u00f3 el primer encuentro provincial de los trabajadores p\u00fablicos sobre el funcionamiento de los comit\u00e9s mixto en las municipalidades y comunas.\" \/>\n<meta name=\"robots\" content=\"index, follow, max-snippet:-1, max-image-preview:large, max-video-preview:-1\" \/>\n<link rel=\"canonical\" href=\"https:\/\/municipales.org.ar\/festram\/arroyo-seco-fue-sede-de-un-encuentro-provincial-sobre-comites-mixtos\/\" \/>\n<meta property=\"og:locale\" content=\"es_ES\" \/>\n<meta property=\"og:type\" content=\"article\" \/>\n<meta property=\"og:title\" content=\"Arroyo Seco: Leoni clausur\u00f3 la Jornada sobre Comit\u00e9s Mixtos &#8211; FESTRAM\" \/>\n<meta property=\"og:description\" content=\"En el d\u00eda de hoy se desarroll\u00f3 el primer encuentro provincial de los trabajadores p\u00fablicos sobre el funcionamiento de los comit\u00e9s mixto en las municipalidades y comunas.\" \/>\n<meta property=\"og:url\" content=\"https:\/\/municipales.org.ar\/festram\/arroyo-seco-fue-sede-de-un-encuentro-provincial-sobre-comites-mixtos\/\" \/>\n<meta property=\"og:site_name\" content=\"FESTRAM\" \/>\n<meta property=\"article:publisher\" content=\"https:\/\/www.facebook.com\/MunicipalesSF\" \/>\n<meta property=\"article:published_time\" content=\"2015-11-11T14:13:15+00:00\" \/>\n<meta property=\"article:modified_time\" content=\"2015-11-12T21:54:00+00:00\" \/>\n<meta property=\"og:image\" content=\"https:\/\/municipales.org.ar\/festram\/wp-content\/uploads\/2015\/11\/tapa-convocatoria-2016A.jpg\" \/>\n\t<meta property=\"og:image:width\" content=\"1200\" \/>\n\t<meta property=\"og:image:height\" content=\"512\" \/>\n\t<meta property=\"og:image:type\" content=\"image\/jpeg\" \/>\n<meta name=\"author\" content=\"mun_admin\" \/>\n<meta name=\"twitter:card\" content=\"summary_large_image\" \/>\n<meta name=\"twitter:creator\" content=\"@MunicipalesSF\" \/>\n<meta name=\"twitter:site\" content=\"@MunicipalesSF\" \/>\n<meta name=\"twitter:label1\" content=\"Escrito por\" \/>\n\t<meta name=\"twitter:data1\" content=\"mun_admin\" \/>\n\t<meta name=\"twitter:label2\" content=\"Tiempo de lectura\" \/>\n\t<meta name=\"twitter:data2\" content=\"2 minutos\" \/>\n<script type=\"application\/ld+json\" class=\"yoast-schema-graph\">{\"@context\":\"https:\/\/schema.org\",\"@graph\":[{\"@type\":\"Article\",\"@id\":\"https:\/\/municipales.org.ar\/festram\/arroyo-seco-fue-sede-de-un-encuentro-provincial-sobre-comites-mixtos\/#article\",\"isPartOf\":{\"@id\":\"https:\/\/municipales.org.ar\/festram\/arroyo-seco-fue-sede-de-un-encuentro-provincial-sobre-comites-mixtos\/\"},\"author\":{\"name\":\"mun_admin\",\"@id\":\"https:\/\/municipales.org.ar\/festram\/#\/schema\/person\/49096a774c48ce9063df4d59ec059f9e\"},\"headline\":\"Arroyo Seco: Leoni clausur\u00f3 la Jornada sobre Comit\u00e9s Mixtos\",\"datePublished\":\"2015-11-11T14:13:15+00:00\",\"dateModified\":\"2015-11-12T21:54:00+00:00\",\"mainEntityOfPage\":{\"@id\":\"https:\/\/municipales.org.ar\/festram\/arroyo-seco-fue-sede-de-un-encuentro-provincial-sobre-comites-mixtos\/\"},\"wordCount\":466,\"publisher\":{\"@id\":\"https:\/\/municipales.org.ar\/festram\/#organization\"},\"image\":{\"@id\":\"https:\/\/municipales.org.ar\/festram\/arroyo-seco-fue-sede-de-un-encuentro-provincial-sobre-comites-mixtos\/#primaryimage\"},\"thumbnailUrl\":\"https:\/\/municipales.org.ar\/festram\/wp-content\/uploads\/2015\/11\/DSCN6712.jpg\",\"keywords\":[\"salud y seguridad\"],\"articleSection\":[\"Seminarios y Actividades\"],\"inLanguage\":\"es\"},{\"@type\":\"WebPage\",\"@id\":\"https:\/\/municipales.org.ar\/festram\/arroyo-seco-fue-sede-de-un-encuentro-provincial-sobre-comites-mixtos\/\",\"url\":\"https:\/\/municipales.org.ar\/festram\/arroyo-seco-fue-sede-de-un-encuentro-provincial-sobre-comites-mixtos\/\",\"name\":\"Arroyo Seco: Leoni clausur\u00f3 la Jornada sobre Comit\u00e9s Mixtos &#8211; FESTRAM\",\"isPartOf\":{\"@id\":\"https:\/\/municipales.org.ar\/festram\/#website\"},\"primaryImageOfPage\":{\"@id\":\"https:\/\/municipales.org.ar\/festram\/arroyo-seco-fue-sede-de-un-encuentro-provincial-sobre-comites-mixtos\/#primaryimage\"},\"image\":{\"@id\":\"https:\/\/municipales.org.ar\/festram\/arroyo-seco-fue-sede-de-un-encuentro-provincial-sobre-comites-mixtos\/#primaryimage\"},\"thumbnailUrl\":\"https:\/\/municipales.org.ar\/festram\/wp-content\/uploads\/2015\/11\/DSCN6712.jpg\",\"datePublished\":\"2015-11-11T14:13:15+00:00\",\"dateModified\":\"2015-11-12T21:54:00+00:00\",\"description\":\"En el d\u00eda de hoy se desarroll\u00f3 el primer encuentro provincial de los trabajadores p\u00fablicos sobre el funcionamiento de los comit\u00e9s mixto en las municipalidades y comunas.\",\"breadcrumb\":{\"@id\":\"https:\/\/municipales.org.ar\/festram\/arroyo-seco-fue-sede-de-un-encuentro-provincial-sobre-comites-mixtos\/#breadcrumb\"},\"inLanguage\":\"es\",\"potentialAction\":[{\"@type\":\"ReadAction\",\"target\":[\"https:\/\/municipales.org.ar\/festram\/arroyo-seco-fue-sede-de-un-encuentro-provincial-sobre-comites-mixtos\/\"]}]},{\"@type\":\"ImageObject\",\"inLanguage\":\"es\",\"@id\":\"https:\/\/municipales.org.ar\/festram\/arroyo-seco-fue-sede-de-un-encuentro-provincial-sobre-comites-mixtos\/#primaryimage\",\"url\":\"https:\/\/municipales.org.ar\/festram\/wp-content\/uploads\/2015\/11\/DSCN6712.jpg\",\"contentUrl\":\"https:\/\/municipales.org.ar\/festram\/wp-content\/uploads\/2015\/11\/DSCN6712.jpg\",\"width\":1382,\"height\":864},{\"@type\":\"BreadcrumbList\",\"@id\":\"https:\/\/municipales.org.ar\/festram\/arroyo-seco-fue-sede-de-un-encuentro-provincial-sobre-comites-mixtos\/#breadcrumb\",\"itemListElement\":[{\"@type\":\"ListItem\",\"position\":1,\"name\":\"Portada\",\"item\":\"https:\/\/municipales.org.ar\/festram\/\"},{\"@type\":\"ListItem\",\"position\":2,\"name\":\"Arroyo Seco: Leoni clausur\u00f3 la Jornada sobre Comit\u00e9s Mixtos\"}]},{\"@type\":\"WebSite\",\"@id\":\"https:\/\/municipales.org.ar\/festram\/#website\",\"url\":\"https:\/\/municipales.org.ar\/festram\/\",\"name\":\"FESTRAM\",\"description\":\"La web de los trabajadores municipales\",\"publisher\":{\"@id\":\"https:\/\/municipales.org.ar\/festram\/#organization\"},\"potentialAction\":[{\"@type\":\"SearchAction\",\"target\":{\"@type\":\"EntryPoint\",\"urlTemplate\":\"https:\/\/municipales.org.ar\/festram\/?s={search_term_string}\"},\"query-input\":{\"@type\":\"PropertyValueSpecification\",\"valueRequired\":true,\"valueName\":\"search_term_string\"}}],\"inLanguage\":\"es\"},{\"@type\":\"Organization\",\"@id\":\"https:\/\/municipales.org.ar\/festram\/#organization\",\"name\":\"Federaci\u00f3n de Sindicatos de Trabajadores Municipales de la Provincia de Santa Fe\",\"url\":\"https:\/\/municipales.org.ar\/festram\/\",\"logo\":{\"@type\":\"ImageObject\",\"inLanguage\":\"es\",\"@id\":\"https:\/\/municipales.org.ar\/festram\/#\/schema\/logo\/image\/\",\"url\":\"https:\/\/www.municipales.org.ar\/festram\/wp-content\/uploads\/2014\/07\/logo_fes.jpg\",\"contentUrl\":\"https:\/\/www.municipales.org.ar\/festram\/wp-content\/uploads\/2014\/07\/logo_fes.jpg\",\"width\":661,\"height\":673,\"caption\":\"Federaci\u00f3n de Sindicatos de Trabajadores Municipales de la Provincia de Santa Fe\"},\"image\":{\"@id\":\"https:\/\/municipales.org.ar\/festram\/#\/schema\/logo\/image\/\"},\"sameAs\":[\"https:\/\/www.facebook.com\/MunicipalesSF\",\"https:\/\/x.com\/MunicipalesSF\",\"https:\/\/www.youtube.com\/user\/festram\"]},{\"@type\":\"Person\",\"@id\":\"https:\/\/municipales.org.ar\/festram\/#\/schema\/person\/49096a774c48ce9063df4d59ec059f9e\",\"name\":\"mun_admin\"}]}<\/script>\n<!-- \/ Yoast SEO plugin. -->","yoast_head_json":{"title":"Arroyo Seco: Leoni clausur\u00f3 la Jornada sobre Comit\u00e9s Mixtos &#8211; FESTRAM","description":"En el d\u00eda de hoy se desarroll\u00f3 el primer encuentro provincial de los trabajadores p\u00fablicos sobre el funcionamiento de los comit\u00e9s mixto en las municipalidades y comunas.","robots":{"index":"index","follow":"follow","max-snippet":"max-snippet:-1","max-image-preview":"max-image-preview:large","max-video-preview":"max-video-preview:-1"},"canonical":"https:\/\/municipales.org.ar\/festram\/arroyo-seco-fue-sede-de-un-encuentro-provincial-sobre-comites-mixtos\/","og_locale":"es_ES","og_type":"article","og_title":"Arroyo Seco: Leoni clausur\u00f3 la Jornada sobre Comit\u00e9s Mixtos &#8211; FESTRAM","og_description":"En el d\u00eda de hoy se desarroll\u00f3 el primer encuentro provincial de los trabajadores p\u00fablicos sobre el funcionamiento de los comit\u00e9s mixto en las municipalidades y comunas.","og_url":"https:\/\/municipales.org.ar\/festram\/arroyo-seco-fue-sede-de-un-encuentro-provincial-sobre-comites-mixtos\/","og_site_name":"FESTRAM","article_publisher":"https:\/\/www.facebook.com\/MunicipalesSF","article_published_time":"2015-11-11T14:13:15+00:00","article_modified_time":"2015-11-12T21:54:00+00:00","og_image":[{"width":1200,"height":512,"url":"https:\/\/municipales.org.ar\/festram\/wp-content\/uploads\/2015\/11\/tapa-convocatoria-2016A.jpg","type":"image\/jpeg"}],"author":"mun_admin","twitter_card":"summary_large_image","twitter_creator":"@MunicipalesSF","twitter_site":"@MunicipalesSF","twitter_misc":{"Escrito por":"mun_admin","Tiempo de lectura":"2 minutos"},"schema":{"@context":"https:\/\/schema.org","@graph":[{"@type":"Article","@id":"https:\/\/municipales.org.ar\/festram\/arroyo-seco-fue-sede-de-un-encuentro-provincial-sobre-comites-mixtos\/#article","isPartOf":{"@id":"https:\/\/municipales.org.ar\/festram\/arroyo-seco-fue-sede-de-un-encuentro-provincial-sobre-comites-mixtos\/"},"author":{"name":"mun_admin","@id":"https:\/\/municipales.org.ar\/festram\/#\/schema\/person\/49096a774c48ce9063df4d59ec059f9e"},"headline":"Arroyo Seco: Leoni clausur\u00f3 la Jornada sobre Comit\u00e9s Mixtos","datePublished":"2015-11-11T14:13:15+00:00","dateModified":"2015-11-12T21:54:00+00:00","mainEntityOfPage":{"@id":"https:\/\/municipales.org.ar\/festram\/arroyo-seco-fue-sede-de-un-encuentro-provincial-sobre-comites-mixtos\/"},"wordCount":466,"publisher":{"@id":"https:\/\/municipales.org.ar\/festram\/#organization"},"image":{"@id":"https:\/\/municipales.org.ar\/festram\/arroyo-seco-fue-sede-de-un-encuentro-provincial-sobre-comites-mixtos\/#primaryimage"},"thumbnailUrl":"https:\/\/municipales.org.ar\/festram\/wp-content\/uploads\/2015\/11\/DSCN6712.jpg","keywords":["salud y seguridad"],"articleSection":["Seminarios y Actividades"],"inLanguage":"es"},{"@type":"WebPage","@id":"https:\/\/municipales.org.ar\/festram\/arroyo-seco-fue-sede-de-un-encuentro-provincial-sobre-comites-mixtos\/","url":"https:\/\/municipales.org.ar\/festram\/arroyo-seco-fue-sede-de-un-encuentro-provincial-sobre-comites-mixtos\/","name":"Arroyo Seco: Leoni clausur\u00f3 la Jornada sobre Comit\u00e9s Mixtos &#8211; FESTRAM","isPartOf":{"@id":"https:\/\/municipales.org.ar\/festram\/#website"},"primaryImageOfPage":{"@id":"https:\/\/municipales.org.ar\/festram\/arroyo-seco-fue-sede-de-un-encuentro-provincial-sobre-comites-mixtos\/#primaryimage"},"image":{"@id":"https:\/\/municipales.org.ar\/festram\/arroyo-seco-fue-sede-de-un-encuentro-provincial-sobre-comites-mixtos\/#primaryimage"},"thumbnailUrl":"https:\/\/municipales.org.ar\/festram\/wp-content\/uploads\/2015\/11\/DSCN6712.jpg","datePublished":"2015-11-11T14:13:15+00:00","dateModified":"2015-11-12T21:54:00+00:00","description":"En el d\u00eda de hoy se desarroll\u00f3 el primer encuentro provincial de los trabajadores p\u00fablicos sobre el funcionamiento de los comit\u00e9s mixto en las municipalidades y comunas.","breadcrumb":{"@id":"https:\/\/municipales.org.ar\/festram\/arroyo-seco-fue-sede-de-un-encuentro-provincial-sobre-comites-mixtos\/#breadcrumb"},"inLanguage":"es","potentialAction":[{"@type":"ReadAction","target":["https:\/\/municipales.org.ar\/festram\/arroyo-seco-fue-sede-de-un-encuentro-provincial-sobre-comites-mixtos\/"]}]},{"@type":"ImageObject","inLanguage":"es","@id":"https:\/\/municipales.org.ar\/festram\/arroyo-seco-fue-sede-de-un-encuentro-provincial-sobre-comites-mixtos\/#primaryimage","url":"https:\/\/municipales.org.ar\/festram\/wp-content\/uploads\/2015\/11\/DSCN6712.jpg","contentUrl":"https:\/\/municipales.org.ar\/festram\/wp-content\/uploads\/2015\/11\/DSCN6712.jpg","width":1382,"height":864},{"@type":"BreadcrumbList","@id":"https:\/\/municipales.org.ar\/festram\/arroyo-seco-fue-sede-de-un-encuentro-provincial-sobre-comites-mixtos\/#breadcrumb","itemListElement":[{"@type":"ListItem","position":1,"name":"Portada","item":"https:\/\/municipales.org.ar\/festram\/"},{"@type":"ListItem","position":2,"name":"Arroyo Seco: Leoni clausur\u00f3 la Jornada sobre Comit\u00e9s Mixtos"}]},{"@type":"WebSite","@id":"https:\/\/municipales.org.ar\/festram\/#website","url":"https:\/\/municipales.org.ar\/festram\/","name":"FESTRAM","description":"La web de los trabajadores municipales","publisher":{"@id":"https:\/\/municipales.org.ar\/festram\/#organization"},"potentialAction":[{"@type":"SearchAction","target":{"@type":"EntryPoint","urlTemplate":"https:\/\/municipales.org.ar\/festram\/?s={search_term_string}"},"query-input":{"@type":"PropertyValueSpecification","valueRequired":true,"valueName":"search_term_string"}}],"inLanguage":"es"},{"@type":"Organization","@id":"https:\/\/municipales.org.ar\/festram\/#organization","name":"Federaci\u00f3n de Sindicatos de Trabajadores Municipales de la Provincia de Santa Fe","url":"https:\/\/municipales.org.ar\/festram\/","logo":{"@type":"ImageObject","inLanguage":"es","@id":"https:\/\/municipales.org.ar\/festram\/#\/schema\/logo\/image\/","url":"https:\/\/www.municipales.org.ar\/festram\/wp-content\/uploads\/2014\/07\/logo_fes.jpg","contentUrl":"https:\/\/www.municipales.org.ar\/festram\/wp-content\/uploads\/2014\/07\/logo_fes.jpg","width":661,"height":673,"caption":"Federaci\u00f3n de Sindicatos de Trabajadores Municipales de la Provincia de Santa Fe"},"image":{"@id":"https:\/\/municipales.org.ar\/festram\/#\/schema\/logo\/image\/"},"sameAs":["https:\/\/www.facebook.com\/MunicipalesSF","https:\/\/x.com\/MunicipalesSF","https:\/\/www.youtube.com\/user\/festram"]},{"@type":"Person","@id":"https:\/\/municipales.org.ar\/festram\/#\/schema\/person\/49096a774c48ce9063df4d59ec059f9e","name":"mun_admin"}]}},"jetpack_publicize_connections":[],"jetpack_featured_media_url":"https:\/\/municipales.org.ar\/festram\/wp-content\/uploads\/2015\/11\/DSCN6712.jpg","jetpack_sharing_enabled":true,"jetpack_likes_enabled":false,"jetpack_shortlink":"https:\/\/wp.me\/p7l4x1-2Jh","_links":{"self":[{"href":"https:\/\/municipales.org.ar\/festram\/wp-json\/wp\/v2\/posts\/10495","targetHints":{"allow":["GET"]}}],"collection":[{"href":"https:\/\/municipales.org.ar\/festram\/wp-json\/wp\/v2\/posts"}],"about":[{"href":"https:\/\/municipales.org.ar\/festram\/wp-json\/wp\/v2\/types\/post"}],"author":[{"embeddable":true,"href":"https:\/\/municipales.org.ar\/festram\/wp-json\/wp\/v2\/users\/1"}],"replies":[{"embeddable":true,"href":"https:\/\/municipales.org.ar\/festram\/wp-json\/wp\/v2\/comments?post=10495"}],"version-history":[{"count":5,"href":"https:\/\/municipales.org.ar\/festram\/wp-json\/wp\/v2\/posts\/10495\/revisions"}],"predecessor-version":[{"id":10503,"href":"https:\/\/municipales.org.ar\/festram\/wp-json\/wp\/v2\/posts\/10495\/revisions\/10503"}],"wp:featuredmedia":[{"embeddable":true,"href":"https:\/\/municipales.org.ar\/festram\/wp-json\/wp\/v2\/media\/10498"}],"wp:attachment":[{"href":"https:\/\/municipales.org.ar\/festram\/wp-json\/wp\/v2\/media?parent=10495"}],"wp:term":[{"taxonomy":"category","embeddable":true,"href":"https:\/\/municipales.org.ar\/festram\/wp-json\/wp\/v2\/categories?post=10495"},{"taxonomy":"post_tag","embeddable":true,"href":"https:\/\/municipales.org.ar\/festram\/wp-json\/wp\/v2\/tags?post=10495"}],"curies":[{"name":"wp","href":"https:\/\/api.w.org\/{rel}","templated":true}]}}