{"id":10514,"date":"2015-11-16T22:44:38","date_gmt":"2015-11-17T01:44:38","guid":{"rendered":"http:\/\/municipales.org.ar\/festram\/?p=10514"},"modified":"2015-11-16T22:44:38","modified_gmt":"2015-11-17T01:44:38","slug":"las-mujeres-municipales-y-comunales-siguen-organizandose","status":"publish","type":"post","link":"https:\/\/municipales.org.ar\/festram\/las-mujeres-municipales-y-comunales-siguen-organizandose\/","title":{"rendered":"Las Mujeres Municipales y Comunales siguen organiz\u00e1ndose"},"content":{"rendered":"<h5 class=\"p1\">El d\u00eda mi\u00e9rcoles 12 del mes en curso nos reunimos en la sede de nuestra Federaci\u00f3n, la Red Provincial de Mujeres Municipales y Comunales dando continuidad al cronograma de actividades generado para este a\u00f1o.<\/h5>\n<p class=\"p1\">La Red se sigue fortaleciendo con la presencia y participaci\u00f3n de compa\u00f1eras pertenecientes a otras Comunas y Municipalidades. En esta reuni\u00f3n se sumaron compa\u00f1eras de Villa Minetti, Ca\u00f1ada de G\u00f3mez y San Justo.<\/p>\n<p class=\"p1\">Se dio lectura y tratamiento al temario propuesto para desarrollar la exposici\u00f3n en el pr\u00f3ximo Seminario a realizarse en Agua de Oro. Se unificaron criterios ante los trabajos presentados por las compa\u00f1eras.<\/p>\n<p class=\"p1\">Fijamos posici\u00f3n de cara al Balotaje a realizarse el 22\/11. <strong>Asumimos como mujeres representantes de todas las trabajadoras municipales y comunales de la Provincia de Santa Fe, y en defensa de su derechos, llamar a la reflexi\u00f3n y votar en defensa propia, porque es nuestra responsabilidad defender nuestro salario, paritarias, estabilidad laboral, jubilaciones y pensiones.<\/strong><\/p>\n<p class=\"p1\">Ante todo lo expresado la Red de Mujeres de FESTRAM fijamos posici\u00f3n un\u00e1nime dando nuestro respaldo incondicional al Compa\u00f1ero Daniel Scioli.<\/p>\n<p class=\"p1\"><strong>No es una elecci\u00f3n m\u00e1s\u2026 Votemos a conciencia.<\/strong><\/p>\n<p class=\"p1\">La pr\u00f3xima reuni\u00f3n se realizar\u00e1 el mi\u00e9rcoles 18 de noviembre a las 10s. en la sede de FESTRAM.<\/p>\n<p class=\"p1\">\n<p class=\"p1\">[srizonfbalbum id=7]<\/p>\n","protected":false},"excerpt":{"rendered":"<p>El d\u00eda mi\u00e9rcoles 12 del mes en curso nos reunimos en la sede de nuestra Federaci\u00f3n, la Red Provincial de Mujeres Municipales y Comunales dando continuidad al cronograma de actividades generado para este a\u00f1o.<\/p>\n","protected":false},"author":1,"featured_media":10515,"comment_status":"closed","ping_status":"closed","sticky":false,"template":"","format":"standard","meta":{"_jetpack_memberships_contains_paid_content":false,"footnotes":"","jetpack_publicize_message":"","jetpack_publicize_feature_enabled":true,"jetpack_social_post_already_shared":true,"jetpack_social_options":{"image_generator_settings":{"template":"highway","default_image_id":0,"font":"","enabled":false},"version":2}},"categories":[50],"tags":[70,87],"class_list":["post-10514","post","type-post","status-publish","format-standard","has-post-thumbnail","hentry","category-genero","tag-el-pais","tag-genero-2"],"yoast_head":"<!-- This site is optimized with the Yoast SEO plugin v25.9 - https:\/\/yoast.com\/wordpress\/plugins\/seo\/ -->\n<title>Las Mujeres Municipales y Comunales siguen organiz\u00e1ndose &#8211; FESTRAM<\/title>\n<meta name=\"description\" content=\"El d\u00eda mi\u00e9rcoles 12 del mes en curso nos reunimos en la sede de nuestra Federaci\u00f3n, la Red Provincial de Mujeres Municipales y Comunales dando continuidad al cronograma de actividades generado para este a\u00f1o.\" \/>\n<meta name=\"robots\" content=\"index, follow, max-snippet:-1, max-image-preview:large, max-video-preview:-1\" \/>\n<link rel=\"canonical\" href=\"https:\/\/municipales.org.ar\/festram\/las-mujeres-municipales-y-comunales-siguen-organizandose\/\" \/>\n<meta property=\"og:locale\" content=\"es_ES\" \/>\n<meta property=\"og:type\" content=\"article\" \/>\n<meta property=\"og:title\" content=\"Las Mujeres Municipales y Comunales siguen organiz\u00e1ndose &#8211; FESTRAM\" \/>\n<meta property=\"og:description\" content=\"El d\u00eda mi\u00e9rcoles 12 del mes en curso nos reunimos en la sede de nuestra Federaci\u00f3n, la Red Provincial de Mujeres Municipales y Comunales dando continuidad al cronograma de actividades generado para este a\u00f1o.\" \/>\n<meta property=\"og:url\" content=\"https:\/\/municipales.org.ar\/festram\/las-mujeres-municipales-y-comunales-siguen-organizandose\/\" \/>\n<meta property=\"og:site_name\" content=\"FESTRAM\" \/>\n<meta property=\"article:publisher\" content=\"https:\/\/www.facebook.com\/MunicipalesSF\" \/>\n<meta property=\"article:published_time\" content=\"2015-11-17T01:44:38+00:00\" \/>\n<meta property=\"og:image\" content=\"https:\/\/municipales.org.ar\/festram\/wp-content\/uploads\/2015\/11\/IMG_5992small.jpg\" \/>\n\t<meta property=\"og:image:width\" content=\"1200\" \/>\n\t<meta property=\"og:image:height\" content=\"681\" \/>\n\t<meta property=\"og:image:type\" content=\"image\/jpeg\" \/>\n<meta name=\"author\" content=\"mun_admin\" \/>\n<meta name=\"twitter:card\" content=\"summary_large_image\" \/>\n<meta name=\"twitter:creator\" content=\"@MunicipalesSF\" \/>\n<meta name=\"twitter:site\" content=\"@MunicipalesSF\" \/>\n<meta name=\"twitter:label1\" content=\"Escrito por\" \/>\n\t<meta name=\"twitter:data1\" content=\"mun_admin\" \/>\n\t<meta name=\"twitter:label2\" content=\"Tiempo de lectura\" \/>\n\t<meta name=\"twitter:data2\" content=\"1 minuto\" \/>\n<script type=\"application\/ld+json\" class=\"yoast-schema-graph\">{\"@context\":\"https:\/\/schema.org\",\"@graph\":[{\"@type\":\"Article\",\"@id\":\"https:\/\/municipales.org.ar\/festram\/las-mujeres-municipales-y-comunales-siguen-organizandose\/#article\",\"isPartOf\":{\"@id\":\"https:\/\/municipales.org.ar\/festram\/las-mujeres-municipales-y-comunales-siguen-organizandose\/\"},\"author\":{\"name\":\"mun_admin\",\"@id\":\"https:\/\/municipales.org.ar\/festram\/#\/schema\/person\/49096a774c48ce9063df4d59ec059f9e\"},\"headline\":\"Las Mujeres Municipales y Comunales siguen organiz\u00e1ndose\",\"datePublished\":\"2015-11-17T01:44:38+00:00\",\"mainEntityOfPage\":{\"@id\":\"https:\/\/municipales.org.ar\/festram\/las-mujeres-municipales-y-comunales-siguen-organizandose\/\"},\"wordCount\":231,\"publisher\":{\"@id\":\"https:\/\/municipales.org.ar\/festram\/#organization\"},\"image\":{\"@id\":\"https:\/\/municipales.org.ar\/festram\/las-mujeres-municipales-y-comunales-siguen-organizandose\/#primaryimage\"},\"thumbnailUrl\":\"https:\/\/municipales.org.ar\/festram\/wp-content\/uploads\/2015\/11\/IMG_5992small.jpg\",\"keywords\":[\"el pa\u00eds\",\"g\u00e9nero\"],\"articleSection\":[\"G\u00e9nero\"],\"inLanguage\":\"es\"},{\"@type\":\"WebPage\",\"@id\":\"https:\/\/municipales.org.ar\/festram\/las-mujeres-municipales-y-comunales-siguen-organizandose\/\",\"url\":\"https:\/\/municipales.org.ar\/festram\/las-mujeres-municipales-y-comunales-siguen-organizandose\/\",\"name\":\"Las Mujeres Municipales y Comunales siguen organiz\u00e1ndose &#8211; FESTRAM\",\"isPartOf\":{\"@id\":\"https:\/\/municipales.org.ar\/festram\/#website\"},\"primaryImageOfPage\":{\"@id\":\"https:\/\/municipales.org.ar\/festram\/las-mujeres-municipales-y-comunales-siguen-organizandose\/#primaryimage\"},\"image\":{\"@id\":\"https:\/\/municipales.org.ar\/festram\/las-mujeres-municipales-y-comunales-siguen-organizandose\/#primaryimage\"},\"thumbnailUrl\":\"https:\/\/municipales.org.ar\/festram\/wp-content\/uploads\/2015\/11\/IMG_5992small.jpg\",\"datePublished\":\"2015-11-17T01:44:38+00:00\",\"description\":\"El d\u00eda mi\u00e9rcoles 12 del mes en curso nos reunimos en la sede de nuestra Federaci\u00f3n, la Red Provincial de Mujeres Municipales y Comunales dando continuidad al cronograma de actividades generado para este a\u00f1o.\",\"breadcrumb\":{\"@id\":\"https:\/\/municipales.org.ar\/festram\/las-mujeres-municipales-y-comunales-siguen-organizandose\/#breadcrumb\"},\"inLanguage\":\"es\",\"potentialAction\":[{\"@type\":\"ReadAction\",\"target\":[\"https:\/\/municipales.org.ar\/festram\/las-mujeres-municipales-y-comunales-siguen-organizandose\/\"]}]},{\"@type\":\"ImageObject\",\"inLanguage\":\"es\",\"@id\":\"https:\/\/municipales.org.ar\/festram\/las-mujeres-municipales-y-comunales-siguen-organizandose\/#primaryimage\",\"url\":\"https:\/\/municipales.org.ar\/festram\/wp-content\/uploads\/2015\/11\/IMG_5992small.jpg\",\"contentUrl\":\"https:\/\/municipales.org.ar\/festram\/wp-content\/uploads\/2015\/11\/IMG_5992small.jpg\",\"width\":1200,\"height\":681},{\"@type\":\"BreadcrumbList\",\"@id\":\"https:\/\/municipales.org.ar\/festram\/las-mujeres-municipales-y-comunales-siguen-organizandose\/#breadcrumb\",\"itemListElement\":[{\"@type\":\"ListItem\",\"position\":1,\"name\":\"Portada\",\"item\":\"https:\/\/municipales.org.ar\/festram\/\"},{\"@type\":\"ListItem\",\"position\":2,\"name\":\"Las Mujeres Municipales y Comunales siguen organiz\u00e1ndose\"}]},{\"@type\":\"WebSite\",\"@id\":\"https:\/\/municipales.org.ar\/festram\/#website\",\"url\":\"https:\/\/municipales.org.ar\/festram\/\",\"name\":\"FESTRAM\",\"description\":\"La web de los trabajadores municipales\",\"publisher\":{\"@id\":\"https:\/\/municipales.org.ar\/festram\/#organization\"},\"potentialAction\":[{\"@type\":\"SearchAction\",\"target\":{\"@type\":\"EntryPoint\",\"urlTemplate\":\"https:\/\/municipales.org.ar\/festram\/?s={search_term_string}\"},\"query-input\":{\"@type\":\"PropertyValueSpecification\",\"valueRequired\":true,\"valueName\":\"search_term_string\"}}],\"inLanguage\":\"es\"},{\"@type\":\"Organization\",\"@id\":\"https:\/\/municipales.org.ar\/festram\/#organization\",\"name\":\"Federaci\u00f3n de Sindicatos de Trabajadores Municipales de la Provincia de Santa Fe\",\"url\":\"https:\/\/municipales.org.ar\/festram\/\",\"logo\":{\"@type\":\"ImageObject\",\"inLanguage\":\"es\",\"@id\":\"https:\/\/municipales.org.ar\/festram\/#\/schema\/logo\/image\/\",\"url\":\"https:\/\/www.municipales.org.ar\/festram\/wp-content\/uploads\/2014\/07\/logo_fes.jpg\",\"contentUrl\":\"https:\/\/www.municipales.org.ar\/festram\/wp-content\/uploads\/2014\/07\/logo_fes.jpg\",\"width\":661,\"height\":673,\"caption\":\"Federaci\u00f3n de Sindicatos de Trabajadores Municipales de la Provincia de Santa Fe\"},\"image\":{\"@id\":\"https:\/\/municipales.org.ar\/festram\/#\/schema\/logo\/image\/\"},\"sameAs\":[\"https:\/\/www.facebook.com\/MunicipalesSF\",\"https:\/\/x.com\/MunicipalesSF\",\"https:\/\/www.youtube.com\/user\/festram\"]},{\"@type\":\"Person\",\"@id\":\"https:\/\/municipales.org.ar\/festram\/#\/schema\/person\/49096a774c48ce9063df4d59ec059f9e\",\"name\":\"mun_admin\"}]}<\/script>\n<!-- \/ Yoast SEO plugin. -->","yoast_head_json":{"title":"Las Mujeres Municipales y Comunales siguen organiz\u00e1ndose &#8211; FESTRAM","description":"El d\u00eda mi\u00e9rcoles 12 del mes en curso nos reunimos en la sede de nuestra Federaci\u00f3n, la Red Provincial de Mujeres Municipales y Comunales dando continuidad al cronograma de actividades generado para este a\u00f1o.","robots":{"index":"index","follow":"follow","max-snippet":"max-snippet:-1","max-image-preview":"max-image-preview:large","max-video-preview":"max-video-preview:-1"},"canonical":"https:\/\/municipales.org.ar\/festram\/las-mujeres-municipales-y-comunales-siguen-organizandose\/","og_locale":"es_ES","og_type":"article","og_title":"Las Mujeres Municipales y Comunales siguen organiz\u00e1ndose &#8211; FESTRAM","og_description":"El d\u00eda mi\u00e9rcoles 12 del mes en curso nos reunimos en la sede de nuestra Federaci\u00f3n, la Red Provincial de Mujeres Municipales y Comunales dando continuidad al cronograma de actividades generado para este a\u00f1o.","og_url":"https:\/\/municipales.org.ar\/festram\/las-mujeres-municipales-y-comunales-siguen-organizandose\/","og_site_name":"FESTRAM","article_publisher":"https:\/\/www.facebook.com\/MunicipalesSF","article_published_time":"2015-11-17T01:44:38+00:00","og_image":[{"width":1200,"height":681,"url":"https:\/\/municipales.org.ar\/festram\/wp-content\/uploads\/2015\/11\/IMG_5992small.jpg","type":"image\/jpeg"}],"author":"mun_admin","twitter_card":"summary_large_image","twitter_creator":"@MunicipalesSF","twitter_site":"@MunicipalesSF","twitter_misc":{"Escrito por":"mun_admin","Tiempo de lectura":"1 minuto"},"schema":{"@context":"https:\/\/schema.org","@graph":[{"@type":"Article","@id":"https:\/\/municipales.org.ar\/festram\/las-mujeres-municipales-y-comunales-siguen-organizandose\/#article","isPartOf":{"@id":"https:\/\/municipales.org.ar\/festram\/las-mujeres-municipales-y-comunales-siguen-organizandose\/"},"author":{"name":"mun_admin","@id":"https:\/\/municipales.org.ar\/festram\/#\/schema\/person\/49096a774c48ce9063df4d59ec059f9e"},"headline":"Las Mujeres Municipales y Comunales siguen organiz\u00e1ndose","datePublished":"2015-11-17T01:44:38+00:00","mainEntityOfPage":{"@id":"https:\/\/municipales.org.ar\/festram\/las-mujeres-municipales-y-comunales-siguen-organizandose\/"},"wordCount":231,"publisher":{"@id":"https:\/\/municipales.org.ar\/festram\/#organization"},"image":{"@id":"https:\/\/municipales.org.ar\/festram\/las-mujeres-municipales-y-comunales-siguen-organizandose\/#primaryimage"},"thumbnailUrl":"https:\/\/municipales.org.ar\/festram\/wp-content\/uploads\/2015\/11\/IMG_5992small.jpg","keywords":["el pa\u00eds","g\u00e9nero"],"articleSection":["G\u00e9nero"],"inLanguage":"es"},{"@type":"WebPage","@id":"https:\/\/municipales.org.ar\/festram\/las-mujeres-municipales-y-comunales-siguen-organizandose\/","url":"https:\/\/municipales.org.ar\/festram\/las-mujeres-municipales-y-comunales-siguen-organizandose\/","name":"Las Mujeres Municipales y Comunales siguen organiz\u00e1ndose &#8211; FESTRAM","isPartOf":{"@id":"https:\/\/municipales.org.ar\/festram\/#website"},"primaryImageOfPage":{"@id":"https:\/\/municipales.org.ar\/festram\/las-mujeres-municipales-y-comunales-siguen-organizandose\/#primaryimage"},"image":{"@id":"https:\/\/municipales.org.ar\/festram\/las-mujeres-municipales-y-comunales-siguen-organizandose\/#primaryimage"},"thumbnailUrl":"https:\/\/municipales.org.ar\/festram\/wp-content\/uploads\/2015\/11\/IMG_5992small.jpg","datePublished":"2015-11-17T01:44:38+00:00","description":"El d\u00eda mi\u00e9rcoles 12 del mes en curso nos reunimos en la sede de nuestra Federaci\u00f3n, la Red Provincial de Mujeres Municipales y Comunales dando continuidad al cronograma de actividades generado para este a\u00f1o.","breadcrumb":{"@id":"https:\/\/municipales.org.ar\/festram\/las-mujeres-municipales-y-comunales-siguen-organizandose\/#breadcrumb"},"inLanguage":"es","potentialAction":[{"@type":"ReadAction","target":["https:\/\/municipales.org.ar\/festram\/las-mujeres-municipales-y-comunales-siguen-organizandose\/"]}]},{"@type":"ImageObject","inLanguage":"es","@id":"https:\/\/municipales.org.ar\/festram\/las-mujeres-municipales-y-comunales-siguen-organizandose\/#primaryimage","url":"https:\/\/municipales.org.ar\/festram\/wp-content\/uploads\/2015\/11\/IMG_5992small.jpg","contentUrl":"https:\/\/municipales.org.ar\/festram\/wp-content\/uploads\/2015\/11\/IMG_5992small.jpg","width":1200,"height":681},{"@type":"BreadcrumbList","@id":"https:\/\/municipales.org.ar\/festram\/las-mujeres-municipales-y-comunales-siguen-organizandose\/#breadcrumb","itemListElement":[{"@type":"ListItem","position":1,"name":"Portada","item":"https:\/\/municipales.org.ar\/festram\/"},{"@type":"ListItem","position":2,"name":"Las Mujeres Municipales y Comunales siguen organiz\u00e1ndose"}]},{"@type":"WebSite","@id":"https:\/\/municipales.org.ar\/festram\/#website","url":"https:\/\/municipales.org.ar\/festram\/","name":"FESTRAM","description":"La web de los trabajadores municipales","publisher":{"@id":"https:\/\/municipales.org.ar\/festram\/#organization"},"potentialAction":[{"@type":"SearchAction","target":{"@type":"EntryPoint","urlTemplate":"https:\/\/municipales.org.ar\/festram\/?s={search_term_string}"},"query-input":{"@type":"PropertyValueSpecification","valueRequired":true,"valueName":"search_term_string"}}],"inLanguage":"es"},{"@type":"Organization","@id":"https:\/\/municipales.org.ar\/festram\/#organization","name":"Federaci\u00f3n de Sindicatos de Trabajadores Municipales de la Provincia de Santa Fe","url":"https:\/\/municipales.org.ar\/festram\/","logo":{"@type":"ImageObject","inLanguage":"es","@id":"https:\/\/municipales.org.ar\/festram\/#\/schema\/logo\/image\/","url":"https:\/\/www.municipales.org.ar\/festram\/wp-content\/uploads\/2014\/07\/logo_fes.jpg","contentUrl":"https:\/\/www.municipales.org.ar\/festram\/wp-content\/uploads\/2014\/07\/logo_fes.jpg","width":661,"height":673,"caption":"Federaci\u00f3n de Sindicatos de Trabajadores Municipales de la Provincia de Santa Fe"},"image":{"@id":"https:\/\/municipales.org.ar\/festram\/#\/schema\/logo\/image\/"},"sameAs":["https:\/\/www.facebook.com\/MunicipalesSF","https:\/\/x.com\/MunicipalesSF","https:\/\/www.youtube.com\/user\/festram"]},{"@type":"Person","@id":"https:\/\/municipales.org.ar\/festram\/#\/schema\/person\/49096a774c48ce9063df4d59ec059f9e","name":"mun_admin"}]}},"jetpack_publicize_connections":[],"jetpack_featured_media_url":"https:\/\/municipales.org.ar\/festram\/wp-content\/uploads\/2015\/11\/IMG_5992small.jpg","jetpack_sharing_enabled":true,"jetpack_likes_enabled":false,"jetpack_shortlink":"https:\/\/wp.me\/p7l4x1-2JA","_links":{"self":[{"href":"https:\/\/municipales.org.ar\/festram\/wp-json\/wp\/v2\/posts\/10514","targetHints":{"allow":["GET"]}}],"collection":[{"href":"https:\/\/municipales.org.ar\/festram\/wp-json\/wp\/v2\/posts"}],"about":[{"href":"https:\/\/municipales.org.ar\/festram\/wp-json\/wp\/v2\/types\/post"}],"author":[{"embeddable":true,"href":"https:\/\/municipales.org.ar\/festram\/wp-json\/wp\/v2\/users\/1"}],"replies":[{"embeddable":true,"href":"https:\/\/municipales.org.ar\/festram\/wp-json\/wp\/v2\/comments?post=10514"}],"version-history":[{"count":1,"href":"https:\/\/municipales.org.ar\/festram\/wp-json\/wp\/v2\/posts\/10514\/revisions"}],"predecessor-version":[{"id":10516,"href":"https:\/\/municipales.org.ar\/festram\/wp-json\/wp\/v2\/posts\/10514\/revisions\/10516"}],"wp:featuredmedia":[{"embeddable":true,"href":"https:\/\/municipales.org.ar\/festram\/wp-json\/wp\/v2\/media\/10515"}],"wp:attachment":[{"href":"https:\/\/municipales.org.ar\/festram\/wp-json\/wp\/v2\/media?parent=10514"}],"wp:term":[{"taxonomy":"category","embeddable":true,"href":"https:\/\/municipales.org.ar\/festram\/wp-json\/wp\/v2\/categories?post=10514"},{"taxonomy":"post_tag","embeddable":true,"href":"https:\/\/municipales.org.ar\/festram\/wp-json\/wp\/v2\/tags?post=10514"}],"curies":[{"name":"wp","href":"https:\/\/api.w.org\/{rel}","templated":true}]}}