{"id":10569,"date":"2015-12-28T08:12:13","date_gmt":"2015-12-28T11:12:13","guid":{"rendered":"http:\/\/municipales.org.ar\/festram\/?p=10569"},"modified":"2016-03-23T09:40:09","modified_gmt":"2016-03-23T12:40:09","slug":"municipales-no-admitiran-que-se-altere-la-estabilidad-de-los-trabajadores","status":"publish","type":"post","link":"https:\/\/municipales.org.ar\/festram\/municipales-no-admitiran-que-se-altere-la-estabilidad-de-los-trabajadores\/","title":{"rendered":"Municipales no admitir\u00e1n que se altere la estabilidad de los trabajadores"},"content":{"rendered":"<h4>FESTRAM advirti\u00f3 que cualquier resoluci\u00f3n unilateral que altere las condiciones laborales conducir\u00e1 al conflicto<\/h4>\n<p>El Plenario de Secretarios Generales de la FESTRAM resolvi\u00f3 ratificar el Estado de Alerta frente a los intento de\u00a0\u00a0algunas administraciones municipales de pretender revisar las designaciones de trabajadores de planta permanentes, contratados y concursos.<\/p>\n<p>La entidad sindical ratific\u00f3 su voluntad de di\u00e1logo e inst\u00f3 a las Autoridades Municipales a respetar los mecanismos legales e institucionales para debatir estas problem\u00e1ticas generadas por la renovaci\u00f3n de Intendentes y Presidentes Comunales, advirtiendo que toda decisi\u00f3n unilateral habilitar\u00e1 el conflicto en los t\u00e9rminos del derecho constitucional de huelga.<\/p>\n<p>Representantes sindicales de Casilda, Funes, P\u00e9rez, San Carlos Centro, Villa Gobernador G\u00e1lvez, Ceres, San Lorenzo entre otros,\u00a0\u00a0manifestaron su preocupaci\u00f3n por las intenciones de Intendentes y Presidentes Comunales de esas zonas de actuaci\u00f3n sindical de intentar alterar la estabilidad laboral de los trabajadores.<\/p>\n<p>Los gremios municipales, ratificaron la necesidad de urgente convocatoria a paritaria y resolvieron que inmediatamente despu\u00e9s del pago de los salarios correspondientes al mes de Diciembre elevar\u00e1n a la Secretaria de Regiones, Municipios y Comunas la n\u00f3mina de los representantes paritarios de FESTRAM para poner en marcha la designaci\u00f3n de Intendentes y Presidentes Comunales, con el objeto de acelerar la constituci\u00f3n de la Mesa Paritaria.<\/p>\n<p>Por otra parte el Plenario de Secretarios Generales ratific\u00f3 la decisi\u00f3n de la Intersindical del Sector P\u00fablico en repudio a las pol\u00edticas de ajuste y en reclamo de una urgente recomposici\u00f3n salarial. Asimismo se expresaron en repudio al intento de suspensi\u00f3n de las paritarias que impulsa el gobierno de Mar\u00eda Eugenia Vidal y la solidaridad de FESTRAM con los trabajadores municipales bonaerense, nucleados en la FESIMUBO que conduce el Secretario General de la CTM, Rub\u00e9n Garc\u00eda.<\/p>\n<pre>Prensa FESTRAM<\/pre>\n","protected":false},"excerpt":{"rendered":"<p>FESTRAM advirti\u00f3 que cualquier resoluci\u00f3n unilateral que altere las condiciones laborales conducir\u00e1 al conflicto<\/p>\n","protected":false},"author":1,"featured_media":10570,"comment_status":"closed","ping_status":"closed","sticky":false,"template":"","format":"standard","meta":{"_jetpack_memberships_contains_paid_content":false,"footnotes":"","jetpack_publicize_message":"","jetpack_publicize_feature_enabled":true,"jetpack_social_post_already_shared":true,"jetpack_social_options":{"image_generator_settings":{"template":"highway","default_image_id":0,"font":"","enabled":false},"version":2}},"categories":[122],"tags":[136,140,137,109,135,138,141,67,139],"class_list":["post-10569","post","type-post","status-publish","format-standard","has-post-thumbnail","hentry","category-comunicados-2015","tag-casilda","tag-ceres","tag-funes","tag-la-provincia","tag-perez","tag-san-carlos-centro","tag-san-lorenzo","tag-sindicatos-afiliados","tag-villa-gobernador-galvez"],"yoast_head":"<!-- This site is optimized with the Yoast SEO plugin v25.9 - https:\/\/yoast.com\/wordpress\/plugins\/seo\/ -->\n<title>Municipales no admitir\u00e1n que se altere la estabilidad de los trabajadores &#8211; FESTRAM<\/title>\n<meta name=\"description\" content=\"FESTRAM advirti\u00f3 que cualquier resoluci\u00f3n unilateral que altere las condiciones laborales conducir\u00e1 al conflicto\" \/>\n<meta name=\"robots\" content=\"index, follow, max-snippet:-1, max-image-preview:large, max-video-preview:-1\" \/>\n<link rel=\"canonical\" href=\"https:\/\/municipales.org.ar\/festram\/municipales-no-admitiran-que-se-altere-la-estabilidad-de-los-trabajadores\/\" \/>\n<meta property=\"og:locale\" content=\"es_ES\" \/>\n<meta property=\"og:type\" content=\"article\" \/>\n<meta property=\"og:title\" content=\"Municipales no admitir\u00e1n que se altere la estabilidad de los trabajadores &#8211; FESTRAM\" \/>\n<meta property=\"og:description\" content=\"FESTRAM advirti\u00f3 que cualquier resoluci\u00f3n unilateral que altere las condiciones laborales conducir\u00e1 al conflicto\" \/>\n<meta property=\"og:url\" content=\"https:\/\/municipales.org.ar\/festram\/municipales-no-admitiran-que-se-altere-la-estabilidad-de-los-trabajadores\/\" \/>\n<meta property=\"og:site_name\" content=\"FESTRAM\" \/>\n<meta property=\"article:publisher\" content=\"https:\/\/www.facebook.com\/MunicipalesSF\" \/>\n<meta property=\"article:published_time\" content=\"2015-12-28T11:12:13+00:00\" \/>\n<meta property=\"article:modified_time\" content=\"2016-03-23T12:40:09+00:00\" \/>\n<meta property=\"og:image\" content=\"https:\/\/municipales.org.ar\/festram\/wp-content\/uploads\/2015\/12\/059bc674f784c37678857be279560df7.jpg\" \/>\n\t<meta property=\"og:image:width\" content=\"742\" \/>\n\t<meta property=\"og:image:height\" content=\"368\" \/>\n\t<meta property=\"og:image:type\" content=\"image\/jpeg\" \/>\n<meta name=\"author\" content=\"mun_admin\" \/>\n<meta name=\"twitter:card\" content=\"summary_large_image\" \/>\n<meta name=\"twitter:creator\" content=\"@MunicipalesSF\" \/>\n<meta name=\"twitter:site\" content=\"@MunicipalesSF\" \/>\n<meta name=\"twitter:label1\" content=\"Escrito por\" \/>\n\t<meta name=\"twitter:data1\" content=\"mun_admin\" \/>\n\t<meta name=\"twitter:label2\" content=\"Tiempo de lectura\" \/>\n\t<meta name=\"twitter:data2\" content=\"2 minutos\" \/>\n<script type=\"application\/ld+json\" class=\"yoast-schema-graph\">{\"@context\":\"https:\/\/schema.org\",\"@graph\":[{\"@type\":\"Article\",\"@id\":\"https:\/\/municipales.org.ar\/festram\/municipales-no-admitiran-que-se-altere-la-estabilidad-de-los-trabajadores\/#article\",\"isPartOf\":{\"@id\":\"https:\/\/municipales.org.ar\/festram\/municipales-no-admitiran-que-se-altere-la-estabilidad-de-los-trabajadores\/\"},\"author\":{\"name\":\"mun_admin\",\"@id\":\"https:\/\/municipales.org.ar\/festram\/#\/schema\/person\/49096a774c48ce9063df4d59ec059f9e\"},\"headline\":\"Municipales no admitir\u00e1n que se altere la estabilidad de los trabajadores\",\"datePublished\":\"2015-12-28T11:12:13+00:00\",\"dateModified\":\"2016-03-23T12:40:09+00:00\",\"mainEntityOfPage\":{\"@id\":\"https:\/\/municipales.org.ar\/festram\/municipales-no-admitiran-que-se-altere-la-estabilidad-de-los-trabajadores\/\"},\"wordCount\":318,\"publisher\":{\"@id\":\"https:\/\/municipales.org.ar\/festram\/#organization\"},\"image\":{\"@id\":\"https:\/\/municipales.org.ar\/festram\/municipales-no-admitiran-que-se-altere-la-estabilidad-de-los-trabajadores\/#primaryimage\"},\"thumbnailUrl\":\"https:\/\/municipales.org.ar\/festram\/wp-content\/uploads\/2015\/12\/059bc674f784c37678857be279560df7.jpg\",\"keywords\":[\"casilda\",\"ceres\",\"funes\",\"la provincia\",\"perez\",\"san carlos centro\",\"san lorenzo\",\"sindicatos afiliados\",\"villa gobernador galvez\"],\"articleSection\":[\"Comunicados 2015\"],\"inLanguage\":\"es\"},{\"@type\":\"WebPage\",\"@id\":\"https:\/\/municipales.org.ar\/festram\/municipales-no-admitiran-que-se-altere-la-estabilidad-de-los-trabajadores\/\",\"url\":\"https:\/\/municipales.org.ar\/festram\/municipales-no-admitiran-que-se-altere-la-estabilidad-de-los-trabajadores\/\",\"name\":\"Municipales no admitir\u00e1n que se altere la estabilidad de los trabajadores &#8211; FESTRAM\",\"isPartOf\":{\"@id\":\"https:\/\/municipales.org.ar\/festram\/#website\"},\"primaryImageOfPage\":{\"@id\":\"https:\/\/municipales.org.ar\/festram\/municipales-no-admitiran-que-se-altere-la-estabilidad-de-los-trabajadores\/#primaryimage\"},\"image\":{\"@id\":\"https:\/\/municipales.org.ar\/festram\/municipales-no-admitiran-que-se-altere-la-estabilidad-de-los-trabajadores\/#primaryimage\"},\"thumbnailUrl\":\"https:\/\/municipales.org.ar\/festram\/wp-content\/uploads\/2015\/12\/059bc674f784c37678857be279560df7.jpg\",\"datePublished\":\"2015-12-28T11:12:13+00:00\",\"dateModified\":\"2016-03-23T12:40:09+00:00\",\"description\":\"FESTRAM advirti\u00f3 que cualquier resoluci\u00f3n unilateral que altere las condiciones laborales conducir\u00e1 al conflicto\",\"breadcrumb\":{\"@id\":\"https:\/\/municipales.org.ar\/festram\/municipales-no-admitiran-que-se-altere-la-estabilidad-de-los-trabajadores\/#breadcrumb\"},\"inLanguage\":\"es\",\"potentialAction\":[{\"@type\":\"ReadAction\",\"target\":[\"https:\/\/municipales.org.ar\/festram\/municipales-no-admitiran-que-se-altere-la-estabilidad-de-los-trabajadores\/\"]}]},{\"@type\":\"ImageObject\",\"inLanguage\":\"es\",\"@id\":\"https:\/\/municipales.org.ar\/festram\/municipales-no-admitiran-que-se-altere-la-estabilidad-de-los-trabajadores\/#primaryimage\",\"url\":\"https:\/\/municipales.org.ar\/festram\/wp-content\/uploads\/2015\/12\/059bc674f784c37678857be279560df7.jpg\",\"contentUrl\":\"https:\/\/municipales.org.ar\/festram\/wp-content\/uploads\/2015\/12\/059bc674f784c37678857be279560df7.jpg\",\"width\":742,\"height\":368},{\"@type\":\"BreadcrumbList\",\"@id\":\"https:\/\/municipales.org.ar\/festram\/municipales-no-admitiran-que-se-altere-la-estabilidad-de-los-trabajadores\/#breadcrumb\",\"itemListElement\":[{\"@type\":\"ListItem\",\"position\":1,\"name\":\"Portada\",\"item\":\"https:\/\/municipales.org.ar\/festram\/\"},{\"@type\":\"ListItem\",\"position\":2,\"name\":\"Municipales no admitir\u00e1n que se altere la estabilidad de los trabajadores\"}]},{\"@type\":\"WebSite\",\"@id\":\"https:\/\/municipales.org.ar\/festram\/#website\",\"url\":\"https:\/\/municipales.org.ar\/festram\/\",\"name\":\"FESTRAM\",\"description\":\"La web de los trabajadores municipales\",\"publisher\":{\"@id\":\"https:\/\/municipales.org.ar\/festram\/#organization\"},\"potentialAction\":[{\"@type\":\"SearchAction\",\"target\":{\"@type\":\"EntryPoint\",\"urlTemplate\":\"https:\/\/municipales.org.ar\/festram\/?s={search_term_string}\"},\"query-input\":{\"@type\":\"PropertyValueSpecification\",\"valueRequired\":true,\"valueName\":\"search_term_string\"}}],\"inLanguage\":\"es\"},{\"@type\":\"Organization\",\"@id\":\"https:\/\/municipales.org.ar\/festram\/#organization\",\"name\":\"Federaci\u00f3n de Sindicatos de Trabajadores Municipales de la Provincia de Santa Fe\",\"url\":\"https:\/\/municipales.org.ar\/festram\/\",\"logo\":{\"@type\":\"ImageObject\",\"inLanguage\":\"es\",\"@id\":\"https:\/\/municipales.org.ar\/festram\/#\/schema\/logo\/image\/\",\"url\":\"https:\/\/www.municipales.org.ar\/festram\/wp-content\/uploads\/2014\/07\/logo_fes.jpg\",\"contentUrl\":\"https:\/\/www.municipales.org.ar\/festram\/wp-content\/uploads\/2014\/07\/logo_fes.jpg\",\"width\":661,\"height\":673,\"caption\":\"Federaci\u00f3n de Sindicatos de Trabajadores Municipales de la Provincia de Santa Fe\"},\"image\":{\"@id\":\"https:\/\/municipales.org.ar\/festram\/#\/schema\/logo\/image\/\"},\"sameAs\":[\"https:\/\/www.facebook.com\/MunicipalesSF\",\"https:\/\/x.com\/MunicipalesSF\",\"https:\/\/www.youtube.com\/user\/festram\"]},{\"@type\":\"Person\",\"@id\":\"https:\/\/municipales.org.ar\/festram\/#\/schema\/person\/49096a774c48ce9063df4d59ec059f9e\",\"name\":\"mun_admin\"}]}<\/script>\n<!-- \/ Yoast SEO plugin. -->","yoast_head_json":{"title":"Municipales no admitir\u00e1n que se altere la estabilidad de los trabajadores &#8211; FESTRAM","description":"FESTRAM advirti\u00f3 que cualquier resoluci\u00f3n unilateral que altere las condiciones laborales conducir\u00e1 al conflicto","robots":{"index":"index","follow":"follow","max-snippet":"max-snippet:-1","max-image-preview":"max-image-preview:large","max-video-preview":"max-video-preview:-1"},"canonical":"https:\/\/municipales.org.ar\/festram\/municipales-no-admitiran-que-se-altere-la-estabilidad-de-los-trabajadores\/","og_locale":"es_ES","og_type":"article","og_title":"Municipales no admitir\u00e1n que se altere la estabilidad de los trabajadores &#8211; FESTRAM","og_description":"FESTRAM advirti\u00f3 que cualquier resoluci\u00f3n unilateral que altere las condiciones laborales conducir\u00e1 al conflicto","og_url":"https:\/\/municipales.org.ar\/festram\/municipales-no-admitiran-que-se-altere-la-estabilidad-de-los-trabajadores\/","og_site_name":"FESTRAM","article_publisher":"https:\/\/www.facebook.com\/MunicipalesSF","article_published_time":"2015-12-28T11:12:13+00:00","article_modified_time":"2016-03-23T12:40:09+00:00","og_image":[{"width":742,"height":368,"url":"https:\/\/municipales.org.ar\/festram\/wp-content\/uploads\/2015\/12\/059bc674f784c37678857be279560df7.jpg","type":"image\/jpeg"}],"author":"mun_admin","twitter_card":"summary_large_image","twitter_creator":"@MunicipalesSF","twitter_site":"@MunicipalesSF","twitter_misc":{"Escrito por":"mun_admin","Tiempo de lectura":"2 minutos"},"schema":{"@context":"https:\/\/schema.org","@graph":[{"@type":"Article","@id":"https:\/\/municipales.org.ar\/festram\/municipales-no-admitiran-que-se-altere-la-estabilidad-de-los-trabajadores\/#article","isPartOf":{"@id":"https:\/\/municipales.org.ar\/festram\/municipales-no-admitiran-que-se-altere-la-estabilidad-de-los-trabajadores\/"},"author":{"name":"mun_admin","@id":"https:\/\/municipales.org.ar\/festram\/#\/schema\/person\/49096a774c48ce9063df4d59ec059f9e"},"headline":"Municipales no admitir\u00e1n que se altere la estabilidad de los trabajadores","datePublished":"2015-12-28T11:12:13+00:00","dateModified":"2016-03-23T12:40:09+00:00","mainEntityOfPage":{"@id":"https:\/\/municipales.org.ar\/festram\/municipales-no-admitiran-que-se-altere-la-estabilidad-de-los-trabajadores\/"},"wordCount":318,"publisher":{"@id":"https:\/\/municipales.org.ar\/festram\/#organization"},"image":{"@id":"https:\/\/municipales.org.ar\/festram\/municipales-no-admitiran-que-se-altere-la-estabilidad-de-los-trabajadores\/#primaryimage"},"thumbnailUrl":"https:\/\/municipales.org.ar\/festram\/wp-content\/uploads\/2015\/12\/059bc674f784c37678857be279560df7.jpg","keywords":["casilda","ceres","funes","la provincia","perez","san carlos centro","san lorenzo","sindicatos afiliados","villa gobernador galvez"],"articleSection":["Comunicados 2015"],"inLanguage":"es"},{"@type":"WebPage","@id":"https:\/\/municipales.org.ar\/festram\/municipales-no-admitiran-que-se-altere-la-estabilidad-de-los-trabajadores\/","url":"https:\/\/municipales.org.ar\/festram\/municipales-no-admitiran-que-se-altere-la-estabilidad-de-los-trabajadores\/","name":"Municipales no admitir\u00e1n que se altere la estabilidad de los trabajadores &#8211; FESTRAM","isPartOf":{"@id":"https:\/\/municipales.org.ar\/festram\/#website"},"primaryImageOfPage":{"@id":"https:\/\/municipales.org.ar\/festram\/municipales-no-admitiran-que-se-altere-la-estabilidad-de-los-trabajadores\/#primaryimage"},"image":{"@id":"https:\/\/municipales.org.ar\/festram\/municipales-no-admitiran-que-se-altere-la-estabilidad-de-los-trabajadores\/#primaryimage"},"thumbnailUrl":"https:\/\/municipales.org.ar\/festram\/wp-content\/uploads\/2015\/12\/059bc674f784c37678857be279560df7.jpg","datePublished":"2015-12-28T11:12:13+00:00","dateModified":"2016-03-23T12:40:09+00:00","description":"FESTRAM advirti\u00f3 que cualquier resoluci\u00f3n unilateral que altere las condiciones laborales conducir\u00e1 al conflicto","breadcrumb":{"@id":"https:\/\/municipales.org.ar\/festram\/municipales-no-admitiran-que-se-altere-la-estabilidad-de-los-trabajadores\/#breadcrumb"},"inLanguage":"es","potentialAction":[{"@type":"ReadAction","target":["https:\/\/municipales.org.ar\/festram\/municipales-no-admitiran-que-se-altere-la-estabilidad-de-los-trabajadores\/"]}]},{"@type":"ImageObject","inLanguage":"es","@id":"https:\/\/municipales.org.ar\/festram\/municipales-no-admitiran-que-se-altere-la-estabilidad-de-los-trabajadores\/#primaryimage","url":"https:\/\/municipales.org.ar\/festram\/wp-content\/uploads\/2015\/12\/059bc674f784c37678857be279560df7.jpg","contentUrl":"https:\/\/municipales.org.ar\/festram\/wp-content\/uploads\/2015\/12\/059bc674f784c37678857be279560df7.jpg","width":742,"height":368},{"@type":"BreadcrumbList","@id":"https:\/\/municipales.org.ar\/festram\/municipales-no-admitiran-que-se-altere-la-estabilidad-de-los-trabajadores\/#breadcrumb","itemListElement":[{"@type":"ListItem","position":1,"name":"Portada","item":"https:\/\/municipales.org.ar\/festram\/"},{"@type":"ListItem","position":2,"name":"Municipales no admitir\u00e1n que se altere la estabilidad de los trabajadores"}]},{"@type":"WebSite","@id":"https:\/\/municipales.org.ar\/festram\/#website","url":"https:\/\/municipales.org.ar\/festram\/","name":"FESTRAM","description":"La web de los trabajadores municipales","publisher":{"@id":"https:\/\/municipales.org.ar\/festram\/#organization"},"potentialAction":[{"@type":"SearchAction","target":{"@type":"EntryPoint","urlTemplate":"https:\/\/municipales.org.ar\/festram\/?s={search_term_string}"},"query-input":{"@type":"PropertyValueSpecification","valueRequired":true,"valueName":"search_term_string"}}],"inLanguage":"es"},{"@type":"Organization","@id":"https:\/\/municipales.org.ar\/festram\/#organization","name":"Federaci\u00f3n de Sindicatos de Trabajadores Municipales de la Provincia de Santa Fe","url":"https:\/\/municipales.org.ar\/festram\/","logo":{"@type":"ImageObject","inLanguage":"es","@id":"https:\/\/municipales.org.ar\/festram\/#\/schema\/logo\/image\/","url":"https:\/\/www.municipales.org.ar\/festram\/wp-content\/uploads\/2014\/07\/logo_fes.jpg","contentUrl":"https:\/\/www.municipales.org.ar\/festram\/wp-content\/uploads\/2014\/07\/logo_fes.jpg","width":661,"height":673,"caption":"Federaci\u00f3n de Sindicatos de Trabajadores Municipales de la Provincia de Santa Fe"},"image":{"@id":"https:\/\/municipales.org.ar\/festram\/#\/schema\/logo\/image\/"},"sameAs":["https:\/\/www.facebook.com\/MunicipalesSF","https:\/\/x.com\/MunicipalesSF","https:\/\/www.youtube.com\/user\/festram"]},{"@type":"Person","@id":"https:\/\/municipales.org.ar\/festram\/#\/schema\/person\/49096a774c48ce9063df4d59ec059f9e","name":"mun_admin"}]}},"jetpack_publicize_connections":[],"jetpack_featured_media_url":"https:\/\/municipales.org.ar\/festram\/wp-content\/uploads\/2015\/12\/059bc674f784c37678857be279560df7.jpg","jetpack_sharing_enabled":true,"jetpack_likes_enabled":false,"jetpack_shortlink":"https:\/\/wp.me\/p7l4x1-2Kt","_links":{"self":[{"href":"https:\/\/municipales.org.ar\/festram\/wp-json\/wp\/v2\/posts\/10569","targetHints":{"allow":["GET"]}}],"collection":[{"href":"https:\/\/municipales.org.ar\/festram\/wp-json\/wp\/v2\/posts"}],"about":[{"href":"https:\/\/municipales.org.ar\/festram\/wp-json\/wp\/v2\/types\/post"}],"author":[{"embeddable":true,"href":"https:\/\/municipales.org.ar\/festram\/wp-json\/wp\/v2\/users\/1"}],"replies":[{"embeddable":true,"href":"https:\/\/municipales.org.ar\/festram\/wp-json\/wp\/v2\/comments?post=10569"}],"version-history":[{"count":1,"href":"https:\/\/municipales.org.ar\/festram\/wp-json\/wp\/v2\/posts\/10569\/revisions"}],"predecessor-version":[{"id":10571,"href":"https:\/\/municipales.org.ar\/festram\/wp-json\/wp\/v2\/posts\/10569\/revisions\/10571"}],"wp:featuredmedia":[{"embeddable":true,"href":"https:\/\/municipales.org.ar\/festram\/wp-json\/wp\/v2\/media\/10570"}],"wp:attachment":[{"href":"https:\/\/municipales.org.ar\/festram\/wp-json\/wp\/v2\/media?parent=10569"}],"wp:term":[{"taxonomy":"category","embeddable":true,"href":"https:\/\/municipales.org.ar\/festram\/wp-json\/wp\/v2\/categories?post=10569"},{"taxonomy":"post_tag","embeddable":true,"href":"https:\/\/municipales.org.ar\/festram\/wp-json\/wp\/v2\/tags?post=10569"}],"curies":[{"name":"wp","href":"https:\/\/api.w.org\/{rel}","templated":true}]}}