{"id":1063,"date":"2011-12-27T18:29:12","date_gmt":"2011-12-27T21:29:12","guid":{"rendered":"http:\/\/festram.dyndns.org\/festram\/?p=1063"},"modified":"2016-03-07T14:41:54","modified_gmt":"2016-03-07T17:41:54","slug":"festram-participo-en-la-cumbre-social-del-mercosur-en-montevideo","status":"publish","type":"post","link":"https:\/\/municipales.org.ar\/festram\/festram-participo-en-la-cumbre-social-del-mercosur-en-montevideo\/","title":{"rendered":"FESTRAM particip\u00f3 en la Cumbre Social del Mercosur en Montevideo"},"content":{"rendered":"<h5>[ot-caption title=\u00bbLa delegaci\u00f3n de FESTRAM (Horacio Chiappero, Mabel Belfiore, Mar\u00eda del Pilar Izquierdo y Dardo Miranda) junto al Embajador Oscar Laborde\u00bb url=\u00bbhttp:\/\/municipales.org.ar\/festram\/wp-content\/uploads\/2011\/12\/mercosur_montevideo_2011_01.jpg\u00bb]<\/h5>\n<h5><strong>En respuesta a una invitaci\u00f3n de la Canciller\u00eda Argentina, una delegaci\u00f3n de dirigentes de Festram, asisti\u00f3 a la Cumbre Social del MERCOSUR, que se realiz\u00f3 el 18 y 19 de Diciembre en la ciudad de Montevideo, Rep\u00fablica Oriental del Uruguay.<\/strong><\/h5>\n<p>&nbsp;<\/p>\n<h6>COMUNICADO DE PRENSA OFICIAL<\/h6>\n<p>&nbsp;<\/p>\n<p>La representaci\u00f3n de los Municipales provinciales santafesinos particip\u00f3 de las actividades de las Comisiones de G\u00e9nero, J\u00f3venes y Coordinadores de Centrales Sindicales del Cono Sur.<\/p>\n<p style=\"text-align: left;\">En la oportunidad adem\u00e1s de consustanciarse con los lineamentos que persigue el MERCOSUR en las distintas a\u00e9reas tem\u00e1ticas que forman parte de la Cumbre Social, el encuentro permiti\u00f3 dar a conocer las distintas pol\u00edticas sindicales que se llevan adelante en el sector municipal de la Provincia de Santa Fe, en relaci\u00f3n a las actividades vinculadas con g\u00e9nero, j\u00f3venes, paritaria salarial, formaci\u00f3n de dirigentes, delineaci\u00f3n de estrategias sindicales y trabajo decente.<\/p>\n<p>La delegaci\u00f3n de FESTRAM, particip\u00f3 en el debate, aprobaci\u00f3n y adhesi\u00f3n de los documentos que surgieron de las distintas comisiones, lo que en definitiva constituyen la conclusiones que la Cumbre Social, eleva a los Jefes de Estado que conforman el MERCOSUR.<\/p>\n<p>Cabe recordar que a partir de la reuni\u00f3n de Montevideo, la Presidencia Pro-T\u00e9mpore, la ocupa la Rep\u00fablica Argentina, a trav\u00e9s de nuestra Presidenta, Dra. CRISTINA FERNANDEZ DE KICHNER.<\/p>\n<p>La pr\u00f3xima cumbre social del MERCOSUR, se realizar\u00e1 dentro del primer semestre del a\u00f1o 2012, en Buenos Aires, ocasi\u00f3n en que fue ya invitada a participar FESTRAM.<\/p>\n<pre>Felipe Baptista\r\nSecretario de Actas y Administraci\u00f3n<\/pre>\n<p>&nbsp;<\/p>\n","protected":false},"excerpt":{"rendered":"<p>En respuesta a una invitaci\u00f3n de la Canciller\u00eda Argentina, una delegaci\u00f3n de dirigentes de Festram, asisti\u00f3 a la Cumbre Social del MERCOSUR, que se realiz\u00f3 el 18 y 19 de Diciembre en la ciudad de Montevideo, Rep\u00fablica Oriental del Uruguay.<\/p>\n","protected":false},"author":1,"featured_media":8197,"comment_status":"closed","ping_status":"closed","sticky":false,"template":"","format":"standard","meta":{"_jetpack_memberships_contains_paid_content":false,"footnotes":"","jetpack_publicize_message":"","jetpack_publicize_feature_enabled":true,"jetpack_social_post_already_shared":false,"jetpack_social_options":{"image_generator_settings":{"template":"highway","default_image_id":0,"font":"","enabled":false},"version":2}},"categories":[125,61],"tags":[],"class_list":["post-1063","post","type-post","status-publish","format-standard","has-post-thumbnail","hentry","category-mas-antiguos","category-seminarios-y-actividades"],"yoast_head":"<!-- This site is optimized with the Yoast SEO plugin v25.9 - https:\/\/yoast.com\/wordpress\/plugins\/seo\/ -->\n<title>FESTRAM particip\u00f3 en la Cumbre Social del Mercosur en Montevideo &#8211; FESTRAM<\/title>\n<meta name=\"description\" content=\"En respuesta a una invitaci\u00f3n de la Canciller\u00eda Argentina, una delegaci\u00f3n de dirigentes de Festram, asisti\u00f3 a la Cumbre Social del MERCOSUR, que se realiz\u00f3 el 18 y 19 de Diciembre en la ciudad de Montevideo, Rep\u00fablica Oriental del Uruguay.\" \/>\n<meta name=\"robots\" content=\"index, follow, max-snippet:-1, max-image-preview:large, max-video-preview:-1\" \/>\n<link rel=\"canonical\" href=\"https:\/\/municipales.org.ar\/festram\/festram-participo-en-la-cumbre-social-del-mercosur-en-montevideo\/\" \/>\n<meta property=\"og:locale\" content=\"es_ES\" \/>\n<meta property=\"og:type\" content=\"article\" \/>\n<meta property=\"og:title\" content=\"FESTRAM particip\u00f3 en la Cumbre Social del Mercosur en Montevideo &#8211; FESTRAM\" \/>\n<meta property=\"og:description\" content=\"En respuesta a una invitaci\u00f3n de la Canciller\u00eda Argentina, una delegaci\u00f3n de dirigentes de Festram, asisti\u00f3 a la Cumbre Social del MERCOSUR, que se realiz\u00f3 el 18 y 19 de Diciembre en la ciudad de Montevideo, Rep\u00fablica Oriental del Uruguay.\" \/>\n<meta property=\"og:url\" content=\"https:\/\/municipales.org.ar\/festram\/festram-participo-en-la-cumbre-social-del-mercosur-en-montevideo\/\" \/>\n<meta property=\"og:site_name\" content=\"FESTRAM\" \/>\n<meta property=\"article:publisher\" content=\"https:\/\/www.facebook.com\/MunicipalesSF\" \/>\n<meta property=\"article:published_time\" content=\"2011-12-27T21:29:12+00:00\" \/>\n<meta property=\"article:modified_time\" content=\"2016-03-07T17:41:54+00:00\" \/>\n<meta property=\"og:image\" content=\"https:\/\/municipales.org.ar\/festram\/wp-content\/uploads\/2011\/12\/mercosur_montevideo_2011_02.jpg\" \/>\n\t<meta property=\"og:image:width\" content=\"1000\" \/>\n\t<meta property=\"og:image:height\" content=\"575\" \/>\n\t<meta property=\"og:image:type\" content=\"image\/jpeg\" \/>\n<meta name=\"author\" content=\"mun_admin\" \/>\n<meta name=\"twitter:card\" content=\"summary_large_image\" \/>\n<meta name=\"twitter:creator\" content=\"@MunicipalesSF\" \/>\n<meta name=\"twitter:site\" content=\"@MunicipalesSF\" \/>\n<meta name=\"twitter:label1\" content=\"Escrito por\" \/>\n\t<meta name=\"twitter:data1\" content=\"mun_admin\" \/>\n\t<meta name=\"twitter:label2\" content=\"Tiempo de lectura\" \/>\n\t<meta name=\"twitter:data2\" content=\"2 minutos\" \/>\n<script type=\"application\/ld+json\" class=\"yoast-schema-graph\">{\"@context\":\"https:\/\/schema.org\",\"@graph\":[{\"@type\":\"Article\",\"@id\":\"https:\/\/municipales.org.ar\/festram\/festram-participo-en-la-cumbre-social-del-mercosur-en-montevideo\/#article\",\"isPartOf\":{\"@id\":\"https:\/\/municipales.org.ar\/festram\/festram-participo-en-la-cumbre-social-del-mercosur-en-montevideo\/\"},\"author\":{\"name\":\"mun_admin\",\"@id\":\"https:\/\/municipales.org.ar\/festram\/#\/schema\/person\/49096a774c48ce9063df4d59ec059f9e\"},\"headline\":\"FESTRAM particip\u00f3 en la Cumbre Social del Mercosur en Montevideo\",\"datePublished\":\"2011-12-27T21:29:12+00:00\",\"dateModified\":\"2016-03-07T17:41:54+00:00\",\"mainEntityOfPage\":{\"@id\":\"https:\/\/municipales.org.ar\/festram\/festram-participo-en-la-cumbre-social-del-mercosur-en-montevideo\/\"},\"wordCount\":306,\"publisher\":{\"@id\":\"https:\/\/municipales.org.ar\/festram\/#organization\"},\"image\":{\"@id\":\"https:\/\/municipales.org.ar\/festram\/festram-participo-en-la-cumbre-social-del-mercosur-en-montevideo\/#primaryimage\"},\"thumbnailUrl\":\"https:\/\/municipales.org.ar\/festram\/wp-content\/uploads\/2011\/12\/mercosur_montevideo_2011_02.jpg\",\"articleSection\":[\"M\u00e1s Antiguos\",\"Seminarios y Actividades\"],\"inLanguage\":\"es\"},{\"@type\":\"WebPage\",\"@id\":\"https:\/\/municipales.org.ar\/festram\/festram-participo-en-la-cumbre-social-del-mercosur-en-montevideo\/\",\"url\":\"https:\/\/municipales.org.ar\/festram\/festram-participo-en-la-cumbre-social-del-mercosur-en-montevideo\/\",\"name\":\"FESTRAM particip\u00f3 en la Cumbre Social del Mercosur en Montevideo &#8211; FESTRAM\",\"isPartOf\":{\"@id\":\"https:\/\/municipales.org.ar\/festram\/#website\"},\"primaryImageOfPage\":{\"@id\":\"https:\/\/municipales.org.ar\/festram\/festram-participo-en-la-cumbre-social-del-mercosur-en-montevideo\/#primaryimage\"},\"image\":{\"@id\":\"https:\/\/municipales.org.ar\/festram\/festram-participo-en-la-cumbre-social-del-mercosur-en-montevideo\/#primaryimage\"},\"thumbnailUrl\":\"https:\/\/municipales.org.ar\/festram\/wp-content\/uploads\/2011\/12\/mercosur_montevideo_2011_02.jpg\",\"datePublished\":\"2011-12-27T21:29:12+00:00\",\"dateModified\":\"2016-03-07T17:41:54+00:00\",\"description\":\"En respuesta a una invitaci\u00f3n de la Canciller\u00eda Argentina, una delegaci\u00f3n de dirigentes de Festram, asisti\u00f3 a la Cumbre Social del MERCOSUR, que se realiz\u00f3 el 18 y 19 de Diciembre en la ciudad de Montevideo, Rep\u00fablica Oriental del Uruguay.\",\"breadcrumb\":{\"@id\":\"https:\/\/municipales.org.ar\/festram\/festram-participo-en-la-cumbre-social-del-mercosur-en-montevideo\/#breadcrumb\"},\"inLanguage\":\"es\",\"potentialAction\":[{\"@type\":\"ReadAction\",\"target\":[\"https:\/\/municipales.org.ar\/festram\/festram-participo-en-la-cumbre-social-del-mercosur-en-montevideo\/\"]}]},{\"@type\":\"ImageObject\",\"inLanguage\":\"es\",\"@id\":\"https:\/\/municipales.org.ar\/festram\/festram-participo-en-la-cumbre-social-del-mercosur-en-montevideo\/#primaryimage\",\"url\":\"https:\/\/municipales.org.ar\/festram\/wp-content\/uploads\/2011\/12\/mercosur_montevideo_2011_02.jpg\",\"contentUrl\":\"https:\/\/municipales.org.ar\/festram\/wp-content\/uploads\/2011\/12\/mercosur_montevideo_2011_02.jpg\",\"width\":1000,\"height\":575},{\"@type\":\"BreadcrumbList\",\"@id\":\"https:\/\/municipales.org.ar\/festram\/festram-participo-en-la-cumbre-social-del-mercosur-en-montevideo\/#breadcrumb\",\"itemListElement\":[{\"@type\":\"ListItem\",\"position\":1,\"name\":\"Portada\",\"item\":\"https:\/\/municipales.org.ar\/festram\/\"},{\"@type\":\"ListItem\",\"position\":2,\"name\":\"FESTRAM particip\u00f3 en la Cumbre Social del Mercosur en Montevideo\"}]},{\"@type\":\"WebSite\",\"@id\":\"https:\/\/municipales.org.ar\/festram\/#website\",\"url\":\"https:\/\/municipales.org.ar\/festram\/\",\"name\":\"FESTRAM\",\"description\":\"La web de los trabajadores municipales\",\"publisher\":{\"@id\":\"https:\/\/municipales.org.ar\/festram\/#organization\"},\"potentialAction\":[{\"@type\":\"SearchAction\",\"target\":{\"@type\":\"EntryPoint\",\"urlTemplate\":\"https:\/\/municipales.org.ar\/festram\/?s={search_term_string}\"},\"query-input\":{\"@type\":\"PropertyValueSpecification\",\"valueRequired\":true,\"valueName\":\"search_term_string\"}}],\"inLanguage\":\"es\"},{\"@type\":\"Organization\",\"@id\":\"https:\/\/municipales.org.ar\/festram\/#organization\",\"name\":\"Federaci\u00f3n de Sindicatos de Trabajadores Municipales de la Provincia de Santa Fe\",\"url\":\"https:\/\/municipales.org.ar\/festram\/\",\"logo\":{\"@type\":\"ImageObject\",\"inLanguage\":\"es\",\"@id\":\"https:\/\/municipales.org.ar\/festram\/#\/schema\/logo\/image\/\",\"url\":\"https:\/\/www.municipales.org.ar\/festram\/wp-content\/uploads\/2014\/07\/logo_fes.jpg\",\"contentUrl\":\"https:\/\/www.municipales.org.ar\/festram\/wp-content\/uploads\/2014\/07\/logo_fes.jpg\",\"width\":661,\"height\":673,\"caption\":\"Federaci\u00f3n de Sindicatos de Trabajadores Municipales de la Provincia de Santa Fe\"},\"image\":{\"@id\":\"https:\/\/municipales.org.ar\/festram\/#\/schema\/logo\/image\/\"},\"sameAs\":[\"https:\/\/www.facebook.com\/MunicipalesSF\",\"https:\/\/x.com\/MunicipalesSF\",\"https:\/\/www.youtube.com\/user\/festram\"]},{\"@type\":\"Person\",\"@id\":\"https:\/\/municipales.org.ar\/festram\/#\/schema\/person\/49096a774c48ce9063df4d59ec059f9e\",\"name\":\"mun_admin\"}]}<\/script>\n<!-- \/ Yoast SEO plugin. -->","yoast_head_json":{"title":"FESTRAM particip\u00f3 en la Cumbre Social del Mercosur en Montevideo &#8211; FESTRAM","description":"En respuesta a una invitaci\u00f3n de la Canciller\u00eda Argentina, una delegaci\u00f3n de dirigentes de Festram, asisti\u00f3 a la Cumbre Social del MERCOSUR, que se realiz\u00f3 el 18 y 19 de Diciembre en la ciudad de Montevideo, Rep\u00fablica Oriental del Uruguay.","robots":{"index":"index","follow":"follow","max-snippet":"max-snippet:-1","max-image-preview":"max-image-preview:large","max-video-preview":"max-video-preview:-1"},"canonical":"https:\/\/municipales.org.ar\/festram\/festram-participo-en-la-cumbre-social-del-mercosur-en-montevideo\/","og_locale":"es_ES","og_type":"article","og_title":"FESTRAM particip\u00f3 en la Cumbre Social del Mercosur en Montevideo &#8211; FESTRAM","og_description":"En respuesta a una invitaci\u00f3n de la Canciller\u00eda Argentina, una delegaci\u00f3n de dirigentes de Festram, asisti\u00f3 a la Cumbre Social del MERCOSUR, que se realiz\u00f3 el 18 y 19 de Diciembre en la ciudad de Montevideo, Rep\u00fablica Oriental del Uruguay.","og_url":"https:\/\/municipales.org.ar\/festram\/festram-participo-en-la-cumbre-social-del-mercosur-en-montevideo\/","og_site_name":"FESTRAM","article_publisher":"https:\/\/www.facebook.com\/MunicipalesSF","article_published_time":"2011-12-27T21:29:12+00:00","article_modified_time":"2016-03-07T17:41:54+00:00","og_image":[{"width":1000,"height":575,"url":"https:\/\/municipales.org.ar\/festram\/wp-content\/uploads\/2011\/12\/mercosur_montevideo_2011_02.jpg","type":"image\/jpeg"}],"author":"mun_admin","twitter_card":"summary_large_image","twitter_creator":"@MunicipalesSF","twitter_site":"@MunicipalesSF","twitter_misc":{"Escrito por":"mun_admin","Tiempo de lectura":"2 minutos"},"schema":{"@context":"https:\/\/schema.org","@graph":[{"@type":"Article","@id":"https:\/\/municipales.org.ar\/festram\/festram-participo-en-la-cumbre-social-del-mercosur-en-montevideo\/#article","isPartOf":{"@id":"https:\/\/municipales.org.ar\/festram\/festram-participo-en-la-cumbre-social-del-mercosur-en-montevideo\/"},"author":{"name":"mun_admin","@id":"https:\/\/municipales.org.ar\/festram\/#\/schema\/person\/49096a774c48ce9063df4d59ec059f9e"},"headline":"FESTRAM particip\u00f3 en la Cumbre Social del Mercosur en Montevideo","datePublished":"2011-12-27T21:29:12+00:00","dateModified":"2016-03-07T17:41:54+00:00","mainEntityOfPage":{"@id":"https:\/\/municipales.org.ar\/festram\/festram-participo-en-la-cumbre-social-del-mercosur-en-montevideo\/"},"wordCount":306,"publisher":{"@id":"https:\/\/municipales.org.ar\/festram\/#organization"},"image":{"@id":"https:\/\/municipales.org.ar\/festram\/festram-participo-en-la-cumbre-social-del-mercosur-en-montevideo\/#primaryimage"},"thumbnailUrl":"https:\/\/municipales.org.ar\/festram\/wp-content\/uploads\/2011\/12\/mercosur_montevideo_2011_02.jpg","articleSection":["M\u00e1s Antiguos","Seminarios y Actividades"],"inLanguage":"es"},{"@type":"WebPage","@id":"https:\/\/municipales.org.ar\/festram\/festram-participo-en-la-cumbre-social-del-mercosur-en-montevideo\/","url":"https:\/\/municipales.org.ar\/festram\/festram-participo-en-la-cumbre-social-del-mercosur-en-montevideo\/","name":"FESTRAM particip\u00f3 en la Cumbre Social del Mercosur en Montevideo &#8211; FESTRAM","isPartOf":{"@id":"https:\/\/municipales.org.ar\/festram\/#website"},"primaryImageOfPage":{"@id":"https:\/\/municipales.org.ar\/festram\/festram-participo-en-la-cumbre-social-del-mercosur-en-montevideo\/#primaryimage"},"image":{"@id":"https:\/\/municipales.org.ar\/festram\/festram-participo-en-la-cumbre-social-del-mercosur-en-montevideo\/#primaryimage"},"thumbnailUrl":"https:\/\/municipales.org.ar\/festram\/wp-content\/uploads\/2011\/12\/mercosur_montevideo_2011_02.jpg","datePublished":"2011-12-27T21:29:12+00:00","dateModified":"2016-03-07T17:41:54+00:00","description":"En respuesta a una invitaci\u00f3n de la Canciller\u00eda Argentina, una delegaci\u00f3n de dirigentes de Festram, asisti\u00f3 a la Cumbre Social del MERCOSUR, que se realiz\u00f3 el 18 y 19 de Diciembre en la ciudad de Montevideo, Rep\u00fablica Oriental del Uruguay.","breadcrumb":{"@id":"https:\/\/municipales.org.ar\/festram\/festram-participo-en-la-cumbre-social-del-mercosur-en-montevideo\/#breadcrumb"},"inLanguage":"es","potentialAction":[{"@type":"ReadAction","target":["https:\/\/municipales.org.ar\/festram\/festram-participo-en-la-cumbre-social-del-mercosur-en-montevideo\/"]}]},{"@type":"ImageObject","inLanguage":"es","@id":"https:\/\/municipales.org.ar\/festram\/festram-participo-en-la-cumbre-social-del-mercosur-en-montevideo\/#primaryimage","url":"https:\/\/municipales.org.ar\/festram\/wp-content\/uploads\/2011\/12\/mercosur_montevideo_2011_02.jpg","contentUrl":"https:\/\/municipales.org.ar\/festram\/wp-content\/uploads\/2011\/12\/mercosur_montevideo_2011_02.jpg","width":1000,"height":575},{"@type":"BreadcrumbList","@id":"https:\/\/municipales.org.ar\/festram\/festram-participo-en-la-cumbre-social-del-mercosur-en-montevideo\/#breadcrumb","itemListElement":[{"@type":"ListItem","position":1,"name":"Portada","item":"https:\/\/municipales.org.ar\/festram\/"},{"@type":"ListItem","position":2,"name":"FESTRAM particip\u00f3 en la Cumbre Social del Mercosur en Montevideo"}]},{"@type":"WebSite","@id":"https:\/\/municipales.org.ar\/festram\/#website","url":"https:\/\/municipales.org.ar\/festram\/","name":"FESTRAM","description":"La web de los trabajadores municipales","publisher":{"@id":"https:\/\/municipales.org.ar\/festram\/#organization"},"potentialAction":[{"@type":"SearchAction","target":{"@type":"EntryPoint","urlTemplate":"https:\/\/municipales.org.ar\/festram\/?s={search_term_string}"},"query-input":{"@type":"PropertyValueSpecification","valueRequired":true,"valueName":"search_term_string"}}],"inLanguage":"es"},{"@type":"Organization","@id":"https:\/\/municipales.org.ar\/festram\/#organization","name":"Federaci\u00f3n de Sindicatos de Trabajadores Municipales de la Provincia de Santa Fe","url":"https:\/\/municipales.org.ar\/festram\/","logo":{"@type":"ImageObject","inLanguage":"es","@id":"https:\/\/municipales.org.ar\/festram\/#\/schema\/logo\/image\/","url":"https:\/\/www.municipales.org.ar\/festram\/wp-content\/uploads\/2014\/07\/logo_fes.jpg","contentUrl":"https:\/\/www.municipales.org.ar\/festram\/wp-content\/uploads\/2014\/07\/logo_fes.jpg","width":661,"height":673,"caption":"Federaci\u00f3n de Sindicatos de Trabajadores Municipales de la Provincia de Santa Fe"},"image":{"@id":"https:\/\/municipales.org.ar\/festram\/#\/schema\/logo\/image\/"},"sameAs":["https:\/\/www.facebook.com\/MunicipalesSF","https:\/\/x.com\/MunicipalesSF","https:\/\/www.youtube.com\/user\/festram"]},{"@type":"Person","@id":"https:\/\/municipales.org.ar\/festram\/#\/schema\/person\/49096a774c48ce9063df4d59ec059f9e","name":"mun_admin"}]}},"jetpack_publicize_connections":[],"jetpack_featured_media_url":"https:\/\/municipales.org.ar\/festram\/wp-content\/uploads\/2011\/12\/mercosur_montevideo_2011_02.jpg","jetpack_sharing_enabled":true,"jetpack_likes_enabled":false,"jetpack_shortlink":"https:\/\/wp.me\/p7l4x1-h9","_links":{"self":[{"href":"https:\/\/municipales.org.ar\/festram\/wp-json\/wp\/v2\/posts\/1063","targetHints":{"allow":["GET"]}}],"collection":[{"href":"https:\/\/municipales.org.ar\/festram\/wp-json\/wp\/v2\/posts"}],"about":[{"href":"https:\/\/municipales.org.ar\/festram\/wp-json\/wp\/v2\/types\/post"}],"author":[{"embeddable":true,"href":"https:\/\/municipales.org.ar\/festram\/wp-json\/wp\/v2\/users\/1"}],"replies":[{"embeddable":true,"href":"https:\/\/municipales.org.ar\/festram\/wp-json\/wp\/v2\/comments?post=1063"}],"version-history":[{"count":2,"href":"https:\/\/municipales.org.ar\/festram\/wp-json\/wp\/v2\/posts\/1063\/revisions"}],"predecessor-version":[{"id":8198,"href":"https:\/\/municipales.org.ar\/festram\/wp-json\/wp\/v2\/posts\/1063\/revisions\/8198"}],"wp:featuredmedia":[{"embeddable":true,"href":"https:\/\/municipales.org.ar\/festram\/wp-json\/wp\/v2\/media\/8197"}],"wp:attachment":[{"href":"https:\/\/municipales.org.ar\/festram\/wp-json\/wp\/v2\/media?parent=1063"}],"wp:term":[{"taxonomy":"category","embeddable":true,"href":"https:\/\/municipales.org.ar\/festram\/wp-json\/wp\/v2\/categories?post=1063"},{"taxonomy":"post_tag","embeddable":true,"href":"https:\/\/municipales.org.ar\/festram\/wp-json\/wp\/v2\/tags?post=1063"}],"curies":[{"name":"wp","href":"https:\/\/api.w.org\/{rel}","templated":true}]}}