{"id":10728,"date":"2016-03-03T18:06:50","date_gmt":"2016-03-03T21:06:50","guid":{"rendered":"http:\/\/municipales.org.ar\/festram\/?p=10728"},"modified":"2016-03-08T18:00:31","modified_gmt":"2016-03-08T21:00:31","slug":"empleo-publico-los-paises-nordicos-lideran-ranking","status":"publish","type":"post","link":"https:\/\/municipales.org.ar\/festram\/empleo-publico-los-paises-nordicos-lideran-ranking\/","title":{"rendered":"Empleo p\u00fablico: Los pa\u00edses n\u00f3rdicos lideran el ranking"},"content":{"rendered":"<h4>La Organizaci\u00f3n para la Cooperaci\u00f3n y el Desarrollo Econ\u00f3micos (OCDE) public\u00f3 su informe titulado \u201cGovernment at a Glance 2015\u201d basado en el an\u00e1lisis sobre el empleo p\u00fablico en el mundo, la calidad y el tama\u00f1o del mismo.<\/h4>\n<p>Para la OCDE, los pa\u00edses que lideran el ranking de los Estados con m\u00e1s empleados p\u00fablicos son los n\u00f3rdicos como Dinamarca, Noruega y Suecia quienes registran niveles iguales o superiores al 30% como porcentaje del empleo total. En ese sentido, Dinamarca y Noruega rozan el 35%, mientras que Finlandia el 28 por ciento. Por su parte, Argentina es el pa\u00eds con m\u00e1s empleo p\u00fablico de la regi\u00f3n.<\/p>\n<p>Por otro lado los pa\u00edses asi\u00e1ticos y latinoamericanos, entre ellos Chile y M\u00e9xico, registran los menores valores para este indicador, con aproximadamente un 10% en ambos casos.<\/p>\n<p>A nivel internacional, la participaci\u00f3n del 17% de empleo p\u00fablico sobre el total de ocupados ubica a nuestro pa\u00eds por encima de las principales naciones latinoamericanas incluidas en el estudio de la CAF y el Cedlas, como Uruguay, Chile, Brasil y M\u00e9xico, pero por debajo de Venezuela y de pa\u00edses desarrollados y n\u00f3rdicos de la Organizaci\u00f3n para la Cooperaci\u00f3n y el Desarrollo Econ\u00f3mico (OCDE).<\/p>\n<p>En base a un estudio publicado por la OCDE y el BID, en Uruguay, el empleo p\u00fablico representa el 12,7% del total; en Brasil representa el 11,5% y en Chile, 9,2% del empleo total. Seg\u00fan el mismo informe [OCDE+BID], el promedio simple de remuneraciones de los cargos de directores, profesionales y administrativos del sector p\u00fablico argentino asciende a un equivalente de 6,4 veces el PBI per c\u00e1pita del pa\u00eds, cuando la media estimada para Latinoam\u00e9rica para estos mismos cargos se estima en 5,6 veces el PBI per c\u00e1pita y en los pa\u00edses de la OECD a 3,1 veces el PBI per c\u00e1pita. En otras palabras, el Estado argentino cuenta con abundante personal que adem\u00e1s percibe, en promedio, muy buenas remuneraciones.<\/p>\n<p>Para pasar en limpio, el ranking de pa\u00edses con m\u00e1s empleos p\u00fablicos lo lideran los n\u00f3rdicos Noruega, Dinamarca y Suecia con 34, 32 y 26 por ciento respectivamente, seguidos por Francia y Reino Unido con 22 y 26 por ciento y luego <strong>Argentina y Estados Unidos con 17 y 16 por ciento cada uno.<\/strong><\/p>\n","protected":false},"excerpt":{"rendered":"<p>La Organizaci\u00f3n para la Cooperaci\u00f3n y el Desarrollo Econ\u00f3micos (OCDE) public\u00f3 su informe titulado \u201cGovernment at a Glance 2015\u201d basado en el an\u00e1lisis sobre el empleo p\u00fablico en el mundo, la calidad y el tama\u00f1o del mismo.<\/p>\n","protected":false},"author":1,"featured_media":10729,"comment_status":"closed","ping_status":"closed","sticky":false,"template":"","format":"standard","meta":{"_jetpack_memberships_contains_paid_content":false,"footnotes":"","jetpack_publicize_message":"","jetpack_publicize_feature_enabled":true,"jetpack_social_post_already_shared":true,"jetpack_social_options":{"image_generator_settings":{"template":"highway","default_image_id":0,"font":"","enabled":false},"version":2}},"categories":[56,58],"tags":[70,95],"class_list":["post-10728","post","type-post","status-publish","format-standard","has-post-thumbnail","hentry","category-notas-varias","category-opinion","tag-el-pais","tag-opinion-2"],"yoast_head":"<!-- This site is optimized with the Yoast SEO plugin v25.9 - https:\/\/yoast.com\/wordpress\/plugins\/seo\/ -->\n<title>Empleo p\u00fablico: Los pa\u00edses n\u00f3rdicos lideran el ranking &#8211; FESTRAM<\/title>\n<meta name=\"description\" content=\"La Organizaci\u00f3n para la Cooperaci\u00f3n y el Desarrollo Econ\u00f3micos (OCDE) public\u00f3 su informe titulado \u201cGovernment at a Glance 2015\u201d basado en el an\u00e1lisis sobre el empleo p\u00fablico en el mundo, la calidad y el tama\u00f1o del mismo.\" \/>\n<meta name=\"robots\" content=\"index, follow, max-snippet:-1, max-image-preview:large, max-video-preview:-1\" \/>\n<link rel=\"canonical\" href=\"https:\/\/municipales.org.ar\/festram\/empleo-publico-los-paises-nordicos-lideran-ranking\/\" \/>\n<meta property=\"og:locale\" content=\"es_ES\" \/>\n<meta property=\"og:type\" content=\"article\" \/>\n<meta property=\"og:title\" content=\"Empleo p\u00fablico: Los pa\u00edses n\u00f3rdicos lideran el ranking &#8211; FESTRAM\" \/>\n<meta property=\"og:description\" content=\"La Organizaci\u00f3n para la Cooperaci\u00f3n y el Desarrollo Econ\u00f3micos (OCDE) public\u00f3 su informe titulado \u201cGovernment at a Glance 2015\u201d basado en el an\u00e1lisis sobre el empleo p\u00fablico en el mundo, la calidad y el tama\u00f1o del mismo.\" \/>\n<meta property=\"og:url\" content=\"https:\/\/municipales.org.ar\/festram\/empleo-publico-los-paises-nordicos-lideran-ranking\/\" \/>\n<meta property=\"og:site_name\" content=\"FESTRAM\" \/>\n<meta property=\"article:publisher\" content=\"https:\/\/www.facebook.com\/MunicipalesSF\" \/>\n<meta property=\"article:published_time\" content=\"2016-03-03T21:06:50+00:00\" \/>\n<meta property=\"article:modified_time\" content=\"2016-03-08T21:00:31+00:00\" \/>\n<meta property=\"og:image\" content=\"https:\/\/municipales.org.ar\/festram\/wp-content\/uploads\/2016\/03\/empleo-publico-600x365.jpg\" \/>\n\t<meta property=\"og:image:width\" content=\"1200\" \/>\n\t<meta property=\"og:image:height\" content=\"800\" \/>\n\t<meta property=\"og:image:type\" content=\"image\/jpeg\" \/>\n<meta name=\"author\" content=\"mun_admin\" \/>\n<meta name=\"twitter:card\" content=\"summary_large_image\" \/>\n<meta name=\"twitter:creator\" content=\"@MunicipalesSF\" \/>\n<meta name=\"twitter:site\" content=\"@MunicipalesSF\" \/>\n<meta name=\"twitter:label1\" content=\"Escrito por\" \/>\n\t<meta name=\"twitter:data1\" content=\"mun_admin\" \/>\n\t<meta name=\"twitter:label2\" content=\"Tiempo de lectura\" \/>\n\t<meta name=\"twitter:data2\" content=\"2 minutos\" \/>\n<script type=\"application\/ld+json\" class=\"yoast-schema-graph\">{\"@context\":\"https:\/\/schema.org\",\"@graph\":[{\"@type\":\"Article\",\"@id\":\"https:\/\/municipales.org.ar\/festram\/empleo-publico-los-paises-nordicos-lideran-ranking\/#article\",\"isPartOf\":{\"@id\":\"https:\/\/municipales.org.ar\/festram\/empleo-publico-los-paises-nordicos-lideran-ranking\/\"},\"author\":{\"name\":\"mun_admin\",\"@id\":\"https:\/\/municipales.org.ar\/festram\/#\/schema\/person\/49096a774c48ce9063df4d59ec059f9e\"},\"headline\":\"Empleo p\u00fablico: Los pa\u00edses n\u00f3rdicos lideran el ranking\",\"datePublished\":\"2016-03-03T21:06:50+00:00\",\"dateModified\":\"2016-03-08T21:00:31+00:00\",\"mainEntityOfPage\":{\"@id\":\"https:\/\/municipales.org.ar\/festram\/empleo-publico-los-paises-nordicos-lideran-ranking\/\"},\"wordCount\":402,\"publisher\":{\"@id\":\"https:\/\/municipales.org.ar\/festram\/#organization\"},\"image\":{\"@id\":\"https:\/\/municipales.org.ar\/festram\/empleo-publico-los-paises-nordicos-lideran-ranking\/#primaryimage\"},\"thumbnailUrl\":\"https:\/\/municipales.org.ar\/festram\/wp-content\/uploads\/2016\/03\/empleo-publico-600x365.jpg\",\"keywords\":[\"el pa\u00eds\",\"opinion\"],\"articleSection\":[\"Notas Varias\",\"Opini\u00f3n\"],\"inLanguage\":\"es\"},{\"@type\":\"WebPage\",\"@id\":\"https:\/\/municipales.org.ar\/festram\/empleo-publico-los-paises-nordicos-lideran-ranking\/\",\"url\":\"https:\/\/municipales.org.ar\/festram\/empleo-publico-los-paises-nordicos-lideran-ranking\/\",\"name\":\"Empleo p\u00fablico: Los pa\u00edses n\u00f3rdicos lideran el ranking &#8211; FESTRAM\",\"isPartOf\":{\"@id\":\"https:\/\/municipales.org.ar\/festram\/#website\"},\"primaryImageOfPage\":{\"@id\":\"https:\/\/municipales.org.ar\/festram\/empleo-publico-los-paises-nordicos-lideran-ranking\/#primaryimage\"},\"image\":{\"@id\":\"https:\/\/municipales.org.ar\/festram\/empleo-publico-los-paises-nordicos-lideran-ranking\/#primaryimage\"},\"thumbnailUrl\":\"https:\/\/municipales.org.ar\/festram\/wp-content\/uploads\/2016\/03\/empleo-publico-600x365.jpg\",\"datePublished\":\"2016-03-03T21:06:50+00:00\",\"dateModified\":\"2016-03-08T21:00:31+00:00\",\"description\":\"La Organizaci\u00f3n para la Cooperaci\u00f3n y el Desarrollo Econ\u00f3micos (OCDE) public\u00f3 su informe titulado \u201cGovernment at a Glance 2015\u201d basado en el an\u00e1lisis sobre el empleo p\u00fablico en el mundo, la calidad y el tama\u00f1o del mismo.\",\"breadcrumb\":{\"@id\":\"https:\/\/municipales.org.ar\/festram\/empleo-publico-los-paises-nordicos-lideran-ranking\/#breadcrumb\"},\"inLanguage\":\"es\",\"potentialAction\":[{\"@type\":\"ReadAction\",\"target\":[\"https:\/\/municipales.org.ar\/festram\/empleo-publico-los-paises-nordicos-lideran-ranking\/\"]}]},{\"@type\":\"ImageObject\",\"inLanguage\":\"es\",\"@id\":\"https:\/\/municipales.org.ar\/festram\/empleo-publico-los-paises-nordicos-lideran-ranking\/#primaryimage\",\"url\":\"https:\/\/municipales.org.ar\/festram\/wp-content\/uploads\/2016\/03\/empleo-publico-600x365.jpg\",\"contentUrl\":\"https:\/\/municipales.org.ar\/festram\/wp-content\/uploads\/2016\/03\/empleo-publico-600x365.jpg\",\"width\":1200,\"height\":800},{\"@type\":\"BreadcrumbList\",\"@id\":\"https:\/\/municipales.org.ar\/festram\/empleo-publico-los-paises-nordicos-lideran-ranking\/#breadcrumb\",\"itemListElement\":[{\"@type\":\"ListItem\",\"position\":1,\"name\":\"Portada\",\"item\":\"https:\/\/municipales.org.ar\/festram\/\"},{\"@type\":\"ListItem\",\"position\":2,\"name\":\"Empleo p\u00fablico: Los pa\u00edses n\u00f3rdicos lideran el ranking\"}]},{\"@type\":\"WebSite\",\"@id\":\"https:\/\/municipales.org.ar\/festram\/#website\",\"url\":\"https:\/\/municipales.org.ar\/festram\/\",\"name\":\"FESTRAM\",\"description\":\"La web de los trabajadores municipales\",\"publisher\":{\"@id\":\"https:\/\/municipales.org.ar\/festram\/#organization\"},\"potentialAction\":[{\"@type\":\"SearchAction\",\"target\":{\"@type\":\"EntryPoint\",\"urlTemplate\":\"https:\/\/municipales.org.ar\/festram\/?s={search_term_string}\"},\"query-input\":{\"@type\":\"PropertyValueSpecification\",\"valueRequired\":true,\"valueName\":\"search_term_string\"}}],\"inLanguage\":\"es\"},{\"@type\":\"Organization\",\"@id\":\"https:\/\/municipales.org.ar\/festram\/#organization\",\"name\":\"Federaci\u00f3n de Sindicatos de Trabajadores Municipales de la Provincia de Santa Fe\",\"url\":\"https:\/\/municipales.org.ar\/festram\/\",\"logo\":{\"@type\":\"ImageObject\",\"inLanguage\":\"es\",\"@id\":\"https:\/\/municipales.org.ar\/festram\/#\/schema\/logo\/image\/\",\"url\":\"https:\/\/www.municipales.org.ar\/festram\/wp-content\/uploads\/2014\/07\/logo_fes.jpg\",\"contentUrl\":\"https:\/\/www.municipales.org.ar\/festram\/wp-content\/uploads\/2014\/07\/logo_fes.jpg\",\"width\":661,\"height\":673,\"caption\":\"Federaci\u00f3n de Sindicatos de Trabajadores Municipales de la Provincia de Santa Fe\"},\"image\":{\"@id\":\"https:\/\/municipales.org.ar\/festram\/#\/schema\/logo\/image\/\"},\"sameAs\":[\"https:\/\/www.facebook.com\/MunicipalesSF\",\"https:\/\/x.com\/MunicipalesSF\",\"https:\/\/www.youtube.com\/user\/festram\"]},{\"@type\":\"Person\",\"@id\":\"https:\/\/municipales.org.ar\/festram\/#\/schema\/person\/49096a774c48ce9063df4d59ec059f9e\",\"name\":\"mun_admin\"}]}<\/script>\n<!-- \/ Yoast SEO plugin. -->","yoast_head_json":{"title":"Empleo p\u00fablico: Los pa\u00edses n\u00f3rdicos lideran el ranking &#8211; FESTRAM","description":"La Organizaci\u00f3n para la Cooperaci\u00f3n y el Desarrollo Econ\u00f3micos (OCDE) public\u00f3 su informe titulado \u201cGovernment at a Glance 2015\u201d basado en el an\u00e1lisis sobre el empleo p\u00fablico en el mundo, la calidad y el tama\u00f1o del mismo.","robots":{"index":"index","follow":"follow","max-snippet":"max-snippet:-1","max-image-preview":"max-image-preview:large","max-video-preview":"max-video-preview:-1"},"canonical":"https:\/\/municipales.org.ar\/festram\/empleo-publico-los-paises-nordicos-lideran-ranking\/","og_locale":"es_ES","og_type":"article","og_title":"Empleo p\u00fablico: Los pa\u00edses n\u00f3rdicos lideran el ranking &#8211; FESTRAM","og_description":"La Organizaci\u00f3n para la Cooperaci\u00f3n y el Desarrollo Econ\u00f3micos (OCDE) public\u00f3 su informe titulado \u201cGovernment at a Glance 2015\u201d basado en el an\u00e1lisis sobre el empleo p\u00fablico en el mundo, la calidad y el tama\u00f1o del mismo.","og_url":"https:\/\/municipales.org.ar\/festram\/empleo-publico-los-paises-nordicos-lideran-ranking\/","og_site_name":"FESTRAM","article_publisher":"https:\/\/www.facebook.com\/MunicipalesSF","article_published_time":"2016-03-03T21:06:50+00:00","article_modified_time":"2016-03-08T21:00:31+00:00","og_image":[{"width":1200,"height":800,"url":"https:\/\/municipales.org.ar\/festram\/wp-content\/uploads\/2016\/03\/empleo-publico-600x365.jpg","type":"image\/jpeg"}],"author":"mun_admin","twitter_card":"summary_large_image","twitter_creator":"@MunicipalesSF","twitter_site":"@MunicipalesSF","twitter_misc":{"Escrito por":"mun_admin","Tiempo de lectura":"2 minutos"},"schema":{"@context":"https:\/\/schema.org","@graph":[{"@type":"Article","@id":"https:\/\/municipales.org.ar\/festram\/empleo-publico-los-paises-nordicos-lideran-ranking\/#article","isPartOf":{"@id":"https:\/\/municipales.org.ar\/festram\/empleo-publico-los-paises-nordicos-lideran-ranking\/"},"author":{"name":"mun_admin","@id":"https:\/\/municipales.org.ar\/festram\/#\/schema\/person\/49096a774c48ce9063df4d59ec059f9e"},"headline":"Empleo p\u00fablico: Los pa\u00edses n\u00f3rdicos lideran el ranking","datePublished":"2016-03-03T21:06:50+00:00","dateModified":"2016-03-08T21:00:31+00:00","mainEntityOfPage":{"@id":"https:\/\/municipales.org.ar\/festram\/empleo-publico-los-paises-nordicos-lideran-ranking\/"},"wordCount":402,"publisher":{"@id":"https:\/\/municipales.org.ar\/festram\/#organization"},"image":{"@id":"https:\/\/municipales.org.ar\/festram\/empleo-publico-los-paises-nordicos-lideran-ranking\/#primaryimage"},"thumbnailUrl":"https:\/\/municipales.org.ar\/festram\/wp-content\/uploads\/2016\/03\/empleo-publico-600x365.jpg","keywords":["el pa\u00eds","opinion"],"articleSection":["Notas Varias","Opini\u00f3n"],"inLanguage":"es"},{"@type":"WebPage","@id":"https:\/\/municipales.org.ar\/festram\/empleo-publico-los-paises-nordicos-lideran-ranking\/","url":"https:\/\/municipales.org.ar\/festram\/empleo-publico-los-paises-nordicos-lideran-ranking\/","name":"Empleo p\u00fablico: Los pa\u00edses n\u00f3rdicos lideran el ranking &#8211; FESTRAM","isPartOf":{"@id":"https:\/\/municipales.org.ar\/festram\/#website"},"primaryImageOfPage":{"@id":"https:\/\/municipales.org.ar\/festram\/empleo-publico-los-paises-nordicos-lideran-ranking\/#primaryimage"},"image":{"@id":"https:\/\/municipales.org.ar\/festram\/empleo-publico-los-paises-nordicos-lideran-ranking\/#primaryimage"},"thumbnailUrl":"https:\/\/municipales.org.ar\/festram\/wp-content\/uploads\/2016\/03\/empleo-publico-600x365.jpg","datePublished":"2016-03-03T21:06:50+00:00","dateModified":"2016-03-08T21:00:31+00:00","description":"La Organizaci\u00f3n para la Cooperaci\u00f3n y el Desarrollo Econ\u00f3micos (OCDE) public\u00f3 su informe titulado \u201cGovernment at a Glance 2015\u201d basado en el an\u00e1lisis sobre el empleo p\u00fablico en el mundo, la calidad y el tama\u00f1o del mismo.","breadcrumb":{"@id":"https:\/\/municipales.org.ar\/festram\/empleo-publico-los-paises-nordicos-lideran-ranking\/#breadcrumb"},"inLanguage":"es","potentialAction":[{"@type":"ReadAction","target":["https:\/\/municipales.org.ar\/festram\/empleo-publico-los-paises-nordicos-lideran-ranking\/"]}]},{"@type":"ImageObject","inLanguage":"es","@id":"https:\/\/municipales.org.ar\/festram\/empleo-publico-los-paises-nordicos-lideran-ranking\/#primaryimage","url":"https:\/\/municipales.org.ar\/festram\/wp-content\/uploads\/2016\/03\/empleo-publico-600x365.jpg","contentUrl":"https:\/\/municipales.org.ar\/festram\/wp-content\/uploads\/2016\/03\/empleo-publico-600x365.jpg","width":1200,"height":800},{"@type":"BreadcrumbList","@id":"https:\/\/municipales.org.ar\/festram\/empleo-publico-los-paises-nordicos-lideran-ranking\/#breadcrumb","itemListElement":[{"@type":"ListItem","position":1,"name":"Portada","item":"https:\/\/municipales.org.ar\/festram\/"},{"@type":"ListItem","position":2,"name":"Empleo p\u00fablico: Los pa\u00edses n\u00f3rdicos lideran el ranking"}]},{"@type":"WebSite","@id":"https:\/\/municipales.org.ar\/festram\/#website","url":"https:\/\/municipales.org.ar\/festram\/","name":"FESTRAM","description":"La web de los trabajadores municipales","publisher":{"@id":"https:\/\/municipales.org.ar\/festram\/#organization"},"potentialAction":[{"@type":"SearchAction","target":{"@type":"EntryPoint","urlTemplate":"https:\/\/municipales.org.ar\/festram\/?s={search_term_string}"},"query-input":{"@type":"PropertyValueSpecification","valueRequired":true,"valueName":"search_term_string"}}],"inLanguage":"es"},{"@type":"Organization","@id":"https:\/\/municipales.org.ar\/festram\/#organization","name":"Federaci\u00f3n de Sindicatos de Trabajadores Municipales de la Provincia de Santa Fe","url":"https:\/\/municipales.org.ar\/festram\/","logo":{"@type":"ImageObject","inLanguage":"es","@id":"https:\/\/municipales.org.ar\/festram\/#\/schema\/logo\/image\/","url":"https:\/\/www.municipales.org.ar\/festram\/wp-content\/uploads\/2014\/07\/logo_fes.jpg","contentUrl":"https:\/\/www.municipales.org.ar\/festram\/wp-content\/uploads\/2014\/07\/logo_fes.jpg","width":661,"height":673,"caption":"Federaci\u00f3n de Sindicatos de Trabajadores Municipales de la Provincia de Santa Fe"},"image":{"@id":"https:\/\/municipales.org.ar\/festram\/#\/schema\/logo\/image\/"},"sameAs":["https:\/\/www.facebook.com\/MunicipalesSF","https:\/\/x.com\/MunicipalesSF","https:\/\/www.youtube.com\/user\/festram"]},{"@type":"Person","@id":"https:\/\/municipales.org.ar\/festram\/#\/schema\/person\/49096a774c48ce9063df4d59ec059f9e","name":"mun_admin"}]}},"jetpack_publicize_connections":[],"jetpack_featured_media_url":"https:\/\/municipales.org.ar\/festram\/wp-content\/uploads\/2016\/03\/empleo-publico-600x365.jpg","jetpack_sharing_enabled":true,"jetpack_likes_enabled":false,"jetpack_shortlink":"https:\/\/wp.me\/p7l4x1-2N2","_links":{"self":[{"href":"https:\/\/municipales.org.ar\/festram\/wp-json\/wp\/v2\/posts\/10728","targetHints":{"allow":["GET"]}}],"collection":[{"href":"https:\/\/municipales.org.ar\/festram\/wp-json\/wp\/v2\/posts"}],"about":[{"href":"https:\/\/municipales.org.ar\/festram\/wp-json\/wp\/v2\/types\/post"}],"author":[{"embeddable":true,"href":"https:\/\/municipales.org.ar\/festram\/wp-json\/wp\/v2\/users\/1"}],"replies":[{"embeddable":true,"href":"https:\/\/municipales.org.ar\/festram\/wp-json\/wp\/v2\/comments?post=10728"}],"version-history":[{"count":1,"href":"https:\/\/municipales.org.ar\/festram\/wp-json\/wp\/v2\/posts\/10728\/revisions"}],"predecessor-version":[{"id":10730,"href":"https:\/\/municipales.org.ar\/festram\/wp-json\/wp\/v2\/posts\/10728\/revisions\/10730"}],"wp:featuredmedia":[{"embeddable":true,"href":"https:\/\/municipales.org.ar\/festram\/wp-json\/wp\/v2\/media\/10729"}],"wp:attachment":[{"href":"https:\/\/municipales.org.ar\/festram\/wp-json\/wp\/v2\/media?parent=10728"}],"wp:term":[{"taxonomy":"category","embeddable":true,"href":"https:\/\/municipales.org.ar\/festram\/wp-json\/wp\/v2\/categories?post=10728"},{"taxonomy":"post_tag","embeddable":true,"href":"https:\/\/municipales.org.ar\/festram\/wp-json\/wp\/v2\/tags?post=10728"}],"curies":[{"name":"wp","href":"https:\/\/api.w.org\/{rel}","templated":true}]}}