{"id":10912,"date":"2016-04-05T09:00:04","date_gmt":"2016-04-05T12:00:04","guid":{"rendered":"http:\/\/www.municipales.org.ar\/festram\/?p=10912"},"modified":"2016-04-07T17:27:37","modified_gmt":"2016-04-07T20:27:37","slug":"red-mujeres-frente-al-conflicto-las-rosas","status":"publish","type":"post","link":"https:\/\/municipales.org.ar\/festram\/red-mujeres-frente-al-conflicto-las-rosas\/","title":{"rendered":"Red de Mujeres frente al conflicto de las Rosas"},"content":{"rendered":"<p class=\"p1\"><span class=\"s1\">\u00a0<b>FRENTE AL CONFLICTO EN LA MUNICIPALIDAD DE LAS ROSAS<\/b><\/span><\/p>\n<ul>\n<li class=\"p3\"><span class=\"s1\">Por la Dignidad y en Defensa de los Derechos de los Trabajadores\/as.<\/span><\/li>\n<li class=\"p3\"><span class=\"s1\">Porqu\u00e9 cada lucha que se comienza es el COMPROMISO de todas\/os.<\/span><\/li>\n<li class=\"p3\"><span class=\"s1\">Por las DOSCIENTOS TREINTA FAMILIAS (230) que padecen <b>ABUSO DE AUTORIDAD,<\/b><\/span><span class=\"s2\"> \u00a0<\/span><span class=\"s1\">con pr\u00e1cticas desleales de un Intendente, que juega con las necesidades de toda la familia municipal\u2026<\/span><\/li>\n<\/ul>\n<p class=\"p3\"><span class=\"s1\">DESDE LA RED DE MUJERES MUNICIPALES Y COMUNALES\u00a0 DE FESTRAM LES DECIMOS:<\/span><\/p>\n<p class=\"p3\"><span class=\"s1\">COMPA\u00d1ERAS\/OS \u201c<b>NO EST\u00c1N SOLAS\/OS\u201d.<\/b> Hoy y siempre <b>NOSOTRAS, COMO \u201cSUJETOS DE DERECHO\u201d, <\/b>sostenemos el lema de la<b> SOLIDARIDAD y de una SOCIEDAD LIBRE DE OPRESI\u00d3N y estamos con ustedes, frente a la situaci\u00f3n que est\u00e1n atravesando. Recuerden que \u201cla \u00fanica lucha que se pierde, es la que se abandona\u201d.<\/b><\/span><\/p>\n<p class=\"p3\">[srizonfbalbum id=19]<br \/>\n<a href=\"https:\/\/www.facebook.com\/media\/set\/?set=a.1118551934875389.1073741867.117916918272234&amp;type=3&amp;uploaded=39\" target=\"_blank\">M\u00e1s fotos en la FanPage de FESTRAM en Facebook<\/a><\/p>\n","protected":false},"excerpt":{"rendered":"<p>\u00a0FRENTE AL CONFLICTO EN LA MUNICIPALIDAD DE LAS ROSAS Por la Dignidad y en Defensa de los Derechos de los Trabajadores\/as. Porqu\u00e9 cada lucha que se comienza es el COMPROMISO de todas\/os. Por las DOSCIENTOS TREINTA FAMILIAS (230) que padecen ABUSO DE AUTORIDAD, \u00a0con pr\u00e1cticas desleales de un Intendente, que juega con las necesidades de [&hellip;]<\/p>\n","protected":false},"author":1,"featured_media":10926,"comment_status":"closed","ping_status":"closed","sticky":false,"template":"","format":"standard","meta":{"_jetpack_memberships_contains_paid_content":false,"footnotes":"","jetpack_publicize_message":"","jetpack_publicize_feature_enabled":true,"jetpack_social_post_already_shared":true,"jetpack_social_options":{"image_generator_settings":{"template":"highway","default_image_id":0,"font":"","enabled":false},"version":2}},"categories":[50],"tags":[87,134,71,67],"class_list":["post-10912","post","type-post","status-publish","format-standard","has-post-thumbnail","hentry","category-genero","tag-genero-2","tag-las-rosas","tag-medidas-de-fuerza","tag-sindicatos-afiliados"],"yoast_head":"<!-- This site is optimized with the Yoast SEO plugin v25.9 - https:\/\/yoast.com\/wordpress\/plugins\/seo\/ -->\n<title>Red de Mujeres frente al conflicto de las Rosas &#8211; FESTRAM<\/title>\n<meta name=\"description\" content=\"\u00a0FRENTE AL CONFLICTO EN LA MUNICIPALIDAD DE LAS ROSAS Por la Dignidad y en Defensa de los Derechos de los Trabajadores\/as. Porqu\u00e9 cada lucha que se\" \/>\n<meta name=\"robots\" content=\"index, follow, max-snippet:-1, max-image-preview:large, max-video-preview:-1\" \/>\n<link rel=\"canonical\" href=\"https:\/\/municipales.org.ar\/festram\/red-mujeres-frente-al-conflicto-las-rosas\/\" \/>\n<meta property=\"og:locale\" content=\"es_ES\" \/>\n<meta property=\"og:type\" content=\"article\" \/>\n<meta property=\"og:title\" content=\"Red de Mujeres frente al conflicto de las Rosas &#8211; FESTRAM\" \/>\n<meta property=\"og:description\" content=\"\u00a0FRENTE AL CONFLICTO EN LA MUNICIPALIDAD DE LAS ROSAS Por la Dignidad y en Defensa de los Derechos de los Trabajadores\/as. Porqu\u00e9 cada lucha que se\" \/>\n<meta property=\"og:url\" content=\"https:\/\/municipales.org.ar\/festram\/red-mujeres-frente-al-conflicto-las-rosas\/\" \/>\n<meta property=\"og:site_name\" content=\"FESTRAM\" \/>\n<meta property=\"article:publisher\" content=\"https:\/\/www.facebook.com\/MunicipalesSF\" \/>\n<meta property=\"article:published_time\" content=\"2016-04-05T12:00:04+00:00\" \/>\n<meta property=\"article:modified_time\" content=\"2016-04-07T20:27:37+00:00\" \/>\n<meta property=\"og:image\" content=\"https:\/\/municipales.org.ar\/festram\/wp-content\/uploads\/2016\/04\/12419142_1118552218208694_3957091323741624657_o.jpg\" \/>\n\t<meta property=\"og:image:width\" content=\"1280\" \/>\n\t<meta property=\"og:image:height\" content=\"960\" \/>\n\t<meta property=\"og:image:type\" content=\"image\/jpeg\" \/>\n<meta name=\"author\" content=\"mun_admin\" \/>\n<meta name=\"twitter:card\" content=\"summary_large_image\" \/>\n<meta name=\"twitter:creator\" content=\"@MunicipalesSF\" \/>\n<meta name=\"twitter:site\" content=\"@MunicipalesSF\" \/>\n<meta name=\"twitter:label1\" content=\"Escrito por\" \/>\n\t<meta name=\"twitter:data1\" content=\"mun_admin\" \/>\n\t<meta name=\"twitter:label2\" content=\"Tiempo de lectura\" \/>\n\t<meta name=\"twitter:data2\" content=\"1 minuto\" \/>\n<script type=\"application\/ld+json\" class=\"yoast-schema-graph\">{\"@context\":\"https:\/\/schema.org\",\"@graph\":[{\"@type\":\"Article\",\"@id\":\"https:\/\/municipales.org.ar\/festram\/red-mujeres-frente-al-conflicto-las-rosas\/#article\",\"isPartOf\":{\"@id\":\"https:\/\/municipales.org.ar\/festram\/red-mujeres-frente-al-conflicto-las-rosas\/\"},\"author\":{\"name\":\"mun_admin\",\"@id\":\"https:\/\/municipales.org.ar\/festram\/#\/schema\/person\/49096a774c48ce9063df4d59ec059f9e\"},\"headline\":\"Red de Mujeres frente al conflicto de las Rosas\",\"datePublished\":\"2016-04-05T12:00:04+00:00\",\"dateModified\":\"2016-04-07T20:27:37+00:00\",\"mainEntityOfPage\":{\"@id\":\"https:\/\/municipales.org.ar\/festram\/red-mujeres-frente-al-conflicto-las-rosas\/\"},\"wordCount\":150,\"publisher\":{\"@id\":\"https:\/\/municipales.org.ar\/festram\/#organization\"},\"image\":{\"@id\":\"https:\/\/municipales.org.ar\/festram\/red-mujeres-frente-al-conflicto-las-rosas\/#primaryimage\"},\"thumbnailUrl\":\"https:\/\/municipales.org.ar\/festram\/wp-content\/uploads\/2016\/04\/12419142_1118552218208694_3957091323741624657_o.jpg\",\"keywords\":[\"g\u00e9nero\",\"las rosas\",\"medidas de fuerza\",\"sindicatos afiliados\"],\"articleSection\":[\"G\u00e9nero\"],\"inLanguage\":\"es\"},{\"@type\":\"WebPage\",\"@id\":\"https:\/\/municipales.org.ar\/festram\/red-mujeres-frente-al-conflicto-las-rosas\/\",\"url\":\"https:\/\/municipales.org.ar\/festram\/red-mujeres-frente-al-conflicto-las-rosas\/\",\"name\":\"Red de Mujeres frente al conflicto de las Rosas &#8211; FESTRAM\",\"isPartOf\":{\"@id\":\"https:\/\/municipales.org.ar\/festram\/#website\"},\"primaryImageOfPage\":{\"@id\":\"https:\/\/municipales.org.ar\/festram\/red-mujeres-frente-al-conflicto-las-rosas\/#primaryimage\"},\"image\":{\"@id\":\"https:\/\/municipales.org.ar\/festram\/red-mujeres-frente-al-conflicto-las-rosas\/#primaryimage\"},\"thumbnailUrl\":\"https:\/\/municipales.org.ar\/festram\/wp-content\/uploads\/2016\/04\/12419142_1118552218208694_3957091323741624657_o.jpg\",\"datePublished\":\"2016-04-05T12:00:04+00:00\",\"dateModified\":\"2016-04-07T20:27:37+00:00\",\"description\":\"\u00a0FRENTE AL CONFLICTO EN LA MUNICIPALIDAD DE LAS ROSAS Por la Dignidad y en Defensa de los Derechos de los Trabajadores\/as. Porqu\u00e9 cada lucha que se\",\"breadcrumb\":{\"@id\":\"https:\/\/municipales.org.ar\/festram\/red-mujeres-frente-al-conflicto-las-rosas\/#breadcrumb\"},\"inLanguage\":\"es\",\"potentialAction\":[{\"@type\":\"ReadAction\",\"target\":[\"https:\/\/municipales.org.ar\/festram\/red-mujeres-frente-al-conflicto-las-rosas\/\"]}]},{\"@type\":\"ImageObject\",\"inLanguage\":\"es\",\"@id\":\"https:\/\/municipales.org.ar\/festram\/red-mujeres-frente-al-conflicto-las-rosas\/#primaryimage\",\"url\":\"https:\/\/municipales.org.ar\/festram\/wp-content\/uploads\/2016\/04\/12419142_1118552218208694_3957091323741624657_o.jpg\",\"contentUrl\":\"https:\/\/municipales.org.ar\/festram\/wp-content\/uploads\/2016\/04\/12419142_1118552218208694_3957091323741624657_o.jpg\",\"width\":1280,\"height\":960},{\"@type\":\"BreadcrumbList\",\"@id\":\"https:\/\/municipales.org.ar\/festram\/red-mujeres-frente-al-conflicto-las-rosas\/#breadcrumb\",\"itemListElement\":[{\"@type\":\"ListItem\",\"position\":1,\"name\":\"Portada\",\"item\":\"https:\/\/municipales.org.ar\/festram\/\"},{\"@type\":\"ListItem\",\"position\":2,\"name\":\"Red de Mujeres frente al conflicto de las Rosas\"}]},{\"@type\":\"WebSite\",\"@id\":\"https:\/\/municipales.org.ar\/festram\/#website\",\"url\":\"https:\/\/municipales.org.ar\/festram\/\",\"name\":\"FESTRAM\",\"description\":\"La web de los trabajadores municipales\",\"publisher\":{\"@id\":\"https:\/\/municipales.org.ar\/festram\/#organization\"},\"potentialAction\":[{\"@type\":\"SearchAction\",\"target\":{\"@type\":\"EntryPoint\",\"urlTemplate\":\"https:\/\/municipales.org.ar\/festram\/?s={search_term_string}\"},\"query-input\":{\"@type\":\"PropertyValueSpecification\",\"valueRequired\":true,\"valueName\":\"search_term_string\"}}],\"inLanguage\":\"es\"},{\"@type\":\"Organization\",\"@id\":\"https:\/\/municipales.org.ar\/festram\/#organization\",\"name\":\"Federaci\u00f3n de Sindicatos de Trabajadores Municipales de la Provincia de Santa Fe\",\"url\":\"https:\/\/municipales.org.ar\/festram\/\",\"logo\":{\"@type\":\"ImageObject\",\"inLanguage\":\"es\",\"@id\":\"https:\/\/municipales.org.ar\/festram\/#\/schema\/logo\/image\/\",\"url\":\"https:\/\/www.municipales.org.ar\/festram\/wp-content\/uploads\/2014\/07\/logo_fes.jpg\",\"contentUrl\":\"https:\/\/www.municipales.org.ar\/festram\/wp-content\/uploads\/2014\/07\/logo_fes.jpg\",\"width\":661,\"height\":673,\"caption\":\"Federaci\u00f3n de Sindicatos de Trabajadores Municipales de la Provincia de Santa Fe\"},\"image\":{\"@id\":\"https:\/\/municipales.org.ar\/festram\/#\/schema\/logo\/image\/\"},\"sameAs\":[\"https:\/\/www.facebook.com\/MunicipalesSF\",\"https:\/\/x.com\/MunicipalesSF\",\"https:\/\/www.youtube.com\/user\/festram\"]},{\"@type\":\"Person\",\"@id\":\"https:\/\/municipales.org.ar\/festram\/#\/schema\/person\/49096a774c48ce9063df4d59ec059f9e\",\"name\":\"mun_admin\"}]}<\/script>\n<!-- \/ Yoast SEO plugin. -->","yoast_head_json":{"title":"Red de Mujeres frente al conflicto de las Rosas &#8211; FESTRAM","description":"\u00a0FRENTE AL CONFLICTO EN LA MUNICIPALIDAD DE LAS ROSAS Por la Dignidad y en Defensa de los Derechos de los Trabajadores\/as. Porqu\u00e9 cada lucha que se","robots":{"index":"index","follow":"follow","max-snippet":"max-snippet:-1","max-image-preview":"max-image-preview:large","max-video-preview":"max-video-preview:-1"},"canonical":"https:\/\/municipales.org.ar\/festram\/red-mujeres-frente-al-conflicto-las-rosas\/","og_locale":"es_ES","og_type":"article","og_title":"Red de Mujeres frente al conflicto de las Rosas &#8211; FESTRAM","og_description":"\u00a0FRENTE AL CONFLICTO EN LA MUNICIPALIDAD DE LAS ROSAS Por la Dignidad y en Defensa de los Derechos de los Trabajadores\/as. Porqu\u00e9 cada lucha que se","og_url":"https:\/\/municipales.org.ar\/festram\/red-mujeres-frente-al-conflicto-las-rosas\/","og_site_name":"FESTRAM","article_publisher":"https:\/\/www.facebook.com\/MunicipalesSF","article_published_time":"2016-04-05T12:00:04+00:00","article_modified_time":"2016-04-07T20:27:37+00:00","og_image":[{"width":1280,"height":960,"url":"https:\/\/municipales.org.ar\/festram\/wp-content\/uploads\/2016\/04\/12419142_1118552218208694_3957091323741624657_o.jpg","type":"image\/jpeg"}],"author":"mun_admin","twitter_card":"summary_large_image","twitter_creator":"@MunicipalesSF","twitter_site":"@MunicipalesSF","twitter_misc":{"Escrito por":"mun_admin","Tiempo de lectura":"1 minuto"},"schema":{"@context":"https:\/\/schema.org","@graph":[{"@type":"Article","@id":"https:\/\/municipales.org.ar\/festram\/red-mujeres-frente-al-conflicto-las-rosas\/#article","isPartOf":{"@id":"https:\/\/municipales.org.ar\/festram\/red-mujeres-frente-al-conflicto-las-rosas\/"},"author":{"name":"mun_admin","@id":"https:\/\/municipales.org.ar\/festram\/#\/schema\/person\/49096a774c48ce9063df4d59ec059f9e"},"headline":"Red de Mujeres frente al conflicto de las Rosas","datePublished":"2016-04-05T12:00:04+00:00","dateModified":"2016-04-07T20:27:37+00:00","mainEntityOfPage":{"@id":"https:\/\/municipales.org.ar\/festram\/red-mujeres-frente-al-conflicto-las-rosas\/"},"wordCount":150,"publisher":{"@id":"https:\/\/municipales.org.ar\/festram\/#organization"},"image":{"@id":"https:\/\/municipales.org.ar\/festram\/red-mujeres-frente-al-conflicto-las-rosas\/#primaryimage"},"thumbnailUrl":"https:\/\/municipales.org.ar\/festram\/wp-content\/uploads\/2016\/04\/12419142_1118552218208694_3957091323741624657_o.jpg","keywords":["g\u00e9nero","las rosas","medidas de fuerza","sindicatos afiliados"],"articleSection":["G\u00e9nero"],"inLanguage":"es"},{"@type":"WebPage","@id":"https:\/\/municipales.org.ar\/festram\/red-mujeres-frente-al-conflicto-las-rosas\/","url":"https:\/\/municipales.org.ar\/festram\/red-mujeres-frente-al-conflicto-las-rosas\/","name":"Red de Mujeres frente al conflicto de las Rosas &#8211; FESTRAM","isPartOf":{"@id":"https:\/\/municipales.org.ar\/festram\/#website"},"primaryImageOfPage":{"@id":"https:\/\/municipales.org.ar\/festram\/red-mujeres-frente-al-conflicto-las-rosas\/#primaryimage"},"image":{"@id":"https:\/\/municipales.org.ar\/festram\/red-mujeres-frente-al-conflicto-las-rosas\/#primaryimage"},"thumbnailUrl":"https:\/\/municipales.org.ar\/festram\/wp-content\/uploads\/2016\/04\/12419142_1118552218208694_3957091323741624657_o.jpg","datePublished":"2016-04-05T12:00:04+00:00","dateModified":"2016-04-07T20:27:37+00:00","description":"\u00a0FRENTE AL CONFLICTO EN LA MUNICIPALIDAD DE LAS ROSAS Por la Dignidad y en Defensa de los Derechos de los Trabajadores\/as. Porqu\u00e9 cada lucha que se","breadcrumb":{"@id":"https:\/\/municipales.org.ar\/festram\/red-mujeres-frente-al-conflicto-las-rosas\/#breadcrumb"},"inLanguage":"es","potentialAction":[{"@type":"ReadAction","target":["https:\/\/municipales.org.ar\/festram\/red-mujeres-frente-al-conflicto-las-rosas\/"]}]},{"@type":"ImageObject","inLanguage":"es","@id":"https:\/\/municipales.org.ar\/festram\/red-mujeres-frente-al-conflicto-las-rosas\/#primaryimage","url":"https:\/\/municipales.org.ar\/festram\/wp-content\/uploads\/2016\/04\/12419142_1118552218208694_3957091323741624657_o.jpg","contentUrl":"https:\/\/municipales.org.ar\/festram\/wp-content\/uploads\/2016\/04\/12419142_1118552218208694_3957091323741624657_o.jpg","width":1280,"height":960},{"@type":"BreadcrumbList","@id":"https:\/\/municipales.org.ar\/festram\/red-mujeres-frente-al-conflicto-las-rosas\/#breadcrumb","itemListElement":[{"@type":"ListItem","position":1,"name":"Portada","item":"https:\/\/municipales.org.ar\/festram\/"},{"@type":"ListItem","position":2,"name":"Red de Mujeres frente al conflicto de las Rosas"}]},{"@type":"WebSite","@id":"https:\/\/municipales.org.ar\/festram\/#website","url":"https:\/\/municipales.org.ar\/festram\/","name":"FESTRAM","description":"La web de los trabajadores municipales","publisher":{"@id":"https:\/\/municipales.org.ar\/festram\/#organization"},"potentialAction":[{"@type":"SearchAction","target":{"@type":"EntryPoint","urlTemplate":"https:\/\/municipales.org.ar\/festram\/?s={search_term_string}"},"query-input":{"@type":"PropertyValueSpecification","valueRequired":true,"valueName":"search_term_string"}}],"inLanguage":"es"},{"@type":"Organization","@id":"https:\/\/municipales.org.ar\/festram\/#organization","name":"Federaci\u00f3n de Sindicatos de Trabajadores Municipales de la Provincia de Santa Fe","url":"https:\/\/municipales.org.ar\/festram\/","logo":{"@type":"ImageObject","inLanguage":"es","@id":"https:\/\/municipales.org.ar\/festram\/#\/schema\/logo\/image\/","url":"https:\/\/www.municipales.org.ar\/festram\/wp-content\/uploads\/2014\/07\/logo_fes.jpg","contentUrl":"https:\/\/www.municipales.org.ar\/festram\/wp-content\/uploads\/2014\/07\/logo_fes.jpg","width":661,"height":673,"caption":"Federaci\u00f3n de Sindicatos de Trabajadores Municipales de la Provincia de Santa Fe"},"image":{"@id":"https:\/\/municipales.org.ar\/festram\/#\/schema\/logo\/image\/"},"sameAs":["https:\/\/www.facebook.com\/MunicipalesSF","https:\/\/x.com\/MunicipalesSF","https:\/\/www.youtube.com\/user\/festram"]},{"@type":"Person","@id":"https:\/\/municipales.org.ar\/festram\/#\/schema\/person\/49096a774c48ce9063df4d59ec059f9e","name":"mun_admin"}]}},"jetpack_publicize_connections":[],"jetpack_featured_media_url":"https:\/\/municipales.org.ar\/festram\/wp-content\/uploads\/2016\/04\/12419142_1118552218208694_3957091323741624657_o.jpg","jetpack_sharing_enabled":true,"jetpack_likes_enabled":false,"jetpack_shortlink":"https:\/\/wp.me\/p7l4x1-2Q0","_links":{"self":[{"href":"https:\/\/municipales.org.ar\/festram\/wp-json\/wp\/v2\/posts\/10912","targetHints":{"allow":["GET"]}}],"collection":[{"href":"https:\/\/municipales.org.ar\/festram\/wp-json\/wp\/v2\/posts"}],"about":[{"href":"https:\/\/municipales.org.ar\/festram\/wp-json\/wp\/v2\/types\/post"}],"author":[{"embeddable":true,"href":"https:\/\/municipales.org.ar\/festram\/wp-json\/wp\/v2\/users\/1"}],"replies":[{"embeddable":true,"href":"https:\/\/municipales.org.ar\/festram\/wp-json\/wp\/v2\/comments?post=10912"}],"version-history":[{"count":3,"href":"https:\/\/municipales.org.ar\/festram\/wp-json\/wp\/v2\/posts\/10912\/revisions"}],"predecessor-version":[{"id":10928,"href":"https:\/\/municipales.org.ar\/festram\/wp-json\/wp\/v2\/posts\/10912\/revisions\/10928"}],"wp:featuredmedia":[{"embeddable":true,"href":"https:\/\/municipales.org.ar\/festram\/wp-json\/wp\/v2\/media\/10926"}],"wp:attachment":[{"href":"https:\/\/municipales.org.ar\/festram\/wp-json\/wp\/v2\/media?parent=10912"}],"wp:term":[{"taxonomy":"category","embeddable":true,"href":"https:\/\/municipales.org.ar\/festram\/wp-json\/wp\/v2\/categories?post=10912"},{"taxonomy":"post_tag","embeddable":true,"href":"https:\/\/municipales.org.ar\/festram\/wp-json\/wp\/v2\/tags?post=10912"}],"curies":[{"name":"wp","href":"https:\/\/api.w.org\/{rel}","templated":true}]}}