{"id":10915,"date":"2016-04-07T13:57:44","date_gmt":"2016-04-07T16:57:44","guid":{"rendered":"http:\/\/www.municipales.org.ar\/festram\/?p=10915"},"modified":"2016-04-07T13:57:44","modified_gmt":"2016-04-07T16:57:44","slug":"jornada-trabajo-nuevas-practicas-territoriales","status":"publish","type":"post","link":"https:\/\/municipales.org.ar\/festram\/jornada-trabajo-nuevas-practicas-territoriales\/","title":{"rendered":"Jornada de Trabajo  \u00abNuevas Pr\u00e1cticas Territoriales\u00bb"},"content":{"rendered":"<h4>El s\u00e1bado 2 de Abril organizada por\u00a0 la Federaci\u00f3n de Sindicatos de Trabajadores Municipales (FESTRAM), se realiz\u00f3\u00a0 la Jornada de Trabajo \u201cNuestras pr\u00e1cticas Territoriales\u201d que congreg\u00f3 a m\u00e1s de ochenta (80) representantes de organizaciones sociales de la ciudad de Santa Fe, Santo Tom\u00e9, Laguna Paiva y otras localidades del Departamento La Capital, como as\u00ed invitados especiales de las ciudades de Rosario y Paran\u00e1 (Entre R\u00edos).<\/h4>\n<p>La actividad congreg\u00f3 a gremios, organizaciones sociales y estudiantiles, de comunicaci\u00f3n, cooperativas, e instituciones culturales para abordar las pr\u00e1cticas territoriales que cada una de ellas viene realizando y ver las carencias y fortalezas concretas, como as\u00ed tambi\u00e9n los desaf\u00edos que se presentan y como abordarlos.<\/p>\n<p>La diversidad de organizaciones participantes permiti\u00f3 tambi\u00e9n establecer prioridades, las posibilidades de trabajos en conjuntos y necesidades espec\u00edficas en capacitaci\u00f3n.<\/p>\n<p>Esta actividad que se realiz\u00f3 en la sede de FESTRAM, fue gestada conjuntamente con el MUB (Movimiento Unidos por los Barrios) y la Red de Comunicadores del MERCOSUR y representa para la Federaci\u00f3n, la posibilidad de asumir otro rol en la articulaci\u00f3n entre la propia realidad sindical y las experiencias territoriales.<\/p>\n","protected":false},"excerpt":{"rendered":"<p>Se reunieron m\u00e1s de ochenta (80) representantes de organizaciones sociales de la ciudad de Santa Fe, Santo Tom\u00e9, Laguna Paiva y otras localidades del Departamento La Capital, como as\u00ed invitados especiales de las ciudades de Rosario y Paran\u00e1 (Entre R\u00edos).<\/p>\n","protected":false},"author":1,"featured_media":10916,"comment_status":"closed","ping_status":"closed","sticky":false,"template":"","format":"standard","meta":{"_jetpack_memberships_contains_paid_content":false,"footnotes":"","jetpack_publicize_message":"","jetpack_publicize_feature_enabled":true,"jetpack_social_post_already_shared":true,"jetpack_social_options":{"image_generator_settings":{"template":"highway","default_image_id":0,"font":"","enabled":false},"version":2}},"categories":[61],"tags":[],"class_list":["post-10915","post","type-post","status-publish","format-standard","has-post-thumbnail","hentry","category-seminarios-y-actividades"],"yoast_head":"<!-- This site is optimized with the Yoast SEO plugin v25.9 - https:\/\/yoast.com\/wordpress\/plugins\/seo\/ -->\n<title>Jornada de Trabajo &quot;Nuevas Pr\u00e1cticas Territoriales&quot; &#8211; FESTRAM<\/title>\n<meta name=\"description\" content=\"Se reunieron m\u00e1s de ochenta (80) representantes de organizaciones sociales de la ciudad de Santa Fe, Santo Tom\u00e9, Laguna Paiva y otras localidades del Departamento La Capital, como as\u00ed invitados especiales de las ciudades de Rosario y Paran\u00e1 (Entre R\u00edos).\" \/>\n<meta name=\"robots\" content=\"index, follow, max-snippet:-1, max-image-preview:large, max-video-preview:-1\" \/>\n<link rel=\"canonical\" href=\"https:\/\/municipales.org.ar\/festram\/jornada-trabajo-nuevas-practicas-territoriales\/\" \/>\n<meta property=\"og:locale\" content=\"es_ES\" \/>\n<meta property=\"og:type\" content=\"article\" \/>\n<meta property=\"og:title\" content=\"Jornada de Trabajo &quot;Nuevas Pr\u00e1cticas Territoriales&quot; &#8211; FESTRAM\" \/>\n<meta property=\"og:description\" content=\"Se reunieron m\u00e1s de ochenta (80) representantes de organizaciones sociales de la ciudad de Santa Fe, Santo Tom\u00e9, Laguna Paiva y otras localidades del Departamento La Capital, como as\u00ed invitados especiales de las ciudades de Rosario y Paran\u00e1 (Entre R\u00edos).\" \/>\n<meta property=\"og:url\" content=\"https:\/\/municipales.org.ar\/festram\/jornada-trabajo-nuevas-practicas-territoriales\/\" \/>\n<meta property=\"og:site_name\" content=\"FESTRAM\" \/>\n<meta property=\"article:publisher\" content=\"https:\/\/www.facebook.com\/MunicipalesSF\" \/>\n<meta property=\"article:published_time\" content=\"2016-04-07T16:57:44+00:00\" \/>\n<meta property=\"og:image\" content=\"https:\/\/municipales.org.ar\/festram\/wp-content\/uploads\/2016\/04\/20160402_104226-e1460048237770.jpg\" \/>\n\t<meta property=\"og:image:width\" content=\"1200\" \/>\n\t<meta property=\"og:image:height\" content=\"720\" \/>\n\t<meta property=\"og:image:type\" content=\"image\/jpeg\" \/>\n<meta name=\"author\" content=\"mun_admin\" \/>\n<meta name=\"twitter:card\" content=\"summary_large_image\" \/>\n<meta name=\"twitter:creator\" content=\"@MunicipalesSF\" \/>\n<meta name=\"twitter:site\" content=\"@MunicipalesSF\" \/>\n<meta name=\"twitter:label1\" content=\"Escrito por\" \/>\n\t<meta name=\"twitter:data1\" content=\"mun_admin\" \/>\n\t<meta name=\"twitter:label2\" content=\"Tiempo de lectura\" \/>\n\t<meta name=\"twitter:data2\" content=\"1 minuto\" \/>\n<script type=\"application\/ld+json\" class=\"yoast-schema-graph\">{\"@context\":\"https:\/\/schema.org\",\"@graph\":[{\"@type\":\"Article\",\"@id\":\"https:\/\/municipales.org.ar\/festram\/jornada-trabajo-nuevas-practicas-territoriales\/#article\",\"isPartOf\":{\"@id\":\"https:\/\/municipales.org.ar\/festram\/jornada-trabajo-nuevas-practicas-territoriales\/\"},\"author\":{\"name\":\"mun_admin\",\"@id\":\"https:\/\/municipales.org.ar\/festram\/#\/schema\/person\/49096a774c48ce9063df4d59ec059f9e\"},\"headline\":\"Jornada de Trabajo \u00abNuevas Pr\u00e1cticas Territoriales\u00bb\",\"datePublished\":\"2016-04-07T16:57:44+00:00\",\"mainEntityOfPage\":{\"@id\":\"https:\/\/municipales.org.ar\/festram\/jornada-trabajo-nuevas-practicas-territoriales\/\"},\"wordCount\":200,\"publisher\":{\"@id\":\"https:\/\/municipales.org.ar\/festram\/#organization\"},\"image\":{\"@id\":\"https:\/\/municipales.org.ar\/festram\/jornada-trabajo-nuevas-practicas-territoriales\/#primaryimage\"},\"thumbnailUrl\":\"https:\/\/municipales.org.ar\/festram\/wp-content\/uploads\/2016\/04\/20160402_104226-e1460048237770.jpg\",\"articleSection\":[\"Seminarios y Actividades\"],\"inLanguage\":\"es\"},{\"@type\":\"WebPage\",\"@id\":\"https:\/\/municipales.org.ar\/festram\/jornada-trabajo-nuevas-practicas-territoriales\/\",\"url\":\"https:\/\/municipales.org.ar\/festram\/jornada-trabajo-nuevas-practicas-territoriales\/\",\"name\":\"Jornada de Trabajo \\\"Nuevas Pr\u00e1cticas Territoriales\\\" &#8211; FESTRAM\",\"isPartOf\":{\"@id\":\"https:\/\/municipales.org.ar\/festram\/#website\"},\"primaryImageOfPage\":{\"@id\":\"https:\/\/municipales.org.ar\/festram\/jornada-trabajo-nuevas-practicas-territoriales\/#primaryimage\"},\"image\":{\"@id\":\"https:\/\/municipales.org.ar\/festram\/jornada-trabajo-nuevas-practicas-territoriales\/#primaryimage\"},\"thumbnailUrl\":\"https:\/\/municipales.org.ar\/festram\/wp-content\/uploads\/2016\/04\/20160402_104226-e1460048237770.jpg\",\"datePublished\":\"2016-04-07T16:57:44+00:00\",\"description\":\"Se reunieron m\u00e1s de ochenta (80) representantes de organizaciones sociales de la ciudad de Santa Fe, Santo Tom\u00e9, Laguna Paiva y otras localidades del Departamento La Capital, como as\u00ed invitados especiales de las ciudades de Rosario y Paran\u00e1 (Entre R\u00edos).\",\"breadcrumb\":{\"@id\":\"https:\/\/municipales.org.ar\/festram\/jornada-trabajo-nuevas-practicas-territoriales\/#breadcrumb\"},\"inLanguage\":\"es\",\"potentialAction\":[{\"@type\":\"ReadAction\",\"target\":[\"https:\/\/municipales.org.ar\/festram\/jornada-trabajo-nuevas-practicas-territoriales\/\"]}]},{\"@type\":\"ImageObject\",\"inLanguage\":\"es\",\"@id\":\"https:\/\/municipales.org.ar\/festram\/jornada-trabajo-nuevas-practicas-territoriales\/#primaryimage\",\"url\":\"https:\/\/municipales.org.ar\/festram\/wp-content\/uploads\/2016\/04\/20160402_104226-e1460048237770.jpg\",\"contentUrl\":\"https:\/\/municipales.org.ar\/festram\/wp-content\/uploads\/2016\/04\/20160402_104226-e1460048237770.jpg\",\"width\":1200,\"height\":720},{\"@type\":\"BreadcrumbList\",\"@id\":\"https:\/\/municipales.org.ar\/festram\/jornada-trabajo-nuevas-practicas-territoriales\/#breadcrumb\",\"itemListElement\":[{\"@type\":\"ListItem\",\"position\":1,\"name\":\"Portada\",\"item\":\"https:\/\/municipales.org.ar\/festram\/\"},{\"@type\":\"ListItem\",\"position\":2,\"name\":\"Jornada de Trabajo \u00abNuevas Pr\u00e1cticas Territoriales\u00bb\"}]},{\"@type\":\"WebSite\",\"@id\":\"https:\/\/municipales.org.ar\/festram\/#website\",\"url\":\"https:\/\/municipales.org.ar\/festram\/\",\"name\":\"FESTRAM\",\"description\":\"La web de los trabajadores municipales\",\"publisher\":{\"@id\":\"https:\/\/municipales.org.ar\/festram\/#organization\"},\"potentialAction\":[{\"@type\":\"SearchAction\",\"target\":{\"@type\":\"EntryPoint\",\"urlTemplate\":\"https:\/\/municipales.org.ar\/festram\/?s={search_term_string}\"},\"query-input\":{\"@type\":\"PropertyValueSpecification\",\"valueRequired\":true,\"valueName\":\"search_term_string\"}}],\"inLanguage\":\"es\"},{\"@type\":\"Organization\",\"@id\":\"https:\/\/municipales.org.ar\/festram\/#organization\",\"name\":\"Federaci\u00f3n de Sindicatos de Trabajadores Municipales de la Provincia de Santa Fe\",\"url\":\"https:\/\/municipales.org.ar\/festram\/\",\"logo\":{\"@type\":\"ImageObject\",\"inLanguage\":\"es\",\"@id\":\"https:\/\/municipales.org.ar\/festram\/#\/schema\/logo\/image\/\",\"url\":\"https:\/\/www.municipales.org.ar\/festram\/wp-content\/uploads\/2014\/07\/logo_fes.jpg\",\"contentUrl\":\"https:\/\/www.municipales.org.ar\/festram\/wp-content\/uploads\/2014\/07\/logo_fes.jpg\",\"width\":661,\"height\":673,\"caption\":\"Federaci\u00f3n de Sindicatos de Trabajadores Municipales de la Provincia de Santa Fe\"},\"image\":{\"@id\":\"https:\/\/municipales.org.ar\/festram\/#\/schema\/logo\/image\/\"},\"sameAs\":[\"https:\/\/www.facebook.com\/MunicipalesSF\",\"https:\/\/x.com\/MunicipalesSF\",\"https:\/\/www.youtube.com\/user\/festram\"]},{\"@type\":\"Person\",\"@id\":\"https:\/\/municipales.org.ar\/festram\/#\/schema\/person\/49096a774c48ce9063df4d59ec059f9e\",\"name\":\"mun_admin\"}]}<\/script>\n<!-- \/ Yoast SEO plugin. -->","yoast_head_json":{"title":"Jornada de Trabajo \"Nuevas Pr\u00e1cticas Territoriales\" &#8211; FESTRAM","description":"Se reunieron m\u00e1s de ochenta (80) representantes de organizaciones sociales de la ciudad de Santa Fe, Santo Tom\u00e9, Laguna Paiva y otras localidades del Departamento La Capital, como as\u00ed invitados especiales de las ciudades de Rosario y Paran\u00e1 (Entre R\u00edos).","robots":{"index":"index","follow":"follow","max-snippet":"max-snippet:-1","max-image-preview":"max-image-preview:large","max-video-preview":"max-video-preview:-1"},"canonical":"https:\/\/municipales.org.ar\/festram\/jornada-trabajo-nuevas-practicas-territoriales\/","og_locale":"es_ES","og_type":"article","og_title":"Jornada de Trabajo \"Nuevas Pr\u00e1cticas Territoriales\" &#8211; FESTRAM","og_description":"Se reunieron m\u00e1s de ochenta (80) representantes de organizaciones sociales de la ciudad de Santa Fe, Santo Tom\u00e9, Laguna Paiva y otras localidades del Departamento La Capital, como as\u00ed invitados especiales de las ciudades de Rosario y Paran\u00e1 (Entre R\u00edos).","og_url":"https:\/\/municipales.org.ar\/festram\/jornada-trabajo-nuevas-practicas-territoriales\/","og_site_name":"FESTRAM","article_publisher":"https:\/\/www.facebook.com\/MunicipalesSF","article_published_time":"2016-04-07T16:57:44+00:00","og_image":[{"width":1200,"height":720,"url":"https:\/\/municipales.org.ar\/festram\/wp-content\/uploads\/2016\/04\/20160402_104226-e1460048237770.jpg","type":"image\/jpeg"}],"author":"mun_admin","twitter_card":"summary_large_image","twitter_creator":"@MunicipalesSF","twitter_site":"@MunicipalesSF","twitter_misc":{"Escrito por":"mun_admin","Tiempo de lectura":"1 minuto"},"schema":{"@context":"https:\/\/schema.org","@graph":[{"@type":"Article","@id":"https:\/\/municipales.org.ar\/festram\/jornada-trabajo-nuevas-practicas-territoriales\/#article","isPartOf":{"@id":"https:\/\/municipales.org.ar\/festram\/jornada-trabajo-nuevas-practicas-territoriales\/"},"author":{"name":"mun_admin","@id":"https:\/\/municipales.org.ar\/festram\/#\/schema\/person\/49096a774c48ce9063df4d59ec059f9e"},"headline":"Jornada de Trabajo \u00abNuevas Pr\u00e1cticas Territoriales\u00bb","datePublished":"2016-04-07T16:57:44+00:00","mainEntityOfPage":{"@id":"https:\/\/municipales.org.ar\/festram\/jornada-trabajo-nuevas-practicas-territoriales\/"},"wordCount":200,"publisher":{"@id":"https:\/\/municipales.org.ar\/festram\/#organization"},"image":{"@id":"https:\/\/municipales.org.ar\/festram\/jornada-trabajo-nuevas-practicas-territoriales\/#primaryimage"},"thumbnailUrl":"https:\/\/municipales.org.ar\/festram\/wp-content\/uploads\/2016\/04\/20160402_104226-e1460048237770.jpg","articleSection":["Seminarios y Actividades"],"inLanguage":"es"},{"@type":"WebPage","@id":"https:\/\/municipales.org.ar\/festram\/jornada-trabajo-nuevas-practicas-territoriales\/","url":"https:\/\/municipales.org.ar\/festram\/jornada-trabajo-nuevas-practicas-territoriales\/","name":"Jornada de Trabajo \"Nuevas Pr\u00e1cticas Territoriales\" &#8211; FESTRAM","isPartOf":{"@id":"https:\/\/municipales.org.ar\/festram\/#website"},"primaryImageOfPage":{"@id":"https:\/\/municipales.org.ar\/festram\/jornada-trabajo-nuevas-practicas-territoriales\/#primaryimage"},"image":{"@id":"https:\/\/municipales.org.ar\/festram\/jornada-trabajo-nuevas-practicas-territoriales\/#primaryimage"},"thumbnailUrl":"https:\/\/municipales.org.ar\/festram\/wp-content\/uploads\/2016\/04\/20160402_104226-e1460048237770.jpg","datePublished":"2016-04-07T16:57:44+00:00","description":"Se reunieron m\u00e1s de ochenta (80) representantes de organizaciones sociales de la ciudad de Santa Fe, Santo Tom\u00e9, Laguna Paiva y otras localidades del Departamento La Capital, como as\u00ed invitados especiales de las ciudades de Rosario y Paran\u00e1 (Entre R\u00edos).","breadcrumb":{"@id":"https:\/\/municipales.org.ar\/festram\/jornada-trabajo-nuevas-practicas-territoriales\/#breadcrumb"},"inLanguage":"es","potentialAction":[{"@type":"ReadAction","target":["https:\/\/municipales.org.ar\/festram\/jornada-trabajo-nuevas-practicas-territoriales\/"]}]},{"@type":"ImageObject","inLanguage":"es","@id":"https:\/\/municipales.org.ar\/festram\/jornada-trabajo-nuevas-practicas-territoriales\/#primaryimage","url":"https:\/\/municipales.org.ar\/festram\/wp-content\/uploads\/2016\/04\/20160402_104226-e1460048237770.jpg","contentUrl":"https:\/\/municipales.org.ar\/festram\/wp-content\/uploads\/2016\/04\/20160402_104226-e1460048237770.jpg","width":1200,"height":720},{"@type":"BreadcrumbList","@id":"https:\/\/municipales.org.ar\/festram\/jornada-trabajo-nuevas-practicas-territoriales\/#breadcrumb","itemListElement":[{"@type":"ListItem","position":1,"name":"Portada","item":"https:\/\/municipales.org.ar\/festram\/"},{"@type":"ListItem","position":2,"name":"Jornada de Trabajo \u00abNuevas Pr\u00e1cticas Territoriales\u00bb"}]},{"@type":"WebSite","@id":"https:\/\/municipales.org.ar\/festram\/#website","url":"https:\/\/municipales.org.ar\/festram\/","name":"FESTRAM","description":"La web de los trabajadores municipales","publisher":{"@id":"https:\/\/municipales.org.ar\/festram\/#organization"},"potentialAction":[{"@type":"SearchAction","target":{"@type":"EntryPoint","urlTemplate":"https:\/\/municipales.org.ar\/festram\/?s={search_term_string}"},"query-input":{"@type":"PropertyValueSpecification","valueRequired":true,"valueName":"search_term_string"}}],"inLanguage":"es"},{"@type":"Organization","@id":"https:\/\/municipales.org.ar\/festram\/#organization","name":"Federaci\u00f3n de Sindicatos de Trabajadores Municipales de la Provincia de Santa Fe","url":"https:\/\/municipales.org.ar\/festram\/","logo":{"@type":"ImageObject","inLanguage":"es","@id":"https:\/\/municipales.org.ar\/festram\/#\/schema\/logo\/image\/","url":"https:\/\/www.municipales.org.ar\/festram\/wp-content\/uploads\/2014\/07\/logo_fes.jpg","contentUrl":"https:\/\/www.municipales.org.ar\/festram\/wp-content\/uploads\/2014\/07\/logo_fes.jpg","width":661,"height":673,"caption":"Federaci\u00f3n de Sindicatos de Trabajadores Municipales de la Provincia de Santa Fe"},"image":{"@id":"https:\/\/municipales.org.ar\/festram\/#\/schema\/logo\/image\/"},"sameAs":["https:\/\/www.facebook.com\/MunicipalesSF","https:\/\/x.com\/MunicipalesSF","https:\/\/www.youtube.com\/user\/festram"]},{"@type":"Person","@id":"https:\/\/municipales.org.ar\/festram\/#\/schema\/person\/49096a774c48ce9063df4d59ec059f9e","name":"mun_admin"}]}},"jetpack_publicize_connections":[],"jetpack_featured_media_url":"https:\/\/municipales.org.ar\/festram\/wp-content\/uploads\/2016\/04\/20160402_104226-e1460048237770.jpg","jetpack_sharing_enabled":true,"jetpack_likes_enabled":false,"jetpack_shortlink":"https:\/\/wp.me\/p7l4x1-2Q3","_links":{"self":[{"href":"https:\/\/municipales.org.ar\/festram\/wp-json\/wp\/v2\/posts\/10915","targetHints":{"allow":["GET"]}}],"collection":[{"href":"https:\/\/municipales.org.ar\/festram\/wp-json\/wp\/v2\/posts"}],"about":[{"href":"https:\/\/municipales.org.ar\/festram\/wp-json\/wp\/v2\/types\/post"}],"author":[{"embeddable":true,"href":"https:\/\/municipales.org.ar\/festram\/wp-json\/wp\/v2\/users\/1"}],"replies":[{"embeddable":true,"href":"https:\/\/municipales.org.ar\/festram\/wp-json\/wp\/v2\/comments?post=10915"}],"version-history":[{"count":1,"href":"https:\/\/municipales.org.ar\/festram\/wp-json\/wp\/v2\/posts\/10915\/revisions"}],"predecessor-version":[{"id":10917,"href":"https:\/\/municipales.org.ar\/festram\/wp-json\/wp\/v2\/posts\/10915\/revisions\/10917"}],"wp:featuredmedia":[{"embeddable":true,"href":"https:\/\/municipales.org.ar\/festram\/wp-json\/wp\/v2\/media\/10916"}],"wp:attachment":[{"href":"https:\/\/municipales.org.ar\/festram\/wp-json\/wp\/v2\/media?parent=10915"}],"wp:term":[{"taxonomy":"category","embeddable":true,"href":"https:\/\/municipales.org.ar\/festram\/wp-json\/wp\/v2\/categories?post=10915"},{"taxonomy":"post_tag","embeddable":true,"href":"https:\/\/municipales.org.ar\/festram\/wp-json\/wp\/v2\/tags?post=10915"}],"curies":[{"name":"wp","href":"https:\/\/api.w.org\/{rel}","templated":true}]}}