{"id":10990,"date":"2016-05-04T17:46:52","date_gmt":"2016-05-04T20:46:52","guid":{"rendered":"http:\/\/www.municipales.org.ar\/festram\/?p=10990"},"modified":"2016-05-04T17:46:52","modified_gmt":"2016-05-04T20:46:52","slug":"jovenes-municipales-se-capacitan-festram","status":"publish","type":"post","link":"https:\/\/municipales.org.ar\/festram\/jovenes-municipales-se-capacitan-festram\/","title":{"rendered":"J\u00f3venes Municipales se capacitan en FESTRAM"},"content":{"rendered":"<h3>Bajo la consigna \u00abConocer nuestros Derechos y Organizarnos para Defenderlos\u00bb, di\u00f3 comienzo en nuestra Sede el Ciclo de Formaci\u00f3n para J\u00f3venes Municipales<\/h3>\n<p>&nbsp;<\/p>\n<p>Seg\u00fan lo programado, ayer martes 3 de Mayo, se realiz\u00f3 la primera jornada del Ciclo de Formaci\u00f3n Sindical organizado por FESTRAM<\/p>\n<p>El encuentro cont\u00f3 con la presencia de una docena de trabajadores con vocaci\u00f3n sindical que se desempe\u00f1an en los municipios de Santa Fe y Santo Tom\u00e9, y estuvo a cargo del responsable de Capacitaci\u00f3n de la entidad gremial Horacio Chiappero. En la oportunidad, se abordaron temas como la estructura organizativa y funcionamiento, el encuadre de representaci\u00f3n de los municipales y el proyecto de convenio colectivo de trabajo que impulsa la Federaci\u00f3n.<\/p>\n<p>Est\u00e1 prevista una segunda instancia de capacitaci\u00f3n para el martes 10 de mayo, desde las 19,30 horas en el Complejo Presidente N\u00e9stor Kirchner, ubicado en avenida Freyre 1635.<\/p>\n<p>Por \u00faltimo, cabe mencionar que la Mesa de J\u00f3venes Municipales invita al Ciclo de Formaci\u00f3n bajo la consigna \u201cConocer nuestros derechos y organizarnos para defenderlos\u201d<\/p>\n<p>&nbsp;<\/p>\n<p>[srizonfbalbum id=24]<br \/>\n<a href=\"https:\/\/www.facebook.com\/media\/set\/?set=a.1135580369839212.1073741875.117916918272234&amp;type=3\">Ver m\u00e1s fotos en la FanPage de FESTRAM en Facebook<\/a><\/p>\n","protected":false},"excerpt":{"rendered":"<p>Bajo la consigna \u00abConocer nuestros Derechos y Organizarnos para Defenderlos\u00bb, di\u00f3 comienzo en nuestra Sede el Ciclo de Formaci\u00f3n para J\u00f3venes Municipales &nbsp; Seg\u00fan lo programado, ayer martes 3 de Mayo, se realiz\u00f3 la primera jornada del Ciclo de Formaci\u00f3n Sindical organizado por FESTRAM El encuentro cont\u00f3 con la presencia de una docena de trabajadores [&hellip;]<\/p>\n","protected":false},"author":1,"featured_media":10991,"comment_status":"closed","ping_status":"closed","sticky":false,"template":"","format":"standard","meta":{"_jetpack_memberships_contains_paid_content":false,"footnotes":"","jetpack_publicize_message":"","jetpack_publicize_feature_enabled":true,"jetpack_social_post_already_shared":false,"jetpack_social_options":{"image_generator_settings":{"template":"highway","default_image_id":0,"font":"","enabled":false},"version":2}},"categories":[51],"tags":[65,92],"class_list":["post-10990","post","type-post","status-publish","format-standard","has-post-thumbnail","hentry","category-jovenes","tag-capacitacion-2","tag-jovenes-2"],"yoast_head":"<!-- This site is optimized with the Yoast SEO plugin v25.9 - https:\/\/yoast.com\/wordpress\/plugins\/seo\/ -->\n<title>J\u00f3venes Municipales se capacitan en FESTRAM &#8211; FESTRAM<\/title>\n<meta name=\"description\" content=\"Bajo la consigna &quot;Conocer nuestros Derechos y Organizarnos para Defenderlos&quot;, di\u00f3 comienzo en nuestra Sede el Ciclo de Formaci\u00f3n para J\u00f3venes\" \/>\n<meta name=\"robots\" content=\"index, follow, max-snippet:-1, max-image-preview:large, max-video-preview:-1\" \/>\n<link rel=\"canonical\" href=\"https:\/\/municipales.org.ar\/festram\/jovenes-municipales-se-capacitan-festram\/\" \/>\n<meta property=\"og:locale\" content=\"es_ES\" \/>\n<meta property=\"og:type\" content=\"article\" \/>\n<meta property=\"og:title\" content=\"J\u00f3venes Municipales se capacitan en FESTRAM &#8211; FESTRAM\" \/>\n<meta property=\"og:description\" content=\"Bajo la consigna &quot;Conocer nuestros Derechos y Organizarnos para Defenderlos&quot;, di\u00f3 comienzo en nuestra Sede el Ciclo de Formaci\u00f3n para J\u00f3venes\" \/>\n<meta property=\"og:url\" content=\"https:\/\/municipales.org.ar\/festram\/jovenes-municipales-se-capacitan-festram\/\" \/>\n<meta property=\"og:site_name\" content=\"FESTRAM\" \/>\n<meta property=\"article:publisher\" content=\"https:\/\/www.facebook.com\/MunicipalesSF\" \/>\n<meta property=\"article:published_time\" content=\"2016-05-04T20:46:52+00:00\" \/>\n<meta property=\"og:image\" content=\"https:\/\/municipales.org.ar\/festram\/wp-content\/uploads\/2016\/05\/20160503-capacitacion-jovenes-044.jpg\" \/>\n\t<meta property=\"og:image:width\" content=\"1200\" \/>\n\t<meta property=\"og:image:height\" content=\"721\" \/>\n\t<meta property=\"og:image:type\" content=\"image\/jpeg\" \/>\n<meta name=\"author\" content=\"mun_admin\" \/>\n<meta name=\"twitter:card\" content=\"summary_large_image\" \/>\n<meta name=\"twitter:creator\" content=\"@MunicipalesSF\" \/>\n<meta name=\"twitter:site\" content=\"@MunicipalesSF\" \/>\n<meta name=\"twitter:label1\" content=\"Escrito por\" \/>\n\t<meta name=\"twitter:data1\" content=\"mun_admin\" \/>\n\t<meta name=\"twitter:label2\" content=\"Tiempo de lectura\" \/>\n\t<meta name=\"twitter:data2\" content=\"1 minuto\" \/>\n<script type=\"application\/ld+json\" class=\"yoast-schema-graph\">{\"@context\":\"https:\/\/schema.org\",\"@graph\":[{\"@type\":\"Article\",\"@id\":\"https:\/\/municipales.org.ar\/festram\/jovenes-municipales-se-capacitan-festram\/#article\",\"isPartOf\":{\"@id\":\"https:\/\/municipales.org.ar\/festram\/jovenes-municipales-se-capacitan-festram\/\"},\"author\":{\"name\":\"mun_admin\",\"@id\":\"https:\/\/municipales.org.ar\/festram\/#\/schema\/person\/49096a774c48ce9063df4d59ec059f9e\"},\"headline\":\"J\u00f3venes Municipales se capacitan en FESTRAM\",\"datePublished\":\"2016-05-04T20:46:52+00:00\",\"mainEntityOfPage\":{\"@id\":\"https:\/\/municipales.org.ar\/festram\/jovenes-municipales-se-capacitan-festram\/\"},\"wordCount\":198,\"publisher\":{\"@id\":\"https:\/\/municipales.org.ar\/festram\/#organization\"},\"image\":{\"@id\":\"https:\/\/municipales.org.ar\/festram\/jovenes-municipales-se-capacitan-festram\/#primaryimage\"},\"thumbnailUrl\":\"https:\/\/municipales.org.ar\/festram\/wp-content\/uploads\/2016\/05\/20160503-capacitacion-jovenes-044.jpg\",\"keywords\":[\"capacitaci\u00f3n\",\"j\u00f3venes\"],\"articleSection\":[\"J\u00f3venes\"],\"inLanguage\":\"es\"},{\"@type\":\"WebPage\",\"@id\":\"https:\/\/municipales.org.ar\/festram\/jovenes-municipales-se-capacitan-festram\/\",\"url\":\"https:\/\/municipales.org.ar\/festram\/jovenes-municipales-se-capacitan-festram\/\",\"name\":\"J\u00f3venes Municipales se capacitan en FESTRAM &#8211; FESTRAM\",\"isPartOf\":{\"@id\":\"https:\/\/municipales.org.ar\/festram\/#website\"},\"primaryImageOfPage\":{\"@id\":\"https:\/\/municipales.org.ar\/festram\/jovenes-municipales-se-capacitan-festram\/#primaryimage\"},\"image\":{\"@id\":\"https:\/\/municipales.org.ar\/festram\/jovenes-municipales-se-capacitan-festram\/#primaryimage\"},\"thumbnailUrl\":\"https:\/\/municipales.org.ar\/festram\/wp-content\/uploads\/2016\/05\/20160503-capacitacion-jovenes-044.jpg\",\"datePublished\":\"2016-05-04T20:46:52+00:00\",\"description\":\"Bajo la consigna \\\"Conocer nuestros Derechos y Organizarnos para Defenderlos\\\", di\u00f3 comienzo en nuestra Sede el Ciclo de Formaci\u00f3n para J\u00f3venes\",\"breadcrumb\":{\"@id\":\"https:\/\/municipales.org.ar\/festram\/jovenes-municipales-se-capacitan-festram\/#breadcrumb\"},\"inLanguage\":\"es\",\"potentialAction\":[{\"@type\":\"ReadAction\",\"target\":[\"https:\/\/municipales.org.ar\/festram\/jovenes-municipales-se-capacitan-festram\/\"]}]},{\"@type\":\"ImageObject\",\"inLanguage\":\"es\",\"@id\":\"https:\/\/municipales.org.ar\/festram\/jovenes-municipales-se-capacitan-festram\/#primaryimage\",\"url\":\"https:\/\/municipales.org.ar\/festram\/wp-content\/uploads\/2016\/05\/20160503-capacitacion-jovenes-044.jpg\",\"contentUrl\":\"https:\/\/municipales.org.ar\/festram\/wp-content\/uploads\/2016\/05\/20160503-capacitacion-jovenes-044.jpg\",\"width\":1200,\"height\":721},{\"@type\":\"BreadcrumbList\",\"@id\":\"https:\/\/municipales.org.ar\/festram\/jovenes-municipales-se-capacitan-festram\/#breadcrumb\",\"itemListElement\":[{\"@type\":\"ListItem\",\"position\":1,\"name\":\"Portada\",\"item\":\"https:\/\/municipales.org.ar\/festram\/\"},{\"@type\":\"ListItem\",\"position\":2,\"name\":\"J\u00f3venes Municipales se capacitan en FESTRAM\"}]},{\"@type\":\"WebSite\",\"@id\":\"https:\/\/municipales.org.ar\/festram\/#website\",\"url\":\"https:\/\/municipales.org.ar\/festram\/\",\"name\":\"FESTRAM\",\"description\":\"La web de los trabajadores municipales\",\"publisher\":{\"@id\":\"https:\/\/municipales.org.ar\/festram\/#organization\"},\"potentialAction\":[{\"@type\":\"SearchAction\",\"target\":{\"@type\":\"EntryPoint\",\"urlTemplate\":\"https:\/\/municipales.org.ar\/festram\/?s={search_term_string}\"},\"query-input\":{\"@type\":\"PropertyValueSpecification\",\"valueRequired\":true,\"valueName\":\"search_term_string\"}}],\"inLanguage\":\"es\"},{\"@type\":\"Organization\",\"@id\":\"https:\/\/municipales.org.ar\/festram\/#organization\",\"name\":\"Federaci\u00f3n de Sindicatos de Trabajadores Municipales de la Provincia de Santa Fe\",\"url\":\"https:\/\/municipales.org.ar\/festram\/\",\"logo\":{\"@type\":\"ImageObject\",\"inLanguage\":\"es\",\"@id\":\"https:\/\/municipales.org.ar\/festram\/#\/schema\/logo\/image\/\",\"url\":\"https:\/\/www.municipales.org.ar\/festram\/wp-content\/uploads\/2014\/07\/logo_fes.jpg\",\"contentUrl\":\"https:\/\/www.municipales.org.ar\/festram\/wp-content\/uploads\/2014\/07\/logo_fes.jpg\",\"width\":661,\"height\":673,\"caption\":\"Federaci\u00f3n de Sindicatos de Trabajadores Municipales de la Provincia de Santa Fe\"},\"image\":{\"@id\":\"https:\/\/municipales.org.ar\/festram\/#\/schema\/logo\/image\/\"},\"sameAs\":[\"https:\/\/www.facebook.com\/MunicipalesSF\",\"https:\/\/x.com\/MunicipalesSF\",\"https:\/\/www.youtube.com\/user\/festram\"]},{\"@type\":\"Person\",\"@id\":\"https:\/\/municipales.org.ar\/festram\/#\/schema\/person\/49096a774c48ce9063df4d59ec059f9e\",\"name\":\"mun_admin\"}]}<\/script>\n<!-- \/ Yoast SEO plugin. -->","yoast_head_json":{"title":"J\u00f3venes Municipales se capacitan en FESTRAM &#8211; FESTRAM","description":"Bajo la consigna \"Conocer nuestros Derechos y Organizarnos para Defenderlos\", di\u00f3 comienzo en nuestra Sede el Ciclo de Formaci\u00f3n para J\u00f3venes","robots":{"index":"index","follow":"follow","max-snippet":"max-snippet:-1","max-image-preview":"max-image-preview:large","max-video-preview":"max-video-preview:-1"},"canonical":"https:\/\/municipales.org.ar\/festram\/jovenes-municipales-se-capacitan-festram\/","og_locale":"es_ES","og_type":"article","og_title":"J\u00f3venes Municipales se capacitan en FESTRAM &#8211; FESTRAM","og_description":"Bajo la consigna \"Conocer nuestros Derechos y Organizarnos para Defenderlos\", di\u00f3 comienzo en nuestra Sede el Ciclo de Formaci\u00f3n para J\u00f3venes","og_url":"https:\/\/municipales.org.ar\/festram\/jovenes-municipales-se-capacitan-festram\/","og_site_name":"FESTRAM","article_publisher":"https:\/\/www.facebook.com\/MunicipalesSF","article_published_time":"2016-05-04T20:46:52+00:00","og_image":[{"width":1200,"height":721,"url":"https:\/\/municipales.org.ar\/festram\/wp-content\/uploads\/2016\/05\/20160503-capacitacion-jovenes-044.jpg","type":"image\/jpeg"}],"author":"mun_admin","twitter_card":"summary_large_image","twitter_creator":"@MunicipalesSF","twitter_site":"@MunicipalesSF","twitter_misc":{"Escrito por":"mun_admin","Tiempo de lectura":"1 minuto"},"schema":{"@context":"https:\/\/schema.org","@graph":[{"@type":"Article","@id":"https:\/\/municipales.org.ar\/festram\/jovenes-municipales-se-capacitan-festram\/#article","isPartOf":{"@id":"https:\/\/municipales.org.ar\/festram\/jovenes-municipales-se-capacitan-festram\/"},"author":{"name":"mun_admin","@id":"https:\/\/municipales.org.ar\/festram\/#\/schema\/person\/49096a774c48ce9063df4d59ec059f9e"},"headline":"J\u00f3venes Municipales se capacitan en FESTRAM","datePublished":"2016-05-04T20:46:52+00:00","mainEntityOfPage":{"@id":"https:\/\/municipales.org.ar\/festram\/jovenes-municipales-se-capacitan-festram\/"},"wordCount":198,"publisher":{"@id":"https:\/\/municipales.org.ar\/festram\/#organization"},"image":{"@id":"https:\/\/municipales.org.ar\/festram\/jovenes-municipales-se-capacitan-festram\/#primaryimage"},"thumbnailUrl":"https:\/\/municipales.org.ar\/festram\/wp-content\/uploads\/2016\/05\/20160503-capacitacion-jovenes-044.jpg","keywords":["capacitaci\u00f3n","j\u00f3venes"],"articleSection":["J\u00f3venes"],"inLanguage":"es"},{"@type":"WebPage","@id":"https:\/\/municipales.org.ar\/festram\/jovenes-municipales-se-capacitan-festram\/","url":"https:\/\/municipales.org.ar\/festram\/jovenes-municipales-se-capacitan-festram\/","name":"J\u00f3venes Municipales se capacitan en FESTRAM &#8211; FESTRAM","isPartOf":{"@id":"https:\/\/municipales.org.ar\/festram\/#website"},"primaryImageOfPage":{"@id":"https:\/\/municipales.org.ar\/festram\/jovenes-municipales-se-capacitan-festram\/#primaryimage"},"image":{"@id":"https:\/\/municipales.org.ar\/festram\/jovenes-municipales-se-capacitan-festram\/#primaryimage"},"thumbnailUrl":"https:\/\/municipales.org.ar\/festram\/wp-content\/uploads\/2016\/05\/20160503-capacitacion-jovenes-044.jpg","datePublished":"2016-05-04T20:46:52+00:00","description":"Bajo la consigna \"Conocer nuestros Derechos y Organizarnos para Defenderlos\", di\u00f3 comienzo en nuestra Sede el Ciclo de Formaci\u00f3n para J\u00f3venes","breadcrumb":{"@id":"https:\/\/municipales.org.ar\/festram\/jovenes-municipales-se-capacitan-festram\/#breadcrumb"},"inLanguage":"es","potentialAction":[{"@type":"ReadAction","target":["https:\/\/municipales.org.ar\/festram\/jovenes-municipales-se-capacitan-festram\/"]}]},{"@type":"ImageObject","inLanguage":"es","@id":"https:\/\/municipales.org.ar\/festram\/jovenes-municipales-se-capacitan-festram\/#primaryimage","url":"https:\/\/municipales.org.ar\/festram\/wp-content\/uploads\/2016\/05\/20160503-capacitacion-jovenes-044.jpg","contentUrl":"https:\/\/municipales.org.ar\/festram\/wp-content\/uploads\/2016\/05\/20160503-capacitacion-jovenes-044.jpg","width":1200,"height":721},{"@type":"BreadcrumbList","@id":"https:\/\/municipales.org.ar\/festram\/jovenes-municipales-se-capacitan-festram\/#breadcrumb","itemListElement":[{"@type":"ListItem","position":1,"name":"Portada","item":"https:\/\/municipales.org.ar\/festram\/"},{"@type":"ListItem","position":2,"name":"J\u00f3venes Municipales se capacitan en FESTRAM"}]},{"@type":"WebSite","@id":"https:\/\/municipales.org.ar\/festram\/#website","url":"https:\/\/municipales.org.ar\/festram\/","name":"FESTRAM","description":"La web de los trabajadores municipales","publisher":{"@id":"https:\/\/municipales.org.ar\/festram\/#organization"},"potentialAction":[{"@type":"SearchAction","target":{"@type":"EntryPoint","urlTemplate":"https:\/\/municipales.org.ar\/festram\/?s={search_term_string}"},"query-input":{"@type":"PropertyValueSpecification","valueRequired":true,"valueName":"search_term_string"}}],"inLanguage":"es"},{"@type":"Organization","@id":"https:\/\/municipales.org.ar\/festram\/#organization","name":"Federaci\u00f3n de Sindicatos de Trabajadores Municipales de la Provincia de Santa Fe","url":"https:\/\/municipales.org.ar\/festram\/","logo":{"@type":"ImageObject","inLanguage":"es","@id":"https:\/\/municipales.org.ar\/festram\/#\/schema\/logo\/image\/","url":"https:\/\/www.municipales.org.ar\/festram\/wp-content\/uploads\/2014\/07\/logo_fes.jpg","contentUrl":"https:\/\/www.municipales.org.ar\/festram\/wp-content\/uploads\/2014\/07\/logo_fes.jpg","width":661,"height":673,"caption":"Federaci\u00f3n de Sindicatos de Trabajadores Municipales de la Provincia de Santa Fe"},"image":{"@id":"https:\/\/municipales.org.ar\/festram\/#\/schema\/logo\/image\/"},"sameAs":["https:\/\/www.facebook.com\/MunicipalesSF","https:\/\/x.com\/MunicipalesSF","https:\/\/www.youtube.com\/user\/festram"]},{"@type":"Person","@id":"https:\/\/municipales.org.ar\/festram\/#\/schema\/person\/49096a774c48ce9063df4d59ec059f9e","name":"mun_admin"}]}},"jetpack_publicize_connections":[],"jetpack_featured_media_url":"https:\/\/municipales.org.ar\/festram\/wp-content\/uploads\/2016\/05\/20160503-capacitacion-jovenes-044.jpg","jetpack_sharing_enabled":true,"jetpack_likes_enabled":false,"jetpack_shortlink":"https:\/\/wp.me\/p7l4x1-2Rg","_links":{"self":[{"href":"https:\/\/municipales.org.ar\/festram\/wp-json\/wp\/v2\/posts\/10990","targetHints":{"allow":["GET"]}}],"collection":[{"href":"https:\/\/municipales.org.ar\/festram\/wp-json\/wp\/v2\/posts"}],"about":[{"href":"https:\/\/municipales.org.ar\/festram\/wp-json\/wp\/v2\/types\/post"}],"author":[{"embeddable":true,"href":"https:\/\/municipales.org.ar\/festram\/wp-json\/wp\/v2\/users\/1"}],"replies":[{"embeddable":true,"href":"https:\/\/municipales.org.ar\/festram\/wp-json\/wp\/v2\/comments?post=10990"}],"version-history":[{"count":2,"href":"https:\/\/municipales.org.ar\/festram\/wp-json\/wp\/v2\/posts\/10990\/revisions"}],"predecessor-version":[{"id":10993,"href":"https:\/\/municipales.org.ar\/festram\/wp-json\/wp\/v2\/posts\/10990\/revisions\/10993"}],"wp:featuredmedia":[{"embeddable":true,"href":"https:\/\/municipales.org.ar\/festram\/wp-json\/wp\/v2\/media\/10991"}],"wp:attachment":[{"href":"https:\/\/municipales.org.ar\/festram\/wp-json\/wp\/v2\/media?parent=10990"}],"wp:term":[{"taxonomy":"category","embeddable":true,"href":"https:\/\/municipales.org.ar\/festram\/wp-json\/wp\/v2\/categories?post=10990"},{"taxonomy":"post_tag","embeddable":true,"href":"https:\/\/municipales.org.ar\/festram\/wp-json\/wp\/v2\/tags?post=10990"}],"curies":[{"name":"wp","href":"https:\/\/api.w.org\/{rel}","templated":true}]}}