{"id":11061,"date":"2016-06-01T12:47:39","date_gmt":"2016-06-01T15:47:39","guid":{"rendered":"http:\/\/www.municipales.org.ar\/festram\/?p=11061"},"modified":"2016-07-11T15:59:56","modified_gmt":"2016-07-11T18:59:56","slug":"festram-apoyo-al-proyecto-una-nueva-ley-financiamiento-edcuativo","status":"publish","type":"post","link":"https:\/\/municipales.org.ar\/festram\/festram-apoyo-al-proyecto-una-nueva-ley-financiamiento-edcuativo\/","title":{"rendered":"FESTRAM apoya Proyecto para una Nueva Ley de Financiamiento Educativo"},"content":{"rendered":"<h3>Claudio Leoni, Secretario General de FESTRAM, particip\u00f3 en la presentaci\u00f3n el pasado 23 de mayo, en la sede de AMSAFE de la capital provincial, del Proyecto Legislativo por una nueva Ley de Financiamiento Educativo.<\/h3>\n<p>&nbsp;<\/p>\n<p>El mismo, entre otras propuestas, plantea llevar la inversi\u00f3n en Educaci\u00f3n P\u00fablica al 10% del PBI.<\/p>\n<p>El panel estuvo integrado por Sonia Alesso, Secretaria General de AMSAFE y CTERA, la autora del Proyecto, Adriana Puiggr\u00f3s y Miguel Duhalde, Secretario de Educaci\u00f3n de CTERA.<\/p>\n<p>Frente a la presencia de una importante cantidad de Legisladores Nacionales por Santa Fe (Josefina Gonz\u00e1lez, Marcos Cleri, Silvina Frana, Mar\u00eda de los \u00c1ngeles Sacnun, Alicia Ciciliani, Lucila de Ponti), legisladores provinciales (Patricia Chialvo, Germ\u00e1n Bacarella, entre otros), \u00a0y numerosos dirigentes sindicales; la ex diputada nacional Adriana Puiggr\u00f3s hizo referencia expresa a la historia de la educaci\u00f3n p\u00fablica en la Provincia de Santa Fe y a la centralidad del proyecto que implicar\u00eda dar otro paso adelante en la materia y seguir consolidando la tem\u00e1tica en todo el territorio nacional.<\/p>\n<p>FESTRAM considera estrat\u00e9gico este Proyecto y ha asumido la tarea de su difusi\u00f3n en todos los sindicatos de base que la integran.<\/p>\n\n\t\t<style type=\"text\/css\">\n\t\t\t#gallery-1 {\n\t\t\t\tmargin: auto;\n\t\t\t}\n\t\t\t#gallery-1 .gallery-item {\n\t\t\t\tfloat: left;\n\t\t\t\tmargin-top: 10px;\n\t\t\t\ttext-align: center;\n\t\t\t\twidth: 33%;\n\t\t\t}\n\t\t\t#gallery-1 img {\n\t\t\t\tborder: 2px solid #cfcfcf;\n\t\t\t}\n\t\t\t#gallery-1 .gallery-caption {\n\t\t\t\tmargin-left: 0;\n\t\t\t}\n\t\t\t\/* see gallery_shortcode() in wp-includes\/media.php *\/\n\t\t<\/style>\n\t\t<div id='gallery-1' class='gallery galleryid-11061 gallery-columns-3 gallery-size-thumbnail'><dl class='gallery-item'>\n\t\t\t<dt class='gallery-icon landscape'>\n\t\t\t\t<a href='https:\/\/municipales.org.ar\/festram\/festram-apoyo-al-proyecto-una-nueva-ley-financiamiento-edcuativo\/amsafe3\/'><img loading=\"lazy\" decoding=\"async\" width=\"150\" height=\"150\" src=\"https:\/\/municipales.org.ar\/festram\/wp-content\/uploads\/2016\/06\/amsafe3-150x150.jpg\" class=\"attachment-thumbnail size-thumbnail\" alt=\"\" srcset=\"https:\/\/municipales.org.ar\/festram\/wp-content\/uploads\/2016\/06\/amsafe3-150x150.jpg 150w, https:\/\/municipales.org.ar\/festram\/wp-content\/uploads\/2016\/06\/amsafe3-80x80.jpg 80w\" sizes=\"auto, (max-width: 150px) 100vw, 150px\" \/><\/a>\n\t\t\t<\/dt><\/dl><dl class='gallery-item'>\n\t\t\t<dt class='gallery-icon landscape'>\n\t\t\t\t<a href='https:\/\/municipales.org.ar\/festram\/festram-apoyo-al-proyecto-una-nueva-ley-financiamiento-edcuativo\/datauri-file-1\/'><img loading=\"lazy\" decoding=\"async\" width=\"150\" height=\"150\" src=\"https:\/\/municipales.org.ar\/festram\/wp-content\/uploads\/2016\/06\/datauri-file-1-150x150.jpg\" class=\"attachment-thumbnail size-thumbnail\" alt=\"\" srcset=\"https:\/\/municipales.org.ar\/festram\/wp-content\/uploads\/2016\/06\/datauri-file-1-150x150.jpg 150w, https:\/\/municipales.org.ar\/festram\/wp-content\/uploads\/2016\/06\/datauri-file-1-80x80.jpg 80w\" sizes=\"auto, (max-width: 150px) 100vw, 150px\" \/><\/a>\n\t\t\t<\/dt><\/dl>\n\t\t\t<br style='clear: both' \/>\n\t\t<\/div>\n\n","protected":false},"excerpt":{"rendered":"<p>Claudio Leoni, Secretario General de FESTRAM, particip\u00f3 en la presentaci\u00f3n el pasado 23 de mayo, en la sede de AMSAFE de la capital provincial, del Proyecto Legislativo por una nueva Ley de Financiamiento Educativo.<\/p>\n","protected":false},"author":1,"featured_media":11064,"comment_status":"closed","ping_status":"closed","sticky":false,"template":"","format":"standard","meta":{"_jetpack_memberships_contains_paid_content":false,"footnotes":"","jetpack_publicize_message":"","jetpack_publicize_feature_enabled":true,"jetpack_social_post_already_shared":false,"jetpack_social_options":{"image_generator_settings":{"template":"highway","default_image_id":0,"font":"","enabled":false},"version":2}},"categories":[121],"tags":[70,109],"class_list":["post-11061","post","type-post","status-publish","format-standard","has-post-thumbnail","hentry","category-en-tapa","tag-el-pais","tag-la-provincia"],"yoast_head":"<!-- This site is optimized with the Yoast SEO plugin v25.9 - https:\/\/yoast.com\/wordpress\/plugins\/seo\/ -->\n<title>FESTRAM apoya Proyecto para una Nueva Ley de Financiamiento Educativo &#8211; FESTRAM<\/title>\n<meta name=\"description\" content=\"Claudio Leoni, Secretario General de FESTRAM, particip\u00f3 en la presentaci\u00f3n el pasado 23 de mayo, en la sede de AMSAFE de la capital provincial, del Proyecto Legislativo por una nueva Ley de Financiamiento Educativo.\" \/>\n<meta name=\"robots\" content=\"index, follow, max-snippet:-1, max-image-preview:large, max-video-preview:-1\" \/>\n<link rel=\"canonical\" href=\"https:\/\/municipales.org.ar\/festram\/festram-apoyo-al-proyecto-una-nueva-ley-financiamiento-edcuativo\/\" \/>\n<meta property=\"og:locale\" content=\"es_ES\" \/>\n<meta property=\"og:type\" content=\"article\" \/>\n<meta property=\"og:title\" content=\"FESTRAM apoya Proyecto para una Nueva Ley de Financiamiento Educativo &#8211; FESTRAM\" \/>\n<meta property=\"og:description\" content=\"Claudio Leoni, Secretario General de FESTRAM, particip\u00f3 en la presentaci\u00f3n el pasado 23 de mayo, en la sede de AMSAFE de la capital provincial, del Proyecto Legislativo por una nueva Ley de Financiamiento Educativo.\" \/>\n<meta property=\"og:url\" content=\"https:\/\/municipales.org.ar\/festram\/festram-apoyo-al-proyecto-una-nueva-ley-financiamiento-edcuativo\/\" \/>\n<meta property=\"og:site_name\" content=\"FESTRAM\" \/>\n<meta property=\"article:publisher\" content=\"https:\/\/www.facebook.com\/MunicipalesSF\" \/>\n<meta property=\"article:published_time\" content=\"2016-06-01T15:47:39+00:00\" \/>\n<meta property=\"article:modified_time\" content=\"2016-07-11T18:59:56+00:00\" \/>\n<meta property=\"og:image\" content=\"https:\/\/municipales.org.ar\/festram\/wp-content\/uploads\/2016\/06\/amsafeleoni.jpg\" \/>\n\t<meta property=\"og:image:width\" content=\"1024\" \/>\n\t<meta property=\"og:image:height\" content=\"683\" \/>\n\t<meta property=\"og:image:type\" content=\"image\/jpeg\" \/>\n<meta name=\"author\" content=\"mun_admin\" \/>\n<meta name=\"twitter:card\" content=\"summary_large_image\" \/>\n<meta name=\"twitter:creator\" content=\"@MunicipalesSF\" \/>\n<meta name=\"twitter:site\" content=\"@MunicipalesSF\" \/>\n<meta name=\"twitter:label1\" content=\"Escrito por\" \/>\n\t<meta name=\"twitter:data1\" content=\"mun_admin\" \/>\n\t<meta name=\"twitter:label2\" content=\"Tiempo de lectura\" \/>\n\t<meta name=\"twitter:data2\" content=\"1 minuto\" \/>\n<script type=\"application\/ld+json\" class=\"yoast-schema-graph\">{\"@context\":\"https:\/\/schema.org\",\"@graph\":[{\"@type\":\"Article\",\"@id\":\"https:\/\/municipales.org.ar\/festram\/festram-apoyo-al-proyecto-una-nueva-ley-financiamiento-edcuativo\/#article\",\"isPartOf\":{\"@id\":\"https:\/\/municipales.org.ar\/festram\/festram-apoyo-al-proyecto-una-nueva-ley-financiamiento-edcuativo\/\"},\"author\":{\"name\":\"mun_admin\",\"@id\":\"https:\/\/municipales.org.ar\/festram\/#\/schema\/person\/49096a774c48ce9063df4d59ec059f9e\"},\"headline\":\"FESTRAM apoya Proyecto para una Nueva Ley de Financiamiento Educativo\",\"datePublished\":\"2016-06-01T15:47:39+00:00\",\"dateModified\":\"2016-07-11T18:59:56+00:00\",\"mainEntityOfPage\":{\"@id\":\"https:\/\/municipales.org.ar\/festram\/festram-apoyo-al-proyecto-una-nueva-ley-financiamiento-edcuativo\/\"},\"wordCount\":217,\"publisher\":{\"@id\":\"https:\/\/municipales.org.ar\/festram\/#organization\"},\"image\":{\"@id\":\"https:\/\/municipales.org.ar\/festram\/festram-apoyo-al-proyecto-una-nueva-ley-financiamiento-edcuativo\/#primaryimage\"},\"thumbnailUrl\":\"https:\/\/municipales.org.ar\/festram\/wp-content\/uploads\/2016\/06\/amsafeleoni.jpg\",\"keywords\":[\"el pa\u00eds\",\"la provincia\"],\"articleSection\":[\"En Tapa\"],\"inLanguage\":\"es\"},{\"@type\":\"WebPage\",\"@id\":\"https:\/\/municipales.org.ar\/festram\/festram-apoyo-al-proyecto-una-nueva-ley-financiamiento-edcuativo\/\",\"url\":\"https:\/\/municipales.org.ar\/festram\/festram-apoyo-al-proyecto-una-nueva-ley-financiamiento-edcuativo\/\",\"name\":\"FESTRAM apoya Proyecto para una Nueva Ley de Financiamiento Educativo &#8211; FESTRAM\",\"isPartOf\":{\"@id\":\"https:\/\/municipales.org.ar\/festram\/#website\"},\"primaryImageOfPage\":{\"@id\":\"https:\/\/municipales.org.ar\/festram\/festram-apoyo-al-proyecto-una-nueva-ley-financiamiento-edcuativo\/#primaryimage\"},\"image\":{\"@id\":\"https:\/\/municipales.org.ar\/festram\/festram-apoyo-al-proyecto-una-nueva-ley-financiamiento-edcuativo\/#primaryimage\"},\"thumbnailUrl\":\"https:\/\/municipales.org.ar\/festram\/wp-content\/uploads\/2016\/06\/amsafeleoni.jpg\",\"datePublished\":\"2016-06-01T15:47:39+00:00\",\"dateModified\":\"2016-07-11T18:59:56+00:00\",\"description\":\"Claudio Leoni, Secretario General de FESTRAM, particip\u00f3 en la presentaci\u00f3n el pasado 23 de mayo, en la sede de AMSAFE de la capital provincial, del Proyecto Legislativo por una nueva Ley de Financiamiento Educativo.\",\"breadcrumb\":{\"@id\":\"https:\/\/municipales.org.ar\/festram\/festram-apoyo-al-proyecto-una-nueva-ley-financiamiento-edcuativo\/#breadcrumb\"},\"inLanguage\":\"es\",\"potentialAction\":[{\"@type\":\"ReadAction\",\"target\":[\"https:\/\/municipales.org.ar\/festram\/festram-apoyo-al-proyecto-una-nueva-ley-financiamiento-edcuativo\/\"]}]},{\"@type\":\"ImageObject\",\"inLanguage\":\"es\",\"@id\":\"https:\/\/municipales.org.ar\/festram\/festram-apoyo-al-proyecto-una-nueva-ley-financiamiento-edcuativo\/#primaryimage\",\"url\":\"https:\/\/municipales.org.ar\/festram\/wp-content\/uploads\/2016\/06\/amsafeleoni.jpg\",\"contentUrl\":\"https:\/\/municipales.org.ar\/festram\/wp-content\/uploads\/2016\/06\/amsafeleoni.jpg\",\"width\":1024,\"height\":683},{\"@type\":\"BreadcrumbList\",\"@id\":\"https:\/\/municipales.org.ar\/festram\/festram-apoyo-al-proyecto-una-nueva-ley-financiamiento-edcuativo\/#breadcrumb\",\"itemListElement\":[{\"@type\":\"ListItem\",\"position\":1,\"name\":\"Portada\",\"item\":\"https:\/\/municipales.org.ar\/festram\/\"},{\"@type\":\"ListItem\",\"position\":2,\"name\":\"FESTRAM apoya Proyecto para una Nueva Ley de Financiamiento Educativo\"}]},{\"@type\":\"WebSite\",\"@id\":\"https:\/\/municipales.org.ar\/festram\/#website\",\"url\":\"https:\/\/municipales.org.ar\/festram\/\",\"name\":\"FESTRAM\",\"description\":\"La web de los trabajadores municipales\",\"publisher\":{\"@id\":\"https:\/\/municipales.org.ar\/festram\/#organization\"},\"potentialAction\":[{\"@type\":\"SearchAction\",\"target\":{\"@type\":\"EntryPoint\",\"urlTemplate\":\"https:\/\/municipales.org.ar\/festram\/?s={search_term_string}\"},\"query-input\":{\"@type\":\"PropertyValueSpecification\",\"valueRequired\":true,\"valueName\":\"search_term_string\"}}],\"inLanguage\":\"es\"},{\"@type\":\"Organization\",\"@id\":\"https:\/\/municipales.org.ar\/festram\/#organization\",\"name\":\"Federaci\u00f3n de Sindicatos de Trabajadores Municipales de la Provincia de Santa Fe\",\"url\":\"https:\/\/municipales.org.ar\/festram\/\",\"logo\":{\"@type\":\"ImageObject\",\"inLanguage\":\"es\",\"@id\":\"https:\/\/municipales.org.ar\/festram\/#\/schema\/logo\/image\/\",\"url\":\"https:\/\/www.municipales.org.ar\/festram\/wp-content\/uploads\/2014\/07\/logo_fes.jpg\",\"contentUrl\":\"https:\/\/www.municipales.org.ar\/festram\/wp-content\/uploads\/2014\/07\/logo_fes.jpg\",\"width\":661,\"height\":673,\"caption\":\"Federaci\u00f3n de Sindicatos de Trabajadores Municipales de la Provincia de Santa Fe\"},\"image\":{\"@id\":\"https:\/\/municipales.org.ar\/festram\/#\/schema\/logo\/image\/\"},\"sameAs\":[\"https:\/\/www.facebook.com\/MunicipalesSF\",\"https:\/\/x.com\/MunicipalesSF\",\"https:\/\/www.youtube.com\/user\/festram\"]},{\"@type\":\"Person\",\"@id\":\"https:\/\/municipales.org.ar\/festram\/#\/schema\/person\/49096a774c48ce9063df4d59ec059f9e\",\"name\":\"mun_admin\"}]}<\/script>\n<!-- \/ Yoast SEO plugin. -->","yoast_head_json":{"title":"FESTRAM apoya Proyecto para una Nueva Ley de Financiamiento Educativo &#8211; FESTRAM","description":"Claudio Leoni, Secretario General de FESTRAM, particip\u00f3 en la presentaci\u00f3n el pasado 23 de mayo, en la sede de AMSAFE de la capital provincial, del Proyecto Legislativo por una nueva Ley de Financiamiento Educativo.","robots":{"index":"index","follow":"follow","max-snippet":"max-snippet:-1","max-image-preview":"max-image-preview:large","max-video-preview":"max-video-preview:-1"},"canonical":"https:\/\/municipales.org.ar\/festram\/festram-apoyo-al-proyecto-una-nueva-ley-financiamiento-edcuativo\/","og_locale":"es_ES","og_type":"article","og_title":"FESTRAM apoya Proyecto para una Nueva Ley de Financiamiento Educativo &#8211; FESTRAM","og_description":"Claudio Leoni, Secretario General de FESTRAM, particip\u00f3 en la presentaci\u00f3n el pasado 23 de mayo, en la sede de AMSAFE de la capital provincial, del Proyecto Legislativo por una nueva Ley de Financiamiento Educativo.","og_url":"https:\/\/municipales.org.ar\/festram\/festram-apoyo-al-proyecto-una-nueva-ley-financiamiento-edcuativo\/","og_site_name":"FESTRAM","article_publisher":"https:\/\/www.facebook.com\/MunicipalesSF","article_published_time":"2016-06-01T15:47:39+00:00","article_modified_time":"2016-07-11T18:59:56+00:00","og_image":[{"width":1024,"height":683,"url":"https:\/\/municipales.org.ar\/festram\/wp-content\/uploads\/2016\/06\/amsafeleoni.jpg","type":"image\/jpeg"}],"author":"mun_admin","twitter_card":"summary_large_image","twitter_creator":"@MunicipalesSF","twitter_site":"@MunicipalesSF","twitter_misc":{"Escrito por":"mun_admin","Tiempo de lectura":"1 minuto"},"schema":{"@context":"https:\/\/schema.org","@graph":[{"@type":"Article","@id":"https:\/\/municipales.org.ar\/festram\/festram-apoyo-al-proyecto-una-nueva-ley-financiamiento-edcuativo\/#article","isPartOf":{"@id":"https:\/\/municipales.org.ar\/festram\/festram-apoyo-al-proyecto-una-nueva-ley-financiamiento-edcuativo\/"},"author":{"name":"mun_admin","@id":"https:\/\/municipales.org.ar\/festram\/#\/schema\/person\/49096a774c48ce9063df4d59ec059f9e"},"headline":"FESTRAM apoya Proyecto para una Nueva Ley de Financiamiento Educativo","datePublished":"2016-06-01T15:47:39+00:00","dateModified":"2016-07-11T18:59:56+00:00","mainEntityOfPage":{"@id":"https:\/\/municipales.org.ar\/festram\/festram-apoyo-al-proyecto-una-nueva-ley-financiamiento-edcuativo\/"},"wordCount":217,"publisher":{"@id":"https:\/\/municipales.org.ar\/festram\/#organization"},"image":{"@id":"https:\/\/municipales.org.ar\/festram\/festram-apoyo-al-proyecto-una-nueva-ley-financiamiento-edcuativo\/#primaryimage"},"thumbnailUrl":"https:\/\/municipales.org.ar\/festram\/wp-content\/uploads\/2016\/06\/amsafeleoni.jpg","keywords":["el pa\u00eds","la provincia"],"articleSection":["En Tapa"],"inLanguage":"es"},{"@type":"WebPage","@id":"https:\/\/municipales.org.ar\/festram\/festram-apoyo-al-proyecto-una-nueva-ley-financiamiento-edcuativo\/","url":"https:\/\/municipales.org.ar\/festram\/festram-apoyo-al-proyecto-una-nueva-ley-financiamiento-edcuativo\/","name":"FESTRAM apoya Proyecto para una Nueva Ley de Financiamiento Educativo &#8211; FESTRAM","isPartOf":{"@id":"https:\/\/municipales.org.ar\/festram\/#website"},"primaryImageOfPage":{"@id":"https:\/\/municipales.org.ar\/festram\/festram-apoyo-al-proyecto-una-nueva-ley-financiamiento-edcuativo\/#primaryimage"},"image":{"@id":"https:\/\/municipales.org.ar\/festram\/festram-apoyo-al-proyecto-una-nueva-ley-financiamiento-edcuativo\/#primaryimage"},"thumbnailUrl":"https:\/\/municipales.org.ar\/festram\/wp-content\/uploads\/2016\/06\/amsafeleoni.jpg","datePublished":"2016-06-01T15:47:39+00:00","dateModified":"2016-07-11T18:59:56+00:00","description":"Claudio Leoni, Secretario General de FESTRAM, particip\u00f3 en la presentaci\u00f3n el pasado 23 de mayo, en la sede de AMSAFE de la capital provincial, del Proyecto Legislativo por una nueva Ley de Financiamiento Educativo.","breadcrumb":{"@id":"https:\/\/municipales.org.ar\/festram\/festram-apoyo-al-proyecto-una-nueva-ley-financiamiento-edcuativo\/#breadcrumb"},"inLanguage":"es","potentialAction":[{"@type":"ReadAction","target":["https:\/\/municipales.org.ar\/festram\/festram-apoyo-al-proyecto-una-nueva-ley-financiamiento-edcuativo\/"]}]},{"@type":"ImageObject","inLanguage":"es","@id":"https:\/\/municipales.org.ar\/festram\/festram-apoyo-al-proyecto-una-nueva-ley-financiamiento-edcuativo\/#primaryimage","url":"https:\/\/municipales.org.ar\/festram\/wp-content\/uploads\/2016\/06\/amsafeleoni.jpg","contentUrl":"https:\/\/municipales.org.ar\/festram\/wp-content\/uploads\/2016\/06\/amsafeleoni.jpg","width":1024,"height":683},{"@type":"BreadcrumbList","@id":"https:\/\/municipales.org.ar\/festram\/festram-apoyo-al-proyecto-una-nueva-ley-financiamiento-edcuativo\/#breadcrumb","itemListElement":[{"@type":"ListItem","position":1,"name":"Portada","item":"https:\/\/municipales.org.ar\/festram\/"},{"@type":"ListItem","position":2,"name":"FESTRAM apoya Proyecto para una Nueva Ley de Financiamiento Educativo"}]},{"@type":"WebSite","@id":"https:\/\/municipales.org.ar\/festram\/#website","url":"https:\/\/municipales.org.ar\/festram\/","name":"FESTRAM","description":"La web de los trabajadores municipales","publisher":{"@id":"https:\/\/municipales.org.ar\/festram\/#organization"},"potentialAction":[{"@type":"SearchAction","target":{"@type":"EntryPoint","urlTemplate":"https:\/\/municipales.org.ar\/festram\/?s={search_term_string}"},"query-input":{"@type":"PropertyValueSpecification","valueRequired":true,"valueName":"search_term_string"}}],"inLanguage":"es"},{"@type":"Organization","@id":"https:\/\/municipales.org.ar\/festram\/#organization","name":"Federaci\u00f3n de Sindicatos de Trabajadores Municipales de la Provincia de Santa Fe","url":"https:\/\/municipales.org.ar\/festram\/","logo":{"@type":"ImageObject","inLanguage":"es","@id":"https:\/\/municipales.org.ar\/festram\/#\/schema\/logo\/image\/","url":"https:\/\/www.municipales.org.ar\/festram\/wp-content\/uploads\/2014\/07\/logo_fes.jpg","contentUrl":"https:\/\/www.municipales.org.ar\/festram\/wp-content\/uploads\/2014\/07\/logo_fes.jpg","width":661,"height":673,"caption":"Federaci\u00f3n de Sindicatos de Trabajadores Municipales de la Provincia de Santa Fe"},"image":{"@id":"https:\/\/municipales.org.ar\/festram\/#\/schema\/logo\/image\/"},"sameAs":["https:\/\/www.facebook.com\/MunicipalesSF","https:\/\/x.com\/MunicipalesSF","https:\/\/www.youtube.com\/user\/festram"]},{"@type":"Person","@id":"https:\/\/municipales.org.ar\/festram\/#\/schema\/person\/49096a774c48ce9063df4d59ec059f9e","name":"mun_admin"}]}},"jetpack_publicize_connections":[],"jetpack_featured_media_url":"https:\/\/municipales.org.ar\/festram\/wp-content\/uploads\/2016\/06\/amsafeleoni.jpg","jetpack_sharing_enabled":true,"jetpack_likes_enabled":false,"jetpack_shortlink":"https:\/\/wp.me\/p7l4x1-2Sp","_links":{"self":[{"href":"https:\/\/municipales.org.ar\/festram\/wp-json\/wp\/v2\/posts\/11061","targetHints":{"allow":["GET"]}}],"collection":[{"href":"https:\/\/municipales.org.ar\/festram\/wp-json\/wp\/v2\/posts"}],"about":[{"href":"https:\/\/municipales.org.ar\/festram\/wp-json\/wp\/v2\/types\/post"}],"author":[{"embeddable":true,"href":"https:\/\/municipales.org.ar\/festram\/wp-json\/wp\/v2\/users\/1"}],"replies":[{"embeddable":true,"href":"https:\/\/municipales.org.ar\/festram\/wp-json\/wp\/v2\/comments?post=11061"}],"version-history":[{"count":3,"href":"https:\/\/municipales.org.ar\/festram\/wp-json\/wp\/v2\/posts\/11061\/revisions"}],"predecessor-version":[{"id":11073,"href":"https:\/\/municipales.org.ar\/festram\/wp-json\/wp\/v2\/posts\/11061\/revisions\/11073"}],"wp:featuredmedia":[{"embeddable":true,"href":"https:\/\/municipales.org.ar\/festram\/wp-json\/wp\/v2\/media\/11064"}],"wp:attachment":[{"href":"https:\/\/municipales.org.ar\/festram\/wp-json\/wp\/v2\/media?parent=11061"}],"wp:term":[{"taxonomy":"category","embeddable":true,"href":"https:\/\/municipales.org.ar\/festram\/wp-json\/wp\/v2\/categories?post=11061"},{"taxonomy":"post_tag","embeddable":true,"href":"https:\/\/municipales.org.ar\/festram\/wp-json\/wp\/v2\/tags?post=11061"}],"curies":[{"name":"wp","href":"https:\/\/api.w.org\/{rel}","templated":true}]}}