{"id":11074,"date":"2016-06-02T11:30:06","date_gmt":"2016-06-02T14:30:06","guid":{"rendered":"http:\/\/www.municipales.org.ar\/festram\/?p=11074"},"modified":"2018-10-17T11:10:32","modified_gmt":"2018-10-17T14:10:32","slug":"festram-adhiere-la-marcha-los-despidos-ajuste","status":"publish","type":"post","link":"https:\/\/municipales.org.ar\/festram\/festram-adhiere-la-marcha-los-despidos-ajuste\/","title":{"rendered":"FESTRAM adhiere a la Marcha contra los Despidos y el Ajuste"},"content":{"rendered":"<h4>Frente a la Movilizaci\u00f3n dispuesta por ambas CTA para el d\u00eda de hoy, FESTRAM desea expresar su solidaridad con las compa\u00f1eras y compa\u00f1eros que llevan adelante esta medida pues la misma expresa, claramente, la decisi\u00f3n de oponerse al ajuste que est\u00e1 implementando el Gobierno de Mauricio Macri, y al veto presidencial a la Ley Antidespidos votada en el Parlamento Nacional.<\/h4>\n<p>&nbsp;<\/p>\n<p>Entendemos que esta medida debe ser un paso en la construcci\u00f3n de un sindicalismo que exprese, verdaderamente, los intereses y derechos de los trabajadores y por otro lado, consolide el camino hacia la concreci\u00f3n de un paro nacional.<\/p>\n<p>Adhiriendo, al planteo de muchos sindicatos hermanos, tanto de la CGT, como de la CTA, sostenemos que <strong>con la devaluaci\u00f3n, la apertura de las importaciones, los tarifazos, la ca\u00edda del mercado interno, las tasas de inter\u00e9s usurarias, y paritarias \u2013que en muchos gremios- cierran por debajo de la inflaci\u00f3n, se ha realizado una brutal transferencia de ingresos hacia el poder econ\u00f3mico concentrado.<\/strong><\/p>\n<p>Este modelo de ajuste se replica tambi\u00e9n en nuestra Provincia de Santa Fe en donde es evidente la interrupci\u00f3n total de la obra p\u00fablica, la ola de despidos, las suspensiones, el quite de las horas extras, el cierre de peque\u00f1as y medianas empresas y comercios.<\/p>\n<p style=\"text-align: center;\"><iframe loading=\"lazy\" width=\"560\" height=\"315\" src=\"https:\/\/www.youtube.com\/embed\/LW3_IAVTgF4\" frameborder=\"0\" allow=\"autoplay; encrypted-media\" allowfullscreen><\/iframe><\/p>\n<p>Ratificamos que <strong>cada medida que se toma contra un trabajador, sea p\u00fablico o privado nos afecta a todos, y que -por los miles de compatriotas que est\u00e1n en situaci\u00f3n de precariedad laboral o en negro- la lucha nos debe encontrar m\u00e1s unidos y solidarios que nunca.<\/strong><\/p>\n<p>Ante el desaf\u00edo de enfrentar un plan econ\u00f3mico y pol\u00edtico neoliberal, nos parece oportuno reafirmar la historia de lucha del movimiento obrero argentino y de all\u00ed rescatar el Programa de Huerta Grande y los 26 Puntos de la CGT encabezada por Ubaldini, como referencias insustituibles para la etapa que estamos atravesando.<\/p>\n<h6>Prensa FESTRAM<\/h6>\n","protected":false},"excerpt":{"rendered":"<p>Frente a la Movilizaci\u00f3n dispuesta por ambas CTA para el d\u00eda de hoy, FESTRAM desea expresar su solidaridad con las compa\u00f1eras y compa\u00f1eros que llevan adelante esta medida pues la misma expresa, claramente, la decisi\u00f3n de oponerse al ajuste que est\u00e1 implementando el Gobierno de Mauricio Macri, y al veto presidencial a la Ley Antidespidos votada en el Parlamento Nacional.<\/p>\n","protected":false},"author":1,"featured_media":11075,"comment_status":"closed","ping_status":"closed","sticky":false,"template":"","format":"standard","meta":{"_jetpack_memberships_contains_paid_content":false,"footnotes":"","jetpack_publicize_message":"","jetpack_publicize_feature_enabled":true,"jetpack_social_post_already_shared":false,"jetpack_social_options":{"image_generator_settings":{"template":"highway","default_image_id":0,"font":"","enabled":false},"version":2}},"categories":[151],"tags":[70,109],"class_list":["post-11074","post","type-post","status-publish","format-standard","has-post-thumbnail","hentry","category-comunicados-2016","tag-el-pais","tag-la-provincia"],"yoast_head":"<!-- This site is optimized with the Yoast SEO plugin v25.9 - https:\/\/yoast.com\/wordpress\/plugins\/seo\/ -->\n<title>FESTRAM adhiere a la Marcha contra los Despidos y el Ajuste &#8211; FESTRAM<\/title>\n<meta name=\"description\" content=\"Frente a la Movilizaci\u00f3n dispuesta por ambas CTA para el d\u00eda de hoy, FESTRAM desea expresar su solidaridad con las compa\u00f1eras y compa\u00f1eros que llevan adelante esta medida pues la misma expresa, claramente, la decisi\u00f3n de oponerse al ajuste que est\u00e1 implementando el Gobierno de Mauricio Macri, y al veto presidencial a la Ley Antidespidos votada en el Parlamento Nacional.\" \/>\n<meta name=\"robots\" content=\"index, follow, max-snippet:-1, max-image-preview:large, max-video-preview:-1\" \/>\n<link rel=\"canonical\" href=\"https:\/\/municipales.org.ar\/festram\/festram-adhiere-la-marcha-los-despidos-ajuste\/\" \/>\n<meta property=\"og:locale\" content=\"es_ES\" \/>\n<meta property=\"og:type\" content=\"article\" \/>\n<meta property=\"og:title\" content=\"FESTRAM adhiere a la Marcha contra los Despidos y el Ajuste &#8211; FESTRAM\" \/>\n<meta property=\"og:description\" content=\"Frente a la Movilizaci\u00f3n dispuesta por ambas CTA para el d\u00eda de hoy, FESTRAM desea expresar su solidaridad con las compa\u00f1eras y compa\u00f1eros que llevan adelante esta medida pues la misma expresa, claramente, la decisi\u00f3n de oponerse al ajuste que est\u00e1 implementando el Gobierno de Mauricio Macri, y al veto presidencial a la Ley Antidespidos votada en el Parlamento Nacional.\" \/>\n<meta property=\"og:url\" content=\"https:\/\/municipales.org.ar\/festram\/festram-adhiere-la-marcha-los-despidos-ajuste\/\" \/>\n<meta property=\"og:site_name\" content=\"FESTRAM\" \/>\n<meta property=\"article:publisher\" content=\"https:\/\/www.facebook.com\/MunicipalesSF\" \/>\n<meta property=\"article:published_time\" content=\"2016-06-02T14:30:06+00:00\" \/>\n<meta property=\"article:modified_time\" content=\"2018-10-17T14:10:32+00:00\" \/>\n<meta property=\"og:image\" content=\"https:\/\/municipales.org.ar\/festram\/wp-content\/uploads\/2016\/06\/marchacgtcta.jpg\" \/>\n\t<meta property=\"og:image:width\" content=\"1600\" \/>\n\t<meta property=\"og:image:height\" content=\"1066\" \/>\n\t<meta property=\"og:image:type\" content=\"image\/jpeg\" \/>\n<meta name=\"author\" content=\"mun_admin\" \/>\n<meta name=\"twitter:card\" content=\"summary_large_image\" \/>\n<meta name=\"twitter:image\" content=\"http:\/\/www.municipales.org.ar\/festram\/wp-content\/uploads\/2016\/06\/marchacgtcta.jpg\" \/>\n<meta name=\"twitter:creator\" content=\"@MunicipalesSF\" \/>\n<meta name=\"twitter:site\" content=\"@MunicipalesSF\" \/>\n<meta name=\"twitter:label1\" content=\"Escrito por\" \/>\n\t<meta name=\"twitter:data1\" content=\"mun_admin\" \/>\n\t<meta name=\"twitter:label2\" content=\"Tiempo de lectura\" \/>\n\t<meta name=\"twitter:data2\" content=\"2 minutos\" \/>\n<script type=\"application\/ld+json\" class=\"yoast-schema-graph\">{\"@context\":\"https:\/\/schema.org\",\"@graph\":[{\"@type\":\"Article\",\"@id\":\"https:\/\/municipales.org.ar\/festram\/festram-adhiere-la-marcha-los-despidos-ajuste\/#article\",\"isPartOf\":{\"@id\":\"https:\/\/municipales.org.ar\/festram\/festram-adhiere-la-marcha-los-despidos-ajuste\/\"},\"author\":{\"name\":\"mun_admin\",\"@id\":\"https:\/\/municipales.org.ar\/festram\/#\/schema\/person\/49096a774c48ce9063df4d59ec059f9e\"},\"headline\":\"FESTRAM adhiere a la Marcha contra los Despidos y el Ajuste\",\"datePublished\":\"2016-06-02T14:30:06+00:00\",\"dateModified\":\"2018-10-17T14:10:32+00:00\",\"mainEntityOfPage\":{\"@id\":\"https:\/\/municipales.org.ar\/festram\/festram-adhiere-la-marcha-los-despidos-ajuste\/\"},\"wordCount\":338,\"publisher\":{\"@id\":\"https:\/\/municipales.org.ar\/festram\/#organization\"},\"image\":{\"@id\":\"https:\/\/municipales.org.ar\/festram\/festram-adhiere-la-marcha-los-despidos-ajuste\/#primaryimage\"},\"thumbnailUrl\":\"https:\/\/municipales.org.ar\/festram\/wp-content\/uploads\/2016\/06\/marchacgtcta.jpg\",\"keywords\":[\"el pa\u00eds\",\"la provincia\"],\"articleSection\":[\"Comunicados 2016\"],\"inLanguage\":\"es\"},{\"@type\":\"WebPage\",\"@id\":\"https:\/\/municipales.org.ar\/festram\/festram-adhiere-la-marcha-los-despidos-ajuste\/\",\"url\":\"https:\/\/municipales.org.ar\/festram\/festram-adhiere-la-marcha-los-despidos-ajuste\/\",\"name\":\"FESTRAM adhiere a la Marcha contra los Despidos y el Ajuste &#8211; FESTRAM\",\"isPartOf\":{\"@id\":\"https:\/\/municipales.org.ar\/festram\/#website\"},\"primaryImageOfPage\":{\"@id\":\"https:\/\/municipales.org.ar\/festram\/festram-adhiere-la-marcha-los-despidos-ajuste\/#primaryimage\"},\"image\":{\"@id\":\"https:\/\/municipales.org.ar\/festram\/festram-adhiere-la-marcha-los-despidos-ajuste\/#primaryimage\"},\"thumbnailUrl\":\"https:\/\/municipales.org.ar\/festram\/wp-content\/uploads\/2016\/06\/marchacgtcta.jpg\",\"datePublished\":\"2016-06-02T14:30:06+00:00\",\"dateModified\":\"2018-10-17T14:10:32+00:00\",\"description\":\"Frente a la Movilizaci\u00f3n dispuesta por ambas CTA para el d\u00eda de hoy, FESTRAM desea expresar su solidaridad con las compa\u00f1eras y compa\u00f1eros que llevan adelante esta medida pues la misma expresa, claramente, la decisi\u00f3n de oponerse al ajuste que est\u00e1 implementando el Gobierno de Mauricio Macri, y al veto presidencial a la Ley Antidespidos votada en el Parlamento Nacional.\",\"breadcrumb\":{\"@id\":\"https:\/\/municipales.org.ar\/festram\/festram-adhiere-la-marcha-los-despidos-ajuste\/#breadcrumb\"},\"inLanguage\":\"es\",\"potentialAction\":[{\"@type\":\"ReadAction\",\"target\":[\"https:\/\/municipales.org.ar\/festram\/festram-adhiere-la-marcha-los-despidos-ajuste\/\"]}]},{\"@type\":\"ImageObject\",\"inLanguage\":\"es\",\"@id\":\"https:\/\/municipales.org.ar\/festram\/festram-adhiere-la-marcha-los-despidos-ajuste\/#primaryimage\",\"url\":\"https:\/\/municipales.org.ar\/festram\/wp-content\/uploads\/2016\/06\/marchacgtcta.jpg\",\"contentUrl\":\"https:\/\/municipales.org.ar\/festram\/wp-content\/uploads\/2016\/06\/marchacgtcta.jpg\",\"width\":1600,\"height\":1066},{\"@type\":\"BreadcrumbList\",\"@id\":\"https:\/\/municipales.org.ar\/festram\/festram-adhiere-la-marcha-los-despidos-ajuste\/#breadcrumb\",\"itemListElement\":[{\"@type\":\"ListItem\",\"position\":1,\"name\":\"Portada\",\"item\":\"https:\/\/municipales.org.ar\/festram\/\"},{\"@type\":\"ListItem\",\"position\":2,\"name\":\"FESTRAM adhiere a la Marcha contra los Despidos y el Ajuste\"}]},{\"@type\":\"WebSite\",\"@id\":\"https:\/\/municipales.org.ar\/festram\/#website\",\"url\":\"https:\/\/municipales.org.ar\/festram\/\",\"name\":\"FESTRAM\",\"description\":\"La web de los trabajadores municipales\",\"publisher\":{\"@id\":\"https:\/\/municipales.org.ar\/festram\/#organization\"},\"potentialAction\":[{\"@type\":\"SearchAction\",\"target\":{\"@type\":\"EntryPoint\",\"urlTemplate\":\"https:\/\/municipales.org.ar\/festram\/?s={search_term_string}\"},\"query-input\":{\"@type\":\"PropertyValueSpecification\",\"valueRequired\":true,\"valueName\":\"search_term_string\"}}],\"inLanguage\":\"es\"},{\"@type\":\"Organization\",\"@id\":\"https:\/\/municipales.org.ar\/festram\/#organization\",\"name\":\"Federaci\u00f3n de Sindicatos de Trabajadores Municipales de la Provincia de Santa Fe\",\"url\":\"https:\/\/municipales.org.ar\/festram\/\",\"logo\":{\"@type\":\"ImageObject\",\"inLanguage\":\"es\",\"@id\":\"https:\/\/municipales.org.ar\/festram\/#\/schema\/logo\/image\/\",\"url\":\"https:\/\/www.municipales.org.ar\/festram\/wp-content\/uploads\/2014\/07\/logo_fes.jpg\",\"contentUrl\":\"https:\/\/www.municipales.org.ar\/festram\/wp-content\/uploads\/2014\/07\/logo_fes.jpg\",\"width\":661,\"height\":673,\"caption\":\"Federaci\u00f3n de Sindicatos de Trabajadores Municipales de la Provincia de Santa Fe\"},\"image\":{\"@id\":\"https:\/\/municipales.org.ar\/festram\/#\/schema\/logo\/image\/\"},\"sameAs\":[\"https:\/\/www.facebook.com\/MunicipalesSF\",\"https:\/\/x.com\/MunicipalesSF\",\"https:\/\/www.youtube.com\/user\/festram\"]},{\"@type\":\"Person\",\"@id\":\"https:\/\/municipales.org.ar\/festram\/#\/schema\/person\/49096a774c48ce9063df4d59ec059f9e\",\"name\":\"mun_admin\"}]}<\/script>\n<!-- \/ Yoast SEO plugin. -->","yoast_head_json":{"title":"FESTRAM adhiere a la Marcha contra los Despidos y el Ajuste &#8211; FESTRAM","description":"Frente a la Movilizaci\u00f3n dispuesta por ambas CTA para el d\u00eda de hoy, FESTRAM desea expresar su solidaridad con las compa\u00f1eras y compa\u00f1eros que llevan adelante esta medida pues la misma expresa, claramente, la decisi\u00f3n de oponerse al ajuste que est\u00e1 implementando el Gobierno de Mauricio Macri, y al veto presidencial a la Ley Antidespidos votada en el Parlamento Nacional.","robots":{"index":"index","follow":"follow","max-snippet":"max-snippet:-1","max-image-preview":"max-image-preview:large","max-video-preview":"max-video-preview:-1"},"canonical":"https:\/\/municipales.org.ar\/festram\/festram-adhiere-la-marcha-los-despidos-ajuste\/","og_locale":"es_ES","og_type":"article","og_title":"FESTRAM adhiere a la Marcha contra los Despidos y el Ajuste &#8211; FESTRAM","og_description":"Frente a la Movilizaci\u00f3n dispuesta por ambas CTA para el d\u00eda de hoy, FESTRAM desea expresar su solidaridad con las compa\u00f1eras y compa\u00f1eros que llevan adelante esta medida pues la misma expresa, claramente, la decisi\u00f3n de oponerse al ajuste que est\u00e1 implementando el Gobierno de Mauricio Macri, y al veto presidencial a la Ley Antidespidos votada en el Parlamento Nacional.","og_url":"https:\/\/municipales.org.ar\/festram\/festram-adhiere-la-marcha-los-despidos-ajuste\/","og_site_name":"FESTRAM","article_publisher":"https:\/\/www.facebook.com\/MunicipalesSF","article_published_time":"2016-06-02T14:30:06+00:00","article_modified_time":"2018-10-17T14:10:32+00:00","og_image":[{"width":1600,"height":1066,"url":"https:\/\/municipales.org.ar\/festram\/wp-content\/uploads\/2016\/06\/marchacgtcta.jpg","type":"image\/jpeg"}],"author":"mun_admin","twitter_card":"summary_large_image","twitter_image":"http:\/\/www.municipales.org.ar\/festram\/wp-content\/uploads\/2016\/06\/marchacgtcta.jpg","twitter_creator":"@MunicipalesSF","twitter_site":"@MunicipalesSF","twitter_misc":{"Escrito por":"mun_admin","Tiempo de lectura":"2 minutos"},"schema":{"@context":"https:\/\/schema.org","@graph":[{"@type":"Article","@id":"https:\/\/municipales.org.ar\/festram\/festram-adhiere-la-marcha-los-despidos-ajuste\/#article","isPartOf":{"@id":"https:\/\/municipales.org.ar\/festram\/festram-adhiere-la-marcha-los-despidos-ajuste\/"},"author":{"name":"mun_admin","@id":"https:\/\/municipales.org.ar\/festram\/#\/schema\/person\/49096a774c48ce9063df4d59ec059f9e"},"headline":"FESTRAM adhiere a la Marcha contra los Despidos y el Ajuste","datePublished":"2016-06-02T14:30:06+00:00","dateModified":"2018-10-17T14:10:32+00:00","mainEntityOfPage":{"@id":"https:\/\/municipales.org.ar\/festram\/festram-adhiere-la-marcha-los-despidos-ajuste\/"},"wordCount":338,"publisher":{"@id":"https:\/\/municipales.org.ar\/festram\/#organization"},"image":{"@id":"https:\/\/municipales.org.ar\/festram\/festram-adhiere-la-marcha-los-despidos-ajuste\/#primaryimage"},"thumbnailUrl":"https:\/\/municipales.org.ar\/festram\/wp-content\/uploads\/2016\/06\/marchacgtcta.jpg","keywords":["el pa\u00eds","la provincia"],"articleSection":["Comunicados 2016"],"inLanguage":"es"},{"@type":"WebPage","@id":"https:\/\/municipales.org.ar\/festram\/festram-adhiere-la-marcha-los-despidos-ajuste\/","url":"https:\/\/municipales.org.ar\/festram\/festram-adhiere-la-marcha-los-despidos-ajuste\/","name":"FESTRAM adhiere a la Marcha contra los Despidos y el Ajuste &#8211; FESTRAM","isPartOf":{"@id":"https:\/\/municipales.org.ar\/festram\/#website"},"primaryImageOfPage":{"@id":"https:\/\/municipales.org.ar\/festram\/festram-adhiere-la-marcha-los-despidos-ajuste\/#primaryimage"},"image":{"@id":"https:\/\/municipales.org.ar\/festram\/festram-adhiere-la-marcha-los-despidos-ajuste\/#primaryimage"},"thumbnailUrl":"https:\/\/municipales.org.ar\/festram\/wp-content\/uploads\/2016\/06\/marchacgtcta.jpg","datePublished":"2016-06-02T14:30:06+00:00","dateModified":"2018-10-17T14:10:32+00:00","description":"Frente a la Movilizaci\u00f3n dispuesta por ambas CTA para el d\u00eda de hoy, FESTRAM desea expresar su solidaridad con las compa\u00f1eras y compa\u00f1eros que llevan adelante esta medida pues la misma expresa, claramente, la decisi\u00f3n de oponerse al ajuste que est\u00e1 implementando el Gobierno de Mauricio Macri, y al veto presidencial a la Ley Antidespidos votada en el Parlamento Nacional.","breadcrumb":{"@id":"https:\/\/municipales.org.ar\/festram\/festram-adhiere-la-marcha-los-despidos-ajuste\/#breadcrumb"},"inLanguage":"es","potentialAction":[{"@type":"ReadAction","target":["https:\/\/municipales.org.ar\/festram\/festram-adhiere-la-marcha-los-despidos-ajuste\/"]}]},{"@type":"ImageObject","inLanguage":"es","@id":"https:\/\/municipales.org.ar\/festram\/festram-adhiere-la-marcha-los-despidos-ajuste\/#primaryimage","url":"https:\/\/municipales.org.ar\/festram\/wp-content\/uploads\/2016\/06\/marchacgtcta.jpg","contentUrl":"https:\/\/municipales.org.ar\/festram\/wp-content\/uploads\/2016\/06\/marchacgtcta.jpg","width":1600,"height":1066},{"@type":"BreadcrumbList","@id":"https:\/\/municipales.org.ar\/festram\/festram-adhiere-la-marcha-los-despidos-ajuste\/#breadcrumb","itemListElement":[{"@type":"ListItem","position":1,"name":"Portada","item":"https:\/\/municipales.org.ar\/festram\/"},{"@type":"ListItem","position":2,"name":"FESTRAM adhiere a la Marcha contra los Despidos y el Ajuste"}]},{"@type":"WebSite","@id":"https:\/\/municipales.org.ar\/festram\/#website","url":"https:\/\/municipales.org.ar\/festram\/","name":"FESTRAM","description":"La web de los trabajadores municipales","publisher":{"@id":"https:\/\/municipales.org.ar\/festram\/#organization"},"potentialAction":[{"@type":"SearchAction","target":{"@type":"EntryPoint","urlTemplate":"https:\/\/municipales.org.ar\/festram\/?s={search_term_string}"},"query-input":{"@type":"PropertyValueSpecification","valueRequired":true,"valueName":"search_term_string"}}],"inLanguage":"es"},{"@type":"Organization","@id":"https:\/\/municipales.org.ar\/festram\/#organization","name":"Federaci\u00f3n de Sindicatos de Trabajadores Municipales de la Provincia de Santa Fe","url":"https:\/\/municipales.org.ar\/festram\/","logo":{"@type":"ImageObject","inLanguage":"es","@id":"https:\/\/municipales.org.ar\/festram\/#\/schema\/logo\/image\/","url":"https:\/\/www.municipales.org.ar\/festram\/wp-content\/uploads\/2014\/07\/logo_fes.jpg","contentUrl":"https:\/\/www.municipales.org.ar\/festram\/wp-content\/uploads\/2014\/07\/logo_fes.jpg","width":661,"height":673,"caption":"Federaci\u00f3n de Sindicatos de Trabajadores Municipales de la Provincia de Santa Fe"},"image":{"@id":"https:\/\/municipales.org.ar\/festram\/#\/schema\/logo\/image\/"},"sameAs":["https:\/\/www.facebook.com\/MunicipalesSF","https:\/\/x.com\/MunicipalesSF","https:\/\/www.youtube.com\/user\/festram"]},{"@type":"Person","@id":"https:\/\/municipales.org.ar\/festram\/#\/schema\/person\/49096a774c48ce9063df4d59ec059f9e","name":"mun_admin"}]}},"jetpack_publicize_connections":[],"jetpack_featured_media_url":"https:\/\/municipales.org.ar\/festram\/wp-content\/uploads\/2016\/06\/marchacgtcta.jpg","jetpack_sharing_enabled":true,"jetpack_likes_enabled":false,"jetpack_shortlink":"https:\/\/wp.me\/p7l4x1-2SC","_links":{"self":[{"href":"https:\/\/municipales.org.ar\/festram\/wp-json\/wp\/v2\/posts\/11074","targetHints":{"allow":["GET"]}}],"collection":[{"href":"https:\/\/municipales.org.ar\/festram\/wp-json\/wp\/v2\/posts"}],"about":[{"href":"https:\/\/municipales.org.ar\/festram\/wp-json\/wp\/v2\/types\/post"}],"author":[{"embeddable":true,"href":"https:\/\/municipales.org.ar\/festram\/wp-json\/wp\/v2\/users\/1"}],"replies":[{"embeddable":true,"href":"https:\/\/municipales.org.ar\/festram\/wp-json\/wp\/v2\/comments?post=11074"}],"version-history":[{"count":5,"href":"https:\/\/municipales.org.ar\/festram\/wp-json\/wp\/v2\/posts\/11074\/revisions"}],"predecessor-version":[{"id":13470,"href":"https:\/\/municipales.org.ar\/festram\/wp-json\/wp\/v2\/posts\/11074\/revisions\/13470"}],"wp:featuredmedia":[{"embeddable":true,"href":"https:\/\/municipales.org.ar\/festram\/wp-json\/wp\/v2\/media\/11075"}],"wp:attachment":[{"href":"https:\/\/municipales.org.ar\/festram\/wp-json\/wp\/v2\/media?parent=11074"}],"wp:term":[{"taxonomy":"category","embeddable":true,"href":"https:\/\/municipales.org.ar\/festram\/wp-json\/wp\/v2\/categories?post=11074"},{"taxonomy":"post_tag","embeddable":true,"href":"https:\/\/municipales.org.ar\/festram\/wp-json\/wp\/v2\/tags?post=11074"}],"curies":[{"name":"wp","href":"https:\/\/api.w.org\/{rel}","templated":true}]}}