{"id":11084,"date":"2016-06-08T07:54:36","date_gmt":"2016-06-08T10:54:36","guid":{"rendered":"http:\/\/www.municipales.org.ar\/festram\/?p=11084"},"modified":"2018-10-17T11:09:35","modified_gmt":"2018-10-17T14:09:35","slug":"masiva-concentracion-sindical-ajuste-los-despidos","status":"publish","type":"post","link":"https:\/\/municipales.org.ar\/festram\/masiva-concentracion-sindical-ajuste-los-despidos\/","title":{"rendered":"Masiva concentraci\u00f3n sindical en Rosario contra el ajuste y los despidos"},"content":{"rendered":"<p>A plaza repleta, decenas de sindicatos y organizaciones nucleados en el Movimiento Sindical Rosarino (MSR) se manifestaron ayer, junto a organizaciones sociales y pol\u00edticas, \u00aben defensa del trabajo y la producci\u00f3n nacional\u00bb. Tambi\u00e9n repudiaron el modelo neoliberal del gobierno macrista, los despidos, la inflaci\u00f3n y los tarifazos. Invocando la uni\u00f3n de los gremios, instaron a un paro a nivel nacional y advirtieron que este \u00abrosariazo\u00bb es un punto de partida de lucha sindical unificada. En delante, advirtieron, cada vez que haya una baja en la regi\u00f3n, las patronales deber\u00e1n lidiar directamente con este bloque de sindicatos.<\/p>\n<p style=\"text-align: center;\"><iframe loading=\"lazy\" width=\"560\" height=\"315\" src=\"https:\/\/www.youtube.com\/embed\/dMNuhhPYajw\" frameborder=\"0\" allow=\"autoplay; encrypted-media\" allowfullscreen><\/iframe><\/p>\n<p>Pasadas las 14 las organizaciones comenzaron a llegar a la fr\u00eda explanada de la plaza Santiago Montenegro, que se colm\u00f3 de manifestantes, batucadas, banderas y pancartas de cara al escenario montado sobre calle San Mart\u00edn. Tras la lectura de una larga lista de adhesiones de organizaciones y en gran parte de legisladores, el encargado de abrir el acto fue el secretario general del Sindicato de Trabajadores Municipales de Rosario, Antonio Ratner. El dirigente subray\u00f3 la necesidad de decir \u00abbasta a los tarifazos, a la precarizaci\u00f3n, despidos y de sumar argentinos a la pobreza\u00bb.<\/p>\n<p>El secretario general del Sindicato de Mec\u00e1nicos y Afines del Transporte Automotor (Smata), Marcelo Barros, sentenci\u00f3 que \u00abla lucha reci\u00e9n comienza\u00bb y que \u00aba estos oligarcas, gorilas, no los vamos a dejar descansar hasta vencerlos porque nosotros, los negros, somos mayor\u00eda\u00bb. Tambi\u00e9n enunci\u00f3 el \u00abbasta\u00bb de \u00ababrirle las puertas a las multinacionales, basta de CEO, basta de patotear y de mentir, como con Cresta Roja.<\/p>\n<p>Tras el anuncio de m\u00e1s adhesiones al acto, _entre ellas las del vicepresidente del Partido Justicialista, Daniel Scioli_ se ley\u00f3 el mensaje del secretario general de la Uni\u00f3n Obrera Metal\u00fargica (UOM), Antonio Donello, quien inst\u00f3 a no quedarse sentados \u00abni mucho menos de rodillas\u00bb porque \u00abestamos volviendo a los 90\u00bb.<\/p>\n<p>Al grito de \u00abparo nacional\u00bb, Juan Nucci, titular del Sindicato de Trabajadores Judiciales de Santa Fe, afirm\u00f3 que \u00abson momentos de unidad\u00bb y record\u00f3 que \u00abse cumplen 70 a\u00f1os del primer gobierno del general Per\u00f3n, 70 a\u00f1os de construcci\u00f3n de dignidad. No hablamos de un celular con c\u00e1mara\u00bb, dijo en alusi\u00f3n a los dichos del economista Javier Gonz\u00e1lez Fraga en cuanto a que el sector medio ha vivido en una \u00abilusi\u00f3n\u00bb al acceder a ciertos bienes.<\/p>\n\n\t\t<style type=\"text\/css\">\n\t\t\t#gallery-1 {\n\t\t\t\tmargin: auto;\n\t\t\t}\n\t\t\t#gallery-1 .gallery-item {\n\t\t\t\tfloat: left;\n\t\t\t\tmargin-top: 10px;\n\t\t\t\ttext-align: center;\n\t\t\t\twidth: 33%;\n\t\t\t}\n\t\t\t#gallery-1 img {\n\t\t\t\tborder: 2px solid #cfcfcf;\n\t\t\t}\n\t\t\t#gallery-1 .gallery-caption {\n\t\t\t\tmargin-left: 0;\n\t\t\t}\n\t\t\t\/* see gallery_shortcode() in wp-includes\/media.php *\/\n\t\t<\/style>\n\t\t<div id='gallery-1' class='gallery galleryid-11084 gallery-columns-3 gallery-size-thumbnail'><dl class='gallery-item'>\n\t\t\t<dt class='gallery-icon landscape'>\n\t\t\t\t<a href='https:\/\/municipales.org.ar\/festram\/masiva-concentracion-sindical-ajuste-los-despidos\/13340340_1032877176803119_5513811826339870545_o\/'><img loading=\"lazy\" decoding=\"async\" width=\"150\" height=\"150\" src=\"https:\/\/municipales.org.ar\/festram\/wp-content\/uploads\/2016\/06\/13340340_1032877176803119_5513811826339870545_o-150x150.jpg\" class=\"attachment-thumbnail size-thumbnail\" alt=\"\" srcset=\"https:\/\/municipales.org.ar\/festram\/wp-content\/uploads\/2016\/06\/13340340_1032877176803119_5513811826339870545_o-150x150.jpg 150w, https:\/\/municipales.org.ar\/festram\/wp-content\/uploads\/2016\/06\/13340340_1032877176803119_5513811826339870545_o-80x80.jpg 80w\" sizes=\"auto, (max-width: 150px) 100vw, 150px\" \/><\/a>\n\t\t\t<\/dt><\/dl><dl class='gallery-item'>\n\t\t\t<dt class='gallery-icon landscape'>\n\t\t\t\t<a href='https:\/\/municipales.org.ar\/festram\/masiva-concentracion-sindical-ajuste-los-despidos\/13412204_1032877350136435_5500007595883836430_o\/'><img loading=\"lazy\" decoding=\"async\" width=\"150\" height=\"150\" src=\"https:\/\/municipales.org.ar\/festram\/wp-content\/uploads\/2016\/06\/13412204_1032877350136435_5500007595883836430_o-150x150.jpg\" class=\"attachment-thumbnail size-thumbnail\" alt=\"\" srcset=\"https:\/\/municipales.org.ar\/festram\/wp-content\/uploads\/2016\/06\/13412204_1032877350136435_5500007595883836430_o-150x150.jpg 150w, https:\/\/municipales.org.ar\/festram\/wp-content\/uploads\/2016\/06\/13412204_1032877350136435_5500007595883836430_o-80x80.jpg 80w\" sizes=\"auto, (max-width: 150px) 100vw, 150px\" \/><\/a>\n\t\t\t<\/dt><\/dl><dl class='gallery-item'>\n\t\t\t<dt class='gallery-icon landscape'>\n\t\t\t\t<a href='https:\/\/municipales.org.ar\/festram\/masiva-concentracion-sindical-ajuste-los-despidos\/13323377_1032882930135877_7868966599771795698_o\/'><img loading=\"lazy\" decoding=\"async\" width=\"150\" height=\"150\" src=\"https:\/\/municipales.org.ar\/festram\/wp-content\/uploads\/2016\/06\/13323377_1032882930135877_7868966599771795698_o-150x150.jpg\" class=\"attachment-thumbnail size-thumbnail\" alt=\"\" srcset=\"https:\/\/municipales.org.ar\/festram\/wp-content\/uploads\/2016\/06\/13323377_1032882930135877_7868966599771795698_o-150x150.jpg 150w, https:\/\/municipales.org.ar\/festram\/wp-content\/uploads\/2016\/06\/13323377_1032882930135877_7868966599771795698_o-80x80.jpg 80w\" sizes=\"auto, (max-width: 150px) 100vw, 150px\" \/><\/a>\n\t\t\t<\/dt><\/dl><br style=\"clear: both\" \/><dl class='gallery-item'>\n\t\t\t<dt class='gallery-icon landscape'>\n\t\t\t\t<a href='https:\/\/municipales.org.ar\/festram\/masiva-concentracion-sindical-ajuste-los-despidos\/13327426_1868541033373260_7037513804449884538_n\/'><img loading=\"lazy\" decoding=\"async\" width=\"150\" height=\"150\" src=\"https:\/\/municipales.org.ar\/festram\/wp-content\/uploads\/2016\/06\/13327426_1868541033373260_7037513804449884538_n-150x150.jpg\" class=\"attachment-thumbnail size-thumbnail\" alt=\"\" srcset=\"https:\/\/municipales.org.ar\/festram\/wp-content\/uploads\/2016\/06\/13327426_1868541033373260_7037513804449884538_n-150x150.jpg 150w, https:\/\/municipales.org.ar\/festram\/wp-content\/uploads\/2016\/06\/13327426_1868541033373260_7037513804449884538_n-80x80.jpg 80w\" sizes=\"auto, (max-width: 150px) 100vw, 150px\" \/><\/a>\n\t\t\t<\/dt><\/dl><dl class='gallery-item'>\n\t\t\t<dt class='gallery-icon landscape'>\n\t\t\t\t<a href='https:\/\/municipales.org.ar\/festram\/masiva-concentracion-sindical-ajuste-los-despidos\/13339582_1868541126706584_3182958838162061418_n\/'><img loading=\"lazy\" decoding=\"async\" width=\"150\" height=\"150\" src=\"https:\/\/municipales.org.ar\/festram\/wp-content\/uploads\/2016\/06\/13339582_1868541126706584_3182958838162061418_n-150x150.jpg\" class=\"attachment-thumbnail size-thumbnail\" alt=\"\" srcset=\"https:\/\/municipales.org.ar\/festram\/wp-content\/uploads\/2016\/06\/13339582_1868541126706584_3182958838162061418_n-150x150.jpg 150w, https:\/\/municipales.org.ar\/festram\/wp-content\/uploads\/2016\/06\/13339582_1868541126706584_3182958838162061418_n-80x80.jpg 80w\" sizes=\"auto, (max-width: 150px) 100vw, 150px\" \/><\/a>\n\t\t\t<\/dt><\/dl><dl class='gallery-item'>\n\t\t\t<dt class='gallery-icon landscape'>\n\t\t\t\t<a href='https:\/\/municipales.org.ar\/festram\/masiva-concentracion-sindical-ajuste-los-despidos\/13344618_1868541230039907_5819160278965389135_n\/'><img loading=\"lazy\" decoding=\"async\" width=\"150\" height=\"150\" src=\"https:\/\/municipales.org.ar\/festram\/wp-content\/uploads\/2016\/06\/13344618_1868541230039907_5819160278965389135_n-150x150.jpg\" class=\"attachment-thumbnail size-thumbnail\" alt=\"\" srcset=\"https:\/\/municipales.org.ar\/festram\/wp-content\/uploads\/2016\/06\/13344618_1868541230039907_5819160278965389135_n-150x150.jpg 150w, https:\/\/municipales.org.ar\/festram\/wp-content\/uploads\/2016\/06\/13344618_1868541230039907_5819160278965389135_n-80x80.jpg 80w\" sizes=\"auto, (max-width: 150px) 100vw, 150px\" \/><\/a>\n\t\t\t<\/dt><\/dl><br style=\"clear: both\" \/><dl class='gallery-item'>\n\t\t\t<dt class='gallery-icon landscape'>\n\t\t\t\t<a href='https:\/\/municipales.org.ar\/festram\/masiva-concentracion-sindical-ajuste-los-despidos\/13346947_1868540976706599_5603875959078432715_n\/'><img loading=\"lazy\" decoding=\"async\" width=\"150\" height=\"150\" src=\"https:\/\/municipales.org.ar\/festram\/wp-content\/uploads\/2016\/06\/13346947_1868540976706599_5603875959078432715_n-150x150.jpg\" class=\"attachment-thumbnail size-thumbnail\" alt=\"\" srcset=\"https:\/\/municipales.org.ar\/festram\/wp-content\/uploads\/2016\/06\/13346947_1868540976706599_5603875959078432715_n-150x150.jpg 150w, https:\/\/municipales.org.ar\/festram\/wp-content\/uploads\/2016\/06\/13346947_1868540976706599_5603875959078432715_n-80x80.jpg 80w\" sizes=\"auto, (max-width: 150px) 100vw, 150px\" \/><\/a>\n\t\t\t<\/dt><\/dl><dl class='gallery-item'>\n\t\t\t<dt class='gallery-icon portrait'>\n\t\t\t\t<a href='https:\/\/municipales.org.ar\/festram\/masiva-concentracion-sindical-ajuste-los-despidos\/13346370_1032878993469604_252509664811740094_o\/'><img loading=\"lazy\" decoding=\"async\" width=\"150\" height=\"150\" src=\"https:\/\/municipales.org.ar\/festram\/wp-content\/uploads\/2016\/06\/13346370_1032878993469604_252509664811740094_o-150x150.jpg\" class=\"attachment-thumbnail size-thumbnail\" alt=\"\" srcset=\"https:\/\/municipales.org.ar\/festram\/wp-content\/uploads\/2016\/06\/13346370_1032878993469604_252509664811740094_o-150x150.jpg 150w, https:\/\/municipales.org.ar\/festram\/wp-content\/uploads\/2016\/06\/13346370_1032878993469604_252509664811740094_o-80x80.jpg 80w\" sizes=\"auto, (max-width: 150px) 100vw, 150px\" \/><\/a>\n\t\t\t<\/dt><\/dl><dl class='gallery-item'>\n\t\t\t<dt class='gallery-icon landscape'>\n\t\t\t\t<a href='https:\/\/municipales.org.ar\/festram\/masiva-concentracion-sindical-ajuste-los-despidos\/13346882_1868540933373270_2316005862954301396_n\/'><img loading=\"lazy\" decoding=\"async\" width=\"150\" height=\"150\" src=\"https:\/\/municipales.org.ar\/festram\/wp-content\/uploads\/2016\/06\/13346882_1868540933373270_2316005862954301396_n-150x150.jpg\" class=\"attachment-thumbnail size-thumbnail\" alt=\"\" srcset=\"https:\/\/municipales.org.ar\/festram\/wp-content\/uploads\/2016\/06\/13346882_1868540933373270_2316005862954301396_n-150x150.jpg 150w, https:\/\/municipales.org.ar\/festram\/wp-content\/uploads\/2016\/06\/13346882_1868540933373270_2316005862954301396_n-80x80.jpg 80w\" sizes=\"auto, (max-width: 150px) 100vw, 150px\" \/><\/a>\n\t\t\t<\/dt><\/dl><br style=\"clear: both\" \/><dl class='gallery-item'>\n\t\t\t<dt class='gallery-icon landscape'>\n\t\t\t\t<a href='https:\/\/municipales.org.ar\/festram\/masiva-concentracion-sindical-ajuste-los-despidos\/13346882_1868541190039911_3644122043683275836_n\/'><img loading=\"lazy\" decoding=\"async\" width=\"150\" height=\"150\" src=\"https:\/\/municipales.org.ar\/festram\/wp-content\/uploads\/2016\/06\/13346882_1868541190039911_3644122043683275836_n-150x150.jpg\" class=\"attachment-thumbnail size-thumbnail\" alt=\"\" srcset=\"https:\/\/municipales.org.ar\/festram\/wp-content\/uploads\/2016\/06\/13346882_1868541190039911_3644122043683275836_n-150x150.jpg 150w, https:\/\/municipales.org.ar\/festram\/wp-content\/uploads\/2016\/06\/13346882_1868541190039911_3644122043683275836_n-80x80.jpg 80w\" sizes=\"auto, (max-width: 150px) 100vw, 150px\" \/><\/a>\n\t\t\t<\/dt><\/dl><dl class='gallery-item'>\n\t\t\t<dt class='gallery-icon landscape'>\n\t\t\t\t<a href='https:\/\/municipales.org.ar\/festram\/masiva-concentracion-sindical-ajuste-los-despidos\/13350354_1032880586802778_5444375193260961263_o\/'><img loading=\"lazy\" decoding=\"async\" width=\"150\" height=\"150\" src=\"https:\/\/municipales.org.ar\/festram\/wp-content\/uploads\/2016\/06\/13350354_1032880586802778_5444375193260961263_o-150x150.jpg\" class=\"attachment-thumbnail size-thumbnail\" alt=\"\" srcset=\"https:\/\/municipales.org.ar\/festram\/wp-content\/uploads\/2016\/06\/13350354_1032880586802778_5444375193260961263_o-150x150.jpg 150w, https:\/\/municipales.org.ar\/festram\/wp-content\/uploads\/2016\/06\/13350354_1032880586802778_5444375193260961263_o-80x80.jpg 80w\" sizes=\"auto, (max-width: 150px) 100vw, 150px\" \/><\/a>\n\t\t\t<\/dt><\/dl><dl class='gallery-item'>\n\t\t\t<dt class='gallery-icon landscape'>\n\t\t\t\t<a href='https:\/\/municipales.org.ar\/festram\/masiva-concentracion-sindical-ajuste-los-despidos\/13391636_1032880716802765_1420351847727126408_o\/'><img loading=\"lazy\" decoding=\"async\" width=\"150\" height=\"150\" src=\"https:\/\/municipales.org.ar\/festram\/wp-content\/uploads\/2016\/06\/13391636_1032880716802765_1420351847727126408_o-150x150.jpg\" class=\"attachment-thumbnail size-thumbnail\" alt=\"\" srcset=\"https:\/\/municipales.org.ar\/festram\/wp-content\/uploads\/2016\/06\/13391636_1032880716802765_1420351847727126408_o-150x150.jpg 150w, https:\/\/municipales.org.ar\/festram\/wp-content\/uploads\/2016\/06\/13391636_1032880716802765_1420351847727126408_o-80x80.jpg 80w\" sizes=\"auto, (max-width: 150px) 100vw, 150px\" \/><\/a>\n\t\t\t<\/dt><\/dl><br style=\"clear: both\" \/><dl class='gallery-item'>\n\t\t\t<dt class='gallery-icon landscape'>\n\t\t\t\t<a href='https:\/\/municipales.org.ar\/festram\/masiva-concentracion-sindical-ajuste-los-despidos\/13403869_1032883340135836_394391996795918193_o\/'><img loading=\"lazy\" decoding=\"async\" width=\"150\" height=\"150\" src=\"https:\/\/municipales.org.ar\/festram\/wp-content\/uploads\/2016\/06\/13403869_1032883340135836_394391996795918193_o-150x150.jpg\" class=\"attachment-thumbnail size-thumbnail\" alt=\"\" srcset=\"https:\/\/municipales.org.ar\/festram\/wp-content\/uploads\/2016\/06\/13403869_1032883340135836_394391996795918193_o-150x150.jpg 150w, https:\/\/municipales.org.ar\/festram\/wp-content\/uploads\/2016\/06\/13403869_1032883340135836_394391996795918193_o-80x80.jpg 80w\" sizes=\"auto, (max-width: 150px) 100vw, 150px\" \/><\/a>\n\t\t\t<\/dt><\/dl><dl class='gallery-item'>\n\t\t\t<dt class='gallery-icon landscape'>\n\t\t\t\t<a href='https:\/\/municipales.org.ar\/festram\/masiva-concentracion-sindical-ajuste-los-despidos\/13411910_1032880606802776_85788474851338334_o\/'><img loading=\"lazy\" decoding=\"async\" width=\"150\" height=\"150\" src=\"https:\/\/municipales.org.ar\/festram\/wp-content\/uploads\/2016\/06\/13411910_1032880606802776_85788474851338334_o-150x150.jpg\" class=\"attachment-thumbnail size-thumbnail\" alt=\"\" srcset=\"https:\/\/municipales.org.ar\/festram\/wp-content\/uploads\/2016\/06\/13411910_1032880606802776_85788474851338334_o-150x150.jpg 150w, https:\/\/municipales.org.ar\/festram\/wp-content\/uploads\/2016\/06\/13411910_1032880606802776_85788474851338334_o-80x80.jpg 80w\" sizes=\"auto, (max-width: 150px) 100vw, 150px\" \/><\/a>\n\t\t\t<\/dt><\/dl><dl class='gallery-item'>\n\t\t\t<dt class='gallery-icon landscape'>\n\t\t\t\t<a href='https:\/\/municipales.org.ar\/festram\/masiva-concentracion-sindical-ajuste-los-despidos\/13413573_1868541306706566_8983408494126433455_n\/'><img loading=\"lazy\" decoding=\"async\" width=\"150\" height=\"150\" src=\"https:\/\/municipales.org.ar\/festram\/wp-content\/uploads\/2016\/06\/13413573_1868541306706566_8983408494126433455_n-150x150.jpg\" class=\"attachment-thumbnail size-thumbnail\" alt=\"\" srcset=\"https:\/\/municipales.org.ar\/festram\/wp-content\/uploads\/2016\/06\/13413573_1868541306706566_8983408494126433455_n-150x150.jpg 150w, https:\/\/municipales.org.ar\/festram\/wp-content\/uploads\/2016\/06\/13413573_1868541306706566_8983408494126433455_n-80x80.jpg 80w\" sizes=\"auto, (max-width: 150px) 100vw, 150px\" \/><\/a>\n\t\t\t<\/dt><\/dl><br style=\"clear: both\" \/><dl class='gallery-item'>\n\t\t\t<dt class='gallery-icon landscape'>\n\t\t\t\t<a href='https:\/\/municipales.org.ar\/festram\/masiva-concentracion-sindical-ajuste-los-despidos\/13418665_1032883440135826_5273347408661565651_o\/'><img loading=\"lazy\" decoding=\"async\" width=\"150\" height=\"150\" src=\"https:\/\/municipales.org.ar\/festram\/wp-content\/uploads\/2016\/06\/13418665_1032883440135826_5273347408661565651_o-150x150.jpg\" class=\"attachment-thumbnail size-thumbnail\" alt=\"\" srcset=\"https:\/\/municipales.org.ar\/festram\/wp-content\/uploads\/2016\/06\/13418665_1032883440135826_5273347408661565651_o-150x150.jpg 150w, https:\/\/municipales.org.ar\/festram\/wp-content\/uploads\/2016\/06\/13418665_1032883440135826_5273347408661565651_o-80x80.jpg 80w\" sizes=\"auto, (max-width: 150px) 100vw, 150px\" \/><\/a>\n\t\t\t<\/dt><\/dl><dl class='gallery-item'>\n\t\t\t<dt class='gallery-icon landscape'>\n\t\t\t\t<a href='https:\/\/municipales.org.ar\/festram\/masiva-concentracion-sindical-ajuste-los-despidos\/13419287_1868541013373262_1415037330022444092_n\/'><img loading=\"lazy\" decoding=\"async\" width=\"150\" height=\"150\" src=\"https:\/\/municipales.org.ar\/festram\/wp-content\/uploads\/2016\/06\/13419287_1868541013373262_1415037330022444092_n-150x150.jpg\" class=\"attachment-thumbnail size-thumbnail\" alt=\"\" srcset=\"https:\/\/municipales.org.ar\/festram\/wp-content\/uploads\/2016\/06\/13419287_1868541013373262_1415037330022444092_n-150x150.jpg 150w, https:\/\/municipales.org.ar\/festram\/wp-content\/uploads\/2016\/06\/13419287_1868541013373262_1415037330022444092_n-80x80.jpg 80w\" sizes=\"auto, (max-width: 150px) 100vw, 150px\" \/><\/a>\n\t\t\t<\/dt><\/dl><dl class='gallery-item'>\n\t\t\t<dt class='gallery-icon landscape'>\n\t\t\t\t<a href='https:\/\/municipales.org.ar\/festram\/masiva-concentracion-sindical-ajuste-los-despidos\/13422185_1032880043469499_5080239845500613859_o\/'><img loading=\"lazy\" decoding=\"async\" width=\"150\" height=\"150\" src=\"https:\/\/municipales.org.ar\/festram\/wp-content\/uploads\/2016\/06\/13422185_1032880043469499_5080239845500613859_o-150x150.jpg\" class=\"attachment-thumbnail size-thumbnail\" alt=\"\" srcset=\"https:\/\/municipales.org.ar\/festram\/wp-content\/uploads\/2016\/06\/13422185_1032880043469499_5080239845500613859_o-150x150.jpg 150w, https:\/\/municipales.org.ar\/festram\/wp-content\/uploads\/2016\/06\/13422185_1032880043469499_5080239845500613859_o-80x80.jpg 80w\" sizes=\"auto, (max-width: 150px) 100vw, 150px\" \/><\/a>\n\t\t\t<\/dt><\/dl><br style=\"clear: both\" \/><dl class='gallery-item'>\n\t\t\t<dt class='gallery-icon landscape'>\n\t\t\t\t<a href='https:\/\/municipales.org.ar\/festram\/masiva-concentracion-sindical-ajuste-los-despidos\/13422377_1032879286802908_256957934867222254_o\/'><img loading=\"lazy\" decoding=\"async\" width=\"150\" height=\"150\" src=\"https:\/\/municipales.org.ar\/festram\/wp-content\/uploads\/2016\/06\/13422377_1032879286802908_256957934867222254_o-150x150.jpg\" class=\"attachment-thumbnail size-thumbnail\" alt=\"\" srcset=\"https:\/\/municipales.org.ar\/festram\/wp-content\/uploads\/2016\/06\/13422377_1032879286802908_256957934867222254_o-150x150.jpg 150w, https:\/\/municipales.org.ar\/festram\/wp-content\/uploads\/2016\/06\/13422377_1032879286802908_256957934867222254_o-80x80.jpg 80w\" sizes=\"auto, (max-width: 150px) 100vw, 150px\" \/><\/a>\n\t\t\t<\/dt><\/dl><dl class='gallery-item'>\n\t\t\t<dt class='gallery-icon landscape'>\n\t\t\t\t<a href='https:\/\/municipales.org.ar\/festram\/masiva-concentracion-sindical-ajuste-los-despidos\/13416963_1032884020135768_9191263056083050235_o\/'><img loading=\"lazy\" decoding=\"async\" width=\"150\" height=\"150\" src=\"https:\/\/municipales.org.ar\/festram\/wp-content\/uploads\/2016\/06\/13416963_1032884020135768_9191263056083050235_o-150x150.jpg\" class=\"attachment-thumbnail size-thumbnail\" alt=\"\" srcset=\"https:\/\/municipales.org.ar\/festram\/wp-content\/uploads\/2016\/06\/13416963_1032884020135768_9191263056083050235_o-150x150.jpg 150w, https:\/\/municipales.org.ar\/festram\/wp-content\/uploads\/2016\/06\/13416963_1032884020135768_9191263056083050235_o-80x80.jpg 80w\" sizes=\"auto, (max-width: 150px) 100vw, 150px\" \/><\/a>\n\t\t\t<\/dt><\/dl>\n\t\t\t<br style='clear: both' \/>\n\t\t<\/div>\n\n<p>A su turno, el secretario general del Sindicato Argentino de Docentes Particulares (Sadop), Mart\u00edn Lucero, respondi\u00f3 a la \u00abpreocupaci\u00f3n\u00bb del presidente Mauricio Macri sobre los niveles de ausentismo laboral y a las intenciones del ministro de Trabajo, Jorge Triaca, de descontar de los salarios los d\u00edas de paro: \u00abTambi\u00e9n estamos preocupados por las ausencias, pero las ausencias de pol\u00edticas sociales, de inclusi\u00f3n, de trabajo, de gesti\u00f3n\u00bb, dijo.<\/p>\n<h4>Rosariazo<\/h4>\n<p>Y areng\u00f3: \u00abAhora son los trabajadores los que quieren el cambio y no lo vamos a buscar atr\u00e1s de globos de colores sino a trav\u00e9s del movimiento obrero organizado. Ac\u00e1 se est\u00e1 gestando algo nuevo y empieza con este rosariazo\u00bb.<\/p>\n<p>\u00abEl pueblo no vot\u00f3 esto, queremos volver al Estado de bienestar\u00bb, advirti\u00f3 Alberto Botto, lider de Luz y Fuerza Rosario, que llev\u00f3 al acto una gruesa columna entre la que se ve\u00eda un peque\u00f1o cartel con la leyenda \u00abandate yeguo\u00bb.<\/p>\n<p>El titular de la Asociaci\u00f3n Bancaria de Rosario, Mat\u00edas Lay\u00fas, cerr\u00f3 el acto advirtiendo que cada conflicto con la patronal por p\u00e9rdidas de puestos de trabajo ya no ser\u00e1 con el sindicato afectado sino con todos los gremios.<\/p>\n<h4>Bambi arranca las suspensiones<\/h4>\n<p>El protesorero de la UOM, Daniel Guti\u00e9rrez, confirm\u00f3 que la f\u00e1brica de heladeras Bambi SRL presentar\u00e1 hoy el procedimiento preventivo de crisis y suspender\u00e1 a 500 trabajadores. La empresa hab\u00eda anunciado la semana pasada su plan de suspender a 450 operarios. Antes, Gafa suspendi\u00f3 a 360 trabajadores. La l\u00ednea blanca est\u00e1 en crisis. Entre otras cosas porque en lo que va de 2016 se importaron 42 mil heladeras, contra 30 mil de todo 2015. Ahora est\u00e1n en alerta las carroceras.<\/p>\n<h6>Fuente: La Capital de Rosario<\/h6>\n","protected":false},"excerpt":{"rendered":"<p>Durante un acto en defensa del trabajo y la producci\u00f3n, un amplio abanico de sindicatos dijo que resistir\u00e1n en conjunto las cesant\u00edas.<\/p>\n","protected":false},"author":1,"featured_media":11085,"comment_status":"closed","ping_status":"closed","sticky":false,"template":"","format":"standard","meta":{"_jetpack_memberships_contains_paid_content":false,"footnotes":"","jetpack_publicize_message":"","jetpack_publicize_feature_enabled":true,"jetpack_social_post_already_shared":false,"jetpack_social_options":{"image_generator_settings":{"template":"highway","default_image_id":0,"font":"","enabled":false},"version":2}},"categories":[121],"tags":[70,109],"class_list":["post-11084","post","type-post","status-publish","format-standard","has-post-thumbnail","hentry","category-en-tapa","tag-el-pais","tag-la-provincia"],"yoast_head":"<!-- This site is optimized with the Yoast SEO plugin v25.9 - https:\/\/yoast.com\/wordpress\/plugins\/seo\/ -->\n<title>Masiva concentraci\u00f3n sindical en Rosario contra el ajuste y los despidos &#8211; FESTRAM<\/title>\n<meta name=\"description\" content=\"Durante un acto en defensa del trabajo y la producci\u00f3n, un amplio abanico de sindicatos dijo que resistir\u00e1n en conjunto las cesant\u00edas.\" \/>\n<meta name=\"robots\" content=\"index, follow, max-snippet:-1, max-image-preview:large, max-video-preview:-1\" \/>\n<link rel=\"canonical\" href=\"https:\/\/municipales.org.ar\/festram\/masiva-concentracion-sindical-ajuste-los-despidos\/\" \/>\n<meta property=\"og:locale\" content=\"es_ES\" \/>\n<meta property=\"og:type\" content=\"article\" \/>\n<meta property=\"og:title\" content=\"Masiva concentraci\u00f3n sindical en Rosario contra el ajuste y los despidos &#8211; FESTRAM\" \/>\n<meta property=\"og:description\" content=\"Durante un acto en defensa del trabajo y la producci\u00f3n, un amplio abanico de sindicatos dijo que resistir\u00e1n en conjunto las cesant\u00edas.\" \/>\n<meta property=\"og:url\" content=\"https:\/\/municipales.org.ar\/festram\/masiva-concentracion-sindical-ajuste-los-despidos\/\" \/>\n<meta property=\"og:site_name\" content=\"FESTRAM\" \/>\n<meta property=\"article:publisher\" content=\"https:\/\/www.facebook.com\/MunicipalesSF\" \/>\n<meta property=\"article:published_time\" content=\"2016-06-08T10:54:36+00:00\" \/>\n<meta property=\"article:modified_time\" content=\"2018-10-17T14:09:35+00:00\" \/>\n<meta property=\"og:image\" content=\"https:\/\/municipales.org.ar\/festram\/wp-content\/uploads\/2016\/06\/marcha-1-1.jpg\" \/>\n\t<meta property=\"og:image:width\" content=\"800\" \/>\n\t<meta property=\"og:image:height\" content=\"483\" \/>\n\t<meta property=\"og:image:type\" content=\"image\/jpeg\" \/>\n<meta name=\"author\" content=\"mun_admin\" \/>\n<meta name=\"twitter:card\" content=\"summary_large_image\" \/>\n<meta name=\"twitter:image\" content=\"http:\/\/www.municipales.org.ar\/festram\/wp-content\/uploads\/2016\/06\/marcha-1-1.jpg\" \/>\n<meta name=\"twitter:creator\" content=\"@MunicipalesSF\" \/>\n<meta name=\"twitter:site\" content=\"@MunicipalesSF\" \/>\n<meta name=\"twitter:label1\" content=\"Escrito por\" \/>\n\t<meta name=\"twitter:data1\" content=\"mun_admin\" \/>\n\t<meta name=\"twitter:label2\" content=\"Tiempo de lectura\" \/>\n\t<meta name=\"twitter:data2\" content=\"3 minutos\" \/>\n<script type=\"application\/ld+json\" class=\"yoast-schema-graph\">{\"@context\":\"https:\/\/schema.org\",\"@graph\":[{\"@type\":\"Article\",\"@id\":\"https:\/\/municipales.org.ar\/festram\/masiva-concentracion-sindical-ajuste-los-despidos\/#article\",\"isPartOf\":{\"@id\":\"https:\/\/municipales.org.ar\/festram\/masiva-concentracion-sindical-ajuste-los-despidos\/\"},\"author\":{\"name\":\"mun_admin\",\"@id\":\"https:\/\/municipales.org.ar\/festram\/#\/schema\/person\/49096a774c48ce9063df4d59ec059f9e\"},\"headline\":\"Masiva concentraci\u00f3n sindical en Rosario contra el ajuste y los despidos\",\"datePublished\":\"2016-06-08T10:54:36+00:00\",\"dateModified\":\"2018-10-17T14:09:35+00:00\",\"mainEntityOfPage\":{\"@id\":\"https:\/\/municipales.org.ar\/festram\/masiva-concentracion-sindical-ajuste-los-despidos\/\"},\"wordCount\":705,\"publisher\":{\"@id\":\"https:\/\/municipales.org.ar\/festram\/#organization\"},\"image\":{\"@id\":\"https:\/\/municipales.org.ar\/festram\/masiva-concentracion-sindical-ajuste-los-despidos\/#primaryimage\"},\"thumbnailUrl\":\"https:\/\/municipales.org.ar\/festram\/wp-content\/uploads\/2016\/06\/marcha-1-1.jpg\",\"keywords\":[\"el pa\u00eds\",\"la provincia\"],\"articleSection\":[\"En Tapa\"],\"inLanguage\":\"es\"},{\"@type\":\"WebPage\",\"@id\":\"https:\/\/municipales.org.ar\/festram\/masiva-concentracion-sindical-ajuste-los-despidos\/\",\"url\":\"https:\/\/municipales.org.ar\/festram\/masiva-concentracion-sindical-ajuste-los-despidos\/\",\"name\":\"Masiva concentraci\u00f3n sindical en Rosario contra el ajuste y los despidos &#8211; FESTRAM\",\"isPartOf\":{\"@id\":\"https:\/\/municipales.org.ar\/festram\/#website\"},\"primaryImageOfPage\":{\"@id\":\"https:\/\/municipales.org.ar\/festram\/masiva-concentracion-sindical-ajuste-los-despidos\/#primaryimage\"},\"image\":{\"@id\":\"https:\/\/municipales.org.ar\/festram\/masiva-concentracion-sindical-ajuste-los-despidos\/#primaryimage\"},\"thumbnailUrl\":\"https:\/\/municipales.org.ar\/festram\/wp-content\/uploads\/2016\/06\/marcha-1-1.jpg\",\"datePublished\":\"2016-06-08T10:54:36+00:00\",\"dateModified\":\"2018-10-17T14:09:35+00:00\",\"description\":\"Durante un acto en defensa del trabajo y la producci\u00f3n, un amplio abanico de sindicatos dijo que resistir\u00e1n en conjunto las cesant\u00edas.\",\"breadcrumb\":{\"@id\":\"https:\/\/municipales.org.ar\/festram\/masiva-concentracion-sindical-ajuste-los-despidos\/#breadcrumb\"},\"inLanguage\":\"es\",\"potentialAction\":[{\"@type\":\"ReadAction\",\"target\":[\"https:\/\/municipales.org.ar\/festram\/masiva-concentracion-sindical-ajuste-los-despidos\/\"]}]},{\"@type\":\"ImageObject\",\"inLanguage\":\"es\",\"@id\":\"https:\/\/municipales.org.ar\/festram\/masiva-concentracion-sindical-ajuste-los-despidos\/#primaryimage\",\"url\":\"https:\/\/municipales.org.ar\/festram\/wp-content\/uploads\/2016\/06\/marcha-1-1.jpg\",\"contentUrl\":\"https:\/\/municipales.org.ar\/festram\/wp-content\/uploads\/2016\/06\/marcha-1-1.jpg\",\"width\":800,\"height\":483,\"caption\":\"Multitud. Trabajadores de los gremios m\u00e1s numerosos de la ciudad poblaron la plaza Montenegro.\u00a0\"},{\"@type\":\"BreadcrumbList\",\"@id\":\"https:\/\/municipales.org.ar\/festram\/masiva-concentracion-sindical-ajuste-los-despidos\/#breadcrumb\",\"itemListElement\":[{\"@type\":\"ListItem\",\"position\":1,\"name\":\"Portada\",\"item\":\"https:\/\/municipales.org.ar\/festram\/\"},{\"@type\":\"ListItem\",\"position\":2,\"name\":\"Masiva concentraci\u00f3n sindical en Rosario contra el ajuste y los despidos\"}]},{\"@type\":\"WebSite\",\"@id\":\"https:\/\/municipales.org.ar\/festram\/#website\",\"url\":\"https:\/\/municipales.org.ar\/festram\/\",\"name\":\"FESTRAM\",\"description\":\"La web de los trabajadores municipales\",\"publisher\":{\"@id\":\"https:\/\/municipales.org.ar\/festram\/#organization\"},\"potentialAction\":[{\"@type\":\"SearchAction\",\"target\":{\"@type\":\"EntryPoint\",\"urlTemplate\":\"https:\/\/municipales.org.ar\/festram\/?s={search_term_string}\"},\"query-input\":{\"@type\":\"PropertyValueSpecification\",\"valueRequired\":true,\"valueName\":\"search_term_string\"}}],\"inLanguage\":\"es\"},{\"@type\":\"Organization\",\"@id\":\"https:\/\/municipales.org.ar\/festram\/#organization\",\"name\":\"Federaci\u00f3n de Sindicatos de Trabajadores Municipales de la Provincia de Santa Fe\",\"url\":\"https:\/\/municipales.org.ar\/festram\/\",\"logo\":{\"@type\":\"ImageObject\",\"inLanguage\":\"es\",\"@id\":\"https:\/\/municipales.org.ar\/festram\/#\/schema\/logo\/image\/\",\"url\":\"https:\/\/www.municipales.org.ar\/festram\/wp-content\/uploads\/2014\/07\/logo_fes.jpg\",\"contentUrl\":\"https:\/\/www.municipales.org.ar\/festram\/wp-content\/uploads\/2014\/07\/logo_fes.jpg\",\"width\":661,\"height\":673,\"caption\":\"Federaci\u00f3n de Sindicatos de Trabajadores Municipales de la Provincia de Santa Fe\"},\"image\":{\"@id\":\"https:\/\/municipales.org.ar\/festram\/#\/schema\/logo\/image\/\"},\"sameAs\":[\"https:\/\/www.facebook.com\/MunicipalesSF\",\"https:\/\/x.com\/MunicipalesSF\",\"https:\/\/www.youtube.com\/user\/festram\"]},{\"@type\":\"Person\",\"@id\":\"https:\/\/municipales.org.ar\/festram\/#\/schema\/person\/49096a774c48ce9063df4d59ec059f9e\",\"name\":\"mun_admin\"}]}<\/script>\n<!-- \/ Yoast SEO plugin. -->","yoast_head_json":{"title":"Masiva concentraci\u00f3n sindical en Rosario contra el ajuste y los despidos &#8211; FESTRAM","description":"Durante un acto en defensa del trabajo y la producci\u00f3n, un amplio abanico de sindicatos dijo que resistir\u00e1n en conjunto las cesant\u00edas.","robots":{"index":"index","follow":"follow","max-snippet":"max-snippet:-1","max-image-preview":"max-image-preview:large","max-video-preview":"max-video-preview:-1"},"canonical":"https:\/\/municipales.org.ar\/festram\/masiva-concentracion-sindical-ajuste-los-despidos\/","og_locale":"es_ES","og_type":"article","og_title":"Masiva concentraci\u00f3n sindical en Rosario contra el ajuste y los despidos &#8211; FESTRAM","og_description":"Durante un acto en defensa del trabajo y la producci\u00f3n, un amplio abanico de sindicatos dijo que resistir\u00e1n en conjunto las cesant\u00edas.","og_url":"https:\/\/municipales.org.ar\/festram\/masiva-concentracion-sindical-ajuste-los-despidos\/","og_site_name":"FESTRAM","article_publisher":"https:\/\/www.facebook.com\/MunicipalesSF","article_published_time":"2016-06-08T10:54:36+00:00","article_modified_time":"2018-10-17T14:09:35+00:00","og_image":[{"width":800,"height":483,"url":"https:\/\/municipales.org.ar\/festram\/wp-content\/uploads\/2016\/06\/marcha-1-1.jpg","type":"image\/jpeg"}],"author":"mun_admin","twitter_card":"summary_large_image","twitter_image":"http:\/\/www.municipales.org.ar\/festram\/wp-content\/uploads\/2016\/06\/marcha-1-1.jpg","twitter_creator":"@MunicipalesSF","twitter_site":"@MunicipalesSF","twitter_misc":{"Escrito por":"mun_admin","Tiempo de lectura":"3 minutos"},"schema":{"@context":"https:\/\/schema.org","@graph":[{"@type":"Article","@id":"https:\/\/municipales.org.ar\/festram\/masiva-concentracion-sindical-ajuste-los-despidos\/#article","isPartOf":{"@id":"https:\/\/municipales.org.ar\/festram\/masiva-concentracion-sindical-ajuste-los-despidos\/"},"author":{"name":"mun_admin","@id":"https:\/\/municipales.org.ar\/festram\/#\/schema\/person\/49096a774c48ce9063df4d59ec059f9e"},"headline":"Masiva concentraci\u00f3n sindical en Rosario contra el ajuste y los despidos","datePublished":"2016-06-08T10:54:36+00:00","dateModified":"2018-10-17T14:09:35+00:00","mainEntityOfPage":{"@id":"https:\/\/municipales.org.ar\/festram\/masiva-concentracion-sindical-ajuste-los-despidos\/"},"wordCount":705,"publisher":{"@id":"https:\/\/municipales.org.ar\/festram\/#organization"},"image":{"@id":"https:\/\/municipales.org.ar\/festram\/masiva-concentracion-sindical-ajuste-los-despidos\/#primaryimage"},"thumbnailUrl":"https:\/\/municipales.org.ar\/festram\/wp-content\/uploads\/2016\/06\/marcha-1-1.jpg","keywords":["el pa\u00eds","la provincia"],"articleSection":["En Tapa"],"inLanguage":"es"},{"@type":"WebPage","@id":"https:\/\/municipales.org.ar\/festram\/masiva-concentracion-sindical-ajuste-los-despidos\/","url":"https:\/\/municipales.org.ar\/festram\/masiva-concentracion-sindical-ajuste-los-despidos\/","name":"Masiva concentraci\u00f3n sindical en Rosario contra el ajuste y los despidos &#8211; FESTRAM","isPartOf":{"@id":"https:\/\/municipales.org.ar\/festram\/#website"},"primaryImageOfPage":{"@id":"https:\/\/municipales.org.ar\/festram\/masiva-concentracion-sindical-ajuste-los-despidos\/#primaryimage"},"image":{"@id":"https:\/\/municipales.org.ar\/festram\/masiva-concentracion-sindical-ajuste-los-despidos\/#primaryimage"},"thumbnailUrl":"https:\/\/municipales.org.ar\/festram\/wp-content\/uploads\/2016\/06\/marcha-1-1.jpg","datePublished":"2016-06-08T10:54:36+00:00","dateModified":"2018-10-17T14:09:35+00:00","description":"Durante un acto en defensa del trabajo y la producci\u00f3n, un amplio abanico de sindicatos dijo que resistir\u00e1n en conjunto las cesant\u00edas.","breadcrumb":{"@id":"https:\/\/municipales.org.ar\/festram\/masiva-concentracion-sindical-ajuste-los-despidos\/#breadcrumb"},"inLanguage":"es","potentialAction":[{"@type":"ReadAction","target":["https:\/\/municipales.org.ar\/festram\/masiva-concentracion-sindical-ajuste-los-despidos\/"]}]},{"@type":"ImageObject","inLanguage":"es","@id":"https:\/\/municipales.org.ar\/festram\/masiva-concentracion-sindical-ajuste-los-despidos\/#primaryimage","url":"https:\/\/municipales.org.ar\/festram\/wp-content\/uploads\/2016\/06\/marcha-1-1.jpg","contentUrl":"https:\/\/municipales.org.ar\/festram\/wp-content\/uploads\/2016\/06\/marcha-1-1.jpg","width":800,"height":483,"caption":"Multitud. Trabajadores de los gremios m\u00e1s numerosos de la ciudad poblaron la plaza Montenegro.\u00a0"},{"@type":"BreadcrumbList","@id":"https:\/\/municipales.org.ar\/festram\/masiva-concentracion-sindical-ajuste-los-despidos\/#breadcrumb","itemListElement":[{"@type":"ListItem","position":1,"name":"Portada","item":"https:\/\/municipales.org.ar\/festram\/"},{"@type":"ListItem","position":2,"name":"Masiva concentraci\u00f3n sindical en Rosario contra el ajuste y los despidos"}]},{"@type":"WebSite","@id":"https:\/\/municipales.org.ar\/festram\/#website","url":"https:\/\/municipales.org.ar\/festram\/","name":"FESTRAM","description":"La web de los trabajadores municipales","publisher":{"@id":"https:\/\/municipales.org.ar\/festram\/#organization"},"potentialAction":[{"@type":"SearchAction","target":{"@type":"EntryPoint","urlTemplate":"https:\/\/municipales.org.ar\/festram\/?s={search_term_string}"},"query-input":{"@type":"PropertyValueSpecification","valueRequired":true,"valueName":"search_term_string"}}],"inLanguage":"es"},{"@type":"Organization","@id":"https:\/\/municipales.org.ar\/festram\/#organization","name":"Federaci\u00f3n de Sindicatos de Trabajadores Municipales de la Provincia de Santa Fe","url":"https:\/\/municipales.org.ar\/festram\/","logo":{"@type":"ImageObject","inLanguage":"es","@id":"https:\/\/municipales.org.ar\/festram\/#\/schema\/logo\/image\/","url":"https:\/\/www.municipales.org.ar\/festram\/wp-content\/uploads\/2014\/07\/logo_fes.jpg","contentUrl":"https:\/\/www.municipales.org.ar\/festram\/wp-content\/uploads\/2014\/07\/logo_fes.jpg","width":661,"height":673,"caption":"Federaci\u00f3n de Sindicatos de Trabajadores Municipales de la Provincia de Santa Fe"},"image":{"@id":"https:\/\/municipales.org.ar\/festram\/#\/schema\/logo\/image\/"},"sameAs":["https:\/\/www.facebook.com\/MunicipalesSF","https:\/\/x.com\/MunicipalesSF","https:\/\/www.youtube.com\/user\/festram"]},{"@type":"Person","@id":"https:\/\/municipales.org.ar\/festram\/#\/schema\/person\/49096a774c48ce9063df4d59ec059f9e","name":"mun_admin"}]}},"jetpack_publicize_connections":[],"jetpack_featured_media_url":"https:\/\/municipales.org.ar\/festram\/wp-content\/uploads\/2016\/06\/marcha-1-1.jpg","jetpack_sharing_enabled":true,"jetpack_likes_enabled":false,"jetpack_shortlink":"https:\/\/wp.me\/p7l4x1-2SM","_links":{"self":[{"href":"https:\/\/municipales.org.ar\/festram\/wp-json\/wp\/v2\/posts\/11084","targetHints":{"allow":["GET"]}}],"collection":[{"href":"https:\/\/municipales.org.ar\/festram\/wp-json\/wp\/v2\/posts"}],"about":[{"href":"https:\/\/municipales.org.ar\/festram\/wp-json\/wp\/v2\/types\/post"}],"author":[{"embeddable":true,"href":"https:\/\/municipales.org.ar\/festram\/wp-json\/wp\/v2\/users\/1"}],"replies":[{"embeddable":true,"href":"https:\/\/municipales.org.ar\/festram\/wp-json\/wp\/v2\/comments?post=11084"}],"version-history":[{"count":3,"href":"https:\/\/municipales.org.ar\/festram\/wp-json\/wp\/v2\/posts\/11084\/revisions"}],"predecessor-version":[{"id":13469,"href":"https:\/\/municipales.org.ar\/festram\/wp-json\/wp\/v2\/posts\/11084\/revisions\/13469"}],"wp:featuredmedia":[{"embeddable":true,"href":"https:\/\/municipales.org.ar\/festram\/wp-json\/wp\/v2\/media\/11085"}],"wp:attachment":[{"href":"https:\/\/municipales.org.ar\/festram\/wp-json\/wp\/v2\/media?parent=11084"}],"wp:term":[{"taxonomy":"category","embeddable":true,"href":"https:\/\/municipales.org.ar\/festram\/wp-json\/wp\/v2\/categories?post=11084"},{"taxonomy":"post_tag","embeddable":true,"href":"https:\/\/municipales.org.ar\/festram\/wp-json\/wp\/v2\/tags?post=11084"}],"curies":[{"name":"wp","href":"https:\/\/api.w.org\/{rel}","templated":true}]}}