{"id":11135,"date":"2016-08-05T12:24:43","date_gmt":"2016-08-05T15:24:43","guid":{"rendered":"http:\/\/www.municipales.org.ar\/festram\/?p=11135"},"modified":"2016-08-24T20:19:04","modified_gmt":"2016-08-24T23:19:04","slug":"viii-torneo-provincial-intermunicipal-bochas-edicion-2016","status":"publish","type":"post","link":"https:\/\/municipales.org.ar\/festram\/viii-torneo-provincial-intermunicipal-bochas-edicion-2016\/","title":{"rendered":"VIII Torneo Provincial Intermunicipal de Bochas &#8211; Edici\u00f3n 2016"},"content":{"rendered":"<p>&nbsp;<\/p>\n<h3>La Federaci\u00f3n de Sindicatos de Trabajadores Municipales (FESTRAM), lleva a conocimiento de todos los Trabajadores que el s\u00e1bado 10 de Septiembre realizar\u00e1 en la ciudad de Santo Tom\u00e9, su VIII TORNEO \u00abPROVINCIAL INTERMUNICIPAL DE BOCHAS\u201d \u2013 Edici\u00f3n 2016.<\/h3>\n<p>&nbsp;<\/p>\n<p>El mismo se efectuar\u00e1 en categor\u00eda Tr\u00edo, en donde se permitir\u00e1 la participaci\u00f3n de 4 boch\u00f3filos (3 Titulares y 1 Suplente) que representar\u00e1n a cada uno de los Sindicatos adheridos a la Federaci\u00f3n.<\/p>\n<p>Como cada a\u00f1o el evento contar\u00e1 con importantes premios y distinciones para todos los participantes, como as\u00ed tambi\u00e9n copa para los Sindicatos que obtengan los primeros puestos. En esta edici\u00f3n tambi\u00e9n se pondr\u00e1 en juego la COPA \u00abCHALLENGER FESTRAM\u00bb.<\/p>\n<p>Los compa\u00f1eros boch\u00f3filos Municipales y Comunales que tengan intenciones de participar deber\u00e1n comunicarse con los Sindicatos de base, quienes a su vez presentar\u00e1n el listado de los integrantes de los equipos representativos a la Federaci\u00f3n.<\/p>\n","protected":false},"excerpt":{"rendered":"<p>La Federaci\u00f3n de Sindicatos de Trabajadores Municipales (FESTRAM), lleva a conocimiento de todos los Trabajadores que el s\u00e1bado 10 de Septiembre realizar\u00e1 en la ciudad de Santo Tom\u00e9, su VIII TORNEO \u00abPROVINCIAL INTERMUNICIPAL DE BOCHAS\u201d \u2013 Edici\u00f3n 2016.<\/p>\n","protected":false},"author":1,"featured_media":11136,"comment_status":"closed","ping_status":"closed","sticky":false,"template":"","format":"standard","meta":{"_jetpack_memberships_contains_paid_content":false,"footnotes":"","jetpack_publicize_message":"","jetpack_publicize_feature_enabled":true,"jetpack_social_post_already_shared":false,"jetpack_social_options":{"image_generator_settings":{"template":"highway","default_image_id":0,"font":"","enabled":false},"version":2}},"categories":[61],"tags":[110],"class_list":["post-11135","post","type-post","status-publish","format-standard","has-post-thumbnail","hentry","category-seminarios-y-actividades","tag-deportes"],"yoast_head":"<!-- This site is optimized with the Yoast SEO plugin v25.9 - https:\/\/yoast.com\/wordpress\/plugins\/seo\/ -->\n<title>VIII Torneo Provincial Intermunicipal de Bochas - Edici\u00f3n 2016 &#8211; FESTRAM<\/title>\n<meta name=\"description\" content=\"La Federaci\u00f3n de Sindicatos de Trabajadores Municipales (FESTRAM), lleva a conocimiento de todos los Trabajadores que el s\u00e1bado 10 de Septiembre realizar\u00e1 en la ciudad de Santo Tom\u00e9, su VIII TORNEO &quot;PROVINCIAL INTERMUNICIPAL DE BOCHAS\u201d \u2013 Edici\u00f3n 2016.\" \/>\n<meta name=\"robots\" content=\"index, follow, max-snippet:-1, max-image-preview:large, max-video-preview:-1\" \/>\n<link rel=\"canonical\" href=\"https:\/\/municipales.org.ar\/festram\/viii-torneo-provincial-intermunicipal-bochas-edicion-2016\/\" \/>\n<meta property=\"og:locale\" content=\"es_ES\" \/>\n<meta property=\"og:type\" content=\"article\" \/>\n<meta property=\"og:title\" content=\"VIII Torneo Provincial Intermunicipal de Bochas - Edici\u00f3n 2016 &#8211; FESTRAM\" \/>\n<meta property=\"og:description\" content=\"La Federaci\u00f3n de Sindicatos de Trabajadores Municipales (FESTRAM), lleva a conocimiento de todos los Trabajadores que el s\u00e1bado 10 de Septiembre realizar\u00e1 en la ciudad de Santo Tom\u00e9, su VIII TORNEO &quot;PROVINCIAL INTERMUNICIPAL DE BOCHAS\u201d \u2013 Edici\u00f3n 2016.\" \/>\n<meta property=\"og:url\" content=\"https:\/\/municipales.org.ar\/festram\/viii-torneo-provincial-intermunicipal-bochas-edicion-2016\/\" \/>\n<meta property=\"og:site_name\" content=\"FESTRAM\" \/>\n<meta property=\"article:publisher\" content=\"https:\/\/www.facebook.com\/MunicipalesSF\" \/>\n<meta property=\"article:published_time\" content=\"2016-08-05T15:24:43+00:00\" \/>\n<meta property=\"article:modified_time\" content=\"2016-08-24T23:19:04+00:00\" \/>\n<meta property=\"og:image\" content=\"https:\/\/municipales.org.ar\/festram\/wp-content\/uploads\/2016\/08\/12183813_1027647453965838_3924495388739412994_o-e1470670144450.jpg\" \/>\n\t<meta property=\"og:image:width\" content=\"1200\" \/>\n\t<meta property=\"og:image:height\" content=\"679\" \/>\n\t<meta property=\"og:image:type\" content=\"image\/jpeg\" \/>\n<meta name=\"author\" content=\"mun_admin\" \/>\n<meta name=\"twitter:card\" content=\"summary_large_image\" \/>\n<meta name=\"twitter:image\" content=\"http:\/\/www.municipales.org.ar\/festram\/wp-content\/uploads\/2016\/08\/12183813_1027647453965838_3924495388739412994_o-e1470670144450.jpg\" \/>\n<meta name=\"twitter:creator\" content=\"@MunicipalesSF\" \/>\n<meta name=\"twitter:site\" content=\"@MunicipalesSF\" \/>\n<meta name=\"twitter:label1\" content=\"Escrito por\" \/>\n\t<meta name=\"twitter:data1\" content=\"mun_admin\" \/>\n\t<meta name=\"twitter:label2\" content=\"Tiempo de lectura\" \/>\n\t<meta name=\"twitter:data2\" content=\"1 minuto\" \/>\n<script type=\"application\/ld+json\" class=\"yoast-schema-graph\">{\"@context\":\"https:\/\/schema.org\",\"@graph\":[{\"@type\":\"Article\",\"@id\":\"https:\/\/municipales.org.ar\/festram\/viii-torneo-provincial-intermunicipal-bochas-edicion-2016\/#article\",\"isPartOf\":{\"@id\":\"https:\/\/municipales.org.ar\/festram\/viii-torneo-provincial-intermunicipal-bochas-edicion-2016\/\"},\"author\":{\"name\":\"mun_admin\",\"@id\":\"https:\/\/municipales.org.ar\/festram\/#\/schema\/person\/49096a774c48ce9063df4d59ec059f9e\"},\"headline\":\"VIII Torneo Provincial Intermunicipal de Bochas &#8211; Edici\u00f3n 2016\",\"datePublished\":\"2016-08-05T15:24:43+00:00\",\"dateModified\":\"2016-08-24T23:19:04+00:00\",\"mainEntityOfPage\":{\"@id\":\"https:\/\/municipales.org.ar\/festram\/viii-torneo-provincial-intermunicipal-bochas-edicion-2016\/\"},\"wordCount\":168,\"publisher\":{\"@id\":\"https:\/\/municipales.org.ar\/festram\/#organization\"},\"image\":{\"@id\":\"https:\/\/municipales.org.ar\/festram\/viii-torneo-provincial-intermunicipal-bochas-edicion-2016\/#primaryimage\"},\"thumbnailUrl\":\"https:\/\/municipales.org.ar\/festram\/wp-content\/uploads\/2016\/08\/12183813_1027647453965838_3924495388739412994_o-e1470670144450.jpg\",\"keywords\":[\"deportes\"],\"articleSection\":[\"Seminarios y Actividades\"],\"inLanguage\":\"es\"},{\"@type\":\"WebPage\",\"@id\":\"https:\/\/municipales.org.ar\/festram\/viii-torneo-provincial-intermunicipal-bochas-edicion-2016\/\",\"url\":\"https:\/\/municipales.org.ar\/festram\/viii-torneo-provincial-intermunicipal-bochas-edicion-2016\/\",\"name\":\"VIII Torneo Provincial Intermunicipal de Bochas - Edici\u00f3n 2016 &#8211; FESTRAM\",\"isPartOf\":{\"@id\":\"https:\/\/municipales.org.ar\/festram\/#website\"},\"primaryImageOfPage\":{\"@id\":\"https:\/\/municipales.org.ar\/festram\/viii-torneo-provincial-intermunicipal-bochas-edicion-2016\/#primaryimage\"},\"image\":{\"@id\":\"https:\/\/municipales.org.ar\/festram\/viii-torneo-provincial-intermunicipal-bochas-edicion-2016\/#primaryimage\"},\"thumbnailUrl\":\"https:\/\/municipales.org.ar\/festram\/wp-content\/uploads\/2016\/08\/12183813_1027647453965838_3924495388739412994_o-e1470670144450.jpg\",\"datePublished\":\"2016-08-05T15:24:43+00:00\",\"dateModified\":\"2016-08-24T23:19:04+00:00\",\"description\":\"La Federaci\u00f3n de Sindicatos de Trabajadores Municipales (FESTRAM), lleva a conocimiento de todos los Trabajadores que el s\u00e1bado 10 de Septiembre realizar\u00e1 en la ciudad de Santo Tom\u00e9, su VIII TORNEO \\\"PROVINCIAL INTERMUNICIPAL DE BOCHAS\u201d \u2013 Edici\u00f3n 2016.\",\"breadcrumb\":{\"@id\":\"https:\/\/municipales.org.ar\/festram\/viii-torneo-provincial-intermunicipal-bochas-edicion-2016\/#breadcrumb\"},\"inLanguage\":\"es\",\"potentialAction\":[{\"@type\":\"ReadAction\",\"target\":[\"https:\/\/municipales.org.ar\/festram\/viii-torneo-provincial-intermunicipal-bochas-edicion-2016\/\"]}]},{\"@type\":\"ImageObject\",\"inLanguage\":\"es\",\"@id\":\"https:\/\/municipales.org.ar\/festram\/viii-torneo-provincial-intermunicipal-bochas-edicion-2016\/#primaryimage\",\"url\":\"https:\/\/municipales.org.ar\/festram\/wp-content\/uploads\/2016\/08\/12183813_1027647453965838_3924495388739412994_o-e1470670144450.jpg\",\"contentUrl\":\"https:\/\/municipales.org.ar\/festram\/wp-content\/uploads\/2016\/08\/12183813_1027647453965838_3924495388739412994_o-e1470670144450.jpg\",\"width\":1200,\"height\":679},{\"@type\":\"BreadcrumbList\",\"@id\":\"https:\/\/municipales.org.ar\/festram\/viii-torneo-provincial-intermunicipal-bochas-edicion-2016\/#breadcrumb\",\"itemListElement\":[{\"@type\":\"ListItem\",\"position\":1,\"name\":\"Portada\",\"item\":\"https:\/\/municipales.org.ar\/festram\/\"},{\"@type\":\"ListItem\",\"position\":2,\"name\":\"VIII Torneo Provincial Intermunicipal de Bochas &#8211; Edici\u00f3n 2016\"}]},{\"@type\":\"WebSite\",\"@id\":\"https:\/\/municipales.org.ar\/festram\/#website\",\"url\":\"https:\/\/municipales.org.ar\/festram\/\",\"name\":\"FESTRAM\",\"description\":\"La web de los trabajadores municipales\",\"publisher\":{\"@id\":\"https:\/\/municipales.org.ar\/festram\/#organization\"},\"potentialAction\":[{\"@type\":\"SearchAction\",\"target\":{\"@type\":\"EntryPoint\",\"urlTemplate\":\"https:\/\/municipales.org.ar\/festram\/?s={search_term_string}\"},\"query-input\":{\"@type\":\"PropertyValueSpecification\",\"valueRequired\":true,\"valueName\":\"search_term_string\"}}],\"inLanguage\":\"es\"},{\"@type\":\"Organization\",\"@id\":\"https:\/\/municipales.org.ar\/festram\/#organization\",\"name\":\"Federaci\u00f3n de Sindicatos de Trabajadores Municipales de la Provincia de Santa Fe\",\"url\":\"https:\/\/municipales.org.ar\/festram\/\",\"logo\":{\"@type\":\"ImageObject\",\"inLanguage\":\"es\",\"@id\":\"https:\/\/municipales.org.ar\/festram\/#\/schema\/logo\/image\/\",\"url\":\"https:\/\/www.municipales.org.ar\/festram\/wp-content\/uploads\/2014\/07\/logo_fes.jpg\",\"contentUrl\":\"https:\/\/www.municipales.org.ar\/festram\/wp-content\/uploads\/2014\/07\/logo_fes.jpg\",\"width\":661,\"height\":673,\"caption\":\"Federaci\u00f3n de Sindicatos de Trabajadores Municipales de la Provincia de Santa Fe\"},\"image\":{\"@id\":\"https:\/\/municipales.org.ar\/festram\/#\/schema\/logo\/image\/\"},\"sameAs\":[\"https:\/\/www.facebook.com\/MunicipalesSF\",\"https:\/\/x.com\/MunicipalesSF\",\"https:\/\/www.youtube.com\/user\/festram\"]},{\"@type\":\"Person\",\"@id\":\"https:\/\/municipales.org.ar\/festram\/#\/schema\/person\/49096a774c48ce9063df4d59ec059f9e\",\"name\":\"mun_admin\"}]}<\/script>\n<!-- \/ Yoast SEO plugin. -->","yoast_head_json":{"title":"VIII Torneo Provincial Intermunicipal de Bochas - Edici\u00f3n 2016 &#8211; FESTRAM","description":"La Federaci\u00f3n de Sindicatos de Trabajadores Municipales (FESTRAM), lleva a conocimiento de todos los Trabajadores que el s\u00e1bado 10 de Septiembre realizar\u00e1 en la ciudad de Santo Tom\u00e9, su VIII TORNEO \"PROVINCIAL INTERMUNICIPAL DE BOCHAS\u201d \u2013 Edici\u00f3n 2016.","robots":{"index":"index","follow":"follow","max-snippet":"max-snippet:-1","max-image-preview":"max-image-preview:large","max-video-preview":"max-video-preview:-1"},"canonical":"https:\/\/municipales.org.ar\/festram\/viii-torneo-provincial-intermunicipal-bochas-edicion-2016\/","og_locale":"es_ES","og_type":"article","og_title":"VIII Torneo Provincial Intermunicipal de Bochas - Edici\u00f3n 2016 &#8211; FESTRAM","og_description":"La Federaci\u00f3n de Sindicatos de Trabajadores Municipales (FESTRAM), lleva a conocimiento de todos los Trabajadores que el s\u00e1bado 10 de Septiembre realizar\u00e1 en la ciudad de Santo Tom\u00e9, su VIII TORNEO \"PROVINCIAL INTERMUNICIPAL DE BOCHAS\u201d \u2013 Edici\u00f3n 2016.","og_url":"https:\/\/municipales.org.ar\/festram\/viii-torneo-provincial-intermunicipal-bochas-edicion-2016\/","og_site_name":"FESTRAM","article_publisher":"https:\/\/www.facebook.com\/MunicipalesSF","article_published_time":"2016-08-05T15:24:43+00:00","article_modified_time":"2016-08-24T23:19:04+00:00","og_image":[{"width":1200,"height":679,"url":"https:\/\/municipales.org.ar\/festram\/wp-content\/uploads\/2016\/08\/12183813_1027647453965838_3924495388739412994_o-e1470670144450.jpg","type":"image\/jpeg"}],"author":"mun_admin","twitter_card":"summary_large_image","twitter_image":"http:\/\/www.municipales.org.ar\/festram\/wp-content\/uploads\/2016\/08\/12183813_1027647453965838_3924495388739412994_o-e1470670144450.jpg","twitter_creator":"@MunicipalesSF","twitter_site":"@MunicipalesSF","twitter_misc":{"Escrito por":"mun_admin","Tiempo de lectura":"1 minuto"},"schema":{"@context":"https:\/\/schema.org","@graph":[{"@type":"Article","@id":"https:\/\/municipales.org.ar\/festram\/viii-torneo-provincial-intermunicipal-bochas-edicion-2016\/#article","isPartOf":{"@id":"https:\/\/municipales.org.ar\/festram\/viii-torneo-provincial-intermunicipal-bochas-edicion-2016\/"},"author":{"name":"mun_admin","@id":"https:\/\/municipales.org.ar\/festram\/#\/schema\/person\/49096a774c48ce9063df4d59ec059f9e"},"headline":"VIII Torneo Provincial Intermunicipal de Bochas &#8211; Edici\u00f3n 2016","datePublished":"2016-08-05T15:24:43+00:00","dateModified":"2016-08-24T23:19:04+00:00","mainEntityOfPage":{"@id":"https:\/\/municipales.org.ar\/festram\/viii-torneo-provincial-intermunicipal-bochas-edicion-2016\/"},"wordCount":168,"publisher":{"@id":"https:\/\/municipales.org.ar\/festram\/#organization"},"image":{"@id":"https:\/\/municipales.org.ar\/festram\/viii-torneo-provincial-intermunicipal-bochas-edicion-2016\/#primaryimage"},"thumbnailUrl":"https:\/\/municipales.org.ar\/festram\/wp-content\/uploads\/2016\/08\/12183813_1027647453965838_3924495388739412994_o-e1470670144450.jpg","keywords":["deportes"],"articleSection":["Seminarios y Actividades"],"inLanguage":"es"},{"@type":"WebPage","@id":"https:\/\/municipales.org.ar\/festram\/viii-torneo-provincial-intermunicipal-bochas-edicion-2016\/","url":"https:\/\/municipales.org.ar\/festram\/viii-torneo-provincial-intermunicipal-bochas-edicion-2016\/","name":"VIII Torneo Provincial Intermunicipal de Bochas - Edici\u00f3n 2016 &#8211; FESTRAM","isPartOf":{"@id":"https:\/\/municipales.org.ar\/festram\/#website"},"primaryImageOfPage":{"@id":"https:\/\/municipales.org.ar\/festram\/viii-torneo-provincial-intermunicipal-bochas-edicion-2016\/#primaryimage"},"image":{"@id":"https:\/\/municipales.org.ar\/festram\/viii-torneo-provincial-intermunicipal-bochas-edicion-2016\/#primaryimage"},"thumbnailUrl":"https:\/\/municipales.org.ar\/festram\/wp-content\/uploads\/2016\/08\/12183813_1027647453965838_3924495388739412994_o-e1470670144450.jpg","datePublished":"2016-08-05T15:24:43+00:00","dateModified":"2016-08-24T23:19:04+00:00","description":"La Federaci\u00f3n de Sindicatos de Trabajadores Municipales (FESTRAM), lleva a conocimiento de todos los Trabajadores que el s\u00e1bado 10 de Septiembre realizar\u00e1 en la ciudad de Santo Tom\u00e9, su VIII TORNEO \"PROVINCIAL INTERMUNICIPAL DE BOCHAS\u201d \u2013 Edici\u00f3n 2016.","breadcrumb":{"@id":"https:\/\/municipales.org.ar\/festram\/viii-torneo-provincial-intermunicipal-bochas-edicion-2016\/#breadcrumb"},"inLanguage":"es","potentialAction":[{"@type":"ReadAction","target":["https:\/\/municipales.org.ar\/festram\/viii-torneo-provincial-intermunicipal-bochas-edicion-2016\/"]}]},{"@type":"ImageObject","inLanguage":"es","@id":"https:\/\/municipales.org.ar\/festram\/viii-torneo-provincial-intermunicipal-bochas-edicion-2016\/#primaryimage","url":"https:\/\/municipales.org.ar\/festram\/wp-content\/uploads\/2016\/08\/12183813_1027647453965838_3924495388739412994_o-e1470670144450.jpg","contentUrl":"https:\/\/municipales.org.ar\/festram\/wp-content\/uploads\/2016\/08\/12183813_1027647453965838_3924495388739412994_o-e1470670144450.jpg","width":1200,"height":679},{"@type":"BreadcrumbList","@id":"https:\/\/municipales.org.ar\/festram\/viii-torneo-provincial-intermunicipal-bochas-edicion-2016\/#breadcrumb","itemListElement":[{"@type":"ListItem","position":1,"name":"Portada","item":"https:\/\/municipales.org.ar\/festram\/"},{"@type":"ListItem","position":2,"name":"VIII Torneo Provincial Intermunicipal de Bochas &#8211; Edici\u00f3n 2016"}]},{"@type":"WebSite","@id":"https:\/\/municipales.org.ar\/festram\/#website","url":"https:\/\/municipales.org.ar\/festram\/","name":"FESTRAM","description":"La web de los trabajadores municipales","publisher":{"@id":"https:\/\/municipales.org.ar\/festram\/#organization"},"potentialAction":[{"@type":"SearchAction","target":{"@type":"EntryPoint","urlTemplate":"https:\/\/municipales.org.ar\/festram\/?s={search_term_string}"},"query-input":{"@type":"PropertyValueSpecification","valueRequired":true,"valueName":"search_term_string"}}],"inLanguage":"es"},{"@type":"Organization","@id":"https:\/\/municipales.org.ar\/festram\/#organization","name":"Federaci\u00f3n de Sindicatos de Trabajadores Municipales de la Provincia de Santa Fe","url":"https:\/\/municipales.org.ar\/festram\/","logo":{"@type":"ImageObject","inLanguage":"es","@id":"https:\/\/municipales.org.ar\/festram\/#\/schema\/logo\/image\/","url":"https:\/\/www.municipales.org.ar\/festram\/wp-content\/uploads\/2014\/07\/logo_fes.jpg","contentUrl":"https:\/\/www.municipales.org.ar\/festram\/wp-content\/uploads\/2014\/07\/logo_fes.jpg","width":661,"height":673,"caption":"Federaci\u00f3n de Sindicatos de Trabajadores Municipales de la Provincia de Santa Fe"},"image":{"@id":"https:\/\/municipales.org.ar\/festram\/#\/schema\/logo\/image\/"},"sameAs":["https:\/\/www.facebook.com\/MunicipalesSF","https:\/\/x.com\/MunicipalesSF","https:\/\/www.youtube.com\/user\/festram"]},{"@type":"Person","@id":"https:\/\/municipales.org.ar\/festram\/#\/schema\/person\/49096a774c48ce9063df4d59ec059f9e","name":"mun_admin"}]}},"jetpack_publicize_connections":[],"jetpack_featured_media_url":"https:\/\/municipales.org.ar\/festram\/wp-content\/uploads\/2016\/08\/12183813_1027647453965838_3924495388739412994_o-e1470670144450.jpg","jetpack_sharing_enabled":true,"jetpack_likes_enabled":false,"jetpack_shortlink":"https:\/\/wp.me\/p7l4x1-2TB","_links":{"self":[{"href":"https:\/\/municipales.org.ar\/festram\/wp-json\/wp\/v2\/posts\/11135","targetHints":{"allow":["GET"]}}],"collection":[{"href":"https:\/\/municipales.org.ar\/festram\/wp-json\/wp\/v2\/posts"}],"about":[{"href":"https:\/\/municipales.org.ar\/festram\/wp-json\/wp\/v2\/types\/post"}],"author":[{"embeddable":true,"href":"https:\/\/municipales.org.ar\/festram\/wp-json\/wp\/v2\/users\/1"}],"replies":[{"embeddable":true,"href":"https:\/\/municipales.org.ar\/festram\/wp-json\/wp\/v2\/comments?post=11135"}],"version-history":[{"count":1,"href":"https:\/\/municipales.org.ar\/festram\/wp-json\/wp\/v2\/posts\/11135\/revisions"}],"predecessor-version":[{"id":11137,"href":"https:\/\/municipales.org.ar\/festram\/wp-json\/wp\/v2\/posts\/11135\/revisions\/11137"}],"wp:featuredmedia":[{"embeddable":true,"href":"https:\/\/municipales.org.ar\/festram\/wp-json\/wp\/v2\/media\/11136"}],"wp:attachment":[{"href":"https:\/\/municipales.org.ar\/festram\/wp-json\/wp\/v2\/media?parent=11135"}],"wp:term":[{"taxonomy":"category","embeddable":true,"href":"https:\/\/municipales.org.ar\/festram\/wp-json\/wp\/v2\/categories?post=11135"},{"taxonomy":"post_tag","embeddable":true,"href":"https:\/\/municipales.org.ar\/festram\/wp-json\/wp\/v2\/tags?post=11135"}],"curies":[{"name":"wp","href":"https:\/\/api.w.org\/{rel}","templated":true}]}}