{"id":11168,"date":"2016-09-01T18:10:08","date_gmt":"2016-09-01T21:10:08","guid":{"rendered":"http:\/\/www.municipales.org.ar\/festram\/?p=11168"},"modified":"2016-11-01T19:08:23","modified_gmt":"2016-11-01T22:08:23","slug":"los-municipales-se-sumaron-la-marcha-federal","status":"publish","type":"post","link":"https:\/\/municipales.org.ar\/festram\/los-municipales-se-sumaron-la-marcha-federal\/","title":{"rendered":"Los Municipales se sumaron a la Marcha Federal"},"content":{"rendered":"<h3>Miles de santafesinos se sumaron a la MARCHA FEDERAL en la columna que parti\u00f3 del NEA, y que lleg\u00f3 a la ciudad capital de la Provincia, proveniente de Paran\u00e1 (Entre R\u00edos)<\/h3>\n<p>Bajo un fr\u00edo intenso y con mucha llovizna, las columnas atravesaron el Puente Colgante y se reunieron frente a la Estaci\u00f3n del Ferrocarril General Belgrano, donde las esperaban centenares de j\u00f3venes y adultos que se sumaron a la convocatoria y que estallaron en aplausos cuando la cabecera de la Marcha hizo su irrupci\u00f3n en el predio.<\/p>\n<p>Los gremios adheridos a CTA y a CGT, confluyeron junto al Foro por los Derechos Humanos, Apyme, los cooperativistas de la CTEP, FESTRAM, y agrupaciones barriales, sociales y pol\u00edticas.<\/p>\n<p>Claudio Leoni, Secretario General de la FESTRAM expres\u00f3 durante el acto, entre otras consideraciones, lo siguiente:<\/p>\n<p>\u00abNo hay lugar para las distracciones. As\u00ed como el modelo econ\u00f3mico impuesto por la dictadura c\u00edvico militar, tuvo y tiene sus rostros civiles, este id\u00e9ntico modelo que se quiere imponer por la v\u00eda electoral\u00a0 tambi\u00e9n tiene sus rostros pol\u00edticos y en Santa Fe, es necesario se\u00f1alar que Jos\u00e9 Manuel Corral, Intendente de nuestra ciudad, el diputado nacional Mario Barletta y todo el radicalismo incorporado a la Alianza Cambiemos\u00a0 han resuelto constituirse en los principales referentes de este proyecto antipopular, renunciando a su responsabilidad de defender los intereses del pueblo santafesino y de los recursos del Estado Provincial y sus Municipios, en favor de los grupos econ\u00f3micos concentrados.<\/p>\n\n\t\t<style type=\"text\/css\">\n\t\t\t#gallery-1 {\n\t\t\t\tmargin: auto;\n\t\t\t}\n\t\t\t#gallery-1 .gallery-item {\n\t\t\t\tfloat: left;\n\t\t\t\tmargin-top: 10px;\n\t\t\t\ttext-align: center;\n\t\t\t\twidth: 33%;\n\t\t\t}\n\t\t\t#gallery-1 img {\n\t\t\t\tborder: 2px solid #cfcfcf;\n\t\t\t}\n\t\t\t#gallery-1 .gallery-caption {\n\t\t\t\tmargin-left: 0;\n\t\t\t}\n\t\t\t\/* see gallery_shortcode() in wp-includes\/media.php *\/\n\t\t<\/style>\n\t\t<div id='gallery-1' class='gallery galleryid-11168 gallery-columns-3 gallery-size-thumbnail'><dl class='gallery-item'>\n\t\t\t<dt class='gallery-icon landscape'>\n\t\t\t\t<a href='https:\/\/municipales.org.ar\/festram\/los-municipales-se-sumaron-la-marcha-federal\/14225594_1161858787204005_8392644156145000895_n\/'><img loading=\"lazy\" decoding=\"async\" width=\"150\" height=\"150\" src=\"https:\/\/municipales.org.ar\/festram\/wp-content\/uploads\/2016\/09\/14225594_1161858787204005_8392644156145000895_n-150x150.jpg\" class=\"attachment-thumbnail size-thumbnail\" alt=\"\" srcset=\"https:\/\/municipales.org.ar\/festram\/wp-content\/uploads\/2016\/09\/14225594_1161858787204005_8392644156145000895_n-150x150.jpg 150w, https:\/\/municipales.org.ar\/festram\/wp-content\/uploads\/2016\/09\/14225594_1161858787204005_8392644156145000895_n-80x80.jpg 80w\" sizes=\"auto, (max-width: 150px) 100vw, 150px\" \/><\/a>\n\t\t\t<\/dt><\/dl><dl class='gallery-item'>\n\t\t\t<dt class='gallery-icon landscape'>\n\t\t\t\t<a href='https:\/\/municipales.org.ar\/festram\/los-municipales-se-sumaron-la-marcha-federal\/14138188_1131614296913458_5464134523075164907_o\/'><img loading=\"lazy\" decoding=\"async\" width=\"150\" height=\"150\" src=\"https:\/\/municipales.org.ar\/festram\/wp-content\/uploads\/2016\/09\/14138188_1131614296913458_5464134523075164907_o-150x150.jpg\" class=\"attachment-thumbnail size-thumbnail\" alt=\"\" srcset=\"https:\/\/municipales.org.ar\/festram\/wp-content\/uploads\/2016\/09\/14138188_1131614296913458_5464134523075164907_o-150x150.jpg 150w, https:\/\/municipales.org.ar\/festram\/wp-content\/uploads\/2016\/09\/14138188_1131614296913458_5464134523075164907_o-80x80.jpg 80w\" sizes=\"auto, (max-width: 150px) 100vw, 150px\" \/><\/a>\n\t\t\t<\/dt><\/dl><dl class='gallery-item'>\n\t\t\t<dt class='gallery-icon landscape'>\n\t\t\t\t<a href='https:\/\/municipales.org.ar\/festram\/los-municipales-se-sumaron-la-marcha-federal\/14138629_542750105912656_5905202029066958617_o\/'><img loading=\"lazy\" decoding=\"async\" width=\"150\" height=\"150\" src=\"https:\/\/municipales.org.ar\/festram\/wp-content\/uploads\/2016\/09\/14138629_542750105912656_5905202029066958617_o-150x150.jpg\" class=\"attachment-thumbnail size-thumbnail\" alt=\"\" srcset=\"https:\/\/municipales.org.ar\/festram\/wp-content\/uploads\/2016\/09\/14138629_542750105912656_5905202029066958617_o-150x150.jpg 150w, https:\/\/municipales.org.ar\/festram\/wp-content\/uploads\/2016\/09\/14138629_542750105912656_5905202029066958617_o-80x80.jpg 80w\" sizes=\"auto, (max-width: 150px) 100vw, 150px\" \/><\/a>\n\t\t\t<\/dt><\/dl><br style=\"clear: both\" \/><dl class='gallery-item'>\n\t\t\t<dt class='gallery-icon landscape'>\n\t\t\t\t<a href='https:\/\/municipales.org.ar\/festram\/los-municipales-se-sumaron-la-marcha-federal\/14141689_1161858747204009_4485552620800132887_n\/'><img loading=\"lazy\" decoding=\"async\" width=\"150\" height=\"150\" src=\"https:\/\/municipales.org.ar\/festram\/wp-content\/uploads\/2016\/09\/14141689_1161858747204009_4485552620800132887_n-150x150.jpg\" class=\"attachment-thumbnail size-thumbnail\" alt=\"\" srcset=\"https:\/\/municipales.org.ar\/festram\/wp-content\/uploads\/2016\/09\/14141689_1161858747204009_4485552620800132887_n-150x150.jpg 150w, https:\/\/municipales.org.ar\/festram\/wp-content\/uploads\/2016\/09\/14141689_1161858747204009_4485552620800132887_n-80x80.jpg 80w\" sizes=\"auto, (max-width: 150px) 100vw, 150px\" \/><\/a>\n\t\t\t<\/dt><\/dl><dl class='gallery-item'>\n\t\t\t<dt class='gallery-icon landscape'>\n\t\t\t\t<a href='https:\/\/municipales.org.ar\/festram\/los-municipales-se-sumaron-la-marcha-federal\/14184421_1161858803870670_2403522371201524426_n\/'><img loading=\"lazy\" decoding=\"async\" width=\"150\" height=\"150\" src=\"https:\/\/municipales.org.ar\/festram\/wp-content\/uploads\/2016\/09\/14184421_1161858803870670_2403522371201524426_n-150x150.jpg\" class=\"attachment-thumbnail size-thumbnail\" alt=\"\" srcset=\"https:\/\/municipales.org.ar\/festram\/wp-content\/uploads\/2016\/09\/14184421_1161858803870670_2403522371201524426_n-150x150.jpg 150w, https:\/\/municipales.org.ar\/festram\/wp-content\/uploads\/2016\/09\/14184421_1161858803870670_2403522371201524426_n-80x80.jpg 80w\" sizes=\"auto, (max-width: 150px) 100vw, 150px\" \/><\/a>\n\t\t\t<\/dt><\/dl><dl class='gallery-item'>\n\t\t\t<dt class='gallery-icon landscape'>\n\t\t\t\t<a href='https:\/\/municipales.org.ar\/festram\/los-municipales-se-sumaron-la-marcha-federal\/14188365_1131616990246522_592378550678152767_o\/'><img loading=\"lazy\" decoding=\"async\" width=\"150\" height=\"150\" src=\"https:\/\/municipales.org.ar\/festram\/wp-content\/uploads\/2016\/09\/14188365_1131616990246522_592378550678152767_o-150x150.jpg\" class=\"attachment-thumbnail size-thumbnail\" alt=\"\" srcset=\"https:\/\/municipales.org.ar\/festram\/wp-content\/uploads\/2016\/09\/14188365_1131616990246522_592378550678152767_o-150x150.jpg 150w, https:\/\/municipales.org.ar\/festram\/wp-content\/uploads\/2016\/09\/14188365_1131616990246522_592378550678152767_o-80x80.jpg 80w\" sizes=\"auto, (max-width: 150px) 100vw, 150px\" \/><\/a>\n\t\t\t<\/dt><\/dl><br style=\"clear: both\" \/><dl class='gallery-item'>\n\t\t\t<dt class='gallery-icon landscape'>\n\t\t\t\t<a href='https:\/\/municipales.org.ar\/festram\/los-municipales-se-sumaron-la-marcha-federal\/14138112_1131605950247626_3616161200107791381_o\/'><img loading=\"lazy\" decoding=\"async\" width=\"150\" height=\"150\" src=\"https:\/\/municipales.org.ar\/festram\/wp-content\/uploads\/2016\/09\/14138112_1131605950247626_3616161200107791381_o-150x150.jpg\" class=\"attachment-thumbnail size-thumbnail\" alt=\"\" srcset=\"https:\/\/municipales.org.ar\/festram\/wp-content\/uploads\/2016\/09\/14138112_1131605950247626_3616161200107791381_o-150x150.jpg 150w, https:\/\/municipales.org.ar\/festram\/wp-content\/uploads\/2016\/09\/14138112_1131605950247626_3616161200107791381_o-80x80.jpg 80w\" sizes=\"auto, (max-width: 150px) 100vw, 150px\" \/><\/a>\n\t\t\t<\/dt><\/dl>\n\t\t\t<br style='clear: both' \/>\n\t\t<\/div>\n\n<p>No hay lugar para las distracciones. Cada d\u00eda que pasa hay hermanos m\u00e1s excluidos, m\u00e1s pobres, m\u00e1s despidos, m\u00e1s represi\u00f3n, menos salarios, menos industria nacional, menos Patria. Esta Marcha Federal es la expresi\u00f3n de un Pueblo movilizado en defensa de sus derechos, pero exigimos tambi\u00e9n la urgente concreci\u00f3n de un Paro Nacional encabezado por todas las centrales sindicales, como bisagra fundamental de la resistencia de la clase trabajadora y el Movimiento Obrero Organizado.\u00bb<\/p>\n<p>Luego de concluido el Acto, y tras un recorrido por calles de la ciudad, la MARCHA FEDERAL parti\u00f3 para la ciudad de ROSARIO, donde a partir de las 17 hs, tendr\u00e1 su convocatoria en la Cuna de la Bandera Nacional.<\/p>\n<h6>Prensa FESTRAM<\/h6>\n","protected":false},"excerpt":{"rendered":"<p>Miles de santafesinos se sumaron a la MARCHA FEDERAL en la columna que parti\u00f3 del NEA, y que lleg\u00f3 a la ciudad capital de la Provincia, proveniente de Paran\u00e1 (Entre R\u00edos)<\/p>\n","protected":false},"author":1,"featured_media":11175,"comment_status":"closed","ping_status":"closed","sticky":false,"template":"","format":"standard","meta":{"_jetpack_memberships_contains_paid_content":false,"footnotes":"","jetpack_publicize_message":"","jetpack_publicize_feature_enabled":true,"jetpack_social_post_already_shared":false,"jetpack_social_options":{"image_generator_settings":{"template":"highway","default_image_id":0,"font":"","enabled":false},"version":2}},"categories":[151],"tags":[70],"class_list":["post-11168","post","type-post","status-publish","format-standard","has-post-thumbnail","hentry","category-comunicados-2016","tag-el-pais"],"yoast_head":"<!-- This site is optimized with the Yoast SEO plugin v25.9 - https:\/\/yoast.com\/wordpress\/plugins\/seo\/ -->\n<title>Los Municipales se sumaron a la Marcha Federal &#8211; FESTRAM<\/title>\n<meta name=\"description\" content=\"Miles de santafesinos se sumaron a la MARCHA FEDERAL en la columna que parti\u00f3 del NEA, y que lleg\u00f3 a la ciudad capital de la Provincia, proveniente de Paran\u00e1 (Entre R\u00edos)\" \/>\n<meta name=\"robots\" content=\"index, follow, max-snippet:-1, max-image-preview:large, max-video-preview:-1\" \/>\n<link rel=\"canonical\" href=\"https:\/\/municipales.org.ar\/festram\/los-municipales-se-sumaron-la-marcha-federal\/\" \/>\n<meta property=\"og:locale\" content=\"es_ES\" \/>\n<meta property=\"og:type\" content=\"article\" \/>\n<meta property=\"og:title\" content=\"Los Municipales se sumaron a la Marcha Federal &#8211; FESTRAM\" \/>\n<meta property=\"og:description\" content=\"Miles de santafesinos se sumaron a la MARCHA FEDERAL en la columna que parti\u00f3 del NEA, y que lleg\u00f3 a la ciudad capital de la Provincia, proveniente de Paran\u00e1 (Entre R\u00edos)\" \/>\n<meta property=\"og:url\" content=\"https:\/\/municipales.org.ar\/festram\/los-municipales-se-sumaron-la-marcha-federal\/\" \/>\n<meta property=\"og:site_name\" content=\"FESTRAM\" \/>\n<meta property=\"article:publisher\" content=\"https:\/\/www.facebook.com\/MunicipalesSF\" \/>\n<meta property=\"article:published_time\" content=\"2016-09-01T21:10:08+00:00\" \/>\n<meta property=\"article:modified_time\" content=\"2016-11-01T22:08:23+00:00\" \/>\n<meta property=\"og:image\" content=\"https:\/\/municipales.org.ar\/festram\/wp-content\/uploads\/2016\/09\/14225594_1161858787204005_8392644156145000895_n.jpg\" \/>\n\t<meta property=\"og:image:width\" content=\"960\" \/>\n\t<meta property=\"og:image:height\" content=\"540\" \/>\n\t<meta property=\"og:image:type\" content=\"image\/jpeg\" \/>\n<meta name=\"author\" content=\"mun_admin\" \/>\n<meta name=\"twitter:card\" content=\"summary_large_image\" \/>\n<meta name=\"twitter:image\" content=\"http:\/\/www.municipales.org.ar\/festram\/wp-content\/uploads\/2016\/09\/14225594_1161858787204005_8392644156145000895_n.jpg\" \/>\n<meta name=\"twitter:creator\" content=\"@MunicipalesSF\" \/>\n<meta name=\"twitter:site\" content=\"@MunicipalesSF\" \/>\n<meta name=\"twitter:label1\" content=\"Escrito por\" \/>\n\t<meta name=\"twitter:data1\" content=\"mun_admin\" \/>\n\t<meta name=\"twitter:label2\" content=\"Tiempo de lectura\" \/>\n\t<meta name=\"twitter:data2\" content=\"2 minutos\" \/>\n<script type=\"application\/ld+json\" class=\"yoast-schema-graph\">{\"@context\":\"https:\/\/schema.org\",\"@graph\":[{\"@type\":\"Article\",\"@id\":\"https:\/\/municipales.org.ar\/festram\/los-municipales-se-sumaron-la-marcha-federal\/#article\",\"isPartOf\":{\"@id\":\"https:\/\/municipales.org.ar\/festram\/los-municipales-se-sumaron-la-marcha-federal\/\"},\"author\":{\"name\":\"mun_admin\",\"@id\":\"https:\/\/municipales.org.ar\/festram\/#\/schema\/person\/49096a774c48ce9063df4d59ec059f9e\"},\"headline\":\"Los Municipales se sumaron a la Marcha Federal\",\"datePublished\":\"2016-09-01T21:10:08+00:00\",\"dateModified\":\"2016-11-01T22:08:23+00:00\",\"mainEntityOfPage\":{\"@id\":\"https:\/\/municipales.org.ar\/festram\/los-municipales-se-sumaron-la-marcha-federal\/\"},\"wordCount\":388,\"publisher\":{\"@id\":\"https:\/\/municipales.org.ar\/festram\/#organization\"},\"image\":{\"@id\":\"https:\/\/municipales.org.ar\/festram\/los-municipales-se-sumaron-la-marcha-federal\/#primaryimage\"},\"thumbnailUrl\":\"https:\/\/municipales.org.ar\/festram\/wp-content\/uploads\/2016\/09\/14225594_1161858787204005_8392644156145000895_n.jpg\",\"keywords\":[\"el pa\u00eds\"],\"articleSection\":[\"Comunicados 2016\"],\"inLanguage\":\"es\"},{\"@type\":\"WebPage\",\"@id\":\"https:\/\/municipales.org.ar\/festram\/los-municipales-se-sumaron-la-marcha-federal\/\",\"url\":\"https:\/\/municipales.org.ar\/festram\/los-municipales-se-sumaron-la-marcha-federal\/\",\"name\":\"Los Municipales se sumaron a la Marcha Federal &#8211; FESTRAM\",\"isPartOf\":{\"@id\":\"https:\/\/municipales.org.ar\/festram\/#website\"},\"primaryImageOfPage\":{\"@id\":\"https:\/\/municipales.org.ar\/festram\/los-municipales-se-sumaron-la-marcha-federal\/#primaryimage\"},\"image\":{\"@id\":\"https:\/\/municipales.org.ar\/festram\/los-municipales-se-sumaron-la-marcha-federal\/#primaryimage\"},\"thumbnailUrl\":\"https:\/\/municipales.org.ar\/festram\/wp-content\/uploads\/2016\/09\/14225594_1161858787204005_8392644156145000895_n.jpg\",\"datePublished\":\"2016-09-01T21:10:08+00:00\",\"dateModified\":\"2016-11-01T22:08:23+00:00\",\"description\":\"Miles de santafesinos se sumaron a la MARCHA FEDERAL en la columna que parti\u00f3 del NEA, y que lleg\u00f3 a la ciudad capital de la Provincia, proveniente de Paran\u00e1 (Entre R\u00edos)\",\"breadcrumb\":{\"@id\":\"https:\/\/municipales.org.ar\/festram\/los-municipales-se-sumaron-la-marcha-federal\/#breadcrumb\"},\"inLanguage\":\"es\",\"potentialAction\":[{\"@type\":\"ReadAction\",\"target\":[\"https:\/\/municipales.org.ar\/festram\/los-municipales-se-sumaron-la-marcha-federal\/\"]}]},{\"@type\":\"ImageObject\",\"inLanguage\":\"es\",\"@id\":\"https:\/\/municipales.org.ar\/festram\/los-municipales-se-sumaron-la-marcha-federal\/#primaryimage\",\"url\":\"https:\/\/municipales.org.ar\/festram\/wp-content\/uploads\/2016\/09\/14225594_1161858787204005_8392644156145000895_n.jpg\",\"contentUrl\":\"https:\/\/municipales.org.ar\/festram\/wp-content\/uploads\/2016\/09\/14225594_1161858787204005_8392644156145000895_n.jpg\",\"width\":960,\"height\":540},{\"@type\":\"BreadcrumbList\",\"@id\":\"https:\/\/municipales.org.ar\/festram\/los-municipales-se-sumaron-la-marcha-federal\/#breadcrumb\",\"itemListElement\":[{\"@type\":\"ListItem\",\"position\":1,\"name\":\"Portada\",\"item\":\"https:\/\/municipales.org.ar\/festram\/\"},{\"@type\":\"ListItem\",\"position\":2,\"name\":\"Los Municipales se sumaron a la Marcha Federal\"}]},{\"@type\":\"WebSite\",\"@id\":\"https:\/\/municipales.org.ar\/festram\/#website\",\"url\":\"https:\/\/municipales.org.ar\/festram\/\",\"name\":\"FESTRAM\",\"description\":\"La web de los trabajadores municipales\",\"publisher\":{\"@id\":\"https:\/\/municipales.org.ar\/festram\/#organization\"},\"potentialAction\":[{\"@type\":\"SearchAction\",\"target\":{\"@type\":\"EntryPoint\",\"urlTemplate\":\"https:\/\/municipales.org.ar\/festram\/?s={search_term_string}\"},\"query-input\":{\"@type\":\"PropertyValueSpecification\",\"valueRequired\":true,\"valueName\":\"search_term_string\"}}],\"inLanguage\":\"es\"},{\"@type\":\"Organization\",\"@id\":\"https:\/\/municipales.org.ar\/festram\/#organization\",\"name\":\"Federaci\u00f3n de Sindicatos de Trabajadores Municipales de la Provincia de Santa Fe\",\"url\":\"https:\/\/municipales.org.ar\/festram\/\",\"logo\":{\"@type\":\"ImageObject\",\"inLanguage\":\"es\",\"@id\":\"https:\/\/municipales.org.ar\/festram\/#\/schema\/logo\/image\/\",\"url\":\"https:\/\/www.municipales.org.ar\/festram\/wp-content\/uploads\/2014\/07\/logo_fes.jpg\",\"contentUrl\":\"https:\/\/www.municipales.org.ar\/festram\/wp-content\/uploads\/2014\/07\/logo_fes.jpg\",\"width\":661,\"height\":673,\"caption\":\"Federaci\u00f3n de Sindicatos de Trabajadores Municipales de la Provincia de Santa Fe\"},\"image\":{\"@id\":\"https:\/\/municipales.org.ar\/festram\/#\/schema\/logo\/image\/\"},\"sameAs\":[\"https:\/\/www.facebook.com\/MunicipalesSF\",\"https:\/\/x.com\/MunicipalesSF\",\"https:\/\/www.youtube.com\/user\/festram\"]},{\"@type\":\"Person\",\"@id\":\"https:\/\/municipales.org.ar\/festram\/#\/schema\/person\/49096a774c48ce9063df4d59ec059f9e\",\"name\":\"mun_admin\"}]}<\/script>\n<!-- \/ Yoast SEO plugin. -->","yoast_head_json":{"title":"Los Municipales se sumaron a la Marcha Federal &#8211; FESTRAM","description":"Miles de santafesinos se sumaron a la MARCHA FEDERAL en la columna que parti\u00f3 del NEA, y que lleg\u00f3 a la ciudad capital de la Provincia, proveniente de Paran\u00e1 (Entre R\u00edos)","robots":{"index":"index","follow":"follow","max-snippet":"max-snippet:-1","max-image-preview":"max-image-preview:large","max-video-preview":"max-video-preview:-1"},"canonical":"https:\/\/municipales.org.ar\/festram\/los-municipales-se-sumaron-la-marcha-federal\/","og_locale":"es_ES","og_type":"article","og_title":"Los Municipales se sumaron a la Marcha Federal &#8211; FESTRAM","og_description":"Miles de santafesinos se sumaron a la MARCHA FEDERAL en la columna que parti\u00f3 del NEA, y que lleg\u00f3 a la ciudad capital de la Provincia, proveniente de Paran\u00e1 (Entre R\u00edos)","og_url":"https:\/\/municipales.org.ar\/festram\/los-municipales-se-sumaron-la-marcha-federal\/","og_site_name":"FESTRAM","article_publisher":"https:\/\/www.facebook.com\/MunicipalesSF","article_published_time":"2016-09-01T21:10:08+00:00","article_modified_time":"2016-11-01T22:08:23+00:00","og_image":[{"width":960,"height":540,"url":"https:\/\/municipales.org.ar\/festram\/wp-content\/uploads\/2016\/09\/14225594_1161858787204005_8392644156145000895_n.jpg","type":"image\/jpeg"}],"author":"mun_admin","twitter_card":"summary_large_image","twitter_image":"http:\/\/www.municipales.org.ar\/festram\/wp-content\/uploads\/2016\/09\/14225594_1161858787204005_8392644156145000895_n.jpg","twitter_creator":"@MunicipalesSF","twitter_site":"@MunicipalesSF","twitter_misc":{"Escrito por":"mun_admin","Tiempo de lectura":"2 minutos"},"schema":{"@context":"https:\/\/schema.org","@graph":[{"@type":"Article","@id":"https:\/\/municipales.org.ar\/festram\/los-municipales-se-sumaron-la-marcha-federal\/#article","isPartOf":{"@id":"https:\/\/municipales.org.ar\/festram\/los-municipales-se-sumaron-la-marcha-federal\/"},"author":{"name":"mun_admin","@id":"https:\/\/municipales.org.ar\/festram\/#\/schema\/person\/49096a774c48ce9063df4d59ec059f9e"},"headline":"Los Municipales se sumaron a la Marcha Federal","datePublished":"2016-09-01T21:10:08+00:00","dateModified":"2016-11-01T22:08:23+00:00","mainEntityOfPage":{"@id":"https:\/\/municipales.org.ar\/festram\/los-municipales-se-sumaron-la-marcha-federal\/"},"wordCount":388,"publisher":{"@id":"https:\/\/municipales.org.ar\/festram\/#organization"},"image":{"@id":"https:\/\/municipales.org.ar\/festram\/los-municipales-se-sumaron-la-marcha-federal\/#primaryimage"},"thumbnailUrl":"https:\/\/municipales.org.ar\/festram\/wp-content\/uploads\/2016\/09\/14225594_1161858787204005_8392644156145000895_n.jpg","keywords":["el pa\u00eds"],"articleSection":["Comunicados 2016"],"inLanguage":"es"},{"@type":"WebPage","@id":"https:\/\/municipales.org.ar\/festram\/los-municipales-se-sumaron-la-marcha-federal\/","url":"https:\/\/municipales.org.ar\/festram\/los-municipales-se-sumaron-la-marcha-federal\/","name":"Los Municipales se sumaron a la Marcha Federal &#8211; FESTRAM","isPartOf":{"@id":"https:\/\/municipales.org.ar\/festram\/#website"},"primaryImageOfPage":{"@id":"https:\/\/municipales.org.ar\/festram\/los-municipales-se-sumaron-la-marcha-federal\/#primaryimage"},"image":{"@id":"https:\/\/municipales.org.ar\/festram\/los-municipales-se-sumaron-la-marcha-federal\/#primaryimage"},"thumbnailUrl":"https:\/\/municipales.org.ar\/festram\/wp-content\/uploads\/2016\/09\/14225594_1161858787204005_8392644156145000895_n.jpg","datePublished":"2016-09-01T21:10:08+00:00","dateModified":"2016-11-01T22:08:23+00:00","description":"Miles de santafesinos se sumaron a la MARCHA FEDERAL en la columna que parti\u00f3 del NEA, y que lleg\u00f3 a la ciudad capital de la Provincia, proveniente de Paran\u00e1 (Entre R\u00edos)","breadcrumb":{"@id":"https:\/\/municipales.org.ar\/festram\/los-municipales-se-sumaron-la-marcha-federal\/#breadcrumb"},"inLanguage":"es","potentialAction":[{"@type":"ReadAction","target":["https:\/\/municipales.org.ar\/festram\/los-municipales-se-sumaron-la-marcha-federal\/"]}]},{"@type":"ImageObject","inLanguage":"es","@id":"https:\/\/municipales.org.ar\/festram\/los-municipales-se-sumaron-la-marcha-federal\/#primaryimage","url":"https:\/\/municipales.org.ar\/festram\/wp-content\/uploads\/2016\/09\/14225594_1161858787204005_8392644156145000895_n.jpg","contentUrl":"https:\/\/municipales.org.ar\/festram\/wp-content\/uploads\/2016\/09\/14225594_1161858787204005_8392644156145000895_n.jpg","width":960,"height":540},{"@type":"BreadcrumbList","@id":"https:\/\/municipales.org.ar\/festram\/los-municipales-se-sumaron-la-marcha-federal\/#breadcrumb","itemListElement":[{"@type":"ListItem","position":1,"name":"Portada","item":"https:\/\/municipales.org.ar\/festram\/"},{"@type":"ListItem","position":2,"name":"Los Municipales se sumaron a la Marcha Federal"}]},{"@type":"WebSite","@id":"https:\/\/municipales.org.ar\/festram\/#website","url":"https:\/\/municipales.org.ar\/festram\/","name":"FESTRAM","description":"La web de los trabajadores municipales","publisher":{"@id":"https:\/\/municipales.org.ar\/festram\/#organization"},"potentialAction":[{"@type":"SearchAction","target":{"@type":"EntryPoint","urlTemplate":"https:\/\/municipales.org.ar\/festram\/?s={search_term_string}"},"query-input":{"@type":"PropertyValueSpecification","valueRequired":true,"valueName":"search_term_string"}}],"inLanguage":"es"},{"@type":"Organization","@id":"https:\/\/municipales.org.ar\/festram\/#organization","name":"Federaci\u00f3n de Sindicatos de Trabajadores Municipales de la Provincia de Santa Fe","url":"https:\/\/municipales.org.ar\/festram\/","logo":{"@type":"ImageObject","inLanguage":"es","@id":"https:\/\/municipales.org.ar\/festram\/#\/schema\/logo\/image\/","url":"https:\/\/www.municipales.org.ar\/festram\/wp-content\/uploads\/2014\/07\/logo_fes.jpg","contentUrl":"https:\/\/www.municipales.org.ar\/festram\/wp-content\/uploads\/2014\/07\/logo_fes.jpg","width":661,"height":673,"caption":"Federaci\u00f3n de Sindicatos de Trabajadores Municipales de la Provincia de Santa Fe"},"image":{"@id":"https:\/\/municipales.org.ar\/festram\/#\/schema\/logo\/image\/"},"sameAs":["https:\/\/www.facebook.com\/MunicipalesSF","https:\/\/x.com\/MunicipalesSF","https:\/\/www.youtube.com\/user\/festram"]},{"@type":"Person","@id":"https:\/\/municipales.org.ar\/festram\/#\/schema\/person\/49096a774c48ce9063df4d59ec059f9e","name":"mun_admin"}]}},"jetpack_publicize_connections":[],"jetpack_featured_media_url":"https:\/\/municipales.org.ar\/festram\/wp-content\/uploads\/2016\/09\/14225594_1161858787204005_8392644156145000895_n.jpg","jetpack_sharing_enabled":true,"jetpack_likes_enabled":false,"jetpack_shortlink":"https:\/\/wp.me\/p7l4x1-2U8","_links":{"self":[{"href":"https:\/\/municipales.org.ar\/festram\/wp-json\/wp\/v2\/posts\/11168","targetHints":{"allow":["GET"]}}],"collection":[{"href":"https:\/\/municipales.org.ar\/festram\/wp-json\/wp\/v2\/posts"}],"about":[{"href":"https:\/\/municipales.org.ar\/festram\/wp-json\/wp\/v2\/types\/post"}],"author":[{"embeddable":true,"href":"https:\/\/municipales.org.ar\/festram\/wp-json\/wp\/v2\/users\/1"}],"replies":[{"embeddable":true,"href":"https:\/\/municipales.org.ar\/festram\/wp-json\/wp\/v2\/comments?post=11168"}],"version-history":[{"count":2,"href":"https:\/\/municipales.org.ar\/festram\/wp-json\/wp\/v2\/posts\/11168\/revisions"}],"predecessor-version":[{"id":11180,"href":"https:\/\/municipales.org.ar\/festram\/wp-json\/wp\/v2\/posts\/11168\/revisions\/11180"}],"wp:featuredmedia":[{"embeddable":true,"href":"https:\/\/municipales.org.ar\/festram\/wp-json\/wp\/v2\/media\/11175"}],"wp:attachment":[{"href":"https:\/\/municipales.org.ar\/festram\/wp-json\/wp\/v2\/media?parent=11168"}],"wp:term":[{"taxonomy":"category","embeddable":true,"href":"https:\/\/municipales.org.ar\/festram\/wp-json\/wp\/v2\/categories?post=11168"},{"taxonomy":"post_tag","embeddable":true,"href":"https:\/\/municipales.org.ar\/festram\/wp-json\/wp\/v2\/tags?post=11168"}],"curies":[{"name":"wp","href":"https:\/\/api.w.org\/{rel}","templated":true}]}}