{"id":11204,"date":"2016-09-12T20:09:00","date_gmt":"2016-09-12T23:09:00","guid":{"rendered":"http:\/\/www.municipales.org.ar\/festram\/?p=11204"},"modified":"2016-09-12T20:09:00","modified_gmt":"2016-09-12T23:09:00","slug":"seom-sunchales-gano-viii-torneo-provincial-intermunicipal-bochas","status":"publish","type":"post","link":"https:\/\/municipales.org.ar\/festram\/seom-sunchales-gano-viii-torneo-provincial-intermunicipal-bochas\/","title":{"rendered":"El SEOM Sunchales gan\u00f3 el VIII Torneo Provincial Intermunicipal de Bochas"},"content":{"rendered":"<h3 class=\"p1\"><b>Se realiz\u00f3 en la sede Santo Tom\u00e9; Subcampe\u00f3n fue el SITRAM Coronda y en tercer lugar se ubic\u00f3 el Sindicato de Casilda.<\/b><\/h3>\n<p class=\"p1\"><span class=\"s1\">Con una importante participaci\u00f3n de boch\u00f3filos representando a Sindicatos Municipales procedentes de distintos lugares de nuestra Provincia, FESTRAM realiz\u00f3 por Octavo a\u00f1o consecutivo el Torneo de Bochas, en categor\u00eda Tr\u00edo con un suplente.<\/span><\/p>\n<p class=\"p1\"><span class=\"s1\">En la Edici\u00f3n 2016 la sede elegida fue la ciudad de Santo Tom\u00e9 donde el Sindicato anfitri\u00f3n contribuy\u00f3 con regalos y presentes que fueron entregados a todos los boch\u00f3filos de cada una de las delegaciones participantes.<\/span><\/p>\n<p class=\"p1\"><span class=\"s1\">Result\u00f3 Campe\u00f3n el equipo representativo del SEOM Sunchales conformado por los compa\u00f1eros An\u00edbal Herrera, Antonio Galv\u00e1n y Hugo Ponte. Adem\u00e1s de los trofeos fijados para el primer puesto se adjudicaron la Copa Challenger FESTRAM, que se pone en juego anualmente.<\/span><\/p>\n<p class=\"p1\"><span class=\"s1\">Fue Subcampe\u00f3n el SITRAM Coronda siendo sus integrantes Jos\u00e9 Mar\u00eda Lobaiza, Marcelo Lobaiza y Carlos Pinos. El tercer puesto fue para el SITRAM Casilda, representado por Hern\u00e1n C\u00e1ceres, Juan Carlos Rold\u00e1n, Cristian Medina y Mart\u00edn Rojas.<\/span><\/p>\n<p class=\"p1\"><span class=\"s1\">Los ubicados en los tres primeros lugares recibieron adem\u00e1s de los trofeos y copas, juegos de Bochas, con sus respectivos bolsos. AMFESTRAM, por su parte, se sum\u00f3 con premios que fueron sorteados entre todas las delegaciones presentes.<\/span><\/p>\n<p class=\"p1\">[srizonfbalbum id=32]<br \/>\n<a href=\"https:\/\/www.facebook.com\/MunicipalesSF\/photos\/?tab=album&amp;album_id=1229332310464017\" target=\"_blank\">M\u00e1s fotos en la FanPage de FESTRAM en Facebook<\/a><\/p>\n<p class=\"p1\"><span class=\"s1\">Los deportistas de toda la Provincia, junto con dirigentes de cada uno de los sindicatos asistentes tal como es tradicional, compartieron un almuerzo de camarader\u00eda en cuya parte final se hizo la entrega de premios ya mencionada.<\/span><\/p>\n<p class=\"p1\"><span class=\"s1\">Este momento de la actividad fue presidido por el Secretario General de FESTRAM Claudio Leoni, el Secretario General de ASTEOM Mauricio Herzog y\u00a0el Secretario de Deportes y Turismo de la Federaci\u00f3n, Walter Britos.<\/span><\/p>\n<p class=\"p1\"><span class=\"s1\">Claudio Leoni se\u00f1al\u00f3 que estas iniciativas deportivas constituyen una instancia de intercambio, integraci\u00f3n, solidaridad, unidad y consolidaci\u00f3n, fortaleciendo los lazos de amistad y compa\u00f1erismo que es en definitiva el fin \u00faltimo que persiguen todas las actividades promovidas por FESTRAM, a trav\u00e9s de sus Sindicatos adheridos.\u00a0<\/span><\/p>\n<h6 class=\"p1\">Prensa FESTRAM<\/h6>\n","protected":false},"excerpt":{"rendered":"<p>Se realiz\u00f3 en la sede Santo Tom\u00e9; Subcampe\u00f3n fue el SITRAM Coronda y en tercer lugar se ubic\u00f3 el Sindicato de Casilda.<\/p>\n","protected":false},"author":1,"featured_media":11205,"comment_status":"closed","ping_status":"closed","sticky":false,"template":"","format":"standard","meta":{"_jetpack_memberships_contains_paid_content":false,"footnotes":"","jetpack_publicize_message":"","jetpack_publicize_feature_enabled":true,"jetpack_social_post_already_shared":false,"jetpack_social_options":{"image_generator_settings":{"template":"highway","default_image_id":0,"font":"","enabled":false},"version":2}},"categories":[61],"tags":[110],"class_list":["post-11204","post","type-post","status-publish","format-standard","has-post-thumbnail","hentry","category-seminarios-y-actividades","tag-deportes"],"yoast_head":"<!-- This site is optimized with the Yoast SEO plugin v25.9 - https:\/\/yoast.com\/wordpress\/plugins\/seo\/ -->\n<title>El SEOM Sunchales gan\u00f3 el VIII Torneo Provincial Intermunicipal de Bochas &#8211; FESTRAM<\/title>\n<meta name=\"description\" content=\"Se realiz\u00f3 en la sede Santo Tom\u00e9; Subcampe\u00f3n fue el SITRAM Coronda y en tercer lugar se ubic\u00f3 el Sindicato de Casilda.\" \/>\n<meta name=\"robots\" content=\"index, follow, max-snippet:-1, max-image-preview:large, max-video-preview:-1\" \/>\n<link rel=\"canonical\" href=\"https:\/\/municipales.org.ar\/festram\/seom-sunchales-gano-viii-torneo-provincial-intermunicipal-bochas\/\" \/>\n<meta property=\"og:locale\" content=\"es_ES\" \/>\n<meta property=\"og:type\" content=\"article\" \/>\n<meta property=\"og:title\" content=\"El SEOM Sunchales gan\u00f3 el VIII Torneo Provincial Intermunicipal de Bochas &#8211; FESTRAM\" \/>\n<meta property=\"og:description\" content=\"Se realiz\u00f3 en la sede Santo Tom\u00e9; Subcampe\u00f3n fue el SITRAM Coronda y en tercer lugar se ubic\u00f3 el Sindicato de Casilda.\" \/>\n<meta property=\"og:url\" content=\"https:\/\/municipales.org.ar\/festram\/seom-sunchales-gano-viii-torneo-provincial-intermunicipal-bochas\/\" \/>\n<meta property=\"og:site_name\" content=\"FESTRAM\" \/>\n<meta property=\"article:publisher\" content=\"https:\/\/www.facebook.com\/MunicipalesSF\" \/>\n<meta property=\"article:published_time\" content=\"2016-09-12T23:09:00+00:00\" \/>\n<meta property=\"og:image\" content=\"https:\/\/municipales.org.ar\/festram\/wp-content\/uploads\/2016\/09\/14352061_1229334533797128_6284794940306471869_o.jpg\" \/>\n\t<meta property=\"og:image:width\" content=\"2048\" \/>\n\t<meta property=\"og:image:height\" content=\"1365\" \/>\n\t<meta property=\"og:image:type\" content=\"image\/jpeg\" \/>\n<meta name=\"author\" content=\"mun_admin\" \/>\n<meta name=\"twitter:card\" content=\"summary_large_image\" \/>\n<meta name=\"twitter:image\" content=\"http:\/\/www.municipales.org.ar\/festram\/wp-content\/uploads\/2016\/09\/14352061_1229334533797128_6284794940306471869_o.jpg\" \/>\n<meta name=\"twitter:creator\" content=\"@MunicipalesSF\" \/>\n<meta name=\"twitter:site\" content=\"@MunicipalesSF\" \/>\n<meta name=\"twitter:label1\" content=\"Escrito por\" \/>\n\t<meta name=\"twitter:data1\" content=\"mun_admin\" \/>\n\t<meta name=\"twitter:label2\" content=\"Tiempo de lectura\" \/>\n\t<meta name=\"twitter:data2\" content=\"2 minutos\" \/>\n<script type=\"application\/ld+json\" class=\"yoast-schema-graph\">{\"@context\":\"https:\/\/schema.org\",\"@graph\":[{\"@type\":\"Article\",\"@id\":\"https:\/\/municipales.org.ar\/festram\/seom-sunchales-gano-viii-torneo-provincial-intermunicipal-bochas\/#article\",\"isPartOf\":{\"@id\":\"https:\/\/municipales.org.ar\/festram\/seom-sunchales-gano-viii-torneo-provincial-intermunicipal-bochas\/\"},\"author\":{\"name\":\"mun_admin\",\"@id\":\"https:\/\/municipales.org.ar\/festram\/#\/schema\/person\/49096a774c48ce9063df4d59ec059f9e\"},\"headline\":\"El SEOM Sunchales gan\u00f3 el VIII Torneo Provincial Intermunicipal de Bochas\",\"datePublished\":\"2016-09-12T23:09:00+00:00\",\"mainEntityOfPage\":{\"@id\":\"https:\/\/municipales.org.ar\/festram\/seom-sunchales-gano-viii-torneo-provincial-intermunicipal-bochas\/\"},\"wordCount\":372,\"publisher\":{\"@id\":\"https:\/\/municipales.org.ar\/festram\/#organization\"},\"image\":{\"@id\":\"https:\/\/municipales.org.ar\/festram\/seom-sunchales-gano-viii-torneo-provincial-intermunicipal-bochas\/#primaryimage\"},\"thumbnailUrl\":\"https:\/\/municipales.org.ar\/festram\/wp-content\/uploads\/2016\/09\/14352061_1229334533797128_6284794940306471869_o.jpg\",\"keywords\":[\"deportes\"],\"articleSection\":[\"Seminarios y Actividades\"],\"inLanguage\":\"es\"},{\"@type\":\"WebPage\",\"@id\":\"https:\/\/municipales.org.ar\/festram\/seom-sunchales-gano-viii-torneo-provincial-intermunicipal-bochas\/\",\"url\":\"https:\/\/municipales.org.ar\/festram\/seom-sunchales-gano-viii-torneo-provincial-intermunicipal-bochas\/\",\"name\":\"El SEOM Sunchales gan\u00f3 el VIII Torneo Provincial Intermunicipal de Bochas &#8211; FESTRAM\",\"isPartOf\":{\"@id\":\"https:\/\/municipales.org.ar\/festram\/#website\"},\"primaryImageOfPage\":{\"@id\":\"https:\/\/municipales.org.ar\/festram\/seom-sunchales-gano-viii-torneo-provincial-intermunicipal-bochas\/#primaryimage\"},\"image\":{\"@id\":\"https:\/\/municipales.org.ar\/festram\/seom-sunchales-gano-viii-torneo-provincial-intermunicipal-bochas\/#primaryimage\"},\"thumbnailUrl\":\"https:\/\/municipales.org.ar\/festram\/wp-content\/uploads\/2016\/09\/14352061_1229334533797128_6284794940306471869_o.jpg\",\"datePublished\":\"2016-09-12T23:09:00+00:00\",\"description\":\"Se realiz\u00f3 en la sede Santo Tom\u00e9; Subcampe\u00f3n fue el SITRAM Coronda y en tercer lugar se ubic\u00f3 el Sindicato de Casilda.\",\"breadcrumb\":{\"@id\":\"https:\/\/municipales.org.ar\/festram\/seom-sunchales-gano-viii-torneo-provincial-intermunicipal-bochas\/#breadcrumb\"},\"inLanguage\":\"es\",\"potentialAction\":[{\"@type\":\"ReadAction\",\"target\":[\"https:\/\/municipales.org.ar\/festram\/seom-sunchales-gano-viii-torneo-provincial-intermunicipal-bochas\/\"]}]},{\"@type\":\"ImageObject\",\"inLanguage\":\"es\",\"@id\":\"https:\/\/municipales.org.ar\/festram\/seom-sunchales-gano-viii-torneo-provincial-intermunicipal-bochas\/#primaryimage\",\"url\":\"https:\/\/municipales.org.ar\/festram\/wp-content\/uploads\/2016\/09\/14352061_1229334533797128_6284794940306471869_o.jpg\",\"contentUrl\":\"https:\/\/municipales.org.ar\/festram\/wp-content\/uploads\/2016\/09\/14352061_1229334533797128_6284794940306471869_o.jpg\",\"width\":2048,\"height\":1365},{\"@type\":\"BreadcrumbList\",\"@id\":\"https:\/\/municipales.org.ar\/festram\/seom-sunchales-gano-viii-torneo-provincial-intermunicipal-bochas\/#breadcrumb\",\"itemListElement\":[{\"@type\":\"ListItem\",\"position\":1,\"name\":\"Portada\",\"item\":\"https:\/\/municipales.org.ar\/festram\/\"},{\"@type\":\"ListItem\",\"position\":2,\"name\":\"El SEOM Sunchales gan\u00f3 el VIII Torneo Provincial Intermunicipal de Bochas\"}]},{\"@type\":\"WebSite\",\"@id\":\"https:\/\/municipales.org.ar\/festram\/#website\",\"url\":\"https:\/\/municipales.org.ar\/festram\/\",\"name\":\"FESTRAM\",\"description\":\"La web de los trabajadores municipales\",\"publisher\":{\"@id\":\"https:\/\/municipales.org.ar\/festram\/#organization\"},\"potentialAction\":[{\"@type\":\"SearchAction\",\"target\":{\"@type\":\"EntryPoint\",\"urlTemplate\":\"https:\/\/municipales.org.ar\/festram\/?s={search_term_string}\"},\"query-input\":{\"@type\":\"PropertyValueSpecification\",\"valueRequired\":true,\"valueName\":\"search_term_string\"}}],\"inLanguage\":\"es\"},{\"@type\":\"Organization\",\"@id\":\"https:\/\/municipales.org.ar\/festram\/#organization\",\"name\":\"Federaci\u00f3n de Sindicatos de Trabajadores Municipales de la Provincia de Santa Fe\",\"url\":\"https:\/\/municipales.org.ar\/festram\/\",\"logo\":{\"@type\":\"ImageObject\",\"inLanguage\":\"es\",\"@id\":\"https:\/\/municipales.org.ar\/festram\/#\/schema\/logo\/image\/\",\"url\":\"https:\/\/www.municipales.org.ar\/festram\/wp-content\/uploads\/2014\/07\/logo_fes.jpg\",\"contentUrl\":\"https:\/\/www.municipales.org.ar\/festram\/wp-content\/uploads\/2014\/07\/logo_fes.jpg\",\"width\":661,\"height\":673,\"caption\":\"Federaci\u00f3n de Sindicatos de Trabajadores Municipales de la Provincia de Santa Fe\"},\"image\":{\"@id\":\"https:\/\/municipales.org.ar\/festram\/#\/schema\/logo\/image\/\"},\"sameAs\":[\"https:\/\/www.facebook.com\/MunicipalesSF\",\"https:\/\/x.com\/MunicipalesSF\",\"https:\/\/www.youtube.com\/user\/festram\"]},{\"@type\":\"Person\",\"@id\":\"https:\/\/municipales.org.ar\/festram\/#\/schema\/person\/49096a774c48ce9063df4d59ec059f9e\",\"name\":\"mun_admin\"}]}<\/script>\n<!-- \/ Yoast SEO plugin. -->","yoast_head_json":{"title":"El SEOM Sunchales gan\u00f3 el VIII Torneo Provincial Intermunicipal de Bochas &#8211; FESTRAM","description":"Se realiz\u00f3 en la sede Santo Tom\u00e9; Subcampe\u00f3n fue el SITRAM Coronda y en tercer lugar se ubic\u00f3 el Sindicato de Casilda.","robots":{"index":"index","follow":"follow","max-snippet":"max-snippet:-1","max-image-preview":"max-image-preview:large","max-video-preview":"max-video-preview:-1"},"canonical":"https:\/\/municipales.org.ar\/festram\/seom-sunchales-gano-viii-torneo-provincial-intermunicipal-bochas\/","og_locale":"es_ES","og_type":"article","og_title":"El SEOM Sunchales gan\u00f3 el VIII Torneo Provincial Intermunicipal de Bochas &#8211; FESTRAM","og_description":"Se realiz\u00f3 en la sede Santo Tom\u00e9; Subcampe\u00f3n fue el SITRAM Coronda y en tercer lugar se ubic\u00f3 el Sindicato de Casilda.","og_url":"https:\/\/municipales.org.ar\/festram\/seom-sunchales-gano-viii-torneo-provincial-intermunicipal-bochas\/","og_site_name":"FESTRAM","article_publisher":"https:\/\/www.facebook.com\/MunicipalesSF","article_published_time":"2016-09-12T23:09:00+00:00","og_image":[{"width":2048,"height":1365,"url":"https:\/\/municipales.org.ar\/festram\/wp-content\/uploads\/2016\/09\/14352061_1229334533797128_6284794940306471869_o.jpg","type":"image\/jpeg"}],"author":"mun_admin","twitter_card":"summary_large_image","twitter_image":"http:\/\/www.municipales.org.ar\/festram\/wp-content\/uploads\/2016\/09\/14352061_1229334533797128_6284794940306471869_o.jpg","twitter_creator":"@MunicipalesSF","twitter_site":"@MunicipalesSF","twitter_misc":{"Escrito por":"mun_admin","Tiempo de lectura":"2 minutos"},"schema":{"@context":"https:\/\/schema.org","@graph":[{"@type":"Article","@id":"https:\/\/municipales.org.ar\/festram\/seom-sunchales-gano-viii-torneo-provincial-intermunicipal-bochas\/#article","isPartOf":{"@id":"https:\/\/municipales.org.ar\/festram\/seom-sunchales-gano-viii-torneo-provincial-intermunicipal-bochas\/"},"author":{"name":"mun_admin","@id":"https:\/\/municipales.org.ar\/festram\/#\/schema\/person\/49096a774c48ce9063df4d59ec059f9e"},"headline":"El SEOM Sunchales gan\u00f3 el VIII Torneo Provincial Intermunicipal de Bochas","datePublished":"2016-09-12T23:09:00+00:00","mainEntityOfPage":{"@id":"https:\/\/municipales.org.ar\/festram\/seom-sunchales-gano-viii-torneo-provincial-intermunicipal-bochas\/"},"wordCount":372,"publisher":{"@id":"https:\/\/municipales.org.ar\/festram\/#organization"},"image":{"@id":"https:\/\/municipales.org.ar\/festram\/seom-sunchales-gano-viii-torneo-provincial-intermunicipal-bochas\/#primaryimage"},"thumbnailUrl":"https:\/\/municipales.org.ar\/festram\/wp-content\/uploads\/2016\/09\/14352061_1229334533797128_6284794940306471869_o.jpg","keywords":["deportes"],"articleSection":["Seminarios y Actividades"],"inLanguage":"es"},{"@type":"WebPage","@id":"https:\/\/municipales.org.ar\/festram\/seom-sunchales-gano-viii-torneo-provincial-intermunicipal-bochas\/","url":"https:\/\/municipales.org.ar\/festram\/seom-sunchales-gano-viii-torneo-provincial-intermunicipal-bochas\/","name":"El SEOM Sunchales gan\u00f3 el VIII Torneo Provincial Intermunicipal de Bochas &#8211; FESTRAM","isPartOf":{"@id":"https:\/\/municipales.org.ar\/festram\/#website"},"primaryImageOfPage":{"@id":"https:\/\/municipales.org.ar\/festram\/seom-sunchales-gano-viii-torneo-provincial-intermunicipal-bochas\/#primaryimage"},"image":{"@id":"https:\/\/municipales.org.ar\/festram\/seom-sunchales-gano-viii-torneo-provincial-intermunicipal-bochas\/#primaryimage"},"thumbnailUrl":"https:\/\/municipales.org.ar\/festram\/wp-content\/uploads\/2016\/09\/14352061_1229334533797128_6284794940306471869_o.jpg","datePublished":"2016-09-12T23:09:00+00:00","description":"Se realiz\u00f3 en la sede Santo Tom\u00e9; Subcampe\u00f3n fue el SITRAM Coronda y en tercer lugar se ubic\u00f3 el Sindicato de Casilda.","breadcrumb":{"@id":"https:\/\/municipales.org.ar\/festram\/seom-sunchales-gano-viii-torneo-provincial-intermunicipal-bochas\/#breadcrumb"},"inLanguage":"es","potentialAction":[{"@type":"ReadAction","target":["https:\/\/municipales.org.ar\/festram\/seom-sunchales-gano-viii-torneo-provincial-intermunicipal-bochas\/"]}]},{"@type":"ImageObject","inLanguage":"es","@id":"https:\/\/municipales.org.ar\/festram\/seom-sunchales-gano-viii-torneo-provincial-intermunicipal-bochas\/#primaryimage","url":"https:\/\/municipales.org.ar\/festram\/wp-content\/uploads\/2016\/09\/14352061_1229334533797128_6284794940306471869_o.jpg","contentUrl":"https:\/\/municipales.org.ar\/festram\/wp-content\/uploads\/2016\/09\/14352061_1229334533797128_6284794940306471869_o.jpg","width":2048,"height":1365},{"@type":"BreadcrumbList","@id":"https:\/\/municipales.org.ar\/festram\/seom-sunchales-gano-viii-torneo-provincial-intermunicipal-bochas\/#breadcrumb","itemListElement":[{"@type":"ListItem","position":1,"name":"Portada","item":"https:\/\/municipales.org.ar\/festram\/"},{"@type":"ListItem","position":2,"name":"El SEOM Sunchales gan\u00f3 el VIII Torneo Provincial Intermunicipal de Bochas"}]},{"@type":"WebSite","@id":"https:\/\/municipales.org.ar\/festram\/#website","url":"https:\/\/municipales.org.ar\/festram\/","name":"FESTRAM","description":"La web de los trabajadores municipales","publisher":{"@id":"https:\/\/municipales.org.ar\/festram\/#organization"},"potentialAction":[{"@type":"SearchAction","target":{"@type":"EntryPoint","urlTemplate":"https:\/\/municipales.org.ar\/festram\/?s={search_term_string}"},"query-input":{"@type":"PropertyValueSpecification","valueRequired":true,"valueName":"search_term_string"}}],"inLanguage":"es"},{"@type":"Organization","@id":"https:\/\/municipales.org.ar\/festram\/#organization","name":"Federaci\u00f3n de Sindicatos de Trabajadores Municipales de la Provincia de Santa Fe","url":"https:\/\/municipales.org.ar\/festram\/","logo":{"@type":"ImageObject","inLanguage":"es","@id":"https:\/\/municipales.org.ar\/festram\/#\/schema\/logo\/image\/","url":"https:\/\/www.municipales.org.ar\/festram\/wp-content\/uploads\/2014\/07\/logo_fes.jpg","contentUrl":"https:\/\/www.municipales.org.ar\/festram\/wp-content\/uploads\/2014\/07\/logo_fes.jpg","width":661,"height":673,"caption":"Federaci\u00f3n de Sindicatos de Trabajadores Municipales de la Provincia de Santa Fe"},"image":{"@id":"https:\/\/municipales.org.ar\/festram\/#\/schema\/logo\/image\/"},"sameAs":["https:\/\/www.facebook.com\/MunicipalesSF","https:\/\/x.com\/MunicipalesSF","https:\/\/www.youtube.com\/user\/festram"]},{"@type":"Person","@id":"https:\/\/municipales.org.ar\/festram\/#\/schema\/person\/49096a774c48ce9063df4d59ec059f9e","name":"mun_admin"}]}},"jetpack_publicize_connections":[],"jetpack_featured_media_url":"https:\/\/municipales.org.ar\/festram\/wp-content\/uploads\/2016\/09\/14352061_1229334533797128_6284794940306471869_o.jpg","jetpack_sharing_enabled":true,"jetpack_likes_enabled":false,"jetpack_shortlink":"https:\/\/wp.me\/p7l4x1-2UI","_links":{"self":[{"href":"https:\/\/municipales.org.ar\/festram\/wp-json\/wp\/v2\/posts\/11204","targetHints":{"allow":["GET"]}}],"collection":[{"href":"https:\/\/municipales.org.ar\/festram\/wp-json\/wp\/v2\/posts"}],"about":[{"href":"https:\/\/municipales.org.ar\/festram\/wp-json\/wp\/v2\/types\/post"}],"author":[{"embeddable":true,"href":"https:\/\/municipales.org.ar\/festram\/wp-json\/wp\/v2\/users\/1"}],"replies":[{"embeddable":true,"href":"https:\/\/municipales.org.ar\/festram\/wp-json\/wp\/v2\/comments?post=11204"}],"version-history":[{"count":2,"href":"https:\/\/municipales.org.ar\/festram\/wp-json\/wp\/v2\/posts\/11204\/revisions"}],"predecessor-version":[{"id":11207,"href":"https:\/\/municipales.org.ar\/festram\/wp-json\/wp\/v2\/posts\/11204\/revisions\/11207"}],"wp:featuredmedia":[{"embeddable":true,"href":"https:\/\/municipales.org.ar\/festram\/wp-json\/wp\/v2\/media\/11205"}],"wp:attachment":[{"href":"https:\/\/municipales.org.ar\/festram\/wp-json\/wp\/v2\/media?parent=11204"}],"wp:term":[{"taxonomy":"category","embeddable":true,"href":"https:\/\/municipales.org.ar\/festram\/wp-json\/wp\/v2\/categories?post=11204"},{"taxonomy":"post_tag","embeddable":true,"href":"https:\/\/municipales.org.ar\/festram\/wp-json\/wp\/v2\/tags?post=11204"}],"curies":[{"name":"wp","href":"https:\/\/api.w.org\/{rel}","templated":true}]}}