{"id":11248,"date":"2016-10-05T09:32:36","date_gmt":"2016-10-05T12:32:36","guid":{"rendered":"http:\/\/www.municipales.org.ar\/festram\/?p=11248"},"modified":"2016-10-13T17:39:35","modified_gmt":"2016-10-13T20:39:35","slug":"los-jovenes-municipales-realizaran-primer-encuentro","status":"publish","type":"post","link":"https:\/\/municipales.org.ar\/festram\/los-jovenes-municipales-realizaran-primer-encuentro\/","title":{"rendered":"Los J\u00f3venes Municipales realizar\u00e1n su Primer Encuentro"},"content":{"rendered":"<h3>El viernes 14 de Octubre, desde las 16hs. se desarrollar\u00e1 el primer encuentro de J\u00f3venes Municipales de la Provincia de Santa Fe.<\/h3>\n<p>&nbsp;<\/p>\n<p>El evento tendr\u00e1 lugar en la Sede de la Federaci\u00f3n de Sindicatos de Trabajadores Municipales de la Provincia de Santa Fe (FESTRAM), ubicado en Av. Freyre 1635 de la Capital de la Provincia. Su organizaci\u00f3n estar\u00e1 a cargo de la red de juventudes sindicales denominada \u201cJ\u00f3venes Municipales\u201d, que forma parte de la Federaci\u00f3n.<\/p>\n<p>A partir de poder compartir una misma visi\u00f3n con respecto al contexto que atraviesa, por estos d\u00edas, la vida de cada trabajador y su familia; se\u00f1alamos que el rumbo que ha tomado nuestro pa\u00eds desde el 10 de diciembre de 2015 en adelante, significa un giro de 180 grados en direcci\u00f3n a un modelo pol\u00edtico, econ\u00f3mico y cultural, basado en viejas recetas neoliberales que \u00fanicamente nos pueden conducir al, tristemente conocido, resultado que detonara all\u00e1 por diciembre de 2001 con el \u201cque se vayan todos\u201d.<\/p>\n<p>Este escenario de despidos masivos, tanto en el sector p\u00fablico como en el privado, de p\u00e9rdida de poder adquisitivo, y de un sensible aumento del costo de vida, funcionan como un efecto diciplinador sobre los trabajadores, permitiendo el avance de reformas en la legislaci\u00f3n que regula las relaciones laborales y la seguridad social, en claro detrimento de los intereses de los trabajadores, las organizaciones sindicales, y por consiguiente, de la sociedad en su totalidad.<\/p>\n<p><a href=\"http:\/\/www.municipales.org.ar\/festram\/wp-content\/uploads\/2016\/10\/14519866_327972964223369_2657204524921534789_n.jpg\"><img loading=\"lazy\" decoding=\"async\" class=\"alignnone size-full wp-image-11239\" src=\"http:\/\/www.municipales.org.ar\/festram\/wp-content\/uploads\/2016\/10\/14519866_327972964223369_2657204524921534789_n.jpg\" alt=\"14519866_327972964223369_2657204524921534789_n\" width=\"830\" height=\"451\" srcset=\"https:\/\/municipales.org.ar\/festram\/wp-content\/uploads\/2016\/10\/14519866_327972964223369_2657204524921534789_n.jpg 830w, https:\/\/municipales.org.ar\/festram\/wp-content\/uploads\/2016\/10\/14519866_327972964223369_2657204524921534789_n-300x163.jpg 300w, https:\/\/municipales.org.ar\/festram\/wp-content\/uploads\/2016\/10\/14519866_327972964223369_2657204524921534789_n-768x417.jpg 768w\" sizes=\"auto, (max-width: 830px) 100vw, 830px\" \/><\/a><\/p>\n<p>En este contexto, las distintas juventudes que integramos la fuerza laboral de los distintos municipios y comunas de cada rinc\u00f3n de la Provincia de Santa Fe, hemos coincidido en la necesidad de darnos esta herramienta, y con los siguientes objetivos:<\/p>\n<ul>\n<li>Crear un espacio com\u00fan de an\u00e1lisis y reflexi\u00f3n.<\/li>\n<li>Compartir las distintas experiencias de cada lugar de trabajo.<\/li>\n<li>Generar lazos y canales din\u00e1micos de comunicaci\u00f3n entre las distintas localidades.<\/li>\n<li>Formar nuevas generaciones de dirigentes sindicales.<\/li>\n<li>Abordar temas que revisten una importancia estrat\u00e9gica para la Federaci\u00f3n.<\/li>\n<\/ul>\n<h4>Itinerario<\/h4>\n<p>Las actividades comenzar\u00e1n a las 16hs. con un recorrido por las instalaciones del complejo.<br \/>\n<strong>16:30hs.<\/strong> El primer taller ser\u00e1 sobre \u201cComit\u00e9s Mixtos de Seguridad e Higiene\u201d.<br \/>\n<strong>17:15hs.<\/strong> \u00a0Un breve cofee-break.<br \/>\n<strong>17:30hs.<\/strong> Taller: \u201cEl di\u00e1logo Social, y la agenda del Trabajo Decente\u201d.<br \/>\n<strong>19:00hs<\/strong>. Instancia de debate abierto a la participaci\u00f3n de todos los asistentes.<br \/>\n<strong>20:00hs.<\/strong> Cierre: Invitamos al compa\u00f1ero Sec. Gral. De Festram, Claudio Leoni a compartir unas palabras con los compa\u00f1eros.<br \/>\nAl t\u00e9rmino, habr\u00e1 un agasajo para los compa\u00f1eros.<\/p>\n","protected":false},"excerpt":{"rendered":"<p>El viernes 14 de Octubre, desde las 16hs. se desarrollar\u00e1 el primer encuentro de J\u00f3venes Municipales de la Provincia de Santa Fe.<\/p>\n","protected":false},"author":1,"featured_media":11249,"comment_status":"closed","ping_status":"closed","sticky":false,"template":"","format":"standard","meta":{"_jetpack_memberships_contains_paid_content":false,"footnotes":"","jetpack_publicize_message":"","jetpack_publicize_feature_enabled":true,"jetpack_social_post_already_shared":false,"jetpack_social_options":{"image_generator_settings":{"template":"highway","default_image_id":0,"font":"","enabled":false},"version":2}},"categories":[51],"tags":[92],"class_list":["post-11248","post","type-post","status-publish","format-standard","has-post-thumbnail","hentry","category-jovenes","tag-jovenes-2"],"yoast_head":"<!-- This site is optimized with the Yoast SEO plugin v25.9 - https:\/\/yoast.com\/wordpress\/plugins\/seo\/ -->\n<title>Los J\u00f3venes Municipales realizar\u00e1n su Primer Encuentro &#8211; FESTRAM<\/title>\n<meta name=\"description\" content=\"El viernes 14 de Octubre, desde las 16hs. se desarrollar\u00e1 el primer encuentro de J\u00f3venes Municipales de la Provincia de Santa Fe.\" \/>\n<meta name=\"robots\" content=\"index, follow, max-snippet:-1, max-image-preview:large, max-video-preview:-1\" \/>\n<link rel=\"canonical\" href=\"https:\/\/municipales.org.ar\/festram\/los-jovenes-municipales-realizaran-primer-encuentro\/\" \/>\n<meta property=\"og:locale\" content=\"es_ES\" \/>\n<meta property=\"og:type\" content=\"article\" \/>\n<meta property=\"og:title\" content=\"Los J\u00f3venes Municipales realizar\u00e1n su Primer Encuentro &#8211; FESTRAM\" \/>\n<meta property=\"og:description\" content=\"El viernes 14 de Octubre, desde las 16hs. se desarrollar\u00e1 el primer encuentro de J\u00f3venes Municipales de la Provincia de Santa Fe.\" \/>\n<meta property=\"og:url\" content=\"https:\/\/municipales.org.ar\/festram\/los-jovenes-municipales-realizaran-primer-encuentro\/\" \/>\n<meta property=\"og:site_name\" content=\"FESTRAM\" \/>\n<meta property=\"article:publisher\" content=\"https:\/\/www.facebook.com\/MunicipalesSF\" \/>\n<meta property=\"article:published_time\" content=\"2016-10-05T12:32:36+00:00\" \/>\n<meta property=\"article:modified_time\" content=\"2016-10-13T20:39:35+00:00\" \/>\n<meta property=\"og:image\" content=\"https:\/\/municipales.org.ar\/festram\/wp-content\/uploads\/2016\/10\/14519866_327972964223369_2657204524921534789_n.jpg\" \/>\n\t<meta property=\"og:image:width\" content=\"830\" \/>\n\t<meta property=\"og:image:height\" content=\"451\" \/>\n\t<meta property=\"og:image:type\" content=\"image\/jpeg\" \/>\n<meta name=\"author\" content=\"mun_admin\" \/>\n<meta name=\"twitter:card\" content=\"summary_large_image\" \/>\n<meta name=\"twitter:image\" content=\"http:\/\/www.municipales.org.ar\/festram\/wp-content\/uploads\/2016\/10\/14519866_327972964223369_2657204524921534789_n.jpg\" \/>\n<meta name=\"twitter:creator\" content=\"@MunicipalesSF\" \/>\n<meta name=\"twitter:site\" content=\"@MunicipalesSF\" \/>\n<meta name=\"twitter:label1\" content=\"Escrito por\" \/>\n\t<meta name=\"twitter:data1\" content=\"mun_admin\" \/>\n\t<meta name=\"twitter:label2\" content=\"Tiempo de lectura\" \/>\n\t<meta name=\"twitter:data2\" content=\"2 minutos\" \/>\n<script type=\"application\/ld+json\" class=\"yoast-schema-graph\">{\"@context\":\"https:\/\/schema.org\",\"@graph\":[{\"@type\":\"Article\",\"@id\":\"https:\/\/municipales.org.ar\/festram\/los-jovenes-municipales-realizaran-primer-encuentro\/#article\",\"isPartOf\":{\"@id\":\"https:\/\/municipales.org.ar\/festram\/los-jovenes-municipales-realizaran-primer-encuentro\/\"},\"author\":{\"name\":\"mun_admin\",\"@id\":\"https:\/\/municipales.org.ar\/festram\/#\/schema\/person\/49096a774c48ce9063df4d59ec059f9e\"},\"headline\":\"Los J\u00f3venes Municipales realizar\u00e1n su Primer Encuentro\",\"datePublished\":\"2016-10-05T12:32:36+00:00\",\"dateModified\":\"2016-10-13T20:39:35+00:00\",\"mainEntityOfPage\":{\"@id\":\"https:\/\/municipales.org.ar\/festram\/los-jovenes-municipales-realizaran-primer-encuentro\/\"},\"wordCount\":433,\"publisher\":{\"@id\":\"https:\/\/municipales.org.ar\/festram\/#organization\"},\"image\":{\"@id\":\"https:\/\/municipales.org.ar\/festram\/los-jovenes-municipales-realizaran-primer-encuentro\/#primaryimage\"},\"thumbnailUrl\":\"https:\/\/municipales.org.ar\/festram\/wp-content\/uploads\/2016\/10\/13131488_1135582423172340_4324240600509213376_o.jpg\",\"keywords\":[\"j\u00f3venes\"],\"articleSection\":[\"J\u00f3venes\"],\"inLanguage\":\"es\"},{\"@type\":\"WebPage\",\"@id\":\"https:\/\/municipales.org.ar\/festram\/los-jovenes-municipales-realizaran-primer-encuentro\/\",\"url\":\"https:\/\/municipales.org.ar\/festram\/los-jovenes-municipales-realizaran-primer-encuentro\/\",\"name\":\"Los J\u00f3venes Municipales realizar\u00e1n su Primer Encuentro &#8211; FESTRAM\",\"isPartOf\":{\"@id\":\"https:\/\/municipales.org.ar\/festram\/#website\"},\"primaryImageOfPage\":{\"@id\":\"https:\/\/municipales.org.ar\/festram\/los-jovenes-municipales-realizaran-primer-encuentro\/#primaryimage\"},\"image\":{\"@id\":\"https:\/\/municipales.org.ar\/festram\/los-jovenes-municipales-realizaran-primer-encuentro\/#primaryimage\"},\"thumbnailUrl\":\"https:\/\/municipales.org.ar\/festram\/wp-content\/uploads\/2016\/10\/13131488_1135582423172340_4324240600509213376_o.jpg\",\"datePublished\":\"2016-10-05T12:32:36+00:00\",\"dateModified\":\"2016-10-13T20:39:35+00:00\",\"description\":\"El viernes 14 de Octubre, desde las 16hs. se desarrollar\u00e1 el primer encuentro de J\u00f3venes Municipales de la Provincia de Santa Fe.\",\"breadcrumb\":{\"@id\":\"https:\/\/municipales.org.ar\/festram\/los-jovenes-municipales-realizaran-primer-encuentro\/#breadcrumb\"},\"inLanguage\":\"es\",\"potentialAction\":[{\"@type\":\"ReadAction\",\"target\":[\"https:\/\/municipales.org.ar\/festram\/los-jovenes-municipales-realizaran-primer-encuentro\/\"]}]},{\"@type\":\"ImageObject\",\"inLanguage\":\"es\",\"@id\":\"https:\/\/municipales.org.ar\/festram\/los-jovenes-municipales-realizaran-primer-encuentro\/#primaryimage\",\"url\":\"https:\/\/municipales.org.ar\/festram\/wp-content\/uploads\/2016\/10\/13131488_1135582423172340_4324240600509213376_o.jpg\",\"contentUrl\":\"https:\/\/municipales.org.ar\/festram\/wp-content\/uploads\/2016\/10\/13131488_1135582423172340_4324240600509213376_o.jpg\",\"width\":1504,\"height\":1004},{\"@type\":\"BreadcrumbList\",\"@id\":\"https:\/\/municipales.org.ar\/festram\/los-jovenes-municipales-realizaran-primer-encuentro\/#breadcrumb\",\"itemListElement\":[{\"@type\":\"ListItem\",\"position\":1,\"name\":\"Portada\",\"item\":\"https:\/\/municipales.org.ar\/festram\/\"},{\"@type\":\"ListItem\",\"position\":2,\"name\":\"Los J\u00f3venes Municipales realizar\u00e1n su Primer Encuentro\"}]},{\"@type\":\"WebSite\",\"@id\":\"https:\/\/municipales.org.ar\/festram\/#website\",\"url\":\"https:\/\/municipales.org.ar\/festram\/\",\"name\":\"FESTRAM\",\"description\":\"La web de los trabajadores municipales\",\"publisher\":{\"@id\":\"https:\/\/municipales.org.ar\/festram\/#organization\"},\"potentialAction\":[{\"@type\":\"SearchAction\",\"target\":{\"@type\":\"EntryPoint\",\"urlTemplate\":\"https:\/\/municipales.org.ar\/festram\/?s={search_term_string}\"},\"query-input\":{\"@type\":\"PropertyValueSpecification\",\"valueRequired\":true,\"valueName\":\"search_term_string\"}}],\"inLanguage\":\"es\"},{\"@type\":\"Organization\",\"@id\":\"https:\/\/municipales.org.ar\/festram\/#organization\",\"name\":\"Federaci\u00f3n de Sindicatos de Trabajadores Municipales de la Provincia de Santa Fe\",\"url\":\"https:\/\/municipales.org.ar\/festram\/\",\"logo\":{\"@type\":\"ImageObject\",\"inLanguage\":\"es\",\"@id\":\"https:\/\/municipales.org.ar\/festram\/#\/schema\/logo\/image\/\",\"url\":\"https:\/\/www.municipales.org.ar\/festram\/wp-content\/uploads\/2014\/07\/logo_fes.jpg\",\"contentUrl\":\"https:\/\/www.municipales.org.ar\/festram\/wp-content\/uploads\/2014\/07\/logo_fes.jpg\",\"width\":661,\"height\":673,\"caption\":\"Federaci\u00f3n de Sindicatos de Trabajadores Municipales de la Provincia de Santa Fe\"},\"image\":{\"@id\":\"https:\/\/municipales.org.ar\/festram\/#\/schema\/logo\/image\/\"},\"sameAs\":[\"https:\/\/www.facebook.com\/MunicipalesSF\",\"https:\/\/x.com\/MunicipalesSF\",\"https:\/\/www.youtube.com\/user\/festram\"]},{\"@type\":\"Person\",\"@id\":\"https:\/\/municipales.org.ar\/festram\/#\/schema\/person\/49096a774c48ce9063df4d59ec059f9e\",\"name\":\"mun_admin\"}]}<\/script>\n<!-- \/ Yoast SEO plugin. -->","yoast_head_json":{"title":"Los J\u00f3venes Municipales realizar\u00e1n su Primer Encuentro &#8211; FESTRAM","description":"El viernes 14 de Octubre, desde las 16hs. se desarrollar\u00e1 el primer encuentro de J\u00f3venes Municipales de la Provincia de Santa Fe.","robots":{"index":"index","follow":"follow","max-snippet":"max-snippet:-1","max-image-preview":"max-image-preview:large","max-video-preview":"max-video-preview:-1"},"canonical":"https:\/\/municipales.org.ar\/festram\/los-jovenes-municipales-realizaran-primer-encuentro\/","og_locale":"es_ES","og_type":"article","og_title":"Los J\u00f3venes Municipales realizar\u00e1n su Primer Encuentro &#8211; FESTRAM","og_description":"El viernes 14 de Octubre, desde las 16hs. se desarrollar\u00e1 el primer encuentro de J\u00f3venes Municipales de la Provincia de Santa Fe.","og_url":"https:\/\/municipales.org.ar\/festram\/los-jovenes-municipales-realizaran-primer-encuentro\/","og_site_name":"FESTRAM","article_publisher":"https:\/\/www.facebook.com\/MunicipalesSF","article_published_time":"2016-10-05T12:32:36+00:00","article_modified_time":"2016-10-13T20:39:35+00:00","og_image":[{"width":830,"height":451,"url":"https:\/\/municipales.org.ar\/festram\/wp-content\/uploads\/2016\/10\/14519866_327972964223369_2657204524921534789_n.jpg","type":"image\/jpeg"}],"author":"mun_admin","twitter_card":"summary_large_image","twitter_image":"http:\/\/www.municipales.org.ar\/festram\/wp-content\/uploads\/2016\/10\/14519866_327972964223369_2657204524921534789_n.jpg","twitter_creator":"@MunicipalesSF","twitter_site":"@MunicipalesSF","twitter_misc":{"Escrito por":"mun_admin","Tiempo de lectura":"2 minutos"},"schema":{"@context":"https:\/\/schema.org","@graph":[{"@type":"Article","@id":"https:\/\/municipales.org.ar\/festram\/los-jovenes-municipales-realizaran-primer-encuentro\/#article","isPartOf":{"@id":"https:\/\/municipales.org.ar\/festram\/los-jovenes-municipales-realizaran-primer-encuentro\/"},"author":{"name":"mun_admin","@id":"https:\/\/municipales.org.ar\/festram\/#\/schema\/person\/49096a774c48ce9063df4d59ec059f9e"},"headline":"Los J\u00f3venes Municipales realizar\u00e1n su Primer Encuentro","datePublished":"2016-10-05T12:32:36+00:00","dateModified":"2016-10-13T20:39:35+00:00","mainEntityOfPage":{"@id":"https:\/\/municipales.org.ar\/festram\/los-jovenes-municipales-realizaran-primer-encuentro\/"},"wordCount":433,"publisher":{"@id":"https:\/\/municipales.org.ar\/festram\/#organization"},"image":{"@id":"https:\/\/municipales.org.ar\/festram\/los-jovenes-municipales-realizaran-primer-encuentro\/#primaryimage"},"thumbnailUrl":"https:\/\/municipales.org.ar\/festram\/wp-content\/uploads\/2016\/10\/13131488_1135582423172340_4324240600509213376_o.jpg","keywords":["j\u00f3venes"],"articleSection":["J\u00f3venes"],"inLanguage":"es"},{"@type":"WebPage","@id":"https:\/\/municipales.org.ar\/festram\/los-jovenes-municipales-realizaran-primer-encuentro\/","url":"https:\/\/municipales.org.ar\/festram\/los-jovenes-municipales-realizaran-primer-encuentro\/","name":"Los J\u00f3venes Municipales realizar\u00e1n su Primer Encuentro &#8211; FESTRAM","isPartOf":{"@id":"https:\/\/municipales.org.ar\/festram\/#website"},"primaryImageOfPage":{"@id":"https:\/\/municipales.org.ar\/festram\/los-jovenes-municipales-realizaran-primer-encuentro\/#primaryimage"},"image":{"@id":"https:\/\/municipales.org.ar\/festram\/los-jovenes-municipales-realizaran-primer-encuentro\/#primaryimage"},"thumbnailUrl":"https:\/\/municipales.org.ar\/festram\/wp-content\/uploads\/2016\/10\/13131488_1135582423172340_4324240600509213376_o.jpg","datePublished":"2016-10-05T12:32:36+00:00","dateModified":"2016-10-13T20:39:35+00:00","description":"El viernes 14 de Octubre, desde las 16hs. se desarrollar\u00e1 el primer encuentro de J\u00f3venes Municipales de la Provincia de Santa Fe.","breadcrumb":{"@id":"https:\/\/municipales.org.ar\/festram\/los-jovenes-municipales-realizaran-primer-encuentro\/#breadcrumb"},"inLanguage":"es","potentialAction":[{"@type":"ReadAction","target":["https:\/\/municipales.org.ar\/festram\/los-jovenes-municipales-realizaran-primer-encuentro\/"]}]},{"@type":"ImageObject","inLanguage":"es","@id":"https:\/\/municipales.org.ar\/festram\/los-jovenes-municipales-realizaran-primer-encuentro\/#primaryimage","url":"https:\/\/municipales.org.ar\/festram\/wp-content\/uploads\/2016\/10\/13131488_1135582423172340_4324240600509213376_o.jpg","contentUrl":"https:\/\/municipales.org.ar\/festram\/wp-content\/uploads\/2016\/10\/13131488_1135582423172340_4324240600509213376_o.jpg","width":1504,"height":1004},{"@type":"BreadcrumbList","@id":"https:\/\/municipales.org.ar\/festram\/los-jovenes-municipales-realizaran-primer-encuentro\/#breadcrumb","itemListElement":[{"@type":"ListItem","position":1,"name":"Portada","item":"https:\/\/municipales.org.ar\/festram\/"},{"@type":"ListItem","position":2,"name":"Los J\u00f3venes Municipales realizar\u00e1n su Primer Encuentro"}]},{"@type":"WebSite","@id":"https:\/\/municipales.org.ar\/festram\/#website","url":"https:\/\/municipales.org.ar\/festram\/","name":"FESTRAM","description":"La web de los trabajadores municipales","publisher":{"@id":"https:\/\/municipales.org.ar\/festram\/#organization"},"potentialAction":[{"@type":"SearchAction","target":{"@type":"EntryPoint","urlTemplate":"https:\/\/municipales.org.ar\/festram\/?s={search_term_string}"},"query-input":{"@type":"PropertyValueSpecification","valueRequired":true,"valueName":"search_term_string"}}],"inLanguage":"es"},{"@type":"Organization","@id":"https:\/\/municipales.org.ar\/festram\/#organization","name":"Federaci\u00f3n de Sindicatos de Trabajadores Municipales de la Provincia de Santa Fe","url":"https:\/\/municipales.org.ar\/festram\/","logo":{"@type":"ImageObject","inLanguage":"es","@id":"https:\/\/municipales.org.ar\/festram\/#\/schema\/logo\/image\/","url":"https:\/\/www.municipales.org.ar\/festram\/wp-content\/uploads\/2014\/07\/logo_fes.jpg","contentUrl":"https:\/\/www.municipales.org.ar\/festram\/wp-content\/uploads\/2014\/07\/logo_fes.jpg","width":661,"height":673,"caption":"Federaci\u00f3n de Sindicatos de Trabajadores Municipales de la Provincia de Santa Fe"},"image":{"@id":"https:\/\/municipales.org.ar\/festram\/#\/schema\/logo\/image\/"},"sameAs":["https:\/\/www.facebook.com\/MunicipalesSF","https:\/\/x.com\/MunicipalesSF","https:\/\/www.youtube.com\/user\/festram"]},{"@type":"Person","@id":"https:\/\/municipales.org.ar\/festram\/#\/schema\/person\/49096a774c48ce9063df4d59ec059f9e","name":"mun_admin"}]}},"jetpack_publicize_connections":[],"jetpack_featured_media_url":"https:\/\/municipales.org.ar\/festram\/wp-content\/uploads\/2016\/10\/13131488_1135582423172340_4324240600509213376_o.jpg","jetpack_sharing_enabled":true,"jetpack_likes_enabled":false,"jetpack_shortlink":"https:\/\/wp.me\/p7l4x1-2Vq","_links":{"self":[{"href":"https:\/\/municipales.org.ar\/festram\/wp-json\/wp\/v2\/posts\/11248","targetHints":{"allow":["GET"]}}],"collection":[{"href":"https:\/\/municipales.org.ar\/festram\/wp-json\/wp\/v2\/posts"}],"about":[{"href":"https:\/\/municipales.org.ar\/festram\/wp-json\/wp\/v2\/types\/post"}],"author":[{"embeddable":true,"href":"https:\/\/municipales.org.ar\/festram\/wp-json\/wp\/v2\/users\/1"}],"replies":[{"embeddable":true,"href":"https:\/\/municipales.org.ar\/festram\/wp-json\/wp\/v2\/comments?post=11248"}],"version-history":[{"count":1,"href":"https:\/\/municipales.org.ar\/festram\/wp-json\/wp\/v2\/posts\/11248\/revisions"}],"predecessor-version":[{"id":11250,"href":"https:\/\/municipales.org.ar\/festram\/wp-json\/wp\/v2\/posts\/11248\/revisions\/11250"}],"wp:featuredmedia":[{"embeddable":true,"href":"https:\/\/municipales.org.ar\/festram\/wp-json\/wp\/v2\/media\/11249"}],"wp:attachment":[{"href":"https:\/\/municipales.org.ar\/festram\/wp-json\/wp\/v2\/media?parent=11248"}],"wp:term":[{"taxonomy":"category","embeddable":true,"href":"https:\/\/municipales.org.ar\/festram\/wp-json\/wp\/v2\/categories?post=11248"},{"taxonomy":"post_tag","embeddable":true,"href":"https:\/\/municipales.org.ar\/festram\/wp-json\/wp\/v2\/tags?post=11248"}],"curies":[{"name":"wp","href":"https:\/\/api.w.org\/{rel}","templated":true}]}}