{"id":11253,"date":"2016-10-05T21:54:28","date_gmt":"2016-10-06T00:54:28","guid":{"rendered":"http:\/\/www.municipales.org.ar\/festram\/?p=11253"},"modified":"2016-10-18T12:54:40","modified_gmt":"2016-10-18T15:54:40","slug":"festram-acompano-la-movilizacion-los-docentes-santafesinos","status":"publish","type":"post","link":"https:\/\/municipales.org.ar\/festram\/festram-acompano-la-movilizacion-los-docentes-santafesinos\/","title":{"rendered":"FESTRAM acompa\u00f1\u00f3 la movilizaci\u00f3n de los docentes santafesinos"},"content":{"rendered":"<h3 class=\"p1\"><span class=\"s1\">Apoy\u00f3 el reclamo de apertura de paritarias, defensa del r\u00e9gimen previsional y la resistencia a las pol\u00edticas de ajuste del gobierno nacional.\u00a0<\/span><span class=\"s1\">Una importante delegaci\u00f3n de Sindicatos Municipales particip\u00f3 con FESTRAM en la movilizaci\u00f3n organizada por AMSAFE y SADOP.<\/span><\/h3>\n<p class=\"p1\"><span class=\"s1\">Representantes de los Sindicatos Municipales de Rufino, Rosario, Santo Tom\u00e9, Coronda, G\u00e1lvez, Laguna Paiva, Ceres, San Carlos, San Jorge y Ca\u00f1ada de G\u00f3mez entre otros, integraron la delegaci\u00f3n de FESTRAM que expres\u00f3 su apoyo, solidaridad y compromiso con la lucha iniciada por el gremio docente en reclamo de la urgente apertura de las paritarias y la defensa del sistema previsional de nuestra provincia.<\/span><\/p>\n<p class=\"p1\"><span class=\"s1\">En el acto, el Secretario General se expres\u00f3 en representaci\u00f3n de las otras organizaciones sindicales que acompa\u00f1aron la movilizaci\u00f3n. Leoni sostuvo que el reclamo de apertura de paritarias es una lucha de todos los gremios estatales y la defensa del sistema previsional, un compromiso ineludible del conjunto de los trabajadores activos y pasivos, ante los embates del Gobierno Nacional que busca aumentar las edades jubilatorias y reducir los montos de las prestaciones.<\/span><\/p>\n\n\t\t<style type=\"text\/css\">\n\t\t\t#gallery-1 {\n\t\t\t\tmargin: auto;\n\t\t\t}\n\t\t\t#gallery-1 .gallery-item {\n\t\t\t\tfloat: left;\n\t\t\t\tmargin-top: 10px;\n\t\t\t\ttext-align: center;\n\t\t\t\twidth: 33%;\n\t\t\t}\n\t\t\t#gallery-1 img {\n\t\t\t\tborder: 2px solid #cfcfcf;\n\t\t\t}\n\t\t\t#gallery-1 .gallery-caption {\n\t\t\t\tmargin-left: 0;\n\t\t\t}\n\t\t\t\/* see gallery_shortcode() in wp-includes\/media.php *\/\n\t\t<\/style>\n\t\t<div id='gallery-1' class='gallery galleryid-11253 gallery-columns-3 gallery-size-thumbnail'><dl class='gallery-item'>\n\t\t\t<dt class='gallery-icon landscape'>\n\t\t\t\t<a href='https:\/\/municipales.org.ar\/festram\/festram-acompano-la-movilizacion-los-docentes-santafesinos\/img_4766\/'><img loading=\"lazy\" decoding=\"async\" width=\"150\" height=\"150\" src=\"https:\/\/municipales.org.ar\/festram\/wp-content\/uploads\/2016\/10\/IMG_4766-150x150.jpg\" class=\"attachment-thumbnail size-thumbnail\" alt=\"\" srcset=\"https:\/\/municipales.org.ar\/festram\/wp-content\/uploads\/2016\/10\/IMG_4766-150x150.jpg 150w, https:\/\/municipales.org.ar\/festram\/wp-content\/uploads\/2016\/10\/IMG_4766-80x80.jpg 80w\" sizes=\"auto, (max-width: 150px) 100vw, 150px\" \/><\/a>\n\t\t\t<\/dt><\/dl><dl class='gallery-item'>\n\t\t\t<dt class='gallery-icon landscape'>\n\t\t\t\t<a href='https:\/\/municipales.org.ar\/festram\/festram-acompano-la-movilizacion-los-docentes-santafesinos\/img_4778\/'><img loading=\"lazy\" decoding=\"async\" width=\"150\" height=\"150\" src=\"https:\/\/municipales.org.ar\/festram\/wp-content\/uploads\/2016\/10\/IMG_4778-150x150.jpg\" class=\"attachment-thumbnail size-thumbnail\" alt=\"\" srcset=\"https:\/\/municipales.org.ar\/festram\/wp-content\/uploads\/2016\/10\/IMG_4778-150x150.jpg 150w, https:\/\/municipales.org.ar\/festram\/wp-content\/uploads\/2016\/10\/IMG_4778-80x80.jpg 80w\" sizes=\"auto, (max-width: 150px) 100vw, 150px\" \/><\/a>\n\t\t\t<\/dt><\/dl><dl class='gallery-item'>\n\t\t\t<dt class='gallery-icon landscape'>\n\t\t\t\t<a href='https:\/\/municipales.org.ar\/festram\/festram-acompano-la-movilizacion-los-docentes-santafesinos\/img_4783\/'><img loading=\"lazy\" decoding=\"async\" width=\"150\" height=\"150\" src=\"https:\/\/municipales.org.ar\/festram\/wp-content\/uploads\/2016\/10\/IMG_4783-150x150.jpg\" class=\"attachment-thumbnail size-thumbnail\" alt=\"\" srcset=\"https:\/\/municipales.org.ar\/festram\/wp-content\/uploads\/2016\/10\/IMG_4783-150x150.jpg 150w, https:\/\/municipales.org.ar\/festram\/wp-content\/uploads\/2016\/10\/IMG_4783-80x80.jpg 80w\" sizes=\"auto, (max-width: 150px) 100vw, 150px\" \/><\/a>\n\t\t\t<\/dt><\/dl><br style=\"clear: both\" \/>\n\t\t<\/div>\n\n<p class=\"p1\"><span class=\"s2\">Asimismo, el titular de FESTRAM reiter\u00f3 la necesidad de la unidad de los trabajadores para resistir las pol\u00edticas de ajuste que deterioran los salarios, generan despidos y someten a amplios sectores laborales y sociales a la pobreza y la marginaci\u00f3n social.\u00a0<\/span><span class=\"s1\">Tambi\u00e9n le reclam\u00f3 a la dirigencia sindical nacional de la CGT, que instrumente un plan de lucha, que incluya un inmediato paro nacional para poner\u00a0freno a las pol\u00edticas neoliberales que se instrumentan desde el gobierno de Macri y reclam\u00f3 a los sectores pol\u00edticos opositores y al gobierno provincial que no se hagan los distra\u00eddos frente a lo que indefectiblemente terminar\u00e1 en una profunda crisis social como la originada en la d\u00e9cada del 90.<\/span><\/p>\n<h6 class=\"p1\">Prensa FESTRAM<\/h6>\n","protected":false},"excerpt":{"rendered":"<p>Apoy\u00f3 el reclamo de apertura de paritarias, defensa del r\u00e9gimen previsional y la resistencia a las pol\u00edticas de ajuste del gobierno nacional. Una importante delegaci\u00f3n de Sindicatos Municipales particip\u00f3 con FESTRAM en la movilizaci\u00f3n organizada por AMSAFE y SADOP.<\/p>\n","protected":false},"author":1,"featured_media":11257,"comment_status":"closed","ping_status":"closed","sticky":false,"template":"","format":"standard","meta":{"_jetpack_memberships_contains_paid_content":false,"footnotes":"","jetpack_publicize_message":"","jetpack_publicize_feature_enabled":true,"jetpack_social_post_already_shared":false,"jetpack_social_options":{"image_generator_settings":{"template":"highway","default_image_id":0,"font":"","enabled":false},"version":2}},"categories":[151],"tags":[68,70,82,109,41],"class_list":["post-11253","post","type-post","status-publish","format-standard","has-post-thumbnail","hentry","category-comunicados-2016","tag-economia-provincial","tag-el-pais","tag-jubilaciones","tag-la-provincia","tag-paritaria"],"yoast_head":"<!-- This site is optimized with the Yoast SEO plugin v25.9 - https:\/\/yoast.com\/wordpress\/plugins\/seo\/ -->\n<title>FESTRAM acompa\u00f1\u00f3 la movilizaci\u00f3n de los docentes santafesinos &#8211; FESTRAM<\/title>\n<meta name=\"description\" content=\"Apoy\u00f3 el reclamo de apertura de paritarias, defensa del r\u00e9gimen previsional y la resistencia a las pol\u00edticas de ajuste del gobierno nacional. Una importante delegaci\u00f3n de Sindicatos Municipales particip\u00f3 con FESTRAM en la movilizaci\u00f3n organizada por AMSAFE y SADOP.\" \/>\n<meta name=\"robots\" content=\"index, follow, max-snippet:-1, max-image-preview:large, max-video-preview:-1\" \/>\n<link rel=\"canonical\" href=\"https:\/\/municipales.org.ar\/festram\/festram-acompano-la-movilizacion-los-docentes-santafesinos\/\" \/>\n<meta property=\"og:locale\" content=\"es_ES\" \/>\n<meta property=\"og:type\" content=\"article\" \/>\n<meta property=\"og:title\" content=\"FESTRAM acompa\u00f1\u00f3 la movilizaci\u00f3n de los docentes santafesinos &#8211; FESTRAM\" \/>\n<meta property=\"og:description\" content=\"Apoy\u00f3 el reclamo de apertura de paritarias, defensa del r\u00e9gimen previsional y la resistencia a las pol\u00edticas de ajuste del gobierno nacional. Una importante delegaci\u00f3n de Sindicatos Municipales particip\u00f3 con FESTRAM en la movilizaci\u00f3n organizada por AMSAFE y SADOP.\" \/>\n<meta property=\"og:url\" content=\"https:\/\/municipales.org.ar\/festram\/festram-acompano-la-movilizacion-los-docentes-santafesinos\/\" \/>\n<meta property=\"og:site_name\" content=\"FESTRAM\" \/>\n<meta property=\"article:publisher\" content=\"https:\/\/www.facebook.com\/MunicipalesSF\" \/>\n<meta property=\"article:published_time\" content=\"2016-10-06T00:54:28+00:00\" \/>\n<meta property=\"article:modified_time\" content=\"2016-10-18T15:54:40+00:00\" \/>\n<meta property=\"og:image\" content=\"https:\/\/municipales.org.ar\/festram\/wp-content\/uploads\/2016\/10\/IMG_4755.jpg\" \/>\n\t<meta property=\"og:image:width\" content=\"1200\" \/>\n\t<meta property=\"og:image:height\" content=\"718\" \/>\n\t<meta property=\"og:image:type\" content=\"image\/jpeg\" \/>\n<meta name=\"author\" content=\"mun_admin\" \/>\n<meta name=\"twitter:card\" content=\"summary_large_image\" \/>\n<meta name=\"twitter:image\" content=\"http:\/\/www.municipales.org.ar\/festram\/wp-content\/uploads\/2016\/10\/IMG_4755.jpg\" \/>\n<meta name=\"twitter:creator\" content=\"@MunicipalesSF\" \/>\n<meta name=\"twitter:site\" content=\"@MunicipalesSF\" \/>\n<meta name=\"twitter:label1\" content=\"Escrito por\" \/>\n\t<meta name=\"twitter:data1\" content=\"mun_admin\" \/>\n\t<meta name=\"twitter:label2\" content=\"Tiempo de lectura\" \/>\n\t<meta name=\"twitter:data2\" content=\"2 minutos\" \/>\n<script type=\"application\/ld+json\" class=\"yoast-schema-graph\">{\"@context\":\"https:\/\/schema.org\",\"@graph\":[{\"@type\":\"Article\",\"@id\":\"https:\/\/municipales.org.ar\/festram\/festram-acompano-la-movilizacion-los-docentes-santafesinos\/#article\",\"isPartOf\":{\"@id\":\"https:\/\/municipales.org.ar\/festram\/festram-acompano-la-movilizacion-los-docentes-santafesinos\/\"},\"author\":{\"name\":\"mun_admin\",\"@id\":\"https:\/\/municipales.org.ar\/festram\/#\/schema\/person\/49096a774c48ce9063df4d59ec059f9e\"},\"headline\":\"FESTRAM acompa\u00f1\u00f3 la movilizaci\u00f3n de los docentes santafesinos\",\"datePublished\":\"2016-10-06T00:54:28+00:00\",\"dateModified\":\"2016-10-18T15:54:40+00:00\",\"mainEntityOfPage\":{\"@id\":\"https:\/\/municipales.org.ar\/festram\/festram-acompano-la-movilizacion-los-docentes-santafesinos\/\"},\"wordCount\":321,\"publisher\":{\"@id\":\"https:\/\/municipales.org.ar\/festram\/#organization\"},\"image\":{\"@id\":\"https:\/\/municipales.org.ar\/festram\/festram-acompano-la-movilizacion-los-docentes-santafesinos\/#primaryimage\"},\"thumbnailUrl\":\"https:\/\/municipales.org.ar\/festram\/wp-content\/uploads\/2016\/10\/IMG_4755.jpg\",\"keywords\":[\"econom\u00eda provincial\",\"el pa\u00eds\",\"jubilaciones\",\"la provincia\",\"paritaria\"],\"articleSection\":[\"Comunicados 2016\"],\"inLanguage\":\"es\"},{\"@type\":\"WebPage\",\"@id\":\"https:\/\/municipales.org.ar\/festram\/festram-acompano-la-movilizacion-los-docentes-santafesinos\/\",\"url\":\"https:\/\/municipales.org.ar\/festram\/festram-acompano-la-movilizacion-los-docentes-santafesinos\/\",\"name\":\"FESTRAM acompa\u00f1\u00f3 la movilizaci\u00f3n de los docentes santafesinos &#8211; FESTRAM\",\"isPartOf\":{\"@id\":\"https:\/\/municipales.org.ar\/festram\/#website\"},\"primaryImageOfPage\":{\"@id\":\"https:\/\/municipales.org.ar\/festram\/festram-acompano-la-movilizacion-los-docentes-santafesinos\/#primaryimage\"},\"image\":{\"@id\":\"https:\/\/municipales.org.ar\/festram\/festram-acompano-la-movilizacion-los-docentes-santafesinos\/#primaryimage\"},\"thumbnailUrl\":\"https:\/\/municipales.org.ar\/festram\/wp-content\/uploads\/2016\/10\/IMG_4755.jpg\",\"datePublished\":\"2016-10-06T00:54:28+00:00\",\"dateModified\":\"2016-10-18T15:54:40+00:00\",\"description\":\"Apoy\u00f3 el reclamo de apertura de paritarias, defensa del r\u00e9gimen previsional y la resistencia a las pol\u00edticas de ajuste del gobierno nacional. Una importante delegaci\u00f3n de Sindicatos Municipales particip\u00f3 con FESTRAM en la movilizaci\u00f3n organizada por AMSAFE y SADOP.\",\"breadcrumb\":{\"@id\":\"https:\/\/municipales.org.ar\/festram\/festram-acompano-la-movilizacion-los-docentes-santafesinos\/#breadcrumb\"},\"inLanguage\":\"es\",\"potentialAction\":[{\"@type\":\"ReadAction\",\"target\":[\"https:\/\/municipales.org.ar\/festram\/festram-acompano-la-movilizacion-los-docentes-santafesinos\/\"]}]},{\"@type\":\"ImageObject\",\"inLanguage\":\"es\",\"@id\":\"https:\/\/municipales.org.ar\/festram\/festram-acompano-la-movilizacion-los-docentes-santafesinos\/#primaryimage\",\"url\":\"https:\/\/municipales.org.ar\/festram\/wp-content\/uploads\/2016\/10\/IMG_4755.jpg\",\"contentUrl\":\"https:\/\/municipales.org.ar\/festram\/wp-content\/uploads\/2016\/10\/IMG_4755.jpg\",\"width\":1200,\"height\":718},{\"@type\":\"BreadcrumbList\",\"@id\":\"https:\/\/municipales.org.ar\/festram\/festram-acompano-la-movilizacion-los-docentes-santafesinos\/#breadcrumb\",\"itemListElement\":[{\"@type\":\"ListItem\",\"position\":1,\"name\":\"Portada\",\"item\":\"https:\/\/municipales.org.ar\/festram\/\"},{\"@type\":\"ListItem\",\"position\":2,\"name\":\"FESTRAM acompa\u00f1\u00f3 la movilizaci\u00f3n de los docentes santafesinos\"}]},{\"@type\":\"WebSite\",\"@id\":\"https:\/\/municipales.org.ar\/festram\/#website\",\"url\":\"https:\/\/municipales.org.ar\/festram\/\",\"name\":\"FESTRAM\",\"description\":\"La web de los trabajadores municipales\",\"publisher\":{\"@id\":\"https:\/\/municipales.org.ar\/festram\/#organization\"},\"potentialAction\":[{\"@type\":\"SearchAction\",\"target\":{\"@type\":\"EntryPoint\",\"urlTemplate\":\"https:\/\/municipales.org.ar\/festram\/?s={search_term_string}\"},\"query-input\":{\"@type\":\"PropertyValueSpecification\",\"valueRequired\":true,\"valueName\":\"search_term_string\"}}],\"inLanguage\":\"es\"},{\"@type\":\"Organization\",\"@id\":\"https:\/\/municipales.org.ar\/festram\/#organization\",\"name\":\"Federaci\u00f3n de Sindicatos de Trabajadores Municipales de la Provincia de Santa Fe\",\"url\":\"https:\/\/municipales.org.ar\/festram\/\",\"logo\":{\"@type\":\"ImageObject\",\"inLanguage\":\"es\",\"@id\":\"https:\/\/municipales.org.ar\/festram\/#\/schema\/logo\/image\/\",\"url\":\"https:\/\/www.municipales.org.ar\/festram\/wp-content\/uploads\/2014\/07\/logo_fes.jpg\",\"contentUrl\":\"https:\/\/www.municipales.org.ar\/festram\/wp-content\/uploads\/2014\/07\/logo_fes.jpg\",\"width\":661,\"height\":673,\"caption\":\"Federaci\u00f3n de Sindicatos de Trabajadores Municipales de la Provincia de Santa Fe\"},\"image\":{\"@id\":\"https:\/\/municipales.org.ar\/festram\/#\/schema\/logo\/image\/\"},\"sameAs\":[\"https:\/\/www.facebook.com\/MunicipalesSF\",\"https:\/\/x.com\/MunicipalesSF\",\"https:\/\/www.youtube.com\/user\/festram\"]},{\"@type\":\"Person\",\"@id\":\"https:\/\/municipales.org.ar\/festram\/#\/schema\/person\/49096a774c48ce9063df4d59ec059f9e\",\"name\":\"mun_admin\"}]}<\/script>\n<!-- \/ Yoast SEO plugin. -->","yoast_head_json":{"title":"FESTRAM acompa\u00f1\u00f3 la movilizaci\u00f3n de los docentes santafesinos &#8211; FESTRAM","description":"Apoy\u00f3 el reclamo de apertura de paritarias, defensa del r\u00e9gimen previsional y la resistencia a las pol\u00edticas de ajuste del gobierno nacional. Una importante delegaci\u00f3n de Sindicatos Municipales particip\u00f3 con FESTRAM en la movilizaci\u00f3n organizada por AMSAFE y SADOP.","robots":{"index":"index","follow":"follow","max-snippet":"max-snippet:-1","max-image-preview":"max-image-preview:large","max-video-preview":"max-video-preview:-1"},"canonical":"https:\/\/municipales.org.ar\/festram\/festram-acompano-la-movilizacion-los-docentes-santafesinos\/","og_locale":"es_ES","og_type":"article","og_title":"FESTRAM acompa\u00f1\u00f3 la movilizaci\u00f3n de los docentes santafesinos &#8211; FESTRAM","og_description":"Apoy\u00f3 el reclamo de apertura de paritarias, defensa del r\u00e9gimen previsional y la resistencia a las pol\u00edticas de ajuste del gobierno nacional. Una importante delegaci\u00f3n de Sindicatos Municipales particip\u00f3 con FESTRAM en la movilizaci\u00f3n organizada por AMSAFE y SADOP.","og_url":"https:\/\/municipales.org.ar\/festram\/festram-acompano-la-movilizacion-los-docentes-santafesinos\/","og_site_name":"FESTRAM","article_publisher":"https:\/\/www.facebook.com\/MunicipalesSF","article_published_time":"2016-10-06T00:54:28+00:00","article_modified_time":"2016-10-18T15:54:40+00:00","og_image":[{"width":1200,"height":718,"url":"https:\/\/municipales.org.ar\/festram\/wp-content\/uploads\/2016\/10\/IMG_4755.jpg","type":"image\/jpeg"}],"author":"mun_admin","twitter_card":"summary_large_image","twitter_image":"http:\/\/www.municipales.org.ar\/festram\/wp-content\/uploads\/2016\/10\/IMG_4755.jpg","twitter_creator":"@MunicipalesSF","twitter_site":"@MunicipalesSF","twitter_misc":{"Escrito por":"mun_admin","Tiempo de lectura":"2 minutos"},"schema":{"@context":"https:\/\/schema.org","@graph":[{"@type":"Article","@id":"https:\/\/municipales.org.ar\/festram\/festram-acompano-la-movilizacion-los-docentes-santafesinos\/#article","isPartOf":{"@id":"https:\/\/municipales.org.ar\/festram\/festram-acompano-la-movilizacion-los-docentes-santafesinos\/"},"author":{"name":"mun_admin","@id":"https:\/\/municipales.org.ar\/festram\/#\/schema\/person\/49096a774c48ce9063df4d59ec059f9e"},"headline":"FESTRAM acompa\u00f1\u00f3 la movilizaci\u00f3n de los docentes santafesinos","datePublished":"2016-10-06T00:54:28+00:00","dateModified":"2016-10-18T15:54:40+00:00","mainEntityOfPage":{"@id":"https:\/\/municipales.org.ar\/festram\/festram-acompano-la-movilizacion-los-docentes-santafesinos\/"},"wordCount":321,"publisher":{"@id":"https:\/\/municipales.org.ar\/festram\/#organization"},"image":{"@id":"https:\/\/municipales.org.ar\/festram\/festram-acompano-la-movilizacion-los-docentes-santafesinos\/#primaryimage"},"thumbnailUrl":"https:\/\/municipales.org.ar\/festram\/wp-content\/uploads\/2016\/10\/IMG_4755.jpg","keywords":["econom\u00eda provincial","el pa\u00eds","jubilaciones","la provincia","paritaria"],"articleSection":["Comunicados 2016"],"inLanguage":"es"},{"@type":"WebPage","@id":"https:\/\/municipales.org.ar\/festram\/festram-acompano-la-movilizacion-los-docentes-santafesinos\/","url":"https:\/\/municipales.org.ar\/festram\/festram-acompano-la-movilizacion-los-docentes-santafesinos\/","name":"FESTRAM acompa\u00f1\u00f3 la movilizaci\u00f3n de los docentes santafesinos &#8211; FESTRAM","isPartOf":{"@id":"https:\/\/municipales.org.ar\/festram\/#website"},"primaryImageOfPage":{"@id":"https:\/\/municipales.org.ar\/festram\/festram-acompano-la-movilizacion-los-docentes-santafesinos\/#primaryimage"},"image":{"@id":"https:\/\/municipales.org.ar\/festram\/festram-acompano-la-movilizacion-los-docentes-santafesinos\/#primaryimage"},"thumbnailUrl":"https:\/\/municipales.org.ar\/festram\/wp-content\/uploads\/2016\/10\/IMG_4755.jpg","datePublished":"2016-10-06T00:54:28+00:00","dateModified":"2016-10-18T15:54:40+00:00","description":"Apoy\u00f3 el reclamo de apertura de paritarias, defensa del r\u00e9gimen previsional y la resistencia a las pol\u00edticas de ajuste del gobierno nacional. Una importante delegaci\u00f3n de Sindicatos Municipales particip\u00f3 con FESTRAM en la movilizaci\u00f3n organizada por AMSAFE y SADOP.","breadcrumb":{"@id":"https:\/\/municipales.org.ar\/festram\/festram-acompano-la-movilizacion-los-docentes-santafesinos\/#breadcrumb"},"inLanguage":"es","potentialAction":[{"@type":"ReadAction","target":["https:\/\/municipales.org.ar\/festram\/festram-acompano-la-movilizacion-los-docentes-santafesinos\/"]}]},{"@type":"ImageObject","inLanguage":"es","@id":"https:\/\/municipales.org.ar\/festram\/festram-acompano-la-movilizacion-los-docentes-santafesinos\/#primaryimage","url":"https:\/\/municipales.org.ar\/festram\/wp-content\/uploads\/2016\/10\/IMG_4755.jpg","contentUrl":"https:\/\/municipales.org.ar\/festram\/wp-content\/uploads\/2016\/10\/IMG_4755.jpg","width":1200,"height":718},{"@type":"BreadcrumbList","@id":"https:\/\/municipales.org.ar\/festram\/festram-acompano-la-movilizacion-los-docentes-santafesinos\/#breadcrumb","itemListElement":[{"@type":"ListItem","position":1,"name":"Portada","item":"https:\/\/municipales.org.ar\/festram\/"},{"@type":"ListItem","position":2,"name":"FESTRAM acompa\u00f1\u00f3 la movilizaci\u00f3n de los docentes santafesinos"}]},{"@type":"WebSite","@id":"https:\/\/municipales.org.ar\/festram\/#website","url":"https:\/\/municipales.org.ar\/festram\/","name":"FESTRAM","description":"La web de los trabajadores municipales","publisher":{"@id":"https:\/\/municipales.org.ar\/festram\/#organization"},"potentialAction":[{"@type":"SearchAction","target":{"@type":"EntryPoint","urlTemplate":"https:\/\/municipales.org.ar\/festram\/?s={search_term_string}"},"query-input":{"@type":"PropertyValueSpecification","valueRequired":true,"valueName":"search_term_string"}}],"inLanguage":"es"},{"@type":"Organization","@id":"https:\/\/municipales.org.ar\/festram\/#organization","name":"Federaci\u00f3n de Sindicatos de Trabajadores Municipales de la Provincia de Santa Fe","url":"https:\/\/municipales.org.ar\/festram\/","logo":{"@type":"ImageObject","inLanguage":"es","@id":"https:\/\/municipales.org.ar\/festram\/#\/schema\/logo\/image\/","url":"https:\/\/www.municipales.org.ar\/festram\/wp-content\/uploads\/2014\/07\/logo_fes.jpg","contentUrl":"https:\/\/www.municipales.org.ar\/festram\/wp-content\/uploads\/2014\/07\/logo_fes.jpg","width":661,"height":673,"caption":"Federaci\u00f3n de Sindicatos de Trabajadores Municipales de la Provincia de Santa Fe"},"image":{"@id":"https:\/\/municipales.org.ar\/festram\/#\/schema\/logo\/image\/"},"sameAs":["https:\/\/www.facebook.com\/MunicipalesSF","https:\/\/x.com\/MunicipalesSF","https:\/\/www.youtube.com\/user\/festram"]},{"@type":"Person","@id":"https:\/\/municipales.org.ar\/festram\/#\/schema\/person\/49096a774c48ce9063df4d59ec059f9e","name":"mun_admin"}]}},"jetpack_publicize_connections":[],"jetpack_featured_media_url":"https:\/\/municipales.org.ar\/festram\/wp-content\/uploads\/2016\/10\/IMG_4755.jpg","jetpack_sharing_enabled":true,"jetpack_likes_enabled":false,"jetpack_shortlink":"https:\/\/wp.me\/p7l4x1-2Vv","_links":{"self":[{"href":"https:\/\/municipales.org.ar\/festram\/wp-json\/wp\/v2\/posts\/11253","targetHints":{"allow":["GET"]}}],"collection":[{"href":"https:\/\/municipales.org.ar\/festram\/wp-json\/wp\/v2\/posts"}],"about":[{"href":"https:\/\/municipales.org.ar\/festram\/wp-json\/wp\/v2\/types\/post"}],"author":[{"embeddable":true,"href":"https:\/\/municipales.org.ar\/festram\/wp-json\/wp\/v2\/users\/1"}],"replies":[{"embeddable":true,"href":"https:\/\/municipales.org.ar\/festram\/wp-json\/wp\/v2\/comments?post=11253"}],"version-history":[{"count":2,"href":"https:\/\/municipales.org.ar\/festram\/wp-json\/wp\/v2\/posts\/11253\/revisions"}],"predecessor-version":[{"id":11260,"href":"https:\/\/municipales.org.ar\/festram\/wp-json\/wp\/v2\/posts\/11253\/revisions\/11260"}],"wp:featuredmedia":[{"embeddable":true,"href":"https:\/\/municipales.org.ar\/festram\/wp-json\/wp\/v2\/media\/11257"}],"wp:attachment":[{"href":"https:\/\/municipales.org.ar\/festram\/wp-json\/wp\/v2\/media?parent=11253"}],"wp:term":[{"taxonomy":"category","embeddable":true,"href":"https:\/\/municipales.org.ar\/festram\/wp-json\/wp\/v2\/categories?post=11253"},{"taxonomy":"post_tag","embeddable":true,"href":"https:\/\/municipales.org.ar\/festram\/wp-json\/wp\/v2\/tags?post=11253"}],"curies":[{"name":"wp","href":"https:\/\/api.w.org\/{rel}","templated":true}]}}