{"id":11284,"date":"2016-10-14T12:40:55","date_gmt":"2016-10-14T15:40:55","guid":{"rendered":"http:\/\/www.municipales.org.ar\/festram\/?p=11284"},"modified":"2016-10-20T19:47:43","modified_gmt":"2016-10-20T22:47:43","slug":"red-mujeres-organiza-jornada-consumos-problematicos","status":"publish","type":"post","link":"https:\/\/municipales.org.ar\/festram\/red-mujeres-organiza-jornada-consumos-problematicos\/","title":{"rendered":"Red de Mujeres organiza Jornada sobre Consumos Problem\u00e1ticos"},"content":{"rendered":"<p class=\"p1\"><span class=\"s1\"><b>El pr\u00f3ximo Jueves 27 de Octubre se realizar\u00e1, en instalaciones del Complejo Institucional de FESTRAM, una Jornada de Sensibilizaci\u00f3n sobre Consumos Problem\u00e1ticos, organizada por la Red de Mujeres Municipales y Comunales, y dirigida a Delegados\/as Regionales, J\u00f3venes y Dirigentes Sindicales de la Regional Centro Norte de esta Provincia.<\/b><\/span><\/p>\n<p class=\"p3\"><span class=\"s1\">La Jornada de Sensibilizaci\u00f3n forma parte de un proceso de formaci\u00f3n del sector municipal en el \u00e1rea de prevenci\u00f3n y asistencia del consumo problem\u00e1tico y su incidencia en los accidentes laborales\u00a0<\/span><\/p>\n<p class=\"p3\"><span class=\"s1\">El\u00a0\u00abPlan Integral para el Abordaje de los consumos problem\u00e1ticos\u201d, inserto en la Ley 26.934\/14 establece que se entiende por \u201c<i>Consumos problem\u00e1ticos, aquellos consumos que \u2014mediando o sin mediar sustancia alguna\u2014 afectan negativamente, en forma cr\u00f3nica, la salud f\u00edsica o ps\u00edquica del sujeto, y\/o las relaciones sociales. Los consumos problem\u00e1ticos pueden manifestarse como adicciones o abusos al alcohol, tabaco, drogas psicotr\u00f3picas \u2014legales o ilegales\u2014 o producidos por ciertas conductas compulsivas de los sujetos hacia el juego, las nuevas tecnolog\u00edas, la alimentaci\u00f3n, las compras o cualquier otro consumo que sea diagnosticado compulsivo por un profesional de la salud.\u201d<\/i><\/span><\/p>\n<p class=\"p3\"><span class=\"s1\">Esta primera jornada es el punto de partida para convocar a representantes de todo la Provincia de Santa Fe con el objetivo de abordar el rol del trabajador como agente activo de ambientes laborales y art\u00edfice en la creaci\u00f3n de comunidades saludables.<\/span><\/p>\n<p class=\"p3\"><span class=\"s1\">Esto implica fortalecer factores de protecci\u00f3n y prevenci\u00f3n, brindando herramientas para la contenci\u00f3n en los casos donde problemas de este tipo aparecen o se han instalado.<\/span><\/p>\n<p class=\"p3\"><span class=\"s1\">Asimismo, detectar desde una perspectiva interdisciplinaria e intersectorial, recursos existentes en los estamentos sindicales, estatales, deportivos, religiosos y civiles de las distintas localidades, con el fin de abordar una estrategia de red tendiente a dar respuestas a la problem\u00e1tica en concurso con las organizaciones.<\/span><\/p>\n<p class=\"p3\"><span class=\"s1\">La Jornada dar\u00e1 comienzo a las 9 horas y tendr\u00e1 una duraci\u00f3n de cinco horas con entrega de certificaci\u00f3n.\u00a0<\/span><\/p>\n<p class=\"p3\"><span class=\"s1\">Disertar\u00e1n en la misma\u00a0el Lic. en Psicolog\u00eda Matias Dalla Fontana refiri\u00e9ndose a tem\u00e1ticas propias de los Consumos Problematicos \u00a0en el \u00e1mbito social y laboral y el Ingeniero Industrial Especialista en Salud, Higiene y Seguridad en el Trabajo, \u00a0 Juan Manuel Ramb. \u00a0<\/span><\/p>\n<p class=\"p3\"><span class=\"s1\">Las personas interesadas en participar -que pertenezcan a la Regional Centro-Norte de FESTRAM- pueden recabar informaci\u00f3n para hacerlo comunic\u00e1ndose con los siguientes n\u00fameros: 3415061057 &#8211; 3415073748 -3416461832<\/span><\/p>\n<h6 class=\"p4\"><span class=\"s1\">Prensa FESTRAM<\/span><\/h6>\n","protected":false},"excerpt":{"rendered":"<p>El pr\u00f3ximo Jueves 27 de Octubre se realizar\u00e1, en instalaciones del Complejo Institucional de FESTRAM, una Jornada de Sensibilizaci\u00f3n sobre Consumos Problem\u00e1ticos, organizada por la Red de Mujeres Municipales y Comunales, y dirigida a Delegados\/as Regionales, J\u00f3venes y Dirigentes Sindicales de la Regional Centro Norte de esta Provincia.<\/p>\n","protected":false},"author":1,"featured_media":11241,"comment_status":"closed","ping_status":"closed","sticky":false,"template":"","format":"standard","meta":{"_jetpack_memberships_contains_paid_content":false,"footnotes":"","jetpack_publicize_message":"Red de Mujeres organiza Jornada sobre Consumos Problem\u00e1ticos","jetpack_publicize_feature_enabled":true,"jetpack_social_post_already_shared":true,"jetpack_social_options":{"image_generator_settings":{"template":"highway","default_image_id":0,"font":"","enabled":false},"version":2}},"categories":[50],"tags":[87],"class_list":["post-11284","post","type-post","status-publish","format-standard","has-post-thumbnail","hentry","category-genero","tag-genero-2"],"yoast_head":"<!-- This site is optimized with the Yoast SEO plugin v25.9 - https:\/\/yoast.com\/wordpress\/plugins\/seo\/ -->\n<title>Red de Mujeres organiza Jornada sobre Consumos Problem\u00e1ticos &#8211; FESTRAM<\/title>\n<meta name=\"description\" content=\"El pr\u00f3ximo Jueves 27 de Octubre se realizar\u00e1, en instalaciones del Complejo Institucional de FESTRAM, una Jornada de Sensibilizaci\u00f3n sobre Consumos Problem\u00e1ticos, organizada por la Red de Mujeres Municipales y Comunales, y dirigida a Delegados\/as Regionales, J\u00f3venes y Dirigentes Sindicales de la Regional Centro Norte de esta Provincia.\" \/>\n<meta name=\"robots\" content=\"index, follow, max-snippet:-1, max-image-preview:large, max-video-preview:-1\" \/>\n<link rel=\"canonical\" href=\"https:\/\/municipales.org.ar\/festram\/red-mujeres-organiza-jornada-consumos-problematicos\/\" \/>\n<meta property=\"og:locale\" content=\"es_ES\" \/>\n<meta property=\"og:type\" content=\"article\" \/>\n<meta property=\"og:title\" content=\"Red de Mujeres organiza Jornada sobre Consumos Problem\u00e1ticos &#8211; FESTRAM\" \/>\n<meta property=\"og:description\" content=\"El pr\u00f3ximo Jueves 27 de Octubre se realizar\u00e1, en instalaciones del Complejo Institucional de FESTRAM, una Jornada de Sensibilizaci\u00f3n sobre Consumos Problem\u00e1ticos, organizada por la Red de Mujeres Municipales y Comunales, y dirigida a Delegados\/as Regionales, J\u00f3venes y Dirigentes Sindicales de la Regional Centro Norte de esta Provincia.\" \/>\n<meta property=\"og:url\" content=\"https:\/\/municipales.org.ar\/festram\/red-mujeres-organiza-jornada-consumos-problematicos\/\" \/>\n<meta property=\"og:site_name\" content=\"FESTRAM\" \/>\n<meta property=\"article:publisher\" content=\"https:\/\/www.facebook.com\/MunicipalesSF\" \/>\n<meta property=\"article:published_time\" content=\"2016-10-14T15:40:55+00:00\" \/>\n<meta property=\"article:modified_time\" content=\"2016-10-20T22:47:43+00:00\" \/>\n<meta property=\"og:image\" content=\"https:\/\/municipales.org.ar\/festram\/wp-content\/uploads\/2016\/10\/TARJETA.jpg\" \/>\n\t<meta property=\"og:image:width\" content=\"1500\" \/>\n\t<meta property=\"og:image:height\" content=\"1037\" \/>\n\t<meta property=\"og:image:type\" content=\"image\/jpeg\" \/>\n<meta name=\"author\" content=\"mun_admin\" \/>\n<meta name=\"twitter:card\" content=\"summary_large_image\" \/>\n<meta name=\"twitter:creator\" content=\"@MunicipalesSF\" \/>\n<meta name=\"twitter:site\" content=\"@MunicipalesSF\" \/>\n<meta name=\"twitter:label1\" content=\"Escrito por\" \/>\n\t<meta name=\"twitter:data1\" content=\"mun_admin\" \/>\n\t<meta name=\"twitter:label2\" content=\"Tiempo de lectura\" \/>\n\t<meta name=\"twitter:data2\" content=\"2 minutos\" \/>\n<script type=\"application\/ld+json\" class=\"yoast-schema-graph\">{\"@context\":\"https:\/\/schema.org\",\"@graph\":[{\"@type\":\"Article\",\"@id\":\"https:\/\/municipales.org.ar\/festram\/red-mujeres-organiza-jornada-consumos-problematicos\/#article\",\"isPartOf\":{\"@id\":\"https:\/\/municipales.org.ar\/festram\/red-mujeres-organiza-jornada-consumos-problematicos\/\"},\"author\":{\"name\":\"mun_admin\",\"@id\":\"https:\/\/municipales.org.ar\/festram\/#\/schema\/person\/49096a774c48ce9063df4d59ec059f9e\"},\"headline\":\"Red de Mujeres organiza Jornada sobre Consumos Problem\u00e1ticos\",\"datePublished\":\"2016-10-14T15:40:55+00:00\",\"dateModified\":\"2016-10-20T22:47:43+00:00\",\"mainEntityOfPage\":{\"@id\":\"https:\/\/municipales.org.ar\/festram\/red-mujeres-organiza-jornada-consumos-problematicos\/\"},\"wordCount\":415,\"publisher\":{\"@id\":\"https:\/\/municipales.org.ar\/festram\/#organization\"},\"image\":{\"@id\":\"https:\/\/municipales.org.ar\/festram\/red-mujeres-organiza-jornada-consumos-problematicos\/#primaryimage\"},\"thumbnailUrl\":\"https:\/\/municipales.org.ar\/festram\/wp-content\/uploads\/2016\/10\/TARJETA.jpg\",\"keywords\":[\"g\u00e9nero\"],\"articleSection\":[\"G\u00e9nero\"],\"inLanguage\":\"es\"},{\"@type\":\"WebPage\",\"@id\":\"https:\/\/municipales.org.ar\/festram\/red-mujeres-organiza-jornada-consumos-problematicos\/\",\"url\":\"https:\/\/municipales.org.ar\/festram\/red-mujeres-organiza-jornada-consumos-problematicos\/\",\"name\":\"Red de Mujeres organiza Jornada sobre Consumos Problem\u00e1ticos &#8211; FESTRAM\",\"isPartOf\":{\"@id\":\"https:\/\/municipales.org.ar\/festram\/#website\"},\"primaryImageOfPage\":{\"@id\":\"https:\/\/municipales.org.ar\/festram\/red-mujeres-organiza-jornada-consumos-problematicos\/#primaryimage\"},\"image\":{\"@id\":\"https:\/\/municipales.org.ar\/festram\/red-mujeres-organiza-jornada-consumos-problematicos\/#primaryimage\"},\"thumbnailUrl\":\"https:\/\/municipales.org.ar\/festram\/wp-content\/uploads\/2016\/10\/TARJETA.jpg\",\"datePublished\":\"2016-10-14T15:40:55+00:00\",\"dateModified\":\"2016-10-20T22:47:43+00:00\",\"description\":\"El pr\u00f3ximo Jueves 27 de Octubre se realizar\u00e1, en instalaciones del Complejo Institucional de FESTRAM, una Jornada de Sensibilizaci\u00f3n sobre Consumos Problem\u00e1ticos, organizada por la Red de Mujeres Municipales y Comunales, y dirigida a Delegados\/as Regionales, J\u00f3venes y Dirigentes Sindicales de la Regional Centro Norte de esta Provincia.\",\"breadcrumb\":{\"@id\":\"https:\/\/municipales.org.ar\/festram\/red-mujeres-organiza-jornada-consumos-problematicos\/#breadcrumb\"},\"inLanguage\":\"es\",\"potentialAction\":[{\"@type\":\"ReadAction\",\"target\":[\"https:\/\/municipales.org.ar\/festram\/red-mujeres-organiza-jornada-consumos-problematicos\/\"]}]},{\"@type\":\"ImageObject\",\"inLanguage\":\"es\",\"@id\":\"https:\/\/municipales.org.ar\/festram\/red-mujeres-organiza-jornada-consumos-problematicos\/#primaryimage\",\"url\":\"https:\/\/municipales.org.ar\/festram\/wp-content\/uploads\/2016\/10\/TARJETA.jpg\",\"contentUrl\":\"https:\/\/municipales.org.ar\/festram\/wp-content\/uploads\/2016\/10\/TARJETA.jpg\",\"width\":1500,\"height\":1037},{\"@type\":\"BreadcrumbList\",\"@id\":\"https:\/\/municipales.org.ar\/festram\/red-mujeres-organiza-jornada-consumos-problematicos\/#breadcrumb\",\"itemListElement\":[{\"@type\":\"ListItem\",\"position\":1,\"name\":\"Portada\",\"item\":\"https:\/\/municipales.org.ar\/festram\/\"},{\"@type\":\"ListItem\",\"position\":2,\"name\":\"Red de Mujeres organiza Jornada sobre Consumos Problem\u00e1ticos\"}]},{\"@type\":\"WebSite\",\"@id\":\"https:\/\/municipales.org.ar\/festram\/#website\",\"url\":\"https:\/\/municipales.org.ar\/festram\/\",\"name\":\"FESTRAM\",\"description\":\"La web de los trabajadores municipales\",\"publisher\":{\"@id\":\"https:\/\/municipales.org.ar\/festram\/#organization\"},\"potentialAction\":[{\"@type\":\"SearchAction\",\"target\":{\"@type\":\"EntryPoint\",\"urlTemplate\":\"https:\/\/municipales.org.ar\/festram\/?s={search_term_string}\"},\"query-input\":{\"@type\":\"PropertyValueSpecification\",\"valueRequired\":true,\"valueName\":\"search_term_string\"}}],\"inLanguage\":\"es\"},{\"@type\":\"Organization\",\"@id\":\"https:\/\/municipales.org.ar\/festram\/#organization\",\"name\":\"Federaci\u00f3n de Sindicatos de Trabajadores Municipales de la Provincia de Santa Fe\",\"url\":\"https:\/\/municipales.org.ar\/festram\/\",\"logo\":{\"@type\":\"ImageObject\",\"inLanguage\":\"es\",\"@id\":\"https:\/\/municipales.org.ar\/festram\/#\/schema\/logo\/image\/\",\"url\":\"https:\/\/www.municipales.org.ar\/festram\/wp-content\/uploads\/2014\/07\/logo_fes.jpg\",\"contentUrl\":\"https:\/\/www.municipales.org.ar\/festram\/wp-content\/uploads\/2014\/07\/logo_fes.jpg\",\"width\":661,\"height\":673,\"caption\":\"Federaci\u00f3n de Sindicatos de Trabajadores Municipales de la Provincia de Santa Fe\"},\"image\":{\"@id\":\"https:\/\/municipales.org.ar\/festram\/#\/schema\/logo\/image\/\"},\"sameAs\":[\"https:\/\/www.facebook.com\/MunicipalesSF\",\"https:\/\/x.com\/MunicipalesSF\",\"https:\/\/www.youtube.com\/user\/festram\"]},{\"@type\":\"Person\",\"@id\":\"https:\/\/municipales.org.ar\/festram\/#\/schema\/person\/49096a774c48ce9063df4d59ec059f9e\",\"name\":\"mun_admin\"}]}<\/script>\n<!-- \/ Yoast SEO plugin. -->","yoast_head_json":{"title":"Red de Mujeres organiza Jornada sobre Consumos Problem\u00e1ticos &#8211; FESTRAM","description":"El pr\u00f3ximo Jueves 27 de Octubre se realizar\u00e1, en instalaciones del Complejo Institucional de FESTRAM, una Jornada de Sensibilizaci\u00f3n sobre Consumos Problem\u00e1ticos, organizada por la Red de Mujeres Municipales y Comunales, y dirigida a Delegados\/as Regionales, J\u00f3venes y Dirigentes Sindicales de la Regional Centro Norte de esta Provincia.","robots":{"index":"index","follow":"follow","max-snippet":"max-snippet:-1","max-image-preview":"max-image-preview:large","max-video-preview":"max-video-preview:-1"},"canonical":"https:\/\/municipales.org.ar\/festram\/red-mujeres-organiza-jornada-consumos-problematicos\/","og_locale":"es_ES","og_type":"article","og_title":"Red de Mujeres organiza Jornada sobre Consumos Problem\u00e1ticos &#8211; FESTRAM","og_description":"El pr\u00f3ximo Jueves 27 de Octubre se realizar\u00e1, en instalaciones del Complejo Institucional de FESTRAM, una Jornada de Sensibilizaci\u00f3n sobre Consumos Problem\u00e1ticos, organizada por la Red de Mujeres Municipales y Comunales, y dirigida a Delegados\/as Regionales, J\u00f3venes y Dirigentes Sindicales de la Regional Centro Norte de esta Provincia.","og_url":"https:\/\/municipales.org.ar\/festram\/red-mujeres-organiza-jornada-consumos-problematicos\/","og_site_name":"FESTRAM","article_publisher":"https:\/\/www.facebook.com\/MunicipalesSF","article_published_time":"2016-10-14T15:40:55+00:00","article_modified_time":"2016-10-20T22:47:43+00:00","og_image":[{"width":1500,"height":1037,"url":"https:\/\/municipales.org.ar\/festram\/wp-content\/uploads\/2016\/10\/TARJETA.jpg","type":"image\/jpeg"}],"author":"mun_admin","twitter_card":"summary_large_image","twitter_creator":"@MunicipalesSF","twitter_site":"@MunicipalesSF","twitter_misc":{"Escrito por":"mun_admin","Tiempo de lectura":"2 minutos"},"schema":{"@context":"https:\/\/schema.org","@graph":[{"@type":"Article","@id":"https:\/\/municipales.org.ar\/festram\/red-mujeres-organiza-jornada-consumos-problematicos\/#article","isPartOf":{"@id":"https:\/\/municipales.org.ar\/festram\/red-mujeres-organiza-jornada-consumos-problematicos\/"},"author":{"name":"mun_admin","@id":"https:\/\/municipales.org.ar\/festram\/#\/schema\/person\/49096a774c48ce9063df4d59ec059f9e"},"headline":"Red de Mujeres organiza Jornada sobre Consumos Problem\u00e1ticos","datePublished":"2016-10-14T15:40:55+00:00","dateModified":"2016-10-20T22:47:43+00:00","mainEntityOfPage":{"@id":"https:\/\/municipales.org.ar\/festram\/red-mujeres-organiza-jornada-consumos-problematicos\/"},"wordCount":415,"publisher":{"@id":"https:\/\/municipales.org.ar\/festram\/#organization"},"image":{"@id":"https:\/\/municipales.org.ar\/festram\/red-mujeres-organiza-jornada-consumos-problematicos\/#primaryimage"},"thumbnailUrl":"https:\/\/municipales.org.ar\/festram\/wp-content\/uploads\/2016\/10\/TARJETA.jpg","keywords":["g\u00e9nero"],"articleSection":["G\u00e9nero"],"inLanguage":"es"},{"@type":"WebPage","@id":"https:\/\/municipales.org.ar\/festram\/red-mujeres-organiza-jornada-consumos-problematicos\/","url":"https:\/\/municipales.org.ar\/festram\/red-mujeres-organiza-jornada-consumos-problematicos\/","name":"Red de Mujeres organiza Jornada sobre Consumos Problem\u00e1ticos &#8211; FESTRAM","isPartOf":{"@id":"https:\/\/municipales.org.ar\/festram\/#website"},"primaryImageOfPage":{"@id":"https:\/\/municipales.org.ar\/festram\/red-mujeres-organiza-jornada-consumos-problematicos\/#primaryimage"},"image":{"@id":"https:\/\/municipales.org.ar\/festram\/red-mujeres-organiza-jornada-consumos-problematicos\/#primaryimage"},"thumbnailUrl":"https:\/\/municipales.org.ar\/festram\/wp-content\/uploads\/2016\/10\/TARJETA.jpg","datePublished":"2016-10-14T15:40:55+00:00","dateModified":"2016-10-20T22:47:43+00:00","description":"El pr\u00f3ximo Jueves 27 de Octubre se realizar\u00e1, en instalaciones del Complejo Institucional de FESTRAM, una Jornada de Sensibilizaci\u00f3n sobre Consumos Problem\u00e1ticos, organizada por la Red de Mujeres Municipales y Comunales, y dirigida a Delegados\/as Regionales, J\u00f3venes y Dirigentes Sindicales de la Regional Centro Norte de esta Provincia.","breadcrumb":{"@id":"https:\/\/municipales.org.ar\/festram\/red-mujeres-organiza-jornada-consumos-problematicos\/#breadcrumb"},"inLanguage":"es","potentialAction":[{"@type":"ReadAction","target":["https:\/\/municipales.org.ar\/festram\/red-mujeres-organiza-jornada-consumos-problematicos\/"]}]},{"@type":"ImageObject","inLanguage":"es","@id":"https:\/\/municipales.org.ar\/festram\/red-mujeres-organiza-jornada-consumos-problematicos\/#primaryimage","url":"https:\/\/municipales.org.ar\/festram\/wp-content\/uploads\/2016\/10\/TARJETA.jpg","contentUrl":"https:\/\/municipales.org.ar\/festram\/wp-content\/uploads\/2016\/10\/TARJETA.jpg","width":1500,"height":1037},{"@type":"BreadcrumbList","@id":"https:\/\/municipales.org.ar\/festram\/red-mujeres-organiza-jornada-consumos-problematicos\/#breadcrumb","itemListElement":[{"@type":"ListItem","position":1,"name":"Portada","item":"https:\/\/municipales.org.ar\/festram\/"},{"@type":"ListItem","position":2,"name":"Red de Mujeres organiza Jornada sobre Consumos Problem\u00e1ticos"}]},{"@type":"WebSite","@id":"https:\/\/municipales.org.ar\/festram\/#website","url":"https:\/\/municipales.org.ar\/festram\/","name":"FESTRAM","description":"La web de los trabajadores municipales","publisher":{"@id":"https:\/\/municipales.org.ar\/festram\/#organization"},"potentialAction":[{"@type":"SearchAction","target":{"@type":"EntryPoint","urlTemplate":"https:\/\/municipales.org.ar\/festram\/?s={search_term_string}"},"query-input":{"@type":"PropertyValueSpecification","valueRequired":true,"valueName":"search_term_string"}}],"inLanguage":"es"},{"@type":"Organization","@id":"https:\/\/municipales.org.ar\/festram\/#organization","name":"Federaci\u00f3n de Sindicatos de Trabajadores Municipales de la Provincia de Santa Fe","url":"https:\/\/municipales.org.ar\/festram\/","logo":{"@type":"ImageObject","inLanguage":"es","@id":"https:\/\/municipales.org.ar\/festram\/#\/schema\/logo\/image\/","url":"https:\/\/www.municipales.org.ar\/festram\/wp-content\/uploads\/2014\/07\/logo_fes.jpg","contentUrl":"https:\/\/www.municipales.org.ar\/festram\/wp-content\/uploads\/2014\/07\/logo_fes.jpg","width":661,"height":673,"caption":"Federaci\u00f3n de Sindicatos de Trabajadores Municipales de la Provincia de Santa Fe"},"image":{"@id":"https:\/\/municipales.org.ar\/festram\/#\/schema\/logo\/image\/"},"sameAs":["https:\/\/www.facebook.com\/MunicipalesSF","https:\/\/x.com\/MunicipalesSF","https:\/\/www.youtube.com\/user\/festram"]},{"@type":"Person","@id":"https:\/\/municipales.org.ar\/festram\/#\/schema\/person\/49096a774c48ce9063df4d59ec059f9e","name":"mun_admin"}]}},"jetpack_publicize_connections":[],"jetpack_featured_media_url":"https:\/\/municipales.org.ar\/festram\/wp-content\/uploads\/2016\/10\/TARJETA.jpg","jetpack_sharing_enabled":true,"jetpack_likes_enabled":false,"jetpack_shortlink":"https:\/\/wp.me\/p7l4x1-2W0","_links":{"self":[{"href":"https:\/\/municipales.org.ar\/festram\/wp-json\/wp\/v2\/posts\/11284","targetHints":{"allow":["GET"]}}],"collection":[{"href":"https:\/\/municipales.org.ar\/festram\/wp-json\/wp\/v2\/posts"}],"about":[{"href":"https:\/\/municipales.org.ar\/festram\/wp-json\/wp\/v2\/types\/post"}],"author":[{"embeddable":true,"href":"https:\/\/municipales.org.ar\/festram\/wp-json\/wp\/v2\/users\/1"}],"replies":[{"embeddable":true,"href":"https:\/\/municipales.org.ar\/festram\/wp-json\/wp\/v2\/comments?post=11284"}],"version-history":[{"count":2,"href":"https:\/\/municipales.org.ar\/festram\/wp-json\/wp\/v2\/posts\/11284\/revisions"}],"predecessor-version":[{"id":11288,"href":"https:\/\/municipales.org.ar\/festram\/wp-json\/wp\/v2\/posts\/11284\/revisions\/11288"}],"wp:featuredmedia":[{"embeddable":true,"href":"https:\/\/municipales.org.ar\/festram\/wp-json\/wp\/v2\/media\/11241"}],"wp:attachment":[{"href":"https:\/\/municipales.org.ar\/festram\/wp-json\/wp\/v2\/media?parent=11284"}],"wp:term":[{"taxonomy":"category","embeddable":true,"href":"https:\/\/municipales.org.ar\/festram\/wp-json\/wp\/v2\/categories?post=11284"},{"taxonomy":"post_tag","embeddable":true,"href":"https:\/\/municipales.org.ar\/festram\/wp-json\/wp\/v2\/tags?post=11284"}],"curies":[{"name":"wp","href":"https:\/\/api.w.org\/{rel}","templated":true}]}}