{"id":11369,"date":"2016-11-03T10:30:09","date_gmt":"2016-11-03T13:30:09","guid":{"rendered":"http:\/\/www.municipales.org.ar\/festram\/?p=11369"},"modified":"2016-11-22T10:00:56","modified_gmt":"2016-11-22T13:00:56","slug":"reforma-constitucional-consejo-economico-social-santa-fe-constituyo-una-comision-especial-aportar-al-proceso","status":"publish","type":"post","link":"https:\/\/municipales.org.ar\/festram\/reforma-constitucional-consejo-economico-social-santa-fe-constituyo-una-comision-especial-aportar-al-proceso\/","title":{"rendered":"Reforma Constitucional: El Consejo Econ\u00f3mico y Social de Santa Fe constituy\u00f3 una comisi\u00f3n especial para aportar al proceso"},"content":{"rendered":"<h3>Representantes de organizaciones empresarias, de los trabajadores, de la sociedad civil, junto a funcionarios provinciales, crearon un espacio de trabajo y generaci\u00f3n de propuestas. Adem\u00e1s se present\u00f3 el sitio web de participaci\u00f3n ciudadana para el debate<\/h3>\n<p>&nbsp;<\/p>\n<p>El Consejo Econ\u00f3mico y Social de la provincia de Santa Fe (CEyS) realiz\u00f3 este lunes la primera reuni\u00f3n de la Comisi\u00f3n Especial de Reforma Constitucional, marco en el cu\u00e1l se present\u00f3 el sitio web para la participaci\u00f3n de ciudadanos e instituciones en el debate constitucional.<\/p>\n<p>El encuentro cont\u00f3 con la participaci\u00f3n de m\u00e1s de 30 representantes de instituciones de los sectores trabajador, empresario y social de toda la provincia; y se llev\u00f3 a cabo en el sal\u00f3n Auditorio de la Casa de Gobierno, en la ciudad de Santa Fe.<\/p>\n<p>El objetivo de la reuni\u00f3n fue poner en funcionamiento dentro del CEyS esta comisi\u00f3n especial que tiene como finalidad realizar aportes al proceso de construcci\u00f3n de las Bases para la Reforma de la Constituci\u00f3n. Este compromiso fue asumido el pasado 4 de octubre, durante la tercera asamblea plenaria, en la cu\u00e1l el gobernador Miguel Lisfchitz, en calidad de presidente del Consejo, convoc\u00f3 a las organizaciones miembros a crear esta comisi\u00f3n.<\/p>\n<p>Durante la apertura de la reuni\u00f3n la coordinadora ejecutiva del CEyS, subsecretaria de Desarrollo Estrat\u00e9gico, Mar\u00eda Paz Guti\u00e9rrez, se\u00f1al\u00f3 que \u201cformamos parte de un proceso amplio de di\u00e1logo, estamos reunidos en pos de formular temas de inter\u00e9s para aportar al debate por la reforma de la Constituci\u00f3n Provincial\u201d.<\/p>\n<p>\u201cEl gobernador Lisfchitz nos ha pedido expresamente que esta comisi\u00f3n especial trabaje durante todo el per\u00edodo de debate, entonces en primera instancia debemos acodar cu\u00e1les son los puntos que nos interesa aportar al debate de la reforma, tenemos que formular aqu\u00ed una agenda de temas a partir de la cual trabajaremos durante lo que queda de este a\u00f1o y el a\u00f1o que viene\u201d, explic\u00f3 la funcionaria.<\/p>\n<h4>\u201cLA REFORMA ES ESTRATEGICA Y NECESARIA\u201d<\/h4>\n<p>Por su parte, el director provincial de Reforma Pol\u00edtica y Constitucional, Oscar Blando, destac\u00f3 \u201cla importancia de que, en espacios como el Consejo, hablemos de los temas que hacen a la reforma de la Constituci\u00f3n de Santa Fe. En todo momento hay urgencias ciudadanas y p\u00fablicas, demandas sociales que son prioridad, y otras que tienen que ver con cuestiones estrat\u00e9gicas. La reforma de la Constituci\u00f3n es una de estas cuestiones que tienen que ver con un horizonte institucional en la provincia de Santa Fe y que es un tema no necesariamente urgente pero s\u00ed importante, estrat\u00e9gico y necesario\u201d.<\/p>\n<p>Con respecto a la Comisi\u00f3n Especial, Blando expres\u00f3 \u201ceste es un \u00e1mbito de discusi\u00f3n, y tengo claro que no de discusi\u00f3n jur\u00eddica, y detr\u00e1s de las normas jur\u00eddicas est\u00e1n las decisiones pol\u00edticas a las que nosotros tenemos que aportar. Lo que distingue este proceso de reforma de la Constituci\u00f3n es que, a diferencia de las leyes que se aprueban en la legislatura, se consulta con el pueblo y se convoca a la ciudadan\u00eda a participar, nosotros tenemos que trabajar para instalar los temas que consideramos que deben formar parte de la Reforma,\u201d dijo el director provincial.<\/p>\n<p>Por su parte, el presidente del Instituto de Derecho Constitucional del Colegio de Abogados de Santa Fe, Domingo Rondina, manifest\u00f3 su compromiso de \u201ccolaborar desde nuestra mirada institucional y nuestro saber, por eso nos interesa escuchar las distintas voces de las organizaciones, y sumar a otras personas que tienen mucho para aportar a este profundo debate de la sociedad. No le dejemos esto s\u00f3lo a funcionarios y especialistas; la gente y las instituciones tienen que apropiarse de estos procesos, porque si la reforma se hace sin participaci\u00f3n ciudadana, va a estar renga\u201d.<\/p>\n<p>En tanto, en representaci\u00f3n del Foro de Colegios de Profesionales de la provincia de Santa Fe, Fabi\u00e1n Garc\u00eda, celebr\u00f3 el espacio de participaci\u00f3n institucional del Consejo Econ\u00f3mico y Social, y declar\u00f3 que \u201ca la riqueza institucional que nos supimos dar los santafesinos, tenemos que aprovecharla, estructurarla y fortalecerla porque marca una diferencia con respecto a otros territorios de la Naci\u00f3n. Nosotros queremos aportar, estamos entusiasmados, porque sobre cada uno de los temas las instituciones tienen una gran capacidad para sumar puntos de vista, para poner a disposici\u00f3n de los Constituyentes el estado del arte de cada uno de estos temas\u201d.<\/p>\n<h4>SITIO WEB DE PARTICIPACI\u00d3N EN EL DEBATE SOBRE LA REFORMA<\/h4>\n<p>En el marco de la reuni\u00f3n de la comisi\u00f3n, el subsecretario de Innovaci\u00f3n P\u00fablica, Diego Gismondi, present\u00f3 la plataforma web para la participaci\u00f3n ciudadana basesparalareforma.digital\/participa\/public\/<\/p>\n<p>\u201cEste sitio web es una instancia de participaci\u00f3n que intenta incorporar a la mayor cantidad de ciudadanos que quieran expresarse sobre el proceso de reforma, que a lo mejor no pertenecen a ninguna instituci\u00f3n, o no puede asistir a las instancias presenciales de participaci\u00f3n ciudadana\u201d, dijo Gismondi.<\/p>\n<p>\u201cLa persona que quiera participar va a tener que registrarse como usuario de la plataforma, a trav\u00e9s de una cuenta de correo electr\u00f3nico. Una vez registrado se encontrar\u00e1 con ocho ejes de debate sobre la reforma constitucional, y por cada eje hay preguntas disparadoras de la discusi\u00f3n, que no buscan orientar, no es un debate inducido, queremos que sea un debate abierto, con comentarios totalmente libres. Tambi\u00e9n, existe la posibilidad de que una instituci\u00f3n o ciudadano puedan enviar propuestas sobre la que hayan estado trabajando y la quieran compartir en la plataforma. Cabe aclara que estos aportes no son vinculantes, no valen como voto, pero s\u00ed van a formar parte del documento colaborativo Bases para la Reforma\u00bb, explic\u00f3 el subsecretario de Innovaci\u00f3n P\u00fablica.<\/p>\n<h4>CONTINUIDAD DEL TRABAJO DE LA COMISI\u00d3N<\/h4>\n<p>El debate del primer encuentro marc\u00f3 algunos de los temas para conformar la agenda de trabajo de la comisi\u00f3n: sistema tributario; coparticipaci\u00f3n; recursos del Estado para garantizar el acceso a derechos; autonom\u00eda de gobiernos locales; recursos naturales, desarrollo y producci\u00f3n sustentable; trabajo decente; econom\u00eda social; ni\u00f1os, ni\u00f1as y adolescentes; y previsi\u00f3n y seguridad social. Tambi\u00e9n se hizo menci\u00f3n sobre la importancia de incorporar los tratados internacionales de derechos humanos, garantizando la libertad religiosa, de culto y de expresi\u00f3n, y la igualdad entendida como respeto a las diferencias.<\/p>\n<p>En los pr\u00f3ximos d\u00edas, la Coordinaci\u00f3n Ejecutiva del CEyS redactar\u00e1 un documento res\u00famen de esta primera reuni\u00f3n, y se los enviar\u00e1 a cada instituci\u00f3n para que lo trabajen internamente. Luego se realizar\u00e1 un nuevo encuentro de la comisi\u00f3n (aproximadamente a mediados de noviembre) en la que se definir\u00e1 la agenda de temas a trabajar durante el 2017. Adem\u00e1s se ofreci\u00f3 a los referentes institucionales la visita de los especialistas para informar y asesorar a las instituciones y organizaciones sobre lo que implica este proceso de dialogo social, en el marco de la construcci\u00f3n de las bases para la reforma constitucional.<\/p>\n<p>Las instituciones que participaron de la reuni\u00f3n fueron: del sector empresario, la Confederaci\u00f3n de Asociaciones Rurales de la Provincia de Santa Fe (CARSFE), la C\u00e1mara Argentina de la Construcci\u00f3n (CAMARCO), la Bolsa de Comercio Santa Fe (BCSF), la Federaci\u00f3n de Centros Comerciales de la provincia de Santa Fe (FECECO), y la Confederaci\u00f3n Intercooperativa Agropecuaria Limitada (CONINAGRO); del sector trabajador, la Confederaci\u00f3n General del Trabajo (CGT) Regional San Lorenzo, la Federaci\u00f3n de Sindicatos de Trabajadores Municipales (FESTRAM), la Central de Trabajadores de la Argentina (CTA) Regional Santa Fe, y la Uni\u00f3n Personal Civil de la Naci\u00f3n (UPCN); del sector social, la Asociaciones de Cooperadoras Escolares, la Colectividad Jud\u00eda, la Iglesia Evang\u00e9lica, el Consejo Provincial de Asociativismo y Econom\u00eda Social (Federaci\u00f3n de Mutuales de Santa Fe y Federada Salud), el Foro Colegios de Profesionales, la Mesa del Di\u00e1logo por Santa Fe, y la Asociaci\u00f3n Civil Jes\u00fas Misericordioso y la Liga de Madres de Familia, ambas de Venado Tuerto; el Instituto de Derecho Constitucional del Colegio de Abogados; y la Universidad Cat\u00f3lica de Santa Fe.<\/p>\n<h4>CONSEJO ECON\u00d3MICO Y SOCIAL: TRABAJO EN COMISIONES<\/h4>\n<p>El CEyS es un nuevo espacio de participaci\u00f3n institucional compuesto por 36 organizaciones de los sectores empresario, trabajador y social de la provincia. Fue inaugurado por el gobernador Lifschitz en abril de este a\u00f1o a trav\u00e9s del decreto N\u00b0 752\/2016. Su finalidad principal es ser un organismo de consulta permanente que permita analizar la realidad social y econ\u00f3mica de la provincia.<\/p>\n<p>Con miras a ese objetivo es que se crearon siete comisiones de trabajo en el CEyS, espacio en el que pueden participar no s\u00f3lo instituciones miembros del Consejo, sino tambi\u00e9n otras interesadas en las distintas tem\u00e1ticas que se tratan en cada encuentro.<\/p>\n<p>Hasta el momento, adem\u00e1s de la Comisi\u00f3n Especial de Reforma Constitucional, est\u00e1n trabajando las comisiones Especial de Reglamento del CEyS, de Infancias y Juventudes, de Infraestructura para el Desarrollo; Especial de Seguridad y de Trabajo Decente. Pr\u00f3ximamente, se pondr\u00e1 en funcionamiento la Comisi\u00f3n de Desarrollo Estrat\u00e9gico del Sector L\u00e1cteo.<\/p>\n","protected":false},"excerpt":{"rendered":"<p>Representantes de organizaciones empresarias, de los trabajadores, de la sociedad civil, junto a funcionarios provinciales, crearon un espacio de trabajo y generaci\u00f3n de propuestas. Adem\u00e1s se present\u00f3 el sitio web de participaci\u00f3n ciudadana para el debate<\/p>\n","protected":false},"author":1,"featured_media":11370,"comment_status":"closed","ping_status":"closed","sticky":false,"template":"","format":"standard","meta":{"_jetpack_memberships_contains_paid_content":false,"footnotes":"","jetpack_publicize_message":"Reforma Constitucional: El Consejo Econ\u00f3mico y Social de Santa Fe constituy\u00f3 una comisi\u00f3n especial para aportar al proceso","jetpack_publicize_feature_enabled":true,"jetpack_social_post_already_shared":true,"jetpack_social_options":{"image_generator_settings":{"template":"highway","default_image_id":0,"font":"","enabled":false},"version":2}},"categories":[61],"tags":[109],"class_list":["post-11369","post","type-post","status-publish","format-standard","has-post-thumbnail","hentry","category-seminarios-y-actividades","tag-la-provincia"],"yoast_head":"<!-- This site is optimized with the Yoast SEO plugin v25.9 - https:\/\/yoast.com\/wordpress\/plugins\/seo\/ -->\n<title>Reforma Constitucional: El Consejo Econ\u00f3mico y Social de Santa Fe constituy\u00f3 una comisi\u00f3n especial para aportar al proceso &#8211; FESTRAM<\/title>\n<meta name=\"description\" content=\"Representantes de organizaciones empresarias, de los trabajadores, de la sociedad civil, junto a funcionarios provinciales, crearon un espacio de trabajo y generaci\u00f3n de propuestas. Adem\u00e1s se present\u00f3 el sitio web de participaci\u00f3n ciudadana para el debate\" \/>\n<meta name=\"robots\" content=\"index, follow, max-snippet:-1, max-image-preview:large, max-video-preview:-1\" \/>\n<link rel=\"canonical\" href=\"https:\/\/municipales.org.ar\/festram\/reforma-constitucional-consejo-economico-social-santa-fe-constituyo-una-comision-especial-aportar-al-proceso\/\" \/>\n<meta property=\"og:locale\" content=\"es_ES\" \/>\n<meta property=\"og:type\" content=\"article\" \/>\n<meta property=\"og:title\" content=\"Reforma Constitucional: El Consejo Econ\u00f3mico y Social de Santa Fe constituy\u00f3 una comisi\u00f3n especial para aportar al proceso &#8211; FESTRAM\" \/>\n<meta property=\"og:description\" content=\"Representantes de organizaciones empresarias, de los trabajadores, de la sociedad civil, junto a funcionarios provinciales, crearon un espacio de trabajo y generaci\u00f3n de propuestas. Adem\u00e1s se present\u00f3 el sitio web de participaci\u00f3n ciudadana para el debate\" \/>\n<meta property=\"og:url\" content=\"https:\/\/municipales.org.ar\/festram\/reforma-constitucional-consejo-economico-social-santa-fe-constituyo-una-comision-especial-aportar-al-proceso\/\" \/>\n<meta property=\"og:site_name\" content=\"FESTRAM\" \/>\n<meta property=\"article:publisher\" content=\"https:\/\/www.facebook.com\/MunicipalesSF\" \/>\n<meta property=\"article:published_time\" content=\"2016-11-03T13:30:09+00:00\" \/>\n<meta property=\"article:modified_time\" content=\"2016-11-22T13:00:56+00:00\" \/>\n<meta property=\"og:image\" content=\"https:\/\/municipales.org.ar\/festram\/wp-content\/uploads\/2016\/11\/20161031-consejo-economico-social.jpeg\" \/>\n\t<meta property=\"og:image:width\" content=\"1920\" \/>\n\t<meta property=\"og:image:height\" content=\"1080\" \/>\n\t<meta property=\"og:image:type\" content=\"image\/jpeg\" \/>\n<meta name=\"author\" content=\"mun_admin\" \/>\n<meta name=\"twitter:card\" content=\"summary_large_image\" \/>\n<meta name=\"twitter:creator\" content=\"@MunicipalesSF\" \/>\n<meta name=\"twitter:site\" content=\"@MunicipalesSF\" \/>\n<meta name=\"twitter:label1\" content=\"Escrito por\" \/>\n\t<meta name=\"twitter:data1\" content=\"mun_admin\" \/>\n\t<meta name=\"twitter:label2\" content=\"Tiempo de lectura\" \/>\n\t<meta name=\"twitter:data2\" content=\"8 minutos\" \/>\n<script type=\"application\/ld+json\" class=\"yoast-schema-graph\">{\"@context\":\"https:\/\/schema.org\",\"@graph\":[{\"@type\":\"Article\",\"@id\":\"https:\/\/municipales.org.ar\/festram\/reforma-constitucional-consejo-economico-social-santa-fe-constituyo-una-comision-especial-aportar-al-proceso\/#article\",\"isPartOf\":{\"@id\":\"https:\/\/municipales.org.ar\/festram\/reforma-constitucional-consejo-economico-social-santa-fe-constituyo-una-comision-especial-aportar-al-proceso\/\"},\"author\":{\"name\":\"mun_admin\",\"@id\":\"https:\/\/municipales.org.ar\/festram\/#\/schema\/person\/49096a774c48ce9063df4d59ec059f9e\"},\"headline\":\"Reforma Constitucional: El Consejo Econ\u00f3mico y Social de Santa Fe constituy\u00f3 una comisi\u00f3n especial para aportar al proceso\",\"datePublished\":\"2016-11-03T13:30:09+00:00\",\"dateModified\":\"2016-11-22T13:00:56+00:00\",\"mainEntityOfPage\":{\"@id\":\"https:\/\/municipales.org.ar\/festram\/reforma-constitucional-consejo-economico-social-santa-fe-constituyo-una-comision-especial-aportar-al-proceso\/\"},\"wordCount\":1574,\"publisher\":{\"@id\":\"https:\/\/municipales.org.ar\/festram\/#organization\"},\"image\":{\"@id\":\"https:\/\/municipales.org.ar\/festram\/reforma-constitucional-consejo-economico-social-santa-fe-constituyo-una-comision-especial-aportar-al-proceso\/#primaryimage\"},\"thumbnailUrl\":\"https:\/\/municipales.org.ar\/festram\/wp-content\/uploads\/2016\/11\/20161031-consejo-economico-social.jpeg\",\"keywords\":[\"la provincia\"],\"articleSection\":[\"Seminarios y Actividades\"],\"inLanguage\":\"es\"},{\"@type\":\"WebPage\",\"@id\":\"https:\/\/municipales.org.ar\/festram\/reforma-constitucional-consejo-economico-social-santa-fe-constituyo-una-comision-especial-aportar-al-proceso\/\",\"url\":\"https:\/\/municipales.org.ar\/festram\/reforma-constitucional-consejo-economico-social-santa-fe-constituyo-una-comision-especial-aportar-al-proceso\/\",\"name\":\"Reforma Constitucional: El Consejo Econ\u00f3mico y Social de Santa Fe constituy\u00f3 una comisi\u00f3n especial para aportar al proceso &#8211; FESTRAM\",\"isPartOf\":{\"@id\":\"https:\/\/municipales.org.ar\/festram\/#website\"},\"primaryImageOfPage\":{\"@id\":\"https:\/\/municipales.org.ar\/festram\/reforma-constitucional-consejo-economico-social-santa-fe-constituyo-una-comision-especial-aportar-al-proceso\/#primaryimage\"},\"image\":{\"@id\":\"https:\/\/municipales.org.ar\/festram\/reforma-constitucional-consejo-economico-social-santa-fe-constituyo-una-comision-especial-aportar-al-proceso\/#primaryimage\"},\"thumbnailUrl\":\"https:\/\/municipales.org.ar\/festram\/wp-content\/uploads\/2016\/11\/20161031-consejo-economico-social.jpeg\",\"datePublished\":\"2016-11-03T13:30:09+00:00\",\"dateModified\":\"2016-11-22T13:00:56+00:00\",\"description\":\"Representantes de organizaciones empresarias, de los trabajadores, de la sociedad civil, junto a funcionarios provinciales, crearon un espacio de trabajo y generaci\u00f3n de propuestas. Adem\u00e1s se present\u00f3 el sitio web de participaci\u00f3n ciudadana para el debate\",\"breadcrumb\":{\"@id\":\"https:\/\/municipales.org.ar\/festram\/reforma-constitucional-consejo-economico-social-santa-fe-constituyo-una-comision-especial-aportar-al-proceso\/#breadcrumb\"},\"inLanguage\":\"es\",\"potentialAction\":[{\"@type\":\"ReadAction\",\"target\":[\"https:\/\/municipales.org.ar\/festram\/reforma-constitucional-consejo-economico-social-santa-fe-constituyo-una-comision-especial-aportar-al-proceso\/\"]}]},{\"@type\":\"ImageObject\",\"inLanguage\":\"es\",\"@id\":\"https:\/\/municipales.org.ar\/festram\/reforma-constitucional-consejo-economico-social-santa-fe-constituyo-una-comision-especial-aportar-al-proceso\/#primaryimage\",\"url\":\"https:\/\/municipales.org.ar\/festram\/wp-content\/uploads\/2016\/11\/20161031-consejo-economico-social.jpeg\",\"contentUrl\":\"https:\/\/municipales.org.ar\/festram\/wp-content\/uploads\/2016\/11\/20161031-consejo-economico-social.jpeg\",\"width\":1920,\"height\":1080},{\"@type\":\"BreadcrumbList\",\"@id\":\"https:\/\/municipales.org.ar\/festram\/reforma-constitucional-consejo-economico-social-santa-fe-constituyo-una-comision-especial-aportar-al-proceso\/#breadcrumb\",\"itemListElement\":[{\"@type\":\"ListItem\",\"position\":1,\"name\":\"Portada\",\"item\":\"https:\/\/municipales.org.ar\/festram\/\"},{\"@type\":\"ListItem\",\"position\":2,\"name\":\"Reforma Constitucional: El Consejo Econ\u00f3mico y Social de Santa Fe constituy\u00f3 una comisi\u00f3n especial para aportar al proceso\"}]},{\"@type\":\"WebSite\",\"@id\":\"https:\/\/municipales.org.ar\/festram\/#website\",\"url\":\"https:\/\/municipales.org.ar\/festram\/\",\"name\":\"FESTRAM\",\"description\":\"La web de los trabajadores municipales\",\"publisher\":{\"@id\":\"https:\/\/municipales.org.ar\/festram\/#organization\"},\"potentialAction\":[{\"@type\":\"SearchAction\",\"target\":{\"@type\":\"EntryPoint\",\"urlTemplate\":\"https:\/\/municipales.org.ar\/festram\/?s={search_term_string}\"},\"query-input\":{\"@type\":\"PropertyValueSpecification\",\"valueRequired\":true,\"valueName\":\"search_term_string\"}}],\"inLanguage\":\"es\"},{\"@type\":\"Organization\",\"@id\":\"https:\/\/municipales.org.ar\/festram\/#organization\",\"name\":\"Federaci\u00f3n de Sindicatos de Trabajadores Municipales de la Provincia de Santa Fe\",\"url\":\"https:\/\/municipales.org.ar\/festram\/\",\"logo\":{\"@type\":\"ImageObject\",\"inLanguage\":\"es\",\"@id\":\"https:\/\/municipales.org.ar\/festram\/#\/schema\/logo\/image\/\",\"url\":\"https:\/\/www.municipales.org.ar\/festram\/wp-content\/uploads\/2014\/07\/logo_fes.jpg\",\"contentUrl\":\"https:\/\/www.municipales.org.ar\/festram\/wp-content\/uploads\/2014\/07\/logo_fes.jpg\",\"width\":661,\"height\":673,\"caption\":\"Federaci\u00f3n de Sindicatos de Trabajadores Municipales de la Provincia de Santa Fe\"},\"image\":{\"@id\":\"https:\/\/municipales.org.ar\/festram\/#\/schema\/logo\/image\/\"},\"sameAs\":[\"https:\/\/www.facebook.com\/MunicipalesSF\",\"https:\/\/x.com\/MunicipalesSF\",\"https:\/\/www.youtube.com\/user\/festram\"]},{\"@type\":\"Person\",\"@id\":\"https:\/\/municipales.org.ar\/festram\/#\/schema\/person\/49096a774c48ce9063df4d59ec059f9e\",\"name\":\"mun_admin\"}]}<\/script>\n<!-- \/ Yoast SEO plugin. -->","yoast_head_json":{"title":"Reforma Constitucional: El Consejo Econ\u00f3mico y Social de Santa Fe constituy\u00f3 una comisi\u00f3n especial para aportar al proceso &#8211; FESTRAM","description":"Representantes de organizaciones empresarias, de los trabajadores, de la sociedad civil, junto a funcionarios provinciales, crearon un espacio de trabajo y generaci\u00f3n de propuestas. Adem\u00e1s se present\u00f3 el sitio web de participaci\u00f3n ciudadana para el debate","robots":{"index":"index","follow":"follow","max-snippet":"max-snippet:-1","max-image-preview":"max-image-preview:large","max-video-preview":"max-video-preview:-1"},"canonical":"https:\/\/municipales.org.ar\/festram\/reforma-constitucional-consejo-economico-social-santa-fe-constituyo-una-comision-especial-aportar-al-proceso\/","og_locale":"es_ES","og_type":"article","og_title":"Reforma Constitucional: El Consejo Econ\u00f3mico y Social de Santa Fe constituy\u00f3 una comisi\u00f3n especial para aportar al proceso &#8211; FESTRAM","og_description":"Representantes de organizaciones empresarias, de los trabajadores, de la sociedad civil, junto a funcionarios provinciales, crearon un espacio de trabajo y generaci\u00f3n de propuestas. Adem\u00e1s se present\u00f3 el sitio web de participaci\u00f3n ciudadana para el debate","og_url":"https:\/\/municipales.org.ar\/festram\/reforma-constitucional-consejo-economico-social-santa-fe-constituyo-una-comision-especial-aportar-al-proceso\/","og_site_name":"FESTRAM","article_publisher":"https:\/\/www.facebook.com\/MunicipalesSF","article_published_time":"2016-11-03T13:30:09+00:00","article_modified_time":"2016-11-22T13:00:56+00:00","og_image":[{"width":1920,"height":1080,"url":"https:\/\/municipales.org.ar\/festram\/wp-content\/uploads\/2016\/11\/20161031-consejo-economico-social.jpeg","type":"image\/jpeg"}],"author":"mun_admin","twitter_card":"summary_large_image","twitter_creator":"@MunicipalesSF","twitter_site":"@MunicipalesSF","twitter_misc":{"Escrito por":"mun_admin","Tiempo de lectura":"8 minutos"},"schema":{"@context":"https:\/\/schema.org","@graph":[{"@type":"Article","@id":"https:\/\/municipales.org.ar\/festram\/reforma-constitucional-consejo-economico-social-santa-fe-constituyo-una-comision-especial-aportar-al-proceso\/#article","isPartOf":{"@id":"https:\/\/municipales.org.ar\/festram\/reforma-constitucional-consejo-economico-social-santa-fe-constituyo-una-comision-especial-aportar-al-proceso\/"},"author":{"name":"mun_admin","@id":"https:\/\/municipales.org.ar\/festram\/#\/schema\/person\/49096a774c48ce9063df4d59ec059f9e"},"headline":"Reforma Constitucional: El Consejo Econ\u00f3mico y Social de Santa Fe constituy\u00f3 una comisi\u00f3n especial para aportar al proceso","datePublished":"2016-11-03T13:30:09+00:00","dateModified":"2016-11-22T13:00:56+00:00","mainEntityOfPage":{"@id":"https:\/\/municipales.org.ar\/festram\/reforma-constitucional-consejo-economico-social-santa-fe-constituyo-una-comision-especial-aportar-al-proceso\/"},"wordCount":1574,"publisher":{"@id":"https:\/\/municipales.org.ar\/festram\/#organization"},"image":{"@id":"https:\/\/municipales.org.ar\/festram\/reforma-constitucional-consejo-economico-social-santa-fe-constituyo-una-comision-especial-aportar-al-proceso\/#primaryimage"},"thumbnailUrl":"https:\/\/municipales.org.ar\/festram\/wp-content\/uploads\/2016\/11\/20161031-consejo-economico-social.jpeg","keywords":["la provincia"],"articleSection":["Seminarios y Actividades"],"inLanguage":"es"},{"@type":"WebPage","@id":"https:\/\/municipales.org.ar\/festram\/reforma-constitucional-consejo-economico-social-santa-fe-constituyo-una-comision-especial-aportar-al-proceso\/","url":"https:\/\/municipales.org.ar\/festram\/reforma-constitucional-consejo-economico-social-santa-fe-constituyo-una-comision-especial-aportar-al-proceso\/","name":"Reforma Constitucional: El Consejo Econ\u00f3mico y Social de Santa Fe constituy\u00f3 una comisi\u00f3n especial para aportar al proceso &#8211; FESTRAM","isPartOf":{"@id":"https:\/\/municipales.org.ar\/festram\/#website"},"primaryImageOfPage":{"@id":"https:\/\/municipales.org.ar\/festram\/reforma-constitucional-consejo-economico-social-santa-fe-constituyo-una-comision-especial-aportar-al-proceso\/#primaryimage"},"image":{"@id":"https:\/\/municipales.org.ar\/festram\/reforma-constitucional-consejo-economico-social-santa-fe-constituyo-una-comision-especial-aportar-al-proceso\/#primaryimage"},"thumbnailUrl":"https:\/\/municipales.org.ar\/festram\/wp-content\/uploads\/2016\/11\/20161031-consejo-economico-social.jpeg","datePublished":"2016-11-03T13:30:09+00:00","dateModified":"2016-11-22T13:00:56+00:00","description":"Representantes de organizaciones empresarias, de los trabajadores, de la sociedad civil, junto a funcionarios provinciales, crearon un espacio de trabajo y generaci\u00f3n de propuestas. Adem\u00e1s se present\u00f3 el sitio web de participaci\u00f3n ciudadana para el debate","breadcrumb":{"@id":"https:\/\/municipales.org.ar\/festram\/reforma-constitucional-consejo-economico-social-santa-fe-constituyo-una-comision-especial-aportar-al-proceso\/#breadcrumb"},"inLanguage":"es","potentialAction":[{"@type":"ReadAction","target":["https:\/\/municipales.org.ar\/festram\/reforma-constitucional-consejo-economico-social-santa-fe-constituyo-una-comision-especial-aportar-al-proceso\/"]}]},{"@type":"ImageObject","inLanguage":"es","@id":"https:\/\/municipales.org.ar\/festram\/reforma-constitucional-consejo-economico-social-santa-fe-constituyo-una-comision-especial-aportar-al-proceso\/#primaryimage","url":"https:\/\/municipales.org.ar\/festram\/wp-content\/uploads\/2016\/11\/20161031-consejo-economico-social.jpeg","contentUrl":"https:\/\/municipales.org.ar\/festram\/wp-content\/uploads\/2016\/11\/20161031-consejo-economico-social.jpeg","width":1920,"height":1080},{"@type":"BreadcrumbList","@id":"https:\/\/municipales.org.ar\/festram\/reforma-constitucional-consejo-economico-social-santa-fe-constituyo-una-comision-especial-aportar-al-proceso\/#breadcrumb","itemListElement":[{"@type":"ListItem","position":1,"name":"Portada","item":"https:\/\/municipales.org.ar\/festram\/"},{"@type":"ListItem","position":2,"name":"Reforma Constitucional: El Consejo Econ\u00f3mico y Social de Santa Fe constituy\u00f3 una comisi\u00f3n especial para aportar al proceso"}]},{"@type":"WebSite","@id":"https:\/\/municipales.org.ar\/festram\/#website","url":"https:\/\/municipales.org.ar\/festram\/","name":"FESTRAM","description":"La web de los trabajadores municipales","publisher":{"@id":"https:\/\/municipales.org.ar\/festram\/#organization"},"potentialAction":[{"@type":"SearchAction","target":{"@type":"EntryPoint","urlTemplate":"https:\/\/municipales.org.ar\/festram\/?s={search_term_string}"},"query-input":{"@type":"PropertyValueSpecification","valueRequired":true,"valueName":"search_term_string"}}],"inLanguage":"es"},{"@type":"Organization","@id":"https:\/\/municipales.org.ar\/festram\/#organization","name":"Federaci\u00f3n de Sindicatos de Trabajadores Municipales de la Provincia de Santa Fe","url":"https:\/\/municipales.org.ar\/festram\/","logo":{"@type":"ImageObject","inLanguage":"es","@id":"https:\/\/municipales.org.ar\/festram\/#\/schema\/logo\/image\/","url":"https:\/\/www.municipales.org.ar\/festram\/wp-content\/uploads\/2014\/07\/logo_fes.jpg","contentUrl":"https:\/\/www.municipales.org.ar\/festram\/wp-content\/uploads\/2014\/07\/logo_fes.jpg","width":661,"height":673,"caption":"Federaci\u00f3n de Sindicatos de Trabajadores Municipales de la Provincia de Santa Fe"},"image":{"@id":"https:\/\/municipales.org.ar\/festram\/#\/schema\/logo\/image\/"},"sameAs":["https:\/\/www.facebook.com\/MunicipalesSF","https:\/\/x.com\/MunicipalesSF","https:\/\/www.youtube.com\/user\/festram"]},{"@type":"Person","@id":"https:\/\/municipales.org.ar\/festram\/#\/schema\/person\/49096a774c48ce9063df4d59ec059f9e","name":"mun_admin"}]}},"jetpack_publicize_connections":[],"jetpack_featured_media_url":"https:\/\/municipales.org.ar\/festram\/wp-content\/uploads\/2016\/11\/20161031-consejo-economico-social.jpeg","jetpack_sharing_enabled":true,"jetpack_likes_enabled":false,"jetpack_shortlink":"https:\/\/wp.me\/p7l4x1-2Xn","_links":{"self":[{"href":"https:\/\/municipales.org.ar\/festram\/wp-json\/wp\/v2\/posts\/11369","targetHints":{"allow":["GET"]}}],"collection":[{"href":"https:\/\/municipales.org.ar\/festram\/wp-json\/wp\/v2\/posts"}],"about":[{"href":"https:\/\/municipales.org.ar\/festram\/wp-json\/wp\/v2\/types\/post"}],"author":[{"embeddable":true,"href":"https:\/\/municipales.org.ar\/festram\/wp-json\/wp\/v2\/users\/1"}],"replies":[{"embeddable":true,"href":"https:\/\/municipales.org.ar\/festram\/wp-json\/wp\/v2\/comments?post=11369"}],"version-history":[{"count":1,"href":"https:\/\/municipales.org.ar\/festram\/wp-json\/wp\/v2\/posts\/11369\/revisions"}],"predecessor-version":[{"id":11371,"href":"https:\/\/municipales.org.ar\/festram\/wp-json\/wp\/v2\/posts\/11369\/revisions\/11371"}],"wp:featuredmedia":[{"embeddable":true,"href":"https:\/\/municipales.org.ar\/festram\/wp-json\/wp\/v2\/media\/11370"}],"wp:attachment":[{"href":"https:\/\/municipales.org.ar\/festram\/wp-json\/wp\/v2\/media?parent=11369"}],"wp:term":[{"taxonomy":"category","embeddable":true,"href":"https:\/\/municipales.org.ar\/festram\/wp-json\/wp\/v2\/categories?post=11369"},{"taxonomy":"post_tag","embeddable":true,"href":"https:\/\/municipales.org.ar\/festram\/wp-json\/wp\/v2\/tags?post=11369"}],"curies":[{"name":"wp","href":"https:\/\/api.w.org\/{rel}","templated":true}]}}