{"id":11412,"date":"2016-11-15T19:44:11","date_gmt":"2016-11-15T22:44:11","guid":{"rendered":"http:\/\/www.municipales.org.ar\/festram\/?p=11412"},"modified":"2016-11-21T22:08:25","modified_gmt":"2016-11-22T01:08:25","slug":"jornada-capacitacion-comunicacion-institucional","status":"publish","type":"post","link":"https:\/\/municipales.org.ar\/festram\/jornada-capacitacion-comunicacion-institucional\/","title":{"rendered":"Jornada de Capacitaci\u00f3n en Comunicaci\u00f3n Institucional"},"content":{"rendered":"<h3>Se desarroll\u00e1 en el Complejo Institucional de FESTRAM el pr\u00f3ximo 29 de Noviembre y tiene como objetivo analizar el manejo de las herramientas comunicacionales m\u00e1s adecuadas para las necesidades de las estructuras sindicales<\/h3>\n<p>&nbsp;<\/p>\n<p>La Jornada de Capacitaci\u00f3n en Comunicaci\u00f3n Institucional a realizarse el 29 de Noviembre en la sede institucional de FESTRAM \u2013 Avenida Freyre 1635 de Santa Fe- surge a partir de dos requerimientos concretos en la materia.<\/p>\n<p>El primero de ellos por parte de alumnos de los cursos de capacitaci\u00f3n realizados a partir del convenio de la Federaci\u00f3n con Gobiern@ \u2013Gobierno de la Provincia- y por el otro, a solicitud de Secretarios Generales y dirigentes de algunos de los Sindicatos de Base que est\u00e1n necesitando asesoramiento sobre el funcionamiento de sus \u00e1reas de prensa o del manejo de las herramientas comunicacionales m\u00e1s adecuadas, para las necesidades de la propia estructura sindical.<\/p>\n<p>Por lo tanto tres son los sujetos de la convocatoria:<\/p>\n<ul>\n<li>Integrantes de comisiones directivas, delegados, responsables de \u00e1reas de prensa o compa\u00f1eros\/as interesados dentro de cada sindicato en sumar conocimientos para fortalecer la tarea gremial.<\/li>\n<li>Empleados municipales que participaron\/participan de los cursos de formaci\u00f3n.<\/li>\n<li>Comunicadores ligados a los sindicatos, con los cuales se mantengan una relaci\u00f3n formal y que muestren inter\u00e9s en consolidar su perspectiva de trabajo y su formaci\u00f3n en el tema. Un ejemplo de ello, puede ser aquellos empleados municipales o allegados al sindicato que tienen un programa de radio, p\u00e1gina web, peri\u00f3dico, etc. que difunde partes de prensa, hace reportajes y se interesa por la actividad sindical en general y la de los municipales en particular.<\/li>\n<\/ul>\n<p>&nbsp;<\/p>\n<p><strong>Modalidad: Trabajo en Plenario y Grupos.<\/strong><\/p>\n<p>&nbsp;<\/p>\n<p><strong>Mail de contacto para consultas\/inscripci\u00f3n:<\/strong> <a href=\"mailto:festramprensa@gmail.com\">festramprensa@gmail.com<\/a><\/p>\n<p><strong>Tel\u00e9fono:<\/strong> 0342 155 999 872\u00a0 &#8211; Carlos Borgna.<\/p>\n<p>&nbsp;<\/p>\n<p><strong>Coordinan la actividad:<\/strong><\/p>\n<ul>\n<li><em>Lic. Aldo Rotman, Responsable del Sistema de Radios de la Universidad Nacional de Entre R\u00edos. Integrante de ARUNA. (Asociaci\u00f3n de Radios de Universidades Nacionales).<\/em><\/li>\n<li><em>Licenciada en Comunicaci\u00f3n Social Mar\u00eda Eugenia Sarli. Paran\u00e1.<\/em><\/li>\n<li><em>Licenciado en Comunicaci\u00f3n Jos\u00e9 Luis Cardozo. Santa Fe.<\/em><\/li>\n<\/ul>\n<p><strong>FECHA: 29 Noviembre de 2016. Horario de funcionamiento 9,30 a 16,30 hs.<\/strong><\/p>\n","protected":false},"excerpt":{"rendered":"<p>Se desarroll\u00e1 en el Complejo Institucional de FESTRAM el pr\u00f3ximo 29 de Noviembre y tiene como objetivo analizar el manejo de las herramientas comunicacionales m\u00e1s adecuadas para las necesidades de las estructuras sindicales<\/p>\n","protected":false},"author":1,"featured_media":11413,"comment_status":"closed","ping_status":"closed","sticky":false,"template":"","format":"standard","meta":{"_jetpack_memberships_contains_paid_content":false,"footnotes":"","jetpack_publicize_message":"Jornada de Capacitaci\u00f3n en Comunicaci\u00f3n Institucional","jetpack_publicize_feature_enabled":true,"jetpack_social_post_already_shared":true,"jetpack_social_options":{"image_generator_settings":{"template":"highway","default_image_id":0,"font":"","enabled":false},"version":2}},"categories":[43,61],"tags":[157],"class_list":["post-11412","post","type-post","status-publish","format-standard","has-post-thumbnail","hentry","category-capacitacion","category-seminarios-y-actividades","tag-actividades-varias"],"yoast_head":"<!-- This site is optimized with the Yoast SEO plugin v25.9 - https:\/\/yoast.com\/wordpress\/plugins\/seo\/ -->\n<title>Jornada de Capacitaci\u00f3n en Comunicaci\u00f3n Institucional &#8211; FESTRAM<\/title>\n<meta name=\"description\" content=\"Se desarroll\u00e1 en el Complejo Institucional de FESTRAM el pr\u00f3ximo 29 de Noviembre y tiene como objetivo analizar el manejo de las herramientas comunicacionales m\u00e1s adecuadas para las necesidades de las estructuras sindicales\" \/>\n<meta name=\"robots\" content=\"index, follow, max-snippet:-1, max-image-preview:large, max-video-preview:-1\" \/>\n<link rel=\"canonical\" href=\"https:\/\/municipales.org.ar\/festram\/jornada-capacitacion-comunicacion-institucional\/\" \/>\n<meta property=\"og:locale\" content=\"es_ES\" \/>\n<meta property=\"og:type\" content=\"article\" \/>\n<meta property=\"og:title\" content=\"Jornada de Capacitaci\u00f3n en Comunicaci\u00f3n Institucional &#8211; FESTRAM\" \/>\n<meta property=\"og:description\" content=\"Se desarroll\u00e1 en el Complejo Institucional de FESTRAM el pr\u00f3ximo 29 de Noviembre y tiene como objetivo analizar el manejo de las herramientas comunicacionales m\u00e1s adecuadas para las necesidades de las estructuras sindicales\" \/>\n<meta property=\"og:url\" content=\"https:\/\/municipales.org.ar\/festram\/jornada-capacitacion-comunicacion-institucional\/\" \/>\n<meta property=\"og:site_name\" content=\"FESTRAM\" \/>\n<meta property=\"article:publisher\" content=\"https:\/\/www.facebook.com\/MunicipalesSF\" \/>\n<meta property=\"article:published_time\" content=\"2016-11-15T22:44:11+00:00\" \/>\n<meta property=\"article:modified_time\" content=\"2016-11-22T01:08:25+00:00\" \/>\n<meta property=\"og:image\" content=\"https:\/\/municipales.org.ar\/festram\/wp-content\/uploads\/2016\/11\/banner-web.jpg\" \/>\n\t<meta property=\"og:image:width\" content=\"1000\" \/>\n\t<meta property=\"og:image:height\" content=\"1062\" \/>\n\t<meta property=\"og:image:type\" content=\"image\/jpeg\" \/>\n<meta name=\"author\" content=\"mun_admin\" \/>\n<meta name=\"twitter:card\" content=\"summary_large_image\" \/>\n<meta name=\"twitter:creator\" content=\"@MunicipalesSF\" \/>\n<meta name=\"twitter:site\" content=\"@MunicipalesSF\" \/>\n<meta name=\"twitter:label1\" content=\"Escrito por\" \/>\n\t<meta name=\"twitter:data1\" content=\"mun_admin\" \/>\n\t<meta name=\"twitter:label2\" content=\"Tiempo de lectura\" \/>\n\t<meta name=\"twitter:data2\" content=\"2 minutos\" \/>\n<script type=\"application\/ld+json\" class=\"yoast-schema-graph\">{\"@context\":\"https:\/\/schema.org\",\"@graph\":[{\"@type\":\"Article\",\"@id\":\"https:\/\/municipales.org.ar\/festram\/jornada-capacitacion-comunicacion-institucional\/#article\",\"isPartOf\":{\"@id\":\"https:\/\/municipales.org.ar\/festram\/jornada-capacitacion-comunicacion-institucional\/\"},\"author\":{\"name\":\"mun_admin\",\"@id\":\"https:\/\/municipales.org.ar\/festram\/#\/schema\/person\/49096a774c48ce9063df4d59ec059f9e\"},\"headline\":\"Jornada de Capacitaci\u00f3n en Comunicaci\u00f3n Institucional\",\"datePublished\":\"2016-11-15T22:44:11+00:00\",\"dateModified\":\"2016-11-22T01:08:25+00:00\",\"mainEntityOfPage\":{\"@id\":\"https:\/\/municipales.org.ar\/festram\/jornada-capacitacion-comunicacion-institucional\/\"},\"wordCount\":364,\"publisher\":{\"@id\":\"https:\/\/municipales.org.ar\/festram\/#organization\"},\"image\":{\"@id\":\"https:\/\/municipales.org.ar\/festram\/jornada-capacitacion-comunicacion-institucional\/#primaryimage\"},\"thumbnailUrl\":\"https:\/\/municipales.org.ar\/festram\/wp-content\/uploads\/2016\/11\/banner-web.jpg\",\"keywords\":[\"actividades varias\"],\"articleSection\":[\"Capacitaci\u00f3n\",\"Seminarios y Actividades\"],\"inLanguage\":\"es\"},{\"@type\":\"WebPage\",\"@id\":\"https:\/\/municipales.org.ar\/festram\/jornada-capacitacion-comunicacion-institucional\/\",\"url\":\"https:\/\/municipales.org.ar\/festram\/jornada-capacitacion-comunicacion-institucional\/\",\"name\":\"Jornada de Capacitaci\u00f3n en Comunicaci\u00f3n Institucional &#8211; FESTRAM\",\"isPartOf\":{\"@id\":\"https:\/\/municipales.org.ar\/festram\/#website\"},\"primaryImageOfPage\":{\"@id\":\"https:\/\/municipales.org.ar\/festram\/jornada-capacitacion-comunicacion-institucional\/#primaryimage\"},\"image\":{\"@id\":\"https:\/\/municipales.org.ar\/festram\/jornada-capacitacion-comunicacion-institucional\/#primaryimage\"},\"thumbnailUrl\":\"https:\/\/municipales.org.ar\/festram\/wp-content\/uploads\/2016\/11\/banner-web.jpg\",\"datePublished\":\"2016-11-15T22:44:11+00:00\",\"dateModified\":\"2016-11-22T01:08:25+00:00\",\"description\":\"Se desarroll\u00e1 en el Complejo Institucional de FESTRAM el pr\u00f3ximo 29 de Noviembre y tiene como objetivo analizar el manejo de las herramientas comunicacionales m\u00e1s adecuadas para las necesidades de las estructuras sindicales\",\"breadcrumb\":{\"@id\":\"https:\/\/municipales.org.ar\/festram\/jornada-capacitacion-comunicacion-institucional\/#breadcrumb\"},\"inLanguage\":\"es\",\"potentialAction\":[{\"@type\":\"ReadAction\",\"target\":[\"https:\/\/municipales.org.ar\/festram\/jornada-capacitacion-comunicacion-institucional\/\"]}]},{\"@type\":\"ImageObject\",\"inLanguage\":\"es\",\"@id\":\"https:\/\/municipales.org.ar\/festram\/jornada-capacitacion-comunicacion-institucional\/#primaryimage\",\"url\":\"https:\/\/municipales.org.ar\/festram\/wp-content\/uploads\/2016\/11\/banner-web.jpg\",\"contentUrl\":\"https:\/\/municipales.org.ar\/festram\/wp-content\/uploads\/2016\/11\/banner-web.jpg\",\"width\":1000,\"height\":1062},{\"@type\":\"BreadcrumbList\",\"@id\":\"https:\/\/municipales.org.ar\/festram\/jornada-capacitacion-comunicacion-institucional\/#breadcrumb\",\"itemListElement\":[{\"@type\":\"ListItem\",\"position\":1,\"name\":\"Portada\",\"item\":\"https:\/\/municipales.org.ar\/festram\/\"},{\"@type\":\"ListItem\",\"position\":2,\"name\":\"Jornada de Capacitaci\u00f3n en Comunicaci\u00f3n Institucional\"}]},{\"@type\":\"WebSite\",\"@id\":\"https:\/\/municipales.org.ar\/festram\/#website\",\"url\":\"https:\/\/municipales.org.ar\/festram\/\",\"name\":\"FESTRAM\",\"description\":\"La web de los trabajadores municipales\",\"publisher\":{\"@id\":\"https:\/\/municipales.org.ar\/festram\/#organization\"},\"potentialAction\":[{\"@type\":\"SearchAction\",\"target\":{\"@type\":\"EntryPoint\",\"urlTemplate\":\"https:\/\/municipales.org.ar\/festram\/?s={search_term_string}\"},\"query-input\":{\"@type\":\"PropertyValueSpecification\",\"valueRequired\":true,\"valueName\":\"search_term_string\"}}],\"inLanguage\":\"es\"},{\"@type\":\"Organization\",\"@id\":\"https:\/\/municipales.org.ar\/festram\/#organization\",\"name\":\"Federaci\u00f3n de Sindicatos de Trabajadores Municipales de la Provincia de Santa Fe\",\"url\":\"https:\/\/municipales.org.ar\/festram\/\",\"logo\":{\"@type\":\"ImageObject\",\"inLanguage\":\"es\",\"@id\":\"https:\/\/municipales.org.ar\/festram\/#\/schema\/logo\/image\/\",\"url\":\"https:\/\/www.municipales.org.ar\/festram\/wp-content\/uploads\/2014\/07\/logo_fes.jpg\",\"contentUrl\":\"https:\/\/www.municipales.org.ar\/festram\/wp-content\/uploads\/2014\/07\/logo_fes.jpg\",\"width\":661,\"height\":673,\"caption\":\"Federaci\u00f3n de Sindicatos de Trabajadores Municipales de la Provincia de Santa Fe\"},\"image\":{\"@id\":\"https:\/\/municipales.org.ar\/festram\/#\/schema\/logo\/image\/\"},\"sameAs\":[\"https:\/\/www.facebook.com\/MunicipalesSF\",\"https:\/\/x.com\/MunicipalesSF\",\"https:\/\/www.youtube.com\/user\/festram\"]},{\"@type\":\"Person\",\"@id\":\"https:\/\/municipales.org.ar\/festram\/#\/schema\/person\/49096a774c48ce9063df4d59ec059f9e\",\"name\":\"mun_admin\"}]}<\/script>\n<!-- \/ Yoast SEO plugin. -->","yoast_head_json":{"title":"Jornada de Capacitaci\u00f3n en Comunicaci\u00f3n Institucional &#8211; FESTRAM","description":"Se desarroll\u00e1 en el Complejo Institucional de FESTRAM el pr\u00f3ximo 29 de Noviembre y tiene como objetivo analizar el manejo de las herramientas comunicacionales m\u00e1s adecuadas para las necesidades de las estructuras sindicales","robots":{"index":"index","follow":"follow","max-snippet":"max-snippet:-1","max-image-preview":"max-image-preview:large","max-video-preview":"max-video-preview:-1"},"canonical":"https:\/\/municipales.org.ar\/festram\/jornada-capacitacion-comunicacion-institucional\/","og_locale":"es_ES","og_type":"article","og_title":"Jornada de Capacitaci\u00f3n en Comunicaci\u00f3n Institucional &#8211; FESTRAM","og_description":"Se desarroll\u00e1 en el Complejo Institucional de FESTRAM el pr\u00f3ximo 29 de Noviembre y tiene como objetivo analizar el manejo de las herramientas comunicacionales m\u00e1s adecuadas para las necesidades de las estructuras sindicales","og_url":"https:\/\/municipales.org.ar\/festram\/jornada-capacitacion-comunicacion-institucional\/","og_site_name":"FESTRAM","article_publisher":"https:\/\/www.facebook.com\/MunicipalesSF","article_published_time":"2016-11-15T22:44:11+00:00","article_modified_time":"2016-11-22T01:08:25+00:00","og_image":[{"width":1000,"height":1062,"url":"https:\/\/municipales.org.ar\/festram\/wp-content\/uploads\/2016\/11\/banner-web.jpg","type":"image\/jpeg"}],"author":"mun_admin","twitter_card":"summary_large_image","twitter_creator":"@MunicipalesSF","twitter_site":"@MunicipalesSF","twitter_misc":{"Escrito por":"mun_admin","Tiempo de lectura":"2 minutos"},"schema":{"@context":"https:\/\/schema.org","@graph":[{"@type":"Article","@id":"https:\/\/municipales.org.ar\/festram\/jornada-capacitacion-comunicacion-institucional\/#article","isPartOf":{"@id":"https:\/\/municipales.org.ar\/festram\/jornada-capacitacion-comunicacion-institucional\/"},"author":{"name":"mun_admin","@id":"https:\/\/municipales.org.ar\/festram\/#\/schema\/person\/49096a774c48ce9063df4d59ec059f9e"},"headline":"Jornada de Capacitaci\u00f3n en Comunicaci\u00f3n Institucional","datePublished":"2016-11-15T22:44:11+00:00","dateModified":"2016-11-22T01:08:25+00:00","mainEntityOfPage":{"@id":"https:\/\/municipales.org.ar\/festram\/jornada-capacitacion-comunicacion-institucional\/"},"wordCount":364,"publisher":{"@id":"https:\/\/municipales.org.ar\/festram\/#organization"},"image":{"@id":"https:\/\/municipales.org.ar\/festram\/jornada-capacitacion-comunicacion-institucional\/#primaryimage"},"thumbnailUrl":"https:\/\/municipales.org.ar\/festram\/wp-content\/uploads\/2016\/11\/banner-web.jpg","keywords":["actividades varias"],"articleSection":["Capacitaci\u00f3n","Seminarios y Actividades"],"inLanguage":"es"},{"@type":"WebPage","@id":"https:\/\/municipales.org.ar\/festram\/jornada-capacitacion-comunicacion-institucional\/","url":"https:\/\/municipales.org.ar\/festram\/jornada-capacitacion-comunicacion-institucional\/","name":"Jornada de Capacitaci\u00f3n en Comunicaci\u00f3n Institucional &#8211; FESTRAM","isPartOf":{"@id":"https:\/\/municipales.org.ar\/festram\/#website"},"primaryImageOfPage":{"@id":"https:\/\/municipales.org.ar\/festram\/jornada-capacitacion-comunicacion-institucional\/#primaryimage"},"image":{"@id":"https:\/\/municipales.org.ar\/festram\/jornada-capacitacion-comunicacion-institucional\/#primaryimage"},"thumbnailUrl":"https:\/\/municipales.org.ar\/festram\/wp-content\/uploads\/2016\/11\/banner-web.jpg","datePublished":"2016-11-15T22:44:11+00:00","dateModified":"2016-11-22T01:08:25+00:00","description":"Se desarroll\u00e1 en el Complejo Institucional de FESTRAM el pr\u00f3ximo 29 de Noviembre y tiene como objetivo analizar el manejo de las herramientas comunicacionales m\u00e1s adecuadas para las necesidades de las estructuras sindicales","breadcrumb":{"@id":"https:\/\/municipales.org.ar\/festram\/jornada-capacitacion-comunicacion-institucional\/#breadcrumb"},"inLanguage":"es","potentialAction":[{"@type":"ReadAction","target":["https:\/\/municipales.org.ar\/festram\/jornada-capacitacion-comunicacion-institucional\/"]}]},{"@type":"ImageObject","inLanguage":"es","@id":"https:\/\/municipales.org.ar\/festram\/jornada-capacitacion-comunicacion-institucional\/#primaryimage","url":"https:\/\/municipales.org.ar\/festram\/wp-content\/uploads\/2016\/11\/banner-web.jpg","contentUrl":"https:\/\/municipales.org.ar\/festram\/wp-content\/uploads\/2016\/11\/banner-web.jpg","width":1000,"height":1062},{"@type":"BreadcrumbList","@id":"https:\/\/municipales.org.ar\/festram\/jornada-capacitacion-comunicacion-institucional\/#breadcrumb","itemListElement":[{"@type":"ListItem","position":1,"name":"Portada","item":"https:\/\/municipales.org.ar\/festram\/"},{"@type":"ListItem","position":2,"name":"Jornada de Capacitaci\u00f3n en Comunicaci\u00f3n Institucional"}]},{"@type":"WebSite","@id":"https:\/\/municipales.org.ar\/festram\/#website","url":"https:\/\/municipales.org.ar\/festram\/","name":"FESTRAM","description":"La web de los trabajadores municipales","publisher":{"@id":"https:\/\/municipales.org.ar\/festram\/#organization"},"potentialAction":[{"@type":"SearchAction","target":{"@type":"EntryPoint","urlTemplate":"https:\/\/municipales.org.ar\/festram\/?s={search_term_string}"},"query-input":{"@type":"PropertyValueSpecification","valueRequired":true,"valueName":"search_term_string"}}],"inLanguage":"es"},{"@type":"Organization","@id":"https:\/\/municipales.org.ar\/festram\/#organization","name":"Federaci\u00f3n de Sindicatos de Trabajadores Municipales de la Provincia de Santa Fe","url":"https:\/\/municipales.org.ar\/festram\/","logo":{"@type":"ImageObject","inLanguage":"es","@id":"https:\/\/municipales.org.ar\/festram\/#\/schema\/logo\/image\/","url":"https:\/\/www.municipales.org.ar\/festram\/wp-content\/uploads\/2014\/07\/logo_fes.jpg","contentUrl":"https:\/\/www.municipales.org.ar\/festram\/wp-content\/uploads\/2014\/07\/logo_fes.jpg","width":661,"height":673,"caption":"Federaci\u00f3n de Sindicatos de Trabajadores Municipales de la Provincia de Santa Fe"},"image":{"@id":"https:\/\/municipales.org.ar\/festram\/#\/schema\/logo\/image\/"},"sameAs":["https:\/\/www.facebook.com\/MunicipalesSF","https:\/\/x.com\/MunicipalesSF","https:\/\/www.youtube.com\/user\/festram"]},{"@type":"Person","@id":"https:\/\/municipales.org.ar\/festram\/#\/schema\/person\/49096a774c48ce9063df4d59ec059f9e","name":"mun_admin"}]}},"jetpack_publicize_connections":[],"jetpack_featured_media_url":"https:\/\/municipales.org.ar\/festram\/wp-content\/uploads\/2016\/11\/banner-web.jpg","jetpack_sharing_enabled":true,"jetpack_likes_enabled":false,"jetpack_shortlink":"https:\/\/wp.me\/p7l4x1-2Y4","_links":{"self":[{"href":"https:\/\/municipales.org.ar\/festram\/wp-json\/wp\/v2\/posts\/11412","targetHints":{"allow":["GET"]}}],"collection":[{"href":"https:\/\/municipales.org.ar\/festram\/wp-json\/wp\/v2\/posts"}],"about":[{"href":"https:\/\/municipales.org.ar\/festram\/wp-json\/wp\/v2\/types\/post"}],"author":[{"embeddable":true,"href":"https:\/\/municipales.org.ar\/festram\/wp-json\/wp\/v2\/users\/1"}],"replies":[{"embeddable":true,"href":"https:\/\/municipales.org.ar\/festram\/wp-json\/wp\/v2\/comments?post=11412"}],"version-history":[{"count":2,"href":"https:\/\/municipales.org.ar\/festram\/wp-json\/wp\/v2\/posts\/11412\/revisions"}],"predecessor-version":[{"id":11415,"href":"https:\/\/municipales.org.ar\/festram\/wp-json\/wp\/v2\/posts\/11412\/revisions\/11415"}],"wp:featuredmedia":[{"embeddable":true,"href":"https:\/\/municipales.org.ar\/festram\/wp-json\/wp\/v2\/media\/11413"}],"wp:attachment":[{"href":"https:\/\/municipales.org.ar\/festram\/wp-json\/wp\/v2\/media?parent=11412"}],"wp:term":[{"taxonomy":"category","embeddable":true,"href":"https:\/\/municipales.org.ar\/festram\/wp-json\/wp\/v2\/categories?post=11412"},{"taxonomy":"post_tag","embeddable":true,"href":"https:\/\/municipales.org.ar\/festram\/wp-json\/wp\/v2\/tags?post=11412"}],"curies":[{"name":"wp","href":"https:\/\/api.w.org\/{rel}","templated":true}]}}