{"id":11435,"date":"2016-11-18T09:57:23","date_gmt":"2016-11-18T12:57:23","guid":{"rendered":"http:\/\/www.municipales.org.ar\/festram\/?p=11435"},"modified":"2016-11-22T09:58:01","modified_gmt":"2016-11-22T12:58:01","slug":"debate-proyecto-ley-educacion-nuestra-provincia","status":"publish","type":"post","link":"https:\/\/municipales.org.ar\/festram\/debate-proyecto-ley-educacion-nuestra-provincia\/","title":{"rendered":"Debate sobre el Proyecto de Ley de Educaci\u00f3n en nuestra Provincia"},"content":{"rendered":"<h4 class=\"p1\"><span class=\"s1\">FESTRAM particip\u00f3 de la convocatoria realizada a distintos gremios por el PJ-FPV a trav\u00e9s de las diputadas Silvia Simoncini y Patricia Chialvo en referencia al Proyecto de Ley de Educaci\u00f3n en nuestra Provincia. El mismo est\u00e1 sustentado en los preceptos de la Ley Nacional y el Nuevo C\u00f3digo Civil, y hace fuerte eje en el rol del Estado.<\/span><\/h4>\n<p class=\"p1\"><span class=\"s1\">En este espacio se resaltaron las caracter\u00edsticas y fortalezas que esta iniciativa tiene, como as\u00ed tambi\u00e9n se realizaron propuestas y aportes de los presentes, teniendo en cuenta las particularidades geopol\u00edticas e institucionales, hist\u00f3ricas y culturales de nuestra provincia en orden a las nuevas concepciones acerca del sujeto, su familia y sus derechos.<\/span><\/p>\n<p class=\"p1\"><span class=\"s1\">Mar\u00eda Jos\u00e9 Barrios, Secretaria de Minoridad, Familia y Medio Ambiente de la Federaci\u00f3n particip\u00f3 de esta reuni\u00f3n, donde se evaluaron, a su vez, proyectos presentados por otras fuerzas pol\u00edticas, profundizando el an\u00e1lisis sobre las similitudes y diferencias del formulado por las\/os legisladoras\/es del PJ-Frente para la Victoria.<\/span><\/p>\n<p class=\"p1\"><span class=\"s1\">Esta iniciativa de convocar a los gremios para escuchar y evaluar los proyectos de Ley que se presentan en la Legislatura Provincial, es considerada muy valiosa por parte de la Federaci\u00f3n, pues permite consensuar, fijar criterios y debatir sobre temas absolutamente prioritarios para las comunidades santafesinas y quienes servimos a las mismas.<\/span><\/p>\n\n\t\t<style type=\"text\/css\">\n\t\t\t#gallery-1 {\n\t\t\t\tmargin: auto;\n\t\t\t}\n\t\t\t#gallery-1 .gallery-item {\n\t\t\t\tfloat: left;\n\t\t\t\tmargin-top: 10px;\n\t\t\t\ttext-align: center;\n\t\t\t\twidth: 33%;\n\t\t\t}\n\t\t\t#gallery-1 img {\n\t\t\t\tborder: 2px solid #cfcfcf;\n\t\t\t}\n\t\t\t#gallery-1 .gallery-caption {\n\t\t\t\tmargin-left: 0;\n\t\t\t}\n\t\t\t\/* see gallery_shortcode() in wp-includes\/media.php *\/\n\t\t<\/style>\n\t\t<div id='gallery-1' class='gallery galleryid-11435 gallery-columns-3 gallery-size-thumbnail'><dl class='gallery-item'>\n\t\t\t<dt class='gallery-icon landscape'>\n\t\t\t\t<a href='https:\/\/municipales.org.ar\/festram\/debate-proyecto-ley-educacion-nuestra-provincia\/20161117-ley-educacion-01\/'><img loading=\"lazy\" decoding=\"async\" width=\"150\" height=\"150\" src=\"https:\/\/municipales.org.ar\/festram\/wp-content\/uploads\/2016\/11\/20161117-ley-educacion-01-150x150.jpg\" class=\"attachment-thumbnail size-thumbnail\" alt=\"\" srcset=\"https:\/\/municipales.org.ar\/festram\/wp-content\/uploads\/2016\/11\/20161117-ley-educacion-01-150x150.jpg 150w, https:\/\/municipales.org.ar\/festram\/wp-content\/uploads\/2016\/11\/20161117-ley-educacion-01-80x80.jpg 80w\" sizes=\"auto, (max-width: 150px) 100vw, 150px\" \/><\/a>\n\t\t\t<\/dt><\/dl><dl class='gallery-item'>\n\t\t\t<dt class='gallery-icon landscape'>\n\t\t\t\t<a href='https:\/\/municipales.org.ar\/festram\/debate-proyecto-ley-educacion-nuestra-provincia\/20161117-ley-educacion-02\/'><img loading=\"lazy\" decoding=\"async\" width=\"150\" height=\"150\" src=\"https:\/\/municipales.org.ar\/festram\/wp-content\/uploads\/2016\/11\/20161117-ley-educacion-02-150x150.jpg\" class=\"attachment-thumbnail size-thumbnail\" alt=\"\" srcset=\"https:\/\/municipales.org.ar\/festram\/wp-content\/uploads\/2016\/11\/20161117-ley-educacion-02-150x150.jpg 150w, https:\/\/municipales.org.ar\/festram\/wp-content\/uploads\/2016\/11\/20161117-ley-educacion-02-80x80.jpg 80w\" sizes=\"auto, (max-width: 150px) 100vw, 150px\" \/><\/a>\n\t\t\t<\/dt><\/dl><dl class='gallery-item'>\n\t\t\t<dt class='gallery-icon landscape'>\n\t\t\t\t<a href='https:\/\/municipales.org.ar\/festram\/debate-proyecto-ley-educacion-nuestra-provincia\/20161117-ley-educacion-03\/'><img loading=\"lazy\" decoding=\"async\" width=\"150\" height=\"150\" src=\"https:\/\/municipales.org.ar\/festram\/wp-content\/uploads\/2016\/11\/20161117-ley-educacion-03-150x150.jpg\" class=\"attachment-thumbnail size-thumbnail\" alt=\"\" srcset=\"https:\/\/municipales.org.ar\/festram\/wp-content\/uploads\/2016\/11\/20161117-ley-educacion-03-150x150.jpg 150w, https:\/\/municipales.org.ar\/festram\/wp-content\/uploads\/2016\/11\/20161117-ley-educacion-03-80x80.jpg 80w\" sizes=\"auto, (max-width: 150px) 100vw, 150px\" \/><\/a>\n\t\t\t<\/dt><\/dl><br style=\"clear: both\" \/><dl class='gallery-item'>\n\t\t\t<dt class='gallery-icon landscape'>\n\t\t\t\t<a href='https:\/\/municipales.org.ar\/festram\/debate-proyecto-ley-educacion-nuestra-provincia\/20161117-ley-educacion-04\/'><img loading=\"lazy\" decoding=\"async\" width=\"150\" height=\"150\" src=\"https:\/\/municipales.org.ar\/festram\/wp-content\/uploads\/2016\/11\/20161117-ley-educacion-04-150x150.jpg\" class=\"attachment-thumbnail size-thumbnail\" alt=\"\" srcset=\"https:\/\/municipales.org.ar\/festram\/wp-content\/uploads\/2016\/11\/20161117-ley-educacion-04-150x150.jpg 150w, https:\/\/municipales.org.ar\/festram\/wp-content\/uploads\/2016\/11\/20161117-ley-educacion-04-80x80.jpg 80w\" sizes=\"auto, (max-width: 150px) 100vw, 150px\" \/><\/a>\n\t\t\t<\/dt><\/dl>\n\t\t\t<br style='clear: both' \/>\n\t\t<\/div>\n\n<hr \/>\n<h2><\/h2>\n<h2>\u201cBuscamos sumar un aporte a la futura ley de educaci\u00f3n\u00bb<\/h2>\n<h4>As\u00ed lo sostuvo la legisladora justicialista, Patricia Chialvo. Present\u00f3 un proyecto de Ley de Educaci\u00f3n, que contempla la escolaridad obligatoria desde los 4 a\u00f1os hasta finalizado el secundario. Y plantea la universalizaci\u00f3n de sala 3 a\u00f1os.<\/h4>\n<p>La legisladora justicialista present\u00f3 un proyecto de Ley de Educaci\u00f3n, que contempla la escolaridad obligatoria desde los 4 a\u00f1os hasta finalizado el secundario. Y plantea la universalizaci\u00f3n de sala 3 a\u00f1os como modo de garantizar la estimulaci\u00f3n temprana a todos los ni\u00f1os de nuestra provincia.<\/p>\n<p>La diputada provincial Patricia Chialvo, acompa\u00f1ada por los miembros del Bloque FJP Primero Santa Fe envi\u00f3 a la C\u00e1mara de Diputados de la Provincia, un proyecto para que Santa Fe cuente con su propio y especifico marco regulatorio en materia de educaci\u00f3n.<\/p>\n<p>En este sentido, las legisladoras Patricia Chialvo y Silvia Simoncini se\u00f1alaron que la iniciativa consta con m\u00e1s de 190 art\u00edculos y que se enmarca dentro de los lineamientos de la Ley Nacional de Educaci\u00f3n de 2006. \u201dPartimos desde la concepci\u00f3n de la educaci\u00f3n como un derecho humano y un bien social que el Estado debe garantizar\u201d, aseguraron.<\/p>\n<p>Asimismo, Chialvo aclar\u00f3 que para la elaboraci\u00f3n de la ley se tuvo en cuenta el contexto social en el que se encuentra el pa\u00eds y especialmente la regi\u00f3n, \u201ctrabajamos sobre un proyecto que sea inclusivo, que permita afianzar derechos y construir ciudadan\u00eda\u201d, destac\u00f3.<\/p>\n<p>En este sentido, la legisladora santafesina explic\u00f3 que la iniciativa contempla la escolaridad obligatoria desde los 4 a\u00f1os hasta finalizado el secundario, pero que, adem\u00e1s, plantea la universalizaci\u00f3n de sala 3 a\u00f1os como modo de garantizar la estimulaci\u00f3n temprana a todos los ni\u00f1os de nuestra provincia.<\/p>\n<p>En el \u00e1mbito institucional, el proyecto propone entre sus art\u00edculos m\u00e1s destacados, la creaci\u00f3n de la figura del Promotor Socioeducativo para el Acompa\u00f1amiento en la Ense\u00f1anza, como tambi\u00e9n institutos de prevenci\u00f3n, concientizaci\u00f3n y mediaci\u00f3n de las problem\u00e1ticas de violencia.<\/p>\n<p>En el \u00e1mbito de la educaci\u00f3n superior, Chialvo indic\u00f3 que \u201cse prev\u00e9 que los Institutos de Educaci\u00f3n Superior se transformen gradualmente en instituciones universitarias o se conformen como una universidad provincial\u201d.<\/p>\n<p>Por \u00faltimo, para brindar apoyo a quienes egresen del sistema medio, t\u00e9cnico y superior, \u201cse contempla la creaci\u00f3n de espacios que permitan la vinculaci\u00f3n y asesoramiento para la incorporaci\u00f3n al mundo del trabajo, en coordinaci\u00f3n con el Ministerio de Producci\u00f3n y la Secretar\u00eda de Trabajo y Seguridad Social\u201d, concluy\u00f3 la legisladora provincial.<\/p>\n","protected":false},"excerpt":{"rendered":"<p>FESTRAM particip\u00f3 de la convocatoria realizada a distintos gremios por el PJ-FPV a trav\u00e9s de las diputadas Silvia Simoncini y Patricia Chialvo en referencia al Proyecto de Ley de Educaci\u00f3n en nuestra Provincia. El mismo est\u00e1 sustentado en los preceptos de la Ley Nacional y el Nuevo C\u00f3digo Civil, y hace fuerte eje en el rol del Estado.<\/p>\n","protected":false},"author":1,"featured_media":11436,"comment_status":"closed","ping_status":"closed","sticky":false,"template":"","format":"standard","meta":{"_jetpack_memberships_contains_paid_content":false,"footnotes":"","jetpack_publicize_message":"Debate sobre el Proyecto de Ley de Educaci\u00f3n en nuestra Provincia","jetpack_publicize_feature_enabled":true,"jetpack_social_post_already_shared":true,"jetpack_social_options":{"image_generator_settings":{"template":"highway","default_image_id":0,"font":"","enabled":false},"version":2}},"categories":[61],"tags":[157],"class_list":["post-11435","post","type-post","status-publish","format-standard","has-post-thumbnail","hentry","category-seminarios-y-actividades","tag-actividades-varias"],"yoast_head":"<!-- This site is optimized with the Yoast SEO plugin v25.9 - https:\/\/yoast.com\/wordpress\/plugins\/seo\/ -->\n<title>Debate sobre el Proyecto de Ley de Educaci\u00f3n en nuestra Provincia &#8211; FESTRAM<\/title>\n<meta name=\"description\" content=\"FESTRAM particip\u00f3 de la convocatoria realizada a distintos gremios por el PJ-FPV a trav\u00e9s de las diputadas Silvia Simoncini y Patricia Chialvo en referencia al Proyecto de Ley de Educaci\u00f3n en nuestra Provincia. El mismo est\u00e1 sustentado en los preceptos de la Ley Nacional y el Nuevo C\u00f3digo Civil, y hace fuerte eje en el rol del Estado.\" \/>\n<meta name=\"robots\" content=\"index, follow, max-snippet:-1, max-image-preview:large, max-video-preview:-1\" \/>\n<link rel=\"canonical\" href=\"https:\/\/municipales.org.ar\/festram\/debate-proyecto-ley-educacion-nuestra-provincia\/\" \/>\n<meta property=\"og:locale\" content=\"es_ES\" \/>\n<meta property=\"og:type\" content=\"article\" \/>\n<meta property=\"og:title\" content=\"Debate sobre el Proyecto de Ley de Educaci\u00f3n en nuestra Provincia &#8211; FESTRAM\" \/>\n<meta property=\"og:description\" content=\"FESTRAM particip\u00f3 de la convocatoria realizada a distintos gremios por el PJ-FPV a trav\u00e9s de las diputadas Silvia Simoncini y Patricia Chialvo en referencia al Proyecto de Ley de Educaci\u00f3n en nuestra Provincia. El mismo est\u00e1 sustentado en los preceptos de la Ley Nacional y el Nuevo C\u00f3digo Civil, y hace fuerte eje en el rol del Estado.\" \/>\n<meta property=\"og:url\" content=\"https:\/\/municipales.org.ar\/festram\/debate-proyecto-ley-educacion-nuestra-provincia\/\" \/>\n<meta property=\"og:site_name\" content=\"FESTRAM\" \/>\n<meta property=\"article:publisher\" content=\"https:\/\/www.facebook.com\/MunicipalesSF\" \/>\n<meta property=\"article:published_time\" content=\"2016-11-18T12:57:23+00:00\" \/>\n<meta property=\"article:modified_time\" content=\"2016-11-22T12:58:01+00:00\" \/>\n<meta property=\"og:image\" content=\"https:\/\/municipales.org.ar\/festram\/wp-content\/uploads\/2016\/11\/1479425295384.jpg\" \/>\n\t<meta property=\"og:image:width\" content=\"740\" \/>\n\t<meta property=\"og:image:height\" content=\"450\" \/>\n\t<meta property=\"og:image:type\" content=\"image\/jpeg\" \/>\n<meta name=\"author\" content=\"mun_admin\" \/>\n<meta name=\"twitter:card\" content=\"summary_large_image\" \/>\n<meta name=\"twitter:image\" content=\"http:\/\/www.municipales.org.ar\/festram\/wp-content\/uploads\/2016\/11\/1479425295384.jpg\" \/>\n<meta name=\"twitter:creator\" content=\"@MunicipalesSF\" \/>\n<meta name=\"twitter:site\" content=\"@MunicipalesSF\" \/>\n<meta name=\"twitter:label1\" content=\"Escrito por\" \/>\n\t<meta name=\"twitter:data1\" content=\"mun_admin\" \/>\n\t<meta name=\"twitter:label2\" content=\"Tiempo de lectura\" \/>\n\t<meta name=\"twitter:data2\" content=\"3 minutos\" \/>\n<script type=\"application\/ld+json\" class=\"yoast-schema-graph\">{\"@context\":\"https:\/\/schema.org\",\"@graph\":[{\"@type\":\"Article\",\"@id\":\"https:\/\/municipales.org.ar\/festram\/debate-proyecto-ley-educacion-nuestra-provincia\/#article\",\"isPartOf\":{\"@id\":\"https:\/\/municipales.org.ar\/festram\/debate-proyecto-ley-educacion-nuestra-provincia\/\"},\"author\":{\"name\":\"mun_admin\",\"@id\":\"https:\/\/municipales.org.ar\/festram\/#\/schema\/person\/49096a774c48ce9063df4d59ec059f9e\"},\"headline\":\"Debate sobre el Proyecto de Ley de Educaci\u00f3n en nuestra Provincia\",\"datePublished\":\"2016-11-18T12:57:23+00:00\",\"dateModified\":\"2016-11-22T12:58:01+00:00\",\"mainEntityOfPage\":{\"@id\":\"https:\/\/municipales.org.ar\/festram\/debate-proyecto-ley-educacion-nuestra-provincia\/\"},\"wordCount\":682,\"publisher\":{\"@id\":\"https:\/\/municipales.org.ar\/festram\/#organization\"},\"image\":{\"@id\":\"https:\/\/municipales.org.ar\/festram\/debate-proyecto-ley-educacion-nuestra-provincia\/#primaryimage\"},\"thumbnailUrl\":\"https:\/\/municipales.org.ar\/festram\/wp-content\/uploads\/2016\/11\/1479425295384.jpg\",\"keywords\":[\"actividades varias\"],\"articleSection\":[\"Seminarios y Actividades\"],\"inLanguage\":\"es\"},{\"@type\":\"WebPage\",\"@id\":\"https:\/\/municipales.org.ar\/festram\/debate-proyecto-ley-educacion-nuestra-provincia\/\",\"url\":\"https:\/\/municipales.org.ar\/festram\/debate-proyecto-ley-educacion-nuestra-provincia\/\",\"name\":\"Debate sobre el Proyecto de Ley de Educaci\u00f3n en nuestra Provincia &#8211; FESTRAM\",\"isPartOf\":{\"@id\":\"https:\/\/municipales.org.ar\/festram\/#website\"},\"primaryImageOfPage\":{\"@id\":\"https:\/\/municipales.org.ar\/festram\/debate-proyecto-ley-educacion-nuestra-provincia\/#primaryimage\"},\"image\":{\"@id\":\"https:\/\/municipales.org.ar\/festram\/debate-proyecto-ley-educacion-nuestra-provincia\/#primaryimage\"},\"thumbnailUrl\":\"https:\/\/municipales.org.ar\/festram\/wp-content\/uploads\/2016\/11\/1479425295384.jpg\",\"datePublished\":\"2016-11-18T12:57:23+00:00\",\"dateModified\":\"2016-11-22T12:58:01+00:00\",\"description\":\"FESTRAM particip\u00f3 de la convocatoria realizada a distintos gremios por el PJ-FPV a trav\u00e9s de las diputadas Silvia Simoncini y Patricia Chialvo en referencia al Proyecto de Ley de Educaci\u00f3n en nuestra Provincia. El mismo est\u00e1 sustentado en los preceptos de la Ley Nacional y el Nuevo C\u00f3digo Civil, y hace fuerte eje en el rol del Estado.\",\"breadcrumb\":{\"@id\":\"https:\/\/municipales.org.ar\/festram\/debate-proyecto-ley-educacion-nuestra-provincia\/#breadcrumb\"},\"inLanguage\":\"es\",\"potentialAction\":[{\"@type\":\"ReadAction\",\"target\":[\"https:\/\/municipales.org.ar\/festram\/debate-proyecto-ley-educacion-nuestra-provincia\/\"]}]},{\"@type\":\"ImageObject\",\"inLanguage\":\"es\",\"@id\":\"https:\/\/municipales.org.ar\/festram\/debate-proyecto-ley-educacion-nuestra-provincia\/#primaryimage\",\"url\":\"https:\/\/municipales.org.ar\/festram\/wp-content\/uploads\/2016\/11\/1479425295384.jpg\",\"contentUrl\":\"https:\/\/municipales.org.ar\/festram\/wp-content\/uploads\/2016\/11\/1479425295384.jpg\",\"width\":740,\"height\":450},{\"@type\":\"BreadcrumbList\",\"@id\":\"https:\/\/municipales.org.ar\/festram\/debate-proyecto-ley-educacion-nuestra-provincia\/#breadcrumb\",\"itemListElement\":[{\"@type\":\"ListItem\",\"position\":1,\"name\":\"Portada\",\"item\":\"https:\/\/municipales.org.ar\/festram\/\"},{\"@type\":\"ListItem\",\"position\":2,\"name\":\"Debate sobre el Proyecto de Ley de Educaci\u00f3n en nuestra Provincia\"}]},{\"@type\":\"WebSite\",\"@id\":\"https:\/\/municipales.org.ar\/festram\/#website\",\"url\":\"https:\/\/municipales.org.ar\/festram\/\",\"name\":\"FESTRAM\",\"description\":\"La web de los trabajadores municipales\",\"publisher\":{\"@id\":\"https:\/\/municipales.org.ar\/festram\/#organization\"},\"potentialAction\":[{\"@type\":\"SearchAction\",\"target\":{\"@type\":\"EntryPoint\",\"urlTemplate\":\"https:\/\/municipales.org.ar\/festram\/?s={search_term_string}\"},\"query-input\":{\"@type\":\"PropertyValueSpecification\",\"valueRequired\":true,\"valueName\":\"search_term_string\"}}],\"inLanguage\":\"es\"},{\"@type\":\"Organization\",\"@id\":\"https:\/\/municipales.org.ar\/festram\/#organization\",\"name\":\"Federaci\u00f3n de Sindicatos de Trabajadores Municipales de la Provincia de Santa Fe\",\"url\":\"https:\/\/municipales.org.ar\/festram\/\",\"logo\":{\"@type\":\"ImageObject\",\"inLanguage\":\"es\",\"@id\":\"https:\/\/municipales.org.ar\/festram\/#\/schema\/logo\/image\/\",\"url\":\"https:\/\/www.municipales.org.ar\/festram\/wp-content\/uploads\/2014\/07\/logo_fes.jpg\",\"contentUrl\":\"https:\/\/www.municipales.org.ar\/festram\/wp-content\/uploads\/2014\/07\/logo_fes.jpg\",\"width\":661,\"height\":673,\"caption\":\"Federaci\u00f3n de Sindicatos de Trabajadores Municipales de la Provincia de Santa Fe\"},\"image\":{\"@id\":\"https:\/\/municipales.org.ar\/festram\/#\/schema\/logo\/image\/\"},\"sameAs\":[\"https:\/\/www.facebook.com\/MunicipalesSF\",\"https:\/\/x.com\/MunicipalesSF\",\"https:\/\/www.youtube.com\/user\/festram\"]},{\"@type\":\"Person\",\"@id\":\"https:\/\/municipales.org.ar\/festram\/#\/schema\/person\/49096a774c48ce9063df4d59ec059f9e\",\"name\":\"mun_admin\"}]}<\/script>\n<!-- \/ Yoast SEO plugin. -->","yoast_head_json":{"title":"Debate sobre el Proyecto de Ley de Educaci\u00f3n en nuestra Provincia &#8211; FESTRAM","description":"FESTRAM particip\u00f3 de la convocatoria realizada a distintos gremios por el PJ-FPV a trav\u00e9s de las diputadas Silvia Simoncini y Patricia Chialvo en referencia al Proyecto de Ley de Educaci\u00f3n en nuestra Provincia. El mismo est\u00e1 sustentado en los preceptos de la Ley Nacional y el Nuevo C\u00f3digo Civil, y hace fuerte eje en el rol del Estado.","robots":{"index":"index","follow":"follow","max-snippet":"max-snippet:-1","max-image-preview":"max-image-preview:large","max-video-preview":"max-video-preview:-1"},"canonical":"https:\/\/municipales.org.ar\/festram\/debate-proyecto-ley-educacion-nuestra-provincia\/","og_locale":"es_ES","og_type":"article","og_title":"Debate sobre el Proyecto de Ley de Educaci\u00f3n en nuestra Provincia &#8211; FESTRAM","og_description":"FESTRAM particip\u00f3 de la convocatoria realizada a distintos gremios por el PJ-FPV a trav\u00e9s de las diputadas Silvia Simoncini y Patricia Chialvo en referencia al Proyecto de Ley de Educaci\u00f3n en nuestra Provincia. El mismo est\u00e1 sustentado en los preceptos de la Ley Nacional y el Nuevo C\u00f3digo Civil, y hace fuerte eje en el rol del Estado.","og_url":"https:\/\/municipales.org.ar\/festram\/debate-proyecto-ley-educacion-nuestra-provincia\/","og_site_name":"FESTRAM","article_publisher":"https:\/\/www.facebook.com\/MunicipalesSF","article_published_time":"2016-11-18T12:57:23+00:00","article_modified_time":"2016-11-22T12:58:01+00:00","og_image":[{"width":740,"height":450,"url":"https:\/\/municipales.org.ar\/festram\/wp-content\/uploads\/2016\/11\/1479425295384.jpg","type":"image\/jpeg"}],"author":"mun_admin","twitter_card":"summary_large_image","twitter_image":"http:\/\/www.municipales.org.ar\/festram\/wp-content\/uploads\/2016\/11\/1479425295384.jpg","twitter_creator":"@MunicipalesSF","twitter_site":"@MunicipalesSF","twitter_misc":{"Escrito por":"mun_admin","Tiempo de lectura":"3 minutos"},"schema":{"@context":"https:\/\/schema.org","@graph":[{"@type":"Article","@id":"https:\/\/municipales.org.ar\/festram\/debate-proyecto-ley-educacion-nuestra-provincia\/#article","isPartOf":{"@id":"https:\/\/municipales.org.ar\/festram\/debate-proyecto-ley-educacion-nuestra-provincia\/"},"author":{"name":"mun_admin","@id":"https:\/\/municipales.org.ar\/festram\/#\/schema\/person\/49096a774c48ce9063df4d59ec059f9e"},"headline":"Debate sobre el Proyecto de Ley de Educaci\u00f3n en nuestra Provincia","datePublished":"2016-11-18T12:57:23+00:00","dateModified":"2016-11-22T12:58:01+00:00","mainEntityOfPage":{"@id":"https:\/\/municipales.org.ar\/festram\/debate-proyecto-ley-educacion-nuestra-provincia\/"},"wordCount":682,"publisher":{"@id":"https:\/\/municipales.org.ar\/festram\/#organization"},"image":{"@id":"https:\/\/municipales.org.ar\/festram\/debate-proyecto-ley-educacion-nuestra-provincia\/#primaryimage"},"thumbnailUrl":"https:\/\/municipales.org.ar\/festram\/wp-content\/uploads\/2016\/11\/1479425295384.jpg","keywords":["actividades varias"],"articleSection":["Seminarios y Actividades"],"inLanguage":"es"},{"@type":"WebPage","@id":"https:\/\/municipales.org.ar\/festram\/debate-proyecto-ley-educacion-nuestra-provincia\/","url":"https:\/\/municipales.org.ar\/festram\/debate-proyecto-ley-educacion-nuestra-provincia\/","name":"Debate sobre el Proyecto de Ley de Educaci\u00f3n en nuestra Provincia &#8211; FESTRAM","isPartOf":{"@id":"https:\/\/municipales.org.ar\/festram\/#website"},"primaryImageOfPage":{"@id":"https:\/\/municipales.org.ar\/festram\/debate-proyecto-ley-educacion-nuestra-provincia\/#primaryimage"},"image":{"@id":"https:\/\/municipales.org.ar\/festram\/debate-proyecto-ley-educacion-nuestra-provincia\/#primaryimage"},"thumbnailUrl":"https:\/\/municipales.org.ar\/festram\/wp-content\/uploads\/2016\/11\/1479425295384.jpg","datePublished":"2016-11-18T12:57:23+00:00","dateModified":"2016-11-22T12:58:01+00:00","description":"FESTRAM particip\u00f3 de la convocatoria realizada a distintos gremios por el PJ-FPV a trav\u00e9s de las diputadas Silvia Simoncini y Patricia Chialvo en referencia al Proyecto de Ley de Educaci\u00f3n en nuestra Provincia. El mismo est\u00e1 sustentado en los preceptos de la Ley Nacional y el Nuevo C\u00f3digo Civil, y hace fuerte eje en el rol del Estado.","breadcrumb":{"@id":"https:\/\/municipales.org.ar\/festram\/debate-proyecto-ley-educacion-nuestra-provincia\/#breadcrumb"},"inLanguage":"es","potentialAction":[{"@type":"ReadAction","target":["https:\/\/municipales.org.ar\/festram\/debate-proyecto-ley-educacion-nuestra-provincia\/"]}]},{"@type":"ImageObject","inLanguage":"es","@id":"https:\/\/municipales.org.ar\/festram\/debate-proyecto-ley-educacion-nuestra-provincia\/#primaryimage","url":"https:\/\/municipales.org.ar\/festram\/wp-content\/uploads\/2016\/11\/1479425295384.jpg","contentUrl":"https:\/\/municipales.org.ar\/festram\/wp-content\/uploads\/2016\/11\/1479425295384.jpg","width":740,"height":450},{"@type":"BreadcrumbList","@id":"https:\/\/municipales.org.ar\/festram\/debate-proyecto-ley-educacion-nuestra-provincia\/#breadcrumb","itemListElement":[{"@type":"ListItem","position":1,"name":"Portada","item":"https:\/\/municipales.org.ar\/festram\/"},{"@type":"ListItem","position":2,"name":"Debate sobre el Proyecto de Ley de Educaci\u00f3n en nuestra Provincia"}]},{"@type":"WebSite","@id":"https:\/\/municipales.org.ar\/festram\/#website","url":"https:\/\/municipales.org.ar\/festram\/","name":"FESTRAM","description":"La web de los trabajadores municipales","publisher":{"@id":"https:\/\/municipales.org.ar\/festram\/#organization"},"potentialAction":[{"@type":"SearchAction","target":{"@type":"EntryPoint","urlTemplate":"https:\/\/municipales.org.ar\/festram\/?s={search_term_string}"},"query-input":{"@type":"PropertyValueSpecification","valueRequired":true,"valueName":"search_term_string"}}],"inLanguage":"es"},{"@type":"Organization","@id":"https:\/\/municipales.org.ar\/festram\/#organization","name":"Federaci\u00f3n de Sindicatos de Trabajadores Municipales de la Provincia de Santa Fe","url":"https:\/\/municipales.org.ar\/festram\/","logo":{"@type":"ImageObject","inLanguage":"es","@id":"https:\/\/municipales.org.ar\/festram\/#\/schema\/logo\/image\/","url":"https:\/\/www.municipales.org.ar\/festram\/wp-content\/uploads\/2014\/07\/logo_fes.jpg","contentUrl":"https:\/\/www.municipales.org.ar\/festram\/wp-content\/uploads\/2014\/07\/logo_fes.jpg","width":661,"height":673,"caption":"Federaci\u00f3n de Sindicatos de Trabajadores Municipales de la Provincia de Santa Fe"},"image":{"@id":"https:\/\/municipales.org.ar\/festram\/#\/schema\/logo\/image\/"},"sameAs":["https:\/\/www.facebook.com\/MunicipalesSF","https:\/\/x.com\/MunicipalesSF","https:\/\/www.youtube.com\/user\/festram"]},{"@type":"Person","@id":"https:\/\/municipales.org.ar\/festram\/#\/schema\/person\/49096a774c48ce9063df4d59ec059f9e","name":"mun_admin"}]}},"jetpack_publicize_connections":[],"jetpack_featured_media_url":"https:\/\/municipales.org.ar\/festram\/wp-content\/uploads\/2016\/11\/1479425295384.jpg","jetpack_sharing_enabled":true,"jetpack_likes_enabled":false,"jetpack_shortlink":"https:\/\/wp.me\/p7l4x1-2Yr","_links":{"self":[{"href":"https:\/\/municipales.org.ar\/festram\/wp-json\/wp\/v2\/posts\/11435","targetHints":{"allow":["GET"]}}],"collection":[{"href":"https:\/\/municipales.org.ar\/festram\/wp-json\/wp\/v2\/posts"}],"about":[{"href":"https:\/\/municipales.org.ar\/festram\/wp-json\/wp\/v2\/types\/post"}],"author":[{"embeddable":true,"href":"https:\/\/municipales.org.ar\/festram\/wp-json\/wp\/v2\/users\/1"}],"replies":[{"embeddable":true,"href":"https:\/\/municipales.org.ar\/festram\/wp-json\/wp\/v2\/comments?post=11435"}],"version-history":[{"count":2,"href":"https:\/\/municipales.org.ar\/festram\/wp-json\/wp\/v2\/posts\/11435\/revisions"}],"predecessor-version":[{"id":11442,"href":"https:\/\/municipales.org.ar\/festram\/wp-json\/wp\/v2\/posts\/11435\/revisions\/11442"}],"wp:featuredmedia":[{"embeddable":true,"href":"https:\/\/municipales.org.ar\/festram\/wp-json\/wp\/v2\/media\/11436"}],"wp:attachment":[{"href":"https:\/\/municipales.org.ar\/festram\/wp-json\/wp\/v2\/media?parent=11435"}],"wp:term":[{"taxonomy":"category","embeddable":true,"href":"https:\/\/municipales.org.ar\/festram\/wp-json\/wp\/v2\/categories?post=11435"},{"taxonomy":"post_tag","embeddable":true,"href":"https:\/\/municipales.org.ar\/festram\/wp-json\/wp\/v2\/tags?post=11435"}],"curies":[{"name":"wp","href":"https:\/\/api.w.org\/{rel}","templated":true}]}}