{"id":11445,"date":"2016-11-23T18:07:40","date_gmt":"2016-11-23T21:07:40","guid":{"rendered":"http:\/\/www.municipales.org.ar\/festram\/?p=11445"},"modified":"2016-11-23T18:58:50","modified_gmt":"2016-11-23T21:58:50","slug":"rotundo-exito-la-feria-del-libro-nacional-popular","status":"publish","type":"post","link":"https:\/\/municipales.org.ar\/festram\/rotundo-exito-la-feria-del-libro-nacional-popular\/","title":{"rendered":"Rotundo \u00e9xito de la Feria del Libro Nacional y Popular"},"content":{"rendered":"<h4 class=\"p1\">Con la presencia de Alejandro Dolina, Gustavo \u201cGato\u201d Sylvestre, Mercedes Marc\u00f3 del Pont, Pepe Rosemblat (\u201cEl cadete de Navarro\u201d), Mempo Giardinelli, Graciela Morgade, Sebasti\u00e1n Premici, \u00c1ngela Urondo, \u201cCanta Per\u00f3n\u201d y m\u00e1s de 20 editoriales de todo el pa\u00eds y paneles tem\u00e1ticos, m\u00e1s de 5000 santafesinos pudieron disfrutar de un evento \u00fanico de forma totalmente libre y gratuita.<\/h4>\n<p class=\"p1\">La sede de FESTRAM fue el \u00e1mbito donde se desarroll\u00f3 la 1\u00b0 Feria del Libro Nacional y Popular organizada por el <strong>Colectivo \u201cNo Me olvides\u201d<\/strong> e impulsada por el Diputado Provincial Leandro Busatto, del jueves 17 al domingo 20 de noviembre.<\/p>\n<p class=\"p2\"><span class=\"s1\">Las instalaciones del Complejo Institucional \u201cPresidente N\u00e9stor Kirchner\u201d albergaron a m\u00e1s de 5000 santafesinos que transitaron los stands de libros, exposiciones de fotos y pinturas, disfrutaron de la m\u00fasica y el humor y fueron activos participantes en las distintas exposiciones de figuras especialmente invitadas para esta ocasi\u00f3n.<\/span><\/p>\n<p class=\"p2\"><span class=\"s1\">En la apertura se realiz\u00f3 en el Auditorio Central, ante dos mil personas, la transmisi\u00f3n en vivo del Programa \u201cla Venganza ser\u00e1 terrible\u201d conducido por Alejandro Dolina. Un p\u00fablico que tambi\u00e9n sigui\u00f3 la emisi\u00f3n desde \u00a0las pantallas ubicadas en el espacio abierto.<\/span><\/p>\n<p class=\"p2\"><span class=\"s1\">Ese primer momento de la Feria se complet\u00f3 con la Presentaci\u00f3n de libros por parte de Sebasti\u00e1n Premici (De Patrones y peones. Los aliados esclavistas de Mauricio Macri\u201d) y Nicol\u00e1s Lovaisa (Tiempo Recuperado).<\/span><\/p>\n<p class=\"p2\"><span class=\"s1\">El viernes 18 se inici\u00f3 con la disertaci\u00f3n de Mercedes Marc\u00f3 del Pont en la centralidad de un panel que abord\u00f3 la tem\u00e1tica \u201cLa econom\u00eda en tiempos del regreso del neoliberalismo\u201d.<\/span><\/p>\n<p class=\"p2\"><span class=\"s1\">Esta jornada permiti\u00f3 participar en una enorme variedad de propuestas que incluy\u00f3 al Comit\u00e9 por la Libertad de Milagro Sala, la charla &#8211; en el microcine- \u00a0\u201cSituaci\u00f3n de la prensa Gr\u00e1fica y modelo de autogesti\u00f3n de los trabajadores\u201d \u2013 Pablo Jim\u00e9nez (Secretario General Asociaci\u00f3n de Prensa de Santa Fe y Edgardo Carmona, titular del Sindicato de Prensa de Rosario); y la charlas: \u201cGlobalizaci\u00f3n, ambiente y J\u00f3venes\u201d y \u201cEducaci\u00f3n Sexual Integral, a diez a\u00f1os de la ley. Logros, avances y desaf\u00edos\u201d con la presencia de la Dra. Graciela Morgade, Decana de la Facultad de Filosof\u00eda y Letras de la UBA y de Sonia Alesso, Secretaria General de CTERA; esta \u00faltima en el Auditorio I.<\/span><\/p>\n<p class=\"p2\"><span class=\"s1\">El cierre de ese d\u00eda, con muchos j\u00f3venes y m\u00fasica, lo concret\u00f3 el grupo \u201cCanta Per\u00f3n\u201d.<\/span><\/p>\n<p class=\"p2\"><span class=\"s1\">El s\u00e1bado volvi\u00f3 a colmarse el Auditorio Central ante la Presentaci\u00f3n del libro del periodista Gustavo Sylvestre \u201cIntriga, Alianzas y Traiciones\u201d. El material gr\u00e1fico fue el disparador para un amplio recorrido por la historia pol\u00edtica reciente de los argentinos.<\/span><\/p>\n<p class=\"p2\"><span class=\"s1\">Ese d\u00eda tambi\u00e9n cont\u00f3 con la presencia de la hija del militante y poeta Paco Urondo, \u00c1ngela Urondo Raboy, qui\u00e9n dio a conocer su libro \u201cQui\u00e9n te crees qu\u00e9 sos?, acompa\u00f1ada por el Foro contra la Impunidad y por la Justicia de Santa Fe y la Agrupaci\u00f3n HIJOS Santa Fe.<\/span><\/p>\n<p class=\"p2\"><span class=\"s1\">Luego fue el cierre con el humor y la poes\u00eda en vivo. Por un lado Pepe Rosemblat con su espect\u00e1culo \u201cEl Cadete de Navarro llega a Santa Fe\u201d y Coni Ban\u00fas present\u00f3 \u201cLa trinchera del amor sin retorno\u201d.<\/span><\/p>\n<p class=\"p2\"><span class=\"s1\">En el \u00faltimo d\u00eda de la Feria, Mariano Pacheco dio a conocer su libro \u201cCabecita Negra\u201d y Ariel Lijalad: \u201cMacri lo hizo. El impacto de las primeras medidas de su gobierno\u201d. Tambi\u00e9n se sucedieron dos charlas: \u201cEl Derecho a la ciudad\u201d y \u201cEl desaf\u00edo de las juventudes pol\u00edticas\u201d; mesa en la cual hubo representaci\u00f3n de los J\u00f3venes Municipales de FESTRAM.<\/span><\/p>\n<p class=\"p1\"><span class=\"s1\">Mempo Giardinelli present\u00f3 en Santa Fe \u201cEl Manifiesto Argentino\u201d, en un panel que cont\u00f3 con la presencia del Dr. Ricardo Mascheroni y del Secretario General de FESTRAM, Claudio Leoni.<\/span><\/p>\n<p class=\"p2\"><span class=\"s1\">El titular de la Federaci\u00f3n record\u00f3 el proceso que hab\u00eda llevado a la construcci\u00f3n del Complejo Institucional, su significado para el conjunto de los trabajadores municipales de toda la Provincia y el rol que dicha estructura ofrece a toda la comunidad.<\/span><\/p>\n<p class=\"p2\"><span class=\"s1\">En este sentido, FESTRAM ha fortalecido su presencia en el conjunto de la sociedad santafesina y su relaci\u00f3n con las instituciones intermedias, tanto de car\u00e1cter cultural, social, comunitaria o pol\u00edtica. P\u00fablico de todas las edades, tanto de la Ciudad como de su \u00e1rea de influencia, se dieron cita ante esta propuesta, y pudieron conocer una de las concreciones edilicias m\u00e1s importantes, desarrolladas desde la propia institucionalidad sindical.<\/span><\/p>\n<p class=\"p2\"><span class=\"s1\">Claudio Leoni anunci\u00f3 que pr\u00f3ximamente se inaugurar\u00e1 el Mural \u2013que se comenz\u00f3 a elaborar con motivo de esta Feria del Libro Nacional y Popular- en recordaci\u00f3n al Manzanazo, hist\u00f3rica pueblada protagonizada por los municipales de la ciudad de Santa Fe.<\/span><\/p>\n<p class=\"p2\"><span class=\"s1\">Indudablemente, este acontecimiento, marca en el plano cultural y sindical y por ende pol\u00edtico, la posibilidad de desarrollar construcciones colectivas, que involucren a distintos sectores y sus entidades representativas.\u00a0<\/span><\/p>\n<p class=\"p2\"><span class=\"s1\">Otro elemento a ponderar fue el conjunto de temas, personalidades y\u00a0experiencias que transitaron los cuatro d\u00edas. En un contexto sociopol\u00edtico de enorme complejidad y de avance de pol\u00edticas y discursos neoliberales, de retiro del Estado de las pol\u00edticas p\u00fablicas y de la \u00a0implementaci\u00f3n de acciones represivas frente al conflicto social; una Federaci\u00f3n de Sindicatos fue el epicentro de toda la actividad.<\/span><\/p>\n<p class=\"p2\"><span class=\"s1\">Por otro lado, el posicionamiento de las diferentes expresiones del mundo cultural, con referencias concretas a lo popular, y a las manifestaciones art\u00edsticas que de ello se desprenden (literatura, pintura, humor, fotograf\u00edas, etc); y por sobre todo la respuesta en cantidad y diversidad del p\u00fablico asistente, demuestra la necesidad de profundizar este tipo de instancias y de encuentro; incorporando precisamente, a otras representaciones del mundo nacional y popular, all\u00ed en la territorialidad concreta donde se manifiesta.<\/span><\/p>\n<p class=\"p2\">[srizonfbalbum id=42]<br \/>\n<a href=\"https:\/\/www.facebook.com\/pg\/MunicipalesSF\/photos\/?tab=album&amp;album_id=1294463523950895\" target=\"_blank\">M\u00e1s fotos en la FanPage de FESTRAM en Facebook<\/a><\/p>\n","protected":false},"excerpt":{"rendered":"<p>Con la presencia de Alejandro Dolina, Gustavo \u201cGato\u201d Sylvestre, Mercedes Marc\u00f3 del Pont, Pepe Rosemblat (\u201cEl cadete de Navarro\u201d), Mempo Giardinelli, Graciela Morgade, Sebasti\u00e1n Premici, \u00c1ngela Urondo, \u201cCanta Per\u00f3n\u201d y m\u00e1s de 20 editoriales de todo el pa\u00eds y paneles tem\u00e1ticos, m\u00e1s de 5000 santafesinos pudieron disfrutar de un evento \u00fanico de forma totalmente libre y gratuita.<\/p>\n","protected":false},"author":1,"featured_media":11447,"comment_status":"closed","ping_status":"closed","sticky":false,"template":"","format":"standard","meta":{"_jetpack_memberships_contains_paid_content":false,"footnotes":"","jetpack_publicize_message":"Rotundo \u00e9xito de la Feria del Libro Nacional y Popular","jetpack_publicize_feature_enabled":true,"jetpack_social_post_already_shared":true,"jetpack_social_options":{"image_generator_settings":{"template":"highway","default_image_id":0,"font":"","enabled":false},"version":2}},"categories":[61],"tags":[154],"class_list":["post-11445","post","type-post","status-publish","format-standard","has-post-thumbnail","hentry","category-seminarios-y-actividades","tag-actividades-complejo"],"yoast_head":"<!-- This site is optimized with the Yoast SEO plugin v25.9 - https:\/\/yoast.com\/wordpress\/plugins\/seo\/ -->\n<title>Rotundo \u00e9xito de la Feria del Libro Nacional y Popular &#8211; FESTRAM<\/title>\n<meta name=\"description\" content=\"Con la presencia de Alejandro Dolina, Gustavo \u201cGato\u201d Sylvestre, Mercedes Marc\u00f3 del Pont, Pepe Rosemblat (\u201cEl cadete de Navarro\u201d), Mempo Giardinelli, Graciela Morgade, Sebasti\u00e1n Premici, \u00c1ngela Urondo, \u201cCanta Per\u00f3n\u201d y m\u00e1s de 20 editoriales de todo el pa\u00eds y paneles tem\u00e1ticos, m\u00e1s de 5000 santafesinos pudieron disfrutar de un evento \u00fanico de forma totalmente libre y gratuita.\" \/>\n<meta name=\"robots\" content=\"index, follow, max-snippet:-1, max-image-preview:large, max-video-preview:-1\" \/>\n<link rel=\"canonical\" href=\"https:\/\/municipales.org.ar\/festram\/rotundo-exito-la-feria-del-libro-nacional-popular\/\" \/>\n<meta property=\"og:locale\" content=\"es_ES\" \/>\n<meta property=\"og:type\" content=\"article\" \/>\n<meta property=\"og:title\" content=\"Rotundo \u00e9xito de la Feria del Libro Nacional y Popular &#8211; FESTRAM\" \/>\n<meta property=\"og:description\" content=\"Con la presencia de Alejandro Dolina, Gustavo \u201cGato\u201d Sylvestre, Mercedes Marc\u00f3 del Pont, Pepe Rosemblat (\u201cEl cadete de Navarro\u201d), Mempo Giardinelli, Graciela Morgade, Sebasti\u00e1n Premici, \u00c1ngela Urondo, \u201cCanta Per\u00f3n\u201d y m\u00e1s de 20 editoriales de todo el pa\u00eds y paneles tem\u00e1ticos, m\u00e1s de 5000 santafesinos pudieron disfrutar de un evento \u00fanico de forma totalmente libre y gratuita.\" \/>\n<meta property=\"og:url\" content=\"https:\/\/municipales.org.ar\/festram\/rotundo-exito-la-feria-del-libro-nacional-popular\/\" \/>\n<meta property=\"og:site_name\" content=\"FESTRAM\" \/>\n<meta property=\"article:publisher\" content=\"https:\/\/www.facebook.com\/MunicipalesSF\" \/>\n<meta property=\"article:published_time\" content=\"2016-11-23T21:07:40+00:00\" \/>\n<meta property=\"article:modified_time\" content=\"2016-11-23T21:58:50+00:00\" \/>\n<meta property=\"og:image\" content=\"https:\/\/municipales.org.ar\/festram\/wp-content\/uploads\/2016\/11\/15138473_1294472067283374_1740661001175031491_o.jpg\" \/>\n\t<meta property=\"og:image:width\" content=\"1805\" \/>\n\t<meta property=\"og:image:height\" content=\"1205\" \/>\n\t<meta property=\"og:image:type\" content=\"image\/jpeg\" \/>\n<meta name=\"author\" content=\"mun_admin\" \/>\n<meta name=\"twitter:card\" content=\"summary_large_image\" \/>\n<meta name=\"twitter:creator\" content=\"@MunicipalesSF\" \/>\n<meta name=\"twitter:site\" content=\"@MunicipalesSF\" \/>\n<meta name=\"twitter:label1\" content=\"Escrito por\" \/>\n\t<meta name=\"twitter:data1\" content=\"mun_admin\" \/>\n\t<meta name=\"twitter:label2\" content=\"Tiempo de lectura\" \/>\n\t<meta name=\"twitter:data2\" content=\"5 minutos\" \/>\n<script type=\"application\/ld+json\" class=\"yoast-schema-graph\">{\"@context\":\"https:\/\/schema.org\",\"@graph\":[{\"@type\":\"Article\",\"@id\":\"https:\/\/municipales.org.ar\/festram\/rotundo-exito-la-feria-del-libro-nacional-popular\/#article\",\"isPartOf\":{\"@id\":\"https:\/\/municipales.org.ar\/festram\/rotundo-exito-la-feria-del-libro-nacional-popular\/\"},\"author\":{\"name\":\"mun_admin\",\"@id\":\"https:\/\/municipales.org.ar\/festram\/#\/schema\/person\/49096a774c48ce9063df4d59ec059f9e\"},\"headline\":\"Rotundo \u00e9xito de la Feria del Libro Nacional y Popular\",\"datePublished\":\"2016-11-23T21:07:40+00:00\",\"dateModified\":\"2016-11-23T21:58:50+00:00\",\"mainEntityOfPage\":{\"@id\":\"https:\/\/municipales.org.ar\/festram\/rotundo-exito-la-feria-del-libro-nacional-popular\/\"},\"wordCount\":1001,\"publisher\":{\"@id\":\"https:\/\/municipales.org.ar\/festram\/#organization\"},\"image\":{\"@id\":\"https:\/\/municipales.org.ar\/festram\/rotundo-exito-la-feria-del-libro-nacional-popular\/#primaryimage\"},\"thumbnailUrl\":\"https:\/\/municipales.org.ar\/festram\/wp-content\/uploads\/2016\/11\/15138473_1294472067283374_1740661001175031491_o.jpg\",\"keywords\":[\"actividades complejo\"],\"articleSection\":[\"Seminarios y Actividades\"],\"inLanguage\":\"es\"},{\"@type\":\"WebPage\",\"@id\":\"https:\/\/municipales.org.ar\/festram\/rotundo-exito-la-feria-del-libro-nacional-popular\/\",\"url\":\"https:\/\/municipales.org.ar\/festram\/rotundo-exito-la-feria-del-libro-nacional-popular\/\",\"name\":\"Rotundo \u00e9xito de la Feria del Libro Nacional y Popular &#8211; FESTRAM\",\"isPartOf\":{\"@id\":\"https:\/\/municipales.org.ar\/festram\/#website\"},\"primaryImageOfPage\":{\"@id\":\"https:\/\/municipales.org.ar\/festram\/rotundo-exito-la-feria-del-libro-nacional-popular\/#primaryimage\"},\"image\":{\"@id\":\"https:\/\/municipales.org.ar\/festram\/rotundo-exito-la-feria-del-libro-nacional-popular\/#primaryimage\"},\"thumbnailUrl\":\"https:\/\/municipales.org.ar\/festram\/wp-content\/uploads\/2016\/11\/15138473_1294472067283374_1740661001175031491_o.jpg\",\"datePublished\":\"2016-11-23T21:07:40+00:00\",\"dateModified\":\"2016-11-23T21:58:50+00:00\",\"description\":\"Con la presencia de Alejandro Dolina, Gustavo \u201cGato\u201d Sylvestre, Mercedes Marc\u00f3 del Pont, Pepe Rosemblat (\u201cEl cadete de Navarro\u201d), Mempo Giardinelli, Graciela Morgade, Sebasti\u00e1n Premici, \u00c1ngela Urondo, \u201cCanta Per\u00f3n\u201d y m\u00e1s de 20 editoriales de todo el pa\u00eds y paneles tem\u00e1ticos, m\u00e1s de 5000 santafesinos pudieron disfrutar de un evento \u00fanico de forma totalmente libre y gratuita.\",\"breadcrumb\":{\"@id\":\"https:\/\/municipales.org.ar\/festram\/rotundo-exito-la-feria-del-libro-nacional-popular\/#breadcrumb\"},\"inLanguage\":\"es\",\"potentialAction\":[{\"@type\":\"ReadAction\",\"target\":[\"https:\/\/municipales.org.ar\/festram\/rotundo-exito-la-feria-del-libro-nacional-popular\/\"]}]},{\"@type\":\"ImageObject\",\"inLanguage\":\"es\",\"@id\":\"https:\/\/municipales.org.ar\/festram\/rotundo-exito-la-feria-del-libro-nacional-popular\/#primaryimage\",\"url\":\"https:\/\/municipales.org.ar\/festram\/wp-content\/uploads\/2016\/11\/15138473_1294472067283374_1740661001175031491_o.jpg\",\"contentUrl\":\"https:\/\/municipales.org.ar\/festram\/wp-content\/uploads\/2016\/11\/15138473_1294472067283374_1740661001175031491_o.jpg\",\"width\":1805,\"height\":1205},{\"@type\":\"BreadcrumbList\",\"@id\":\"https:\/\/municipales.org.ar\/festram\/rotundo-exito-la-feria-del-libro-nacional-popular\/#breadcrumb\",\"itemListElement\":[{\"@type\":\"ListItem\",\"position\":1,\"name\":\"Portada\",\"item\":\"https:\/\/municipales.org.ar\/festram\/\"},{\"@type\":\"ListItem\",\"position\":2,\"name\":\"Rotundo \u00e9xito de la Feria del Libro Nacional y Popular\"}]},{\"@type\":\"WebSite\",\"@id\":\"https:\/\/municipales.org.ar\/festram\/#website\",\"url\":\"https:\/\/municipales.org.ar\/festram\/\",\"name\":\"FESTRAM\",\"description\":\"La web de los trabajadores municipales\",\"publisher\":{\"@id\":\"https:\/\/municipales.org.ar\/festram\/#organization\"},\"potentialAction\":[{\"@type\":\"SearchAction\",\"target\":{\"@type\":\"EntryPoint\",\"urlTemplate\":\"https:\/\/municipales.org.ar\/festram\/?s={search_term_string}\"},\"query-input\":{\"@type\":\"PropertyValueSpecification\",\"valueRequired\":true,\"valueName\":\"search_term_string\"}}],\"inLanguage\":\"es\"},{\"@type\":\"Organization\",\"@id\":\"https:\/\/municipales.org.ar\/festram\/#organization\",\"name\":\"Federaci\u00f3n de Sindicatos de Trabajadores Municipales de la Provincia de Santa Fe\",\"url\":\"https:\/\/municipales.org.ar\/festram\/\",\"logo\":{\"@type\":\"ImageObject\",\"inLanguage\":\"es\",\"@id\":\"https:\/\/municipales.org.ar\/festram\/#\/schema\/logo\/image\/\",\"url\":\"https:\/\/www.municipales.org.ar\/festram\/wp-content\/uploads\/2014\/07\/logo_fes.jpg\",\"contentUrl\":\"https:\/\/www.municipales.org.ar\/festram\/wp-content\/uploads\/2014\/07\/logo_fes.jpg\",\"width\":661,\"height\":673,\"caption\":\"Federaci\u00f3n de Sindicatos de Trabajadores Municipales de la Provincia de Santa Fe\"},\"image\":{\"@id\":\"https:\/\/municipales.org.ar\/festram\/#\/schema\/logo\/image\/\"},\"sameAs\":[\"https:\/\/www.facebook.com\/MunicipalesSF\",\"https:\/\/x.com\/MunicipalesSF\",\"https:\/\/www.youtube.com\/user\/festram\"]},{\"@type\":\"Person\",\"@id\":\"https:\/\/municipales.org.ar\/festram\/#\/schema\/person\/49096a774c48ce9063df4d59ec059f9e\",\"name\":\"mun_admin\"}]}<\/script>\n<!-- \/ Yoast SEO plugin. -->","yoast_head_json":{"title":"Rotundo \u00e9xito de la Feria del Libro Nacional y Popular &#8211; FESTRAM","description":"Con la presencia de Alejandro Dolina, Gustavo \u201cGato\u201d Sylvestre, Mercedes Marc\u00f3 del Pont, Pepe Rosemblat (\u201cEl cadete de Navarro\u201d), Mempo Giardinelli, Graciela Morgade, Sebasti\u00e1n Premici, \u00c1ngela Urondo, \u201cCanta Per\u00f3n\u201d y m\u00e1s de 20 editoriales de todo el pa\u00eds y paneles tem\u00e1ticos, m\u00e1s de 5000 santafesinos pudieron disfrutar de un evento \u00fanico de forma totalmente libre y gratuita.","robots":{"index":"index","follow":"follow","max-snippet":"max-snippet:-1","max-image-preview":"max-image-preview:large","max-video-preview":"max-video-preview:-1"},"canonical":"https:\/\/municipales.org.ar\/festram\/rotundo-exito-la-feria-del-libro-nacional-popular\/","og_locale":"es_ES","og_type":"article","og_title":"Rotundo \u00e9xito de la Feria del Libro Nacional y Popular &#8211; FESTRAM","og_description":"Con la presencia de Alejandro Dolina, Gustavo \u201cGato\u201d Sylvestre, Mercedes Marc\u00f3 del Pont, Pepe Rosemblat (\u201cEl cadete de Navarro\u201d), Mempo Giardinelli, Graciela Morgade, Sebasti\u00e1n Premici, \u00c1ngela Urondo, \u201cCanta Per\u00f3n\u201d y m\u00e1s de 20 editoriales de todo el pa\u00eds y paneles tem\u00e1ticos, m\u00e1s de 5000 santafesinos pudieron disfrutar de un evento \u00fanico de forma totalmente libre y gratuita.","og_url":"https:\/\/municipales.org.ar\/festram\/rotundo-exito-la-feria-del-libro-nacional-popular\/","og_site_name":"FESTRAM","article_publisher":"https:\/\/www.facebook.com\/MunicipalesSF","article_published_time":"2016-11-23T21:07:40+00:00","article_modified_time":"2016-11-23T21:58:50+00:00","og_image":[{"width":1805,"height":1205,"url":"https:\/\/municipales.org.ar\/festram\/wp-content\/uploads\/2016\/11\/15138473_1294472067283374_1740661001175031491_o.jpg","type":"image\/jpeg"}],"author":"mun_admin","twitter_card":"summary_large_image","twitter_creator":"@MunicipalesSF","twitter_site":"@MunicipalesSF","twitter_misc":{"Escrito por":"mun_admin","Tiempo de lectura":"5 minutos"},"schema":{"@context":"https:\/\/schema.org","@graph":[{"@type":"Article","@id":"https:\/\/municipales.org.ar\/festram\/rotundo-exito-la-feria-del-libro-nacional-popular\/#article","isPartOf":{"@id":"https:\/\/municipales.org.ar\/festram\/rotundo-exito-la-feria-del-libro-nacional-popular\/"},"author":{"name":"mun_admin","@id":"https:\/\/municipales.org.ar\/festram\/#\/schema\/person\/49096a774c48ce9063df4d59ec059f9e"},"headline":"Rotundo \u00e9xito de la Feria del Libro Nacional y Popular","datePublished":"2016-11-23T21:07:40+00:00","dateModified":"2016-11-23T21:58:50+00:00","mainEntityOfPage":{"@id":"https:\/\/municipales.org.ar\/festram\/rotundo-exito-la-feria-del-libro-nacional-popular\/"},"wordCount":1001,"publisher":{"@id":"https:\/\/municipales.org.ar\/festram\/#organization"},"image":{"@id":"https:\/\/municipales.org.ar\/festram\/rotundo-exito-la-feria-del-libro-nacional-popular\/#primaryimage"},"thumbnailUrl":"https:\/\/municipales.org.ar\/festram\/wp-content\/uploads\/2016\/11\/15138473_1294472067283374_1740661001175031491_o.jpg","keywords":["actividades complejo"],"articleSection":["Seminarios y Actividades"],"inLanguage":"es"},{"@type":"WebPage","@id":"https:\/\/municipales.org.ar\/festram\/rotundo-exito-la-feria-del-libro-nacional-popular\/","url":"https:\/\/municipales.org.ar\/festram\/rotundo-exito-la-feria-del-libro-nacional-popular\/","name":"Rotundo \u00e9xito de la Feria del Libro Nacional y Popular &#8211; FESTRAM","isPartOf":{"@id":"https:\/\/municipales.org.ar\/festram\/#website"},"primaryImageOfPage":{"@id":"https:\/\/municipales.org.ar\/festram\/rotundo-exito-la-feria-del-libro-nacional-popular\/#primaryimage"},"image":{"@id":"https:\/\/municipales.org.ar\/festram\/rotundo-exito-la-feria-del-libro-nacional-popular\/#primaryimage"},"thumbnailUrl":"https:\/\/municipales.org.ar\/festram\/wp-content\/uploads\/2016\/11\/15138473_1294472067283374_1740661001175031491_o.jpg","datePublished":"2016-11-23T21:07:40+00:00","dateModified":"2016-11-23T21:58:50+00:00","description":"Con la presencia de Alejandro Dolina, Gustavo \u201cGato\u201d Sylvestre, Mercedes Marc\u00f3 del Pont, Pepe Rosemblat (\u201cEl cadete de Navarro\u201d), Mempo Giardinelli, Graciela Morgade, Sebasti\u00e1n Premici, \u00c1ngela Urondo, \u201cCanta Per\u00f3n\u201d y m\u00e1s de 20 editoriales de todo el pa\u00eds y paneles tem\u00e1ticos, m\u00e1s de 5000 santafesinos pudieron disfrutar de un evento \u00fanico de forma totalmente libre y gratuita.","breadcrumb":{"@id":"https:\/\/municipales.org.ar\/festram\/rotundo-exito-la-feria-del-libro-nacional-popular\/#breadcrumb"},"inLanguage":"es","potentialAction":[{"@type":"ReadAction","target":["https:\/\/municipales.org.ar\/festram\/rotundo-exito-la-feria-del-libro-nacional-popular\/"]}]},{"@type":"ImageObject","inLanguage":"es","@id":"https:\/\/municipales.org.ar\/festram\/rotundo-exito-la-feria-del-libro-nacional-popular\/#primaryimage","url":"https:\/\/municipales.org.ar\/festram\/wp-content\/uploads\/2016\/11\/15138473_1294472067283374_1740661001175031491_o.jpg","contentUrl":"https:\/\/municipales.org.ar\/festram\/wp-content\/uploads\/2016\/11\/15138473_1294472067283374_1740661001175031491_o.jpg","width":1805,"height":1205},{"@type":"BreadcrumbList","@id":"https:\/\/municipales.org.ar\/festram\/rotundo-exito-la-feria-del-libro-nacional-popular\/#breadcrumb","itemListElement":[{"@type":"ListItem","position":1,"name":"Portada","item":"https:\/\/municipales.org.ar\/festram\/"},{"@type":"ListItem","position":2,"name":"Rotundo \u00e9xito de la Feria del Libro Nacional y Popular"}]},{"@type":"WebSite","@id":"https:\/\/municipales.org.ar\/festram\/#website","url":"https:\/\/municipales.org.ar\/festram\/","name":"FESTRAM","description":"La web de los trabajadores municipales","publisher":{"@id":"https:\/\/municipales.org.ar\/festram\/#organization"},"potentialAction":[{"@type":"SearchAction","target":{"@type":"EntryPoint","urlTemplate":"https:\/\/municipales.org.ar\/festram\/?s={search_term_string}"},"query-input":{"@type":"PropertyValueSpecification","valueRequired":true,"valueName":"search_term_string"}}],"inLanguage":"es"},{"@type":"Organization","@id":"https:\/\/municipales.org.ar\/festram\/#organization","name":"Federaci\u00f3n de Sindicatos de Trabajadores Municipales de la Provincia de Santa Fe","url":"https:\/\/municipales.org.ar\/festram\/","logo":{"@type":"ImageObject","inLanguage":"es","@id":"https:\/\/municipales.org.ar\/festram\/#\/schema\/logo\/image\/","url":"https:\/\/www.municipales.org.ar\/festram\/wp-content\/uploads\/2014\/07\/logo_fes.jpg","contentUrl":"https:\/\/www.municipales.org.ar\/festram\/wp-content\/uploads\/2014\/07\/logo_fes.jpg","width":661,"height":673,"caption":"Federaci\u00f3n de Sindicatos de Trabajadores Municipales de la Provincia de Santa Fe"},"image":{"@id":"https:\/\/municipales.org.ar\/festram\/#\/schema\/logo\/image\/"},"sameAs":["https:\/\/www.facebook.com\/MunicipalesSF","https:\/\/x.com\/MunicipalesSF","https:\/\/www.youtube.com\/user\/festram"]},{"@type":"Person","@id":"https:\/\/municipales.org.ar\/festram\/#\/schema\/person\/49096a774c48ce9063df4d59ec059f9e","name":"mun_admin"}]}},"jetpack_publicize_connections":[],"jetpack_featured_media_url":"https:\/\/municipales.org.ar\/festram\/wp-content\/uploads\/2016\/11\/15138473_1294472067283374_1740661001175031491_o.jpg","jetpack_sharing_enabled":true,"jetpack_likes_enabled":false,"jetpack_shortlink":"https:\/\/wp.me\/p7l4x1-2YB","_links":{"self":[{"href":"https:\/\/municipales.org.ar\/festram\/wp-json\/wp\/v2\/posts\/11445","targetHints":{"allow":["GET"]}}],"collection":[{"href":"https:\/\/municipales.org.ar\/festram\/wp-json\/wp\/v2\/posts"}],"about":[{"href":"https:\/\/municipales.org.ar\/festram\/wp-json\/wp\/v2\/types\/post"}],"author":[{"embeddable":true,"href":"https:\/\/municipales.org.ar\/festram\/wp-json\/wp\/v2\/users\/1"}],"replies":[{"embeddable":true,"href":"https:\/\/municipales.org.ar\/festram\/wp-json\/wp\/v2\/comments?post=11445"}],"version-history":[{"count":4,"href":"https:\/\/municipales.org.ar\/festram\/wp-json\/wp\/v2\/posts\/11445\/revisions"}],"predecessor-version":[{"id":11450,"href":"https:\/\/municipales.org.ar\/festram\/wp-json\/wp\/v2\/posts\/11445\/revisions\/11450"}],"wp:featuredmedia":[{"embeddable":true,"href":"https:\/\/municipales.org.ar\/festram\/wp-json\/wp\/v2\/media\/11447"}],"wp:attachment":[{"href":"https:\/\/municipales.org.ar\/festram\/wp-json\/wp\/v2\/media?parent=11445"}],"wp:term":[{"taxonomy":"category","embeddable":true,"href":"https:\/\/municipales.org.ar\/festram\/wp-json\/wp\/v2\/categories?post=11445"},{"taxonomy":"post_tag","embeddable":true,"href":"https:\/\/municipales.org.ar\/festram\/wp-json\/wp\/v2\/tags?post=11445"}],"curies":[{"name":"wp","href":"https:\/\/api.w.org\/{rel}","templated":true}]}}