{"id":11468,"date":"2016-11-25T19:18:02","date_gmt":"2016-11-25T22:18:02","guid":{"rendered":"http:\/\/www.municipales.org.ar\/festram\/?p=11468"},"modified":"2016-11-25T19:23:00","modified_gmt":"2016-11-25T22:23:00","slug":"1a-jornada-trabajo-social-ejercicio-profesional-condiciones-laborales","status":"publish","type":"post","link":"https:\/\/municipales.org.ar\/festram\/1a-jornada-trabajo-social-ejercicio-profesional-condiciones-laborales\/","title":{"rendered":"M\u00e1s de 70 trabajadoras\/es participaron de la Jornada sobre Trabajo Social, Ejercicio Profesional y Condiciones Laborales"},"content":{"rendered":"<h4 class=\"p1\"><span class=\"s1\">El d\u00eda 24 de Noviembre del corriente a\u00f1o, el Colegio Profesional de Asistentes Sociales, Primera Circunscripci\u00f3n de la Provincia de Santa Fe, \u00a0llev\u00f3 a cabo la primera jornada denominada \u201c<b>Ejercicio profesional y condiciones laborales\u201d<\/b> organizado en conjunto con la Federaci\u00f3n de Sindicatos de Trabajadores Municipales de la Provincia de Santa Fe-FESTRAM-. <\/span><\/h4>\n<p class=\"p1\"><span class=\"s1\">La misma se desarroll\u00f3 en las instalaciones de la Federaci\u00f3n, y cont\u00f3 con la participaci\u00f3n de m\u00e1s de setenta Trabajadores y Trabajadoras Sociales de Municipios y Comunas del Centro-Norte de la Provincia de Santa Fe provenientes de\u00a0<\/span><span class=\"s1\">Reconquista,\u00a0<\/span><span class=\"s1\">San Javier,\u00a0<\/span><span class=\"s1\">Villa Ana,\u00a0<\/span><span class=\"s1\">Guadalupe Norte,\u00a0<\/span><span class=\"s1\">Lanteri,\u00a0<\/span><span class=\"s1\">Las Garzas,\u00a0<\/span><span class=\"s1\">Lopez,\u00a0<\/span><span class=\"s1\">Colonia Belgrano,\u00a0<\/span><span class=\"s1\">Galvez,\u00a0<\/span><span class=\"s1\">Hercilia,\u00a0<\/span><span class=\"s1\">Intiyaco,\u00a0<\/span><span class=\"s1\">Santo Tome,\u00a0<\/span><span class=\"s1\">Desvio Arijon,\u00a0<\/span><span class=\"s1\">Santa Fe capital,\u00a0<\/span><span class=\"s1\">Maria Juana,\u00a0<\/span><span class=\"s1\">Monte Vera,\u00a0<\/span><span class=\"s1\">Esperanza,\u00a0<\/span><span class=\"s1\">El Trebol,\u00a0<\/span><span class=\"s1\">Sauce Viejo,\u00a0<\/span><span class=\"s1\">Malabrigo,\u00a0<\/span><span class=\"s1\">San Genaro,\u00a0<\/span><span class=\"s1\">Villa Trinidad,\u00a0<\/span><span class=\"s1\">San Guillermo,\u00a0<\/span><span class=\"s1\">Pilar,\u00a0<\/span><span class=\"s1\">Laguna Paiva,\u00a0<\/span><span class=\"s1\">San Jose del Rincon,\u00a0<\/span><span class=\"s1\">Frontera,\u00a0<\/span><span class=\"s1\">Cayasta,\u00a0<\/span><span class=\"s1\">Sarmiento y\u00a0<\/span><span class=\"s1\">Sastre.<\/span><\/p>\n<p class=\"p1\"><span class=\"s1\">En dicho encuentro se firm\u00f3 un acuerdo marco de cooperaci\u00f3n entre el Colegio Profesional, representada por la presidenta Lic. Carina Belletti \u00a0y la FESTRAM, por su titular Claudio Leoni. El mismo pretende estrechar lazos de colaboraci\u00f3n y apoyo muto en diferentes actividades con el objetivo de observar y procurar mejorar integralmente las intervenciones profesionales y condiciones generales de trabajo.<\/span><\/p>\n<p class=\"p1\"><span class=\"s1\">Luego de la firma del convenio, se desarrollaron consideraciones generales sobre la Ley Federal de Trabajo Social N\u00ba 27.072, que fueron el insumo de trabajo para el momento grupal.\u00a0 Los ejes que guiaron el debate en los grupos tienen que ver con las incumbencias y los derechos profesionales en el ejercicio profesional en el \u00e1mbito comunal y municipal.<\/span><\/p>\n<p class=\"p1\"><span class=\"s1\">Las comisiones de Derechos Laborales y Capacitaci\u00f3n del Colegio, promover\u00e1n acciones conjuntas e integrales para el pr\u00f3ximo a\u00f1o. De este modo queda consolidado una red de profesionales que permitir\u00e1 cualificar los espacios laborales y fortalecer propuestas disciplinares en favor de los derechos, las instituciones y las y los sujetos sociales.-<\/span><\/p>\n<p class=\"p1\">[srizonfbalbum id=43]<br \/>\n<a href=\"https:\/\/www.facebook.com\/media\/set\/?set=a.1298082093589038.1073741900.117916918272234&amp;type=3\" target=\"_blank\">M\u00e1s fotos en la FanPage de FESTRAM en Facebook<\/a><\/p>\n","protected":false},"excerpt":{"rendered":"<p>El d\u00eda 24 de Noviembre del corriente a\u00f1o, el Colegio Profesional de Asistentes Sociales, Primera Circunscripci\u00f3n de la Provincia de Santa Fe,  llev\u00f3 a cabo la primera jornada denominada \u201cEjercicio profesional y condiciones laborales\u201d organizado en conjunto con la Federaci\u00f3n de Sindicatos de Trabajadores Municipales de la Provincia de Santa Fe-FESTRAM-.<\/p>\n","protected":false},"author":1,"featured_media":11470,"comment_status":"closed","ping_status":"closed","sticky":false,"template":"","format":"standard","meta":{"_jetpack_memberships_contains_paid_content":false,"footnotes":"","jetpack_publicize_message":"1\u00aa Jornada sobre Trabajo Social, Ejercicio Profesional y Condiciones Laborales","jetpack_publicize_feature_enabled":true,"jetpack_social_post_already_shared":true,"jetpack_social_options":{"image_generator_settings":{"template":"highway","default_image_id":0,"font":"","enabled":false},"version":2}},"categories":[61],"tags":[157],"class_list":["post-11468","post","type-post","status-publish","format-standard","has-post-thumbnail","hentry","category-seminarios-y-actividades","tag-actividades-varias"],"yoast_head":"<!-- This site is optimized with the Yoast SEO plugin v25.9 - https:\/\/yoast.com\/wordpress\/plugins\/seo\/ -->\n<title>M\u00e1s de 70 trabajadoras\/es participaron de la Jornada sobre Trabajo Social, Ejercicio Profesional y Condiciones Laborales &#8211; FESTRAM<\/title>\n<meta name=\"description\" content=\"El d\u00eda 24 de Noviembre del corriente a\u00f1o, el Colegio Profesional de Asistentes Sociales, Primera Circunscripci\u00f3n de la Provincia de Santa Fe, llev\u00f3 a cabo la primera jornada denominada \u201cEjercicio profesional y condiciones laborales\u201d organizado en conjunto con la Federaci\u00f3n de Sindicatos de Trabajadores Municipales de la Provincia de Santa Fe-FESTRAM-.\" \/>\n<meta name=\"robots\" content=\"index, follow, max-snippet:-1, max-image-preview:large, max-video-preview:-1\" \/>\n<link rel=\"canonical\" href=\"https:\/\/municipales.org.ar\/festram\/1a-jornada-trabajo-social-ejercicio-profesional-condiciones-laborales\/\" \/>\n<meta property=\"og:locale\" content=\"es_ES\" \/>\n<meta property=\"og:type\" content=\"article\" \/>\n<meta property=\"og:title\" content=\"M\u00e1s de 70 trabajadoras\/es participaron de la Jornada sobre Trabajo Social, Ejercicio Profesional y Condiciones Laborales &#8211; FESTRAM\" \/>\n<meta property=\"og:description\" content=\"El d\u00eda 24 de Noviembre del corriente a\u00f1o, el Colegio Profesional de Asistentes Sociales, Primera Circunscripci\u00f3n de la Provincia de Santa Fe, llev\u00f3 a cabo la primera jornada denominada \u201cEjercicio profesional y condiciones laborales\u201d organizado en conjunto con la Federaci\u00f3n de Sindicatos de Trabajadores Municipales de la Provincia de Santa Fe-FESTRAM-.\" \/>\n<meta property=\"og:url\" content=\"https:\/\/municipales.org.ar\/festram\/1a-jornada-trabajo-social-ejercicio-profesional-condiciones-laborales\/\" \/>\n<meta property=\"og:site_name\" content=\"FESTRAM\" \/>\n<meta property=\"article:publisher\" content=\"https:\/\/www.facebook.com\/MunicipalesSF\" \/>\n<meta property=\"article:published_time\" content=\"2016-11-25T22:18:02+00:00\" \/>\n<meta property=\"article:modified_time\" content=\"2016-11-25T22:23:00+00:00\" \/>\n<meta property=\"og:image\" content=\"https:\/\/municipales.org.ar\/festram\/wp-content\/uploads\/2016\/11\/20161124-asistentes-sociales-022.jpg\" \/>\n\t<meta property=\"og:image:width\" content=\"1600\" \/>\n\t<meta property=\"og:image:height\" content=\"1068\" \/>\n\t<meta property=\"og:image:type\" content=\"image\/jpeg\" \/>\n<meta name=\"author\" content=\"mun_admin\" \/>\n<meta name=\"twitter:card\" content=\"summary_large_image\" \/>\n<meta name=\"twitter:image\" content=\"http:\/\/www.municipales.org.ar\/festram\/wp-content\/uploads\/2016\/11\/20161124-asistentes-sociales-022.jpg\" \/>\n<meta name=\"twitter:creator\" content=\"@MunicipalesSF\" \/>\n<meta name=\"twitter:site\" content=\"@MunicipalesSF\" \/>\n<meta name=\"twitter:label1\" content=\"Escrito por\" \/>\n\t<meta name=\"twitter:data1\" content=\"mun_admin\" \/>\n\t<meta name=\"twitter:label2\" content=\"Tiempo de lectura\" \/>\n\t<meta name=\"twitter:data2\" content=\"2 minutos\" \/>\n<script type=\"application\/ld+json\" class=\"yoast-schema-graph\">{\"@context\":\"https:\/\/schema.org\",\"@graph\":[{\"@type\":\"Article\",\"@id\":\"https:\/\/municipales.org.ar\/festram\/1a-jornada-trabajo-social-ejercicio-profesional-condiciones-laborales\/#article\",\"isPartOf\":{\"@id\":\"https:\/\/municipales.org.ar\/festram\/1a-jornada-trabajo-social-ejercicio-profesional-condiciones-laborales\/\"},\"author\":{\"name\":\"mun_admin\",\"@id\":\"https:\/\/municipales.org.ar\/festram\/#\/schema\/person\/49096a774c48ce9063df4d59ec059f9e\"},\"headline\":\"M\u00e1s de 70 trabajadoras\/es participaron de la Jornada sobre Trabajo Social, Ejercicio Profesional y Condiciones Laborales\",\"datePublished\":\"2016-11-25T22:18:02+00:00\",\"dateModified\":\"2016-11-25T22:23:00+00:00\",\"mainEntityOfPage\":{\"@id\":\"https:\/\/municipales.org.ar\/festram\/1a-jornada-trabajo-social-ejercicio-profesional-condiciones-laborales\/\"},\"wordCount\":347,\"publisher\":{\"@id\":\"https:\/\/municipales.org.ar\/festram\/#organization\"},\"image\":{\"@id\":\"https:\/\/municipales.org.ar\/festram\/1a-jornada-trabajo-social-ejercicio-profesional-condiciones-laborales\/#primaryimage\"},\"thumbnailUrl\":\"https:\/\/municipales.org.ar\/festram\/wp-content\/uploads\/2016\/11\/20161124-asistentes-sociales-022.jpg\",\"keywords\":[\"actividades varias\"],\"articleSection\":[\"Seminarios y Actividades\"],\"inLanguage\":\"es\"},{\"@type\":\"WebPage\",\"@id\":\"https:\/\/municipales.org.ar\/festram\/1a-jornada-trabajo-social-ejercicio-profesional-condiciones-laborales\/\",\"url\":\"https:\/\/municipales.org.ar\/festram\/1a-jornada-trabajo-social-ejercicio-profesional-condiciones-laborales\/\",\"name\":\"M\u00e1s de 70 trabajadoras\/es participaron de la Jornada sobre Trabajo Social, Ejercicio Profesional y Condiciones Laborales &#8211; FESTRAM\",\"isPartOf\":{\"@id\":\"https:\/\/municipales.org.ar\/festram\/#website\"},\"primaryImageOfPage\":{\"@id\":\"https:\/\/municipales.org.ar\/festram\/1a-jornada-trabajo-social-ejercicio-profesional-condiciones-laborales\/#primaryimage\"},\"image\":{\"@id\":\"https:\/\/municipales.org.ar\/festram\/1a-jornada-trabajo-social-ejercicio-profesional-condiciones-laborales\/#primaryimage\"},\"thumbnailUrl\":\"https:\/\/municipales.org.ar\/festram\/wp-content\/uploads\/2016\/11\/20161124-asistentes-sociales-022.jpg\",\"datePublished\":\"2016-11-25T22:18:02+00:00\",\"dateModified\":\"2016-11-25T22:23:00+00:00\",\"description\":\"El d\u00eda 24 de Noviembre del corriente a\u00f1o, el Colegio Profesional de Asistentes Sociales, Primera Circunscripci\u00f3n de la Provincia de Santa Fe, llev\u00f3 a cabo la primera jornada denominada \u201cEjercicio profesional y condiciones laborales\u201d organizado en conjunto con la Federaci\u00f3n de Sindicatos de Trabajadores Municipales de la Provincia de Santa Fe-FESTRAM-.\",\"breadcrumb\":{\"@id\":\"https:\/\/municipales.org.ar\/festram\/1a-jornada-trabajo-social-ejercicio-profesional-condiciones-laborales\/#breadcrumb\"},\"inLanguage\":\"es\",\"potentialAction\":[{\"@type\":\"ReadAction\",\"target\":[\"https:\/\/municipales.org.ar\/festram\/1a-jornada-trabajo-social-ejercicio-profesional-condiciones-laborales\/\"]}]},{\"@type\":\"ImageObject\",\"inLanguage\":\"es\",\"@id\":\"https:\/\/municipales.org.ar\/festram\/1a-jornada-trabajo-social-ejercicio-profesional-condiciones-laborales\/#primaryimage\",\"url\":\"https:\/\/municipales.org.ar\/festram\/wp-content\/uploads\/2016\/11\/20161124-asistentes-sociales-022.jpg\",\"contentUrl\":\"https:\/\/municipales.org.ar\/festram\/wp-content\/uploads\/2016\/11\/20161124-asistentes-sociales-022.jpg\",\"width\":1600,\"height\":1068},{\"@type\":\"BreadcrumbList\",\"@id\":\"https:\/\/municipales.org.ar\/festram\/1a-jornada-trabajo-social-ejercicio-profesional-condiciones-laborales\/#breadcrumb\",\"itemListElement\":[{\"@type\":\"ListItem\",\"position\":1,\"name\":\"Portada\",\"item\":\"https:\/\/municipales.org.ar\/festram\/\"},{\"@type\":\"ListItem\",\"position\":2,\"name\":\"M\u00e1s de 70 trabajadoras\/es participaron de la Jornada sobre Trabajo Social, Ejercicio Profesional y Condiciones Laborales\"}]},{\"@type\":\"WebSite\",\"@id\":\"https:\/\/municipales.org.ar\/festram\/#website\",\"url\":\"https:\/\/municipales.org.ar\/festram\/\",\"name\":\"FESTRAM\",\"description\":\"La web de los trabajadores municipales\",\"publisher\":{\"@id\":\"https:\/\/municipales.org.ar\/festram\/#organization\"},\"potentialAction\":[{\"@type\":\"SearchAction\",\"target\":{\"@type\":\"EntryPoint\",\"urlTemplate\":\"https:\/\/municipales.org.ar\/festram\/?s={search_term_string}\"},\"query-input\":{\"@type\":\"PropertyValueSpecification\",\"valueRequired\":true,\"valueName\":\"search_term_string\"}}],\"inLanguage\":\"es\"},{\"@type\":\"Organization\",\"@id\":\"https:\/\/municipales.org.ar\/festram\/#organization\",\"name\":\"Federaci\u00f3n de Sindicatos de Trabajadores Municipales de la Provincia de Santa Fe\",\"url\":\"https:\/\/municipales.org.ar\/festram\/\",\"logo\":{\"@type\":\"ImageObject\",\"inLanguage\":\"es\",\"@id\":\"https:\/\/municipales.org.ar\/festram\/#\/schema\/logo\/image\/\",\"url\":\"https:\/\/www.municipales.org.ar\/festram\/wp-content\/uploads\/2014\/07\/logo_fes.jpg\",\"contentUrl\":\"https:\/\/www.municipales.org.ar\/festram\/wp-content\/uploads\/2014\/07\/logo_fes.jpg\",\"width\":661,\"height\":673,\"caption\":\"Federaci\u00f3n de Sindicatos de Trabajadores Municipales de la Provincia de Santa Fe\"},\"image\":{\"@id\":\"https:\/\/municipales.org.ar\/festram\/#\/schema\/logo\/image\/\"},\"sameAs\":[\"https:\/\/www.facebook.com\/MunicipalesSF\",\"https:\/\/x.com\/MunicipalesSF\",\"https:\/\/www.youtube.com\/user\/festram\"]},{\"@type\":\"Person\",\"@id\":\"https:\/\/municipales.org.ar\/festram\/#\/schema\/person\/49096a774c48ce9063df4d59ec059f9e\",\"name\":\"mun_admin\"}]}<\/script>\n<!-- \/ Yoast SEO plugin. -->","yoast_head_json":{"title":"M\u00e1s de 70 trabajadoras\/es participaron de la Jornada sobre Trabajo Social, Ejercicio Profesional y Condiciones Laborales &#8211; FESTRAM","description":"El d\u00eda 24 de Noviembre del corriente a\u00f1o, el Colegio Profesional de Asistentes Sociales, Primera Circunscripci\u00f3n de la Provincia de Santa Fe, llev\u00f3 a cabo la primera jornada denominada \u201cEjercicio profesional y condiciones laborales\u201d organizado en conjunto con la Federaci\u00f3n de Sindicatos de Trabajadores Municipales de la Provincia de Santa Fe-FESTRAM-.","robots":{"index":"index","follow":"follow","max-snippet":"max-snippet:-1","max-image-preview":"max-image-preview:large","max-video-preview":"max-video-preview:-1"},"canonical":"https:\/\/municipales.org.ar\/festram\/1a-jornada-trabajo-social-ejercicio-profesional-condiciones-laborales\/","og_locale":"es_ES","og_type":"article","og_title":"M\u00e1s de 70 trabajadoras\/es participaron de la Jornada sobre Trabajo Social, Ejercicio Profesional y Condiciones Laborales &#8211; FESTRAM","og_description":"El d\u00eda 24 de Noviembre del corriente a\u00f1o, el Colegio Profesional de Asistentes Sociales, Primera Circunscripci\u00f3n de la Provincia de Santa Fe, llev\u00f3 a cabo la primera jornada denominada \u201cEjercicio profesional y condiciones laborales\u201d organizado en conjunto con la Federaci\u00f3n de Sindicatos de Trabajadores Municipales de la Provincia de Santa Fe-FESTRAM-.","og_url":"https:\/\/municipales.org.ar\/festram\/1a-jornada-trabajo-social-ejercicio-profesional-condiciones-laborales\/","og_site_name":"FESTRAM","article_publisher":"https:\/\/www.facebook.com\/MunicipalesSF","article_published_time":"2016-11-25T22:18:02+00:00","article_modified_time":"2016-11-25T22:23:00+00:00","og_image":[{"width":1600,"height":1068,"url":"https:\/\/municipales.org.ar\/festram\/wp-content\/uploads\/2016\/11\/20161124-asistentes-sociales-022.jpg","type":"image\/jpeg"}],"author":"mun_admin","twitter_card":"summary_large_image","twitter_image":"http:\/\/www.municipales.org.ar\/festram\/wp-content\/uploads\/2016\/11\/20161124-asistentes-sociales-022.jpg","twitter_creator":"@MunicipalesSF","twitter_site":"@MunicipalesSF","twitter_misc":{"Escrito por":"mun_admin","Tiempo de lectura":"2 minutos"},"schema":{"@context":"https:\/\/schema.org","@graph":[{"@type":"Article","@id":"https:\/\/municipales.org.ar\/festram\/1a-jornada-trabajo-social-ejercicio-profesional-condiciones-laborales\/#article","isPartOf":{"@id":"https:\/\/municipales.org.ar\/festram\/1a-jornada-trabajo-social-ejercicio-profesional-condiciones-laborales\/"},"author":{"name":"mun_admin","@id":"https:\/\/municipales.org.ar\/festram\/#\/schema\/person\/49096a774c48ce9063df4d59ec059f9e"},"headline":"M\u00e1s de 70 trabajadoras\/es participaron de la Jornada sobre Trabajo Social, Ejercicio Profesional y Condiciones Laborales","datePublished":"2016-11-25T22:18:02+00:00","dateModified":"2016-11-25T22:23:00+00:00","mainEntityOfPage":{"@id":"https:\/\/municipales.org.ar\/festram\/1a-jornada-trabajo-social-ejercicio-profesional-condiciones-laborales\/"},"wordCount":347,"publisher":{"@id":"https:\/\/municipales.org.ar\/festram\/#organization"},"image":{"@id":"https:\/\/municipales.org.ar\/festram\/1a-jornada-trabajo-social-ejercicio-profesional-condiciones-laborales\/#primaryimage"},"thumbnailUrl":"https:\/\/municipales.org.ar\/festram\/wp-content\/uploads\/2016\/11\/20161124-asistentes-sociales-022.jpg","keywords":["actividades varias"],"articleSection":["Seminarios y Actividades"],"inLanguage":"es"},{"@type":"WebPage","@id":"https:\/\/municipales.org.ar\/festram\/1a-jornada-trabajo-social-ejercicio-profesional-condiciones-laborales\/","url":"https:\/\/municipales.org.ar\/festram\/1a-jornada-trabajo-social-ejercicio-profesional-condiciones-laborales\/","name":"M\u00e1s de 70 trabajadoras\/es participaron de la Jornada sobre Trabajo Social, Ejercicio Profesional y Condiciones Laborales &#8211; FESTRAM","isPartOf":{"@id":"https:\/\/municipales.org.ar\/festram\/#website"},"primaryImageOfPage":{"@id":"https:\/\/municipales.org.ar\/festram\/1a-jornada-trabajo-social-ejercicio-profesional-condiciones-laborales\/#primaryimage"},"image":{"@id":"https:\/\/municipales.org.ar\/festram\/1a-jornada-trabajo-social-ejercicio-profesional-condiciones-laborales\/#primaryimage"},"thumbnailUrl":"https:\/\/municipales.org.ar\/festram\/wp-content\/uploads\/2016\/11\/20161124-asistentes-sociales-022.jpg","datePublished":"2016-11-25T22:18:02+00:00","dateModified":"2016-11-25T22:23:00+00:00","description":"El d\u00eda 24 de Noviembre del corriente a\u00f1o, el Colegio Profesional de Asistentes Sociales, Primera Circunscripci\u00f3n de la Provincia de Santa Fe, llev\u00f3 a cabo la primera jornada denominada \u201cEjercicio profesional y condiciones laborales\u201d organizado en conjunto con la Federaci\u00f3n de Sindicatos de Trabajadores Municipales de la Provincia de Santa Fe-FESTRAM-.","breadcrumb":{"@id":"https:\/\/municipales.org.ar\/festram\/1a-jornada-trabajo-social-ejercicio-profesional-condiciones-laborales\/#breadcrumb"},"inLanguage":"es","potentialAction":[{"@type":"ReadAction","target":["https:\/\/municipales.org.ar\/festram\/1a-jornada-trabajo-social-ejercicio-profesional-condiciones-laborales\/"]}]},{"@type":"ImageObject","inLanguage":"es","@id":"https:\/\/municipales.org.ar\/festram\/1a-jornada-trabajo-social-ejercicio-profesional-condiciones-laborales\/#primaryimage","url":"https:\/\/municipales.org.ar\/festram\/wp-content\/uploads\/2016\/11\/20161124-asistentes-sociales-022.jpg","contentUrl":"https:\/\/municipales.org.ar\/festram\/wp-content\/uploads\/2016\/11\/20161124-asistentes-sociales-022.jpg","width":1600,"height":1068},{"@type":"BreadcrumbList","@id":"https:\/\/municipales.org.ar\/festram\/1a-jornada-trabajo-social-ejercicio-profesional-condiciones-laborales\/#breadcrumb","itemListElement":[{"@type":"ListItem","position":1,"name":"Portada","item":"https:\/\/municipales.org.ar\/festram\/"},{"@type":"ListItem","position":2,"name":"M\u00e1s de 70 trabajadoras\/es participaron de la Jornada sobre Trabajo Social, Ejercicio Profesional y Condiciones Laborales"}]},{"@type":"WebSite","@id":"https:\/\/municipales.org.ar\/festram\/#website","url":"https:\/\/municipales.org.ar\/festram\/","name":"FESTRAM","description":"La web de los trabajadores municipales","publisher":{"@id":"https:\/\/municipales.org.ar\/festram\/#organization"},"potentialAction":[{"@type":"SearchAction","target":{"@type":"EntryPoint","urlTemplate":"https:\/\/municipales.org.ar\/festram\/?s={search_term_string}"},"query-input":{"@type":"PropertyValueSpecification","valueRequired":true,"valueName":"search_term_string"}}],"inLanguage":"es"},{"@type":"Organization","@id":"https:\/\/municipales.org.ar\/festram\/#organization","name":"Federaci\u00f3n de Sindicatos de Trabajadores Municipales de la Provincia de Santa Fe","url":"https:\/\/municipales.org.ar\/festram\/","logo":{"@type":"ImageObject","inLanguage":"es","@id":"https:\/\/municipales.org.ar\/festram\/#\/schema\/logo\/image\/","url":"https:\/\/www.municipales.org.ar\/festram\/wp-content\/uploads\/2014\/07\/logo_fes.jpg","contentUrl":"https:\/\/www.municipales.org.ar\/festram\/wp-content\/uploads\/2014\/07\/logo_fes.jpg","width":661,"height":673,"caption":"Federaci\u00f3n de Sindicatos de Trabajadores Municipales de la Provincia de Santa Fe"},"image":{"@id":"https:\/\/municipales.org.ar\/festram\/#\/schema\/logo\/image\/"},"sameAs":["https:\/\/www.facebook.com\/MunicipalesSF","https:\/\/x.com\/MunicipalesSF","https:\/\/www.youtube.com\/user\/festram"]},{"@type":"Person","@id":"https:\/\/municipales.org.ar\/festram\/#\/schema\/person\/49096a774c48ce9063df4d59ec059f9e","name":"mun_admin"}]}},"jetpack_publicize_connections":[],"jetpack_featured_media_url":"https:\/\/municipales.org.ar\/festram\/wp-content\/uploads\/2016\/11\/20161124-asistentes-sociales-022.jpg","jetpack_sharing_enabled":true,"jetpack_likes_enabled":false,"jetpack_shortlink":"https:\/\/wp.me\/p7l4x1-2YY","_links":{"self":[{"href":"https:\/\/municipales.org.ar\/festram\/wp-json\/wp\/v2\/posts\/11468","targetHints":{"allow":["GET"]}}],"collection":[{"href":"https:\/\/municipales.org.ar\/festram\/wp-json\/wp\/v2\/posts"}],"about":[{"href":"https:\/\/municipales.org.ar\/festram\/wp-json\/wp\/v2\/types\/post"}],"author":[{"embeddable":true,"href":"https:\/\/municipales.org.ar\/festram\/wp-json\/wp\/v2\/users\/1"}],"replies":[{"embeddable":true,"href":"https:\/\/municipales.org.ar\/festram\/wp-json\/wp\/v2\/comments?post=11468"}],"version-history":[{"count":6,"href":"https:\/\/municipales.org.ar\/festram\/wp-json\/wp\/v2\/posts\/11468\/revisions"}],"predecessor-version":[{"id":11475,"href":"https:\/\/municipales.org.ar\/festram\/wp-json\/wp\/v2\/posts\/11468\/revisions\/11475"}],"wp:featuredmedia":[{"embeddable":true,"href":"https:\/\/municipales.org.ar\/festram\/wp-json\/wp\/v2\/media\/11470"}],"wp:attachment":[{"href":"https:\/\/municipales.org.ar\/festram\/wp-json\/wp\/v2\/media?parent=11468"}],"wp:term":[{"taxonomy":"category","embeddable":true,"href":"https:\/\/municipales.org.ar\/festram\/wp-json\/wp\/v2\/categories?post=11468"},{"taxonomy":"post_tag","embeddable":true,"href":"https:\/\/municipales.org.ar\/festram\/wp-json\/wp\/v2\/tags?post=11468"}],"curies":[{"name":"wp","href":"https:\/\/api.w.org\/{rel}","templated":true}]}}