{"id":11523,"date":"2016-12-01T20:40:55","date_gmt":"2016-12-01T23:40:55","guid":{"rendered":"http:\/\/www.municipales.org.ar\/festram\/?p=11523"},"modified":"2016-12-01T20:40:55","modified_gmt":"2016-12-01T23:40:55","slug":"se-realizo-festram-la-1a-jornada-capacitacion-comunicacion-institucional","status":"publish","type":"post","link":"https:\/\/municipales.org.ar\/festram\/se-realizo-festram-la-1a-jornada-capacitacion-comunicacion-institucional\/","title":{"rendered":"Se realiz\u00f3 en FESTRAM la 1\u00aa Jornada de Capacitaci\u00f3n en Comunicaci\u00f3n Institucional"},"content":{"rendered":"<h4 class=\"p1\"><span class=\"s1\">Durante el pasado martes 29 de noviembre se llev\u00f3 adelante en el Complejo Institucional de FESTRAM en la ciudad capital de nuestra provincia, la JORNADA DE CAPACITACI\u00d3N EN COMUNICACI\u00d3N INSTITUCIONAL; iniciativa generada desde los Trabajadores\/as Municipales que participaron de otras instancias de formaci\u00f3n y de Sindicatos de base de la Federaci\u00f3n que plantearon la necesidad de fortalecer sus l\u00edneas de acci\u00f3n en esta materia.<\/span><\/h4>\n<p class=\"p2\"><span class=\"s1\">Claudio Leoni Secretario General de FESTRAM, junto a Horacio Chiappero, responsable de Capacitaci\u00f3n Profesional y Aldo Rotman, quien conduce el Sistema de Radios de la Universidad Nacional de Entre R\u00edos, encabezaron la apertura de la actividad, que fue coordinada por los Licenciados en Comunicaci\u00f3n: Jos\u00e9 Luis Cardozo, Mar\u00eda Eugenia Sarli y Luc\u00eda Marioni.<\/span><\/p>\n<p class=\"p2\"><span class=\"s1\">En su alocuci\u00f3n Claudio Leoni expres\u00f3 la importancia de debatir sobre el rol de la comunicaci\u00f3n, las implicancias pol\u00edticas e ideol\u00f3gicas que la misma ten\u00eda y la trascendencia que desde los Sindicatos y los propios trabajadores se pueda abrir un an\u00e1lisis de como los grandes medios y las nuevas tecnolog\u00edas de la informaci\u00f3n est\u00e1n impactando en la vida de cada comunidad. Resalt\u00f3 tambi\u00e9n la importancia del aprendizaje de herramientas comunicacionales que permitan optimizar los contenidos, mensajes e informaci\u00f3n que producen las propias estructuras gremiales.<\/span><\/p>\n<p class=\"p2\"><span class=\"s1\">Formaron parte de la actividad 140 trabajadoras\/es municipales, correspondientes a 27 localidades del territorio provincial.<\/span><\/p>\n<p class=\"p2\"><span class=\"s1\">Los temas abordados fueron: Concepto de Comunicaci\u00f3n. Contexto y proceso en que se desarrolla la misma. La Comunicaci\u00f3n desde las organizaciones sociales y sindicales. Comparaci\u00f3n con la que realiza el Estado y las Empresas. Objetivos que se exponen en cada caso. Herramientas de informaci\u00f3n, nuevas tecnolog\u00edas y redes: experiencias, riesgos e implicancias de su uso. Estrategias de manipulaci\u00f3n Medi\u00e1tica. Trabajo pr\u00e1ctico sobre formas de comunicar ante una \u00a0situaci\u00f3n de crisis.<\/span><\/p>\n<p class=\"p2\"><span class=\"s1\">Los capacitadores utilizaron distintas herramientas audiovisuales para introducir y profundizar sobre cada tema abordado, permitiendo que el conjunto de los participantes pudieran expresarse e intercambiar impresiones y visiones sobre la realidad comunicacional que cada uno experimenta desde su pr\u00e1ctica.<\/span><\/p>\n<p class=\"p1\"><span class=\"s1\">Qued\u00f3 el compromiso de todos por continuar con este ciclo de actividades para el a\u00f1o pr\u00f3ximo.<\/span><\/p>\n<p class=\"p1\">[srizonfbalbum id=44]<br \/>\n<a href=\"https:\/\/www.facebook.com\/media\/set\/?set=a.1304837059580208.1073741902.117916918272234&amp;type=1&amp;l=7b4157422f\" target=\"_blank\">M\u00e1s fotos en la FanPage de FESTRAM en Facebook<\/a><\/p>\n","protected":false},"excerpt":{"rendered":"<p>Durante el pasado martes 29 de noviembre se llev\u00f3 adelante en el Complejo Institucional de FESTRAM en la ciudad capital de nuestra provincia, la JORNADA DE CAPACITACI\u00d3N EN COMUNICACI\u00d3N INSTITUCIONAL; iniciativa generada desde los Trabajadores\/as Municipales que participaron de otras instancias de formaci\u00f3n y de Sindicatos de base de la Federaci\u00f3n que plantearon la necesidad de fortalecer sus l\u00edneas de acci\u00f3n en esta materia.<\/p>\n","protected":false},"author":1,"featured_media":11524,"comment_status":"closed","ping_status":"closed","sticky":false,"template":"","format":"standard","meta":{"_jetpack_memberships_contains_paid_content":false,"footnotes":"","jetpack_publicize_message":"Se realiz\u00f3 en FESTRAM la 1\u00aa Jornada de Capacitaci\u00f3n en Comunicaci\u00f3n Institucional","jetpack_publicize_feature_enabled":true,"jetpack_social_post_already_shared":true,"jetpack_social_options":{"image_generator_settings":{"template":"highway","default_image_id":0,"font":"","enabled":false},"version":2}},"categories":[61],"tags":[157],"class_list":["post-11523","post","type-post","status-publish","format-standard","has-post-thumbnail","hentry","category-seminarios-y-actividades","tag-actividades-varias"],"yoast_head":"<!-- This site is optimized with the Yoast SEO plugin v25.9 - https:\/\/yoast.com\/wordpress\/plugins\/seo\/ -->\n<title>Se realiz\u00f3 en FESTRAM la 1\u00aa Jornada de Capacitaci\u00f3n en Comunicaci\u00f3n Institucional &#8211; FESTRAM<\/title>\n<meta name=\"description\" content=\"Durante el pasado martes 29 de noviembre se llev\u00f3 adelante en el Complejo Institucional de FESTRAM en la ciudad capital de nuestra provincia, la JORNADA DE CAPACITACI\u00d3N EN COMUNICACI\u00d3N INSTITUCIONAL; iniciativa generada desde los Trabajadores\/as Municipales que participaron de otras instancias de formaci\u00f3n y de Sindicatos de base de la Federaci\u00f3n que plantearon la necesidad de fortalecer sus l\u00edneas de acci\u00f3n en esta materia.\" \/>\n<meta name=\"robots\" content=\"index, follow, max-snippet:-1, max-image-preview:large, max-video-preview:-1\" \/>\n<link rel=\"canonical\" href=\"https:\/\/municipales.org.ar\/festram\/se-realizo-festram-la-1a-jornada-capacitacion-comunicacion-institucional\/\" \/>\n<meta property=\"og:locale\" content=\"es_ES\" \/>\n<meta property=\"og:type\" content=\"article\" \/>\n<meta property=\"og:title\" content=\"Se realiz\u00f3 en FESTRAM la 1\u00aa Jornada de Capacitaci\u00f3n en Comunicaci\u00f3n Institucional &#8211; FESTRAM\" \/>\n<meta property=\"og:description\" content=\"Durante el pasado martes 29 de noviembre se llev\u00f3 adelante en el Complejo Institucional de FESTRAM en la ciudad capital de nuestra provincia, la JORNADA DE CAPACITACI\u00d3N EN COMUNICACI\u00d3N INSTITUCIONAL; iniciativa generada desde los Trabajadores\/as Municipales que participaron de otras instancias de formaci\u00f3n y de Sindicatos de base de la Federaci\u00f3n que plantearon la necesidad de fortalecer sus l\u00edneas de acci\u00f3n en esta materia.\" \/>\n<meta property=\"og:url\" content=\"https:\/\/municipales.org.ar\/festram\/se-realizo-festram-la-1a-jornada-capacitacion-comunicacion-institucional\/\" \/>\n<meta property=\"og:site_name\" content=\"FESTRAM\" \/>\n<meta property=\"article:publisher\" content=\"https:\/\/www.facebook.com\/MunicipalesSF\" \/>\n<meta property=\"article:published_time\" content=\"2016-12-01T23:40:55+00:00\" \/>\n<meta property=\"og:image\" content=\"https:\/\/municipales.org.ar\/festram\/wp-content\/uploads\/2016\/12\/20161129-comunicacion-044.jpg\" \/>\n\t<meta property=\"og:image:width\" content=\"1805\" \/>\n\t<meta property=\"og:image:height\" content=\"1205\" \/>\n\t<meta property=\"og:image:type\" content=\"image\/jpeg\" \/>\n<meta name=\"author\" content=\"mun_admin\" \/>\n<meta name=\"twitter:card\" content=\"summary_large_image\" \/>\n<meta name=\"twitter:image\" content=\"http:\/\/www.municipales.org.ar\/festram\/wp-content\/uploads\/2016\/12\/20161129-comunicacion-044.jpg\" \/>\n<meta name=\"twitter:creator\" content=\"@MunicipalesSF\" \/>\n<meta name=\"twitter:site\" content=\"@MunicipalesSF\" \/>\n<meta name=\"twitter:label1\" content=\"Escrito por\" \/>\n\t<meta name=\"twitter:data1\" content=\"mun_admin\" \/>\n\t<meta name=\"twitter:label2\" content=\"Tiempo de lectura\" \/>\n\t<meta name=\"twitter:data2\" content=\"2 minutos\" \/>\n<script type=\"application\/ld+json\" class=\"yoast-schema-graph\">{\"@context\":\"https:\/\/schema.org\",\"@graph\":[{\"@type\":\"Article\",\"@id\":\"https:\/\/municipales.org.ar\/festram\/se-realizo-festram-la-1a-jornada-capacitacion-comunicacion-institucional\/#article\",\"isPartOf\":{\"@id\":\"https:\/\/municipales.org.ar\/festram\/se-realizo-festram-la-1a-jornada-capacitacion-comunicacion-institucional\/\"},\"author\":{\"name\":\"mun_admin\",\"@id\":\"https:\/\/municipales.org.ar\/festram\/#\/schema\/person\/49096a774c48ce9063df4d59ec059f9e\"},\"headline\":\"Se realiz\u00f3 en FESTRAM la 1\u00aa Jornada de Capacitaci\u00f3n en Comunicaci\u00f3n Institucional\",\"datePublished\":\"2016-12-01T23:40:55+00:00\",\"mainEntityOfPage\":{\"@id\":\"https:\/\/municipales.org.ar\/festram\/se-realizo-festram-la-1a-jornada-capacitacion-comunicacion-institucional\/\"},\"wordCount\":399,\"publisher\":{\"@id\":\"https:\/\/municipales.org.ar\/festram\/#organization\"},\"image\":{\"@id\":\"https:\/\/municipales.org.ar\/festram\/se-realizo-festram-la-1a-jornada-capacitacion-comunicacion-institucional\/#primaryimage\"},\"thumbnailUrl\":\"https:\/\/municipales.org.ar\/festram\/wp-content\/uploads\/2016\/12\/20161129-comunicacion-044.jpg\",\"keywords\":[\"actividades varias\"],\"articleSection\":[\"Seminarios y Actividades\"],\"inLanguage\":\"es\"},{\"@type\":\"WebPage\",\"@id\":\"https:\/\/municipales.org.ar\/festram\/se-realizo-festram-la-1a-jornada-capacitacion-comunicacion-institucional\/\",\"url\":\"https:\/\/municipales.org.ar\/festram\/se-realizo-festram-la-1a-jornada-capacitacion-comunicacion-institucional\/\",\"name\":\"Se realiz\u00f3 en FESTRAM la 1\u00aa Jornada de Capacitaci\u00f3n en Comunicaci\u00f3n Institucional &#8211; FESTRAM\",\"isPartOf\":{\"@id\":\"https:\/\/municipales.org.ar\/festram\/#website\"},\"primaryImageOfPage\":{\"@id\":\"https:\/\/municipales.org.ar\/festram\/se-realizo-festram-la-1a-jornada-capacitacion-comunicacion-institucional\/#primaryimage\"},\"image\":{\"@id\":\"https:\/\/municipales.org.ar\/festram\/se-realizo-festram-la-1a-jornada-capacitacion-comunicacion-institucional\/#primaryimage\"},\"thumbnailUrl\":\"https:\/\/municipales.org.ar\/festram\/wp-content\/uploads\/2016\/12\/20161129-comunicacion-044.jpg\",\"datePublished\":\"2016-12-01T23:40:55+00:00\",\"description\":\"Durante el pasado martes 29 de noviembre se llev\u00f3 adelante en el Complejo Institucional de FESTRAM en la ciudad capital de nuestra provincia, la JORNADA DE CAPACITACI\u00d3N EN COMUNICACI\u00d3N INSTITUCIONAL; iniciativa generada desde los Trabajadores\/as Municipales que participaron de otras instancias de formaci\u00f3n y de Sindicatos de base de la Federaci\u00f3n que plantearon la necesidad de fortalecer sus l\u00edneas de acci\u00f3n en esta materia.\",\"breadcrumb\":{\"@id\":\"https:\/\/municipales.org.ar\/festram\/se-realizo-festram-la-1a-jornada-capacitacion-comunicacion-institucional\/#breadcrumb\"},\"inLanguage\":\"es\",\"potentialAction\":[{\"@type\":\"ReadAction\",\"target\":[\"https:\/\/municipales.org.ar\/festram\/se-realizo-festram-la-1a-jornada-capacitacion-comunicacion-institucional\/\"]}]},{\"@type\":\"ImageObject\",\"inLanguage\":\"es\",\"@id\":\"https:\/\/municipales.org.ar\/festram\/se-realizo-festram-la-1a-jornada-capacitacion-comunicacion-institucional\/#primaryimage\",\"url\":\"https:\/\/municipales.org.ar\/festram\/wp-content\/uploads\/2016\/12\/20161129-comunicacion-044.jpg\",\"contentUrl\":\"https:\/\/municipales.org.ar\/festram\/wp-content\/uploads\/2016\/12\/20161129-comunicacion-044.jpg\",\"width\":1805,\"height\":1205},{\"@type\":\"BreadcrumbList\",\"@id\":\"https:\/\/municipales.org.ar\/festram\/se-realizo-festram-la-1a-jornada-capacitacion-comunicacion-institucional\/#breadcrumb\",\"itemListElement\":[{\"@type\":\"ListItem\",\"position\":1,\"name\":\"Portada\",\"item\":\"https:\/\/municipales.org.ar\/festram\/\"},{\"@type\":\"ListItem\",\"position\":2,\"name\":\"Se realiz\u00f3 en FESTRAM la 1\u00aa Jornada de Capacitaci\u00f3n en Comunicaci\u00f3n Institucional\"}]},{\"@type\":\"WebSite\",\"@id\":\"https:\/\/municipales.org.ar\/festram\/#website\",\"url\":\"https:\/\/municipales.org.ar\/festram\/\",\"name\":\"FESTRAM\",\"description\":\"La web de los trabajadores municipales\",\"publisher\":{\"@id\":\"https:\/\/municipales.org.ar\/festram\/#organization\"},\"potentialAction\":[{\"@type\":\"SearchAction\",\"target\":{\"@type\":\"EntryPoint\",\"urlTemplate\":\"https:\/\/municipales.org.ar\/festram\/?s={search_term_string}\"},\"query-input\":{\"@type\":\"PropertyValueSpecification\",\"valueRequired\":true,\"valueName\":\"search_term_string\"}}],\"inLanguage\":\"es\"},{\"@type\":\"Organization\",\"@id\":\"https:\/\/municipales.org.ar\/festram\/#organization\",\"name\":\"Federaci\u00f3n de Sindicatos de Trabajadores Municipales de la Provincia de Santa Fe\",\"url\":\"https:\/\/municipales.org.ar\/festram\/\",\"logo\":{\"@type\":\"ImageObject\",\"inLanguage\":\"es\",\"@id\":\"https:\/\/municipales.org.ar\/festram\/#\/schema\/logo\/image\/\",\"url\":\"https:\/\/www.municipales.org.ar\/festram\/wp-content\/uploads\/2014\/07\/logo_fes.jpg\",\"contentUrl\":\"https:\/\/www.municipales.org.ar\/festram\/wp-content\/uploads\/2014\/07\/logo_fes.jpg\",\"width\":661,\"height\":673,\"caption\":\"Federaci\u00f3n de Sindicatos de Trabajadores Municipales de la Provincia de Santa Fe\"},\"image\":{\"@id\":\"https:\/\/municipales.org.ar\/festram\/#\/schema\/logo\/image\/\"},\"sameAs\":[\"https:\/\/www.facebook.com\/MunicipalesSF\",\"https:\/\/x.com\/MunicipalesSF\",\"https:\/\/www.youtube.com\/user\/festram\"]},{\"@type\":\"Person\",\"@id\":\"https:\/\/municipales.org.ar\/festram\/#\/schema\/person\/49096a774c48ce9063df4d59ec059f9e\",\"name\":\"mun_admin\"}]}<\/script>\n<!-- \/ Yoast SEO plugin. -->","yoast_head_json":{"title":"Se realiz\u00f3 en FESTRAM la 1\u00aa Jornada de Capacitaci\u00f3n en Comunicaci\u00f3n Institucional &#8211; FESTRAM","description":"Durante el pasado martes 29 de noviembre se llev\u00f3 adelante en el Complejo Institucional de FESTRAM en la ciudad capital de nuestra provincia, la JORNADA DE CAPACITACI\u00d3N EN COMUNICACI\u00d3N INSTITUCIONAL; iniciativa generada desde los Trabajadores\/as Municipales que participaron de otras instancias de formaci\u00f3n y de Sindicatos de base de la Federaci\u00f3n que plantearon la necesidad de fortalecer sus l\u00edneas de acci\u00f3n en esta materia.","robots":{"index":"index","follow":"follow","max-snippet":"max-snippet:-1","max-image-preview":"max-image-preview:large","max-video-preview":"max-video-preview:-1"},"canonical":"https:\/\/municipales.org.ar\/festram\/se-realizo-festram-la-1a-jornada-capacitacion-comunicacion-institucional\/","og_locale":"es_ES","og_type":"article","og_title":"Se realiz\u00f3 en FESTRAM la 1\u00aa Jornada de Capacitaci\u00f3n en Comunicaci\u00f3n Institucional &#8211; FESTRAM","og_description":"Durante el pasado martes 29 de noviembre se llev\u00f3 adelante en el Complejo Institucional de FESTRAM en la ciudad capital de nuestra provincia, la JORNADA DE CAPACITACI\u00d3N EN COMUNICACI\u00d3N INSTITUCIONAL; iniciativa generada desde los Trabajadores\/as Municipales que participaron de otras instancias de formaci\u00f3n y de Sindicatos de base de la Federaci\u00f3n que plantearon la necesidad de fortalecer sus l\u00edneas de acci\u00f3n en esta materia.","og_url":"https:\/\/municipales.org.ar\/festram\/se-realizo-festram-la-1a-jornada-capacitacion-comunicacion-institucional\/","og_site_name":"FESTRAM","article_publisher":"https:\/\/www.facebook.com\/MunicipalesSF","article_published_time":"2016-12-01T23:40:55+00:00","og_image":[{"width":1805,"height":1205,"url":"https:\/\/municipales.org.ar\/festram\/wp-content\/uploads\/2016\/12\/20161129-comunicacion-044.jpg","type":"image\/jpeg"}],"author":"mun_admin","twitter_card":"summary_large_image","twitter_image":"http:\/\/www.municipales.org.ar\/festram\/wp-content\/uploads\/2016\/12\/20161129-comunicacion-044.jpg","twitter_creator":"@MunicipalesSF","twitter_site":"@MunicipalesSF","twitter_misc":{"Escrito por":"mun_admin","Tiempo de lectura":"2 minutos"},"schema":{"@context":"https:\/\/schema.org","@graph":[{"@type":"Article","@id":"https:\/\/municipales.org.ar\/festram\/se-realizo-festram-la-1a-jornada-capacitacion-comunicacion-institucional\/#article","isPartOf":{"@id":"https:\/\/municipales.org.ar\/festram\/se-realizo-festram-la-1a-jornada-capacitacion-comunicacion-institucional\/"},"author":{"name":"mun_admin","@id":"https:\/\/municipales.org.ar\/festram\/#\/schema\/person\/49096a774c48ce9063df4d59ec059f9e"},"headline":"Se realiz\u00f3 en FESTRAM la 1\u00aa Jornada de Capacitaci\u00f3n en Comunicaci\u00f3n Institucional","datePublished":"2016-12-01T23:40:55+00:00","mainEntityOfPage":{"@id":"https:\/\/municipales.org.ar\/festram\/se-realizo-festram-la-1a-jornada-capacitacion-comunicacion-institucional\/"},"wordCount":399,"publisher":{"@id":"https:\/\/municipales.org.ar\/festram\/#organization"},"image":{"@id":"https:\/\/municipales.org.ar\/festram\/se-realizo-festram-la-1a-jornada-capacitacion-comunicacion-institucional\/#primaryimage"},"thumbnailUrl":"https:\/\/municipales.org.ar\/festram\/wp-content\/uploads\/2016\/12\/20161129-comunicacion-044.jpg","keywords":["actividades varias"],"articleSection":["Seminarios y Actividades"],"inLanguage":"es"},{"@type":"WebPage","@id":"https:\/\/municipales.org.ar\/festram\/se-realizo-festram-la-1a-jornada-capacitacion-comunicacion-institucional\/","url":"https:\/\/municipales.org.ar\/festram\/se-realizo-festram-la-1a-jornada-capacitacion-comunicacion-institucional\/","name":"Se realiz\u00f3 en FESTRAM la 1\u00aa Jornada de Capacitaci\u00f3n en Comunicaci\u00f3n Institucional &#8211; FESTRAM","isPartOf":{"@id":"https:\/\/municipales.org.ar\/festram\/#website"},"primaryImageOfPage":{"@id":"https:\/\/municipales.org.ar\/festram\/se-realizo-festram-la-1a-jornada-capacitacion-comunicacion-institucional\/#primaryimage"},"image":{"@id":"https:\/\/municipales.org.ar\/festram\/se-realizo-festram-la-1a-jornada-capacitacion-comunicacion-institucional\/#primaryimage"},"thumbnailUrl":"https:\/\/municipales.org.ar\/festram\/wp-content\/uploads\/2016\/12\/20161129-comunicacion-044.jpg","datePublished":"2016-12-01T23:40:55+00:00","description":"Durante el pasado martes 29 de noviembre se llev\u00f3 adelante en el Complejo Institucional de FESTRAM en la ciudad capital de nuestra provincia, la JORNADA DE CAPACITACI\u00d3N EN COMUNICACI\u00d3N INSTITUCIONAL; iniciativa generada desde los Trabajadores\/as Municipales que participaron de otras instancias de formaci\u00f3n y de Sindicatos de base de la Federaci\u00f3n que plantearon la necesidad de fortalecer sus l\u00edneas de acci\u00f3n en esta materia.","breadcrumb":{"@id":"https:\/\/municipales.org.ar\/festram\/se-realizo-festram-la-1a-jornada-capacitacion-comunicacion-institucional\/#breadcrumb"},"inLanguage":"es","potentialAction":[{"@type":"ReadAction","target":["https:\/\/municipales.org.ar\/festram\/se-realizo-festram-la-1a-jornada-capacitacion-comunicacion-institucional\/"]}]},{"@type":"ImageObject","inLanguage":"es","@id":"https:\/\/municipales.org.ar\/festram\/se-realizo-festram-la-1a-jornada-capacitacion-comunicacion-institucional\/#primaryimage","url":"https:\/\/municipales.org.ar\/festram\/wp-content\/uploads\/2016\/12\/20161129-comunicacion-044.jpg","contentUrl":"https:\/\/municipales.org.ar\/festram\/wp-content\/uploads\/2016\/12\/20161129-comunicacion-044.jpg","width":1805,"height":1205},{"@type":"BreadcrumbList","@id":"https:\/\/municipales.org.ar\/festram\/se-realizo-festram-la-1a-jornada-capacitacion-comunicacion-institucional\/#breadcrumb","itemListElement":[{"@type":"ListItem","position":1,"name":"Portada","item":"https:\/\/municipales.org.ar\/festram\/"},{"@type":"ListItem","position":2,"name":"Se realiz\u00f3 en FESTRAM la 1\u00aa Jornada de Capacitaci\u00f3n en Comunicaci\u00f3n Institucional"}]},{"@type":"WebSite","@id":"https:\/\/municipales.org.ar\/festram\/#website","url":"https:\/\/municipales.org.ar\/festram\/","name":"FESTRAM","description":"La web de los trabajadores municipales","publisher":{"@id":"https:\/\/municipales.org.ar\/festram\/#organization"},"potentialAction":[{"@type":"SearchAction","target":{"@type":"EntryPoint","urlTemplate":"https:\/\/municipales.org.ar\/festram\/?s={search_term_string}"},"query-input":{"@type":"PropertyValueSpecification","valueRequired":true,"valueName":"search_term_string"}}],"inLanguage":"es"},{"@type":"Organization","@id":"https:\/\/municipales.org.ar\/festram\/#organization","name":"Federaci\u00f3n de Sindicatos de Trabajadores Municipales de la Provincia de Santa Fe","url":"https:\/\/municipales.org.ar\/festram\/","logo":{"@type":"ImageObject","inLanguage":"es","@id":"https:\/\/municipales.org.ar\/festram\/#\/schema\/logo\/image\/","url":"https:\/\/www.municipales.org.ar\/festram\/wp-content\/uploads\/2014\/07\/logo_fes.jpg","contentUrl":"https:\/\/www.municipales.org.ar\/festram\/wp-content\/uploads\/2014\/07\/logo_fes.jpg","width":661,"height":673,"caption":"Federaci\u00f3n de Sindicatos de Trabajadores Municipales de la Provincia de Santa Fe"},"image":{"@id":"https:\/\/municipales.org.ar\/festram\/#\/schema\/logo\/image\/"},"sameAs":["https:\/\/www.facebook.com\/MunicipalesSF","https:\/\/x.com\/MunicipalesSF","https:\/\/www.youtube.com\/user\/festram"]},{"@type":"Person","@id":"https:\/\/municipales.org.ar\/festram\/#\/schema\/person\/49096a774c48ce9063df4d59ec059f9e","name":"mun_admin"}]}},"jetpack_publicize_connections":[],"jetpack_featured_media_url":"https:\/\/municipales.org.ar\/festram\/wp-content\/uploads\/2016\/12\/20161129-comunicacion-044.jpg","jetpack_sharing_enabled":true,"jetpack_likes_enabled":false,"jetpack_shortlink":"https:\/\/wp.me\/p7l4x1-2ZR","_links":{"self":[{"href":"https:\/\/municipales.org.ar\/festram\/wp-json\/wp\/v2\/posts\/11523","targetHints":{"allow":["GET"]}}],"collection":[{"href":"https:\/\/municipales.org.ar\/festram\/wp-json\/wp\/v2\/posts"}],"about":[{"href":"https:\/\/municipales.org.ar\/festram\/wp-json\/wp\/v2\/types\/post"}],"author":[{"embeddable":true,"href":"https:\/\/municipales.org.ar\/festram\/wp-json\/wp\/v2\/users\/1"}],"replies":[{"embeddable":true,"href":"https:\/\/municipales.org.ar\/festram\/wp-json\/wp\/v2\/comments?post=11523"}],"version-history":[{"count":2,"href":"https:\/\/municipales.org.ar\/festram\/wp-json\/wp\/v2\/posts\/11523\/revisions"}],"predecessor-version":[{"id":11526,"href":"https:\/\/municipales.org.ar\/festram\/wp-json\/wp\/v2\/posts\/11523\/revisions\/11526"}],"wp:featuredmedia":[{"embeddable":true,"href":"https:\/\/municipales.org.ar\/festram\/wp-json\/wp\/v2\/media\/11524"}],"wp:attachment":[{"href":"https:\/\/municipales.org.ar\/festram\/wp-json\/wp\/v2\/media?parent=11523"}],"wp:term":[{"taxonomy":"category","embeddable":true,"href":"https:\/\/municipales.org.ar\/festram\/wp-json\/wp\/v2\/categories?post=11523"},{"taxonomy":"post_tag","embeddable":true,"href":"https:\/\/municipales.org.ar\/festram\/wp-json\/wp\/v2\/tags?post=11523"}],"curies":[{"name":"wp","href":"https:\/\/api.w.org\/{rel}","templated":true}]}}