{"id":11788,"date":"2016-12-16T07:23:12","date_gmt":"2016-12-16T10:23:12","guid":{"rendered":"http:\/\/www.municipales.org.ar\/festram\/?p=11788"},"modified":"2017-02-09T14:47:35","modified_gmt":"2017-02-09T17:47:35","slug":"se-realizo-festram-encuentro-la-red-comunicadores-del-mercosur","status":"publish","type":"post","link":"https:\/\/municipales.org.ar\/festram\/se-realizo-festram-encuentro-la-red-comunicadores-del-mercosur\/","title":{"rendered":"FESTRAM fue sede de un nuevo Encuentro de la Red de Comunicadores del Mercosur"},"content":{"rendered":"<h4>Con la presencia de 90 comunicadores representantes de organizaciones y medios de las localidades de R\u00edo Cuarto, C\u00f3rdoba, Santiago del Estero, Salta, Jujuy, Posadas, Resistencia, Corrientes, Bella Vista, Chajar\u00ed, Paran\u00e1, Rosario, Rafaela, Buenos Aires, Mor\u00f3n, Santa Fe, Barrancas, Santo Tom\u00e9, Rufino, Granadero Baigorria, Reconquista, Vera, Wanda, Villaguay, Esperanza y de los pa\u00edses hermanos de Bolivia, Paraguay y Venezuela se realiz\u00f3 la Jornada \u201cComunicaci\u00f3n, Organizaci\u00f3n y pol\u00edtica: el rol de la Comunicaci\u00f3n en la etapa y en lo estrat\u00e9gico\u201d<\/h4>\n<p>La actividad convocada por la Red de Comunicadores del MERCOSUR y FESTRAM, se desarroll\u00f3 en el Complejo Institucional \u201cPresidente N\u00e9stor Kirchner\u201d, de la Federaci\u00f3n, ubicado en la ciudad de Santa Fe; y forma parte de un proceso que comenz\u00f3 en 2013 y contin\u00faa, a\u00f1o tras a\u00f1o, hasta el presente.<\/p>\n<p>Durante la presentaci\u00f3n se hizo especial incapi\u00e9 \u201c\u2026en valorizar el espacio articulador y facilitador de FESTRAM convocando a comunicadores del centro norte de Argentina y de pa\u00edses miembros del MERCOSUR en un momento de avance de las pol\u00edticas neoliberales y de intentos por dirigir los organismos de integraci\u00f3n regional hacia procesos que nada tienen que ver con la vigencia de los derechos humanos y sindicales de nuestro pueblos\u2026\u201d<\/p>\n<p>La actividad congreg\u00f3 experiencias muy dis\u00edmiles (barriales, estudiantiles, sindicales, rurales, universitarias, de mutuales, del mundo audiovisual, sonoro y gr\u00e1fico, de tecnolog\u00edas libres de la informaci\u00f3n), con uso de herramientas comunicacionales diferentes, y pr\u00e1cticas que permitieron abordar la etapa que se est\u00e1 viviendo y analizarla desde lo pol\u00edtico, lo territorial, en la complejidad, valores y desaf\u00edos de la Patria Grande.<\/p>\n<p>La actividad estuvo centrada en trabajo en grupos y dos Plenarios.<\/p>\n<p>La Diputada Provincial de Misiones Myrian Duarte expres\u00f3 en momentos de dar a conocer las conclusiones de su grupo: \u201c\u2026 uno de los aspectos importantes a se\u00f1alar sobre la relaci\u00f3n de la comunicaci\u00f3n y lo organizacional, lo constituye precisamente el lugar donde estamos. Se marc\u00f3 claramente, entre los compa\u00f1eros, \u00a0la cantidad de actividades, la diversidad, la amplitud que exist\u00eda y \u00a0la transversalidad de debates aqu\u00ed en FESTRAM. En mi Provincia no existe un espacio, surgido del movimiento obrero, con estas caracter\u00edsticas que acabo de mencionar\u2026\u201d<\/p>\n<p>En el cierre se avanz\u00f3 en \u00a0definir ejes de trabajos, criterios, y fortalecimiento de l\u00edneas de acci\u00f3n para el pr\u00f3ximo a\u00f1o; Adem\u00e1s, \u00a0partiendo de \u00a0la realidad social y pol\u00edtica de Argentina y la regi\u00f3n se priorizar\u00e1 la necesidad de consolidar las organizaciones, la formaci\u00f3n de cuadros en la tem\u00e1tica y el fortalecimiento de las redes que desde el interior del pa\u00eds, en zonas de frontera y en los pa\u00edses de Am\u00e9rica del Sur vienen articulando informaci\u00f3n y contenidos.<\/p>\n<p>&nbsp;<\/p>\n<p>[srizonfbalbum id=47]<br \/>\n<a href=\"https:\/\/www.facebook.com\/media\/set\/?set=a.1324500720947175.1073741905.117916918272234&amp;type=1&amp;l=8f5ead6f8d\" target=\"_blank\">M\u00e1s fotos en la Fanpage de FESTRAM en Facebook<\/a><\/p>\n","protected":false},"excerpt":{"rendered":"<p>Con la presencia de 90 comunicadores representantes de organizaciones y medios de las localidades de R\u00edo Cuarto, C\u00f3rdoba, Santiago del Estero, Salta, Jujuy, Posadas, Resistencia, Corrientes, Bella Vista, Chajar\u00ed, Paran\u00e1, Rosario, Rafaela, Buenos Aires, Mor\u00f3n, Santa Fe, Barrancas, Santo Tom\u00e9, Rufino, Granadero Baigorria, Reconquista, Vera, Wanda, Villaguay, Esperanza y de los pa\u00edses hermanos de Bolivia, Paraguay y Venezuela se realiz\u00f3 la Jornada \u201cComunicaci\u00f3n, Organizaci\u00f3n y pol\u00edtica: el rol de la Comunicaci\u00f3n en la etapa y en lo estrat\u00e9gico\u201d<\/p>\n","protected":false},"author":1,"featured_media":11791,"comment_status":"closed","ping_status":"closed","sticky":false,"template":"","format":"standard","meta":{"_jetpack_memberships_contains_paid_content":false,"footnotes":"","jetpack_publicize_message":"Se realiz\u00f3 en FESTRAM un Encuentro de la Red de Comunicadores del Mercosur","jetpack_publicize_feature_enabled":true,"jetpack_social_post_already_shared":true,"jetpack_social_options":{"image_generator_settings":{"template":"highway","default_image_id":0,"font":"","enabled":false},"version":2}},"categories":[151,61],"tags":[157],"class_list":["post-11788","post","type-post","status-publish","format-standard","has-post-thumbnail","hentry","category-comunicados-2016","category-seminarios-y-actividades","tag-actividades-varias"],"yoast_head":"<!-- This site is optimized with the Yoast SEO plugin v25.9 - https:\/\/yoast.com\/wordpress\/plugins\/seo\/ -->\n<title>FESTRAM fue sede de un nuevo Encuentro de la Red de Comunicadores del Mercosur &#8211; FESTRAM<\/title>\n<meta name=\"description\" content=\"Con la presencia de 90 comunicadores representantes de organizaciones y medios de las localidades de R\u00edo Cuarto, C\u00f3rdoba, Santiago del Estero, Salta, Jujuy, Posadas, Resistencia, Corrientes, Bella Vista, Chajar\u00ed, Paran\u00e1, Rosario, Rafaela, Buenos Aires, Mor\u00f3n, Santa Fe, Barrancas, Santo Tom\u00e9, Rufino, Granadero Baigorria, Reconquista, Vera, Wanda, Villaguay, Esperanza y de los pa\u00edses hermanos de Bolivia, Paraguay y Venezuela se realiz\u00f3 la Jornada \u201cComunicaci\u00f3n, Organizaci\u00f3n y pol\u00edtica: el rol de la Comunicaci\u00f3n en la etapa y en lo estrat\u00e9gico\u201d\" \/>\n<meta name=\"robots\" content=\"index, follow, max-snippet:-1, max-image-preview:large, max-video-preview:-1\" \/>\n<link rel=\"canonical\" href=\"https:\/\/municipales.org.ar\/festram\/se-realizo-festram-encuentro-la-red-comunicadores-del-mercosur\/\" \/>\n<meta property=\"og:locale\" content=\"es_ES\" \/>\n<meta property=\"og:type\" content=\"article\" \/>\n<meta property=\"og:title\" content=\"FESTRAM fue sede de un nuevo Encuentro de la Red de Comunicadores del Mercosur &#8211; FESTRAM\" \/>\n<meta property=\"og:description\" content=\"Con la presencia de 90 comunicadores representantes de organizaciones y medios de las localidades de R\u00edo Cuarto, C\u00f3rdoba, Santiago del Estero, Salta, Jujuy, Posadas, Resistencia, Corrientes, Bella Vista, Chajar\u00ed, Paran\u00e1, Rosario, Rafaela, Buenos Aires, Mor\u00f3n, Santa Fe, Barrancas, Santo Tom\u00e9, Rufino, Granadero Baigorria, Reconquista, Vera, Wanda, Villaguay, Esperanza y de los pa\u00edses hermanos de Bolivia, Paraguay y Venezuela se realiz\u00f3 la Jornada \u201cComunicaci\u00f3n, Organizaci\u00f3n y pol\u00edtica: el rol de la Comunicaci\u00f3n en la etapa y en lo estrat\u00e9gico\u201d\" \/>\n<meta property=\"og:url\" content=\"https:\/\/municipales.org.ar\/festram\/se-realizo-festram-encuentro-la-red-comunicadores-del-mercosur\/\" \/>\n<meta property=\"og:site_name\" content=\"FESTRAM\" \/>\n<meta property=\"article:publisher\" content=\"https:\/\/www.facebook.com\/MunicipalesSF\" \/>\n<meta property=\"article:published_time\" content=\"2016-12-16T10:23:12+00:00\" \/>\n<meta property=\"article:modified_time\" content=\"2017-02-09T17:47:35+00:00\" \/>\n<meta property=\"og:image\" content=\"https:\/\/municipales.org.ar\/festram\/wp-content\/uploads\/2016\/12\/79-copia.jpg\" \/>\n\t<meta property=\"og:image:width\" content=\"4611\" \/>\n\t<meta property=\"og:image:height\" content=\"2169\" \/>\n\t<meta property=\"og:image:type\" content=\"image\/jpeg\" \/>\n<meta name=\"author\" content=\"mun_admin\" \/>\n<meta name=\"twitter:card\" content=\"summary_large_image\" \/>\n<meta name=\"twitter:image\" content=\"http:\/\/www.municipales.org.ar\/festram\/wp-content\/uploads\/2016\/12\/79-copia.jpg\" \/>\n<meta name=\"twitter:creator\" content=\"@MunicipalesSF\" \/>\n<meta name=\"twitter:site\" content=\"@MunicipalesSF\" \/>\n<meta name=\"twitter:label1\" content=\"Escrito por\" \/>\n\t<meta name=\"twitter:data1\" content=\"mun_admin\" \/>\n\t<meta name=\"twitter:label2\" content=\"Tiempo de lectura\" \/>\n\t<meta name=\"twitter:data2\" content=\"2 minutos\" \/>\n<script type=\"application\/ld+json\" class=\"yoast-schema-graph\">{\"@context\":\"https:\/\/schema.org\",\"@graph\":[{\"@type\":\"Article\",\"@id\":\"https:\/\/municipales.org.ar\/festram\/se-realizo-festram-encuentro-la-red-comunicadores-del-mercosur\/#article\",\"isPartOf\":{\"@id\":\"https:\/\/municipales.org.ar\/festram\/se-realizo-festram-encuentro-la-red-comunicadores-del-mercosur\/\"},\"author\":{\"name\":\"mun_admin\",\"@id\":\"https:\/\/municipales.org.ar\/festram\/#\/schema\/person\/49096a774c48ce9063df4d59ec059f9e\"},\"headline\":\"FESTRAM fue sede de un nuevo Encuentro de la Red de Comunicadores del Mercosur\",\"datePublished\":\"2016-12-16T10:23:12+00:00\",\"dateModified\":\"2017-02-09T17:47:35+00:00\",\"mainEntityOfPage\":{\"@id\":\"https:\/\/municipales.org.ar\/festram\/se-realizo-festram-encuentro-la-red-comunicadores-del-mercosur\/\"},\"wordCount\":496,\"publisher\":{\"@id\":\"https:\/\/municipales.org.ar\/festram\/#organization\"},\"image\":{\"@id\":\"https:\/\/municipales.org.ar\/festram\/se-realizo-festram-encuentro-la-red-comunicadores-del-mercosur\/#primaryimage\"},\"thumbnailUrl\":\"https:\/\/municipales.org.ar\/festram\/wp-content\/uploads\/2016\/12\/79-copia.jpg\",\"keywords\":[\"actividades varias\"],\"articleSection\":[\"Comunicados 2016\",\"Seminarios y Actividades\"],\"inLanguage\":\"es\"},{\"@type\":\"WebPage\",\"@id\":\"https:\/\/municipales.org.ar\/festram\/se-realizo-festram-encuentro-la-red-comunicadores-del-mercosur\/\",\"url\":\"https:\/\/municipales.org.ar\/festram\/se-realizo-festram-encuentro-la-red-comunicadores-del-mercosur\/\",\"name\":\"FESTRAM fue sede de un nuevo Encuentro de la Red de Comunicadores del Mercosur &#8211; FESTRAM\",\"isPartOf\":{\"@id\":\"https:\/\/municipales.org.ar\/festram\/#website\"},\"primaryImageOfPage\":{\"@id\":\"https:\/\/municipales.org.ar\/festram\/se-realizo-festram-encuentro-la-red-comunicadores-del-mercosur\/#primaryimage\"},\"image\":{\"@id\":\"https:\/\/municipales.org.ar\/festram\/se-realizo-festram-encuentro-la-red-comunicadores-del-mercosur\/#primaryimage\"},\"thumbnailUrl\":\"https:\/\/municipales.org.ar\/festram\/wp-content\/uploads\/2016\/12\/79-copia.jpg\",\"datePublished\":\"2016-12-16T10:23:12+00:00\",\"dateModified\":\"2017-02-09T17:47:35+00:00\",\"description\":\"Con la presencia de 90 comunicadores representantes de organizaciones y medios de las localidades de R\u00edo Cuarto, C\u00f3rdoba, Santiago del Estero, Salta, Jujuy, Posadas, Resistencia, Corrientes, Bella Vista, Chajar\u00ed, Paran\u00e1, Rosario, Rafaela, Buenos Aires, Mor\u00f3n, Santa Fe, Barrancas, Santo Tom\u00e9, Rufino, Granadero Baigorria, Reconquista, Vera, Wanda, Villaguay, Esperanza y de los pa\u00edses hermanos de Bolivia, Paraguay y Venezuela se realiz\u00f3 la Jornada \u201cComunicaci\u00f3n, Organizaci\u00f3n y pol\u00edtica: el rol de la Comunicaci\u00f3n en la etapa y en lo estrat\u00e9gico\u201d\",\"breadcrumb\":{\"@id\":\"https:\/\/municipales.org.ar\/festram\/se-realizo-festram-encuentro-la-red-comunicadores-del-mercosur\/#breadcrumb\"},\"inLanguage\":\"es\",\"potentialAction\":[{\"@type\":\"ReadAction\",\"target\":[\"https:\/\/municipales.org.ar\/festram\/se-realizo-festram-encuentro-la-red-comunicadores-del-mercosur\/\"]}]},{\"@type\":\"ImageObject\",\"inLanguage\":\"es\",\"@id\":\"https:\/\/municipales.org.ar\/festram\/se-realizo-festram-encuentro-la-red-comunicadores-del-mercosur\/#primaryimage\",\"url\":\"https:\/\/municipales.org.ar\/festram\/wp-content\/uploads\/2016\/12\/79-copia.jpg\",\"contentUrl\":\"https:\/\/municipales.org.ar\/festram\/wp-content\/uploads\/2016\/12\/79-copia.jpg\",\"width\":4611,\"height\":2169},{\"@type\":\"BreadcrumbList\",\"@id\":\"https:\/\/municipales.org.ar\/festram\/se-realizo-festram-encuentro-la-red-comunicadores-del-mercosur\/#breadcrumb\",\"itemListElement\":[{\"@type\":\"ListItem\",\"position\":1,\"name\":\"Portada\",\"item\":\"https:\/\/municipales.org.ar\/festram\/\"},{\"@type\":\"ListItem\",\"position\":2,\"name\":\"FESTRAM fue sede de un nuevo Encuentro de la Red de Comunicadores del Mercosur\"}]},{\"@type\":\"WebSite\",\"@id\":\"https:\/\/municipales.org.ar\/festram\/#website\",\"url\":\"https:\/\/municipales.org.ar\/festram\/\",\"name\":\"FESTRAM\",\"description\":\"La web de los trabajadores municipales\",\"publisher\":{\"@id\":\"https:\/\/municipales.org.ar\/festram\/#organization\"},\"potentialAction\":[{\"@type\":\"SearchAction\",\"target\":{\"@type\":\"EntryPoint\",\"urlTemplate\":\"https:\/\/municipales.org.ar\/festram\/?s={search_term_string}\"},\"query-input\":{\"@type\":\"PropertyValueSpecification\",\"valueRequired\":true,\"valueName\":\"search_term_string\"}}],\"inLanguage\":\"es\"},{\"@type\":\"Organization\",\"@id\":\"https:\/\/municipales.org.ar\/festram\/#organization\",\"name\":\"Federaci\u00f3n de Sindicatos de Trabajadores Municipales de la Provincia de Santa Fe\",\"url\":\"https:\/\/municipales.org.ar\/festram\/\",\"logo\":{\"@type\":\"ImageObject\",\"inLanguage\":\"es\",\"@id\":\"https:\/\/municipales.org.ar\/festram\/#\/schema\/logo\/image\/\",\"url\":\"https:\/\/www.municipales.org.ar\/festram\/wp-content\/uploads\/2014\/07\/logo_fes.jpg\",\"contentUrl\":\"https:\/\/www.municipales.org.ar\/festram\/wp-content\/uploads\/2014\/07\/logo_fes.jpg\",\"width\":661,\"height\":673,\"caption\":\"Federaci\u00f3n de Sindicatos de Trabajadores Municipales de la Provincia de Santa Fe\"},\"image\":{\"@id\":\"https:\/\/municipales.org.ar\/festram\/#\/schema\/logo\/image\/\"},\"sameAs\":[\"https:\/\/www.facebook.com\/MunicipalesSF\",\"https:\/\/x.com\/MunicipalesSF\",\"https:\/\/www.youtube.com\/user\/festram\"]},{\"@type\":\"Person\",\"@id\":\"https:\/\/municipales.org.ar\/festram\/#\/schema\/person\/49096a774c48ce9063df4d59ec059f9e\",\"name\":\"mun_admin\"}]}<\/script>\n<!-- \/ Yoast SEO plugin. -->","yoast_head_json":{"title":"FESTRAM fue sede de un nuevo Encuentro de la Red de Comunicadores del Mercosur &#8211; FESTRAM","description":"Con la presencia de 90 comunicadores representantes de organizaciones y medios de las localidades de R\u00edo Cuarto, C\u00f3rdoba, Santiago del Estero, Salta, Jujuy, Posadas, Resistencia, Corrientes, Bella Vista, Chajar\u00ed, Paran\u00e1, Rosario, Rafaela, Buenos Aires, Mor\u00f3n, Santa Fe, Barrancas, Santo Tom\u00e9, Rufino, Granadero Baigorria, Reconquista, Vera, Wanda, Villaguay, Esperanza y de los pa\u00edses hermanos de Bolivia, Paraguay y Venezuela se realiz\u00f3 la Jornada \u201cComunicaci\u00f3n, Organizaci\u00f3n y pol\u00edtica: el rol de la Comunicaci\u00f3n en la etapa y en lo estrat\u00e9gico\u201d","robots":{"index":"index","follow":"follow","max-snippet":"max-snippet:-1","max-image-preview":"max-image-preview:large","max-video-preview":"max-video-preview:-1"},"canonical":"https:\/\/municipales.org.ar\/festram\/se-realizo-festram-encuentro-la-red-comunicadores-del-mercosur\/","og_locale":"es_ES","og_type":"article","og_title":"FESTRAM fue sede de un nuevo Encuentro de la Red de Comunicadores del Mercosur &#8211; FESTRAM","og_description":"Con la presencia de 90 comunicadores representantes de organizaciones y medios de las localidades de R\u00edo Cuarto, C\u00f3rdoba, Santiago del Estero, Salta, Jujuy, Posadas, Resistencia, Corrientes, Bella Vista, Chajar\u00ed, Paran\u00e1, Rosario, Rafaela, Buenos Aires, Mor\u00f3n, Santa Fe, Barrancas, Santo Tom\u00e9, Rufino, Granadero Baigorria, Reconquista, Vera, Wanda, Villaguay, Esperanza y de los pa\u00edses hermanos de Bolivia, Paraguay y Venezuela se realiz\u00f3 la Jornada \u201cComunicaci\u00f3n, Organizaci\u00f3n y pol\u00edtica: el rol de la Comunicaci\u00f3n en la etapa y en lo estrat\u00e9gico\u201d","og_url":"https:\/\/municipales.org.ar\/festram\/se-realizo-festram-encuentro-la-red-comunicadores-del-mercosur\/","og_site_name":"FESTRAM","article_publisher":"https:\/\/www.facebook.com\/MunicipalesSF","article_published_time":"2016-12-16T10:23:12+00:00","article_modified_time":"2017-02-09T17:47:35+00:00","og_image":[{"width":4611,"height":2169,"url":"https:\/\/municipales.org.ar\/festram\/wp-content\/uploads\/2016\/12\/79-copia.jpg","type":"image\/jpeg"}],"author":"mun_admin","twitter_card":"summary_large_image","twitter_image":"http:\/\/www.municipales.org.ar\/festram\/wp-content\/uploads\/2016\/12\/79-copia.jpg","twitter_creator":"@MunicipalesSF","twitter_site":"@MunicipalesSF","twitter_misc":{"Escrito por":"mun_admin","Tiempo de lectura":"2 minutos"},"schema":{"@context":"https:\/\/schema.org","@graph":[{"@type":"Article","@id":"https:\/\/municipales.org.ar\/festram\/se-realizo-festram-encuentro-la-red-comunicadores-del-mercosur\/#article","isPartOf":{"@id":"https:\/\/municipales.org.ar\/festram\/se-realizo-festram-encuentro-la-red-comunicadores-del-mercosur\/"},"author":{"name":"mun_admin","@id":"https:\/\/municipales.org.ar\/festram\/#\/schema\/person\/49096a774c48ce9063df4d59ec059f9e"},"headline":"FESTRAM fue sede de un nuevo Encuentro de la Red de Comunicadores del Mercosur","datePublished":"2016-12-16T10:23:12+00:00","dateModified":"2017-02-09T17:47:35+00:00","mainEntityOfPage":{"@id":"https:\/\/municipales.org.ar\/festram\/se-realizo-festram-encuentro-la-red-comunicadores-del-mercosur\/"},"wordCount":496,"publisher":{"@id":"https:\/\/municipales.org.ar\/festram\/#organization"},"image":{"@id":"https:\/\/municipales.org.ar\/festram\/se-realizo-festram-encuentro-la-red-comunicadores-del-mercosur\/#primaryimage"},"thumbnailUrl":"https:\/\/municipales.org.ar\/festram\/wp-content\/uploads\/2016\/12\/79-copia.jpg","keywords":["actividades varias"],"articleSection":["Comunicados 2016","Seminarios y Actividades"],"inLanguage":"es"},{"@type":"WebPage","@id":"https:\/\/municipales.org.ar\/festram\/se-realizo-festram-encuentro-la-red-comunicadores-del-mercosur\/","url":"https:\/\/municipales.org.ar\/festram\/se-realizo-festram-encuentro-la-red-comunicadores-del-mercosur\/","name":"FESTRAM fue sede de un nuevo Encuentro de la Red de Comunicadores del Mercosur &#8211; FESTRAM","isPartOf":{"@id":"https:\/\/municipales.org.ar\/festram\/#website"},"primaryImageOfPage":{"@id":"https:\/\/municipales.org.ar\/festram\/se-realizo-festram-encuentro-la-red-comunicadores-del-mercosur\/#primaryimage"},"image":{"@id":"https:\/\/municipales.org.ar\/festram\/se-realizo-festram-encuentro-la-red-comunicadores-del-mercosur\/#primaryimage"},"thumbnailUrl":"https:\/\/municipales.org.ar\/festram\/wp-content\/uploads\/2016\/12\/79-copia.jpg","datePublished":"2016-12-16T10:23:12+00:00","dateModified":"2017-02-09T17:47:35+00:00","description":"Con la presencia de 90 comunicadores representantes de organizaciones y medios de las localidades de R\u00edo Cuarto, C\u00f3rdoba, Santiago del Estero, Salta, Jujuy, Posadas, Resistencia, Corrientes, Bella Vista, Chajar\u00ed, Paran\u00e1, Rosario, Rafaela, Buenos Aires, Mor\u00f3n, Santa Fe, Barrancas, Santo Tom\u00e9, Rufino, Granadero Baigorria, Reconquista, Vera, Wanda, Villaguay, Esperanza y de los pa\u00edses hermanos de Bolivia, Paraguay y Venezuela se realiz\u00f3 la Jornada \u201cComunicaci\u00f3n, Organizaci\u00f3n y pol\u00edtica: el rol de la Comunicaci\u00f3n en la etapa y en lo estrat\u00e9gico\u201d","breadcrumb":{"@id":"https:\/\/municipales.org.ar\/festram\/se-realizo-festram-encuentro-la-red-comunicadores-del-mercosur\/#breadcrumb"},"inLanguage":"es","potentialAction":[{"@type":"ReadAction","target":["https:\/\/municipales.org.ar\/festram\/se-realizo-festram-encuentro-la-red-comunicadores-del-mercosur\/"]}]},{"@type":"ImageObject","inLanguage":"es","@id":"https:\/\/municipales.org.ar\/festram\/se-realizo-festram-encuentro-la-red-comunicadores-del-mercosur\/#primaryimage","url":"https:\/\/municipales.org.ar\/festram\/wp-content\/uploads\/2016\/12\/79-copia.jpg","contentUrl":"https:\/\/municipales.org.ar\/festram\/wp-content\/uploads\/2016\/12\/79-copia.jpg","width":4611,"height":2169},{"@type":"BreadcrumbList","@id":"https:\/\/municipales.org.ar\/festram\/se-realizo-festram-encuentro-la-red-comunicadores-del-mercosur\/#breadcrumb","itemListElement":[{"@type":"ListItem","position":1,"name":"Portada","item":"https:\/\/municipales.org.ar\/festram\/"},{"@type":"ListItem","position":2,"name":"FESTRAM fue sede de un nuevo Encuentro de la Red de Comunicadores del Mercosur"}]},{"@type":"WebSite","@id":"https:\/\/municipales.org.ar\/festram\/#website","url":"https:\/\/municipales.org.ar\/festram\/","name":"FESTRAM","description":"La web de los trabajadores municipales","publisher":{"@id":"https:\/\/municipales.org.ar\/festram\/#organization"},"potentialAction":[{"@type":"SearchAction","target":{"@type":"EntryPoint","urlTemplate":"https:\/\/municipales.org.ar\/festram\/?s={search_term_string}"},"query-input":{"@type":"PropertyValueSpecification","valueRequired":true,"valueName":"search_term_string"}}],"inLanguage":"es"},{"@type":"Organization","@id":"https:\/\/municipales.org.ar\/festram\/#organization","name":"Federaci\u00f3n de Sindicatos de Trabajadores Municipales de la Provincia de Santa Fe","url":"https:\/\/municipales.org.ar\/festram\/","logo":{"@type":"ImageObject","inLanguage":"es","@id":"https:\/\/municipales.org.ar\/festram\/#\/schema\/logo\/image\/","url":"https:\/\/www.municipales.org.ar\/festram\/wp-content\/uploads\/2014\/07\/logo_fes.jpg","contentUrl":"https:\/\/www.municipales.org.ar\/festram\/wp-content\/uploads\/2014\/07\/logo_fes.jpg","width":661,"height":673,"caption":"Federaci\u00f3n de Sindicatos de Trabajadores Municipales de la Provincia de Santa Fe"},"image":{"@id":"https:\/\/municipales.org.ar\/festram\/#\/schema\/logo\/image\/"},"sameAs":["https:\/\/www.facebook.com\/MunicipalesSF","https:\/\/x.com\/MunicipalesSF","https:\/\/www.youtube.com\/user\/festram"]},{"@type":"Person","@id":"https:\/\/municipales.org.ar\/festram\/#\/schema\/person\/49096a774c48ce9063df4d59ec059f9e","name":"mun_admin"}]}},"jetpack_publicize_connections":[],"jetpack_featured_media_url":"https:\/\/municipales.org.ar\/festram\/wp-content\/uploads\/2016\/12\/79-copia.jpg","jetpack_sharing_enabled":true,"jetpack_likes_enabled":false,"jetpack_shortlink":"https:\/\/wp.me\/p7l4x1-348","_links":{"self":[{"href":"https:\/\/municipales.org.ar\/festram\/wp-json\/wp\/v2\/posts\/11788","targetHints":{"allow":["GET"]}}],"collection":[{"href":"https:\/\/municipales.org.ar\/festram\/wp-json\/wp\/v2\/posts"}],"about":[{"href":"https:\/\/municipales.org.ar\/festram\/wp-json\/wp\/v2\/types\/post"}],"author":[{"embeddable":true,"href":"https:\/\/municipales.org.ar\/festram\/wp-json\/wp\/v2\/users\/1"}],"replies":[{"embeddable":true,"href":"https:\/\/municipales.org.ar\/festram\/wp-json\/wp\/v2\/comments?post=11788"}],"version-history":[{"count":2,"href":"https:\/\/municipales.org.ar\/festram\/wp-json\/wp\/v2\/posts\/11788\/revisions"}],"predecessor-version":[{"id":11793,"href":"https:\/\/municipales.org.ar\/festram\/wp-json\/wp\/v2\/posts\/11788\/revisions\/11793"}],"wp:featuredmedia":[{"embeddable":true,"href":"https:\/\/municipales.org.ar\/festram\/wp-json\/wp\/v2\/media\/11791"}],"wp:attachment":[{"href":"https:\/\/municipales.org.ar\/festram\/wp-json\/wp\/v2\/media?parent=11788"}],"wp:term":[{"taxonomy":"category","embeddable":true,"href":"https:\/\/municipales.org.ar\/festram\/wp-json\/wp\/v2\/categories?post=11788"},{"taxonomy":"post_tag","embeddable":true,"href":"https:\/\/municipales.org.ar\/festram\/wp-json\/wp\/v2\/tags?post=11788"}],"curies":[{"name":"wp","href":"https:\/\/api.w.org\/{rel}","templated":true}]}}