{"id":11806,"date":"2017-01-26T09:18:33","date_gmt":"2017-01-26T12:18:33","guid":{"rendered":"http:\/\/www.municipales.org.ar\/festram\/?p=11806"},"modified":"2017-03-08T11:56:02","modified_gmt":"2017-03-08T14:56:02","slug":"festram-pidio-la-convocatoria-paritarias","status":"publish","type":"post","link":"https:\/\/municipales.org.ar\/festram\/festram-pidio-la-convocatoria-paritarias\/","title":{"rendered":"FESTRAM pidi\u00f3 la convocatoria a paritarias"},"content":{"rendered":"<p>Solicit\u00f3 al Gobierno que inicie la Convocatoria que establece la legislaci\u00f3n.<\/p>\n<p>La Federaci\u00f3n de Sindicatos de Trabajadores Municipales, solicit\u00f3 a la Secretar\u00eda de Regiones, Municipios y Comunas que en forma urgente inicie el proceso de convocatoria a la Comisi\u00f3n Paritaria Municipal, tal como lo establece la Ley 9996. Asimismo, record\u00f3 que en el \u00faltimo acuerdo paritario, los representantes de Intendentes y Presidentes Comunales se comprometieron \u201ca garantizar el inicio de las negociaciones salariales en el transcurso del corriente mes\u201d, tal como lo establece el punto 3 del acta de fecha 3 de Diciembre de 2016.-<\/p>\n<p>Cabe destacar, que la decisi\u00f3n de iniciar las discusiones salariales en el mes de Enero result\u00f3 el acuerdo sustancial que permiti\u00f3 destrabar el conflicto iniciado por FESTRAM, por considerarse que la compensaci\u00f3n salarial de $ 2800 que percibieron la totalidad de los Trabajadores Municipales y Comunales, de ninguna manera compens\u00f3 la p\u00e9rdida del poder adquisitivo del salario del a\u00f1o 2016. En esa direcci\u00f3n, el reclamo por la constituci\u00f3n de la Comisi\u00f3n Paritaria, adem\u00e1s de ajustarse a la legislaci\u00f3n que la regula, constituye una obligaci\u00f3n de los Intendentes y Presidentes Comunales pactada como parte del acuerdo salarial del mes de Diciembre.<\/p>\n<p>FESTRAM lamenta que nuevamente el Gobierno Nacional intente poner pisos a las negociaciones salariales de este a\u00f1o, mientras contin\u00faa instrumentando nuevos aumentos en combustibles y tarifas con alto impacto en el proceso inflacionario que siguen deteriorando en forma sistem\u00e1tica el salario de los trabajadores.<\/p>\n<p>En este contexto se pretende avanzar con las viejas y fracasadas pol\u00edticas de flexibilizaci\u00f3n laboral, que tienen como \u00fanico resultado el deterioro de los niveles de vida de toda la familia municipal y la p\u00e9rdida de los derechos laborales. En igual sentido, el reciente DNU reformando la Ley de funcionamiento de las ART confirma, a\u00fan m\u00e1s, las nefastas consecuencias de estas medidas para todos los trabajadores.<\/p>\n<p>Por otra parte, desde la Federaci\u00f3n vemos con profunda preocupaci\u00f3n el descalabro en el uso de los fondos federales, con una discrecionalidad alarmante en perjuicio de la Provincia de Santa Fe y sus Municipios y Comunas.<\/p>\n<p>En este marco urge la apertura de la Paritaria Municipal, para iniciar el debate que resuelva la cr\u00edtica situaci\u00f3n salarial y ponga l\u00edmites al menoscabo de las condiciones de trabajo.<\/p>\n<p>Prensa FESTRAM<\/p>\n","protected":false},"excerpt":{"rendered":"<p>Solicit\u00f3 al Gobierno que inicie la Convocatoria que establece la legislaci\u00f3n.<\/p>\n","protected":false},"author":1,"featured_media":11408,"comment_status":"closed","ping_status":"closed","sticky":false,"template":"","format":"standard","meta":{"_jetpack_memberships_contains_paid_content":false,"footnotes":"","jetpack_publicize_message":"","jetpack_publicize_feature_enabled":true,"jetpack_social_post_already_shared":true,"jetpack_social_options":{"image_generator_settings":{"template":"highway","default_image_id":0,"font":"","enabled":false},"version":2}},"categories":[159],"tags":[41],"class_list":["post-11806","post","type-post","status-publish","format-standard","has-post-thumbnail","hentry","category-comunicados-2017","tag-paritaria"],"yoast_head":"<!-- This site is optimized with the Yoast SEO plugin v25.9 - https:\/\/yoast.com\/wordpress\/plugins\/seo\/ -->\n<title>FESTRAM pidi\u00f3 la convocatoria a paritarias &#8211; FESTRAM<\/title>\n<meta name=\"description\" content=\"Solicit\u00f3 al Gobierno que inicie la Convocatoria que establece la legislaci\u00f3n.\" \/>\n<meta name=\"robots\" content=\"index, follow, max-snippet:-1, max-image-preview:large, max-video-preview:-1\" \/>\n<link rel=\"canonical\" href=\"https:\/\/municipales.org.ar\/festram\/festram-pidio-la-convocatoria-paritarias\/\" \/>\n<meta property=\"og:locale\" content=\"es_ES\" \/>\n<meta property=\"og:type\" content=\"article\" \/>\n<meta property=\"og:title\" content=\"FESTRAM pidi\u00f3 la convocatoria a paritarias &#8211; FESTRAM\" \/>\n<meta property=\"og:description\" content=\"Solicit\u00f3 al Gobierno que inicie la Convocatoria que establece la legislaci\u00f3n.\" \/>\n<meta property=\"og:url\" content=\"https:\/\/municipales.org.ar\/festram\/festram-pidio-la-convocatoria-paritarias\/\" \/>\n<meta property=\"og:site_name\" content=\"FESTRAM\" \/>\n<meta property=\"article:publisher\" content=\"https:\/\/www.facebook.com\/MunicipalesSF\" \/>\n<meta property=\"article:published_time\" content=\"2017-01-26T12:18:33+00:00\" \/>\n<meta property=\"article:modified_time\" content=\"2017-03-08T14:56:02+00:00\" \/>\n<meta property=\"og:image\" content=\"https:\/\/municipales.org.ar\/festram\/wp-content\/uploads\/2016\/11\/20161114-plenario100a.jpg\" \/>\n\t<meta property=\"og:image:width\" content=\"1764\" \/>\n\t<meta property=\"og:image:height\" content=\"933\" \/>\n\t<meta property=\"og:image:type\" content=\"image\/jpeg\" \/>\n<meta name=\"author\" content=\"mun_admin\" \/>\n<meta name=\"twitter:card\" content=\"summary_large_image\" \/>\n<meta name=\"twitter:image\" content=\"http:\/\/www.municipales.org.ar\/festram\/wp-content\/uploads\/2016\/11\/20161114-plenario100a.jpg\" \/>\n<meta name=\"twitter:creator\" content=\"@MunicipalesSF\" \/>\n<meta name=\"twitter:site\" content=\"@MunicipalesSF\" \/>\n<meta name=\"twitter:label1\" content=\"Escrito por\" \/>\n\t<meta name=\"twitter:data1\" content=\"mun_admin\" \/>\n\t<meta name=\"twitter:label2\" content=\"Tiempo de lectura\" \/>\n\t<meta name=\"twitter:data2\" content=\"2 minutos\" \/>\n<script type=\"application\/ld+json\" class=\"yoast-schema-graph\">{\"@context\":\"https:\/\/schema.org\",\"@graph\":[{\"@type\":\"Article\",\"@id\":\"https:\/\/municipales.org.ar\/festram\/festram-pidio-la-convocatoria-paritarias\/#article\",\"isPartOf\":{\"@id\":\"https:\/\/municipales.org.ar\/festram\/festram-pidio-la-convocatoria-paritarias\/\"},\"author\":{\"name\":\"mun_admin\",\"@id\":\"https:\/\/municipales.org.ar\/festram\/#\/schema\/person\/49096a774c48ce9063df4d59ec059f9e\"},\"headline\":\"FESTRAM pidi\u00f3 la convocatoria a paritarias\",\"datePublished\":\"2017-01-26T12:18:33+00:00\",\"dateModified\":\"2017-03-08T14:56:02+00:00\",\"mainEntityOfPage\":{\"@id\":\"https:\/\/municipales.org.ar\/festram\/festram-pidio-la-convocatoria-paritarias\/\"},\"wordCount\":400,\"publisher\":{\"@id\":\"https:\/\/municipales.org.ar\/festram\/#organization\"},\"image\":{\"@id\":\"https:\/\/municipales.org.ar\/festram\/festram-pidio-la-convocatoria-paritarias\/#primaryimage\"},\"thumbnailUrl\":\"https:\/\/municipales.org.ar\/festram\/wp-content\/uploads\/2016\/11\/20161114-plenario100a.jpg\",\"keywords\":[\"paritaria\"],\"articleSection\":[\"Comunicados 2017\"],\"inLanguage\":\"es\"},{\"@type\":\"WebPage\",\"@id\":\"https:\/\/municipales.org.ar\/festram\/festram-pidio-la-convocatoria-paritarias\/\",\"url\":\"https:\/\/municipales.org.ar\/festram\/festram-pidio-la-convocatoria-paritarias\/\",\"name\":\"FESTRAM pidi\u00f3 la convocatoria a paritarias &#8211; FESTRAM\",\"isPartOf\":{\"@id\":\"https:\/\/municipales.org.ar\/festram\/#website\"},\"primaryImageOfPage\":{\"@id\":\"https:\/\/municipales.org.ar\/festram\/festram-pidio-la-convocatoria-paritarias\/#primaryimage\"},\"image\":{\"@id\":\"https:\/\/municipales.org.ar\/festram\/festram-pidio-la-convocatoria-paritarias\/#primaryimage\"},\"thumbnailUrl\":\"https:\/\/municipales.org.ar\/festram\/wp-content\/uploads\/2016\/11\/20161114-plenario100a.jpg\",\"datePublished\":\"2017-01-26T12:18:33+00:00\",\"dateModified\":\"2017-03-08T14:56:02+00:00\",\"description\":\"Solicit\u00f3 al Gobierno que inicie la Convocatoria que establece la legislaci\u00f3n.\",\"breadcrumb\":{\"@id\":\"https:\/\/municipales.org.ar\/festram\/festram-pidio-la-convocatoria-paritarias\/#breadcrumb\"},\"inLanguage\":\"es\",\"potentialAction\":[{\"@type\":\"ReadAction\",\"target\":[\"https:\/\/municipales.org.ar\/festram\/festram-pidio-la-convocatoria-paritarias\/\"]}]},{\"@type\":\"ImageObject\",\"inLanguage\":\"es\",\"@id\":\"https:\/\/municipales.org.ar\/festram\/festram-pidio-la-convocatoria-paritarias\/#primaryimage\",\"url\":\"https:\/\/municipales.org.ar\/festram\/wp-content\/uploads\/2016\/11\/20161114-plenario100a.jpg\",\"contentUrl\":\"https:\/\/municipales.org.ar\/festram\/wp-content\/uploads\/2016\/11\/20161114-plenario100a.jpg\",\"width\":1764,\"height\":933},{\"@type\":\"BreadcrumbList\",\"@id\":\"https:\/\/municipales.org.ar\/festram\/festram-pidio-la-convocatoria-paritarias\/#breadcrumb\",\"itemListElement\":[{\"@type\":\"ListItem\",\"position\":1,\"name\":\"Portada\",\"item\":\"https:\/\/municipales.org.ar\/festram\/\"},{\"@type\":\"ListItem\",\"position\":2,\"name\":\"FESTRAM pidi\u00f3 la convocatoria a paritarias\"}]},{\"@type\":\"WebSite\",\"@id\":\"https:\/\/municipales.org.ar\/festram\/#website\",\"url\":\"https:\/\/municipales.org.ar\/festram\/\",\"name\":\"FESTRAM\",\"description\":\"La web de los trabajadores municipales\",\"publisher\":{\"@id\":\"https:\/\/municipales.org.ar\/festram\/#organization\"},\"potentialAction\":[{\"@type\":\"SearchAction\",\"target\":{\"@type\":\"EntryPoint\",\"urlTemplate\":\"https:\/\/municipales.org.ar\/festram\/?s={search_term_string}\"},\"query-input\":{\"@type\":\"PropertyValueSpecification\",\"valueRequired\":true,\"valueName\":\"search_term_string\"}}],\"inLanguage\":\"es\"},{\"@type\":\"Organization\",\"@id\":\"https:\/\/municipales.org.ar\/festram\/#organization\",\"name\":\"Federaci\u00f3n de Sindicatos de Trabajadores Municipales de la Provincia de Santa Fe\",\"url\":\"https:\/\/municipales.org.ar\/festram\/\",\"logo\":{\"@type\":\"ImageObject\",\"inLanguage\":\"es\",\"@id\":\"https:\/\/municipales.org.ar\/festram\/#\/schema\/logo\/image\/\",\"url\":\"https:\/\/www.municipales.org.ar\/festram\/wp-content\/uploads\/2014\/07\/logo_fes.jpg\",\"contentUrl\":\"https:\/\/www.municipales.org.ar\/festram\/wp-content\/uploads\/2014\/07\/logo_fes.jpg\",\"width\":661,\"height\":673,\"caption\":\"Federaci\u00f3n de Sindicatos de Trabajadores Municipales de la Provincia de Santa Fe\"},\"image\":{\"@id\":\"https:\/\/municipales.org.ar\/festram\/#\/schema\/logo\/image\/\"},\"sameAs\":[\"https:\/\/www.facebook.com\/MunicipalesSF\",\"https:\/\/x.com\/MunicipalesSF\",\"https:\/\/www.youtube.com\/user\/festram\"]},{\"@type\":\"Person\",\"@id\":\"https:\/\/municipales.org.ar\/festram\/#\/schema\/person\/49096a774c48ce9063df4d59ec059f9e\",\"name\":\"mun_admin\"}]}<\/script>\n<!-- \/ Yoast SEO plugin. -->","yoast_head_json":{"title":"FESTRAM pidi\u00f3 la convocatoria a paritarias &#8211; FESTRAM","description":"Solicit\u00f3 al Gobierno que inicie la Convocatoria que establece la legislaci\u00f3n.","robots":{"index":"index","follow":"follow","max-snippet":"max-snippet:-1","max-image-preview":"max-image-preview:large","max-video-preview":"max-video-preview:-1"},"canonical":"https:\/\/municipales.org.ar\/festram\/festram-pidio-la-convocatoria-paritarias\/","og_locale":"es_ES","og_type":"article","og_title":"FESTRAM pidi\u00f3 la convocatoria a paritarias &#8211; FESTRAM","og_description":"Solicit\u00f3 al Gobierno que inicie la Convocatoria que establece la legislaci\u00f3n.","og_url":"https:\/\/municipales.org.ar\/festram\/festram-pidio-la-convocatoria-paritarias\/","og_site_name":"FESTRAM","article_publisher":"https:\/\/www.facebook.com\/MunicipalesSF","article_published_time":"2017-01-26T12:18:33+00:00","article_modified_time":"2017-03-08T14:56:02+00:00","og_image":[{"width":1764,"height":933,"url":"https:\/\/municipales.org.ar\/festram\/wp-content\/uploads\/2016\/11\/20161114-plenario100a.jpg","type":"image\/jpeg"}],"author":"mun_admin","twitter_card":"summary_large_image","twitter_image":"http:\/\/www.municipales.org.ar\/festram\/wp-content\/uploads\/2016\/11\/20161114-plenario100a.jpg","twitter_creator":"@MunicipalesSF","twitter_site":"@MunicipalesSF","twitter_misc":{"Escrito por":"mun_admin","Tiempo de lectura":"2 minutos"},"schema":{"@context":"https:\/\/schema.org","@graph":[{"@type":"Article","@id":"https:\/\/municipales.org.ar\/festram\/festram-pidio-la-convocatoria-paritarias\/#article","isPartOf":{"@id":"https:\/\/municipales.org.ar\/festram\/festram-pidio-la-convocatoria-paritarias\/"},"author":{"name":"mun_admin","@id":"https:\/\/municipales.org.ar\/festram\/#\/schema\/person\/49096a774c48ce9063df4d59ec059f9e"},"headline":"FESTRAM pidi\u00f3 la convocatoria a paritarias","datePublished":"2017-01-26T12:18:33+00:00","dateModified":"2017-03-08T14:56:02+00:00","mainEntityOfPage":{"@id":"https:\/\/municipales.org.ar\/festram\/festram-pidio-la-convocatoria-paritarias\/"},"wordCount":400,"publisher":{"@id":"https:\/\/municipales.org.ar\/festram\/#organization"},"image":{"@id":"https:\/\/municipales.org.ar\/festram\/festram-pidio-la-convocatoria-paritarias\/#primaryimage"},"thumbnailUrl":"https:\/\/municipales.org.ar\/festram\/wp-content\/uploads\/2016\/11\/20161114-plenario100a.jpg","keywords":["paritaria"],"articleSection":["Comunicados 2017"],"inLanguage":"es"},{"@type":"WebPage","@id":"https:\/\/municipales.org.ar\/festram\/festram-pidio-la-convocatoria-paritarias\/","url":"https:\/\/municipales.org.ar\/festram\/festram-pidio-la-convocatoria-paritarias\/","name":"FESTRAM pidi\u00f3 la convocatoria a paritarias &#8211; FESTRAM","isPartOf":{"@id":"https:\/\/municipales.org.ar\/festram\/#website"},"primaryImageOfPage":{"@id":"https:\/\/municipales.org.ar\/festram\/festram-pidio-la-convocatoria-paritarias\/#primaryimage"},"image":{"@id":"https:\/\/municipales.org.ar\/festram\/festram-pidio-la-convocatoria-paritarias\/#primaryimage"},"thumbnailUrl":"https:\/\/municipales.org.ar\/festram\/wp-content\/uploads\/2016\/11\/20161114-plenario100a.jpg","datePublished":"2017-01-26T12:18:33+00:00","dateModified":"2017-03-08T14:56:02+00:00","description":"Solicit\u00f3 al Gobierno que inicie la Convocatoria que establece la legislaci\u00f3n.","breadcrumb":{"@id":"https:\/\/municipales.org.ar\/festram\/festram-pidio-la-convocatoria-paritarias\/#breadcrumb"},"inLanguage":"es","potentialAction":[{"@type":"ReadAction","target":["https:\/\/municipales.org.ar\/festram\/festram-pidio-la-convocatoria-paritarias\/"]}]},{"@type":"ImageObject","inLanguage":"es","@id":"https:\/\/municipales.org.ar\/festram\/festram-pidio-la-convocatoria-paritarias\/#primaryimage","url":"https:\/\/municipales.org.ar\/festram\/wp-content\/uploads\/2016\/11\/20161114-plenario100a.jpg","contentUrl":"https:\/\/municipales.org.ar\/festram\/wp-content\/uploads\/2016\/11\/20161114-plenario100a.jpg","width":1764,"height":933},{"@type":"BreadcrumbList","@id":"https:\/\/municipales.org.ar\/festram\/festram-pidio-la-convocatoria-paritarias\/#breadcrumb","itemListElement":[{"@type":"ListItem","position":1,"name":"Portada","item":"https:\/\/municipales.org.ar\/festram\/"},{"@type":"ListItem","position":2,"name":"FESTRAM pidi\u00f3 la convocatoria a paritarias"}]},{"@type":"WebSite","@id":"https:\/\/municipales.org.ar\/festram\/#website","url":"https:\/\/municipales.org.ar\/festram\/","name":"FESTRAM","description":"La web de los trabajadores municipales","publisher":{"@id":"https:\/\/municipales.org.ar\/festram\/#organization"},"potentialAction":[{"@type":"SearchAction","target":{"@type":"EntryPoint","urlTemplate":"https:\/\/municipales.org.ar\/festram\/?s={search_term_string}"},"query-input":{"@type":"PropertyValueSpecification","valueRequired":true,"valueName":"search_term_string"}}],"inLanguage":"es"},{"@type":"Organization","@id":"https:\/\/municipales.org.ar\/festram\/#organization","name":"Federaci\u00f3n de Sindicatos de Trabajadores Municipales de la Provincia de Santa Fe","url":"https:\/\/municipales.org.ar\/festram\/","logo":{"@type":"ImageObject","inLanguage":"es","@id":"https:\/\/municipales.org.ar\/festram\/#\/schema\/logo\/image\/","url":"https:\/\/www.municipales.org.ar\/festram\/wp-content\/uploads\/2014\/07\/logo_fes.jpg","contentUrl":"https:\/\/www.municipales.org.ar\/festram\/wp-content\/uploads\/2014\/07\/logo_fes.jpg","width":661,"height":673,"caption":"Federaci\u00f3n de Sindicatos de Trabajadores Municipales de la Provincia de Santa Fe"},"image":{"@id":"https:\/\/municipales.org.ar\/festram\/#\/schema\/logo\/image\/"},"sameAs":["https:\/\/www.facebook.com\/MunicipalesSF","https:\/\/x.com\/MunicipalesSF","https:\/\/www.youtube.com\/user\/festram"]},{"@type":"Person","@id":"https:\/\/municipales.org.ar\/festram\/#\/schema\/person\/49096a774c48ce9063df4d59ec059f9e","name":"mun_admin"}]}},"jetpack_publicize_connections":[],"jetpack_featured_media_url":"https:\/\/municipales.org.ar\/festram\/wp-content\/uploads\/2016\/11\/20161114-plenario100a.jpg","jetpack_sharing_enabled":true,"jetpack_likes_enabled":false,"jetpack_shortlink":"https:\/\/wp.me\/p7l4x1-34q","_links":{"self":[{"href":"https:\/\/municipales.org.ar\/festram\/wp-json\/wp\/v2\/posts\/11806","targetHints":{"allow":["GET"]}}],"collection":[{"href":"https:\/\/municipales.org.ar\/festram\/wp-json\/wp\/v2\/posts"}],"about":[{"href":"https:\/\/municipales.org.ar\/festram\/wp-json\/wp\/v2\/types\/post"}],"author":[{"embeddable":true,"href":"https:\/\/municipales.org.ar\/festram\/wp-json\/wp\/v2\/users\/1"}],"replies":[{"embeddable":true,"href":"https:\/\/municipales.org.ar\/festram\/wp-json\/wp\/v2\/comments?post=11806"}],"version-history":[{"count":1,"href":"https:\/\/municipales.org.ar\/festram\/wp-json\/wp\/v2\/posts\/11806\/revisions"}],"predecessor-version":[{"id":11807,"href":"https:\/\/municipales.org.ar\/festram\/wp-json\/wp\/v2\/posts\/11806\/revisions\/11807"}],"wp:featuredmedia":[{"embeddable":true,"href":"https:\/\/municipales.org.ar\/festram\/wp-json\/wp\/v2\/media\/11408"}],"wp:attachment":[{"href":"https:\/\/municipales.org.ar\/festram\/wp-json\/wp\/v2\/media?parent=11806"}],"wp:term":[{"taxonomy":"category","embeddable":true,"href":"https:\/\/municipales.org.ar\/festram\/wp-json\/wp\/v2\/categories?post=11806"},{"taxonomy":"post_tag","embeddable":true,"href":"https:\/\/municipales.org.ar\/festram\/wp-json\/wp\/v2\/tags?post=11806"}],"curies":[{"name":"wp","href":"https:\/\/api.w.org\/{rel}","templated":true}]}}