{"id":11808,"date":"2017-02-02T06:55:07","date_gmt":"2017-02-02T09:55:07","guid":{"rendered":"http:\/\/www.municipales.org.ar\/festram\/?p=11808"},"modified":"2017-03-10T13:47:25","modified_gmt":"2017-03-10T16:47:25","slug":"festram-plantea-la-vigencia-la-paritaria-garantia-la-paz-social","status":"publish","type":"post","link":"https:\/\/municipales.org.ar\/festram\/festram-plantea-la-vigencia-la-paritaria-garantia-la-paz-social\/","title":{"rendered":"FESTRAM plantea la vigencia de la Paritaria como garant\u00eda de la paz social"},"content":{"rendered":"<h4>Los indicadores econ\u00f3micos que difunde la Provincia son cuestionables.<\/h4>\n<p>De acuerdo al compromiso asumido en el Acta Paritaria firmada en diciembre del a\u00f1o pasado, y luego de que el Gobierno Provincial manifestara que dar\u00e1 cumplimiento a la Ley de Paritarias 9.996, FESTRAM espera la convocatoria de dicha Comisi\u00f3n en donde se definir\u00e1 la pol\u00edtica salarial del corriente a\u00f1o para los Trabajadores de Municipios y Comunas.<\/p>\n<p>En virtud a porcentajes inflacionarios que se han dado a conocer, la representaci\u00f3n Sindical Municipal, considera que se deben analizar los distintos componentes y variables econ\u00f3micas para determinar fehacientemente dicho aumento, contemplando la p\u00e9rdida del poder adquisitivo producida en el 2016.<\/p>\n<p>Por un lado la Coparticipaci\u00f3n que recibieron las Municipalidades y Comunas durante el a\u00f1o pasado se increment\u00f3 en un 52%, cifra muy superior al salario otorgado durante el mismo per\u00edodo. Es por ello, que reafirmamos nuestra posici\u00f3n sobre que salarios y coparticipaci\u00f3n son elementos que no deben analizarse separadamente si se quiere generar una propuesta viable en el \u00e1mbito paritario.<\/p>\n<p>En cuanto a los porcentajes de inflaci\u00f3n publicados en el orden nacional y en distintas provincias por organismos oficiales &#8211; tales como el IPEC en Santa Fe- no registran plenamente, la importancia de los rubros que m\u00e1s aumentaron, como alimentos, bebidas, transportes y comunicaci\u00f3n.<\/p>\n<p>Por ello el incremento en la canasta familiar, supera a cualquier promedio general de inflaci\u00f3n que se busca instalar, afectando en mayor medida a los trabajadores con menores salarios. Es por eso que FESTRAM rechaza encuadrar las discusiones salariales a partir de \u00edndices estad\u00edsticos locales tal como se pretende desde el Ejecutivo Provincial.<\/p>\n<p>Este cuadro de situaci\u00f3n se complejiza con los anuncios anticipados en el territorio provincial de elevar las tarifas de consumo el\u00e9ctrico y agua, y de la concreci\u00f3n de tarifazos escalonados para combustibles, gas y otros servicios de origen nacional.<br \/>\nAnte la situaci\u00f3n \u2013donde los gobernadores comunican que se reunir\u00e1n para poner un piso a la negociaci\u00f3n salarial- instamos a los gremios estatales a adoptar decisiones y acciones que reflejen unidad y compromiso frente a la situaci\u00f3n social y econ\u00f3mica que se est\u00e1 atravesando; es decir, avanzar en el pedido de porcentajes de aumentos similares para todos los sindicatos.<\/p>\n<p>Por ello, planteamos al conjunto de los actores pol\u00edticos involucrados en la Paritaria a abordar la misma en la perspectiva de respetar los derechos, garantizar la paz social y por sobre todo, la dignidad de los trabajadores.<\/p>\n<h6>Prensa FESTRAM<\/h6>\n","protected":false},"excerpt":{"rendered":"<p>Los indicadores econ\u00f3micos que difunde la Provincia son cuestionables.<\/p>\n","protected":false},"author":1,"featured_media":10532,"comment_status":"closed","ping_status":"closed","sticky":false,"template":"","format":"standard","meta":{"_jetpack_memberships_contains_paid_content":false,"footnotes":"","jetpack_publicize_message":"FESTRAM plantea la vigencia de la Paritaria como garant\u00eda de la paz social","jetpack_publicize_feature_enabled":true,"jetpack_social_post_already_shared":true,"jetpack_social_options":{"image_generator_settings":{"template":"highway","default_image_id":0,"font":"","enabled":false},"version":2}},"categories":[159],"tags":[160,41],"class_list":["post-11808","post","type-post","status-publish","format-standard","has-post-thumbnail","hentry","category-comunicados-2017","tag-160","tag-paritaria"],"yoast_head":"<!-- This site is optimized with the Yoast SEO plugin v25.9 - https:\/\/yoast.com\/wordpress\/plugins\/seo\/ -->\n<title>FESTRAM plantea la vigencia de la Paritaria como garant\u00eda de la paz social &#8211; FESTRAM<\/title>\n<meta name=\"description\" content=\"Los indicadores econ\u00f3micos que difunde la Provincia son cuestionables.\" \/>\n<meta name=\"robots\" content=\"index, follow, max-snippet:-1, max-image-preview:large, max-video-preview:-1\" \/>\n<link rel=\"canonical\" href=\"https:\/\/municipales.org.ar\/festram\/festram-plantea-la-vigencia-la-paritaria-garantia-la-paz-social\/\" \/>\n<meta property=\"og:locale\" content=\"es_ES\" \/>\n<meta property=\"og:type\" content=\"article\" \/>\n<meta property=\"og:title\" content=\"FESTRAM plantea la vigencia de la Paritaria como garant\u00eda de la paz social &#8211; FESTRAM\" \/>\n<meta property=\"og:description\" content=\"Los indicadores econ\u00f3micos que difunde la Provincia son cuestionables.\" \/>\n<meta property=\"og:url\" content=\"https:\/\/municipales.org.ar\/festram\/festram-plantea-la-vigencia-la-paritaria-garantia-la-paz-social\/\" \/>\n<meta property=\"og:site_name\" content=\"FESTRAM\" \/>\n<meta property=\"article:publisher\" content=\"https:\/\/www.facebook.com\/MunicipalesSF\" \/>\n<meta property=\"article:published_time\" content=\"2017-02-02T09:55:07+00:00\" \/>\n<meta property=\"article:modified_time\" content=\"2017-03-10T16:47:25+00:00\" \/>\n<meta property=\"og:image\" content=\"https:\/\/municipales.org.ar\/festram\/wp-content\/uploads\/2015\/12\/DSC7010.jpg\" \/>\n\t<meta property=\"og:image:width\" content=\"2000\" \/>\n\t<meta property=\"og:image:height\" content=\"1335\" \/>\n\t<meta property=\"og:image:type\" content=\"image\/jpeg\" \/>\n<meta name=\"author\" content=\"mun_admin\" \/>\n<meta name=\"twitter:card\" content=\"summary_large_image\" \/>\n<meta name=\"twitter:creator\" content=\"@MunicipalesSF\" \/>\n<meta name=\"twitter:site\" content=\"@MunicipalesSF\" \/>\n<meta name=\"twitter:label1\" content=\"Escrito por\" \/>\n\t<meta name=\"twitter:data1\" content=\"mun_admin\" \/>\n\t<meta name=\"twitter:label2\" content=\"Tiempo de lectura\" \/>\n\t<meta name=\"twitter:data2\" content=\"2 minutos\" \/>\n<script type=\"application\/ld+json\" class=\"yoast-schema-graph\">{\"@context\":\"https:\/\/schema.org\",\"@graph\":[{\"@type\":\"Article\",\"@id\":\"https:\/\/municipales.org.ar\/festram\/festram-plantea-la-vigencia-la-paritaria-garantia-la-paz-social\/#article\",\"isPartOf\":{\"@id\":\"https:\/\/municipales.org.ar\/festram\/festram-plantea-la-vigencia-la-paritaria-garantia-la-paz-social\/\"},\"author\":{\"name\":\"mun_admin\",\"@id\":\"https:\/\/municipales.org.ar\/festram\/#\/schema\/person\/49096a774c48ce9063df4d59ec059f9e\"},\"headline\":\"FESTRAM plantea la vigencia de la Paritaria como garant\u00eda de la paz social\",\"datePublished\":\"2017-02-02T09:55:07+00:00\",\"dateModified\":\"2017-03-10T16:47:25+00:00\",\"mainEntityOfPage\":{\"@id\":\"https:\/\/municipales.org.ar\/festram\/festram-plantea-la-vigencia-la-paritaria-garantia-la-paz-social\/\"},\"wordCount\":438,\"publisher\":{\"@id\":\"https:\/\/municipales.org.ar\/festram\/#organization\"},\"image\":{\"@id\":\"https:\/\/municipales.org.ar\/festram\/festram-plantea-la-vigencia-la-paritaria-garantia-la-paz-social\/#primaryimage\"},\"thumbnailUrl\":\"https:\/\/municipales.org.ar\/festram\/wp-content\/uploads\/2015\/12\/DSC7010.jpg\",\"keywords\":[\"2017\",\"paritaria\"],\"articleSection\":[\"Comunicados 2017\"],\"inLanguage\":\"es\"},{\"@type\":\"WebPage\",\"@id\":\"https:\/\/municipales.org.ar\/festram\/festram-plantea-la-vigencia-la-paritaria-garantia-la-paz-social\/\",\"url\":\"https:\/\/municipales.org.ar\/festram\/festram-plantea-la-vigencia-la-paritaria-garantia-la-paz-social\/\",\"name\":\"FESTRAM plantea la vigencia de la Paritaria como garant\u00eda de la paz social &#8211; FESTRAM\",\"isPartOf\":{\"@id\":\"https:\/\/municipales.org.ar\/festram\/#website\"},\"primaryImageOfPage\":{\"@id\":\"https:\/\/municipales.org.ar\/festram\/festram-plantea-la-vigencia-la-paritaria-garantia-la-paz-social\/#primaryimage\"},\"image\":{\"@id\":\"https:\/\/municipales.org.ar\/festram\/festram-plantea-la-vigencia-la-paritaria-garantia-la-paz-social\/#primaryimage\"},\"thumbnailUrl\":\"https:\/\/municipales.org.ar\/festram\/wp-content\/uploads\/2015\/12\/DSC7010.jpg\",\"datePublished\":\"2017-02-02T09:55:07+00:00\",\"dateModified\":\"2017-03-10T16:47:25+00:00\",\"description\":\"Los indicadores econ\u00f3micos que difunde la Provincia son cuestionables.\",\"breadcrumb\":{\"@id\":\"https:\/\/municipales.org.ar\/festram\/festram-plantea-la-vigencia-la-paritaria-garantia-la-paz-social\/#breadcrumb\"},\"inLanguage\":\"es\",\"potentialAction\":[{\"@type\":\"ReadAction\",\"target\":[\"https:\/\/municipales.org.ar\/festram\/festram-plantea-la-vigencia-la-paritaria-garantia-la-paz-social\/\"]}]},{\"@type\":\"ImageObject\",\"inLanguage\":\"es\",\"@id\":\"https:\/\/municipales.org.ar\/festram\/festram-plantea-la-vigencia-la-paritaria-garantia-la-paz-social\/#primaryimage\",\"url\":\"https:\/\/municipales.org.ar\/festram\/wp-content\/uploads\/2015\/12\/DSC7010.jpg\",\"contentUrl\":\"https:\/\/municipales.org.ar\/festram\/wp-content\/uploads\/2015\/12\/DSC7010.jpg\",\"width\":2000,\"height\":1335},{\"@type\":\"BreadcrumbList\",\"@id\":\"https:\/\/municipales.org.ar\/festram\/festram-plantea-la-vigencia-la-paritaria-garantia-la-paz-social\/#breadcrumb\",\"itemListElement\":[{\"@type\":\"ListItem\",\"position\":1,\"name\":\"Portada\",\"item\":\"https:\/\/municipales.org.ar\/festram\/\"},{\"@type\":\"ListItem\",\"position\":2,\"name\":\"FESTRAM plantea la vigencia de la Paritaria como garant\u00eda de la paz social\"}]},{\"@type\":\"WebSite\",\"@id\":\"https:\/\/municipales.org.ar\/festram\/#website\",\"url\":\"https:\/\/municipales.org.ar\/festram\/\",\"name\":\"FESTRAM\",\"description\":\"La web de los trabajadores municipales\",\"publisher\":{\"@id\":\"https:\/\/municipales.org.ar\/festram\/#organization\"},\"potentialAction\":[{\"@type\":\"SearchAction\",\"target\":{\"@type\":\"EntryPoint\",\"urlTemplate\":\"https:\/\/municipales.org.ar\/festram\/?s={search_term_string}\"},\"query-input\":{\"@type\":\"PropertyValueSpecification\",\"valueRequired\":true,\"valueName\":\"search_term_string\"}}],\"inLanguage\":\"es\"},{\"@type\":\"Organization\",\"@id\":\"https:\/\/municipales.org.ar\/festram\/#organization\",\"name\":\"Federaci\u00f3n de Sindicatos de Trabajadores Municipales de la Provincia de Santa Fe\",\"url\":\"https:\/\/municipales.org.ar\/festram\/\",\"logo\":{\"@type\":\"ImageObject\",\"inLanguage\":\"es\",\"@id\":\"https:\/\/municipales.org.ar\/festram\/#\/schema\/logo\/image\/\",\"url\":\"https:\/\/www.municipales.org.ar\/festram\/wp-content\/uploads\/2014\/07\/logo_fes.jpg\",\"contentUrl\":\"https:\/\/www.municipales.org.ar\/festram\/wp-content\/uploads\/2014\/07\/logo_fes.jpg\",\"width\":661,\"height\":673,\"caption\":\"Federaci\u00f3n de Sindicatos de Trabajadores Municipales de la Provincia de Santa Fe\"},\"image\":{\"@id\":\"https:\/\/municipales.org.ar\/festram\/#\/schema\/logo\/image\/\"},\"sameAs\":[\"https:\/\/www.facebook.com\/MunicipalesSF\",\"https:\/\/x.com\/MunicipalesSF\",\"https:\/\/www.youtube.com\/user\/festram\"]},{\"@type\":\"Person\",\"@id\":\"https:\/\/municipales.org.ar\/festram\/#\/schema\/person\/49096a774c48ce9063df4d59ec059f9e\",\"name\":\"mun_admin\"}]}<\/script>\n<!-- \/ Yoast SEO plugin. -->","yoast_head_json":{"title":"FESTRAM plantea la vigencia de la Paritaria como garant\u00eda de la paz social &#8211; FESTRAM","description":"Los indicadores econ\u00f3micos que difunde la Provincia son cuestionables.","robots":{"index":"index","follow":"follow","max-snippet":"max-snippet:-1","max-image-preview":"max-image-preview:large","max-video-preview":"max-video-preview:-1"},"canonical":"https:\/\/municipales.org.ar\/festram\/festram-plantea-la-vigencia-la-paritaria-garantia-la-paz-social\/","og_locale":"es_ES","og_type":"article","og_title":"FESTRAM plantea la vigencia de la Paritaria como garant\u00eda de la paz social &#8211; FESTRAM","og_description":"Los indicadores econ\u00f3micos que difunde la Provincia son cuestionables.","og_url":"https:\/\/municipales.org.ar\/festram\/festram-plantea-la-vigencia-la-paritaria-garantia-la-paz-social\/","og_site_name":"FESTRAM","article_publisher":"https:\/\/www.facebook.com\/MunicipalesSF","article_published_time":"2017-02-02T09:55:07+00:00","article_modified_time":"2017-03-10T16:47:25+00:00","og_image":[{"width":2000,"height":1335,"url":"https:\/\/municipales.org.ar\/festram\/wp-content\/uploads\/2015\/12\/DSC7010.jpg","type":"image\/jpeg"}],"author":"mun_admin","twitter_card":"summary_large_image","twitter_creator":"@MunicipalesSF","twitter_site":"@MunicipalesSF","twitter_misc":{"Escrito por":"mun_admin","Tiempo de lectura":"2 minutos"},"schema":{"@context":"https:\/\/schema.org","@graph":[{"@type":"Article","@id":"https:\/\/municipales.org.ar\/festram\/festram-plantea-la-vigencia-la-paritaria-garantia-la-paz-social\/#article","isPartOf":{"@id":"https:\/\/municipales.org.ar\/festram\/festram-plantea-la-vigencia-la-paritaria-garantia-la-paz-social\/"},"author":{"name":"mun_admin","@id":"https:\/\/municipales.org.ar\/festram\/#\/schema\/person\/49096a774c48ce9063df4d59ec059f9e"},"headline":"FESTRAM plantea la vigencia de la Paritaria como garant\u00eda de la paz social","datePublished":"2017-02-02T09:55:07+00:00","dateModified":"2017-03-10T16:47:25+00:00","mainEntityOfPage":{"@id":"https:\/\/municipales.org.ar\/festram\/festram-plantea-la-vigencia-la-paritaria-garantia-la-paz-social\/"},"wordCount":438,"publisher":{"@id":"https:\/\/municipales.org.ar\/festram\/#organization"},"image":{"@id":"https:\/\/municipales.org.ar\/festram\/festram-plantea-la-vigencia-la-paritaria-garantia-la-paz-social\/#primaryimage"},"thumbnailUrl":"https:\/\/municipales.org.ar\/festram\/wp-content\/uploads\/2015\/12\/DSC7010.jpg","keywords":["2017","paritaria"],"articleSection":["Comunicados 2017"],"inLanguage":"es"},{"@type":"WebPage","@id":"https:\/\/municipales.org.ar\/festram\/festram-plantea-la-vigencia-la-paritaria-garantia-la-paz-social\/","url":"https:\/\/municipales.org.ar\/festram\/festram-plantea-la-vigencia-la-paritaria-garantia-la-paz-social\/","name":"FESTRAM plantea la vigencia de la Paritaria como garant\u00eda de la paz social &#8211; FESTRAM","isPartOf":{"@id":"https:\/\/municipales.org.ar\/festram\/#website"},"primaryImageOfPage":{"@id":"https:\/\/municipales.org.ar\/festram\/festram-plantea-la-vigencia-la-paritaria-garantia-la-paz-social\/#primaryimage"},"image":{"@id":"https:\/\/municipales.org.ar\/festram\/festram-plantea-la-vigencia-la-paritaria-garantia-la-paz-social\/#primaryimage"},"thumbnailUrl":"https:\/\/municipales.org.ar\/festram\/wp-content\/uploads\/2015\/12\/DSC7010.jpg","datePublished":"2017-02-02T09:55:07+00:00","dateModified":"2017-03-10T16:47:25+00:00","description":"Los indicadores econ\u00f3micos que difunde la Provincia son cuestionables.","breadcrumb":{"@id":"https:\/\/municipales.org.ar\/festram\/festram-plantea-la-vigencia-la-paritaria-garantia-la-paz-social\/#breadcrumb"},"inLanguage":"es","potentialAction":[{"@type":"ReadAction","target":["https:\/\/municipales.org.ar\/festram\/festram-plantea-la-vigencia-la-paritaria-garantia-la-paz-social\/"]}]},{"@type":"ImageObject","inLanguage":"es","@id":"https:\/\/municipales.org.ar\/festram\/festram-plantea-la-vigencia-la-paritaria-garantia-la-paz-social\/#primaryimage","url":"https:\/\/municipales.org.ar\/festram\/wp-content\/uploads\/2015\/12\/DSC7010.jpg","contentUrl":"https:\/\/municipales.org.ar\/festram\/wp-content\/uploads\/2015\/12\/DSC7010.jpg","width":2000,"height":1335},{"@type":"BreadcrumbList","@id":"https:\/\/municipales.org.ar\/festram\/festram-plantea-la-vigencia-la-paritaria-garantia-la-paz-social\/#breadcrumb","itemListElement":[{"@type":"ListItem","position":1,"name":"Portada","item":"https:\/\/municipales.org.ar\/festram\/"},{"@type":"ListItem","position":2,"name":"FESTRAM plantea la vigencia de la Paritaria como garant\u00eda de la paz social"}]},{"@type":"WebSite","@id":"https:\/\/municipales.org.ar\/festram\/#website","url":"https:\/\/municipales.org.ar\/festram\/","name":"FESTRAM","description":"La web de los trabajadores municipales","publisher":{"@id":"https:\/\/municipales.org.ar\/festram\/#organization"},"potentialAction":[{"@type":"SearchAction","target":{"@type":"EntryPoint","urlTemplate":"https:\/\/municipales.org.ar\/festram\/?s={search_term_string}"},"query-input":{"@type":"PropertyValueSpecification","valueRequired":true,"valueName":"search_term_string"}}],"inLanguage":"es"},{"@type":"Organization","@id":"https:\/\/municipales.org.ar\/festram\/#organization","name":"Federaci\u00f3n de Sindicatos de Trabajadores Municipales de la Provincia de Santa Fe","url":"https:\/\/municipales.org.ar\/festram\/","logo":{"@type":"ImageObject","inLanguage":"es","@id":"https:\/\/municipales.org.ar\/festram\/#\/schema\/logo\/image\/","url":"https:\/\/www.municipales.org.ar\/festram\/wp-content\/uploads\/2014\/07\/logo_fes.jpg","contentUrl":"https:\/\/www.municipales.org.ar\/festram\/wp-content\/uploads\/2014\/07\/logo_fes.jpg","width":661,"height":673,"caption":"Federaci\u00f3n de Sindicatos de Trabajadores Municipales de la Provincia de Santa Fe"},"image":{"@id":"https:\/\/municipales.org.ar\/festram\/#\/schema\/logo\/image\/"},"sameAs":["https:\/\/www.facebook.com\/MunicipalesSF","https:\/\/x.com\/MunicipalesSF","https:\/\/www.youtube.com\/user\/festram"]},{"@type":"Person","@id":"https:\/\/municipales.org.ar\/festram\/#\/schema\/person\/49096a774c48ce9063df4d59ec059f9e","name":"mun_admin"}]}},"jetpack_publicize_connections":[],"jetpack_featured_media_url":"https:\/\/municipales.org.ar\/festram\/wp-content\/uploads\/2015\/12\/DSC7010.jpg","jetpack_sharing_enabled":true,"jetpack_likes_enabled":false,"jetpack_shortlink":"https:\/\/wp.me\/p7l4x1-34s","_links":{"self":[{"href":"https:\/\/municipales.org.ar\/festram\/wp-json\/wp\/v2\/posts\/11808","targetHints":{"allow":["GET"]}}],"collection":[{"href":"https:\/\/municipales.org.ar\/festram\/wp-json\/wp\/v2\/posts"}],"about":[{"href":"https:\/\/municipales.org.ar\/festram\/wp-json\/wp\/v2\/types\/post"}],"author":[{"embeddable":true,"href":"https:\/\/municipales.org.ar\/festram\/wp-json\/wp\/v2\/users\/1"}],"replies":[{"embeddable":true,"href":"https:\/\/municipales.org.ar\/festram\/wp-json\/wp\/v2\/comments?post=11808"}],"version-history":[{"count":2,"href":"https:\/\/municipales.org.ar\/festram\/wp-json\/wp\/v2\/posts\/11808\/revisions"}],"predecessor-version":[{"id":11810,"href":"https:\/\/municipales.org.ar\/festram\/wp-json\/wp\/v2\/posts\/11808\/revisions\/11810"}],"wp:featuredmedia":[{"embeddable":true,"href":"https:\/\/municipales.org.ar\/festram\/wp-json\/wp\/v2\/media\/10532"}],"wp:attachment":[{"href":"https:\/\/municipales.org.ar\/festram\/wp-json\/wp\/v2\/media?parent=11808"}],"wp:term":[{"taxonomy":"category","embeddable":true,"href":"https:\/\/municipales.org.ar\/festram\/wp-json\/wp\/v2\/categories?post=11808"},{"taxonomy":"post_tag","embeddable":true,"href":"https:\/\/municipales.org.ar\/festram\/wp-json\/wp\/v2\/tags?post=11808"}],"curies":[{"name":"wp","href":"https:\/\/api.w.org\/{rel}","templated":true}]}}