{"id":11823,"date":"2017-02-24T07:17:25","date_gmt":"2017-02-24T10:17:25","guid":{"rendered":"http:\/\/www.municipales.org.ar\/festram\/?p=11823"},"modified":"2017-03-08T11:47:43","modified_gmt":"2017-03-08T14:47:43","slug":"sin-propuesta-salarial-municipales-analizan-medidas-fuerza","status":"publish","type":"post","link":"https:\/\/municipales.org.ar\/festram\/sin-propuesta-salarial-municipales-analizan-medidas-fuerza\/","title":{"rendered":"Sin propuesta salarial, Municipales analizan medidas de fuerza"},"content":{"rendered":"<h4>Los Intendentes no hicieron ofrecimiento y FESTRAM convoc\u00f3 al Plenario de Secretarios Generales.<\/h4>\n<p><iframe loading=\"lazy\" src=\"https:\/\/w.soundcloud.com\/player\/?url=https%3A\/\/api.soundcloud.com\/tracks\/309318283&amp;color=ff5500&amp;inverse=false&amp;auto_play=false&amp;show_user=true\" width=\"100%\" height=\"20\" frameborder=\"no\" scrolling=\"no\"><\/iframe><br \/>\nEn el \u00e1mbito de la Secretar\u00eda de Regiones, Municipios y Comunas se llev\u00f3 a cabo la reuni\u00f3n de la Comisi\u00f3n Paritaria Municipal entre los representantes de Intendentes y Presidentes Comunales con FESTRAM. El sector patronal hab\u00eda comprometido la elaboraci\u00f3n de una propuesta salarial para ser discutida en esta oportunidad pero solicitaron pasar a cuarto intermedio para el viernes 3 de marzo.<\/p>\n<p>El incumplimiento del compromiso por parte de Intendentes y Presidentes Comunales\u00a0y la solicitud de los mismos para\u00a0pasar a un cuarto intermedio, motiv\u00f3 a los paritarios de FESTRAM a convocar a un Plenario de Secretarios Generales para que se determinen las medidas de fuerza ante esta coyuntura.<\/p>\n<p>Los representantes de las Administraciones Locales esgrimieron como uno de los argumentos, la ausencia de pautas de pol\u00edtica salarial en el orden Nacional y Provincial. Esto motiv\u00f3 al sector sindical a convocar un Plenario de Secretarios Generales para el jueves 2 de marzo a los fines de fijar fecha para la instrumentaci\u00f3n de medidas de fuerza en caso que el ofrecimiento salarial del d\u00eda viernes no satisfaga las aspiraciones sindicales.<\/p>\n<p>FESTRAM rechaz\u00f3 rotundamente que la pol\u00edtica salarial del sector municipal se ajuste a las pautas nacionales y reivindic\u00f3 el derecho a la libre negociaci\u00f3n colectiva.<\/p>\n<p>En esa direcci\u00f3n, adem\u00e1s de las acciones propias del gremio municipal, la Federaci\u00f3n resolvi\u00f3 adherir y participar de la marcha convocada por la CGT para el pr\u00f3ximo 7 de Marzo en rechazo de las pol\u00edticas econ\u00f3micas, sociales y laborales que instrumenta el Gobierno Nacional, entre las cuales se impulsa la p\u00e9rdida del poder adquisitivo de los trabajadores, imponiendo techos salariales en las Paritarias.<\/p>\n<h6>Prensa FESTRAM<\/h6>\n<p>&nbsp;<\/p>\n<p>[srizonfbalbum id=48]<\/p>\n","protected":false},"excerpt":{"rendered":"<p>Los Intendentes no hicieron ofrecimiento y FESTRAM convoc\u00f3 al Plenario de Secretarios Generales.<\/p>\n","protected":false},"author":1,"featured_media":11824,"comment_status":"closed","ping_status":"closed","sticky":false,"template":"","format":"standard","meta":{"_jetpack_memberships_contains_paid_content":false,"footnotes":"","jetpack_publicize_message":"Sin propuesta salarial, Municipales analizan medidas de fuerza","jetpack_publicize_feature_enabled":true,"jetpack_social_post_already_shared":true,"jetpack_social_options":{"image_generator_settings":{"template":"highway","default_image_id":0,"font":"","enabled":false},"version":2}},"categories":[159],"tags":[41,69],"class_list":["post-11823","post","type-post","status-publish","format-standard","has-post-thumbnail","hentry","category-comunicados-2017","tag-paritaria","tag-politica-salarial"],"yoast_head":"<!-- This site is optimized with the Yoast SEO plugin v25.9 - https:\/\/yoast.com\/wordpress\/plugins\/seo\/ -->\n<title>Sin propuesta salarial, Municipales analizan medidas de fuerza &#8211; FESTRAM<\/title>\n<meta name=\"description\" content=\"Los Intendentes no hicieron ofrecimiento y FESTRAM convoc\u00f3 al Plenario de Secretarios Generales.\" \/>\n<meta name=\"robots\" content=\"index, follow, max-snippet:-1, max-image-preview:large, max-video-preview:-1\" \/>\n<link rel=\"canonical\" href=\"https:\/\/municipales.org.ar\/festram\/sin-propuesta-salarial-municipales-analizan-medidas-fuerza\/\" \/>\n<meta property=\"og:locale\" content=\"es_ES\" \/>\n<meta property=\"og:type\" content=\"article\" \/>\n<meta property=\"og:title\" content=\"Sin propuesta salarial, Municipales analizan medidas de fuerza &#8211; FESTRAM\" \/>\n<meta property=\"og:description\" content=\"Los Intendentes no hicieron ofrecimiento y FESTRAM convoc\u00f3 al Plenario de Secretarios Generales.\" \/>\n<meta property=\"og:url\" content=\"https:\/\/municipales.org.ar\/festram\/sin-propuesta-salarial-municipales-analizan-medidas-fuerza\/\" \/>\n<meta property=\"og:site_name\" content=\"FESTRAM\" \/>\n<meta property=\"article:publisher\" content=\"https:\/\/www.facebook.com\/MunicipalesSF\" \/>\n<meta property=\"article:published_time\" content=\"2017-02-24T10:17:25+00:00\" \/>\n<meta property=\"article:modified_time\" content=\"2017-03-08T14:47:43+00:00\" \/>\n<meta property=\"og:image\" content=\"https:\/\/municipales.org.ar\/festram\/wp-content\/uploads\/2017\/02\/20170223-paritaria216a.jpg\" \/>\n\t<meta property=\"og:image:width\" content=\"1805\" \/>\n\t<meta property=\"og:image:height\" content=\"1175\" \/>\n\t<meta property=\"og:image:type\" content=\"image\/jpeg\" \/>\n<meta name=\"author\" content=\"mun_admin\" \/>\n<meta name=\"twitter:card\" content=\"summary_large_image\" \/>\n<meta name=\"twitter:image\" content=\"http:\/\/www.municipales.org.ar\/festram\/wp-content\/uploads\/2017\/02\/20170223-paritaria216a.jpg\" \/>\n<meta name=\"twitter:creator\" content=\"@MunicipalesSF\" \/>\n<meta name=\"twitter:site\" content=\"@MunicipalesSF\" \/>\n<meta name=\"twitter:label1\" content=\"Escrito por\" \/>\n\t<meta name=\"twitter:data1\" content=\"mun_admin\" \/>\n\t<meta name=\"twitter:label2\" content=\"Tiempo de lectura\" \/>\n\t<meta name=\"twitter:data2\" content=\"1 minuto\" \/>\n<script type=\"application\/ld+json\" class=\"yoast-schema-graph\">{\"@context\":\"https:\/\/schema.org\",\"@graph\":[{\"@type\":\"Article\",\"@id\":\"https:\/\/municipales.org.ar\/festram\/sin-propuesta-salarial-municipales-analizan-medidas-fuerza\/#article\",\"isPartOf\":{\"@id\":\"https:\/\/municipales.org.ar\/festram\/sin-propuesta-salarial-municipales-analizan-medidas-fuerza\/\"},\"author\":{\"name\":\"mun_admin\",\"@id\":\"https:\/\/municipales.org.ar\/festram\/#\/schema\/person\/49096a774c48ce9063df4d59ec059f9e\"},\"headline\":\"Sin propuesta salarial, Municipales analizan medidas de fuerza\",\"datePublished\":\"2017-02-24T10:17:25+00:00\",\"dateModified\":\"2017-03-08T14:47:43+00:00\",\"mainEntityOfPage\":{\"@id\":\"https:\/\/municipales.org.ar\/festram\/sin-propuesta-salarial-municipales-analizan-medidas-fuerza\/\"},\"wordCount\":307,\"publisher\":{\"@id\":\"https:\/\/municipales.org.ar\/festram\/#organization\"},\"image\":{\"@id\":\"https:\/\/municipales.org.ar\/festram\/sin-propuesta-salarial-municipales-analizan-medidas-fuerza\/#primaryimage\"},\"thumbnailUrl\":\"https:\/\/municipales.org.ar\/festram\/wp-content\/uploads\/2017\/02\/20170223-paritaria216a.jpg\",\"keywords\":[\"paritaria\",\"pol\u00edtica salarial\"],\"articleSection\":[\"Comunicados 2017\"],\"inLanguage\":\"es\"},{\"@type\":\"WebPage\",\"@id\":\"https:\/\/municipales.org.ar\/festram\/sin-propuesta-salarial-municipales-analizan-medidas-fuerza\/\",\"url\":\"https:\/\/municipales.org.ar\/festram\/sin-propuesta-salarial-municipales-analizan-medidas-fuerza\/\",\"name\":\"Sin propuesta salarial, Municipales analizan medidas de fuerza &#8211; FESTRAM\",\"isPartOf\":{\"@id\":\"https:\/\/municipales.org.ar\/festram\/#website\"},\"primaryImageOfPage\":{\"@id\":\"https:\/\/municipales.org.ar\/festram\/sin-propuesta-salarial-municipales-analizan-medidas-fuerza\/#primaryimage\"},\"image\":{\"@id\":\"https:\/\/municipales.org.ar\/festram\/sin-propuesta-salarial-municipales-analizan-medidas-fuerza\/#primaryimage\"},\"thumbnailUrl\":\"https:\/\/municipales.org.ar\/festram\/wp-content\/uploads\/2017\/02\/20170223-paritaria216a.jpg\",\"datePublished\":\"2017-02-24T10:17:25+00:00\",\"dateModified\":\"2017-03-08T14:47:43+00:00\",\"description\":\"Los Intendentes no hicieron ofrecimiento y FESTRAM convoc\u00f3 al Plenario de Secretarios Generales.\",\"breadcrumb\":{\"@id\":\"https:\/\/municipales.org.ar\/festram\/sin-propuesta-salarial-municipales-analizan-medidas-fuerza\/#breadcrumb\"},\"inLanguage\":\"es\",\"potentialAction\":[{\"@type\":\"ReadAction\",\"target\":[\"https:\/\/municipales.org.ar\/festram\/sin-propuesta-salarial-municipales-analizan-medidas-fuerza\/\"]}]},{\"@type\":\"ImageObject\",\"inLanguage\":\"es\",\"@id\":\"https:\/\/municipales.org.ar\/festram\/sin-propuesta-salarial-municipales-analizan-medidas-fuerza\/#primaryimage\",\"url\":\"https:\/\/municipales.org.ar\/festram\/wp-content\/uploads\/2017\/02\/20170223-paritaria216a.jpg\",\"contentUrl\":\"https:\/\/municipales.org.ar\/festram\/wp-content\/uploads\/2017\/02\/20170223-paritaria216a.jpg\",\"width\":1805,\"height\":1175},{\"@type\":\"BreadcrumbList\",\"@id\":\"https:\/\/municipales.org.ar\/festram\/sin-propuesta-salarial-municipales-analizan-medidas-fuerza\/#breadcrumb\",\"itemListElement\":[{\"@type\":\"ListItem\",\"position\":1,\"name\":\"Portada\",\"item\":\"https:\/\/municipales.org.ar\/festram\/\"},{\"@type\":\"ListItem\",\"position\":2,\"name\":\"Sin propuesta salarial, Municipales analizan medidas de fuerza\"}]},{\"@type\":\"WebSite\",\"@id\":\"https:\/\/municipales.org.ar\/festram\/#website\",\"url\":\"https:\/\/municipales.org.ar\/festram\/\",\"name\":\"FESTRAM\",\"description\":\"La web de los trabajadores municipales\",\"publisher\":{\"@id\":\"https:\/\/municipales.org.ar\/festram\/#organization\"},\"potentialAction\":[{\"@type\":\"SearchAction\",\"target\":{\"@type\":\"EntryPoint\",\"urlTemplate\":\"https:\/\/municipales.org.ar\/festram\/?s={search_term_string}\"},\"query-input\":{\"@type\":\"PropertyValueSpecification\",\"valueRequired\":true,\"valueName\":\"search_term_string\"}}],\"inLanguage\":\"es\"},{\"@type\":\"Organization\",\"@id\":\"https:\/\/municipales.org.ar\/festram\/#organization\",\"name\":\"Federaci\u00f3n de Sindicatos de Trabajadores Municipales de la Provincia de Santa Fe\",\"url\":\"https:\/\/municipales.org.ar\/festram\/\",\"logo\":{\"@type\":\"ImageObject\",\"inLanguage\":\"es\",\"@id\":\"https:\/\/municipales.org.ar\/festram\/#\/schema\/logo\/image\/\",\"url\":\"https:\/\/www.municipales.org.ar\/festram\/wp-content\/uploads\/2014\/07\/logo_fes.jpg\",\"contentUrl\":\"https:\/\/www.municipales.org.ar\/festram\/wp-content\/uploads\/2014\/07\/logo_fes.jpg\",\"width\":661,\"height\":673,\"caption\":\"Federaci\u00f3n de Sindicatos de Trabajadores Municipales de la Provincia de Santa Fe\"},\"image\":{\"@id\":\"https:\/\/municipales.org.ar\/festram\/#\/schema\/logo\/image\/\"},\"sameAs\":[\"https:\/\/www.facebook.com\/MunicipalesSF\",\"https:\/\/x.com\/MunicipalesSF\",\"https:\/\/www.youtube.com\/user\/festram\"]},{\"@type\":\"Person\",\"@id\":\"https:\/\/municipales.org.ar\/festram\/#\/schema\/person\/49096a774c48ce9063df4d59ec059f9e\",\"name\":\"mun_admin\"}]}<\/script>\n<!-- \/ Yoast SEO plugin. -->","yoast_head_json":{"title":"Sin propuesta salarial, Municipales analizan medidas de fuerza &#8211; FESTRAM","description":"Los Intendentes no hicieron ofrecimiento y FESTRAM convoc\u00f3 al Plenario de Secretarios Generales.","robots":{"index":"index","follow":"follow","max-snippet":"max-snippet:-1","max-image-preview":"max-image-preview:large","max-video-preview":"max-video-preview:-1"},"canonical":"https:\/\/municipales.org.ar\/festram\/sin-propuesta-salarial-municipales-analizan-medidas-fuerza\/","og_locale":"es_ES","og_type":"article","og_title":"Sin propuesta salarial, Municipales analizan medidas de fuerza &#8211; FESTRAM","og_description":"Los Intendentes no hicieron ofrecimiento y FESTRAM convoc\u00f3 al Plenario de Secretarios Generales.","og_url":"https:\/\/municipales.org.ar\/festram\/sin-propuesta-salarial-municipales-analizan-medidas-fuerza\/","og_site_name":"FESTRAM","article_publisher":"https:\/\/www.facebook.com\/MunicipalesSF","article_published_time":"2017-02-24T10:17:25+00:00","article_modified_time":"2017-03-08T14:47:43+00:00","og_image":[{"width":1805,"height":1175,"url":"https:\/\/municipales.org.ar\/festram\/wp-content\/uploads\/2017\/02\/20170223-paritaria216a.jpg","type":"image\/jpeg"}],"author":"mun_admin","twitter_card":"summary_large_image","twitter_image":"http:\/\/www.municipales.org.ar\/festram\/wp-content\/uploads\/2017\/02\/20170223-paritaria216a.jpg","twitter_creator":"@MunicipalesSF","twitter_site":"@MunicipalesSF","twitter_misc":{"Escrito por":"mun_admin","Tiempo de lectura":"1 minuto"},"schema":{"@context":"https:\/\/schema.org","@graph":[{"@type":"Article","@id":"https:\/\/municipales.org.ar\/festram\/sin-propuesta-salarial-municipales-analizan-medidas-fuerza\/#article","isPartOf":{"@id":"https:\/\/municipales.org.ar\/festram\/sin-propuesta-salarial-municipales-analizan-medidas-fuerza\/"},"author":{"name":"mun_admin","@id":"https:\/\/municipales.org.ar\/festram\/#\/schema\/person\/49096a774c48ce9063df4d59ec059f9e"},"headline":"Sin propuesta salarial, Municipales analizan medidas de fuerza","datePublished":"2017-02-24T10:17:25+00:00","dateModified":"2017-03-08T14:47:43+00:00","mainEntityOfPage":{"@id":"https:\/\/municipales.org.ar\/festram\/sin-propuesta-salarial-municipales-analizan-medidas-fuerza\/"},"wordCount":307,"publisher":{"@id":"https:\/\/municipales.org.ar\/festram\/#organization"},"image":{"@id":"https:\/\/municipales.org.ar\/festram\/sin-propuesta-salarial-municipales-analizan-medidas-fuerza\/#primaryimage"},"thumbnailUrl":"https:\/\/municipales.org.ar\/festram\/wp-content\/uploads\/2017\/02\/20170223-paritaria216a.jpg","keywords":["paritaria","pol\u00edtica salarial"],"articleSection":["Comunicados 2017"],"inLanguage":"es"},{"@type":"WebPage","@id":"https:\/\/municipales.org.ar\/festram\/sin-propuesta-salarial-municipales-analizan-medidas-fuerza\/","url":"https:\/\/municipales.org.ar\/festram\/sin-propuesta-salarial-municipales-analizan-medidas-fuerza\/","name":"Sin propuesta salarial, Municipales analizan medidas de fuerza &#8211; FESTRAM","isPartOf":{"@id":"https:\/\/municipales.org.ar\/festram\/#website"},"primaryImageOfPage":{"@id":"https:\/\/municipales.org.ar\/festram\/sin-propuesta-salarial-municipales-analizan-medidas-fuerza\/#primaryimage"},"image":{"@id":"https:\/\/municipales.org.ar\/festram\/sin-propuesta-salarial-municipales-analizan-medidas-fuerza\/#primaryimage"},"thumbnailUrl":"https:\/\/municipales.org.ar\/festram\/wp-content\/uploads\/2017\/02\/20170223-paritaria216a.jpg","datePublished":"2017-02-24T10:17:25+00:00","dateModified":"2017-03-08T14:47:43+00:00","description":"Los Intendentes no hicieron ofrecimiento y FESTRAM convoc\u00f3 al Plenario de Secretarios Generales.","breadcrumb":{"@id":"https:\/\/municipales.org.ar\/festram\/sin-propuesta-salarial-municipales-analizan-medidas-fuerza\/#breadcrumb"},"inLanguage":"es","potentialAction":[{"@type":"ReadAction","target":["https:\/\/municipales.org.ar\/festram\/sin-propuesta-salarial-municipales-analizan-medidas-fuerza\/"]}]},{"@type":"ImageObject","inLanguage":"es","@id":"https:\/\/municipales.org.ar\/festram\/sin-propuesta-salarial-municipales-analizan-medidas-fuerza\/#primaryimage","url":"https:\/\/municipales.org.ar\/festram\/wp-content\/uploads\/2017\/02\/20170223-paritaria216a.jpg","contentUrl":"https:\/\/municipales.org.ar\/festram\/wp-content\/uploads\/2017\/02\/20170223-paritaria216a.jpg","width":1805,"height":1175},{"@type":"BreadcrumbList","@id":"https:\/\/municipales.org.ar\/festram\/sin-propuesta-salarial-municipales-analizan-medidas-fuerza\/#breadcrumb","itemListElement":[{"@type":"ListItem","position":1,"name":"Portada","item":"https:\/\/municipales.org.ar\/festram\/"},{"@type":"ListItem","position":2,"name":"Sin propuesta salarial, Municipales analizan medidas de fuerza"}]},{"@type":"WebSite","@id":"https:\/\/municipales.org.ar\/festram\/#website","url":"https:\/\/municipales.org.ar\/festram\/","name":"FESTRAM","description":"La web de los trabajadores municipales","publisher":{"@id":"https:\/\/municipales.org.ar\/festram\/#organization"},"potentialAction":[{"@type":"SearchAction","target":{"@type":"EntryPoint","urlTemplate":"https:\/\/municipales.org.ar\/festram\/?s={search_term_string}"},"query-input":{"@type":"PropertyValueSpecification","valueRequired":true,"valueName":"search_term_string"}}],"inLanguage":"es"},{"@type":"Organization","@id":"https:\/\/municipales.org.ar\/festram\/#organization","name":"Federaci\u00f3n de Sindicatos de Trabajadores Municipales de la Provincia de Santa Fe","url":"https:\/\/municipales.org.ar\/festram\/","logo":{"@type":"ImageObject","inLanguage":"es","@id":"https:\/\/municipales.org.ar\/festram\/#\/schema\/logo\/image\/","url":"https:\/\/www.municipales.org.ar\/festram\/wp-content\/uploads\/2014\/07\/logo_fes.jpg","contentUrl":"https:\/\/www.municipales.org.ar\/festram\/wp-content\/uploads\/2014\/07\/logo_fes.jpg","width":661,"height":673,"caption":"Federaci\u00f3n de Sindicatos de Trabajadores Municipales de la Provincia de Santa Fe"},"image":{"@id":"https:\/\/municipales.org.ar\/festram\/#\/schema\/logo\/image\/"},"sameAs":["https:\/\/www.facebook.com\/MunicipalesSF","https:\/\/x.com\/MunicipalesSF","https:\/\/www.youtube.com\/user\/festram"]},{"@type":"Person","@id":"https:\/\/municipales.org.ar\/festram\/#\/schema\/person\/49096a774c48ce9063df4d59ec059f9e","name":"mun_admin"}]}},"jetpack_publicize_connections":[],"jetpack_featured_media_url":"https:\/\/municipales.org.ar\/festram\/wp-content\/uploads\/2017\/02\/20170223-paritaria216a.jpg","jetpack_sharing_enabled":true,"jetpack_likes_enabled":false,"jetpack_shortlink":"https:\/\/wp.me\/p7l4x1-34H","_links":{"self":[{"href":"https:\/\/municipales.org.ar\/festram\/wp-json\/wp\/v2\/posts\/11823","targetHints":{"allow":["GET"]}}],"collection":[{"href":"https:\/\/municipales.org.ar\/festram\/wp-json\/wp\/v2\/posts"}],"about":[{"href":"https:\/\/municipales.org.ar\/festram\/wp-json\/wp\/v2\/types\/post"}],"author":[{"embeddable":true,"href":"https:\/\/municipales.org.ar\/festram\/wp-json\/wp\/v2\/users\/1"}],"replies":[{"embeddable":true,"href":"https:\/\/municipales.org.ar\/festram\/wp-json\/wp\/v2\/comments?post=11823"}],"version-history":[{"count":6,"href":"https:\/\/municipales.org.ar\/festram\/wp-json\/wp\/v2\/posts\/11823\/revisions"}],"predecessor-version":[{"id":11852,"href":"https:\/\/municipales.org.ar\/festram\/wp-json\/wp\/v2\/posts\/11823\/revisions\/11852"}],"wp:featuredmedia":[{"embeddable":true,"href":"https:\/\/municipales.org.ar\/festram\/wp-json\/wp\/v2\/media\/11824"}],"wp:attachment":[{"href":"https:\/\/municipales.org.ar\/festram\/wp-json\/wp\/v2\/media?parent=11823"}],"wp:term":[{"taxonomy":"category","embeddable":true,"href":"https:\/\/municipales.org.ar\/festram\/wp-json\/wp\/v2\/categories?post=11823"},{"taxonomy":"post_tag","embeddable":true,"href":"https:\/\/municipales.org.ar\/festram\/wp-json\/wp\/v2\/tags?post=11823"}],"curies":[{"name":"wp","href":"https:\/\/api.w.org\/{rel}","templated":true}]}}