{"id":11843,"date":"2017-03-02T22:02:05","date_gmt":"2017-03-03T01:02:05","guid":{"rendered":"http:\/\/www.municipales.org.ar\/festram\/?p=11843"},"modified":"2017-06-15T16:15:14","modified_gmt":"2017-06-15T19:15:14","slug":"8-marzo-paro-internacional-mujeres","status":"publish","type":"post","link":"https:\/\/municipales.org.ar\/festram\/8-marzo-paro-internacional-mujeres\/","title":{"rendered":"8 de Marzo &#8211; Paro Internacional de Mujeres"},"content":{"rendered":"<h4>Las mujeres Municipales y Comunales de FESTRAM adhieren e invitan a participar de la Jornada de Sensibilizaci\u00f3n con motivo de la conmemoraci\u00f3n del D\u00eda Internacional de la Mujer Trabajadora el pr\u00f3ximo mi\u00e9rcoles 8 de Marzo.<\/h4>\n<p>&nbsp;<\/p>\n<p>Nos organizamos a partir de los siguientes ejes y necesidades:<\/p>\n<ul>\n<li>Para valorizar el trabajo invisibilizado que hacemos, que construye red, apoyo y estrategias vitales en contextos dif\u00edciles y de crisis.<\/li>\n<li>Para cobijar a las ocupadas y desocupadas, a las asalariadas y a las que cobran subsidios, a las cuentapropistas y a las estudiantes, porque todas somos trabajadoras. Nosotras paramos!<\/li>\n<li>Por apertura de paritarias y sin techo, rechazo al 18% en cuotas que pretende imponer el Gobierno y los empresarios.<\/li>\n<li>Aumento salarial acorde a las necesidades de trabajadoras y sus familias. Igual salario por igual tarea.<\/li>\n<li>Cese de despidos, de la precarizaci\u00f3n laboral con la que intentan disciplinar a la clase trabajadora.<\/li>\n<li>Reincorporaci\u00f3n inmediata de todas\/os \u00a0las\/os despedidas\/os.<\/li>\n<li>Defensa de los Convenios Colectivos de Trabajo y por los derechos que a\u00fan nos falta conquistar.<\/li>\n<li>Eliminaci\u00f3n de toda violencia contra mujeres; familiar, laboral, medi\u00e1tica y obst\u00e9trica.<\/li>\n<li>Jardines materno paternales en lugares en lugares de trabajo, universidades y barrios.<\/li>\n<li>Licencias por cuidado de nuestros hijos, familiares a cargo y violencia de g\u00e9nero. Aumento de licencias parentales.<\/li>\n<li>Universalizaci\u00f3n y aumento de asignaciones familiares.<\/li>\n<li>Desprocesamiento y libertad de todas\/os las\/os luchadoras\/es populares.<\/li>\n<\/ul>\n<p>En este sentido convocamos a participar y realizar actividades alusivas tales como: asambleas, cese de actividades, radios abiertas, volanteadas, charlas con perspectivas de g\u00e9nero; a lo largo y ancho de nuestra Provincia.<br \/>\nUNIDAS, ORGANIZADAS Y SINDICALIZADAS OBTUVIMOS LA IGUALDAD Y VAMOS POR LA EQUIDAD.<\/p>\n<p>NO NOS CANSAREMOS DE DECIR NI UNA MENOS!<\/p>\n","protected":false},"excerpt":{"rendered":"<p>Las mujeres Municipales y Comunales de FESTRAM adhieren e invitan a participar de la Jornada de Sensibilizaci\u00f3n con motivo de la conmemoraci\u00f3n del D\u00eda Internacional de la Mujer Trabajadora el pr\u00f3ximo mi\u00e9rcoles 8 de Marzo.<\/p>\n","protected":false},"author":1,"featured_media":11844,"comment_status":"closed","ping_status":"closed","sticky":false,"template":"","format":"standard","meta":{"_jetpack_memberships_contains_paid_content":false,"footnotes":"","jetpack_publicize_message":"8 de Marzo - Paro Internacional de Mujeres","jetpack_publicize_feature_enabled":true,"jetpack_social_post_already_shared":true,"jetpack_social_options":{"image_generator_settings":{"template":"highway","default_image_id":0,"font":"","enabled":false},"version":2}},"categories":[159,50],"tags":[87],"class_list":["post-11843","post","type-post","status-publish","format-standard","has-post-thumbnail","hentry","category-comunicados-2017","category-genero","tag-genero-2"],"yoast_head":"<!-- This site is optimized with the Yoast SEO plugin v25.9 - https:\/\/yoast.com\/wordpress\/plugins\/seo\/ -->\n<title>8 de Marzo - Paro Internacional de Mujeres &#8211; FESTRAM<\/title>\n<meta name=\"description\" content=\"Las mujeres Municipales y Comunales de FESTRAM adhieren e invitan a participar de la Jornada de Sensibilizaci\u00f3n con motivo de la conmemoraci\u00f3n del D\u00eda Internacional de la Mujer Trabajadora el pr\u00f3ximo mi\u00e9rcoles 8 de Marzo.\" \/>\n<meta name=\"robots\" content=\"index, follow, max-snippet:-1, max-image-preview:large, max-video-preview:-1\" \/>\n<link rel=\"canonical\" href=\"https:\/\/municipales.org.ar\/festram\/8-marzo-paro-internacional-mujeres\/\" \/>\n<meta property=\"og:locale\" content=\"es_ES\" \/>\n<meta property=\"og:type\" content=\"article\" \/>\n<meta property=\"og:title\" content=\"8 de Marzo - Paro Internacional de Mujeres &#8211; FESTRAM\" \/>\n<meta property=\"og:description\" content=\"Las mujeres Municipales y Comunales de FESTRAM adhieren e invitan a participar de la Jornada de Sensibilizaci\u00f3n con motivo de la conmemoraci\u00f3n del D\u00eda Internacional de la Mujer Trabajadora el pr\u00f3ximo mi\u00e9rcoles 8 de Marzo.\" \/>\n<meta property=\"og:url\" content=\"https:\/\/municipales.org.ar\/festram\/8-marzo-paro-internacional-mujeres\/\" \/>\n<meta property=\"og:site_name\" content=\"FESTRAM\" \/>\n<meta property=\"article:publisher\" content=\"https:\/\/www.facebook.com\/MunicipalesSF\" \/>\n<meta property=\"article:published_time\" content=\"2017-03-03T01:02:05+00:00\" \/>\n<meta property=\"article:modified_time\" content=\"2017-06-15T19:15:14+00:00\" \/>\n<meta property=\"og:image\" content=\"https:\/\/municipales.org.ar\/festram\/wp-content\/uploads\/2017\/03\/paro-internacion-mujeres-mujica.jpg\" \/>\n\t<meta property=\"og:image:width\" content=\"768\" \/>\n\t<meta property=\"og:image:height\" content=\"573\" \/>\n\t<meta property=\"og:image:type\" content=\"image\/jpeg\" \/>\n<meta name=\"author\" content=\"mun_admin\" \/>\n<meta name=\"twitter:card\" content=\"summary_large_image\" \/>\n<meta name=\"twitter:image\" content=\"http:\/\/www.municipales.org.ar\/festram\/wp-content\/uploads\/2017\/03\/paro-internacion-mujeres-mujica.jpg\" \/>\n<meta name=\"twitter:creator\" content=\"@MunicipalesSF\" \/>\n<meta name=\"twitter:site\" content=\"@MunicipalesSF\" \/>\n<meta name=\"twitter:label1\" content=\"Escrito por\" \/>\n\t<meta name=\"twitter:data1\" content=\"mun_admin\" \/>\n\t<meta name=\"twitter:label2\" content=\"Tiempo de lectura\" \/>\n\t<meta name=\"twitter:data2\" content=\"1 minuto\" \/>\n<script type=\"application\/ld+json\" class=\"yoast-schema-graph\">{\"@context\":\"https:\/\/schema.org\",\"@graph\":[{\"@type\":\"Article\",\"@id\":\"https:\/\/municipales.org.ar\/festram\/8-marzo-paro-internacional-mujeres\/#article\",\"isPartOf\":{\"@id\":\"https:\/\/municipales.org.ar\/festram\/8-marzo-paro-internacional-mujeres\/\"},\"author\":{\"name\":\"mun_admin\",\"@id\":\"https:\/\/municipales.org.ar\/festram\/#\/schema\/person\/49096a774c48ce9063df4d59ec059f9e\"},\"headline\":\"8 de Marzo &#8211; Paro Internacional de Mujeres\",\"datePublished\":\"2017-03-03T01:02:05+00:00\",\"dateModified\":\"2017-06-15T19:15:14+00:00\",\"mainEntityOfPage\":{\"@id\":\"https:\/\/municipales.org.ar\/festram\/8-marzo-paro-internacional-mujeres\/\"},\"wordCount\":301,\"publisher\":{\"@id\":\"https:\/\/municipales.org.ar\/festram\/#organization\"},\"image\":{\"@id\":\"https:\/\/municipales.org.ar\/festram\/8-marzo-paro-internacional-mujeres\/#primaryimage\"},\"thumbnailUrl\":\"https:\/\/municipales.org.ar\/festram\/wp-content\/uploads\/2017\/03\/paro-internacion-mujeres-mujica.jpg\",\"keywords\":[\"g\u00e9nero\"],\"articleSection\":[\"Comunicados 2017\",\"G\u00e9nero\"],\"inLanguage\":\"es\"},{\"@type\":\"WebPage\",\"@id\":\"https:\/\/municipales.org.ar\/festram\/8-marzo-paro-internacional-mujeres\/\",\"url\":\"https:\/\/municipales.org.ar\/festram\/8-marzo-paro-internacional-mujeres\/\",\"name\":\"8 de Marzo - Paro Internacional de Mujeres &#8211; FESTRAM\",\"isPartOf\":{\"@id\":\"https:\/\/municipales.org.ar\/festram\/#website\"},\"primaryImageOfPage\":{\"@id\":\"https:\/\/municipales.org.ar\/festram\/8-marzo-paro-internacional-mujeres\/#primaryimage\"},\"image\":{\"@id\":\"https:\/\/municipales.org.ar\/festram\/8-marzo-paro-internacional-mujeres\/#primaryimage\"},\"thumbnailUrl\":\"https:\/\/municipales.org.ar\/festram\/wp-content\/uploads\/2017\/03\/paro-internacion-mujeres-mujica.jpg\",\"datePublished\":\"2017-03-03T01:02:05+00:00\",\"dateModified\":\"2017-06-15T19:15:14+00:00\",\"description\":\"Las mujeres Municipales y Comunales de FESTRAM adhieren e invitan a participar de la Jornada de Sensibilizaci\u00f3n con motivo de la conmemoraci\u00f3n del D\u00eda Internacional de la Mujer Trabajadora el pr\u00f3ximo mi\u00e9rcoles 8 de Marzo.\",\"breadcrumb\":{\"@id\":\"https:\/\/municipales.org.ar\/festram\/8-marzo-paro-internacional-mujeres\/#breadcrumb\"},\"inLanguage\":\"es\",\"potentialAction\":[{\"@type\":\"ReadAction\",\"target\":[\"https:\/\/municipales.org.ar\/festram\/8-marzo-paro-internacional-mujeres\/\"]}]},{\"@type\":\"ImageObject\",\"inLanguage\":\"es\",\"@id\":\"https:\/\/municipales.org.ar\/festram\/8-marzo-paro-internacional-mujeres\/#primaryimage\",\"url\":\"https:\/\/municipales.org.ar\/festram\/wp-content\/uploads\/2017\/03\/paro-internacion-mujeres-mujica.jpg\",\"contentUrl\":\"https:\/\/municipales.org.ar\/festram\/wp-content\/uploads\/2017\/03\/paro-internacion-mujeres-mujica.jpg\",\"width\":768,\"height\":573},{\"@type\":\"BreadcrumbList\",\"@id\":\"https:\/\/municipales.org.ar\/festram\/8-marzo-paro-internacional-mujeres\/#breadcrumb\",\"itemListElement\":[{\"@type\":\"ListItem\",\"position\":1,\"name\":\"Portada\",\"item\":\"https:\/\/municipales.org.ar\/festram\/\"},{\"@type\":\"ListItem\",\"position\":2,\"name\":\"8 de Marzo &#8211; Paro Internacional de Mujeres\"}]},{\"@type\":\"WebSite\",\"@id\":\"https:\/\/municipales.org.ar\/festram\/#website\",\"url\":\"https:\/\/municipales.org.ar\/festram\/\",\"name\":\"FESTRAM\",\"description\":\"La web de los trabajadores municipales\",\"publisher\":{\"@id\":\"https:\/\/municipales.org.ar\/festram\/#organization\"},\"potentialAction\":[{\"@type\":\"SearchAction\",\"target\":{\"@type\":\"EntryPoint\",\"urlTemplate\":\"https:\/\/municipales.org.ar\/festram\/?s={search_term_string}\"},\"query-input\":{\"@type\":\"PropertyValueSpecification\",\"valueRequired\":true,\"valueName\":\"search_term_string\"}}],\"inLanguage\":\"es\"},{\"@type\":\"Organization\",\"@id\":\"https:\/\/municipales.org.ar\/festram\/#organization\",\"name\":\"Federaci\u00f3n de Sindicatos de Trabajadores Municipales de la Provincia de Santa Fe\",\"url\":\"https:\/\/municipales.org.ar\/festram\/\",\"logo\":{\"@type\":\"ImageObject\",\"inLanguage\":\"es\",\"@id\":\"https:\/\/municipales.org.ar\/festram\/#\/schema\/logo\/image\/\",\"url\":\"https:\/\/www.municipales.org.ar\/festram\/wp-content\/uploads\/2014\/07\/logo_fes.jpg\",\"contentUrl\":\"https:\/\/www.municipales.org.ar\/festram\/wp-content\/uploads\/2014\/07\/logo_fes.jpg\",\"width\":661,\"height\":673,\"caption\":\"Federaci\u00f3n de Sindicatos de Trabajadores Municipales de la Provincia de Santa Fe\"},\"image\":{\"@id\":\"https:\/\/municipales.org.ar\/festram\/#\/schema\/logo\/image\/\"},\"sameAs\":[\"https:\/\/www.facebook.com\/MunicipalesSF\",\"https:\/\/x.com\/MunicipalesSF\",\"https:\/\/www.youtube.com\/user\/festram\"]},{\"@type\":\"Person\",\"@id\":\"https:\/\/municipales.org.ar\/festram\/#\/schema\/person\/49096a774c48ce9063df4d59ec059f9e\",\"name\":\"mun_admin\"}]}<\/script>\n<!-- \/ Yoast SEO plugin. -->","yoast_head_json":{"title":"8 de Marzo - Paro Internacional de Mujeres &#8211; FESTRAM","description":"Las mujeres Municipales y Comunales de FESTRAM adhieren e invitan a participar de la Jornada de Sensibilizaci\u00f3n con motivo de la conmemoraci\u00f3n del D\u00eda Internacional de la Mujer Trabajadora el pr\u00f3ximo mi\u00e9rcoles 8 de Marzo.","robots":{"index":"index","follow":"follow","max-snippet":"max-snippet:-1","max-image-preview":"max-image-preview:large","max-video-preview":"max-video-preview:-1"},"canonical":"https:\/\/municipales.org.ar\/festram\/8-marzo-paro-internacional-mujeres\/","og_locale":"es_ES","og_type":"article","og_title":"8 de Marzo - Paro Internacional de Mujeres &#8211; FESTRAM","og_description":"Las mujeres Municipales y Comunales de FESTRAM adhieren e invitan a participar de la Jornada de Sensibilizaci\u00f3n con motivo de la conmemoraci\u00f3n del D\u00eda Internacional de la Mujer Trabajadora el pr\u00f3ximo mi\u00e9rcoles 8 de Marzo.","og_url":"https:\/\/municipales.org.ar\/festram\/8-marzo-paro-internacional-mujeres\/","og_site_name":"FESTRAM","article_publisher":"https:\/\/www.facebook.com\/MunicipalesSF","article_published_time":"2017-03-03T01:02:05+00:00","article_modified_time":"2017-06-15T19:15:14+00:00","og_image":[{"width":768,"height":573,"url":"https:\/\/municipales.org.ar\/festram\/wp-content\/uploads\/2017\/03\/paro-internacion-mujeres-mujica.jpg","type":"image\/jpeg"}],"author":"mun_admin","twitter_card":"summary_large_image","twitter_image":"http:\/\/www.municipales.org.ar\/festram\/wp-content\/uploads\/2017\/03\/paro-internacion-mujeres-mujica.jpg","twitter_creator":"@MunicipalesSF","twitter_site":"@MunicipalesSF","twitter_misc":{"Escrito por":"mun_admin","Tiempo de lectura":"1 minuto"},"schema":{"@context":"https:\/\/schema.org","@graph":[{"@type":"Article","@id":"https:\/\/municipales.org.ar\/festram\/8-marzo-paro-internacional-mujeres\/#article","isPartOf":{"@id":"https:\/\/municipales.org.ar\/festram\/8-marzo-paro-internacional-mujeres\/"},"author":{"name":"mun_admin","@id":"https:\/\/municipales.org.ar\/festram\/#\/schema\/person\/49096a774c48ce9063df4d59ec059f9e"},"headline":"8 de Marzo &#8211; Paro Internacional de Mujeres","datePublished":"2017-03-03T01:02:05+00:00","dateModified":"2017-06-15T19:15:14+00:00","mainEntityOfPage":{"@id":"https:\/\/municipales.org.ar\/festram\/8-marzo-paro-internacional-mujeres\/"},"wordCount":301,"publisher":{"@id":"https:\/\/municipales.org.ar\/festram\/#organization"},"image":{"@id":"https:\/\/municipales.org.ar\/festram\/8-marzo-paro-internacional-mujeres\/#primaryimage"},"thumbnailUrl":"https:\/\/municipales.org.ar\/festram\/wp-content\/uploads\/2017\/03\/paro-internacion-mujeres-mujica.jpg","keywords":["g\u00e9nero"],"articleSection":["Comunicados 2017","G\u00e9nero"],"inLanguage":"es"},{"@type":"WebPage","@id":"https:\/\/municipales.org.ar\/festram\/8-marzo-paro-internacional-mujeres\/","url":"https:\/\/municipales.org.ar\/festram\/8-marzo-paro-internacional-mujeres\/","name":"8 de Marzo - Paro Internacional de Mujeres &#8211; FESTRAM","isPartOf":{"@id":"https:\/\/municipales.org.ar\/festram\/#website"},"primaryImageOfPage":{"@id":"https:\/\/municipales.org.ar\/festram\/8-marzo-paro-internacional-mujeres\/#primaryimage"},"image":{"@id":"https:\/\/municipales.org.ar\/festram\/8-marzo-paro-internacional-mujeres\/#primaryimage"},"thumbnailUrl":"https:\/\/municipales.org.ar\/festram\/wp-content\/uploads\/2017\/03\/paro-internacion-mujeres-mujica.jpg","datePublished":"2017-03-03T01:02:05+00:00","dateModified":"2017-06-15T19:15:14+00:00","description":"Las mujeres Municipales y Comunales de FESTRAM adhieren e invitan a participar de la Jornada de Sensibilizaci\u00f3n con motivo de la conmemoraci\u00f3n del D\u00eda Internacional de la Mujer Trabajadora el pr\u00f3ximo mi\u00e9rcoles 8 de Marzo.","breadcrumb":{"@id":"https:\/\/municipales.org.ar\/festram\/8-marzo-paro-internacional-mujeres\/#breadcrumb"},"inLanguage":"es","potentialAction":[{"@type":"ReadAction","target":["https:\/\/municipales.org.ar\/festram\/8-marzo-paro-internacional-mujeres\/"]}]},{"@type":"ImageObject","inLanguage":"es","@id":"https:\/\/municipales.org.ar\/festram\/8-marzo-paro-internacional-mujeres\/#primaryimage","url":"https:\/\/municipales.org.ar\/festram\/wp-content\/uploads\/2017\/03\/paro-internacion-mujeres-mujica.jpg","contentUrl":"https:\/\/municipales.org.ar\/festram\/wp-content\/uploads\/2017\/03\/paro-internacion-mujeres-mujica.jpg","width":768,"height":573},{"@type":"BreadcrumbList","@id":"https:\/\/municipales.org.ar\/festram\/8-marzo-paro-internacional-mujeres\/#breadcrumb","itemListElement":[{"@type":"ListItem","position":1,"name":"Portada","item":"https:\/\/municipales.org.ar\/festram\/"},{"@type":"ListItem","position":2,"name":"8 de Marzo &#8211; Paro Internacional de Mujeres"}]},{"@type":"WebSite","@id":"https:\/\/municipales.org.ar\/festram\/#website","url":"https:\/\/municipales.org.ar\/festram\/","name":"FESTRAM","description":"La web de los trabajadores municipales","publisher":{"@id":"https:\/\/municipales.org.ar\/festram\/#organization"},"potentialAction":[{"@type":"SearchAction","target":{"@type":"EntryPoint","urlTemplate":"https:\/\/municipales.org.ar\/festram\/?s={search_term_string}"},"query-input":{"@type":"PropertyValueSpecification","valueRequired":true,"valueName":"search_term_string"}}],"inLanguage":"es"},{"@type":"Organization","@id":"https:\/\/municipales.org.ar\/festram\/#organization","name":"Federaci\u00f3n de Sindicatos de Trabajadores Municipales de la Provincia de Santa Fe","url":"https:\/\/municipales.org.ar\/festram\/","logo":{"@type":"ImageObject","inLanguage":"es","@id":"https:\/\/municipales.org.ar\/festram\/#\/schema\/logo\/image\/","url":"https:\/\/www.municipales.org.ar\/festram\/wp-content\/uploads\/2014\/07\/logo_fes.jpg","contentUrl":"https:\/\/www.municipales.org.ar\/festram\/wp-content\/uploads\/2014\/07\/logo_fes.jpg","width":661,"height":673,"caption":"Federaci\u00f3n de Sindicatos de Trabajadores Municipales de la Provincia de Santa Fe"},"image":{"@id":"https:\/\/municipales.org.ar\/festram\/#\/schema\/logo\/image\/"},"sameAs":["https:\/\/www.facebook.com\/MunicipalesSF","https:\/\/x.com\/MunicipalesSF","https:\/\/www.youtube.com\/user\/festram"]},{"@type":"Person","@id":"https:\/\/municipales.org.ar\/festram\/#\/schema\/person\/49096a774c48ce9063df4d59ec059f9e","name":"mun_admin"}]}},"jetpack_publicize_connections":[],"jetpack_featured_media_url":"https:\/\/municipales.org.ar\/festram\/wp-content\/uploads\/2017\/03\/paro-internacion-mujeres-mujica.jpg","jetpack_sharing_enabled":true,"jetpack_likes_enabled":false,"jetpack_shortlink":"https:\/\/wp.me\/p7l4x1-351","_links":{"self":[{"href":"https:\/\/municipales.org.ar\/festram\/wp-json\/wp\/v2\/posts\/11843","targetHints":{"allow":["GET"]}}],"collection":[{"href":"https:\/\/municipales.org.ar\/festram\/wp-json\/wp\/v2\/posts"}],"about":[{"href":"https:\/\/municipales.org.ar\/festram\/wp-json\/wp\/v2\/types\/post"}],"author":[{"embeddable":true,"href":"https:\/\/municipales.org.ar\/festram\/wp-json\/wp\/v2\/users\/1"}],"replies":[{"embeddable":true,"href":"https:\/\/municipales.org.ar\/festram\/wp-json\/wp\/v2\/comments?post=11843"}],"version-history":[{"count":1,"href":"https:\/\/municipales.org.ar\/festram\/wp-json\/wp\/v2\/posts\/11843\/revisions"}],"predecessor-version":[{"id":11845,"href":"https:\/\/municipales.org.ar\/festram\/wp-json\/wp\/v2\/posts\/11843\/revisions\/11845"}],"wp:featuredmedia":[{"embeddable":true,"href":"https:\/\/municipales.org.ar\/festram\/wp-json\/wp\/v2\/media\/11844"}],"wp:attachment":[{"href":"https:\/\/municipales.org.ar\/festram\/wp-json\/wp\/v2\/media?parent=11843"}],"wp:term":[{"taxonomy":"category","embeddable":true,"href":"https:\/\/municipales.org.ar\/festram\/wp-json\/wp\/v2\/categories?post=11843"},{"taxonomy":"post_tag","embeddable":true,"href":"https:\/\/municipales.org.ar\/festram\/wp-json\/wp\/v2\/tags?post=11843"}],"curies":[{"name":"wp","href":"https:\/\/api.w.org\/{rel}","templated":true}]}}