{"id":11846,"date":"2017-03-03T14:12:40","date_gmt":"2017-03-03T17:12:40","guid":{"rendered":"http:\/\/www.municipales.org.ar\/festram\/?p=11846"},"modified":"2017-03-11T17:29:15","modified_gmt":"2017-03-11T20:29:15","slug":"propuesta-insuficiente-la-paritaria-municipal","status":"publish","type":"post","link":"https:\/\/municipales.org.ar\/festram\/propuesta-insuficiente-la-paritaria-municipal\/","title":{"rendered":"Propuesta insuficiente en la Paritaria Municipal"},"content":{"rendered":"<h4>Sin oferta superadora, los Municipales paran el 9 de marzo.<\/h4>\n<p>&nbsp;<\/p>\n<p>En dependencias de la Secretar\u00eda de Regiones, Municipios y Comunas se reuni\u00f3 la Paritaria Municipal para dar continuidad a las tard\u00edas negociaciones iniciadas en el corriente a\u00f1o.<\/p>\n<p>Los representantes de los Intendentes y Presidentes Comunales realizaron una propuesta de aumento salarial del 19,5% pagadera en dos cuotas: 10% a partir de marzo y el 9,5% restante desde el mes de julio del presente a\u00f1o.<\/p>\n<p>Al ser la misma insuficiente ante la p\u00e9rdida real del poder adquisitivo de los trabajadores, FESTRAM ratifica el Plan de Lucha aprobado el pasado jueves por el Plenario de Secretarios Generales que entre otras medidas establece un paro de 24 horas para el jueves 9 de marzo; resoluci\u00f3n \u00e9sta que se mantendr\u00e1 hasta tanto no haya una propuesta superadora.<\/p>\n<h6>Prensa FESTRAM<\/h6>\n<p>[srizonfbalbum id=50]<br \/>\n<a href=\"https:\/\/www.facebook.com\/media\/set\/?set=a.1402962139767699.1073741908.117916918272234&amp;type=1&amp;l=0b5780aa6e\" target=\"_blank\">M\u00e1s fotos en la P\u00e1gina de FESTRAM en Facebook<\/a><\/p>\n","protected":false},"excerpt":{"rendered":"<p>Sin oferta superadora, los Municipales paran el 9 de marzo.<\/p>\n","protected":false},"author":1,"featured_media":11847,"comment_status":"closed","ping_status":"closed","sticky":false,"template":"","format":"standard","meta":{"_jetpack_memberships_contains_paid_content":false,"footnotes":"","jetpack_publicize_message":"Propuesta insuficiente en la Paritaria Municipal","jetpack_publicize_feature_enabled":true,"jetpack_social_post_already_shared":true,"jetpack_social_options":{"image_generator_settings":{"template":"highway","default_image_id":0,"font":"","enabled":false},"version":2}},"categories":[159],"tags":[41,69],"class_list":["post-11846","post","type-post","status-publish","format-standard","has-post-thumbnail","hentry","category-comunicados-2017","tag-paritaria","tag-politica-salarial"],"yoast_head":"<!-- This site is optimized with the Yoast SEO plugin v25.9 - https:\/\/yoast.com\/wordpress\/plugins\/seo\/ -->\n<title>Propuesta insuficiente en la Paritaria Municipal &#8211; FESTRAM<\/title>\n<meta name=\"description\" content=\"Sin oferta superadora, los Municipales paran el 9 de marzo.\" \/>\n<meta name=\"robots\" content=\"index, follow, max-snippet:-1, max-image-preview:large, max-video-preview:-1\" \/>\n<link rel=\"canonical\" href=\"https:\/\/municipales.org.ar\/festram\/propuesta-insuficiente-la-paritaria-municipal\/\" \/>\n<meta property=\"og:locale\" content=\"es_ES\" \/>\n<meta property=\"og:type\" content=\"article\" \/>\n<meta property=\"og:title\" content=\"Propuesta insuficiente en la Paritaria Municipal &#8211; FESTRAM\" \/>\n<meta property=\"og:description\" content=\"Sin oferta superadora, los Municipales paran el 9 de marzo.\" \/>\n<meta property=\"og:url\" content=\"https:\/\/municipales.org.ar\/festram\/propuesta-insuficiente-la-paritaria-municipal\/\" \/>\n<meta property=\"og:site_name\" content=\"FESTRAM\" \/>\n<meta property=\"article:publisher\" content=\"https:\/\/www.facebook.com\/MunicipalesSF\" \/>\n<meta property=\"article:published_time\" content=\"2017-03-03T17:12:40+00:00\" \/>\n<meta property=\"article:modified_time\" content=\"2017-03-11T20:29:15+00:00\" \/>\n<meta property=\"og:image\" content=\"https:\/\/municipales.org.ar\/festram\/wp-content\/uploads\/2017\/03\/20170303-paritaria004.jpg\" \/>\n\t<meta property=\"og:image:width\" content=\"1805\" \/>\n\t<meta property=\"og:image:height\" content=\"1205\" \/>\n\t<meta property=\"og:image:type\" content=\"image\/jpeg\" \/>\n<meta name=\"author\" content=\"mun_admin\" \/>\n<meta name=\"twitter:card\" content=\"summary_large_image\" \/>\n<meta name=\"twitter:image\" content=\"http:\/\/www.municipales.org.ar\/festram\/wp-content\/uploads\/2017\/03\/20170303-paritaria004.jpg\" \/>\n<meta name=\"twitter:creator\" content=\"@MunicipalesSF\" \/>\n<meta name=\"twitter:site\" content=\"@MunicipalesSF\" \/>\n<meta name=\"twitter:label1\" content=\"Escrito por\" \/>\n\t<meta name=\"twitter:data1\" content=\"mun_admin\" \/>\n\t<meta name=\"twitter:label2\" content=\"Tiempo de lectura\" \/>\n\t<meta name=\"twitter:data2\" content=\"1 minuto\" \/>\n<script type=\"application\/ld+json\" class=\"yoast-schema-graph\">{\"@context\":\"https:\/\/schema.org\",\"@graph\":[{\"@type\":\"Article\",\"@id\":\"https:\/\/municipales.org.ar\/festram\/propuesta-insuficiente-la-paritaria-municipal\/#article\",\"isPartOf\":{\"@id\":\"https:\/\/municipales.org.ar\/festram\/propuesta-insuficiente-la-paritaria-municipal\/\"},\"author\":{\"name\":\"mun_admin\",\"@id\":\"https:\/\/municipales.org.ar\/festram\/#\/schema\/person\/49096a774c48ce9063df4d59ec059f9e\"},\"headline\":\"Propuesta insuficiente en la Paritaria Municipal\",\"datePublished\":\"2017-03-03T17:12:40+00:00\",\"dateModified\":\"2017-03-11T20:29:15+00:00\",\"mainEntityOfPage\":{\"@id\":\"https:\/\/municipales.org.ar\/festram\/propuesta-insuficiente-la-paritaria-municipal\/\"},\"wordCount\":155,\"publisher\":{\"@id\":\"https:\/\/municipales.org.ar\/festram\/#organization\"},\"image\":{\"@id\":\"https:\/\/municipales.org.ar\/festram\/propuesta-insuficiente-la-paritaria-municipal\/#primaryimage\"},\"thumbnailUrl\":\"https:\/\/municipales.org.ar\/festram\/wp-content\/uploads\/2017\/03\/20170303-paritaria004.jpg\",\"keywords\":[\"paritaria\",\"pol\u00edtica salarial\"],\"articleSection\":[\"Comunicados 2017\"],\"inLanguage\":\"es\"},{\"@type\":\"WebPage\",\"@id\":\"https:\/\/municipales.org.ar\/festram\/propuesta-insuficiente-la-paritaria-municipal\/\",\"url\":\"https:\/\/municipales.org.ar\/festram\/propuesta-insuficiente-la-paritaria-municipal\/\",\"name\":\"Propuesta insuficiente en la Paritaria Municipal &#8211; FESTRAM\",\"isPartOf\":{\"@id\":\"https:\/\/municipales.org.ar\/festram\/#website\"},\"primaryImageOfPage\":{\"@id\":\"https:\/\/municipales.org.ar\/festram\/propuesta-insuficiente-la-paritaria-municipal\/#primaryimage\"},\"image\":{\"@id\":\"https:\/\/municipales.org.ar\/festram\/propuesta-insuficiente-la-paritaria-municipal\/#primaryimage\"},\"thumbnailUrl\":\"https:\/\/municipales.org.ar\/festram\/wp-content\/uploads\/2017\/03\/20170303-paritaria004.jpg\",\"datePublished\":\"2017-03-03T17:12:40+00:00\",\"dateModified\":\"2017-03-11T20:29:15+00:00\",\"description\":\"Sin oferta superadora, los Municipales paran el 9 de marzo.\",\"breadcrumb\":{\"@id\":\"https:\/\/municipales.org.ar\/festram\/propuesta-insuficiente-la-paritaria-municipal\/#breadcrumb\"},\"inLanguage\":\"es\",\"potentialAction\":[{\"@type\":\"ReadAction\",\"target\":[\"https:\/\/municipales.org.ar\/festram\/propuesta-insuficiente-la-paritaria-municipal\/\"]}]},{\"@type\":\"ImageObject\",\"inLanguage\":\"es\",\"@id\":\"https:\/\/municipales.org.ar\/festram\/propuesta-insuficiente-la-paritaria-municipal\/#primaryimage\",\"url\":\"https:\/\/municipales.org.ar\/festram\/wp-content\/uploads\/2017\/03\/20170303-paritaria004.jpg\",\"contentUrl\":\"https:\/\/municipales.org.ar\/festram\/wp-content\/uploads\/2017\/03\/20170303-paritaria004.jpg\",\"width\":1805,\"height\":1205},{\"@type\":\"BreadcrumbList\",\"@id\":\"https:\/\/municipales.org.ar\/festram\/propuesta-insuficiente-la-paritaria-municipal\/#breadcrumb\",\"itemListElement\":[{\"@type\":\"ListItem\",\"position\":1,\"name\":\"Portada\",\"item\":\"https:\/\/municipales.org.ar\/festram\/\"},{\"@type\":\"ListItem\",\"position\":2,\"name\":\"Propuesta insuficiente en la Paritaria Municipal\"}]},{\"@type\":\"WebSite\",\"@id\":\"https:\/\/municipales.org.ar\/festram\/#website\",\"url\":\"https:\/\/municipales.org.ar\/festram\/\",\"name\":\"FESTRAM\",\"description\":\"La web de los trabajadores municipales\",\"publisher\":{\"@id\":\"https:\/\/municipales.org.ar\/festram\/#organization\"},\"potentialAction\":[{\"@type\":\"SearchAction\",\"target\":{\"@type\":\"EntryPoint\",\"urlTemplate\":\"https:\/\/municipales.org.ar\/festram\/?s={search_term_string}\"},\"query-input\":{\"@type\":\"PropertyValueSpecification\",\"valueRequired\":true,\"valueName\":\"search_term_string\"}}],\"inLanguage\":\"es\"},{\"@type\":\"Organization\",\"@id\":\"https:\/\/municipales.org.ar\/festram\/#organization\",\"name\":\"Federaci\u00f3n de Sindicatos de Trabajadores Municipales de la Provincia de Santa Fe\",\"url\":\"https:\/\/municipales.org.ar\/festram\/\",\"logo\":{\"@type\":\"ImageObject\",\"inLanguage\":\"es\",\"@id\":\"https:\/\/municipales.org.ar\/festram\/#\/schema\/logo\/image\/\",\"url\":\"https:\/\/www.municipales.org.ar\/festram\/wp-content\/uploads\/2014\/07\/logo_fes.jpg\",\"contentUrl\":\"https:\/\/www.municipales.org.ar\/festram\/wp-content\/uploads\/2014\/07\/logo_fes.jpg\",\"width\":661,\"height\":673,\"caption\":\"Federaci\u00f3n de Sindicatos de Trabajadores Municipales de la Provincia de Santa Fe\"},\"image\":{\"@id\":\"https:\/\/municipales.org.ar\/festram\/#\/schema\/logo\/image\/\"},\"sameAs\":[\"https:\/\/www.facebook.com\/MunicipalesSF\",\"https:\/\/x.com\/MunicipalesSF\",\"https:\/\/www.youtube.com\/user\/festram\"]},{\"@type\":\"Person\",\"@id\":\"https:\/\/municipales.org.ar\/festram\/#\/schema\/person\/49096a774c48ce9063df4d59ec059f9e\",\"name\":\"mun_admin\"}]}<\/script>\n<!-- \/ Yoast SEO plugin. -->","yoast_head_json":{"title":"Propuesta insuficiente en la Paritaria Municipal &#8211; FESTRAM","description":"Sin oferta superadora, los Municipales paran el 9 de marzo.","robots":{"index":"index","follow":"follow","max-snippet":"max-snippet:-1","max-image-preview":"max-image-preview:large","max-video-preview":"max-video-preview:-1"},"canonical":"https:\/\/municipales.org.ar\/festram\/propuesta-insuficiente-la-paritaria-municipal\/","og_locale":"es_ES","og_type":"article","og_title":"Propuesta insuficiente en la Paritaria Municipal &#8211; FESTRAM","og_description":"Sin oferta superadora, los Municipales paran el 9 de marzo.","og_url":"https:\/\/municipales.org.ar\/festram\/propuesta-insuficiente-la-paritaria-municipal\/","og_site_name":"FESTRAM","article_publisher":"https:\/\/www.facebook.com\/MunicipalesSF","article_published_time":"2017-03-03T17:12:40+00:00","article_modified_time":"2017-03-11T20:29:15+00:00","og_image":[{"width":1805,"height":1205,"url":"https:\/\/municipales.org.ar\/festram\/wp-content\/uploads\/2017\/03\/20170303-paritaria004.jpg","type":"image\/jpeg"}],"author":"mun_admin","twitter_card":"summary_large_image","twitter_image":"http:\/\/www.municipales.org.ar\/festram\/wp-content\/uploads\/2017\/03\/20170303-paritaria004.jpg","twitter_creator":"@MunicipalesSF","twitter_site":"@MunicipalesSF","twitter_misc":{"Escrito por":"mun_admin","Tiempo de lectura":"1 minuto"},"schema":{"@context":"https:\/\/schema.org","@graph":[{"@type":"Article","@id":"https:\/\/municipales.org.ar\/festram\/propuesta-insuficiente-la-paritaria-municipal\/#article","isPartOf":{"@id":"https:\/\/municipales.org.ar\/festram\/propuesta-insuficiente-la-paritaria-municipal\/"},"author":{"name":"mun_admin","@id":"https:\/\/municipales.org.ar\/festram\/#\/schema\/person\/49096a774c48ce9063df4d59ec059f9e"},"headline":"Propuesta insuficiente en la Paritaria Municipal","datePublished":"2017-03-03T17:12:40+00:00","dateModified":"2017-03-11T20:29:15+00:00","mainEntityOfPage":{"@id":"https:\/\/municipales.org.ar\/festram\/propuesta-insuficiente-la-paritaria-municipal\/"},"wordCount":155,"publisher":{"@id":"https:\/\/municipales.org.ar\/festram\/#organization"},"image":{"@id":"https:\/\/municipales.org.ar\/festram\/propuesta-insuficiente-la-paritaria-municipal\/#primaryimage"},"thumbnailUrl":"https:\/\/municipales.org.ar\/festram\/wp-content\/uploads\/2017\/03\/20170303-paritaria004.jpg","keywords":["paritaria","pol\u00edtica salarial"],"articleSection":["Comunicados 2017"],"inLanguage":"es"},{"@type":"WebPage","@id":"https:\/\/municipales.org.ar\/festram\/propuesta-insuficiente-la-paritaria-municipal\/","url":"https:\/\/municipales.org.ar\/festram\/propuesta-insuficiente-la-paritaria-municipal\/","name":"Propuesta insuficiente en la Paritaria Municipal &#8211; FESTRAM","isPartOf":{"@id":"https:\/\/municipales.org.ar\/festram\/#website"},"primaryImageOfPage":{"@id":"https:\/\/municipales.org.ar\/festram\/propuesta-insuficiente-la-paritaria-municipal\/#primaryimage"},"image":{"@id":"https:\/\/municipales.org.ar\/festram\/propuesta-insuficiente-la-paritaria-municipal\/#primaryimage"},"thumbnailUrl":"https:\/\/municipales.org.ar\/festram\/wp-content\/uploads\/2017\/03\/20170303-paritaria004.jpg","datePublished":"2017-03-03T17:12:40+00:00","dateModified":"2017-03-11T20:29:15+00:00","description":"Sin oferta superadora, los Municipales paran el 9 de marzo.","breadcrumb":{"@id":"https:\/\/municipales.org.ar\/festram\/propuesta-insuficiente-la-paritaria-municipal\/#breadcrumb"},"inLanguage":"es","potentialAction":[{"@type":"ReadAction","target":["https:\/\/municipales.org.ar\/festram\/propuesta-insuficiente-la-paritaria-municipal\/"]}]},{"@type":"ImageObject","inLanguage":"es","@id":"https:\/\/municipales.org.ar\/festram\/propuesta-insuficiente-la-paritaria-municipal\/#primaryimage","url":"https:\/\/municipales.org.ar\/festram\/wp-content\/uploads\/2017\/03\/20170303-paritaria004.jpg","contentUrl":"https:\/\/municipales.org.ar\/festram\/wp-content\/uploads\/2017\/03\/20170303-paritaria004.jpg","width":1805,"height":1205},{"@type":"BreadcrumbList","@id":"https:\/\/municipales.org.ar\/festram\/propuesta-insuficiente-la-paritaria-municipal\/#breadcrumb","itemListElement":[{"@type":"ListItem","position":1,"name":"Portada","item":"https:\/\/municipales.org.ar\/festram\/"},{"@type":"ListItem","position":2,"name":"Propuesta insuficiente en la Paritaria Municipal"}]},{"@type":"WebSite","@id":"https:\/\/municipales.org.ar\/festram\/#website","url":"https:\/\/municipales.org.ar\/festram\/","name":"FESTRAM","description":"La web de los trabajadores municipales","publisher":{"@id":"https:\/\/municipales.org.ar\/festram\/#organization"},"potentialAction":[{"@type":"SearchAction","target":{"@type":"EntryPoint","urlTemplate":"https:\/\/municipales.org.ar\/festram\/?s={search_term_string}"},"query-input":{"@type":"PropertyValueSpecification","valueRequired":true,"valueName":"search_term_string"}}],"inLanguage":"es"},{"@type":"Organization","@id":"https:\/\/municipales.org.ar\/festram\/#organization","name":"Federaci\u00f3n de Sindicatos de Trabajadores Municipales de la Provincia de Santa Fe","url":"https:\/\/municipales.org.ar\/festram\/","logo":{"@type":"ImageObject","inLanguage":"es","@id":"https:\/\/municipales.org.ar\/festram\/#\/schema\/logo\/image\/","url":"https:\/\/www.municipales.org.ar\/festram\/wp-content\/uploads\/2014\/07\/logo_fes.jpg","contentUrl":"https:\/\/www.municipales.org.ar\/festram\/wp-content\/uploads\/2014\/07\/logo_fes.jpg","width":661,"height":673,"caption":"Federaci\u00f3n de Sindicatos de Trabajadores Municipales de la Provincia de Santa Fe"},"image":{"@id":"https:\/\/municipales.org.ar\/festram\/#\/schema\/logo\/image\/"},"sameAs":["https:\/\/www.facebook.com\/MunicipalesSF","https:\/\/x.com\/MunicipalesSF","https:\/\/www.youtube.com\/user\/festram"]},{"@type":"Person","@id":"https:\/\/municipales.org.ar\/festram\/#\/schema\/person\/49096a774c48ce9063df4d59ec059f9e","name":"mun_admin"}]}},"jetpack_publicize_connections":[],"jetpack_featured_media_url":"https:\/\/municipales.org.ar\/festram\/wp-content\/uploads\/2017\/03\/20170303-paritaria004.jpg","jetpack_sharing_enabled":true,"jetpack_likes_enabled":false,"jetpack_shortlink":"https:\/\/wp.me\/p7l4x1-354","_links":{"self":[{"href":"https:\/\/municipales.org.ar\/festram\/wp-json\/wp\/v2\/posts\/11846","targetHints":{"allow":["GET"]}}],"collection":[{"href":"https:\/\/municipales.org.ar\/festram\/wp-json\/wp\/v2\/posts"}],"about":[{"href":"https:\/\/municipales.org.ar\/festram\/wp-json\/wp\/v2\/types\/post"}],"author":[{"embeddable":true,"href":"https:\/\/municipales.org.ar\/festram\/wp-json\/wp\/v2\/users\/1"}],"replies":[{"embeddable":true,"href":"https:\/\/municipales.org.ar\/festram\/wp-json\/wp\/v2\/comments?post=11846"}],"version-history":[{"count":2,"href":"https:\/\/municipales.org.ar\/festram\/wp-json\/wp\/v2\/posts\/11846\/revisions"}],"predecessor-version":[{"id":11849,"href":"https:\/\/municipales.org.ar\/festram\/wp-json\/wp\/v2\/posts\/11846\/revisions\/11849"}],"wp:featuredmedia":[{"embeddable":true,"href":"https:\/\/municipales.org.ar\/festram\/wp-json\/wp\/v2\/media\/11847"}],"wp:attachment":[{"href":"https:\/\/municipales.org.ar\/festram\/wp-json\/wp\/v2\/media?parent=11846"}],"wp:term":[{"taxonomy":"category","embeddable":true,"href":"https:\/\/municipales.org.ar\/festram\/wp-json\/wp\/v2\/categories?post=11846"},{"taxonomy":"post_tag","embeddable":true,"href":"https:\/\/municipales.org.ar\/festram\/wp-json\/wp\/v2\/tags?post=11846"}],"curies":[{"name":"wp","href":"https:\/\/api.w.org\/{rel}","templated":true}]}}