{"id":11894,"date":"2017-03-10T13:52:59","date_gmt":"2017-03-10T16:52:59","guid":{"rendered":"http:\/\/www.municipales.org.ar\/festram\/?p=11894"},"modified":"2017-03-13T14:19:40","modified_gmt":"2017-03-13T17:19:40","slug":"municipales-ratifican-paro-48-horas","status":"publish","type":"post","link":"https:\/\/municipales.org.ar\/festram\/municipales-ratifican-paro-48-horas\/","title":{"rendered":"Municipales ratifican paro de 48 horas"},"content":{"rendered":"<h4>FESTRAM convoc\u00f3 el lunes al Plenario de Secretarios Generales para evaluar la continuidad del Plan de Lucha<\/h4>\n<p>&nbsp;<\/p>\n<p>[soundcloud url=\u00bbhttps:\/\/api.soundcloud.com\/tracks\/311560095&#8243; params=\u00bbcolor=ff5500&amp;auto_play=false&amp;hide_related=false&amp;show_comments=true&amp;show_user=true&amp;show_reposts=false\u00bb width=\u00bb100%\u00bb height=\u00bb166&#8243; iframe=\u00bbtrue\u00bb \/]<\/p>\n<p>&nbsp;<\/p>\n<p>Ante la falta de convocatoria al di\u00e1logo para obtener una propuesta superadora que contemple el desfasaje entre inflaci\u00f3n y salarios del a\u00f1o 2016 y una justa pol\u00edtica salarial para el 2017, FESTRAM ratifica el paro de 48 horas para los d\u00edas 14 y 15 del corriente mes en todo el territorio provincial.<\/p>\n<p>A su vez, convoca para el pr\u00f3ximo lunes 13 de marzo a un Plenario de Secretarios Generales para analizar la continuidad del Plan de Lucha que se est\u00e1 llevando adelante con total apoyo de los Trabajadores Municipales y Comunales, como qued\u00f3 demostrado masivamente ante la medida de fuerza concretada el pasado d\u00eda 9.<\/p>\n<p>En la oportunidad, tambi\u00e9n se evaluar\u00e1n los hechos producidos en aquellas localidades donde algunos Intendentes -intentando quebrar la actitud de los trabajadores en el ejercicio del derecho constitucional a la huelga- han recurrido a amenazas de sanciones, descuentos de d\u00edas y presentismo, incentivos econ\u00f3micos para intentar diezmar el Plan de Lucha o enfrentando a los trabajadores sindicalizados forzando a los eventuales a remplazarlos en sus tareas.<\/p>\n<h6>Prensa FESTRAM<\/h6>\n","protected":false},"excerpt":{"rendered":"<p>FESTRAM convoc\u00f3 el lunes al Plenario de Secretarios Generales para evaluar la continuidad del Plan de Lucha<\/p>\n","protected":false},"author":1,"featured_media":11896,"comment_status":"closed","ping_status":"closed","sticky":false,"template":"","format":"standard","meta":{"_jetpack_memberships_contains_paid_content":false,"footnotes":"","jetpack_publicize_message":"Municipales ratifican paro de 48 horas","jetpack_publicize_feature_enabled":true,"jetpack_social_post_already_shared":true,"jetpack_social_options":{"image_generator_settings":{"template":"highway","default_image_id":0,"font":"","enabled":false},"version":2}},"categories":[159],"tags":[71,41,69],"class_list":["post-11894","post","type-post","status-publish","format-standard","has-post-thumbnail","hentry","category-comunicados-2017","tag-medidas-de-fuerza","tag-paritaria","tag-politica-salarial"],"yoast_head":"<!-- This site is optimized with the Yoast SEO plugin v25.9 - https:\/\/yoast.com\/wordpress\/plugins\/seo\/ -->\n<title>Municipales ratifican paro de 48 horas &#8211; FESTRAM<\/title>\n<meta name=\"description\" content=\"FESTRAM convoc\u00f3 el lunes al Plenario de Secretarios Generales para evaluar la continuidad del Plan de Lucha\" \/>\n<meta name=\"robots\" content=\"index, follow, max-snippet:-1, max-image-preview:large, max-video-preview:-1\" \/>\n<link rel=\"canonical\" href=\"https:\/\/municipales.org.ar\/festram\/municipales-ratifican-paro-48-horas\/\" \/>\n<meta property=\"og:locale\" content=\"es_ES\" \/>\n<meta property=\"og:type\" content=\"article\" \/>\n<meta property=\"og:title\" content=\"Municipales ratifican paro de 48 horas &#8211; FESTRAM\" \/>\n<meta property=\"og:description\" content=\"FESTRAM convoc\u00f3 el lunes al Plenario de Secretarios Generales para evaluar la continuidad del Plan de Lucha\" \/>\n<meta property=\"og:url\" content=\"https:\/\/municipales.org.ar\/festram\/municipales-ratifican-paro-48-horas\/\" \/>\n<meta property=\"og:site_name\" content=\"FESTRAM\" \/>\n<meta property=\"article:publisher\" content=\"https:\/\/www.facebook.com\/MunicipalesSF\" \/>\n<meta property=\"article:published_time\" content=\"2017-03-10T16:52:59+00:00\" \/>\n<meta property=\"article:modified_time\" content=\"2017-03-13T17:19:40+00:00\" \/>\n<meta property=\"og:image\" content=\"https:\/\/municipales.org.ar\/festram\/wp-content\/uploads\/2017\/03\/roldan-17190770_1426315804056663_2568711660908170547_n-1.jpg\" \/>\n\t<meta property=\"og:image:width\" content=\"960\" \/>\n\t<meta property=\"og:image:height\" content=\"540\" \/>\n\t<meta property=\"og:image:type\" content=\"image\/jpeg\" \/>\n<meta name=\"author\" content=\"mun_admin\" \/>\n<meta name=\"twitter:card\" content=\"summary_large_image\" \/>\n<meta name=\"twitter:image\" content=\"http:\/\/www.municipales.org.ar\/festram\/wp-content\/uploads\/2017\/03\/roldan-17190770_1426315804056663_2568711660908170547_n-1.jpg\" \/>\n<meta name=\"twitter:creator\" content=\"@MunicipalesSF\" \/>\n<meta name=\"twitter:site\" content=\"@MunicipalesSF\" \/>\n<meta name=\"twitter:label1\" content=\"Escrito por\" \/>\n\t<meta name=\"twitter:data1\" content=\"mun_admin\" \/>\n\t<meta name=\"twitter:label2\" content=\"Tiempo de lectura\" \/>\n\t<meta name=\"twitter:data2\" content=\"1 minuto\" \/>\n<script type=\"application\/ld+json\" class=\"yoast-schema-graph\">{\"@context\":\"https:\/\/schema.org\",\"@graph\":[{\"@type\":\"Article\",\"@id\":\"https:\/\/municipales.org.ar\/festram\/municipales-ratifican-paro-48-horas\/#article\",\"isPartOf\":{\"@id\":\"https:\/\/municipales.org.ar\/festram\/municipales-ratifican-paro-48-horas\/\"},\"author\":{\"name\":\"mun_admin\",\"@id\":\"https:\/\/municipales.org.ar\/festram\/#\/schema\/person\/49096a774c48ce9063df4d59ec059f9e\"},\"headline\":\"Municipales ratifican paro de 48 horas\",\"datePublished\":\"2017-03-10T16:52:59+00:00\",\"dateModified\":\"2017-03-13T17:19:40+00:00\",\"mainEntityOfPage\":{\"@id\":\"https:\/\/municipales.org.ar\/festram\/municipales-ratifican-paro-48-horas\/\"},\"wordCount\":235,\"publisher\":{\"@id\":\"https:\/\/municipales.org.ar\/festram\/#organization\"},\"image\":{\"@id\":\"https:\/\/municipales.org.ar\/festram\/municipales-ratifican-paro-48-horas\/#primaryimage\"},\"thumbnailUrl\":\"https:\/\/municipales.org.ar\/festram\/wp-content\/uploads\/2017\/03\/roldan-17190770_1426315804056663_2568711660908170547_n-1.jpg\",\"keywords\":[\"medidas de fuerza\",\"paritaria\",\"pol\u00edtica salarial\"],\"articleSection\":[\"Comunicados 2017\"],\"inLanguage\":\"es\"},{\"@type\":\"WebPage\",\"@id\":\"https:\/\/municipales.org.ar\/festram\/municipales-ratifican-paro-48-horas\/\",\"url\":\"https:\/\/municipales.org.ar\/festram\/municipales-ratifican-paro-48-horas\/\",\"name\":\"Municipales ratifican paro de 48 horas &#8211; FESTRAM\",\"isPartOf\":{\"@id\":\"https:\/\/municipales.org.ar\/festram\/#website\"},\"primaryImageOfPage\":{\"@id\":\"https:\/\/municipales.org.ar\/festram\/municipales-ratifican-paro-48-horas\/#primaryimage\"},\"image\":{\"@id\":\"https:\/\/municipales.org.ar\/festram\/municipales-ratifican-paro-48-horas\/#primaryimage\"},\"thumbnailUrl\":\"https:\/\/municipales.org.ar\/festram\/wp-content\/uploads\/2017\/03\/roldan-17190770_1426315804056663_2568711660908170547_n-1.jpg\",\"datePublished\":\"2017-03-10T16:52:59+00:00\",\"dateModified\":\"2017-03-13T17:19:40+00:00\",\"description\":\"FESTRAM convoc\u00f3 el lunes al Plenario de Secretarios Generales para evaluar la continuidad del Plan de Lucha\",\"breadcrumb\":{\"@id\":\"https:\/\/municipales.org.ar\/festram\/municipales-ratifican-paro-48-horas\/#breadcrumb\"},\"inLanguage\":\"es\",\"potentialAction\":[{\"@type\":\"ReadAction\",\"target\":[\"https:\/\/municipales.org.ar\/festram\/municipales-ratifican-paro-48-horas\/\"]}]},{\"@type\":\"ImageObject\",\"inLanguage\":\"es\",\"@id\":\"https:\/\/municipales.org.ar\/festram\/municipales-ratifican-paro-48-horas\/#primaryimage\",\"url\":\"https:\/\/municipales.org.ar\/festram\/wp-content\/uploads\/2017\/03\/roldan-17190770_1426315804056663_2568711660908170547_n-1.jpg\",\"contentUrl\":\"https:\/\/municipales.org.ar\/festram\/wp-content\/uploads\/2017\/03\/roldan-17190770_1426315804056663_2568711660908170547_n-1.jpg\",\"width\":960,\"height\":540},{\"@type\":\"BreadcrumbList\",\"@id\":\"https:\/\/municipales.org.ar\/festram\/municipales-ratifican-paro-48-horas\/#breadcrumb\",\"itemListElement\":[{\"@type\":\"ListItem\",\"position\":1,\"name\":\"Portada\",\"item\":\"https:\/\/municipales.org.ar\/festram\/\"},{\"@type\":\"ListItem\",\"position\":2,\"name\":\"Municipales ratifican paro de 48 horas\"}]},{\"@type\":\"WebSite\",\"@id\":\"https:\/\/municipales.org.ar\/festram\/#website\",\"url\":\"https:\/\/municipales.org.ar\/festram\/\",\"name\":\"FESTRAM\",\"description\":\"La web de los trabajadores municipales\",\"publisher\":{\"@id\":\"https:\/\/municipales.org.ar\/festram\/#organization\"},\"potentialAction\":[{\"@type\":\"SearchAction\",\"target\":{\"@type\":\"EntryPoint\",\"urlTemplate\":\"https:\/\/municipales.org.ar\/festram\/?s={search_term_string}\"},\"query-input\":{\"@type\":\"PropertyValueSpecification\",\"valueRequired\":true,\"valueName\":\"search_term_string\"}}],\"inLanguage\":\"es\"},{\"@type\":\"Organization\",\"@id\":\"https:\/\/municipales.org.ar\/festram\/#organization\",\"name\":\"Federaci\u00f3n de Sindicatos de Trabajadores Municipales de la Provincia de Santa Fe\",\"url\":\"https:\/\/municipales.org.ar\/festram\/\",\"logo\":{\"@type\":\"ImageObject\",\"inLanguage\":\"es\",\"@id\":\"https:\/\/municipales.org.ar\/festram\/#\/schema\/logo\/image\/\",\"url\":\"https:\/\/www.municipales.org.ar\/festram\/wp-content\/uploads\/2014\/07\/logo_fes.jpg\",\"contentUrl\":\"https:\/\/www.municipales.org.ar\/festram\/wp-content\/uploads\/2014\/07\/logo_fes.jpg\",\"width\":661,\"height\":673,\"caption\":\"Federaci\u00f3n de Sindicatos de Trabajadores Municipales de la Provincia de Santa Fe\"},\"image\":{\"@id\":\"https:\/\/municipales.org.ar\/festram\/#\/schema\/logo\/image\/\"},\"sameAs\":[\"https:\/\/www.facebook.com\/MunicipalesSF\",\"https:\/\/x.com\/MunicipalesSF\",\"https:\/\/www.youtube.com\/user\/festram\"]},{\"@type\":\"Person\",\"@id\":\"https:\/\/municipales.org.ar\/festram\/#\/schema\/person\/49096a774c48ce9063df4d59ec059f9e\",\"name\":\"mun_admin\"}]}<\/script>\n<!-- \/ Yoast SEO plugin. -->","yoast_head_json":{"title":"Municipales ratifican paro de 48 horas &#8211; FESTRAM","description":"FESTRAM convoc\u00f3 el lunes al Plenario de Secretarios Generales para evaluar la continuidad del Plan de Lucha","robots":{"index":"index","follow":"follow","max-snippet":"max-snippet:-1","max-image-preview":"max-image-preview:large","max-video-preview":"max-video-preview:-1"},"canonical":"https:\/\/municipales.org.ar\/festram\/municipales-ratifican-paro-48-horas\/","og_locale":"es_ES","og_type":"article","og_title":"Municipales ratifican paro de 48 horas &#8211; FESTRAM","og_description":"FESTRAM convoc\u00f3 el lunes al Plenario de Secretarios Generales para evaluar la continuidad del Plan de Lucha","og_url":"https:\/\/municipales.org.ar\/festram\/municipales-ratifican-paro-48-horas\/","og_site_name":"FESTRAM","article_publisher":"https:\/\/www.facebook.com\/MunicipalesSF","article_published_time":"2017-03-10T16:52:59+00:00","article_modified_time":"2017-03-13T17:19:40+00:00","og_image":[{"width":960,"height":540,"url":"https:\/\/municipales.org.ar\/festram\/wp-content\/uploads\/2017\/03\/roldan-17190770_1426315804056663_2568711660908170547_n-1.jpg","type":"image\/jpeg"}],"author":"mun_admin","twitter_card":"summary_large_image","twitter_image":"http:\/\/www.municipales.org.ar\/festram\/wp-content\/uploads\/2017\/03\/roldan-17190770_1426315804056663_2568711660908170547_n-1.jpg","twitter_creator":"@MunicipalesSF","twitter_site":"@MunicipalesSF","twitter_misc":{"Escrito por":"mun_admin","Tiempo de lectura":"1 minuto"},"schema":{"@context":"https:\/\/schema.org","@graph":[{"@type":"Article","@id":"https:\/\/municipales.org.ar\/festram\/municipales-ratifican-paro-48-horas\/#article","isPartOf":{"@id":"https:\/\/municipales.org.ar\/festram\/municipales-ratifican-paro-48-horas\/"},"author":{"name":"mun_admin","@id":"https:\/\/municipales.org.ar\/festram\/#\/schema\/person\/49096a774c48ce9063df4d59ec059f9e"},"headline":"Municipales ratifican paro de 48 horas","datePublished":"2017-03-10T16:52:59+00:00","dateModified":"2017-03-13T17:19:40+00:00","mainEntityOfPage":{"@id":"https:\/\/municipales.org.ar\/festram\/municipales-ratifican-paro-48-horas\/"},"wordCount":235,"publisher":{"@id":"https:\/\/municipales.org.ar\/festram\/#organization"},"image":{"@id":"https:\/\/municipales.org.ar\/festram\/municipales-ratifican-paro-48-horas\/#primaryimage"},"thumbnailUrl":"https:\/\/municipales.org.ar\/festram\/wp-content\/uploads\/2017\/03\/roldan-17190770_1426315804056663_2568711660908170547_n-1.jpg","keywords":["medidas de fuerza","paritaria","pol\u00edtica salarial"],"articleSection":["Comunicados 2017"],"inLanguage":"es"},{"@type":"WebPage","@id":"https:\/\/municipales.org.ar\/festram\/municipales-ratifican-paro-48-horas\/","url":"https:\/\/municipales.org.ar\/festram\/municipales-ratifican-paro-48-horas\/","name":"Municipales ratifican paro de 48 horas &#8211; FESTRAM","isPartOf":{"@id":"https:\/\/municipales.org.ar\/festram\/#website"},"primaryImageOfPage":{"@id":"https:\/\/municipales.org.ar\/festram\/municipales-ratifican-paro-48-horas\/#primaryimage"},"image":{"@id":"https:\/\/municipales.org.ar\/festram\/municipales-ratifican-paro-48-horas\/#primaryimage"},"thumbnailUrl":"https:\/\/municipales.org.ar\/festram\/wp-content\/uploads\/2017\/03\/roldan-17190770_1426315804056663_2568711660908170547_n-1.jpg","datePublished":"2017-03-10T16:52:59+00:00","dateModified":"2017-03-13T17:19:40+00:00","description":"FESTRAM convoc\u00f3 el lunes al Plenario de Secretarios Generales para evaluar la continuidad del Plan de Lucha","breadcrumb":{"@id":"https:\/\/municipales.org.ar\/festram\/municipales-ratifican-paro-48-horas\/#breadcrumb"},"inLanguage":"es","potentialAction":[{"@type":"ReadAction","target":["https:\/\/municipales.org.ar\/festram\/municipales-ratifican-paro-48-horas\/"]}]},{"@type":"ImageObject","inLanguage":"es","@id":"https:\/\/municipales.org.ar\/festram\/municipales-ratifican-paro-48-horas\/#primaryimage","url":"https:\/\/municipales.org.ar\/festram\/wp-content\/uploads\/2017\/03\/roldan-17190770_1426315804056663_2568711660908170547_n-1.jpg","contentUrl":"https:\/\/municipales.org.ar\/festram\/wp-content\/uploads\/2017\/03\/roldan-17190770_1426315804056663_2568711660908170547_n-1.jpg","width":960,"height":540},{"@type":"BreadcrumbList","@id":"https:\/\/municipales.org.ar\/festram\/municipales-ratifican-paro-48-horas\/#breadcrumb","itemListElement":[{"@type":"ListItem","position":1,"name":"Portada","item":"https:\/\/municipales.org.ar\/festram\/"},{"@type":"ListItem","position":2,"name":"Municipales ratifican paro de 48 horas"}]},{"@type":"WebSite","@id":"https:\/\/municipales.org.ar\/festram\/#website","url":"https:\/\/municipales.org.ar\/festram\/","name":"FESTRAM","description":"La web de los trabajadores municipales","publisher":{"@id":"https:\/\/municipales.org.ar\/festram\/#organization"},"potentialAction":[{"@type":"SearchAction","target":{"@type":"EntryPoint","urlTemplate":"https:\/\/municipales.org.ar\/festram\/?s={search_term_string}"},"query-input":{"@type":"PropertyValueSpecification","valueRequired":true,"valueName":"search_term_string"}}],"inLanguage":"es"},{"@type":"Organization","@id":"https:\/\/municipales.org.ar\/festram\/#organization","name":"Federaci\u00f3n de Sindicatos de Trabajadores Municipales de la Provincia de Santa Fe","url":"https:\/\/municipales.org.ar\/festram\/","logo":{"@type":"ImageObject","inLanguage":"es","@id":"https:\/\/municipales.org.ar\/festram\/#\/schema\/logo\/image\/","url":"https:\/\/www.municipales.org.ar\/festram\/wp-content\/uploads\/2014\/07\/logo_fes.jpg","contentUrl":"https:\/\/www.municipales.org.ar\/festram\/wp-content\/uploads\/2014\/07\/logo_fes.jpg","width":661,"height":673,"caption":"Federaci\u00f3n de Sindicatos de Trabajadores Municipales de la Provincia de Santa Fe"},"image":{"@id":"https:\/\/municipales.org.ar\/festram\/#\/schema\/logo\/image\/"},"sameAs":["https:\/\/www.facebook.com\/MunicipalesSF","https:\/\/x.com\/MunicipalesSF","https:\/\/www.youtube.com\/user\/festram"]},{"@type":"Person","@id":"https:\/\/municipales.org.ar\/festram\/#\/schema\/person\/49096a774c48ce9063df4d59ec059f9e","name":"mun_admin"}]}},"jetpack_publicize_connections":[],"jetpack_featured_media_url":"https:\/\/municipales.org.ar\/festram\/wp-content\/uploads\/2017\/03\/roldan-17190770_1426315804056663_2568711660908170547_n-1.jpg","jetpack_sharing_enabled":true,"jetpack_likes_enabled":false,"jetpack_shortlink":"https:\/\/wp.me\/p7l4x1-35Q","_links":{"self":[{"href":"https:\/\/municipales.org.ar\/festram\/wp-json\/wp\/v2\/posts\/11894","targetHints":{"allow":["GET"]}}],"collection":[{"href":"https:\/\/municipales.org.ar\/festram\/wp-json\/wp\/v2\/posts"}],"about":[{"href":"https:\/\/municipales.org.ar\/festram\/wp-json\/wp\/v2\/types\/post"}],"author":[{"embeddable":true,"href":"https:\/\/municipales.org.ar\/festram\/wp-json\/wp\/v2\/users\/1"}],"replies":[{"embeddable":true,"href":"https:\/\/municipales.org.ar\/festram\/wp-json\/wp\/v2\/comments?post=11894"}],"version-history":[{"count":3,"href":"https:\/\/municipales.org.ar\/festram\/wp-json\/wp\/v2\/posts\/11894\/revisions"}],"predecessor-version":[{"id":11899,"href":"https:\/\/municipales.org.ar\/festram\/wp-json\/wp\/v2\/posts\/11894\/revisions\/11899"}],"wp:featuredmedia":[{"embeddable":true,"href":"https:\/\/municipales.org.ar\/festram\/wp-json\/wp\/v2\/media\/11896"}],"wp:attachment":[{"href":"https:\/\/municipales.org.ar\/festram\/wp-json\/wp\/v2\/media?parent=11894"}],"wp:term":[{"taxonomy":"category","embeddable":true,"href":"https:\/\/municipales.org.ar\/festram\/wp-json\/wp\/v2\/categories?post=11894"},{"taxonomy":"post_tag","embeddable":true,"href":"https:\/\/municipales.org.ar\/festram\/wp-json\/wp\/v2\/tags?post=11894"}],"curies":[{"name":"wp","href":"https:\/\/api.w.org\/{rel}","templated":true}]}}