{"id":11902,"date":"2017-03-11T17:29:20","date_gmt":"2017-03-11T20:29:20","guid":{"rendered":"http:\/\/www.municipales.org.ar\/festram\/?p=11902"},"modified":"2017-03-14T19:00:43","modified_gmt":"2017-03-14T22:00:43","slug":"festram-respondio-al-pedido-los-intendentes","status":"publish","type":"post","link":"https:\/\/municipales.org.ar\/festram\/festram-respondio-al-pedido-los-intendentes\/","title":{"rendered":"FESTRAM respondi\u00f3 al pedido de los Intendentes"},"content":{"rendered":"<h4>Municipales esperan una propuesta superadora para analizar el lunes.<\/h4>\n<p>&nbsp;<\/p>\n<p>La Federaci\u00f3n de Sindicatos de Trabajadores Municipales respondi\u00f3 al pedido efectuado por los Intendentes a la Secretar\u00eda de Regiones, Municipios y Comunas, reclamando una oferta concreta que supere la que el gremio rechaz\u00f3 en Paritarias y que motiva el paro de 48 hs. ya dispuesto para el martes y mi\u00e9rcoles de la semana pr\u00f3xima.<\/p>\n<p>A primera hora de la tarde del viernes, ingres\u00f3 a la casilla de correos electr\u00f3nicos de FESTRAM, una nota proveniente de la Secretar\u00eda Privada del \u00c1rea de Regiones, Municipios y Comunas, en la cual los representantes de Intendentes solicitan al funcionario provincial informe a la Organizaci\u00f3n Sindical las intenciones de reunir a la paritaria para continuar las negociaciones salariales a instancias de suspender la medida de fuerza.<\/p>\n<p>Por la misma v\u00eda, el Secretario General de FESTRAM respondi\u00f3 la predisposici\u00f3n de evaluar una propuesta superadora, que contemple la recomposici\u00f3n del a\u00f1o 2016 y una pol\u00edtica salarial para el a\u00f1o 2017 que se ajuste a las verdaderas pautas inflacionarias, abandonando la id\u00e9ntica actitud del Gobierno Provincial de asignar una pol\u00edtica salarial similar a la que pretende imponer el Gobierno Nacional.<\/p>\n<p>El lunes a las 10 de la ma\u00f1ana sesionar\u00e1 el Plenario de Secretarios Generales de la Federaci\u00f3n -\u00fanico organismo con facultades para disponer medidas de fuerza- oportunidad en que se evaluar\u00e1 la modalidad de las medidas resueltas y la propuesta salarial que, eventualmente, eleven los Intendentes en las pr\u00f3ximas horas.<\/p>\n<p>Por otra parte, el gremio record\u00f3 que en la \u00faltima Paritaria del 2016, los Intendentes se comprometieron a iniciar la discusi\u00f3n en el mes de Enero de 2017, gestionar la actualizaci\u00f3n de las Asignaciones Familiares, asegurar el pago de la compensaci\u00f3n a Jubilados y Pensionados y producir el blanqueo del 3% que abonan en negro y proviene desde julio de 2016. Ninguno de estos compromisos fue cumplido en su totalidad.<\/p>\n<p>Durante el mes de Febrero, la representaci\u00f3n patronal solicit\u00f3 pasar a un cuarto intermedio para hacer una propuesta que nunca recibi\u00f3 el gremio y en reuniones siguientes consumaron la misma oferta que efectu\u00f3 el Gobierno de la Provincia con las pautas nacionales y que ya hab\u00eda sido rechazada por el resto de los Sindicatos del Sector P\u00fablico.<\/p>\n<p>A 8 meses que los trabajadores venimos percibiendo los mismos salarios, deteriorados brutalmente por inflaci\u00f3n, tarifazos, aumento de la canasta b\u00e1sica alimentaria y escolar; esperamos que \u00e9sta no sea una medida oportunista y dilatoria frente al paro de 48 hs. y aguardamos que el lunes exista una oferta salarial digna que pueda ser considerada por los 43 Sindicatos Municipales, mientras tanto la medida de fuerza se encuentra absolutamente ratificada.<\/p>\n<h6>Prensa FESTRAM<\/h6>\n","protected":false},"excerpt":{"rendered":"<p>Municipales esperan una propuesta superadora para analizar el lunes.<\/p>\n","protected":false},"author":1,"featured_media":11903,"comment_status":"closed","ping_status":"closed","sticky":false,"template":"","format":"standard","meta":{"_jetpack_memberships_contains_paid_content":false,"footnotes":"","jetpack_publicize_message":"FESTRAM respondi\u00f3 al pedido de los Intendentes","jetpack_publicize_feature_enabled":true,"jetpack_social_post_already_shared":true,"jetpack_social_options":{"image_generator_settings":{"template":"highway","default_image_id":0,"font":"","enabled":false},"version":2}},"categories":[159],"tags":[71,41,69],"class_list":["post-11902","post","type-post","status-publish","format-standard","has-post-thumbnail","hentry","category-comunicados-2017","tag-medidas-de-fuerza","tag-paritaria","tag-politica-salarial"],"yoast_head":"<!-- This site is optimized with the Yoast SEO plugin v25.9 - https:\/\/yoast.com\/wordpress\/plugins\/seo\/ -->\n<title>FESTRAM respondi\u00f3 al pedido de los Intendentes &#8211; FESTRAM<\/title>\n<meta name=\"description\" content=\"Municipales esperan una propuesta superadora para analizar el lunes.\" \/>\n<meta name=\"robots\" content=\"index, follow, max-snippet:-1, max-image-preview:large, max-video-preview:-1\" \/>\n<link rel=\"canonical\" href=\"https:\/\/municipales.org.ar\/festram\/festram-respondio-al-pedido-los-intendentes\/\" \/>\n<meta property=\"og:locale\" content=\"es_ES\" \/>\n<meta property=\"og:type\" content=\"article\" \/>\n<meta property=\"og:title\" content=\"FESTRAM respondi\u00f3 al pedido de los Intendentes &#8211; FESTRAM\" \/>\n<meta property=\"og:description\" content=\"Municipales esperan una propuesta superadora para analizar el lunes.\" \/>\n<meta property=\"og:url\" content=\"https:\/\/municipales.org.ar\/festram\/festram-respondio-al-pedido-los-intendentes\/\" \/>\n<meta property=\"og:site_name\" content=\"FESTRAM\" \/>\n<meta property=\"article:publisher\" content=\"https:\/\/www.facebook.com\/MunicipalesSF\" \/>\n<meta property=\"article:published_time\" content=\"2017-03-11T20:29:20+00:00\" \/>\n<meta property=\"article:modified_time\" content=\"2017-03-14T22:00:43+00:00\" \/>\n<meta property=\"og:image\" content=\"https:\/\/municipales.org.ar\/festram\/wp-content\/uploads\/2017\/03\/20170303-paritaria055.jpg\" \/>\n\t<meta property=\"og:image:width\" content=\"1200\" \/>\n\t<meta property=\"og:image:height\" content=\"765\" \/>\n\t<meta property=\"og:image:type\" content=\"image\/jpeg\" \/>\n<meta name=\"author\" content=\"mun_admin\" \/>\n<meta name=\"twitter:card\" content=\"summary_large_image\" \/>\n<meta name=\"twitter:image\" content=\"http:\/\/www.municipales.org.ar\/festram\/wp-content\/uploads\/2017\/03\/20170303-paritaria055.jpg\" \/>\n<meta name=\"twitter:creator\" content=\"@MunicipalesSF\" \/>\n<meta name=\"twitter:site\" content=\"@MunicipalesSF\" \/>\n<meta name=\"twitter:label1\" content=\"Escrito por\" \/>\n\t<meta name=\"twitter:data1\" content=\"mun_admin\" \/>\n\t<meta name=\"twitter:label2\" content=\"Tiempo de lectura\" \/>\n\t<meta name=\"twitter:data2\" content=\"2 minutos\" \/>\n<script type=\"application\/ld+json\" class=\"yoast-schema-graph\">{\"@context\":\"https:\/\/schema.org\",\"@graph\":[{\"@type\":\"Article\",\"@id\":\"https:\/\/municipales.org.ar\/festram\/festram-respondio-al-pedido-los-intendentes\/#article\",\"isPartOf\":{\"@id\":\"https:\/\/municipales.org.ar\/festram\/festram-respondio-al-pedido-los-intendentes\/\"},\"author\":{\"name\":\"mun_admin\",\"@id\":\"https:\/\/municipales.org.ar\/festram\/#\/schema\/person\/49096a774c48ce9063df4d59ec059f9e\"},\"headline\":\"FESTRAM respondi\u00f3 al pedido de los Intendentes\",\"datePublished\":\"2017-03-11T20:29:20+00:00\",\"dateModified\":\"2017-03-14T22:00:43+00:00\",\"mainEntityOfPage\":{\"@id\":\"https:\/\/municipales.org.ar\/festram\/festram-respondio-al-pedido-los-intendentes\/\"},\"wordCount\":463,\"publisher\":{\"@id\":\"https:\/\/municipales.org.ar\/festram\/#organization\"},\"image\":{\"@id\":\"https:\/\/municipales.org.ar\/festram\/festram-respondio-al-pedido-los-intendentes\/#primaryimage\"},\"thumbnailUrl\":\"https:\/\/municipales.org.ar\/festram\/wp-content\/uploads\/2017\/03\/20170303-paritaria055.jpg\",\"keywords\":[\"medidas de fuerza\",\"paritaria\",\"pol\u00edtica salarial\"],\"articleSection\":[\"Comunicados 2017\"],\"inLanguage\":\"es\"},{\"@type\":\"WebPage\",\"@id\":\"https:\/\/municipales.org.ar\/festram\/festram-respondio-al-pedido-los-intendentes\/\",\"url\":\"https:\/\/municipales.org.ar\/festram\/festram-respondio-al-pedido-los-intendentes\/\",\"name\":\"FESTRAM respondi\u00f3 al pedido de los Intendentes &#8211; FESTRAM\",\"isPartOf\":{\"@id\":\"https:\/\/municipales.org.ar\/festram\/#website\"},\"primaryImageOfPage\":{\"@id\":\"https:\/\/municipales.org.ar\/festram\/festram-respondio-al-pedido-los-intendentes\/#primaryimage\"},\"image\":{\"@id\":\"https:\/\/municipales.org.ar\/festram\/festram-respondio-al-pedido-los-intendentes\/#primaryimage\"},\"thumbnailUrl\":\"https:\/\/municipales.org.ar\/festram\/wp-content\/uploads\/2017\/03\/20170303-paritaria055.jpg\",\"datePublished\":\"2017-03-11T20:29:20+00:00\",\"dateModified\":\"2017-03-14T22:00:43+00:00\",\"description\":\"Municipales esperan una propuesta superadora para analizar el lunes.\",\"breadcrumb\":{\"@id\":\"https:\/\/municipales.org.ar\/festram\/festram-respondio-al-pedido-los-intendentes\/#breadcrumb\"},\"inLanguage\":\"es\",\"potentialAction\":[{\"@type\":\"ReadAction\",\"target\":[\"https:\/\/municipales.org.ar\/festram\/festram-respondio-al-pedido-los-intendentes\/\"]}]},{\"@type\":\"ImageObject\",\"inLanguage\":\"es\",\"@id\":\"https:\/\/municipales.org.ar\/festram\/festram-respondio-al-pedido-los-intendentes\/#primaryimage\",\"url\":\"https:\/\/municipales.org.ar\/festram\/wp-content\/uploads\/2017\/03\/20170303-paritaria055.jpg\",\"contentUrl\":\"https:\/\/municipales.org.ar\/festram\/wp-content\/uploads\/2017\/03\/20170303-paritaria055.jpg\",\"width\":1200,\"height\":765,\"caption\":\"Malena Azario, Subsecretaria de la Funci\u00f3n P\u00fablica y representante paritaria de Jos\u00e9 Corral, Intendente de Santa Fe\"},{\"@type\":\"BreadcrumbList\",\"@id\":\"https:\/\/municipales.org.ar\/festram\/festram-respondio-al-pedido-los-intendentes\/#breadcrumb\",\"itemListElement\":[{\"@type\":\"ListItem\",\"position\":1,\"name\":\"Portada\",\"item\":\"https:\/\/municipales.org.ar\/festram\/\"},{\"@type\":\"ListItem\",\"position\":2,\"name\":\"FESTRAM respondi\u00f3 al pedido de los Intendentes\"}]},{\"@type\":\"WebSite\",\"@id\":\"https:\/\/municipales.org.ar\/festram\/#website\",\"url\":\"https:\/\/municipales.org.ar\/festram\/\",\"name\":\"FESTRAM\",\"description\":\"La web de los trabajadores municipales\",\"publisher\":{\"@id\":\"https:\/\/municipales.org.ar\/festram\/#organization\"},\"potentialAction\":[{\"@type\":\"SearchAction\",\"target\":{\"@type\":\"EntryPoint\",\"urlTemplate\":\"https:\/\/municipales.org.ar\/festram\/?s={search_term_string}\"},\"query-input\":{\"@type\":\"PropertyValueSpecification\",\"valueRequired\":true,\"valueName\":\"search_term_string\"}}],\"inLanguage\":\"es\"},{\"@type\":\"Organization\",\"@id\":\"https:\/\/municipales.org.ar\/festram\/#organization\",\"name\":\"Federaci\u00f3n de Sindicatos de Trabajadores Municipales de la Provincia de Santa Fe\",\"url\":\"https:\/\/municipales.org.ar\/festram\/\",\"logo\":{\"@type\":\"ImageObject\",\"inLanguage\":\"es\",\"@id\":\"https:\/\/municipales.org.ar\/festram\/#\/schema\/logo\/image\/\",\"url\":\"https:\/\/www.municipales.org.ar\/festram\/wp-content\/uploads\/2014\/07\/logo_fes.jpg\",\"contentUrl\":\"https:\/\/www.municipales.org.ar\/festram\/wp-content\/uploads\/2014\/07\/logo_fes.jpg\",\"width\":661,\"height\":673,\"caption\":\"Federaci\u00f3n de Sindicatos de Trabajadores Municipales de la Provincia de Santa Fe\"},\"image\":{\"@id\":\"https:\/\/municipales.org.ar\/festram\/#\/schema\/logo\/image\/\"},\"sameAs\":[\"https:\/\/www.facebook.com\/MunicipalesSF\",\"https:\/\/x.com\/MunicipalesSF\",\"https:\/\/www.youtube.com\/user\/festram\"]},{\"@type\":\"Person\",\"@id\":\"https:\/\/municipales.org.ar\/festram\/#\/schema\/person\/49096a774c48ce9063df4d59ec059f9e\",\"name\":\"mun_admin\"}]}<\/script>\n<!-- \/ Yoast SEO plugin. -->","yoast_head_json":{"title":"FESTRAM respondi\u00f3 al pedido de los Intendentes &#8211; FESTRAM","description":"Municipales esperan una propuesta superadora para analizar el lunes.","robots":{"index":"index","follow":"follow","max-snippet":"max-snippet:-1","max-image-preview":"max-image-preview:large","max-video-preview":"max-video-preview:-1"},"canonical":"https:\/\/municipales.org.ar\/festram\/festram-respondio-al-pedido-los-intendentes\/","og_locale":"es_ES","og_type":"article","og_title":"FESTRAM respondi\u00f3 al pedido de los Intendentes &#8211; FESTRAM","og_description":"Municipales esperan una propuesta superadora para analizar el lunes.","og_url":"https:\/\/municipales.org.ar\/festram\/festram-respondio-al-pedido-los-intendentes\/","og_site_name":"FESTRAM","article_publisher":"https:\/\/www.facebook.com\/MunicipalesSF","article_published_time":"2017-03-11T20:29:20+00:00","article_modified_time":"2017-03-14T22:00:43+00:00","og_image":[{"width":1200,"height":765,"url":"https:\/\/municipales.org.ar\/festram\/wp-content\/uploads\/2017\/03\/20170303-paritaria055.jpg","type":"image\/jpeg"}],"author":"mun_admin","twitter_card":"summary_large_image","twitter_image":"http:\/\/www.municipales.org.ar\/festram\/wp-content\/uploads\/2017\/03\/20170303-paritaria055.jpg","twitter_creator":"@MunicipalesSF","twitter_site":"@MunicipalesSF","twitter_misc":{"Escrito por":"mun_admin","Tiempo de lectura":"2 minutos"},"schema":{"@context":"https:\/\/schema.org","@graph":[{"@type":"Article","@id":"https:\/\/municipales.org.ar\/festram\/festram-respondio-al-pedido-los-intendentes\/#article","isPartOf":{"@id":"https:\/\/municipales.org.ar\/festram\/festram-respondio-al-pedido-los-intendentes\/"},"author":{"name":"mun_admin","@id":"https:\/\/municipales.org.ar\/festram\/#\/schema\/person\/49096a774c48ce9063df4d59ec059f9e"},"headline":"FESTRAM respondi\u00f3 al pedido de los Intendentes","datePublished":"2017-03-11T20:29:20+00:00","dateModified":"2017-03-14T22:00:43+00:00","mainEntityOfPage":{"@id":"https:\/\/municipales.org.ar\/festram\/festram-respondio-al-pedido-los-intendentes\/"},"wordCount":463,"publisher":{"@id":"https:\/\/municipales.org.ar\/festram\/#organization"},"image":{"@id":"https:\/\/municipales.org.ar\/festram\/festram-respondio-al-pedido-los-intendentes\/#primaryimage"},"thumbnailUrl":"https:\/\/municipales.org.ar\/festram\/wp-content\/uploads\/2017\/03\/20170303-paritaria055.jpg","keywords":["medidas de fuerza","paritaria","pol\u00edtica salarial"],"articleSection":["Comunicados 2017"],"inLanguage":"es"},{"@type":"WebPage","@id":"https:\/\/municipales.org.ar\/festram\/festram-respondio-al-pedido-los-intendentes\/","url":"https:\/\/municipales.org.ar\/festram\/festram-respondio-al-pedido-los-intendentes\/","name":"FESTRAM respondi\u00f3 al pedido de los Intendentes &#8211; FESTRAM","isPartOf":{"@id":"https:\/\/municipales.org.ar\/festram\/#website"},"primaryImageOfPage":{"@id":"https:\/\/municipales.org.ar\/festram\/festram-respondio-al-pedido-los-intendentes\/#primaryimage"},"image":{"@id":"https:\/\/municipales.org.ar\/festram\/festram-respondio-al-pedido-los-intendentes\/#primaryimage"},"thumbnailUrl":"https:\/\/municipales.org.ar\/festram\/wp-content\/uploads\/2017\/03\/20170303-paritaria055.jpg","datePublished":"2017-03-11T20:29:20+00:00","dateModified":"2017-03-14T22:00:43+00:00","description":"Municipales esperan una propuesta superadora para analizar el lunes.","breadcrumb":{"@id":"https:\/\/municipales.org.ar\/festram\/festram-respondio-al-pedido-los-intendentes\/#breadcrumb"},"inLanguage":"es","potentialAction":[{"@type":"ReadAction","target":["https:\/\/municipales.org.ar\/festram\/festram-respondio-al-pedido-los-intendentes\/"]}]},{"@type":"ImageObject","inLanguage":"es","@id":"https:\/\/municipales.org.ar\/festram\/festram-respondio-al-pedido-los-intendentes\/#primaryimage","url":"https:\/\/municipales.org.ar\/festram\/wp-content\/uploads\/2017\/03\/20170303-paritaria055.jpg","contentUrl":"https:\/\/municipales.org.ar\/festram\/wp-content\/uploads\/2017\/03\/20170303-paritaria055.jpg","width":1200,"height":765,"caption":"Malena Azario, Subsecretaria de la Funci\u00f3n P\u00fablica y representante paritaria de Jos\u00e9 Corral, Intendente de Santa Fe"},{"@type":"BreadcrumbList","@id":"https:\/\/municipales.org.ar\/festram\/festram-respondio-al-pedido-los-intendentes\/#breadcrumb","itemListElement":[{"@type":"ListItem","position":1,"name":"Portada","item":"https:\/\/municipales.org.ar\/festram\/"},{"@type":"ListItem","position":2,"name":"FESTRAM respondi\u00f3 al pedido de los Intendentes"}]},{"@type":"WebSite","@id":"https:\/\/municipales.org.ar\/festram\/#website","url":"https:\/\/municipales.org.ar\/festram\/","name":"FESTRAM","description":"La web de los trabajadores municipales","publisher":{"@id":"https:\/\/municipales.org.ar\/festram\/#organization"},"potentialAction":[{"@type":"SearchAction","target":{"@type":"EntryPoint","urlTemplate":"https:\/\/municipales.org.ar\/festram\/?s={search_term_string}"},"query-input":{"@type":"PropertyValueSpecification","valueRequired":true,"valueName":"search_term_string"}}],"inLanguage":"es"},{"@type":"Organization","@id":"https:\/\/municipales.org.ar\/festram\/#organization","name":"Federaci\u00f3n de Sindicatos de Trabajadores Municipales de la Provincia de Santa Fe","url":"https:\/\/municipales.org.ar\/festram\/","logo":{"@type":"ImageObject","inLanguage":"es","@id":"https:\/\/municipales.org.ar\/festram\/#\/schema\/logo\/image\/","url":"https:\/\/www.municipales.org.ar\/festram\/wp-content\/uploads\/2014\/07\/logo_fes.jpg","contentUrl":"https:\/\/www.municipales.org.ar\/festram\/wp-content\/uploads\/2014\/07\/logo_fes.jpg","width":661,"height":673,"caption":"Federaci\u00f3n de Sindicatos de Trabajadores Municipales de la Provincia de Santa Fe"},"image":{"@id":"https:\/\/municipales.org.ar\/festram\/#\/schema\/logo\/image\/"},"sameAs":["https:\/\/www.facebook.com\/MunicipalesSF","https:\/\/x.com\/MunicipalesSF","https:\/\/www.youtube.com\/user\/festram"]},{"@type":"Person","@id":"https:\/\/municipales.org.ar\/festram\/#\/schema\/person\/49096a774c48ce9063df4d59ec059f9e","name":"mun_admin"}]}},"jetpack_publicize_connections":[],"jetpack_featured_media_url":"https:\/\/municipales.org.ar\/festram\/wp-content\/uploads\/2017\/03\/20170303-paritaria055.jpg","jetpack_sharing_enabled":true,"jetpack_likes_enabled":false,"jetpack_shortlink":"https:\/\/wp.me\/p7l4x1-35Y","_links":{"self":[{"href":"https:\/\/municipales.org.ar\/festram\/wp-json\/wp\/v2\/posts\/11902","targetHints":{"allow":["GET"]}}],"collection":[{"href":"https:\/\/municipales.org.ar\/festram\/wp-json\/wp\/v2\/posts"}],"about":[{"href":"https:\/\/municipales.org.ar\/festram\/wp-json\/wp\/v2\/types\/post"}],"author":[{"embeddable":true,"href":"https:\/\/municipales.org.ar\/festram\/wp-json\/wp\/v2\/users\/1"}],"replies":[{"embeddable":true,"href":"https:\/\/municipales.org.ar\/festram\/wp-json\/wp\/v2\/comments?post=11902"}],"version-history":[{"count":1,"href":"https:\/\/municipales.org.ar\/festram\/wp-json\/wp\/v2\/posts\/11902\/revisions"}],"predecessor-version":[{"id":11904,"href":"https:\/\/municipales.org.ar\/festram\/wp-json\/wp\/v2\/posts\/11902\/revisions\/11904"}],"wp:featuredmedia":[{"embeddable":true,"href":"https:\/\/municipales.org.ar\/festram\/wp-json\/wp\/v2\/media\/11903"}],"wp:attachment":[{"href":"https:\/\/municipales.org.ar\/festram\/wp-json\/wp\/v2\/media?parent=11902"}],"wp:term":[{"taxonomy":"category","embeddable":true,"href":"https:\/\/municipales.org.ar\/festram\/wp-json\/wp\/v2\/categories?post=11902"},{"taxonomy":"post_tag","embeddable":true,"href":"https:\/\/municipales.org.ar\/festram\/wp-json\/wp\/v2\/tags?post=11902"}],"curies":[{"name":"wp","href":"https:\/\/api.w.org\/{rel}","templated":true}]}}