{"id":11911,"date":"2017-03-13T10:08:08","date_gmt":"2017-03-13T13:08:08","guid":{"rendered":"http:\/\/www.municipales.org.ar\/festram\/?p=11911"},"modified":"2017-03-20T12:59:20","modified_gmt":"2017-03-20T15:59:20","slug":"municipales-cortan-las-rutas-acceso-san-carlos-centro","status":"publish","type":"post","link":"https:\/\/municipales.org.ar\/festram\/municipales-cortan-las-rutas-acceso-san-carlos-centro\/","title":{"rendered":"Municipales cortan las rutas de acceso a San Carlos Centro"},"content":{"rendered":"<h4>Protestan contra el Intendente Placenzotti en las rutas 19 y 6<\/h4>\n<p>&nbsp;<\/p>\n<p>Dirigentes y delegados de los Sindicatos Municipales de San Carlos, Coronda, G\u00e1lvez, San Jorge y Rafaela, realizan hoy una jornada de protesta que contempla cortes de rutas y marchas en la ciudad de San Carlos Centro.<\/p>\n<p>La medida se adopt\u00f3 en repudio a la actitud anti sindical del Intendente Placenzotti, que intenta romper la Paritaria Municipal haciendo ofrecimientos salariales independientes de la negociaci\u00f3n colectiva y con medidas coercitivas para impedir el derecho constitucional de huelga de los trabajadores de esa Municipalidad.<\/p>\n<p>Placenzotti amenaz\u00f3 con el descuento de d\u00edas y presentismo, ofreci\u00f3 $ 1000 pesos a los empleados que trabajen en d\u00eda de huelga y comprometi\u00f3 un aumento salarial del 22% para abonar desde Enero y en el mes de marzo.<\/p>\n<p>&nbsp;<\/p>\n\n\t\t<style type=\"text\/css\">\n\t\t\t#gallery-1 {\n\t\t\t\tmargin: auto;\n\t\t\t}\n\t\t\t#gallery-1 .gallery-item {\n\t\t\t\tfloat: left;\n\t\t\t\tmargin-top: 10px;\n\t\t\t\ttext-align: center;\n\t\t\t\twidth: 33%;\n\t\t\t}\n\t\t\t#gallery-1 img {\n\t\t\t\tborder: 2px solid #cfcfcf;\n\t\t\t}\n\t\t\t#gallery-1 .gallery-caption {\n\t\t\t\tmargin-left: 0;\n\t\t\t}\n\t\t\t\/* see gallery_shortcode() in wp-includes\/media.php *\/\n\t\t<\/style>\n\t\t<div id='gallery-1' class='gallery galleryid-11911 gallery-columns-3 gallery-size-thumbnail'><dl class='gallery-item'>\n\t\t\t<dt class='gallery-icon landscape'>\n\t\t\t\t<a href='https:\/\/municipales.org.ar\/festram\/municipales-cortan-las-rutas-acceso-san-carlos-centro\/img_2790\/'><img loading=\"lazy\" decoding=\"async\" width=\"150\" height=\"150\" src=\"https:\/\/municipales.org.ar\/festram\/wp-content\/uploads\/2017\/03\/IMG_2790-150x150.jpg\" class=\"attachment-thumbnail size-thumbnail\" alt=\"\" srcset=\"https:\/\/municipales.org.ar\/festram\/wp-content\/uploads\/2017\/03\/IMG_2790-150x150.jpg 150w, https:\/\/municipales.org.ar\/festram\/wp-content\/uploads\/2017\/03\/IMG_2790-80x80.jpg 80w\" sizes=\"auto, (max-width: 150px) 100vw, 150px\" \/><\/a>\n\t\t\t<\/dt><\/dl><dl class='gallery-item'>\n\t\t\t<dt class='gallery-icon landscape'>\n\t\t\t\t<a href='https:\/\/municipales.org.ar\/festram\/municipales-cortan-las-rutas-acceso-san-carlos-centro\/img_2794\/'><img loading=\"lazy\" decoding=\"async\" width=\"150\" height=\"150\" src=\"https:\/\/municipales.org.ar\/festram\/wp-content\/uploads\/2017\/03\/IMG_2794-150x150.jpg\" class=\"attachment-thumbnail size-thumbnail\" alt=\"\" srcset=\"https:\/\/municipales.org.ar\/festram\/wp-content\/uploads\/2017\/03\/IMG_2794-150x150.jpg 150w, https:\/\/municipales.org.ar\/festram\/wp-content\/uploads\/2017\/03\/IMG_2794-80x80.jpg 80w\" sizes=\"auto, (max-width: 150px) 100vw, 150px\" \/><\/a>\n\t\t\t<\/dt><\/dl><dl class='gallery-item'>\n\t\t\t<dt class='gallery-icon landscape'>\n\t\t\t\t<a href='https:\/\/municipales.org.ar\/festram\/municipales-cortan-las-rutas-acceso-san-carlos-centro\/img_2817\/'><img loading=\"lazy\" decoding=\"async\" width=\"150\" height=\"150\" src=\"https:\/\/municipales.org.ar\/festram\/wp-content\/uploads\/2017\/03\/IMG_2817-150x150.jpg\" class=\"attachment-thumbnail size-thumbnail\" alt=\"\" srcset=\"https:\/\/municipales.org.ar\/festram\/wp-content\/uploads\/2017\/03\/IMG_2817-150x150.jpg 150w, https:\/\/municipales.org.ar\/festram\/wp-content\/uploads\/2017\/03\/IMG_2817-80x80.jpg 80w\" sizes=\"auto, (max-width: 150px) 100vw, 150px\" \/><\/a>\n\t\t\t<\/dt><\/dl><br style=\"clear: both\" \/><dl class='gallery-item'>\n\t\t\t<dt class='gallery-icon landscape'>\n\t\t\t\t<a href='https:\/\/municipales.org.ar\/festram\/municipales-cortan-las-rutas-acceso-san-carlos-centro\/img_2820\/'><img loading=\"lazy\" decoding=\"async\" width=\"150\" height=\"150\" src=\"https:\/\/municipales.org.ar\/festram\/wp-content\/uploads\/2017\/03\/IMG_2820-150x150.jpg\" class=\"attachment-thumbnail size-thumbnail\" alt=\"\" srcset=\"https:\/\/municipales.org.ar\/festram\/wp-content\/uploads\/2017\/03\/IMG_2820-150x150.jpg 150w, https:\/\/municipales.org.ar\/festram\/wp-content\/uploads\/2017\/03\/IMG_2820-80x80.jpg 80w\" sizes=\"auto, (max-width: 150px) 100vw, 150px\" \/><\/a>\n\t\t\t<\/dt><\/dl>\n\t\t\t<br style='clear: both' \/>\n\t\t<\/div>\n\n<p>&nbsp;<\/p>\n<p>Este Intendente, que en otras oportunidades represent\u00f3 a sus pares en la Paritaria Municipal, conoce perfectamente como es el mecanismo de negociaci\u00f3n salarial del sector y, por lo tanto, queda en claro que act\u00faa intencionalmente en contra del conjunto de los trabajadores Municipales de la Provincia y de la regi\u00f3n.<\/p>\n<p>Esta situaci\u00f3n, origin\u00f3 que los Sindicatos de esa regi\u00f3n llevaran adelante la protesta para impedir que se repitan estos hechos en otras localidades y comprometieron profundizar las medidas de fuerza en los Municipios o Comunas que intenten menoscabar los derechos de los Trabajadores Municipales.<\/p>\n<h6>Prensa FESTRAM<\/h6>\n<p>&nbsp;<\/p>\n<p><iframe loading=\"lazy\" style=\"border: none; overflow: hidden;\" src=\"https:\/\/www.facebook.com\/plugins\/post.php?href=https%3A%2F%2Fwww.facebook.com%2FJovenesMunicipalesSF%2Fposts%2F414022268951771&amp;width=500\" width=\"500\" height=\"633\" frameborder=\"0\" scrolling=\"no\"><\/iframe><\/p>\n","protected":false},"excerpt":{"rendered":"<p>Protestan contra el Intendente Placenzotti en las rutas 19 y 6<\/p>\n","protected":false},"author":1,"featured_media":11912,"comment_status":"closed","ping_status":"closed","sticky":false,"template":"","format":"standard","meta":{"_jetpack_memberships_contains_paid_content":false,"footnotes":"","jetpack_publicize_message":"Municipales cortan las rutas de acceso a San Carlos Centro","jetpack_publicize_feature_enabled":true,"jetpack_social_post_already_shared":true,"jetpack_social_options":{"image_generator_settings":{"template":"highway","default_image_id":0,"font":"","enabled":false},"version":2}},"categories":[159],"tags":[71,41,138,67],"class_list":["post-11911","post","type-post","status-publish","format-standard","has-post-thumbnail","hentry","category-comunicados-2017","tag-medidas-de-fuerza","tag-paritaria","tag-san-carlos-centro","tag-sindicatos-afiliados"],"yoast_head":"<!-- This site is optimized with the Yoast SEO plugin v25.9 - https:\/\/yoast.com\/wordpress\/plugins\/seo\/ -->\n<title>Municipales cortan las rutas de acceso a San Carlos Centro &#8211; FESTRAM<\/title>\n<meta name=\"description\" content=\"Protestan contra el Intendente Placenzotti en las rutas 19 y 6\" \/>\n<meta name=\"robots\" content=\"index, follow, max-snippet:-1, max-image-preview:large, max-video-preview:-1\" \/>\n<link rel=\"canonical\" href=\"https:\/\/municipales.org.ar\/festram\/municipales-cortan-las-rutas-acceso-san-carlos-centro\/\" \/>\n<meta property=\"og:locale\" content=\"es_ES\" \/>\n<meta property=\"og:type\" content=\"article\" \/>\n<meta property=\"og:title\" content=\"Municipales cortan las rutas de acceso a San Carlos Centro &#8211; FESTRAM\" \/>\n<meta property=\"og:description\" content=\"Protestan contra el Intendente Placenzotti en las rutas 19 y 6\" \/>\n<meta property=\"og:url\" content=\"https:\/\/municipales.org.ar\/festram\/municipales-cortan-las-rutas-acceso-san-carlos-centro\/\" \/>\n<meta property=\"og:site_name\" content=\"FESTRAM\" \/>\n<meta property=\"article:publisher\" content=\"https:\/\/www.facebook.com\/MunicipalesSF\" \/>\n<meta property=\"article:published_time\" content=\"2017-03-13T13:08:08+00:00\" \/>\n<meta property=\"article:modified_time\" content=\"2017-03-20T15:59:20+00:00\" \/>\n<meta property=\"og:image\" content=\"https:\/\/municipales.org.ar\/festram\/wp-content\/uploads\/2017\/03\/IMG_2782.jpg\" \/>\n\t<meta property=\"og:image:width\" content=\"1032\" \/>\n\t<meta property=\"og:image:height\" content=\"581\" \/>\n\t<meta property=\"og:image:type\" content=\"image\/jpeg\" \/>\n<meta name=\"author\" content=\"mun_admin\" \/>\n<meta name=\"twitter:card\" content=\"summary_large_image\" \/>\n<meta name=\"twitter:image\" content=\"http:\/\/www.municipales.org.ar\/festram\/wp-content\/uploads\/2017\/03\/IMG_2782.jpg\" \/>\n<meta name=\"twitter:creator\" content=\"@MunicipalesSF\" \/>\n<meta name=\"twitter:site\" content=\"@MunicipalesSF\" \/>\n<meta name=\"twitter:label1\" content=\"Escrito por\" \/>\n\t<meta name=\"twitter:data1\" content=\"mun_admin\" \/>\n\t<meta name=\"twitter:label2\" content=\"Tiempo de lectura\" \/>\n\t<meta name=\"twitter:data2\" content=\"1 minuto\" \/>\n<script type=\"application\/ld+json\" class=\"yoast-schema-graph\">{\"@context\":\"https:\/\/schema.org\",\"@graph\":[{\"@type\":\"Article\",\"@id\":\"https:\/\/municipales.org.ar\/festram\/municipales-cortan-las-rutas-acceso-san-carlos-centro\/#article\",\"isPartOf\":{\"@id\":\"https:\/\/municipales.org.ar\/festram\/municipales-cortan-las-rutas-acceso-san-carlos-centro\/\"},\"author\":{\"name\":\"mun_admin\",\"@id\":\"https:\/\/municipales.org.ar\/festram\/#\/schema\/person\/49096a774c48ce9063df4d59ec059f9e\"},\"headline\":\"Municipales cortan las rutas de acceso a San Carlos Centro\",\"datePublished\":\"2017-03-13T13:08:08+00:00\",\"dateModified\":\"2017-03-20T15:59:20+00:00\",\"mainEntityOfPage\":{\"@id\":\"https:\/\/municipales.org.ar\/festram\/municipales-cortan-las-rutas-acceso-san-carlos-centro\/\"},\"wordCount\":249,\"publisher\":{\"@id\":\"https:\/\/municipales.org.ar\/festram\/#organization\"},\"image\":{\"@id\":\"https:\/\/municipales.org.ar\/festram\/municipales-cortan-las-rutas-acceso-san-carlos-centro\/#primaryimage\"},\"thumbnailUrl\":\"https:\/\/municipales.org.ar\/festram\/wp-content\/uploads\/2017\/03\/IMG_2782.jpg\",\"keywords\":[\"medidas de fuerza\",\"paritaria\",\"san carlos centro\",\"sindicatos afiliados\"],\"articleSection\":[\"Comunicados 2017\"],\"inLanguage\":\"es\"},{\"@type\":\"WebPage\",\"@id\":\"https:\/\/municipales.org.ar\/festram\/municipales-cortan-las-rutas-acceso-san-carlos-centro\/\",\"url\":\"https:\/\/municipales.org.ar\/festram\/municipales-cortan-las-rutas-acceso-san-carlos-centro\/\",\"name\":\"Municipales cortan las rutas de acceso a San Carlos Centro &#8211; FESTRAM\",\"isPartOf\":{\"@id\":\"https:\/\/municipales.org.ar\/festram\/#website\"},\"primaryImageOfPage\":{\"@id\":\"https:\/\/municipales.org.ar\/festram\/municipales-cortan-las-rutas-acceso-san-carlos-centro\/#primaryimage\"},\"image\":{\"@id\":\"https:\/\/municipales.org.ar\/festram\/municipales-cortan-las-rutas-acceso-san-carlos-centro\/#primaryimage\"},\"thumbnailUrl\":\"https:\/\/municipales.org.ar\/festram\/wp-content\/uploads\/2017\/03\/IMG_2782.jpg\",\"datePublished\":\"2017-03-13T13:08:08+00:00\",\"dateModified\":\"2017-03-20T15:59:20+00:00\",\"description\":\"Protestan contra el Intendente Placenzotti en las rutas 19 y 6\",\"breadcrumb\":{\"@id\":\"https:\/\/municipales.org.ar\/festram\/municipales-cortan-las-rutas-acceso-san-carlos-centro\/#breadcrumb\"},\"inLanguage\":\"es\",\"potentialAction\":[{\"@type\":\"ReadAction\",\"target\":[\"https:\/\/municipales.org.ar\/festram\/municipales-cortan-las-rutas-acceso-san-carlos-centro\/\"]}]},{\"@type\":\"ImageObject\",\"inLanguage\":\"es\",\"@id\":\"https:\/\/municipales.org.ar\/festram\/municipales-cortan-las-rutas-acceso-san-carlos-centro\/#primaryimage\",\"url\":\"https:\/\/municipales.org.ar\/festram\/wp-content\/uploads\/2017\/03\/IMG_2782.jpg\",\"contentUrl\":\"https:\/\/municipales.org.ar\/festram\/wp-content\/uploads\/2017\/03\/IMG_2782.jpg\",\"width\":1032,\"height\":581},{\"@type\":\"BreadcrumbList\",\"@id\":\"https:\/\/municipales.org.ar\/festram\/municipales-cortan-las-rutas-acceso-san-carlos-centro\/#breadcrumb\",\"itemListElement\":[{\"@type\":\"ListItem\",\"position\":1,\"name\":\"Portada\",\"item\":\"https:\/\/municipales.org.ar\/festram\/\"},{\"@type\":\"ListItem\",\"position\":2,\"name\":\"Municipales cortan las rutas de acceso a San Carlos Centro\"}]},{\"@type\":\"WebSite\",\"@id\":\"https:\/\/municipales.org.ar\/festram\/#website\",\"url\":\"https:\/\/municipales.org.ar\/festram\/\",\"name\":\"FESTRAM\",\"description\":\"La web de los trabajadores municipales\",\"publisher\":{\"@id\":\"https:\/\/municipales.org.ar\/festram\/#organization\"},\"potentialAction\":[{\"@type\":\"SearchAction\",\"target\":{\"@type\":\"EntryPoint\",\"urlTemplate\":\"https:\/\/municipales.org.ar\/festram\/?s={search_term_string}\"},\"query-input\":{\"@type\":\"PropertyValueSpecification\",\"valueRequired\":true,\"valueName\":\"search_term_string\"}}],\"inLanguage\":\"es\"},{\"@type\":\"Organization\",\"@id\":\"https:\/\/municipales.org.ar\/festram\/#organization\",\"name\":\"Federaci\u00f3n de Sindicatos de Trabajadores Municipales de la Provincia de Santa Fe\",\"url\":\"https:\/\/municipales.org.ar\/festram\/\",\"logo\":{\"@type\":\"ImageObject\",\"inLanguage\":\"es\",\"@id\":\"https:\/\/municipales.org.ar\/festram\/#\/schema\/logo\/image\/\",\"url\":\"https:\/\/www.municipales.org.ar\/festram\/wp-content\/uploads\/2014\/07\/logo_fes.jpg\",\"contentUrl\":\"https:\/\/www.municipales.org.ar\/festram\/wp-content\/uploads\/2014\/07\/logo_fes.jpg\",\"width\":661,\"height\":673,\"caption\":\"Federaci\u00f3n de Sindicatos de Trabajadores Municipales de la Provincia de Santa Fe\"},\"image\":{\"@id\":\"https:\/\/municipales.org.ar\/festram\/#\/schema\/logo\/image\/\"},\"sameAs\":[\"https:\/\/www.facebook.com\/MunicipalesSF\",\"https:\/\/x.com\/MunicipalesSF\",\"https:\/\/www.youtube.com\/user\/festram\"]},{\"@type\":\"Person\",\"@id\":\"https:\/\/municipales.org.ar\/festram\/#\/schema\/person\/49096a774c48ce9063df4d59ec059f9e\",\"name\":\"mun_admin\"}]}<\/script>\n<!-- \/ Yoast SEO plugin. -->","yoast_head_json":{"title":"Municipales cortan las rutas de acceso a San Carlos Centro &#8211; FESTRAM","description":"Protestan contra el Intendente Placenzotti en las rutas 19 y 6","robots":{"index":"index","follow":"follow","max-snippet":"max-snippet:-1","max-image-preview":"max-image-preview:large","max-video-preview":"max-video-preview:-1"},"canonical":"https:\/\/municipales.org.ar\/festram\/municipales-cortan-las-rutas-acceso-san-carlos-centro\/","og_locale":"es_ES","og_type":"article","og_title":"Municipales cortan las rutas de acceso a San Carlos Centro &#8211; FESTRAM","og_description":"Protestan contra el Intendente Placenzotti en las rutas 19 y 6","og_url":"https:\/\/municipales.org.ar\/festram\/municipales-cortan-las-rutas-acceso-san-carlos-centro\/","og_site_name":"FESTRAM","article_publisher":"https:\/\/www.facebook.com\/MunicipalesSF","article_published_time":"2017-03-13T13:08:08+00:00","article_modified_time":"2017-03-20T15:59:20+00:00","og_image":[{"width":1032,"height":581,"url":"https:\/\/municipales.org.ar\/festram\/wp-content\/uploads\/2017\/03\/IMG_2782.jpg","type":"image\/jpeg"}],"author":"mun_admin","twitter_card":"summary_large_image","twitter_image":"http:\/\/www.municipales.org.ar\/festram\/wp-content\/uploads\/2017\/03\/IMG_2782.jpg","twitter_creator":"@MunicipalesSF","twitter_site":"@MunicipalesSF","twitter_misc":{"Escrito por":"mun_admin","Tiempo de lectura":"1 minuto"},"schema":{"@context":"https:\/\/schema.org","@graph":[{"@type":"Article","@id":"https:\/\/municipales.org.ar\/festram\/municipales-cortan-las-rutas-acceso-san-carlos-centro\/#article","isPartOf":{"@id":"https:\/\/municipales.org.ar\/festram\/municipales-cortan-las-rutas-acceso-san-carlos-centro\/"},"author":{"name":"mun_admin","@id":"https:\/\/municipales.org.ar\/festram\/#\/schema\/person\/49096a774c48ce9063df4d59ec059f9e"},"headline":"Municipales cortan las rutas de acceso a San Carlos Centro","datePublished":"2017-03-13T13:08:08+00:00","dateModified":"2017-03-20T15:59:20+00:00","mainEntityOfPage":{"@id":"https:\/\/municipales.org.ar\/festram\/municipales-cortan-las-rutas-acceso-san-carlos-centro\/"},"wordCount":249,"publisher":{"@id":"https:\/\/municipales.org.ar\/festram\/#organization"},"image":{"@id":"https:\/\/municipales.org.ar\/festram\/municipales-cortan-las-rutas-acceso-san-carlos-centro\/#primaryimage"},"thumbnailUrl":"https:\/\/municipales.org.ar\/festram\/wp-content\/uploads\/2017\/03\/IMG_2782.jpg","keywords":["medidas de fuerza","paritaria","san carlos centro","sindicatos afiliados"],"articleSection":["Comunicados 2017"],"inLanguage":"es"},{"@type":"WebPage","@id":"https:\/\/municipales.org.ar\/festram\/municipales-cortan-las-rutas-acceso-san-carlos-centro\/","url":"https:\/\/municipales.org.ar\/festram\/municipales-cortan-las-rutas-acceso-san-carlos-centro\/","name":"Municipales cortan las rutas de acceso a San Carlos Centro &#8211; FESTRAM","isPartOf":{"@id":"https:\/\/municipales.org.ar\/festram\/#website"},"primaryImageOfPage":{"@id":"https:\/\/municipales.org.ar\/festram\/municipales-cortan-las-rutas-acceso-san-carlos-centro\/#primaryimage"},"image":{"@id":"https:\/\/municipales.org.ar\/festram\/municipales-cortan-las-rutas-acceso-san-carlos-centro\/#primaryimage"},"thumbnailUrl":"https:\/\/municipales.org.ar\/festram\/wp-content\/uploads\/2017\/03\/IMG_2782.jpg","datePublished":"2017-03-13T13:08:08+00:00","dateModified":"2017-03-20T15:59:20+00:00","description":"Protestan contra el Intendente Placenzotti en las rutas 19 y 6","breadcrumb":{"@id":"https:\/\/municipales.org.ar\/festram\/municipales-cortan-las-rutas-acceso-san-carlos-centro\/#breadcrumb"},"inLanguage":"es","potentialAction":[{"@type":"ReadAction","target":["https:\/\/municipales.org.ar\/festram\/municipales-cortan-las-rutas-acceso-san-carlos-centro\/"]}]},{"@type":"ImageObject","inLanguage":"es","@id":"https:\/\/municipales.org.ar\/festram\/municipales-cortan-las-rutas-acceso-san-carlos-centro\/#primaryimage","url":"https:\/\/municipales.org.ar\/festram\/wp-content\/uploads\/2017\/03\/IMG_2782.jpg","contentUrl":"https:\/\/municipales.org.ar\/festram\/wp-content\/uploads\/2017\/03\/IMG_2782.jpg","width":1032,"height":581},{"@type":"BreadcrumbList","@id":"https:\/\/municipales.org.ar\/festram\/municipales-cortan-las-rutas-acceso-san-carlos-centro\/#breadcrumb","itemListElement":[{"@type":"ListItem","position":1,"name":"Portada","item":"https:\/\/municipales.org.ar\/festram\/"},{"@type":"ListItem","position":2,"name":"Municipales cortan las rutas de acceso a San Carlos Centro"}]},{"@type":"WebSite","@id":"https:\/\/municipales.org.ar\/festram\/#website","url":"https:\/\/municipales.org.ar\/festram\/","name":"FESTRAM","description":"La web de los trabajadores municipales","publisher":{"@id":"https:\/\/municipales.org.ar\/festram\/#organization"},"potentialAction":[{"@type":"SearchAction","target":{"@type":"EntryPoint","urlTemplate":"https:\/\/municipales.org.ar\/festram\/?s={search_term_string}"},"query-input":{"@type":"PropertyValueSpecification","valueRequired":true,"valueName":"search_term_string"}}],"inLanguage":"es"},{"@type":"Organization","@id":"https:\/\/municipales.org.ar\/festram\/#organization","name":"Federaci\u00f3n de Sindicatos de Trabajadores Municipales de la Provincia de Santa Fe","url":"https:\/\/municipales.org.ar\/festram\/","logo":{"@type":"ImageObject","inLanguage":"es","@id":"https:\/\/municipales.org.ar\/festram\/#\/schema\/logo\/image\/","url":"https:\/\/www.municipales.org.ar\/festram\/wp-content\/uploads\/2014\/07\/logo_fes.jpg","contentUrl":"https:\/\/www.municipales.org.ar\/festram\/wp-content\/uploads\/2014\/07\/logo_fes.jpg","width":661,"height":673,"caption":"Federaci\u00f3n de Sindicatos de Trabajadores Municipales de la Provincia de Santa Fe"},"image":{"@id":"https:\/\/municipales.org.ar\/festram\/#\/schema\/logo\/image\/"},"sameAs":["https:\/\/www.facebook.com\/MunicipalesSF","https:\/\/x.com\/MunicipalesSF","https:\/\/www.youtube.com\/user\/festram"]},{"@type":"Person","@id":"https:\/\/municipales.org.ar\/festram\/#\/schema\/person\/49096a774c48ce9063df4d59ec059f9e","name":"mun_admin"}]}},"jetpack_publicize_connections":[],"jetpack_featured_media_url":"https:\/\/municipales.org.ar\/festram\/wp-content\/uploads\/2017\/03\/IMG_2782.jpg","jetpack_sharing_enabled":true,"jetpack_likes_enabled":false,"jetpack_shortlink":"https:\/\/wp.me\/p7l4x1-367","_links":{"self":[{"href":"https:\/\/municipales.org.ar\/festram\/wp-json\/wp\/v2\/posts\/11911","targetHints":{"allow":["GET"]}}],"collection":[{"href":"https:\/\/municipales.org.ar\/festram\/wp-json\/wp\/v2\/posts"}],"about":[{"href":"https:\/\/municipales.org.ar\/festram\/wp-json\/wp\/v2\/types\/post"}],"author":[{"embeddable":true,"href":"https:\/\/municipales.org.ar\/festram\/wp-json\/wp\/v2\/users\/1"}],"replies":[{"embeddable":true,"href":"https:\/\/municipales.org.ar\/festram\/wp-json\/wp\/v2\/comments?post=11911"}],"version-history":[{"count":4,"href":"https:\/\/municipales.org.ar\/festram\/wp-json\/wp\/v2\/posts\/11911\/revisions"}],"predecessor-version":[{"id":11921,"href":"https:\/\/municipales.org.ar\/festram\/wp-json\/wp\/v2\/posts\/11911\/revisions\/11921"}],"wp:featuredmedia":[{"embeddable":true,"href":"https:\/\/municipales.org.ar\/festram\/wp-json\/wp\/v2\/media\/11912"}],"wp:attachment":[{"href":"https:\/\/municipales.org.ar\/festram\/wp-json\/wp\/v2\/media?parent=11911"}],"wp:term":[{"taxonomy":"category","embeddable":true,"href":"https:\/\/municipales.org.ar\/festram\/wp-json\/wp\/v2\/categories?post=11911"},{"taxonomy":"post_tag","embeddable":true,"href":"https:\/\/municipales.org.ar\/festram\/wp-json\/wp\/v2\/tags?post=11911"}],"curies":[{"name":"wp","href":"https:\/\/api.w.org\/{rel}","templated":true}]}}