{"id":11923,"date":"2017-03-13T14:22:04","date_gmt":"2017-03-13T17:22:04","guid":{"rendered":"http:\/\/www.municipales.org.ar\/festram\/?p=11923"},"modified":"2017-03-15T20:10:55","modified_gmt":"2017-03-15T23:10:55","slug":"municipales-ratifican-medida-fuerza-esta-semana","status":"publish","type":"post","link":"https:\/\/municipales.org.ar\/festram\/municipales-ratifican-medida-fuerza-esta-semana\/","title":{"rendered":"Municipales ratifican medida de fuerza esta semana"},"content":{"rendered":"<h4>Si no se arriba a un acuerdo, en los pr\u00f3ximos d\u00edas prev\u00e9n otras 48 horas de paro y movilizaciones<\/h4>\n<p>[soundcloud url=\u00bbhttps:\/\/api.soundcloud.com\/tracks\/312164608&#8243; params=\u00bbauto_play=false&amp;hide_related=false&amp;show_comments=true&amp;show_user=true&amp;show_reposts=false&amp;visual=true\u00bb width=\u00bb100%\u00bb height=\u00bb150&#8243; iframe=\u00bbtrue\u00bb \/]<br \/>\nEl Plenario de Secretarios Generales de FESTRAM, reunido en el d\u00eda de la fecha en su Complejo Institucional de la capital santafesina ratific\u00f3 el paro por 48 horas previsto para los d\u00edas 14 y 15 de marzo.<\/p>\n<p>La falta de una propuesta concreta por parte de los paritarios de Municipios y Comunas y la ausencia y dilaci\u00f3n de negociaciones, fueron los factores determinantes para sostener esta decisi\u00f3n, adoptada la semana pasada.<\/p>\n<p>El Secretario General de la Federaci\u00f3n, Claudio Leoni expres\u00f3 al respecto: \u201c\u2026 Dimos tiempo hasta hoy para tener una propuesta superadora para as\u00ed analizarla en el propio Plenario convocado, pero evidentemente no existe hasta el momento una que supere la pol\u00edtica salarial provincial y nacional que se intenta imponer a nuestro sector pero tambi\u00e9n a todos los gremios estatales en general\u2026\u201d<\/p>\n<p>En virtud de esta situaci\u00f3n el gremio municipal convoc\u00f3 a una medida de fuerza similar a la de esta semana, para los d\u00edas 22 y 23 de marzo, que tambi\u00e9n incluir\u00e1 movilizaciones a las Palacios Municipales de Santa Fe y Rosario. En el Plenario se acord\u00f3 tambi\u00e9n que los trabajadores que no participen de dichas movilizaciones, concentrar\u00e1n frente a sus respectivos Municipios.<\/p>\n<p>Durante las deliberaciones tambi\u00e9n se analizaron las acciones a seguir \u2013como lo fueron los cortes de ruta en San Carlos Centro en la ma\u00f1ana de este lunes- frente a la situaci\u00f3n de algunos municipios donde los intendentes pretenden quebrar la huelga con ofrecimientos de adelantos salariales, no pago del presentismo y otras medidas coercitivas, absolutamente re\u00f1idas con la Ley.<\/p>\n<h6>Prensa FESTRAM<\/h6>\n<p>&nbsp;<\/p>\n<p>[srizonfbalbum id=52]<br \/>\n<a href=\"https:\/\/www.facebook.com\/media\/set\/?set=a.1413521105378469.1073741910.117916918272234&amp;type=1&amp;l=07d863833b\" target=\"_blank\">M\u00e1s fotos en la P\u00e1gina de FESTRAM en Facebook<\/a><\/p>\n","protected":false},"excerpt":{"rendered":"<p>Si no se arriba a un acuerdo, en los pr\u00f3ximos d\u00edas prev\u00e9n otras 48 horas de paro y movilizaciones<\/p>\n","protected":false},"author":1,"featured_media":11925,"comment_status":"closed","ping_status":"closed","sticky":false,"template":"","format":"standard","meta":{"_jetpack_memberships_contains_paid_content":false,"footnotes":"","jetpack_publicize_message":"Municipales ratifican medida de fuerza esta semana","jetpack_publicize_feature_enabled":true,"jetpack_social_post_already_shared":true,"jetpack_social_options":{"image_generator_settings":{"template":"highway","default_image_id":0,"font":"","enabled":false},"version":2}},"categories":[159],"tags":[71,41,69],"class_list":["post-11923","post","type-post","status-publish","format-standard","has-post-thumbnail","hentry","category-comunicados-2017","tag-medidas-de-fuerza","tag-paritaria","tag-politica-salarial"],"yoast_head":"<!-- This site is optimized with the Yoast SEO plugin v25.9 - https:\/\/yoast.com\/wordpress\/plugins\/seo\/ -->\n<title>Municipales ratifican medida de fuerza esta semana &#8211; FESTRAM<\/title>\n<meta name=\"description\" content=\"Si no se arriba a un acuerdo, en los pr\u00f3ximos d\u00edas prev\u00e9n otras 48 horas de paro y movilizaciones\" \/>\n<meta name=\"robots\" content=\"index, follow, max-snippet:-1, max-image-preview:large, max-video-preview:-1\" \/>\n<link rel=\"canonical\" href=\"https:\/\/municipales.org.ar\/festram\/municipales-ratifican-medida-fuerza-esta-semana\/\" \/>\n<meta property=\"og:locale\" content=\"es_ES\" \/>\n<meta property=\"og:type\" content=\"article\" \/>\n<meta property=\"og:title\" content=\"Municipales ratifican medida de fuerza esta semana &#8211; FESTRAM\" \/>\n<meta property=\"og:description\" content=\"Si no se arriba a un acuerdo, en los pr\u00f3ximos d\u00edas prev\u00e9n otras 48 horas de paro y movilizaciones\" \/>\n<meta property=\"og:url\" content=\"https:\/\/municipales.org.ar\/festram\/municipales-ratifican-medida-fuerza-esta-semana\/\" \/>\n<meta property=\"og:site_name\" content=\"FESTRAM\" \/>\n<meta property=\"article:publisher\" content=\"https:\/\/www.facebook.com\/MunicipalesSF\" \/>\n<meta property=\"article:published_time\" content=\"2017-03-13T17:22:04+00:00\" \/>\n<meta property=\"article:modified_time\" content=\"2017-03-15T23:10:55+00:00\" \/>\n<meta property=\"og:image\" content=\"https:\/\/municipales.org.ar\/festram\/wp-content\/uploads\/2017\/03\/20170313-plenario001.jpg\" \/>\n\t<meta property=\"og:image:width\" content=\"1800\" \/>\n\t<meta property=\"og:image:height\" content=\"690\" \/>\n\t<meta property=\"og:image:type\" content=\"image\/jpeg\" \/>\n<meta name=\"author\" content=\"mun_admin\" \/>\n<meta name=\"twitter:card\" content=\"summary_large_image\" \/>\n<meta name=\"twitter:image\" content=\"http:\/\/www.municipales.org.ar\/festram\/wp-content\/uploads\/2017\/03\/20170313-plenario001.jpg\" \/>\n<meta name=\"twitter:creator\" content=\"@MunicipalesSF\" \/>\n<meta name=\"twitter:site\" content=\"@MunicipalesSF\" \/>\n<meta name=\"twitter:label1\" content=\"Escrito por\" \/>\n\t<meta name=\"twitter:data1\" content=\"mun_admin\" \/>\n\t<meta name=\"twitter:label2\" content=\"Tiempo de lectura\" \/>\n\t<meta name=\"twitter:data2\" content=\"2 minutos\" \/>\n<script type=\"application\/ld+json\" class=\"yoast-schema-graph\">{\"@context\":\"https:\/\/schema.org\",\"@graph\":[{\"@type\":\"Article\",\"@id\":\"https:\/\/municipales.org.ar\/festram\/municipales-ratifican-medida-fuerza-esta-semana\/#article\",\"isPartOf\":{\"@id\":\"https:\/\/municipales.org.ar\/festram\/municipales-ratifican-medida-fuerza-esta-semana\/\"},\"author\":{\"name\":\"mun_admin\",\"@id\":\"https:\/\/municipales.org.ar\/festram\/#\/schema\/person\/49096a774c48ce9063df4d59ec059f9e\"},\"headline\":\"Municipales ratifican medida de fuerza esta semana\",\"datePublished\":\"2017-03-13T17:22:04+00:00\",\"dateModified\":\"2017-03-15T23:10:55+00:00\",\"mainEntityOfPage\":{\"@id\":\"https:\/\/municipales.org.ar\/festram\/municipales-ratifican-medida-fuerza-esta-semana\/\"},\"wordCount\":341,\"publisher\":{\"@id\":\"https:\/\/municipales.org.ar\/festram\/#organization\"},\"image\":{\"@id\":\"https:\/\/municipales.org.ar\/festram\/municipales-ratifican-medida-fuerza-esta-semana\/#primaryimage\"},\"thumbnailUrl\":\"https:\/\/municipales.org.ar\/festram\/wp-content\/uploads\/2017\/03\/20170313-plenario001.jpg\",\"keywords\":[\"medidas de fuerza\",\"paritaria\",\"pol\u00edtica salarial\"],\"articleSection\":[\"Comunicados 2017\"],\"inLanguage\":\"es\"},{\"@type\":\"WebPage\",\"@id\":\"https:\/\/municipales.org.ar\/festram\/municipales-ratifican-medida-fuerza-esta-semana\/\",\"url\":\"https:\/\/municipales.org.ar\/festram\/municipales-ratifican-medida-fuerza-esta-semana\/\",\"name\":\"Municipales ratifican medida de fuerza esta semana &#8211; FESTRAM\",\"isPartOf\":{\"@id\":\"https:\/\/municipales.org.ar\/festram\/#website\"},\"primaryImageOfPage\":{\"@id\":\"https:\/\/municipales.org.ar\/festram\/municipales-ratifican-medida-fuerza-esta-semana\/#primaryimage\"},\"image\":{\"@id\":\"https:\/\/municipales.org.ar\/festram\/municipales-ratifican-medida-fuerza-esta-semana\/#primaryimage\"},\"thumbnailUrl\":\"https:\/\/municipales.org.ar\/festram\/wp-content\/uploads\/2017\/03\/20170313-plenario001.jpg\",\"datePublished\":\"2017-03-13T17:22:04+00:00\",\"dateModified\":\"2017-03-15T23:10:55+00:00\",\"description\":\"Si no se arriba a un acuerdo, en los pr\u00f3ximos d\u00edas prev\u00e9n otras 48 horas de paro y movilizaciones\",\"breadcrumb\":{\"@id\":\"https:\/\/municipales.org.ar\/festram\/municipales-ratifican-medida-fuerza-esta-semana\/#breadcrumb\"},\"inLanguage\":\"es\",\"potentialAction\":[{\"@type\":\"ReadAction\",\"target\":[\"https:\/\/municipales.org.ar\/festram\/municipales-ratifican-medida-fuerza-esta-semana\/\"]}]},{\"@type\":\"ImageObject\",\"inLanguage\":\"es\",\"@id\":\"https:\/\/municipales.org.ar\/festram\/municipales-ratifican-medida-fuerza-esta-semana\/#primaryimage\",\"url\":\"https:\/\/municipales.org.ar\/festram\/wp-content\/uploads\/2017\/03\/20170313-plenario001.jpg\",\"contentUrl\":\"https:\/\/municipales.org.ar\/festram\/wp-content\/uploads\/2017\/03\/20170313-plenario001.jpg\",\"width\":1800,\"height\":690},{\"@type\":\"BreadcrumbList\",\"@id\":\"https:\/\/municipales.org.ar\/festram\/municipales-ratifican-medida-fuerza-esta-semana\/#breadcrumb\",\"itemListElement\":[{\"@type\":\"ListItem\",\"position\":1,\"name\":\"Portada\",\"item\":\"https:\/\/municipales.org.ar\/festram\/\"},{\"@type\":\"ListItem\",\"position\":2,\"name\":\"Municipales ratifican medida de fuerza esta semana\"}]},{\"@type\":\"WebSite\",\"@id\":\"https:\/\/municipales.org.ar\/festram\/#website\",\"url\":\"https:\/\/municipales.org.ar\/festram\/\",\"name\":\"FESTRAM\",\"description\":\"La web de los trabajadores municipales\",\"publisher\":{\"@id\":\"https:\/\/municipales.org.ar\/festram\/#organization\"},\"potentialAction\":[{\"@type\":\"SearchAction\",\"target\":{\"@type\":\"EntryPoint\",\"urlTemplate\":\"https:\/\/municipales.org.ar\/festram\/?s={search_term_string}\"},\"query-input\":{\"@type\":\"PropertyValueSpecification\",\"valueRequired\":true,\"valueName\":\"search_term_string\"}}],\"inLanguage\":\"es\"},{\"@type\":\"Organization\",\"@id\":\"https:\/\/municipales.org.ar\/festram\/#organization\",\"name\":\"Federaci\u00f3n de Sindicatos de Trabajadores Municipales de la Provincia de Santa Fe\",\"url\":\"https:\/\/municipales.org.ar\/festram\/\",\"logo\":{\"@type\":\"ImageObject\",\"inLanguage\":\"es\",\"@id\":\"https:\/\/municipales.org.ar\/festram\/#\/schema\/logo\/image\/\",\"url\":\"https:\/\/www.municipales.org.ar\/festram\/wp-content\/uploads\/2014\/07\/logo_fes.jpg\",\"contentUrl\":\"https:\/\/www.municipales.org.ar\/festram\/wp-content\/uploads\/2014\/07\/logo_fes.jpg\",\"width\":661,\"height\":673,\"caption\":\"Federaci\u00f3n de Sindicatos de Trabajadores Municipales de la Provincia de Santa Fe\"},\"image\":{\"@id\":\"https:\/\/municipales.org.ar\/festram\/#\/schema\/logo\/image\/\"},\"sameAs\":[\"https:\/\/www.facebook.com\/MunicipalesSF\",\"https:\/\/x.com\/MunicipalesSF\",\"https:\/\/www.youtube.com\/user\/festram\"]},{\"@type\":\"Person\",\"@id\":\"https:\/\/municipales.org.ar\/festram\/#\/schema\/person\/49096a774c48ce9063df4d59ec059f9e\",\"name\":\"mun_admin\"}]}<\/script>\n<!-- \/ Yoast SEO plugin. -->","yoast_head_json":{"title":"Municipales ratifican medida de fuerza esta semana &#8211; FESTRAM","description":"Si no se arriba a un acuerdo, en los pr\u00f3ximos d\u00edas prev\u00e9n otras 48 horas de paro y movilizaciones","robots":{"index":"index","follow":"follow","max-snippet":"max-snippet:-1","max-image-preview":"max-image-preview:large","max-video-preview":"max-video-preview:-1"},"canonical":"https:\/\/municipales.org.ar\/festram\/municipales-ratifican-medida-fuerza-esta-semana\/","og_locale":"es_ES","og_type":"article","og_title":"Municipales ratifican medida de fuerza esta semana &#8211; FESTRAM","og_description":"Si no se arriba a un acuerdo, en los pr\u00f3ximos d\u00edas prev\u00e9n otras 48 horas de paro y movilizaciones","og_url":"https:\/\/municipales.org.ar\/festram\/municipales-ratifican-medida-fuerza-esta-semana\/","og_site_name":"FESTRAM","article_publisher":"https:\/\/www.facebook.com\/MunicipalesSF","article_published_time":"2017-03-13T17:22:04+00:00","article_modified_time":"2017-03-15T23:10:55+00:00","og_image":[{"width":1800,"height":690,"url":"https:\/\/municipales.org.ar\/festram\/wp-content\/uploads\/2017\/03\/20170313-plenario001.jpg","type":"image\/jpeg"}],"author":"mun_admin","twitter_card":"summary_large_image","twitter_image":"http:\/\/www.municipales.org.ar\/festram\/wp-content\/uploads\/2017\/03\/20170313-plenario001.jpg","twitter_creator":"@MunicipalesSF","twitter_site":"@MunicipalesSF","twitter_misc":{"Escrito por":"mun_admin","Tiempo de lectura":"2 minutos"},"schema":{"@context":"https:\/\/schema.org","@graph":[{"@type":"Article","@id":"https:\/\/municipales.org.ar\/festram\/municipales-ratifican-medida-fuerza-esta-semana\/#article","isPartOf":{"@id":"https:\/\/municipales.org.ar\/festram\/municipales-ratifican-medida-fuerza-esta-semana\/"},"author":{"name":"mun_admin","@id":"https:\/\/municipales.org.ar\/festram\/#\/schema\/person\/49096a774c48ce9063df4d59ec059f9e"},"headline":"Municipales ratifican medida de fuerza esta semana","datePublished":"2017-03-13T17:22:04+00:00","dateModified":"2017-03-15T23:10:55+00:00","mainEntityOfPage":{"@id":"https:\/\/municipales.org.ar\/festram\/municipales-ratifican-medida-fuerza-esta-semana\/"},"wordCount":341,"publisher":{"@id":"https:\/\/municipales.org.ar\/festram\/#organization"},"image":{"@id":"https:\/\/municipales.org.ar\/festram\/municipales-ratifican-medida-fuerza-esta-semana\/#primaryimage"},"thumbnailUrl":"https:\/\/municipales.org.ar\/festram\/wp-content\/uploads\/2017\/03\/20170313-plenario001.jpg","keywords":["medidas de fuerza","paritaria","pol\u00edtica salarial"],"articleSection":["Comunicados 2017"],"inLanguage":"es"},{"@type":"WebPage","@id":"https:\/\/municipales.org.ar\/festram\/municipales-ratifican-medida-fuerza-esta-semana\/","url":"https:\/\/municipales.org.ar\/festram\/municipales-ratifican-medida-fuerza-esta-semana\/","name":"Municipales ratifican medida de fuerza esta semana &#8211; FESTRAM","isPartOf":{"@id":"https:\/\/municipales.org.ar\/festram\/#website"},"primaryImageOfPage":{"@id":"https:\/\/municipales.org.ar\/festram\/municipales-ratifican-medida-fuerza-esta-semana\/#primaryimage"},"image":{"@id":"https:\/\/municipales.org.ar\/festram\/municipales-ratifican-medida-fuerza-esta-semana\/#primaryimage"},"thumbnailUrl":"https:\/\/municipales.org.ar\/festram\/wp-content\/uploads\/2017\/03\/20170313-plenario001.jpg","datePublished":"2017-03-13T17:22:04+00:00","dateModified":"2017-03-15T23:10:55+00:00","description":"Si no se arriba a un acuerdo, en los pr\u00f3ximos d\u00edas prev\u00e9n otras 48 horas de paro y movilizaciones","breadcrumb":{"@id":"https:\/\/municipales.org.ar\/festram\/municipales-ratifican-medida-fuerza-esta-semana\/#breadcrumb"},"inLanguage":"es","potentialAction":[{"@type":"ReadAction","target":["https:\/\/municipales.org.ar\/festram\/municipales-ratifican-medida-fuerza-esta-semana\/"]}]},{"@type":"ImageObject","inLanguage":"es","@id":"https:\/\/municipales.org.ar\/festram\/municipales-ratifican-medida-fuerza-esta-semana\/#primaryimage","url":"https:\/\/municipales.org.ar\/festram\/wp-content\/uploads\/2017\/03\/20170313-plenario001.jpg","contentUrl":"https:\/\/municipales.org.ar\/festram\/wp-content\/uploads\/2017\/03\/20170313-plenario001.jpg","width":1800,"height":690},{"@type":"BreadcrumbList","@id":"https:\/\/municipales.org.ar\/festram\/municipales-ratifican-medida-fuerza-esta-semana\/#breadcrumb","itemListElement":[{"@type":"ListItem","position":1,"name":"Portada","item":"https:\/\/municipales.org.ar\/festram\/"},{"@type":"ListItem","position":2,"name":"Municipales ratifican medida de fuerza esta semana"}]},{"@type":"WebSite","@id":"https:\/\/municipales.org.ar\/festram\/#website","url":"https:\/\/municipales.org.ar\/festram\/","name":"FESTRAM","description":"La web de los trabajadores municipales","publisher":{"@id":"https:\/\/municipales.org.ar\/festram\/#organization"},"potentialAction":[{"@type":"SearchAction","target":{"@type":"EntryPoint","urlTemplate":"https:\/\/municipales.org.ar\/festram\/?s={search_term_string}"},"query-input":{"@type":"PropertyValueSpecification","valueRequired":true,"valueName":"search_term_string"}}],"inLanguage":"es"},{"@type":"Organization","@id":"https:\/\/municipales.org.ar\/festram\/#organization","name":"Federaci\u00f3n de Sindicatos de Trabajadores Municipales de la Provincia de Santa Fe","url":"https:\/\/municipales.org.ar\/festram\/","logo":{"@type":"ImageObject","inLanguage":"es","@id":"https:\/\/municipales.org.ar\/festram\/#\/schema\/logo\/image\/","url":"https:\/\/www.municipales.org.ar\/festram\/wp-content\/uploads\/2014\/07\/logo_fes.jpg","contentUrl":"https:\/\/www.municipales.org.ar\/festram\/wp-content\/uploads\/2014\/07\/logo_fes.jpg","width":661,"height":673,"caption":"Federaci\u00f3n de Sindicatos de Trabajadores Municipales de la Provincia de Santa Fe"},"image":{"@id":"https:\/\/municipales.org.ar\/festram\/#\/schema\/logo\/image\/"},"sameAs":["https:\/\/www.facebook.com\/MunicipalesSF","https:\/\/x.com\/MunicipalesSF","https:\/\/www.youtube.com\/user\/festram"]},{"@type":"Person","@id":"https:\/\/municipales.org.ar\/festram\/#\/schema\/person\/49096a774c48ce9063df4d59ec059f9e","name":"mun_admin"}]}},"jetpack_publicize_connections":[],"jetpack_featured_media_url":"https:\/\/municipales.org.ar\/festram\/wp-content\/uploads\/2017\/03\/20170313-plenario001.jpg","jetpack_sharing_enabled":true,"jetpack_likes_enabled":false,"jetpack_shortlink":"https:\/\/wp.me\/p7l4x1-36j","_links":{"self":[{"href":"https:\/\/municipales.org.ar\/festram\/wp-json\/wp\/v2\/posts\/11923","targetHints":{"allow":["GET"]}}],"collection":[{"href":"https:\/\/municipales.org.ar\/festram\/wp-json\/wp\/v2\/posts"}],"about":[{"href":"https:\/\/municipales.org.ar\/festram\/wp-json\/wp\/v2\/types\/post"}],"author":[{"embeddable":true,"href":"https:\/\/municipales.org.ar\/festram\/wp-json\/wp\/v2\/users\/1"}],"replies":[{"embeddable":true,"href":"https:\/\/municipales.org.ar\/festram\/wp-json\/wp\/v2\/comments?post=11923"}],"version-history":[{"count":6,"href":"https:\/\/municipales.org.ar\/festram\/wp-json\/wp\/v2\/posts\/11923\/revisions"}],"predecessor-version":[{"id":11930,"href":"https:\/\/municipales.org.ar\/festram\/wp-json\/wp\/v2\/posts\/11923\/revisions\/11930"}],"wp:featuredmedia":[{"embeddable":true,"href":"https:\/\/municipales.org.ar\/festram\/wp-json\/wp\/v2\/media\/11925"}],"wp:attachment":[{"href":"https:\/\/municipales.org.ar\/festram\/wp-json\/wp\/v2\/media?parent=11923"}],"wp:term":[{"taxonomy":"category","embeddable":true,"href":"https:\/\/municipales.org.ar\/festram\/wp-json\/wp\/v2\/categories?post=11923"},{"taxonomy":"post_tag","embeddable":true,"href":"https:\/\/municipales.org.ar\/festram\/wp-json\/wp\/v2\/tags?post=11923"}],"curies":[{"name":"wp","href":"https:\/\/api.w.org\/{rel}","templated":true}]}}