{"id":11964,"date":"2017-03-15T20:10:20","date_gmt":"2017-03-15T23:10:20","guid":{"rendered":"http:\/\/www.municipales.org.ar\/festram\/?p=11964"},"modified":"2017-03-22T17:22:47","modified_gmt":"2017-03-22T20:22:47","slug":"festram-reclamo-al-gobierno-convoque-la-paritaria-municipal","status":"publish","type":"post","link":"https:\/\/municipales.org.ar\/festram\/festram-reclamo-al-gobierno-convoque-la-paritaria-municipal\/","title":{"rendered":"FESTRAM reclam\u00f3 al Gobierno que convoque a la Paritaria Municipal"},"content":{"rendered":"<h4 class=\"p1\"><b>La Conciliaci\u00f3n Obligatoria evidencia la falta de una propuesta salarial superadora<\/b><\/h4>\n<p class=\"p1\"><span class=\"s1\">La Federaci\u00f3n de Sindicatos de Trabajadores Municipales solicit\u00f3, por la v\u00eda legal correspondiente, al Secretario de Regiones, Municipios y Comunas, que <b>convoque de forma urgente a una nueva reuni\u00f3n de Paritaria a los fines de continuar con las negociaciones, como la \u00fanica alternativa real y efectiva para encontrar una salida al conflicto que mantienen los trabajadores municipales en reclamo de una recomposici\u00f3n salarial.<\/b><\/span><\/p>\n<p class=\"p1\"><span class=\"s1\">En este contexto, FESTRAM llam\u00f3 a los Intendentes a tener una actitud transparente y negociar de buena fe una recomposici\u00f3n salarial sobre la base de las necesidades de los trabajadores y las posibilidades econ\u00f3micas y financieras de los Municipios y Comunas. El gremio insta a la representaci\u00f3n de los Jefes Comunales a abandonar la decisi\u00f3n de imponer las pautas que se originan en las decisiones del Gobierno Nacional y la condescendencia de la Provincia a estas pol\u00edticas de ajuste que condicionan la libertad de la negociaci\u00f3n colectiva.<\/span><\/p>\n<p class=\"p1\"><span class=\"s1\">Las medidas de fuerza y las movilizaciones que se concretaron en el mes de diciembre de 2016 exigiendo la apertura de paritarias, terminaron con un acuerdo impuesto bajo amenazas de poner fin a la negociaci\u00f3n colectiva, pero tambi\u00e9n con el compromiso de reiniciar la discusi\u00f3n paritaria en Enero de 2017.<\/span><\/p>\n<p class=\"p1\"><span class=\"s1\">Los Intendentes no cumplieron con lo pactado para reabrir las paritarias el primer mes del a\u00f1o, no gestionaron la actualizaci\u00f3n de las depreciadas Asignaciones Familiares y en las reuniones posteriores se limitaron a hacer ofertas iguales a las que recibi\u00f3 el sector p\u00fablico provincial, incluso despu\u00e9s de ser rechazadas tambi\u00e9n por otras organizaciones sindicales estatales.<\/span><\/p>\n<h3 class=\"p1\"><span class=\"s1\"><b>Conciliaci\u00f3n Obligatoria y estado del conflicto<\/b><\/span><\/h3>\n<p class=\"p1\"><span class=\"s1\">El pedido de la Conciliaci\u00f3n Obligatoria aparece como un claro mensaje de la falta de voluntad de di\u00e1logo para la b\u00fasqueda de alternativas que permitan superar el conflicto, y deja de manifiesto que no est\u00e1n dispuestos a mejorar la oferta salarial para imponer pautas que constituyen un techo a la recuperaci\u00f3n del poder adquisitivo del salario.<\/span><\/p>\n<p class=\"p1\"><span class=\"s1\">La decisi\u00f3n del Ministerio de Trabajo de la Provincia, adem\u00e1s de ilegal e ileg\u00edtima, resulta una copia de la actitud asumida por el Gobierno Bonaerense en el conflicto docente, para limitar el derecho de huelga y la negociaci\u00f3n colectiva.<\/span><\/p>\n<p class=\"p1\"><span class=\"s1\">La Conciliaci\u00f3n Obligatoria que se dicta es una decisi\u00f3n unilateral subjetiva, porque las medidas anunciadas para la semana que viene est\u00e1n condicionadas para el caso que fracase la negociaci\u00f3n en los pr\u00f3ximos d\u00edas, con lo cual el Ministerio presupone que los representantes de Intendentes y Presidentes Comunales no tienen propuestas, y consecuentemente se pretende disciplinar a los trabajadores limitando el derecho constitucional de huelga.<\/span><\/p>\n<p class=\"p1\"><span class=\"s1\">Los salarios de los trabajadores que fueron diezmados con inflaci\u00f3n, tarifazos y aumentos desmedidos en la canasta b\u00e1sica alimentaria y escolar, se encuentran congelados desde Julio de 2016. Lo que implica -seg\u00fan datos del IPEC- que la p\u00e9rdida del salario frente a la inflaci\u00f3n a Febrero de 2017 es del 11,4 %; y con los datos de los primeros meses del a\u00f1o, la inflaci\u00f3n proyectada estar\u00e1 por arriba del 22%. Con el Salario M\u00ednimo Garantizado de $9.050 y una Canasta B\u00e1sica Total medida por el INDEC en $13.180, los Estados Municipales y Comunales est\u00e1n dejando a miles de trabajadores debajo de la l\u00ednea de pobreza.<\/span><\/p>\n<p class=\"p1\"><span class=\"s1\">En la Provincia de Santa Fe, las Asignaciones Familiares permanecen congeladas desde Agosto de 2014, abon\u00e1ndose $40 por c\u00f3nyuge frente a los $231 que perciben el resto de los trabajadores, la asignaci\u00f3n por hijo es de $260 con un retraso del\u00a0400% y la ayuda escolar anual para los trabajadores municipales es de $170, incomparables con los $ 808 que rigen en el sistema nacional. Las familias de los trabajadores deben afrontar una canasta b\u00e1sica escolar que se ubica en $1.215 por alumno.<\/span><\/p>\n<p class=\"p1\"><span class=\"s1\">En el marco de esta angustiante situaci\u00f3n social, el Ministerio de Trabajo ha sido incapaz de hacer cumplir la Conciliaci\u00f3n Obligatoria a Intendentes y Presidentes Comunales, sometiendo sus responsabilidades legales e institucionales a las decisiones autoritarias de los Jefes Comunales como los de la Ciudad de Las Rosas y San Carlos Centro, permitiendo en silencio, el abuso de autoridad y las pr\u00e1cticas antisindicales que los caracterizan.<\/span><\/p>\n<p class=\"p1\"><span class=\"s1\">La Conciliaci\u00f3n Obligatoria dispuesta por el Ministerio de Trabajo -lejos de contribuir a la paz social- ha favorecido a exacerbar los \u00e1nimos entre los trabajadores y las autoridades comunales. Facilita mecanismos de amenazas de descuentos y medidas disciplinarias, en lugar de gestionar y proveer al di\u00e1logo en medio de un creciente malestar social de los sectores del trabajo.<\/span><\/p>\n<p class=\"p1\"><span class=\"s1\">Es por eso que reafirmamos que la salida de este conflicto, no est\u00e1 con la Conciliaci\u00f3n Obligatoria, ni con imposiciones de techos salariales, sino en el di\u00e1logo social, que permita palear la cr\u00edtica situaci\u00f3n de los trabajadores dentro de un entendimiento responsable y equitativo en el marco de la Ley 9.996.<\/span><\/p>\n<h6 class=\"p1\"><span class=\"s2\">Prensa FESTRAM<\/span><\/h6>\n","protected":false},"excerpt":{"rendered":"<p>La Conciliaci\u00f3n Obligatoria evidencia la falta de una propuesta salarial superadora<\/p>\n","protected":false},"author":1,"featured_media":11965,"comment_status":"closed","ping_status":"closed","sticky":false,"template":"","format":"standard","meta":{"_jetpack_memberships_contains_paid_content":false,"footnotes":"","jetpack_publicize_message":"FESTRAM reclam\u00f3 al Gobierno que convoque a la Paritaria Municipal","jetpack_publicize_feature_enabled":true,"jetpack_social_post_already_shared":true,"jetpack_social_options":{"image_generator_settings":{"template":"highway","default_image_id":0,"font":"","enabled":false},"version":2}},"categories":[159],"tags":[71,41,69],"class_list":["post-11964","post","type-post","status-publish","format-standard","has-post-thumbnail","hentry","category-comunicados-2017","tag-medidas-de-fuerza","tag-paritaria","tag-politica-salarial"],"yoast_head":"<!-- This site is optimized with the Yoast SEO plugin v25.9 - https:\/\/yoast.com\/wordpress\/plugins\/seo\/ -->\n<title>FESTRAM reclam\u00f3 al Gobierno que convoque a la Paritaria Municipal &#8211; FESTRAM<\/title>\n<meta name=\"description\" content=\"La Conciliaci\u00f3n Obligatoria evidencia la falta de una propuesta salarial superadora\" \/>\n<meta name=\"robots\" content=\"index, follow, max-snippet:-1, max-image-preview:large, max-video-preview:-1\" \/>\n<link rel=\"canonical\" href=\"https:\/\/municipales.org.ar\/festram\/festram-reclamo-al-gobierno-convoque-la-paritaria-municipal\/\" \/>\n<meta property=\"og:locale\" content=\"es_ES\" \/>\n<meta property=\"og:type\" content=\"article\" \/>\n<meta property=\"og:title\" content=\"FESTRAM reclam\u00f3 al Gobierno que convoque a la Paritaria Municipal &#8211; FESTRAM\" \/>\n<meta property=\"og:description\" content=\"La Conciliaci\u00f3n Obligatoria evidencia la falta de una propuesta salarial superadora\" \/>\n<meta property=\"og:url\" content=\"https:\/\/municipales.org.ar\/festram\/festram-reclamo-al-gobierno-convoque-la-paritaria-municipal\/\" \/>\n<meta property=\"og:site_name\" content=\"FESTRAM\" \/>\n<meta property=\"article:publisher\" content=\"https:\/\/www.facebook.com\/MunicipalesSF\" \/>\n<meta property=\"article:published_time\" content=\"2017-03-15T23:10:20+00:00\" \/>\n<meta property=\"article:modified_time\" content=\"2017-03-22T20:22:47+00:00\" \/>\n<meta property=\"og:image\" content=\"https:\/\/municipales.org.ar\/festram\/wp-content\/uploads\/2017\/03\/20170303-paritaria012.jpg\" \/>\n\t<meta property=\"og:image:width\" content=\"2000\" \/>\n\t<meta property=\"og:image:height\" content=\"933\" \/>\n\t<meta property=\"og:image:type\" content=\"image\/jpeg\" \/>\n<meta name=\"author\" content=\"mun_admin\" \/>\n<meta name=\"twitter:card\" content=\"summary_large_image\" \/>\n<meta name=\"twitter:creator\" content=\"@MunicipalesSF\" \/>\n<meta name=\"twitter:site\" content=\"@MunicipalesSF\" \/>\n<meta name=\"twitter:label1\" content=\"Escrito por\" \/>\n\t<meta name=\"twitter:data1\" content=\"mun_admin\" \/>\n\t<meta name=\"twitter:label2\" content=\"Tiempo de lectura\" \/>\n\t<meta name=\"twitter:data2\" content=\"4 minutos\" \/>\n<script type=\"application\/ld+json\" class=\"yoast-schema-graph\">{\"@context\":\"https:\/\/schema.org\",\"@graph\":[{\"@type\":\"Article\",\"@id\":\"https:\/\/municipales.org.ar\/festram\/festram-reclamo-al-gobierno-convoque-la-paritaria-municipal\/#article\",\"isPartOf\":{\"@id\":\"https:\/\/municipales.org.ar\/festram\/festram-reclamo-al-gobierno-convoque-la-paritaria-municipal\/\"},\"author\":{\"name\":\"mun_admin\",\"@id\":\"https:\/\/municipales.org.ar\/festram\/#\/schema\/person\/49096a774c48ce9063df4d59ec059f9e\"},\"headline\":\"FESTRAM reclam\u00f3 al Gobierno que convoque a la Paritaria Municipal\",\"datePublished\":\"2017-03-15T23:10:20+00:00\",\"dateModified\":\"2017-03-22T20:22:47+00:00\",\"mainEntityOfPage\":{\"@id\":\"https:\/\/municipales.org.ar\/festram\/festram-reclamo-al-gobierno-convoque-la-paritaria-municipal\/\"},\"wordCount\":846,\"publisher\":{\"@id\":\"https:\/\/municipales.org.ar\/festram\/#organization\"},\"image\":{\"@id\":\"https:\/\/municipales.org.ar\/festram\/festram-reclamo-al-gobierno-convoque-la-paritaria-municipal\/#primaryimage\"},\"thumbnailUrl\":\"https:\/\/municipales.org.ar\/festram\/wp-content\/uploads\/2017\/03\/20170303-paritaria012.jpg\",\"keywords\":[\"medidas de fuerza\",\"paritaria\",\"pol\u00edtica salarial\"],\"articleSection\":[\"Comunicados 2017\"],\"inLanguage\":\"es\"},{\"@type\":\"WebPage\",\"@id\":\"https:\/\/municipales.org.ar\/festram\/festram-reclamo-al-gobierno-convoque-la-paritaria-municipal\/\",\"url\":\"https:\/\/municipales.org.ar\/festram\/festram-reclamo-al-gobierno-convoque-la-paritaria-municipal\/\",\"name\":\"FESTRAM reclam\u00f3 al Gobierno que convoque a la Paritaria Municipal &#8211; FESTRAM\",\"isPartOf\":{\"@id\":\"https:\/\/municipales.org.ar\/festram\/#website\"},\"primaryImageOfPage\":{\"@id\":\"https:\/\/municipales.org.ar\/festram\/festram-reclamo-al-gobierno-convoque-la-paritaria-municipal\/#primaryimage\"},\"image\":{\"@id\":\"https:\/\/municipales.org.ar\/festram\/festram-reclamo-al-gobierno-convoque-la-paritaria-municipal\/#primaryimage\"},\"thumbnailUrl\":\"https:\/\/municipales.org.ar\/festram\/wp-content\/uploads\/2017\/03\/20170303-paritaria012.jpg\",\"datePublished\":\"2017-03-15T23:10:20+00:00\",\"dateModified\":\"2017-03-22T20:22:47+00:00\",\"description\":\"La Conciliaci\u00f3n Obligatoria evidencia la falta de una propuesta salarial superadora\",\"breadcrumb\":{\"@id\":\"https:\/\/municipales.org.ar\/festram\/festram-reclamo-al-gobierno-convoque-la-paritaria-municipal\/#breadcrumb\"},\"inLanguage\":\"es\",\"potentialAction\":[{\"@type\":\"ReadAction\",\"target\":[\"https:\/\/municipales.org.ar\/festram\/festram-reclamo-al-gobierno-convoque-la-paritaria-municipal\/\"]}]},{\"@type\":\"ImageObject\",\"inLanguage\":\"es\",\"@id\":\"https:\/\/municipales.org.ar\/festram\/festram-reclamo-al-gobierno-convoque-la-paritaria-municipal\/#primaryimage\",\"url\":\"https:\/\/municipales.org.ar\/festram\/wp-content\/uploads\/2017\/03\/20170303-paritaria012.jpg\",\"contentUrl\":\"https:\/\/municipales.org.ar\/festram\/wp-content\/uploads\/2017\/03\/20170303-paritaria012.jpg\",\"width\":2000,\"height\":933},{\"@type\":\"BreadcrumbList\",\"@id\":\"https:\/\/municipales.org.ar\/festram\/festram-reclamo-al-gobierno-convoque-la-paritaria-municipal\/#breadcrumb\",\"itemListElement\":[{\"@type\":\"ListItem\",\"position\":1,\"name\":\"Portada\",\"item\":\"https:\/\/municipales.org.ar\/festram\/\"},{\"@type\":\"ListItem\",\"position\":2,\"name\":\"FESTRAM reclam\u00f3 al Gobierno que convoque a la Paritaria Municipal\"}]},{\"@type\":\"WebSite\",\"@id\":\"https:\/\/municipales.org.ar\/festram\/#website\",\"url\":\"https:\/\/municipales.org.ar\/festram\/\",\"name\":\"FESTRAM\",\"description\":\"La web de los trabajadores municipales\",\"publisher\":{\"@id\":\"https:\/\/municipales.org.ar\/festram\/#organization\"},\"potentialAction\":[{\"@type\":\"SearchAction\",\"target\":{\"@type\":\"EntryPoint\",\"urlTemplate\":\"https:\/\/municipales.org.ar\/festram\/?s={search_term_string}\"},\"query-input\":{\"@type\":\"PropertyValueSpecification\",\"valueRequired\":true,\"valueName\":\"search_term_string\"}}],\"inLanguage\":\"es\"},{\"@type\":\"Organization\",\"@id\":\"https:\/\/municipales.org.ar\/festram\/#organization\",\"name\":\"Federaci\u00f3n de Sindicatos de Trabajadores Municipales de la Provincia de Santa Fe\",\"url\":\"https:\/\/municipales.org.ar\/festram\/\",\"logo\":{\"@type\":\"ImageObject\",\"inLanguage\":\"es\",\"@id\":\"https:\/\/municipales.org.ar\/festram\/#\/schema\/logo\/image\/\",\"url\":\"https:\/\/www.municipales.org.ar\/festram\/wp-content\/uploads\/2014\/07\/logo_fes.jpg\",\"contentUrl\":\"https:\/\/www.municipales.org.ar\/festram\/wp-content\/uploads\/2014\/07\/logo_fes.jpg\",\"width\":661,\"height\":673,\"caption\":\"Federaci\u00f3n de Sindicatos de Trabajadores Municipales de la Provincia de Santa Fe\"},\"image\":{\"@id\":\"https:\/\/municipales.org.ar\/festram\/#\/schema\/logo\/image\/\"},\"sameAs\":[\"https:\/\/www.facebook.com\/MunicipalesSF\",\"https:\/\/x.com\/MunicipalesSF\",\"https:\/\/www.youtube.com\/user\/festram\"]},{\"@type\":\"Person\",\"@id\":\"https:\/\/municipales.org.ar\/festram\/#\/schema\/person\/49096a774c48ce9063df4d59ec059f9e\",\"name\":\"mun_admin\"}]}<\/script>\n<!-- \/ Yoast SEO plugin. -->","yoast_head_json":{"title":"FESTRAM reclam\u00f3 al Gobierno que convoque a la Paritaria Municipal &#8211; FESTRAM","description":"La Conciliaci\u00f3n Obligatoria evidencia la falta de una propuesta salarial superadora","robots":{"index":"index","follow":"follow","max-snippet":"max-snippet:-1","max-image-preview":"max-image-preview:large","max-video-preview":"max-video-preview:-1"},"canonical":"https:\/\/municipales.org.ar\/festram\/festram-reclamo-al-gobierno-convoque-la-paritaria-municipal\/","og_locale":"es_ES","og_type":"article","og_title":"FESTRAM reclam\u00f3 al Gobierno que convoque a la Paritaria Municipal &#8211; FESTRAM","og_description":"La Conciliaci\u00f3n Obligatoria evidencia la falta de una propuesta salarial superadora","og_url":"https:\/\/municipales.org.ar\/festram\/festram-reclamo-al-gobierno-convoque-la-paritaria-municipal\/","og_site_name":"FESTRAM","article_publisher":"https:\/\/www.facebook.com\/MunicipalesSF","article_published_time":"2017-03-15T23:10:20+00:00","article_modified_time":"2017-03-22T20:22:47+00:00","og_image":[{"width":2000,"height":933,"url":"https:\/\/municipales.org.ar\/festram\/wp-content\/uploads\/2017\/03\/20170303-paritaria012.jpg","type":"image\/jpeg"}],"author":"mun_admin","twitter_card":"summary_large_image","twitter_creator":"@MunicipalesSF","twitter_site":"@MunicipalesSF","twitter_misc":{"Escrito por":"mun_admin","Tiempo de lectura":"4 minutos"},"schema":{"@context":"https:\/\/schema.org","@graph":[{"@type":"Article","@id":"https:\/\/municipales.org.ar\/festram\/festram-reclamo-al-gobierno-convoque-la-paritaria-municipal\/#article","isPartOf":{"@id":"https:\/\/municipales.org.ar\/festram\/festram-reclamo-al-gobierno-convoque-la-paritaria-municipal\/"},"author":{"name":"mun_admin","@id":"https:\/\/municipales.org.ar\/festram\/#\/schema\/person\/49096a774c48ce9063df4d59ec059f9e"},"headline":"FESTRAM reclam\u00f3 al Gobierno que convoque a la Paritaria Municipal","datePublished":"2017-03-15T23:10:20+00:00","dateModified":"2017-03-22T20:22:47+00:00","mainEntityOfPage":{"@id":"https:\/\/municipales.org.ar\/festram\/festram-reclamo-al-gobierno-convoque-la-paritaria-municipal\/"},"wordCount":846,"publisher":{"@id":"https:\/\/municipales.org.ar\/festram\/#organization"},"image":{"@id":"https:\/\/municipales.org.ar\/festram\/festram-reclamo-al-gobierno-convoque-la-paritaria-municipal\/#primaryimage"},"thumbnailUrl":"https:\/\/municipales.org.ar\/festram\/wp-content\/uploads\/2017\/03\/20170303-paritaria012.jpg","keywords":["medidas de fuerza","paritaria","pol\u00edtica salarial"],"articleSection":["Comunicados 2017"],"inLanguage":"es"},{"@type":"WebPage","@id":"https:\/\/municipales.org.ar\/festram\/festram-reclamo-al-gobierno-convoque-la-paritaria-municipal\/","url":"https:\/\/municipales.org.ar\/festram\/festram-reclamo-al-gobierno-convoque-la-paritaria-municipal\/","name":"FESTRAM reclam\u00f3 al Gobierno que convoque a la Paritaria Municipal &#8211; FESTRAM","isPartOf":{"@id":"https:\/\/municipales.org.ar\/festram\/#website"},"primaryImageOfPage":{"@id":"https:\/\/municipales.org.ar\/festram\/festram-reclamo-al-gobierno-convoque-la-paritaria-municipal\/#primaryimage"},"image":{"@id":"https:\/\/municipales.org.ar\/festram\/festram-reclamo-al-gobierno-convoque-la-paritaria-municipal\/#primaryimage"},"thumbnailUrl":"https:\/\/municipales.org.ar\/festram\/wp-content\/uploads\/2017\/03\/20170303-paritaria012.jpg","datePublished":"2017-03-15T23:10:20+00:00","dateModified":"2017-03-22T20:22:47+00:00","description":"La Conciliaci\u00f3n Obligatoria evidencia la falta de una propuesta salarial superadora","breadcrumb":{"@id":"https:\/\/municipales.org.ar\/festram\/festram-reclamo-al-gobierno-convoque-la-paritaria-municipal\/#breadcrumb"},"inLanguage":"es","potentialAction":[{"@type":"ReadAction","target":["https:\/\/municipales.org.ar\/festram\/festram-reclamo-al-gobierno-convoque-la-paritaria-municipal\/"]}]},{"@type":"ImageObject","inLanguage":"es","@id":"https:\/\/municipales.org.ar\/festram\/festram-reclamo-al-gobierno-convoque-la-paritaria-municipal\/#primaryimage","url":"https:\/\/municipales.org.ar\/festram\/wp-content\/uploads\/2017\/03\/20170303-paritaria012.jpg","contentUrl":"https:\/\/municipales.org.ar\/festram\/wp-content\/uploads\/2017\/03\/20170303-paritaria012.jpg","width":2000,"height":933},{"@type":"BreadcrumbList","@id":"https:\/\/municipales.org.ar\/festram\/festram-reclamo-al-gobierno-convoque-la-paritaria-municipal\/#breadcrumb","itemListElement":[{"@type":"ListItem","position":1,"name":"Portada","item":"https:\/\/municipales.org.ar\/festram\/"},{"@type":"ListItem","position":2,"name":"FESTRAM reclam\u00f3 al Gobierno que convoque a la Paritaria Municipal"}]},{"@type":"WebSite","@id":"https:\/\/municipales.org.ar\/festram\/#website","url":"https:\/\/municipales.org.ar\/festram\/","name":"FESTRAM","description":"La web de los trabajadores municipales","publisher":{"@id":"https:\/\/municipales.org.ar\/festram\/#organization"},"potentialAction":[{"@type":"SearchAction","target":{"@type":"EntryPoint","urlTemplate":"https:\/\/municipales.org.ar\/festram\/?s={search_term_string}"},"query-input":{"@type":"PropertyValueSpecification","valueRequired":true,"valueName":"search_term_string"}}],"inLanguage":"es"},{"@type":"Organization","@id":"https:\/\/municipales.org.ar\/festram\/#organization","name":"Federaci\u00f3n de Sindicatos de Trabajadores Municipales de la Provincia de Santa Fe","url":"https:\/\/municipales.org.ar\/festram\/","logo":{"@type":"ImageObject","inLanguage":"es","@id":"https:\/\/municipales.org.ar\/festram\/#\/schema\/logo\/image\/","url":"https:\/\/www.municipales.org.ar\/festram\/wp-content\/uploads\/2014\/07\/logo_fes.jpg","contentUrl":"https:\/\/www.municipales.org.ar\/festram\/wp-content\/uploads\/2014\/07\/logo_fes.jpg","width":661,"height":673,"caption":"Federaci\u00f3n de Sindicatos de Trabajadores Municipales de la Provincia de Santa Fe"},"image":{"@id":"https:\/\/municipales.org.ar\/festram\/#\/schema\/logo\/image\/"},"sameAs":["https:\/\/www.facebook.com\/MunicipalesSF","https:\/\/x.com\/MunicipalesSF","https:\/\/www.youtube.com\/user\/festram"]},{"@type":"Person","@id":"https:\/\/municipales.org.ar\/festram\/#\/schema\/person\/49096a774c48ce9063df4d59ec059f9e","name":"mun_admin"}]}},"jetpack_publicize_connections":[],"jetpack_featured_media_url":"https:\/\/municipales.org.ar\/festram\/wp-content\/uploads\/2017\/03\/20170303-paritaria012.jpg","jetpack_sharing_enabled":true,"jetpack_likes_enabled":false,"jetpack_shortlink":"https:\/\/wp.me\/p7l4x1-36Y","_links":{"self":[{"href":"https:\/\/municipales.org.ar\/festram\/wp-json\/wp\/v2\/posts\/11964","targetHints":{"allow":["GET"]}}],"collection":[{"href":"https:\/\/municipales.org.ar\/festram\/wp-json\/wp\/v2\/posts"}],"about":[{"href":"https:\/\/municipales.org.ar\/festram\/wp-json\/wp\/v2\/types\/post"}],"author":[{"embeddable":true,"href":"https:\/\/municipales.org.ar\/festram\/wp-json\/wp\/v2\/users\/1"}],"replies":[{"embeddable":true,"href":"https:\/\/municipales.org.ar\/festram\/wp-json\/wp\/v2\/comments?post=11964"}],"version-history":[{"count":2,"href":"https:\/\/municipales.org.ar\/festram\/wp-json\/wp\/v2\/posts\/11964\/revisions"}],"predecessor-version":[{"id":11967,"href":"https:\/\/municipales.org.ar\/festram\/wp-json\/wp\/v2\/posts\/11964\/revisions\/11967"}],"wp:featuredmedia":[{"embeddable":true,"href":"https:\/\/municipales.org.ar\/festram\/wp-json\/wp\/v2\/media\/11965"}],"wp:attachment":[{"href":"https:\/\/municipales.org.ar\/festram\/wp-json\/wp\/v2\/media?parent=11964"}],"wp:term":[{"taxonomy":"category","embeddable":true,"href":"https:\/\/municipales.org.ar\/festram\/wp-json\/wp\/v2\/categories?post=11964"},{"taxonomy":"post_tag","embeddable":true,"href":"https:\/\/municipales.org.ar\/festram\/wp-json\/wp\/v2\/tags?post=11964"}],"curies":[{"name":"wp","href":"https:\/\/api.w.org\/{rel}","templated":true}]}}