{"id":11976,"date":"2017-03-20T12:59:31","date_gmt":"2017-03-20T15:59:31","guid":{"rendered":"http:\/\/www.municipales.org.ar\/festram\/?p=11976"},"modified":"2017-03-23T15:28:57","modified_gmt":"2017-03-23T18:28:57","slug":"los-sindicatos-festram-rechazaron-la-conciliacion-obligatoria","status":"publish","type":"post","link":"https:\/\/municipales.org.ar\/festram\/los-sindicatos-festram-rechazaron-la-conciliacion-obligatoria\/","title":{"rendered":"Los Sindicatos de FESTRAM rechazaron la conciliaci\u00f3n obligatoria"},"content":{"rendered":"<h4>Los supuestos de la Conciliaci\u00f3n no existen y exigen que primero se apliquen sanciones a los Intendentes que no la acataron anteriormente.<\/h4>\n<p>[soundcloud url=\u00bbhttps:\/\/api.soundcloud.com\/tracks\/313452392&#8243; params=\u00bbauto_play=false&amp;hide_related=false&amp;show_comments=true&amp;show_user=true&amp;show_reposts=false&amp;visual=true\u00bb width=\u00bb100%\u00bb height=\u00bb150&#8243; iframe=\u00bbtrue\u00bb \/]<\/p>\n<p>El Plenario de Secretarios Generales de FESTRAM, resolvi\u00f3 rechazar la Conciliaci\u00f3n Obligatoria por considerar que los argumentos del Ministerio de Trabajo no se ajustan a las causas que generan el conflicto del sector, que adem\u00e1s son de igual naturaleza que motiva a otras Organizaciones Sindicales a id\u00e9ntico proceder; las cuales no fueron alcanzadas por estas mismas decisiones ministeriales. Por ello la Resoluci\u00f3n adoptada por la Cartera Laboral es claramente discriminatoria para los Trabajadores Municipales y Comunales santafesinos.<\/p>\n<p>Los Sindicatos reclamaron que el Ministerio de Trabajo imponga las penalidades al Intendente de Las Rosas y que se ajuste a derecho para no desprestigiar un instrumento fundamental como es la Conciliaci\u00f3n y el Arbitraje, a la que FESTRAM hist\u00f3ricamente acat\u00f3.<\/p>\n<p>Por otra parte, el Plenario Sindical, resolvi\u00f3 ratificar el Plan de Lucha resuelto para los d\u00edas Mi\u00e9rcoles y Jueves de esta semana con movilizaci\u00f3n a las Intendencias de Santa Fe y Rosario,\u00a0pero facult\u00f3 a los Paritarios de FESTRAM para que lo suspendan o modifiquen\u00a0si los representantes de los Intendentes y Presidentes Comunales retornan al marco de las negociaciones y efect\u00faan una propuesta salarial que se considere razonable para los trabajadores del sector.<\/p>\n<p>En este sentido, el Plenario le otorg\u00f3 mandato a sus paritarios con pautas precisas para la negociaci\u00f3n. Exigieron que se contemple la p\u00e9rdida del poder adquisitivo del salario sufrida durante al a\u00f1o 2016; una pol\u00edtica salarial 2017 que se ajuste a la verdadera tendencia inflacionaria del corriente a\u00f1o y admitieron la consideraci\u00f3n de la cl\u00e1usula de actualizaci\u00f3n manteniendo el costo de las remuneraciones del a\u00f1o pasado, habida cuenta del importante aumento de coparticipaci\u00f3n que recibieron los Municipios en el 2016 ubic\u00e1ndose en el 52% en relaci\u00f3n al a\u00f1o anterior.<\/p>\n<p>Reclamaron tambi\u00e9n un incremento m\u00ednimo garantizado de bolsillo que asegure a todos los trabajadores superar la l\u00ednea de pobreza. Piden la incorporaci\u00f3n del 3% a los sueldos b\u00e1sicos que perdura en algunos Municipios desde el acuerdo paritario anterior. Se exige una soluci\u00f3n que equipare las Asignaciones Familiares con las vigentes en el Estado Nacional, la obligatoriedad de las Comunas del Departamento San Crist\u00f3bal a pagar el 2% de antig\u00fcedad y el pago inmediato a los Jubilados y Pensionados de los montos fijos pactados como recomposici\u00f3n salarial 2016.<\/p>\n<h6>Prensa FESTRAM<\/h6>\n","protected":false},"excerpt":{"rendered":"<p>Los supuestos de la Conciliaci\u00f3n no existen y exigen que primero se apliquen sanciones a los Intendentes que no la acataron anteriormente.<\/p>\n","protected":false},"author":1,"featured_media":11977,"comment_status":"closed","ping_status":"closed","sticky":false,"template":"","format":"standard","meta":{"_jetpack_memberships_contains_paid_content":false,"footnotes":"","jetpack_publicize_message":"","jetpack_publicize_feature_enabled":true,"jetpack_social_post_already_shared":true,"jetpack_social_options":{"image_generator_settings":{"template":"highway","default_image_id":0,"font":"","enabled":false},"version":2}},"categories":[159],"tags":[71,41,69],"class_list":["post-11976","post","type-post","status-publish","format-standard","has-post-thumbnail","hentry","category-comunicados-2017","tag-medidas-de-fuerza","tag-paritaria","tag-politica-salarial"],"yoast_head":"<!-- This site is optimized with the Yoast SEO plugin v25.9 - https:\/\/yoast.com\/wordpress\/plugins\/seo\/ -->\n<title>Los Sindicatos de FESTRAM rechazaron la conciliaci\u00f3n obligatoria &#8211; FESTRAM<\/title>\n<meta name=\"description\" content=\"Los supuestos de la Conciliaci\u00f3n no existen y exigen que primero se apliquen sanciones a los Intendentes que no la acataron anteriormente.\" \/>\n<meta name=\"robots\" content=\"index, follow, max-snippet:-1, max-image-preview:large, max-video-preview:-1\" \/>\n<link rel=\"canonical\" href=\"https:\/\/municipales.org.ar\/festram\/los-sindicatos-festram-rechazaron-la-conciliacion-obligatoria\/\" \/>\n<meta property=\"og:locale\" content=\"es_ES\" \/>\n<meta property=\"og:type\" content=\"article\" \/>\n<meta property=\"og:title\" content=\"Los Sindicatos de FESTRAM rechazaron la conciliaci\u00f3n obligatoria &#8211; FESTRAM\" \/>\n<meta property=\"og:description\" content=\"Los supuestos de la Conciliaci\u00f3n no existen y exigen que primero se apliquen sanciones a los Intendentes que no la acataron anteriormente.\" \/>\n<meta property=\"og:url\" content=\"https:\/\/municipales.org.ar\/festram\/los-sindicatos-festram-rechazaron-la-conciliacion-obligatoria\/\" \/>\n<meta property=\"og:site_name\" content=\"FESTRAM\" \/>\n<meta property=\"article:publisher\" content=\"https:\/\/www.facebook.com\/MunicipalesSF\" \/>\n<meta property=\"article:published_time\" content=\"2017-03-20T15:59:31+00:00\" \/>\n<meta property=\"article:modified_time\" content=\"2017-03-23T18:28:57+00:00\" \/>\n<meta property=\"og:image\" content=\"https:\/\/municipales.org.ar\/festram\/wp-content\/uploads\/2017\/03\/20170320-plenario004.jpg\" \/>\n\t<meta property=\"og:image:width\" content=\"2000\" \/>\n\t<meta property=\"og:image:height\" content=\"1191\" \/>\n\t<meta property=\"og:image:type\" content=\"image\/jpeg\" \/>\n<meta name=\"author\" content=\"mun_admin\" \/>\n<meta name=\"twitter:card\" content=\"summary_large_image\" \/>\n<meta name=\"twitter:creator\" content=\"@MunicipalesSF\" \/>\n<meta name=\"twitter:site\" content=\"@MunicipalesSF\" \/>\n<meta name=\"twitter:label1\" content=\"Escrito por\" \/>\n\t<meta name=\"twitter:data1\" content=\"mun_admin\" \/>\n\t<meta name=\"twitter:label2\" content=\"Tiempo de lectura\" \/>\n\t<meta name=\"twitter:data2\" content=\"2 minutos\" \/>\n<script type=\"application\/ld+json\" class=\"yoast-schema-graph\">{\"@context\":\"https:\/\/schema.org\",\"@graph\":[{\"@type\":\"Article\",\"@id\":\"https:\/\/municipales.org.ar\/festram\/los-sindicatos-festram-rechazaron-la-conciliacion-obligatoria\/#article\",\"isPartOf\":{\"@id\":\"https:\/\/municipales.org.ar\/festram\/los-sindicatos-festram-rechazaron-la-conciliacion-obligatoria\/\"},\"author\":{\"name\":\"mun_admin\",\"@id\":\"https:\/\/municipales.org.ar\/festram\/#\/schema\/person\/49096a774c48ce9063df4d59ec059f9e\"},\"headline\":\"Los Sindicatos de FESTRAM rechazaron la conciliaci\u00f3n obligatoria\",\"datePublished\":\"2017-03-20T15:59:31+00:00\",\"dateModified\":\"2017-03-23T18:28:57+00:00\",\"mainEntityOfPage\":{\"@id\":\"https:\/\/municipales.org.ar\/festram\/los-sindicatos-festram-rechazaron-la-conciliacion-obligatoria\/\"},\"wordCount\":461,\"publisher\":{\"@id\":\"https:\/\/municipales.org.ar\/festram\/#organization\"},\"image\":{\"@id\":\"https:\/\/municipales.org.ar\/festram\/los-sindicatos-festram-rechazaron-la-conciliacion-obligatoria\/#primaryimage\"},\"thumbnailUrl\":\"https:\/\/municipales.org.ar\/festram\/wp-content\/uploads\/2017\/03\/20170320-plenario004.jpg\",\"keywords\":[\"medidas de fuerza\",\"paritaria\",\"pol\u00edtica salarial\"],\"articleSection\":[\"Comunicados 2017\"],\"inLanguage\":\"es\"},{\"@type\":\"WebPage\",\"@id\":\"https:\/\/municipales.org.ar\/festram\/los-sindicatos-festram-rechazaron-la-conciliacion-obligatoria\/\",\"url\":\"https:\/\/municipales.org.ar\/festram\/los-sindicatos-festram-rechazaron-la-conciliacion-obligatoria\/\",\"name\":\"Los Sindicatos de FESTRAM rechazaron la conciliaci\u00f3n obligatoria &#8211; FESTRAM\",\"isPartOf\":{\"@id\":\"https:\/\/municipales.org.ar\/festram\/#website\"},\"primaryImageOfPage\":{\"@id\":\"https:\/\/municipales.org.ar\/festram\/los-sindicatos-festram-rechazaron-la-conciliacion-obligatoria\/#primaryimage\"},\"image\":{\"@id\":\"https:\/\/municipales.org.ar\/festram\/los-sindicatos-festram-rechazaron-la-conciliacion-obligatoria\/#primaryimage\"},\"thumbnailUrl\":\"https:\/\/municipales.org.ar\/festram\/wp-content\/uploads\/2017\/03\/20170320-plenario004.jpg\",\"datePublished\":\"2017-03-20T15:59:31+00:00\",\"dateModified\":\"2017-03-23T18:28:57+00:00\",\"description\":\"Los supuestos de la Conciliaci\u00f3n no existen y exigen que primero se apliquen sanciones a los Intendentes que no la acataron anteriormente.\",\"breadcrumb\":{\"@id\":\"https:\/\/municipales.org.ar\/festram\/los-sindicatos-festram-rechazaron-la-conciliacion-obligatoria\/#breadcrumb\"},\"inLanguage\":\"es\",\"potentialAction\":[{\"@type\":\"ReadAction\",\"target\":[\"https:\/\/municipales.org.ar\/festram\/los-sindicatos-festram-rechazaron-la-conciliacion-obligatoria\/\"]}]},{\"@type\":\"ImageObject\",\"inLanguage\":\"es\",\"@id\":\"https:\/\/municipales.org.ar\/festram\/los-sindicatos-festram-rechazaron-la-conciliacion-obligatoria\/#primaryimage\",\"url\":\"https:\/\/municipales.org.ar\/festram\/wp-content\/uploads\/2017\/03\/20170320-plenario004.jpg\",\"contentUrl\":\"https:\/\/municipales.org.ar\/festram\/wp-content\/uploads\/2017\/03\/20170320-plenario004.jpg\",\"width\":2000,\"height\":1191},{\"@type\":\"BreadcrumbList\",\"@id\":\"https:\/\/municipales.org.ar\/festram\/los-sindicatos-festram-rechazaron-la-conciliacion-obligatoria\/#breadcrumb\",\"itemListElement\":[{\"@type\":\"ListItem\",\"position\":1,\"name\":\"Portada\",\"item\":\"https:\/\/municipales.org.ar\/festram\/\"},{\"@type\":\"ListItem\",\"position\":2,\"name\":\"Los Sindicatos de FESTRAM rechazaron la conciliaci\u00f3n obligatoria\"}]},{\"@type\":\"WebSite\",\"@id\":\"https:\/\/municipales.org.ar\/festram\/#website\",\"url\":\"https:\/\/municipales.org.ar\/festram\/\",\"name\":\"FESTRAM\",\"description\":\"La web de los trabajadores municipales\",\"publisher\":{\"@id\":\"https:\/\/municipales.org.ar\/festram\/#organization\"},\"potentialAction\":[{\"@type\":\"SearchAction\",\"target\":{\"@type\":\"EntryPoint\",\"urlTemplate\":\"https:\/\/municipales.org.ar\/festram\/?s={search_term_string}\"},\"query-input\":{\"@type\":\"PropertyValueSpecification\",\"valueRequired\":true,\"valueName\":\"search_term_string\"}}],\"inLanguage\":\"es\"},{\"@type\":\"Organization\",\"@id\":\"https:\/\/municipales.org.ar\/festram\/#organization\",\"name\":\"Federaci\u00f3n de Sindicatos de Trabajadores Municipales de la Provincia de Santa Fe\",\"url\":\"https:\/\/municipales.org.ar\/festram\/\",\"logo\":{\"@type\":\"ImageObject\",\"inLanguage\":\"es\",\"@id\":\"https:\/\/municipales.org.ar\/festram\/#\/schema\/logo\/image\/\",\"url\":\"https:\/\/www.municipales.org.ar\/festram\/wp-content\/uploads\/2014\/07\/logo_fes.jpg\",\"contentUrl\":\"https:\/\/www.municipales.org.ar\/festram\/wp-content\/uploads\/2014\/07\/logo_fes.jpg\",\"width\":661,\"height\":673,\"caption\":\"Federaci\u00f3n de Sindicatos de Trabajadores Municipales de la Provincia de Santa Fe\"},\"image\":{\"@id\":\"https:\/\/municipales.org.ar\/festram\/#\/schema\/logo\/image\/\"},\"sameAs\":[\"https:\/\/www.facebook.com\/MunicipalesSF\",\"https:\/\/x.com\/MunicipalesSF\",\"https:\/\/www.youtube.com\/user\/festram\"]},{\"@type\":\"Person\",\"@id\":\"https:\/\/municipales.org.ar\/festram\/#\/schema\/person\/49096a774c48ce9063df4d59ec059f9e\",\"name\":\"mun_admin\"}]}<\/script>\n<!-- \/ Yoast SEO plugin. -->","yoast_head_json":{"title":"Los Sindicatos de FESTRAM rechazaron la conciliaci\u00f3n obligatoria &#8211; FESTRAM","description":"Los supuestos de la Conciliaci\u00f3n no existen y exigen que primero se apliquen sanciones a los Intendentes que no la acataron anteriormente.","robots":{"index":"index","follow":"follow","max-snippet":"max-snippet:-1","max-image-preview":"max-image-preview:large","max-video-preview":"max-video-preview:-1"},"canonical":"https:\/\/municipales.org.ar\/festram\/los-sindicatos-festram-rechazaron-la-conciliacion-obligatoria\/","og_locale":"es_ES","og_type":"article","og_title":"Los Sindicatos de FESTRAM rechazaron la conciliaci\u00f3n obligatoria &#8211; FESTRAM","og_description":"Los supuestos de la Conciliaci\u00f3n no existen y exigen que primero se apliquen sanciones a los Intendentes que no la acataron anteriormente.","og_url":"https:\/\/municipales.org.ar\/festram\/los-sindicatos-festram-rechazaron-la-conciliacion-obligatoria\/","og_site_name":"FESTRAM","article_publisher":"https:\/\/www.facebook.com\/MunicipalesSF","article_published_time":"2017-03-20T15:59:31+00:00","article_modified_time":"2017-03-23T18:28:57+00:00","og_image":[{"width":2000,"height":1191,"url":"https:\/\/municipales.org.ar\/festram\/wp-content\/uploads\/2017\/03\/20170320-plenario004.jpg","type":"image\/jpeg"}],"author":"mun_admin","twitter_card":"summary_large_image","twitter_creator":"@MunicipalesSF","twitter_site":"@MunicipalesSF","twitter_misc":{"Escrito por":"mun_admin","Tiempo de lectura":"2 minutos"},"schema":{"@context":"https:\/\/schema.org","@graph":[{"@type":"Article","@id":"https:\/\/municipales.org.ar\/festram\/los-sindicatos-festram-rechazaron-la-conciliacion-obligatoria\/#article","isPartOf":{"@id":"https:\/\/municipales.org.ar\/festram\/los-sindicatos-festram-rechazaron-la-conciliacion-obligatoria\/"},"author":{"name":"mun_admin","@id":"https:\/\/municipales.org.ar\/festram\/#\/schema\/person\/49096a774c48ce9063df4d59ec059f9e"},"headline":"Los Sindicatos de FESTRAM rechazaron la conciliaci\u00f3n obligatoria","datePublished":"2017-03-20T15:59:31+00:00","dateModified":"2017-03-23T18:28:57+00:00","mainEntityOfPage":{"@id":"https:\/\/municipales.org.ar\/festram\/los-sindicatos-festram-rechazaron-la-conciliacion-obligatoria\/"},"wordCount":461,"publisher":{"@id":"https:\/\/municipales.org.ar\/festram\/#organization"},"image":{"@id":"https:\/\/municipales.org.ar\/festram\/los-sindicatos-festram-rechazaron-la-conciliacion-obligatoria\/#primaryimage"},"thumbnailUrl":"https:\/\/municipales.org.ar\/festram\/wp-content\/uploads\/2017\/03\/20170320-plenario004.jpg","keywords":["medidas de fuerza","paritaria","pol\u00edtica salarial"],"articleSection":["Comunicados 2017"],"inLanguage":"es"},{"@type":"WebPage","@id":"https:\/\/municipales.org.ar\/festram\/los-sindicatos-festram-rechazaron-la-conciliacion-obligatoria\/","url":"https:\/\/municipales.org.ar\/festram\/los-sindicatos-festram-rechazaron-la-conciliacion-obligatoria\/","name":"Los Sindicatos de FESTRAM rechazaron la conciliaci\u00f3n obligatoria &#8211; FESTRAM","isPartOf":{"@id":"https:\/\/municipales.org.ar\/festram\/#website"},"primaryImageOfPage":{"@id":"https:\/\/municipales.org.ar\/festram\/los-sindicatos-festram-rechazaron-la-conciliacion-obligatoria\/#primaryimage"},"image":{"@id":"https:\/\/municipales.org.ar\/festram\/los-sindicatos-festram-rechazaron-la-conciliacion-obligatoria\/#primaryimage"},"thumbnailUrl":"https:\/\/municipales.org.ar\/festram\/wp-content\/uploads\/2017\/03\/20170320-plenario004.jpg","datePublished":"2017-03-20T15:59:31+00:00","dateModified":"2017-03-23T18:28:57+00:00","description":"Los supuestos de la Conciliaci\u00f3n no existen y exigen que primero se apliquen sanciones a los Intendentes que no la acataron anteriormente.","breadcrumb":{"@id":"https:\/\/municipales.org.ar\/festram\/los-sindicatos-festram-rechazaron-la-conciliacion-obligatoria\/#breadcrumb"},"inLanguage":"es","potentialAction":[{"@type":"ReadAction","target":["https:\/\/municipales.org.ar\/festram\/los-sindicatos-festram-rechazaron-la-conciliacion-obligatoria\/"]}]},{"@type":"ImageObject","inLanguage":"es","@id":"https:\/\/municipales.org.ar\/festram\/los-sindicatos-festram-rechazaron-la-conciliacion-obligatoria\/#primaryimage","url":"https:\/\/municipales.org.ar\/festram\/wp-content\/uploads\/2017\/03\/20170320-plenario004.jpg","contentUrl":"https:\/\/municipales.org.ar\/festram\/wp-content\/uploads\/2017\/03\/20170320-plenario004.jpg","width":2000,"height":1191},{"@type":"BreadcrumbList","@id":"https:\/\/municipales.org.ar\/festram\/los-sindicatos-festram-rechazaron-la-conciliacion-obligatoria\/#breadcrumb","itemListElement":[{"@type":"ListItem","position":1,"name":"Portada","item":"https:\/\/municipales.org.ar\/festram\/"},{"@type":"ListItem","position":2,"name":"Los Sindicatos de FESTRAM rechazaron la conciliaci\u00f3n obligatoria"}]},{"@type":"WebSite","@id":"https:\/\/municipales.org.ar\/festram\/#website","url":"https:\/\/municipales.org.ar\/festram\/","name":"FESTRAM","description":"La web de los trabajadores municipales","publisher":{"@id":"https:\/\/municipales.org.ar\/festram\/#organization"},"potentialAction":[{"@type":"SearchAction","target":{"@type":"EntryPoint","urlTemplate":"https:\/\/municipales.org.ar\/festram\/?s={search_term_string}"},"query-input":{"@type":"PropertyValueSpecification","valueRequired":true,"valueName":"search_term_string"}}],"inLanguage":"es"},{"@type":"Organization","@id":"https:\/\/municipales.org.ar\/festram\/#organization","name":"Federaci\u00f3n de Sindicatos de Trabajadores Municipales de la Provincia de Santa Fe","url":"https:\/\/municipales.org.ar\/festram\/","logo":{"@type":"ImageObject","inLanguage":"es","@id":"https:\/\/municipales.org.ar\/festram\/#\/schema\/logo\/image\/","url":"https:\/\/www.municipales.org.ar\/festram\/wp-content\/uploads\/2014\/07\/logo_fes.jpg","contentUrl":"https:\/\/www.municipales.org.ar\/festram\/wp-content\/uploads\/2014\/07\/logo_fes.jpg","width":661,"height":673,"caption":"Federaci\u00f3n de Sindicatos de Trabajadores Municipales de la Provincia de Santa Fe"},"image":{"@id":"https:\/\/municipales.org.ar\/festram\/#\/schema\/logo\/image\/"},"sameAs":["https:\/\/www.facebook.com\/MunicipalesSF","https:\/\/x.com\/MunicipalesSF","https:\/\/www.youtube.com\/user\/festram"]},{"@type":"Person","@id":"https:\/\/municipales.org.ar\/festram\/#\/schema\/person\/49096a774c48ce9063df4d59ec059f9e","name":"mun_admin"}]}},"jetpack_publicize_connections":[],"jetpack_featured_media_url":"https:\/\/municipales.org.ar\/festram\/wp-content\/uploads\/2017\/03\/20170320-plenario004.jpg","jetpack_sharing_enabled":true,"jetpack_likes_enabled":false,"jetpack_shortlink":"https:\/\/wp.me\/p7l4x1-37a","_links":{"self":[{"href":"https:\/\/municipales.org.ar\/festram\/wp-json\/wp\/v2\/posts\/11976","targetHints":{"allow":["GET"]}}],"collection":[{"href":"https:\/\/municipales.org.ar\/festram\/wp-json\/wp\/v2\/posts"}],"about":[{"href":"https:\/\/municipales.org.ar\/festram\/wp-json\/wp\/v2\/types\/post"}],"author":[{"embeddable":true,"href":"https:\/\/municipales.org.ar\/festram\/wp-json\/wp\/v2\/users\/1"}],"replies":[{"embeddable":true,"href":"https:\/\/municipales.org.ar\/festram\/wp-json\/wp\/v2\/comments?post=11976"}],"version-history":[{"count":3,"href":"https:\/\/municipales.org.ar\/festram\/wp-json\/wp\/v2\/posts\/11976\/revisions"}],"predecessor-version":[{"id":12013,"href":"https:\/\/municipales.org.ar\/festram\/wp-json\/wp\/v2\/posts\/11976\/revisions\/12013"}],"wp:featuredmedia":[{"embeddable":true,"href":"https:\/\/municipales.org.ar\/festram\/wp-json\/wp\/v2\/media\/11977"}],"wp:attachment":[{"href":"https:\/\/municipales.org.ar\/festram\/wp-json\/wp\/v2\/media?parent=11976"}],"wp:term":[{"taxonomy":"category","embeddable":true,"href":"https:\/\/municipales.org.ar\/festram\/wp-json\/wp\/v2\/categories?post=11976"},{"taxonomy":"post_tag","embeddable":true,"href":"https:\/\/municipales.org.ar\/festram\/wp-json\/wp\/v2\/tags?post=11976"}],"curies":[{"name":"wp","href":"https:\/\/api.w.org\/{rel}","templated":true}]}}