{"id":12123,"date":"2017-05-06T11:33:53","date_gmt":"2017-05-06T14:33:53","guid":{"rendered":"http:\/\/www.municipales.org.ar\/festram\/?p=12123"},"modified":"2017-05-19T12:29:42","modified_gmt":"2017-05-19T15:29:42","slug":"festram-junto-los-docentes-la-escuela-itinerante","status":"publish","type":"post","link":"https:\/\/municipales.org.ar\/festram\/festram-junto-los-docentes-la-escuela-itinerante\/","title":{"rendered":"FESTRAM junto a los docentes en la Escuela Itinerante"},"content":{"rendered":"<h3 id=\"yui_3_16_0_ym19_1_1493731079882_67313\"><span id=\"yui_3_16_0_ym19_1_1493731079882_67314\">Una delegaci\u00f3n de FESTRAM visit\u00f3 el pasado viernes 28 de abril, la Escuela Itinerante emplazada frente al Congreso de la Naci\u00f3n en Buenos Aires.<\/span><\/h3>\n<div id=\"yui_3_16_0_ym19_1_1493731079882_67313\"><\/div>\n<p id=\"yui_3_16_0_ym19_1_1493731079882_67316\"><span id=\"yui_3_16_0_ym19_1_1493731079882_67317\">Los dirigentes sindicales fueron recibidos por la Secretaria General de AMSAFE y de la CTERA, Sonia Alesso, como as\u00ed tambi\u00e9n por un nutrido grupo de docentes de la Provincia de Santa Fe que estaban acompa\u00f1ando las actividades que all\u00ed se realizaban.<\/span><\/p>\n<p>Esta iniciativa de los gremios docentes forma parte de un Plan de Lucha que vienen llevando adelante ante a la negativa del Gobierno Nacional por habilitar la Paritaria Nacional, y para dar a conocer la situaci\u00f3n de la educaci\u00f3n a nivel nacional y puntualmente en\u00a0 algunas provincias.<\/p>\n<p>Esta experiencia ha convocado a educadores, cient\u00edficos, alumnos, artistas, entidades sociales e intermedias y p\u00fablico en general, que todos los d\u00edas colma las instalaciones de la Escuela Itinerante.<\/p>\n<p>Horacio Chiappero, Dardo Miranda y Ignacio Donna integraron la delegaci\u00f3n municipal que entreg\u00f3 a Sonia Alesso una carta del Secretario General de FESTRAM Claudio Leoni, donde menciona: \u201c\u2026.Tenemos una historia com\u00fan de lucha que reivindicamos; \u00a0vaya, entonces, nuestro saludo a todas\/os las compa\u00f1eras\/os que hoy est\u00e1n sosteniendo esta acci\u00f3n y\u00a0 ratificamos que \u00a0la unidad de los trabajadores es un requisito esencial para defender los derechos conquistados\u2026\u201d<\/p>\n<p>En pocos d\u00edas la Escuela Itinerante comenzar\u00e1 su recorrido por distintas regiones del pa\u00eds.<\/p>\n<div><\/div>\n<div>\n\n\t\t<style type=\"text\/css\">\n\t\t\t#gallery-1 {\n\t\t\t\tmargin: auto;\n\t\t\t}\n\t\t\t#gallery-1 .gallery-item {\n\t\t\t\tfloat: left;\n\t\t\t\tmargin-top: 10px;\n\t\t\t\ttext-align: center;\n\t\t\t\twidth: 33%;\n\t\t\t}\n\t\t\t#gallery-1 img {\n\t\t\t\tborder: 2px solid #cfcfcf;\n\t\t\t}\n\t\t\t#gallery-1 .gallery-caption {\n\t\t\t\tmargin-left: 0;\n\t\t\t}\n\t\t\t\/* see gallery_shortcode() in wp-includes\/media.php *\/\n\t\t<\/style>\n\t\t<div id='gallery-1' class='gallery galleryid-12123 gallery-columns-3 gallery-size-thumbnail'><dl class='gallery-item'>\n\t\t\t<dt class='gallery-icon landscape'>\n\t\t\t\t<a href='https:\/\/municipales.org.ar\/festram\/festram-junto-los-docentes-la-escuela-itinerante\/20170429-escuela-itinerante-02\/'><img loading=\"lazy\" decoding=\"async\" width=\"150\" height=\"150\" src=\"https:\/\/municipales.org.ar\/festram\/wp-content\/uploads\/2017\/05\/20170429-escuela-itinerante-02-150x150.jpg\" class=\"attachment-thumbnail size-thumbnail\" alt=\"\" srcset=\"https:\/\/municipales.org.ar\/festram\/wp-content\/uploads\/2017\/05\/20170429-escuela-itinerante-02-150x150.jpg 150w, https:\/\/municipales.org.ar\/festram\/wp-content\/uploads\/2017\/05\/20170429-escuela-itinerante-02-80x80.jpg 80w\" sizes=\"auto, (max-width: 150px) 100vw, 150px\" \/><\/a>\n\t\t\t<\/dt><\/dl><dl class='gallery-item'>\n\t\t\t<dt class='gallery-icon landscape'>\n\t\t\t\t<a href='https:\/\/municipales.org.ar\/festram\/festram-junto-los-docentes-la-escuela-itinerante\/18193216_1878274039051030_144517089952990947_o\/'><img loading=\"lazy\" decoding=\"async\" width=\"150\" height=\"150\" src=\"https:\/\/municipales.org.ar\/festram\/wp-content\/uploads\/2017\/05\/18193216_1878274039051030_144517089952990947_o-150x150.jpg\" class=\"attachment-thumbnail size-thumbnail\" alt=\"\" srcset=\"https:\/\/municipales.org.ar\/festram\/wp-content\/uploads\/2017\/05\/18193216_1878274039051030_144517089952990947_o-150x150.jpg 150w, https:\/\/municipales.org.ar\/festram\/wp-content\/uploads\/2017\/05\/18193216_1878274039051030_144517089952990947_o-80x80.jpg 80w\" sizes=\"auto, (max-width: 150px) 100vw, 150px\" \/><\/a>\n\t\t\t<\/dt><\/dl><dl class='gallery-item'>\n\t\t\t<dt class='gallery-icon landscape'>\n\t\t\t\t<a href='https:\/\/municipales.org.ar\/festram\/festram-junto-los-docentes-la-escuela-itinerante\/20170429-escuela-itinerante-03\/'><img loading=\"lazy\" decoding=\"async\" width=\"150\" height=\"150\" src=\"https:\/\/municipales.org.ar\/festram\/wp-content\/uploads\/2017\/05\/20170429-escuela-itinerante-03-150x150.jpg\" class=\"attachment-thumbnail size-thumbnail\" alt=\"\" srcset=\"https:\/\/municipales.org.ar\/festram\/wp-content\/uploads\/2017\/05\/20170429-escuela-itinerante-03-150x150.jpg 150w, https:\/\/municipales.org.ar\/festram\/wp-content\/uploads\/2017\/05\/20170429-escuela-itinerante-03-80x80.jpg 80w\" sizes=\"auto, (max-width: 150px) 100vw, 150px\" \/><\/a>\n\t\t\t<\/dt><\/dl><br style=\"clear: both\" \/>\n\t\t<\/div>\n\n<\/div>\n","protected":false},"excerpt":{"rendered":"<p>Una delegaci\u00f3n de FESTRAM visit\u00f3 el pasado viernes 28 de abril, la Escuela Itinerante emplazada frente al Congreso de la Naci\u00f3n en Buenos Aires.<\/p>\n","protected":false},"author":1,"featured_media":12124,"comment_status":"closed","ping_status":"closed","sticky":false,"template":"","format":"standard","meta":{"_jetpack_memberships_contains_paid_content":false,"footnotes":"","jetpack_publicize_message":"FESTRAM junto a los docentes en la Escuela Itinerante","jetpack_publicize_feature_enabled":true,"jetpack_social_post_already_shared":true,"jetpack_social_options":{"image_generator_settings":{"template":"highway","default_image_id":0,"font":"","enabled":false},"version":2}},"categories":[159],"tags":[165],"class_list":["post-12123","post","type-post","status-publish","format-standard","has-post-thumbnail","hentry","category-comunicados-2017","tag-sindicalismo"],"yoast_head":"<!-- This site is optimized with the Yoast SEO plugin v25.9 - https:\/\/yoast.com\/wordpress\/plugins\/seo\/ -->\n<title>FESTRAM junto a los docentes en la Escuela Itinerante &#8211; FESTRAM<\/title>\n<meta name=\"description\" content=\"Una delegaci\u00f3n de FESTRAM visit\u00f3 el pasado viernes 28 de abril, la Escuela Itinerante emplazada frente al Congreso de la Naci\u00f3n en Buenos Aires.\" \/>\n<meta name=\"robots\" content=\"index, follow, max-snippet:-1, max-image-preview:large, max-video-preview:-1\" \/>\n<link rel=\"canonical\" href=\"https:\/\/municipales.org.ar\/festram\/festram-junto-los-docentes-la-escuela-itinerante\/\" \/>\n<meta property=\"og:locale\" content=\"es_ES\" \/>\n<meta property=\"og:type\" content=\"article\" \/>\n<meta property=\"og:title\" content=\"FESTRAM junto a los docentes en la Escuela Itinerante &#8211; FESTRAM\" \/>\n<meta property=\"og:description\" content=\"Una delegaci\u00f3n de FESTRAM visit\u00f3 el pasado viernes 28 de abril, la Escuela Itinerante emplazada frente al Congreso de la Naci\u00f3n en Buenos Aires.\" \/>\n<meta property=\"og:url\" content=\"https:\/\/municipales.org.ar\/festram\/festram-junto-los-docentes-la-escuela-itinerante\/\" \/>\n<meta property=\"og:site_name\" content=\"FESTRAM\" \/>\n<meta property=\"article:publisher\" content=\"https:\/\/www.facebook.com\/MunicipalesSF\" \/>\n<meta property=\"article:published_time\" content=\"2017-05-06T14:33:53+00:00\" \/>\n<meta property=\"article:modified_time\" content=\"2017-05-19T15:29:42+00:00\" \/>\n<meta property=\"og:image\" content=\"https:\/\/municipales.org.ar\/festram\/wp-content\/uploads\/2017\/05\/20170429-escuela-itinerante-01.jpg\" \/>\n\t<meta property=\"og:image:width\" content=\"2000\" \/>\n\t<meta property=\"og:image:height\" content=\"1125\" \/>\n\t<meta property=\"og:image:type\" content=\"image\/jpeg\" \/>\n<meta name=\"author\" content=\"mun_admin\" \/>\n<meta name=\"twitter:card\" content=\"summary_large_image\" \/>\n<meta name=\"twitter:creator\" content=\"@MunicipalesSF\" \/>\n<meta name=\"twitter:site\" content=\"@MunicipalesSF\" \/>\n<meta name=\"twitter:label1\" content=\"Escrito por\" \/>\n\t<meta name=\"twitter:data1\" content=\"mun_admin\" \/>\n\t<meta name=\"twitter:label2\" content=\"Tiempo de lectura\" \/>\n\t<meta name=\"twitter:data2\" content=\"1 minuto\" \/>\n<script type=\"application\/ld+json\" class=\"yoast-schema-graph\">{\"@context\":\"https:\/\/schema.org\",\"@graph\":[{\"@type\":\"Article\",\"@id\":\"https:\/\/municipales.org.ar\/festram\/festram-junto-los-docentes-la-escuela-itinerante\/#article\",\"isPartOf\":{\"@id\":\"https:\/\/municipales.org.ar\/festram\/festram-junto-los-docentes-la-escuela-itinerante\/\"},\"author\":{\"name\":\"mun_admin\",\"@id\":\"https:\/\/municipales.org.ar\/festram\/#\/schema\/person\/49096a774c48ce9063df4d59ec059f9e\"},\"headline\":\"FESTRAM junto a los docentes en la Escuela Itinerante\",\"datePublished\":\"2017-05-06T14:33:53+00:00\",\"dateModified\":\"2017-05-19T15:29:42+00:00\",\"mainEntityOfPage\":{\"@id\":\"https:\/\/municipales.org.ar\/festram\/festram-junto-los-docentes-la-escuela-itinerante\/\"},\"wordCount\":250,\"publisher\":{\"@id\":\"https:\/\/municipales.org.ar\/festram\/#organization\"},\"image\":{\"@id\":\"https:\/\/municipales.org.ar\/festram\/festram-junto-los-docentes-la-escuela-itinerante\/#primaryimage\"},\"thumbnailUrl\":\"https:\/\/municipales.org.ar\/festram\/wp-content\/uploads\/2017\/05\/20170429-escuela-itinerante-01.jpg\",\"keywords\":[\"sindicalismo\"],\"articleSection\":[\"Comunicados 2017\"],\"inLanguage\":\"es\"},{\"@type\":\"WebPage\",\"@id\":\"https:\/\/municipales.org.ar\/festram\/festram-junto-los-docentes-la-escuela-itinerante\/\",\"url\":\"https:\/\/municipales.org.ar\/festram\/festram-junto-los-docentes-la-escuela-itinerante\/\",\"name\":\"FESTRAM junto a los docentes en la Escuela Itinerante &#8211; FESTRAM\",\"isPartOf\":{\"@id\":\"https:\/\/municipales.org.ar\/festram\/#website\"},\"primaryImageOfPage\":{\"@id\":\"https:\/\/municipales.org.ar\/festram\/festram-junto-los-docentes-la-escuela-itinerante\/#primaryimage\"},\"image\":{\"@id\":\"https:\/\/municipales.org.ar\/festram\/festram-junto-los-docentes-la-escuela-itinerante\/#primaryimage\"},\"thumbnailUrl\":\"https:\/\/municipales.org.ar\/festram\/wp-content\/uploads\/2017\/05\/20170429-escuela-itinerante-01.jpg\",\"datePublished\":\"2017-05-06T14:33:53+00:00\",\"dateModified\":\"2017-05-19T15:29:42+00:00\",\"description\":\"Una delegaci\u00f3n de FESTRAM visit\u00f3 el pasado viernes 28 de abril, la Escuela Itinerante emplazada frente al Congreso de la Naci\u00f3n en Buenos Aires.\",\"breadcrumb\":{\"@id\":\"https:\/\/municipales.org.ar\/festram\/festram-junto-los-docentes-la-escuela-itinerante\/#breadcrumb\"},\"inLanguage\":\"es\",\"potentialAction\":[{\"@type\":\"ReadAction\",\"target\":[\"https:\/\/municipales.org.ar\/festram\/festram-junto-los-docentes-la-escuela-itinerante\/\"]}]},{\"@type\":\"ImageObject\",\"inLanguage\":\"es\",\"@id\":\"https:\/\/municipales.org.ar\/festram\/festram-junto-los-docentes-la-escuela-itinerante\/#primaryimage\",\"url\":\"https:\/\/municipales.org.ar\/festram\/wp-content\/uploads\/2017\/05\/20170429-escuela-itinerante-01.jpg\",\"contentUrl\":\"https:\/\/municipales.org.ar\/festram\/wp-content\/uploads\/2017\/05\/20170429-escuela-itinerante-01.jpg\",\"width\":2000,\"height\":1125},{\"@type\":\"BreadcrumbList\",\"@id\":\"https:\/\/municipales.org.ar\/festram\/festram-junto-los-docentes-la-escuela-itinerante\/#breadcrumb\",\"itemListElement\":[{\"@type\":\"ListItem\",\"position\":1,\"name\":\"Portada\",\"item\":\"https:\/\/municipales.org.ar\/festram\/\"},{\"@type\":\"ListItem\",\"position\":2,\"name\":\"FESTRAM junto a los docentes en la Escuela Itinerante\"}]},{\"@type\":\"WebSite\",\"@id\":\"https:\/\/municipales.org.ar\/festram\/#website\",\"url\":\"https:\/\/municipales.org.ar\/festram\/\",\"name\":\"FESTRAM\",\"description\":\"La web de los trabajadores municipales\",\"publisher\":{\"@id\":\"https:\/\/municipales.org.ar\/festram\/#organization\"},\"potentialAction\":[{\"@type\":\"SearchAction\",\"target\":{\"@type\":\"EntryPoint\",\"urlTemplate\":\"https:\/\/municipales.org.ar\/festram\/?s={search_term_string}\"},\"query-input\":{\"@type\":\"PropertyValueSpecification\",\"valueRequired\":true,\"valueName\":\"search_term_string\"}}],\"inLanguage\":\"es\"},{\"@type\":\"Organization\",\"@id\":\"https:\/\/municipales.org.ar\/festram\/#organization\",\"name\":\"Federaci\u00f3n de Sindicatos de Trabajadores Municipales de la Provincia de Santa Fe\",\"url\":\"https:\/\/municipales.org.ar\/festram\/\",\"logo\":{\"@type\":\"ImageObject\",\"inLanguage\":\"es\",\"@id\":\"https:\/\/municipales.org.ar\/festram\/#\/schema\/logo\/image\/\",\"url\":\"https:\/\/www.municipales.org.ar\/festram\/wp-content\/uploads\/2014\/07\/logo_fes.jpg\",\"contentUrl\":\"https:\/\/www.municipales.org.ar\/festram\/wp-content\/uploads\/2014\/07\/logo_fes.jpg\",\"width\":661,\"height\":673,\"caption\":\"Federaci\u00f3n de Sindicatos de Trabajadores Municipales de la Provincia de Santa Fe\"},\"image\":{\"@id\":\"https:\/\/municipales.org.ar\/festram\/#\/schema\/logo\/image\/\"},\"sameAs\":[\"https:\/\/www.facebook.com\/MunicipalesSF\",\"https:\/\/x.com\/MunicipalesSF\",\"https:\/\/www.youtube.com\/user\/festram\"]},{\"@type\":\"Person\",\"@id\":\"https:\/\/municipales.org.ar\/festram\/#\/schema\/person\/49096a774c48ce9063df4d59ec059f9e\",\"name\":\"mun_admin\"}]}<\/script>\n<!-- \/ Yoast SEO plugin. -->","yoast_head_json":{"title":"FESTRAM junto a los docentes en la Escuela Itinerante &#8211; FESTRAM","description":"Una delegaci\u00f3n de FESTRAM visit\u00f3 el pasado viernes 28 de abril, la Escuela Itinerante emplazada frente al Congreso de la Naci\u00f3n en Buenos Aires.","robots":{"index":"index","follow":"follow","max-snippet":"max-snippet:-1","max-image-preview":"max-image-preview:large","max-video-preview":"max-video-preview:-1"},"canonical":"https:\/\/municipales.org.ar\/festram\/festram-junto-los-docentes-la-escuela-itinerante\/","og_locale":"es_ES","og_type":"article","og_title":"FESTRAM junto a los docentes en la Escuela Itinerante &#8211; FESTRAM","og_description":"Una delegaci\u00f3n de FESTRAM visit\u00f3 el pasado viernes 28 de abril, la Escuela Itinerante emplazada frente al Congreso de la Naci\u00f3n en Buenos Aires.","og_url":"https:\/\/municipales.org.ar\/festram\/festram-junto-los-docentes-la-escuela-itinerante\/","og_site_name":"FESTRAM","article_publisher":"https:\/\/www.facebook.com\/MunicipalesSF","article_published_time":"2017-05-06T14:33:53+00:00","article_modified_time":"2017-05-19T15:29:42+00:00","og_image":[{"width":2000,"height":1125,"url":"https:\/\/municipales.org.ar\/festram\/wp-content\/uploads\/2017\/05\/20170429-escuela-itinerante-01.jpg","type":"image\/jpeg"}],"author":"mun_admin","twitter_card":"summary_large_image","twitter_creator":"@MunicipalesSF","twitter_site":"@MunicipalesSF","twitter_misc":{"Escrito por":"mun_admin","Tiempo de lectura":"1 minuto"},"schema":{"@context":"https:\/\/schema.org","@graph":[{"@type":"Article","@id":"https:\/\/municipales.org.ar\/festram\/festram-junto-los-docentes-la-escuela-itinerante\/#article","isPartOf":{"@id":"https:\/\/municipales.org.ar\/festram\/festram-junto-los-docentes-la-escuela-itinerante\/"},"author":{"name":"mun_admin","@id":"https:\/\/municipales.org.ar\/festram\/#\/schema\/person\/49096a774c48ce9063df4d59ec059f9e"},"headline":"FESTRAM junto a los docentes en la Escuela Itinerante","datePublished":"2017-05-06T14:33:53+00:00","dateModified":"2017-05-19T15:29:42+00:00","mainEntityOfPage":{"@id":"https:\/\/municipales.org.ar\/festram\/festram-junto-los-docentes-la-escuela-itinerante\/"},"wordCount":250,"publisher":{"@id":"https:\/\/municipales.org.ar\/festram\/#organization"},"image":{"@id":"https:\/\/municipales.org.ar\/festram\/festram-junto-los-docentes-la-escuela-itinerante\/#primaryimage"},"thumbnailUrl":"https:\/\/municipales.org.ar\/festram\/wp-content\/uploads\/2017\/05\/20170429-escuela-itinerante-01.jpg","keywords":["sindicalismo"],"articleSection":["Comunicados 2017"],"inLanguage":"es"},{"@type":"WebPage","@id":"https:\/\/municipales.org.ar\/festram\/festram-junto-los-docentes-la-escuela-itinerante\/","url":"https:\/\/municipales.org.ar\/festram\/festram-junto-los-docentes-la-escuela-itinerante\/","name":"FESTRAM junto a los docentes en la Escuela Itinerante &#8211; FESTRAM","isPartOf":{"@id":"https:\/\/municipales.org.ar\/festram\/#website"},"primaryImageOfPage":{"@id":"https:\/\/municipales.org.ar\/festram\/festram-junto-los-docentes-la-escuela-itinerante\/#primaryimage"},"image":{"@id":"https:\/\/municipales.org.ar\/festram\/festram-junto-los-docentes-la-escuela-itinerante\/#primaryimage"},"thumbnailUrl":"https:\/\/municipales.org.ar\/festram\/wp-content\/uploads\/2017\/05\/20170429-escuela-itinerante-01.jpg","datePublished":"2017-05-06T14:33:53+00:00","dateModified":"2017-05-19T15:29:42+00:00","description":"Una delegaci\u00f3n de FESTRAM visit\u00f3 el pasado viernes 28 de abril, la Escuela Itinerante emplazada frente al Congreso de la Naci\u00f3n en Buenos Aires.","breadcrumb":{"@id":"https:\/\/municipales.org.ar\/festram\/festram-junto-los-docentes-la-escuela-itinerante\/#breadcrumb"},"inLanguage":"es","potentialAction":[{"@type":"ReadAction","target":["https:\/\/municipales.org.ar\/festram\/festram-junto-los-docentes-la-escuela-itinerante\/"]}]},{"@type":"ImageObject","inLanguage":"es","@id":"https:\/\/municipales.org.ar\/festram\/festram-junto-los-docentes-la-escuela-itinerante\/#primaryimage","url":"https:\/\/municipales.org.ar\/festram\/wp-content\/uploads\/2017\/05\/20170429-escuela-itinerante-01.jpg","contentUrl":"https:\/\/municipales.org.ar\/festram\/wp-content\/uploads\/2017\/05\/20170429-escuela-itinerante-01.jpg","width":2000,"height":1125},{"@type":"BreadcrumbList","@id":"https:\/\/municipales.org.ar\/festram\/festram-junto-los-docentes-la-escuela-itinerante\/#breadcrumb","itemListElement":[{"@type":"ListItem","position":1,"name":"Portada","item":"https:\/\/municipales.org.ar\/festram\/"},{"@type":"ListItem","position":2,"name":"FESTRAM junto a los docentes en la Escuela Itinerante"}]},{"@type":"WebSite","@id":"https:\/\/municipales.org.ar\/festram\/#website","url":"https:\/\/municipales.org.ar\/festram\/","name":"FESTRAM","description":"La web de los trabajadores municipales","publisher":{"@id":"https:\/\/municipales.org.ar\/festram\/#organization"},"potentialAction":[{"@type":"SearchAction","target":{"@type":"EntryPoint","urlTemplate":"https:\/\/municipales.org.ar\/festram\/?s={search_term_string}"},"query-input":{"@type":"PropertyValueSpecification","valueRequired":true,"valueName":"search_term_string"}}],"inLanguage":"es"},{"@type":"Organization","@id":"https:\/\/municipales.org.ar\/festram\/#organization","name":"Federaci\u00f3n de Sindicatos de Trabajadores Municipales de la Provincia de Santa Fe","url":"https:\/\/municipales.org.ar\/festram\/","logo":{"@type":"ImageObject","inLanguage":"es","@id":"https:\/\/municipales.org.ar\/festram\/#\/schema\/logo\/image\/","url":"https:\/\/www.municipales.org.ar\/festram\/wp-content\/uploads\/2014\/07\/logo_fes.jpg","contentUrl":"https:\/\/www.municipales.org.ar\/festram\/wp-content\/uploads\/2014\/07\/logo_fes.jpg","width":661,"height":673,"caption":"Federaci\u00f3n de Sindicatos de Trabajadores Municipales de la Provincia de Santa Fe"},"image":{"@id":"https:\/\/municipales.org.ar\/festram\/#\/schema\/logo\/image\/"},"sameAs":["https:\/\/www.facebook.com\/MunicipalesSF","https:\/\/x.com\/MunicipalesSF","https:\/\/www.youtube.com\/user\/festram"]},{"@type":"Person","@id":"https:\/\/municipales.org.ar\/festram\/#\/schema\/person\/49096a774c48ce9063df4d59ec059f9e","name":"mun_admin"}]}},"jetpack_publicize_connections":[],"jetpack_featured_media_url":"https:\/\/municipales.org.ar\/festram\/wp-content\/uploads\/2017\/05\/20170429-escuela-itinerante-01.jpg","jetpack_sharing_enabled":true,"jetpack_likes_enabled":false,"jetpack_shortlink":"https:\/\/wp.me\/p7l4x1-39x","_links":{"self":[{"href":"https:\/\/municipales.org.ar\/festram\/wp-json\/wp\/v2\/posts\/12123","targetHints":{"allow":["GET"]}}],"collection":[{"href":"https:\/\/municipales.org.ar\/festram\/wp-json\/wp\/v2\/posts"}],"about":[{"href":"https:\/\/municipales.org.ar\/festram\/wp-json\/wp\/v2\/types\/post"}],"author":[{"embeddable":true,"href":"https:\/\/municipales.org.ar\/festram\/wp-json\/wp\/v2\/users\/1"}],"replies":[{"embeddable":true,"href":"https:\/\/municipales.org.ar\/festram\/wp-json\/wp\/v2\/comments?post=12123"}],"version-history":[{"count":3,"href":"https:\/\/municipales.org.ar\/festram\/wp-json\/wp\/v2\/posts\/12123\/revisions"}],"predecessor-version":[{"id":12135,"href":"https:\/\/municipales.org.ar\/festram\/wp-json\/wp\/v2\/posts\/12123\/revisions\/12135"}],"wp:featuredmedia":[{"embeddable":true,"href":"https:\/\/municipales.org.ar\/festram\/wp-json\/wp\/v2\/media\/12124"}],"wp:attachment":[{"href":"https:\/\/municipales.org.ar\/festram\/wp-json\/wp\/v2\/media?parent=12123"}],"wp:term":[{"taxonomy":"category","embeddable":true,"href":"https:\/\/municipales.org.ar\/festram\/wp-json\/wp\/v2\/categories?post=12123"},{"taxonomy":"post_tag","embeddable":true,"href":"https:\/\/municipales.org.ar\/festram\/wp-json\/wp\/v2\/tags?post=12123"}],"curies":[{"name":"wp","href":"https:\/\/api.w.org\/{rel}","templated":true}]}}