{"id":12130,"date":"2017-05-08T12:10:10","date_gmt":"2017-05-08T15:10:10","guid":{"rendered":"http:\/\/www.municipales.org.ar\/festram\/?p=12130"},"modified":"2017-05-08T12:10:10","modified_gmt":"2017-05-08T15:10:10","slug":"jovenes-municipales-participaron-actividad-la-corriente-federal-trabajadores","status":"publish","type":"post","link":"https:\/\/municipales.org.ar\/festram\/jovenes-municipales-participaron-actividad-la-corriente-federal-trabajadores\/","title":{"rendered":"J\u00f3venes Municipales participaron en actividad de la Corriente Federal de Trabajadores"},"content":{"rendered":"<h3>La Corriente Federal de Trabajadores realiz\u00f3 en la Quinta de San Vicente (Buenos Aires) \u2013 hogar del General Per\u00f3n y Evita- su Plenario en donde se presentaron los primeros documentos y propuestas de sus comisiones de trabajo.<\/h3>\n<p>Luego de las presentaciones de los coordinadores de las mismas, se gener\u00f3 un debate entre todos los presentes que colmaban el sal\u00f3n auditorio.<\/p>\n<p>Por la tarde se realizaron distintas exposiciones sobre la actualidad nacional pero tambi\u00e9n sobre la historia del movimiento obrero, sus luchas y conquistas; existiendo una especial recordaci\u00f3n por Sa\u00fal Ubaldini y los 26 puntos que hoy siguen siendo una referencia para todos los trabajadores argentinos.<\/p>\n<p>H\u00e9ctor Amichetti, Horacio Ghilini, Roberto Dig\u00f3n y Mario Secco \u2013Intendente de Ensenada- fueron algunos de los oradores en ese momento.<\/p>\n<p>El encuentro permiti\u00f3 tambi\u00e9n fortalecer v\u00ednculos entre la Juventud de FESTRAM, representada en este evento por Dardo Miranda (Coronda) e Ignacio Donna (Santo Tom\u00e9) y sus pares de la CFT.<\/p>\n","protected":false},"excerpt":{"rendered":"<p>La Corriente Federal de Trabajadores realiz\u00f3 en la Quinta de San Vicente (Buenos Aires) \u2013 hogar del General Per\u00f3n y Evita- su Plenario en donde se presentaron los primeros documentos y propuestas de sus comisiones de trabajo.<\/p>\n","protected":false},"author":1,"featured_media":12132,"comment_status":"closed","ping_status":"closed","sticky":false,"template":"","format":"standard","meta":{"_jetpack_memberships_contains_paid_content":false,"footnotes":"","jetpack_publicize_message":"J\u00f3venes Municipales participaron en actividad de la Corriente Federal de Trabajadores","jetpack_publicize_feature_enabled":true,"jetpack_social_post_already_shared":true,"jetpack_social_options":{"image_generator_settings":{"template":"highway","default_image_id":0,"font":"","enabled":false},"version":2}},"categories":[159,51],"tags":[152,92,165],"class_list":["post-12130","post","type-post","status-publish","format-standard","has-post-thumbnail","hentry","category-comunicados-2017","category-jovenes","tag-cgt","tag-jovenes-2","tag-sindicalismo"],"yoast_head":"<!-- This site is optimized with the Yoast SEO plugin v25.9 - https:\/\/yoast.com\/wordpress\/plugins\/seo\/ -->\n<title>J\u00f3venes Municipales participaron en actividad de la Corriente Federal de Trabajadores &#8211; FESTRAM<\/title>\n<meta name=\"description\" content=\"La Corriente Federal de Trabajadores realiz\u00f3 en la Quinta de San Vicente (Buenos Aires) \u2013 hogar del General Per\u00f3n y Evita- su Plenario en donde se presentaron los primeros documentos y propuestas de sus comisiones de trabajo.\" \/>\n<meta name=\"robots\" content=\"index, follow, max-snippet:-1, max-image-preview:large, max-video-preview:-1\" \/>\n<link rel=\"canonical\" href=\"https:\/\/municipales.org.ar\/festram\/jovenes-municipales-participaron-actividad-la-corriente-federal-trabajadores\/\" \/>\n<meta property=\"og:locale\" content=\"es_ES\" \/>\n<meta property=\"og:type\" content=\"article\" \/>\n<meta property=\"og:title\" content=\"J\u00f3venes Municipales participaron en actividad de la Corriente Federal de Trabajadores &#8211; FESTRAM\" \/>\n<meta property=\"og:description\" content=\"La Corriente Federal de Trabajadores realiz\u00f3 en la Quinta de San Vicente (Buenos Aires) \u2013 hogar del General Per\u00f3n y Evita- su Plenario en donde se presentaron los primeros documentos y propuestas de sus comisiones de trabajo.\" \/>\n<meta property=\"og:url\" content=\"https:\/\/municipales.org.ar\/festram\/jovenes-municipales-participaron-actividad-la-corriente-federal-trabajadores\/\" \/>\n<meta property=\"og:site_name\" content=\"FESTRAM\" \/>\n<meta property=\"article:publisher\" content=\"https:\/\/www.facebook.com\/MunicipalesSF\" \/>\n<meta property=\"article:published_time\" content=\"2017-05-08T15:10:10+00:00\" \/>\n<meta property=\"og:image\" content=\"https:\/\/municipales.org.ar\/festram\/wp-content\/uploads\/2017\/05\/18156019_1877919672419800_5560701100280908882_o.jpg\" \/>\n\t<meta property=\"og:image:width\" content=\"1152\" \/>\n\t<meta property=\"og:image:height\" content=\"648\" \/>\n\t<meta property=\"og:image:type\" content=\"image\/jpeg\" \/>\n<meta name=\"author\" content=\"mun_admin\" \/>\n<meta name=\"twitter:card\" content=\"summary_large_image\" \/>\n<meta name=\"twitter:creator\" content=\"@MunicipalesSF\" \/>\n<meta name=\"twitter:site\" content=\"@MunicipalesSF\" \/>\n<meta name=\"twitter:label1\" content=\"Escrito por\" \/>\n\t<meta name=\"twitter:data1\" content=\"mun_admin\" \/>\n\t<meta name=\"twitter:label2\" content=\"Tiempo de lectura\" \/>\n\t<meta name=\"twitter:data2\" content=\"1 minuto\" \/>\n<script type=\"application\/ld+json\" class=\"yoast-schema-graph\">{\"@context\":\"https:\/\/schema.org\",\"@graph\":[{\"@type\":\"Article\",\"@id\":\"https:\/\/municipales.org.ar\/festram\/jovenes-municipales-participaron-actividad-la-corriente-federal-trabajadores\/#article\",\"isPartOf\":{\"@id\":\"https:\/\/municipales.org.ar\/festram\/jovenes-municipales-participaron-actividad-la-corriente-federal-trabajadores\/\"},\"author\":{\"name\":\"mun_admin\",\"@id\":\"https:\/\/municipales.org.ar\/festram\/#\/schema\/person\/49096a774c48ce9063df4d59ec059f9e\"},\"headline\":\"J\u00f3venes Municipales participaron en actividad de la Corriente Federal de Trabajadores\",\"datePublished\":\"2017-05-08T15:10:10+00:00\",\"mainEntityOfPage\":{\"@id\":\"https:\/\/municipales.org.ar\/festram\/jovenes-municipales-participaron-actividad-la-corriente-federal-trabajadores\/\"},\"wordCount\":174,\"publisher\":{\"@id\":\"https:\/\/municipales.org.ar\/festram\/#organization\"},\"image\":{\"@id\":\"https:\/\/municipales.org.ar\/festram\/jovenes-municipales-participaron-actividad-la-corriente-federal-trabajadores\/#primaryimage\"},\"thumbnailUrl\":\"https:\/\/municipales.org.ar\/festram\/wp-content\/uploads\/2017\/05\/18156019_1877919672419800_5560701100280908882_o.jpg\",\"keywords\":[\"CGT\",\"j\u00f3venes\",\"sindicalismo\"],\"articleSection\":[\"Comunicados 2017\",\"J\u00f3venes\"],\"inLanguage\":\"es\"},{\"@type\":\"WebPage\",\"@id\":\"https:\/\/municipales.org.ar\/festram\/jovenes-municipales-participaron-actividad-la-corriente-federal-trabajadores\/\",\"url\":\"https:\/\/municipales.org.ar\/festram\/jovenes-municipales-participaron-actividad-la-corriente-federal-trabajadores\/\",\"name\":\"J\u00f3venes Municipales participaron en actividad de la Corriente Federal de Trabajadores &#8211; FESTRAM\",\"isPartOf\":{\"@id\":\"https:\/\/municipales.org.ar\/festram\/#website\"},\"primaryImageOfPage\":{\"@id\":\"https:\/\/municipales.org.ar\/festram\/jovenes-municipales-participaron-actividad-la-corriente-federal-trabajadores\/#primaryimage\"},\"image\":{\"@id\":\"https:\/\/municipales.org.ar\/festram\/jovenes-municipales-participaron-actividad-la-corriente-federal-trabajadores\/#primaryimage\"},\"thumbnailUrl\":\"https:\/\/municipales.org.ar\/festram\/wp-content\/uploads\/2017\/05\/18156019_1877919672419800_5560701100280908882_o.jpg\",\"datePublished\":\"2017-05-08T15:10:10+00:00\",\"description\":\"La Corriente Federal de Trabajadores realiz\u00f3 en la Quinta de San Vicente (Buenos Aires) \u2013 hogar del General Per\u00f3n y Evita- su Plenario en donde se presentaron los primeros documentos y propuestas de sus comisiones de trabajo.\",\"breadcrumb\":{\"@id\":\"https:\/\/municipales.org.ar\/festram\/jovenes-municipales-participaron-actividad-la-corriente-federal-trabajadores\/#breadcrumb\"},\"inLanguage\":\"es\",\"potentialAction\":[{\"@type\":\"ReadAction\",\"target\":[\"https:\/\/municipales.org.ar\/festram\/jovenes-municipales-participaron-actividad-la-corriente-federal-trabajadores\/\"]}]},{\"@type\":\"ImageObject\",\"inLanguage\":\"es\",\"@id\":\"https:\/\/municipales.org.ar\/festram\/jovenes-municipales-participaron-actividad-la-corriente-federal-trabajadores\/#primaryimage\",\"url\":\"https:\/\/municipales.org.ar\/festram\/wp-content\/uploads\/2017\/05\/18156019_1877919672419800_5560701100280908882_o.jpg\",\"contentUrl\":\"https:\/\/municipales.org.ar\/festram\/wp-content\/uploads\/2017\/05\/18156019_1877919672419800_5560701100280908882_o.jpg\",\"width\":1152,\"height\":648},{\"@type\":\"BreadcrumbList\",\"@id\":\"https:\/\/municipales.org.ar\/festram\/jovenes-municipales-participaron-actividad-la-corriente-federal-trabajadores\/#breadcrumb\",\"itemListElement\":[{\"@type\":\"ListItem\",\"position\":1,\"name\":\"Portada\",\"item\":\"https:\/\/municipales.org.ar\/festram\/\"},{\"@type\":\"ListItem\",\"position\":2,\"name\":\"J\u00f3venes Municipales participaron en actividad de la Corriente Federal de Trabajadores\"}]},{\"@type\":\"WebSite\",\"@id\":\"https:\/\/municipales.org.ar\/festram\/#website\",\"url\":\"https:\/\/municipales.org.ar\/festram\/\",\"name\":\"FESTRAM\",\"description\":\"La web de los trabajadores municipales\",\"publisher\":{\"@id\":\"https:\/\/municipales.org.ar\/festram\/#organization\"},\"potentialAction\":[{\"@type\":\"SearchAction\",\"target\":{\"@type\":\"EntryPoint\",\"urlTemplate\":\"https:\/\/municipales.org.ar\/festram\/?s={search_term_string}\"},\"query-input\":{\"@type\":\"PropertyValueSpecification\",\"valueRequired\":true,\"valueName\":\"search_term_string\"}}],\"inLanguage\":\"es\"},{\"@type\":\"Organization\",\"@id\":\"https:\/\/municipales.org.ar\/festram\/#organization\",\"name\":\"Federaci\u00f3n de Sindicatos de Trabajadores Municipales de la Provincia de Santa Fe\",\"url\":\"https:\/\/municipales.org.ar\/festram\/\",\"logo\":{\"@type\":\"ImageObject\",\"inLanguage\":\"es\",\"@id\":\"https:\/\/municipales.org.ar\/festram\/#\/schema\/logo\/image\/\",\"url\":\"https:\/\/www.municipales.org.ar\/festram\/wp-content\/uploads\/2014\/07\/logo_fes.jpg\",\"contentUrl\":\"https:\/\/www.municipales.org.ar\/festram\/wp-content\/uploads\/2014\/07\/logo_fes.jpg\",\"width\":661,\"height\":673,\"caption\":\"Federaci\u00f3n de Sindicatos de Trabajadores Municipales de la Provincia de Santa Fe\"},\"image\":{\"@id\":\"https:\/\/municipales.org.ar\/festram\/#\/schema\/logo\/image\/\"},\"sameAs\":[\"https:\/\/www.facebook.com\/MunicipalesSF\",\"https:\/\/x.com\/MunicipalesSF\",\"https:\/\/www.youtube.com\/user\/festram\"]},{\"@type\":\"Person\",\"@id\":\"https:\/\/municipales.org.ar\/festram\/#\/schema\/person\/49096a774c48ce9063df4d59ec059f9e\",\"name\":\"mun_admin\"}]}<\/script>\n<!-- \/ Yoast SEO plugin. -->","yoast_head_json":{"title":"J\u00f3venes Municipales participaron en actividad de la Corriente Federal de Trabajadores &#8211; FESTRAM","description":"La Corriente Federal de Trabajadores realiz\u00f3 en la Quinta de San Vicente (Buenos Aires) \u2013 hogar del General Per\u00f3n y Evita- su Plenario en donde se presentaron los primeros documentos y propuestas de sus comisiones de trabajo.","robots":{"index":"index","follow":"follow","max-snippet":"max-snippet:-1","max-image-preview":"max-image-preview:large","max-video-preview":"max-video-preview:-1"},"canonical":"https:\/\/municipales.org.ar\/festram\/jovenes-municipales-participaron-actividad-la-corriente-federal-trabajadores\/","og_locale":"es_ES","og_type":"article","og_title":"J\u00f3venes Municipales participaron en actividad de la Corriente Federal de Trabajadores &#8211; FESTRAM","og_description":"La Corriente Federal de Trabajadores realiz\u00f3 en la Quinta de San Vicente (Buenos Aires) \u2013 hogar del General Per\u00f3n y Evita- su Plenario en donde se presentaron los primeros documentos y propuestas de sus comisiones de trabajo.","og_url":"https:\/\/municipales.org.ar\/festram\/jovenes-municipales-participaron-actividad-la-corriente-federal-trabajadores\/","og_site_name":"FESTRAM","article_publisher":"https:\/\/www.facebook.com\/MunicipalesSF","article_published_time":"2017-05-08T15:10:10+00:00","og_image":[{"width":1152,"height":648,"url":"https:\/\/municipales.org.ar\/festram\/wp-content\/uploads\/2017\/05\/18156019_1877919672419800_5560701100280908882_o.jpg","type":"image\/jpeg"}],"author":"mun_admin","twitter_card":"summary_large_image","twitter_creator":"@MunicipalesSF","twitter_site":"@MunicipalesSF","twitter_misc":{"Escrito por":"mun_admin","Tiempo de lectura":"1 minuto"},"schema":{"@context":"https:\/\/schema.org","@graph":[{"@type":"Article","@id":"https:\/\/municipales.org.ar\/festram\/jovenes-municipales-participaron-actividad-la-corriente-federal-trabajadores\/#article","isPartOf":{"@id":"https:\/\/municipales.org.ar\/festram\/jovenes-municipales-participaron-actividad-la-corriente-federal-trabajadores\/"},"author":{"name":"mun_admin","@id":"https:\/\/municipales.org.ar\/festram\/#\/schema\/person\/49096a774c48ce9063df4d59ec059f9e"},"headline":"J\u00f3venes Municipales participaron en actividad de la Corriente Federal de Trabajadores","datePublished":"2017-05-08T15:10:10+00:00","mainEntityOfPage":{"@id":"https:\/\/municipales.org.ar\/festram\/jovenes-municipales-participaron-actividad-la-corriente-federal-trabajadores\/"},"wordCount":174,"publisher":{"@id":"https:\/\/municipales.org.ar\/festram\/#organization"},"image":{"@id":"https:\/\/municipales.org.ar\/festram\/jovenes-municipales-participaron-actividad-la-corriente-federal-trabajadores\/#primaryimage"},"thumbnailUrl":"https:\/\/municipales.org.ar\/festram\/wp-content\/uploads\/2017\/05\/18156019_1877919672419800_5560701100280908882_o.jpg","keywords":["CGT","j\u00f3venes","sindicalismo"],"articleSection":["Comunicados 2017","J\u00f3venes"],"inLanguage":"es"},{"@type":"WebPage","@id":"https:\/\/municipales.org.ar\/festram\/jovenes-municipales-participaron-actividad-la-corriente-federal-trabajadores\/","url":"https:\/\/municipales.org.ar\/festram\/jovenes-municipales-participaron-actividad-la-corriente-federal-trabajadores\/","name":"J\u00f3venes Municipales participaron en actividad de la Corriente Federal de Trabajadores &#8211; FESTRAM","isPartOf":{"@id":"https:\/\/municipales.org.ar\/festram\/#website"},"primaryImageOfPage":{"@id":"https:\/\/municipales.org.ar\/festram\/jovenes-municipales-participaron-actividad-la-corriente-federal-trabajadores\/#primaryimage"},"image":{"@id":"https:\/\/municipales.org.ar\/festram\/jovenes-municipales-participaron-actividad-la-corriente-federal-trabajadores\/#primaryimage"},"thumbnailUrl":"https:\/\/municipales.org.ar\/festram\/wp-content\/uploads\/2017\/05\/18156019_1877919672419800_5560701100280908882_o.jpg","datePublished":"2017-05-08T15:10:10+00:00","description":"La Corriente Federal de Trabajadores realiz\u00f3 en la Quinta de San Vicente (Buenos Aires) \u2013 hogar del General Per\u00f3n y Evita- su Plenario en donde se presentaron los primeros documentos y propuestas de sus comisiones de trabajo.","breadcrumb":{"@id":"https:\/\/municipales.org.ar\/festram\/jovenes-municipales-participaron-actividad-la-corriente-federal-trabajadores\/#breadcrumb"},"inLanguage":"es","potentialAction":[{"@type":"ReadAction","target":["https:\/\/municipales.org.ar\/festram\/jovenes-municipales-participaron-actividad-la-corriente-federal-trabajadores\/"]}]},{"@type":"ImageObject","inLanguage":"es","@id":"https:\/\/municipales.org.ar\/festram\/jovenes-municipales-participaron-actividad-la-corriente-federal-trabajadores\/#primaryimage","url":"https:\/\/municipales.org.ar\/festram\/wp-content\/uploads\/2017\/05\/18156019_1877919672419800_5560701100280908882_o.jpg","contentUrl":"https:\/\/municipales.org.ar\/festram\/wp-content\/uploads\/2017\/05\/18156019_1877919672419800_5560701100280908882_o.jpg","width":1152,"height":648},{"@type":"BreadcrumbList","@id":"https:\/\/municipales.org.ar\/festram\/jovenes-municipales-participaron-actividad-la-corriente-federal-trabajadores\/#breadcrumb","itemListElement":[{"@type":"ListItem","position":1,"name":"Portada","item":"https:\/\/municipales.org.ar\/festram\/"},{"@type":"ListItem","position":2,"name":"J\u00f3venes Municipales participaron en actividad de la Corriente Federal de Trabajadores"}]},{"@type":"WebSite","@id":"https:\/\/municipales.org.ar\/festram\/#website","url":"https:\/\/municipales.org.ar\/festram\/","name":"FESTRAM","description":"La web de los trabajadores municipales","publisher":{"@id":"https:\/\/municipales.org.ar\/festram\/#organization"},"potentialAction":[{"@type":"SearchAction","target":{"@type":"EntryPoint","urlTemplate":"https:\/\/municipales.org.ar\/festram\/?s={search_term_string}"},"query-input":{"@type":"PropertyValueSpecification","valueRequired":true,"valueName":"search_term_string"}}],"inLanguage":"es"},{"@type":"Organization","@id":"https:\/\/municipales.org.ar\/festram\/#organization","name":"Federaci\u00f3n de Sindicatos de Trabajadores Municipales de la Provincia de Santa Fe","url":"https:\/\/municipales.org.ar\/festram\/","logo":{"@type":"ImageObject","inLanguage":"es","@id":"https:\/\/municipales.org.ar\/festram\/#\/schema\/logo\/image\/","url":"https:\/\/www.municipales.org.ar\/festram\/wp-content\/uploads\/2014\/07\/logo_fes.jpg","contentUrl":"https:\/\/www.municipales.org.ar\/festram\/wp-content\/uploads\/2014\/07\/logo_fes.jpg","width":661,"height":673,"caption":"Federaci\u00f3n de Sindicatos de Trabajadores Municipales de la Provincia de Santa Fe"},"image":{"@id":"https:\/\/municipales.org.ar\/festram\/#\/schema\/logo\/image\/"},"sameAs":["https:\/\/www.facebook.com\/MunicipalesSF","https:\/\/x.com\/MunicipalesSF","https:\/\/www.youtube.com\/user\/festram"]},{"@type":"Person","@id":"https:\/\/municipales.org.ar\/festram\/#\/schema\/person\/49096a774c48ce9063df4d59ec059f9e","name":"mun_admin"}]}},"jetpack_publicize_connections":[],"jetpack_featured_media_url":"https:\/\/municipales.org.ar\/festram\/wp-content\/uploads\/2017\/05\/18156019_1877919672419800_5560701100280908882_o.jpg","jetpack_sharing_enabled":true,"jetpack_likes_enabled":false,"jetpack_shortlink":"https:\/\/wp.me\/p7l4x1-39E","_links":{"self":[{"href":"https:\/\/municipales.org.ar\/festram\/wp-json\/wp\/v2\/posts\/12130","targetHints":{"allow":["GET"]}}],"collection":[{"href":"https:\/\/municipales.org.ar\/festram\/wp-json\/wp\/v2\/posts"}],"about":[{"href":"https:\/\/municipales.org.ar\/festram\/wp-json\/wp\/v2\/types\/post"}],"author":[{"embeddable":true,"href":"https:\/\/municipales.org.ar\/festram\/wp-json\/wp\/v2\/users\/1"}],"replies":[{"embeddable":true,"href":"https:\/\/municipales.org.ar\/festram\/wp-json\/wp\/v2\/comments?post=12130"}],"version-history":[{"count":2,"href":"https:\/\/municipales.org.ar\/festram\/wp-json\/wp\/v2\/posts\/12130\/revisions"}],"predecessor-version":[{"id":12133,"href":"https:\/\/municipales.org.ar\/festram\/wp-json\/wp\/v2\/posts\/12130\/revisions\/12133"}],"wp:featuredmedia":[{"embeddable":true,"href":"https:\/\/municipales.org.ar\/festram\/wp-json\/wp\/v2\/media\/12132"}],"wp:attachment":[{"href":"https:\/\/municipales.org.ar\/festram\/wp-json\/wp\/v2\/media?parent=12130"}],"wp:term":[{"taxonomy":"category","embeddable":true,"href":"https:\/\/municipales.org.ar\/festram\/wp-json\/wp\/v2\/categories?post=12130"},{"taxonomy":"post_tag","embeddable":true,"href":"https:\/\/municipales.org.ar\/festram\/wp-json\/wp\/v2\/tags?post=12130"}],"curies":[{"name":"wp","href":"https:\/\/api.w.org\/{rel}","templated":true}]}}