{"id":12230,"date":"2017-06-15T16:09:50","date_gmt":"2017-06-15T19:09:50","guid":{"rendered":"http:\/\/www.municipales.org.ar\/festram\/?p=12230"},"modified":"2017-07-07T13:05:51","modified_gmt":"2017-07-07T16:05:51","slug":"festram-presento-la-denuncia-intendente-san-carlos-centro-jorge-placenzotti","status":"publish","type":"post","link":"https:\/\/municipales.org.ar\/festram\/festram-presento-la-denuncia-intendente-san-carlos-centro-jorge-placenzotti\/","title":{"rendered":"FESTRAM present\u00f3 la denuncia contra el Intendente de San Carlos Centro Jorge Placenzotti."},"content":{"rendered":"<h4>Acompa\u00f1ado por representantes de la CGT, la CTA, la Mesa de Ni una Menos de Santa Fe, y la Intersindical contra la Violencia Laboral, el Secretario General de FESTRAM Claudio Leoni, encabez\u00f3 la Conferencia de Prensa donde la entidad gremial narr\u00f3 las circunstancias en que se desarroll\u00f3 una situaci\u00f3n de violencia de g\u00e9nero contra una trabajadora en la Municipalidad de San Carlos Centro, las acciones que se vienen llevando a cabo y los cursos de acci\u00f3n dispuestos tanto en el plano judicial como institucional, frente a las medidas adoptadas por el Intendente Jorge Placenzotti violatorias de derechos sindicales y constitucionales.<\/h4>\n<p>&nbsp;<\/p>\n<p>El pasado 2 de Mayo nuestra Federaci\u00f3n hab\u00eda denunciado p\u00fablicamente el hecho donde una compa\u00f1era fue encontrada inconsciente en su lugar de trabajo, luego de estar varias horas desaparecida, con lesiones graves en su cuerpo; siendo hospitalizada y atendida en una cl\u00ednica de la localidad.<\/p>\n<p>Su estado de gravidez, sumado al autoritarismo en una situaci\u00f3n de desigualdad y abuso de poder por parte del titular del Ejecutivo Municipal, deriv\u00f3 en un conflicto social en donde exigimos las garant\u00edas de protecci\u00f3n de todos los organismos de un Estado Responsable, para el correspondiente esclarecimiento de los sucesos y erradicaci\u00f3n de la violencia.<\/p>\n<p>Hoy donde la sociedad est\u00e1 dando una lucha sin tregua a la violencia de g\u00e9nero en todos sus tipos y \u00e1mbitos, no podemos como ciudadanos y desde las propias organizaciones sociales, sindicales y pol\u00edticas \u201cestar ciegos con los ojos abiertos\u201d frente a una realidad de violencia laboral, institucional, psicol\u00f3gica, econ\u00f3mica y medi\u00e1tica por parte de dicho Intendente y funcionarios de su gabinete.<\/p>\n<p>FESTRAM exige el r\u00e1pido esclarecimiento de los hechos y el cese de la persecuci\u00f3n a la compa\u00f1era, como as\u00ed tambi\u00e9n las garant\u00edas institucionales de protecci\u00f3n laboral; y por lo tanto hemos iniciado acciones judiciales de car\u00e1cter penal por abuso de autoridad e incumplimiento de los deberes de funcionario p\u00fablico.<\/p>\n\n\t\t<style type=\"text\/css\">\n\t\t\t#gallery-1 {\n\t\t\t\tmargin: auto;\n\t\t\t}\n\t\t\t#gallery-1 .gallery-item {\n\t\t\t\tfloat: left;\n\t\t\t\tmargin-top: 10px;\n\t\t\t\ttext-align: center;\n\t\t\t\twidth: 33%;\n\t\t\t}\n\t\t\t#gallery-1 img {\n\t\t\t\tborder: 2px solid #cfcfcf;\n\t\t\t}\n\t\t\t#gallery-1 .gallery-caption {\n\t\t\t\tmargin-left: 0;\n\t\t\t}\n\t\t\t\/* see gallery_shortcode() in wp-includes\/media.php *\/\n\t\t<\/style>\n\t\t<div id='gallery-1' class='gallery galleryid-12230 gallery-columns-3 gallery-size-thumbnail'><dl class='gallery-item'>\n\t\t\t<dt class='gallery-icon landscape'>\n\t\t\t\t<a href='https:\/\/municipales.org.ar\/festram\/festram-presento-la-denuncia-intendente-san-carlos-centro-jorge-placenzotti\/20170615-conferencia-002\/'><img loading=\"lazy\" decoding=\"async\" width=\"150\" height=\"150\" src=\"https:\/\/municipales.org.ar\/festram\/wp-content\/uploads\/2017\/06\/20170615-conferencia-002-150x150.jpg\" class=\"attachment-thumbnail size-thumbnail\" alt=\"\" srcset=\"https:\/\/municipales.org.ar\/festram\/wp-content\/uploads\/2017\/06\/20170615-conferencia-002-150x150.jpg 150w, https:\/\/municipales.org.ar\/festram\/wp-content\/uploads\/2017\/06\/20170615-conferencia-002-80x80.jpg 80w\" sizes=\"auto, (max-width: 150px) 100vw, 150px\" \/><\/a>\n\t\t\t<\/dt><\/dl><dl class='gallery-item'>\n\t\t\t<dt class='gallery-icon landscape'>\n\t\t\t\t<a href='https:\/\/municipales.org.ar\/festram\/festram-presento-la-denuncia-intendente-san-carlos-centro-jorge-placenzotti\/20170615-conferencia-003\/'><img loading=\"lazy\" decoding=\"async\" width=\"150\" height=\"150\" src=\"https:\/\/municipales.org.ar\/festram\/wp-content\/uploads\/2017\/06\/20170615-conferencia-003-150x150.jpg\" class=\"attachment-thumbnail size-thumbnail\" alt=\"\" srcset=\"https:\/\/municipales.org.ar\/festram\/wp-content\/uploads\/2017\/06\/20170615-conferencia-003-150x150.jpg 150w, https:\/\/municipales.org.ar\/festram\/wp-content\/uploads\/2017\/06\/20170615-conferencia-003-80x80.jpg 80w\" sizes=\"auto, (max-width: 150px) 100vw, 150px\" \/><\/a>\n\t\t\t<\/dt><\/dl><dl class='gallery-item'>\n\t\t\t<dt class='gallery-icon landscape'>\n\t\t\t\t<a href='https:\/\/municipales.org.ar\/festram\/festram-presento-la-denuncia-intendente-san-carlos-centro-jorge-placenzotti\/20170615-conferencia-004\/'><img loading=\"lazy\" decoding=\"async\" width=\"150\" height=\"150\" src=\"https:\/\/municipales.org.ar\/festram\/wp-content\/uploads\/2017\/06\/20170615-conferencia-004-150x150.jpg\" class=\"attachment-thumbnail size-thumbnail\" alt=\"\" srcset=\"https:\/\/municipales.org.ar\/festram\/wp-content\/uploads\/2017\/06\/20170615-conferencia-004-150x150.jpg 150w, https:\/\/municipales.org.ar\/festram\/wp-content\/uploads\/2017\/06\/20170615-conferencia-004-80x80.jpg 80w\" sizes=\"auto, (max-width: 150px) 100vw, 150px\" \/><\/a>\n\t\t\t<\/dt><\/dl><br style=\"clear: both\" \/><dl class='gallery-item'>\n\t\t\t<dt class='gallery-icon landscape'>\n\t\t\t\t<a href='https:\/\/municipales.org.ar\/festram\/festram-presento-la-denuncia-intendente-san-carlos-centro-jorge-placenzotti\/20170615-conferencia-001\/'><img loading=\"lazy\" decoding=\"async\" width=\"150\" height=\"150\" src=\"https:\/\/municipales.org.ar\/festram\/wp-content\/uploads\/2017\/06\/20170615-conferencia-001-150x150.jpg\" class=\"attachment-thumbnail size-thumbnail\" alt=\"\" srcset=\"https:\/\/municipales.org.ar\/festram\/wp-content\/uploads\/2017\/06\/20170615-conferencia-001-150x150.jpg 150w, https:\/\/municipales.org.ar\/festram\/wp-content\/uploads\/2017\/06\/20170615-conferencia-001-80x80.jpg 80w\" sizes=\"auto, (max-width: 150px) 100vw, 150px\" \/><\/a>\n\t\t\t<\/dt><\/dl>\n\t\t\t<br style='clear: both' \/>\n\t\t<\/div>\n\n<p>Participaron de la Conferencia de Prensa Claudio Girardi Secretario General de la CGT, Stella Vallejos (Ni una Menos), Marcelo Delfor (ATE- Red Sindical por Ambientes de trabajo Libres de Violencia), Carina Criado (AMSAFE), Patricia Mounier (SADOP) y la Secretaria de Pol\u00edticas de G\u00e9nero, Ni\u00f1ez, Familia y Medio Ambiente de FESTRAM, Mar\u00eda Jos\u00e9 Barrios.<\/p>\n<p>Se encontraban presentes, tambi\u00e9n, el Secretario General del Sindicato de San Carlos Centro, representantes de la Defensor\u00eda del Pueblo, Sindicatos de base de la Federaci\u00f3n y entidades intermedias de la ciudad.<\/p>\n<h6>Prensa FESTRAM<\/h6>\n","protected":false},"excerpt":{"rendered":"<p>Acompa\u00f1ado por representantes de la CGT, la CTA, la Mesa de Ni una Menos de Santa Fe, y la Intersindical contra la Violencia Laboral, el Secretario General de FESTRAM Claudio Leoni, encabez\u00f3 la Conferencia de Prensa donde la entidad gremial narr\u00f3 las circunstancias en que se desarroll\u00f3 una situaci\u00f3n de violencia de g\u00e9nero contra una trabajadora en la Municipalidad de San Carlos Centro, las acciones que se vienen llevando a cabo y los cursos de acci\u00f3n dispuestos tanto en el plano judicial como institucional, frente a las medidas adoptadas por el Intendente Jorge Placenzotti violatorias de derechos sindicales y constitucionales.<\/p>\n","protected":false},"author":1,"featured_media":12231,"comment_status":"closed","ping_status":"closed","sticky":false,"template":"","format":"video","meta":{"_jetpack_memberships_contains_paid_content":false,"footnotes":"","jetpack_publicize_message":"","jetpack_publicize_feature_enabled":true,"jetpack_social_post_already_shared":true,"jetpack_social_options":{"image_generator_settings":{"template":"highway","default_image_id":0,"font":"","enabled":false},"version":2}},"categories":[159,50],"tags":[87,138,67],"class_list":["post-12230","post","type-post","status-publish","format-video","has-post-thumbnail","hentry","category-comunicados-2017","category-genero","tag-genero-2","tag-san-carlos-centro","tag-sindicatos-afiliados","post_format-post-format-video"],"yoast_head":"<!-- This site is optimized with the Yoast SEO plugin v25.9 - https:\/\/yoast.com\/wordpress\/plugins\/seo\/ -->\n<title>FESTRAM present\u00f3 la denuncia contra el Intendente de San Carlos Centro Jorge Placenzotti. &#8211; FESTRAM<\/title>\n<meta name=\"description\" content=\"Acompa\u00f1ado por representantes de la CGT, la CTA, la Mesa de Ni una Menos de Santa Fe, y la Intersindical contra la Violencia Laboral, el Secretario General de FESTRAM Claudio Leoni, encabez\u00f3 la Conferencia de Prensa donde la entidad gremial narr\u00f3 las circunstancias en que se desarroll\u00f3 una situaci\u00f3n de violencia de g\u00e9nero contra una trabajadora en la Municipalidad de San Carlos Centro, las acciones que se vienen llevando a cabo y los cursos de acci\u00f3n dispuestos tanto en el plano judicial como institucional, frente a las medidas adoptadas por el Intendente Jorge Placenzotti violatorias de derechos sindicales y constitucionales.\" \/>\n<meta name=\"robots\" content=\"index, follow, max-snippet:-1, max-image-preview:large, max-video-preview:-1\" \/>\n<link rel=\"canonical\" href=\"https:\/\/municipales.org.ar\/festram\/festram-presento-la-denuncia-intendente-san-carlos-centro-jorge-placenzotti\/\" \/>\n<meta property=\"og:locale\" content=\"es_ES\" \/>\n<meta property=\"og:type\" content=\"article\" \/>\n<meta property=\"og:title\" content=\"FESTRAM present\u00f3 la denuncia contra el Intendente de San Carlos Centro Jorge Placenzotti. &#8211; FESTRAM\" \/>\n<meta property=\"og:description\" content=\"Acompa\u00f1ado por representantes de la CGT, la CTA, la Mesa de Ni una Menos de Santa Fe, y la Intersindical contra la Violencia Laboral, el Secretario General de FESTRAM Claudio Leoni, encabez\u00f3 la Conferencia de Prensa donde la entidad gremial narr\u00f3 las circunstancias en que se desarroll\u00f3 una situaci\u00f3n de violencia de g\u00e9nero contra una trabajadora en la Municipalidad de San Carlos Centro, las acciones que se vienen llevando a cabo y los cursos de acci\u00f3n dispuestos tanto en el plano judicial como institucional, frente a las medidas adoptadas por el Intendente Jorge Placenzotti violatorias de derechos sindicales y constitucionales.\" \/>\n<meta property=\"og:url\" content=\"https:\/\/municipales.org.ar\/festram\/festram-presento-la-denuncia-intendente-san-carlos-centro-jorge-placenzotti\/\" \/>\n<meta property=\"og:site_name\" content=\"FESTRAM\" \/>\n<meta property=\"article:publisher\" content=\"https:\/\/www.facebook.com\/MunicipalesSF\" \/>\n<meta property=\"article:published_time\" content=\"2017-06-15T19:09:50+00:00\" \/>\n<meta property=\"article:modified_time\" content=\"2017-07-07T16:05:51+00:00\" \/>\n<meta property=\"og:image\" content=\"https:\/\/municipales.org.ar\/festram\/wp-content\/uploads\/2017\/06\/20170615-conferencia-001.jpg\" \/>\n\t<meta property=\"og:image:width\" content=\"1990\" \/>\n\t<meta property=\"og:image:height\" content=\"1025\" \/>\n\t<meta property=\"og:image:type\" content=\"image\/jpeg\" \/>\n<meta name=\"author\" content=\"mun_admin\" \/>\n<meta name=\"twitter:card\" content=\"summary_large_image\" \/>\n<meta name=\"twitter:creator\" content=\"@MunicipalesSF\" \/>\n<meta name=\"twitter:site\" content=\"@MunicipalesSF\" \/>\n<meta name=\"twitter:label1\" content=\"Escrito por\" \/>\n\t<meta name=\"twitter:data1\" content=\"mun_admin\" \/>\n\t<meta name=\"twitter:label2\" content=\"Tiempo de lectura\" \/>\n\t<meta name=\"twitter:data2\" content=\"2 minutos\" \/>\n<script type=\"application\/ld+json\" class=\"yoast-schema-graph\">{\"@context\":\"https:\/\/schema.org\",\"@graph\":[{\"@type\":\"Article\",\"@id\":\"https:\/\/municipales.org.ar\/festram\/festram-presento-la-denuncia-intendente-san-carlos-centro-jorge-placenzotti\/#article\",\"isPartOf\":{\"@id\":\"https:\/\/municipales.org.ar\/festram\/festram-presento-la-denuncia-intendente-san-carlos-centro-jorge-placenzotti\/\"},\"author\":{\"name\":\"mun_admin\",\"@id\":\"https:\/\/municipales.org.ar\/festram\/#\/schema\/person\/49096a774c48ce9063df4d59ec059f9e\"},\"headline\":\"FESTRAM present\u00f3 la denuncia contra el Intendente de San Carlos Centro Jorge Placenzotti.\",\"datePublished\":\"2017-06-15T19:09:50+00:00\",\"dateModified\":\"2017-07-07T16:05:51+00:00\",\"mainEntityOfPage\":{\"@id\":\"https:\/\/municipales.org.ar\/festram\/festram-presento-la-denuncia-intendente-san-carlos-centro-jorge-placenzotti\/\"},\"wordCount\":447,\"publisher\":{\"@id\":\"https:\/\/municipales.org.ar\/festram\/#organization\"},\"image\":{\"@id\":\"https:\/\/municipales.org.ar\/festram\/festram-presento-la-denuncia-intendente-san-carlos-centro-jorge-placenzotti\/#primaryimage\"},\"thumbnailUrl\":\"https:\/\/municipales.org.ar\/festram\/wp-content\/uploads\/2017\/06\/20170615-conferencia-001.jpg\",\"keywords\":[\"g\u00e9nero\",\"san carlos centro\",\"sindicatos afiliados\"],\"articleSection\":[\"Comunicados 2017\",\"G\u00e9nero\"],\"inLanguage\":\"es\"},{\"@type\":\"WebPage\",\"@id\":\"https:\/\/municipales.org.ar\/festram\/festram-presento-la-denuncia-intendente-san-carlos-centro-jorge-placenzotti\/\",\"url\":\"https:\/\/municipales.org.ar\/festram\/festram-presento-la-denuncia-intendente-san-carlos-centro-jorge-placenzotti\/\",\"name\":\"FESTRAM present\u00f3 la denuncia contra el Intendente de San Carlos Centro Jorge Placenzotti. &#8211; FESTRAM\",\"isPartOf\":{\"@id\":\"https:\/\/municipales.org.ar\/festram\/#website\"},\"primaryImageOfPage\":{\"@id\":\"https:\/\/municipales.org.ar\/festram\/festram-presento-la-denuncia-intendente-san-carlos-centro-jorge-placenzotti\/#primaryimage\"},\"image\":{\"@id\":\"https:\/\/municipales.org.ar\/festram\/festram-presento-la-denuncia-intendente-san-carlos-centro-jorge-placenzotti\/#primaryimage\"},\"thumbnailUrl\":\"https:\/\/municipales.org.ar\/festram\/wp-content\/uploads\/2017\/06\/20170615-conferencia-001.jpg\",\"datePublished\":\"2017-06-15T19:09:50+00:00\",\"dateModified\":\"2017-07-07T16:05:51+00:00\",\"description\":\"Acompa\u00f1ado por representantes de la CGT, la CTA, la Mesa de Ni una Menos de Santa Fe, y la Intersindical contra la Violencia Laboral, el Secretario General de FESTRAM Claudio Leoni, encabez\u00f3 la Conferencia de Prensa donde la entidad gremial narr\u00f3 las circunstancias en que se desarroll\u00f3 una situaci\u00f3n de violencia de g\u00e9nero contra una trabajadora en la Municipalidad de San Carlos Centro, las acciones que se vienen llevando a cabo y los cursos de acci\u00f3n dispuestos tanto en el plano judicial como institucional, frente a las medidas adoptadas por el Intendente Jorge Placenzotti violatorias de derechos sindicales y constitucionales.\",\"breadcrumb\":{\"@id\":\"https:\/\/municipales.org.ar\/festram\/festram-presento-la-denuncia-intendente-san-carlos-centro-jorge-placenzotti\/#breadcrumb\"},\"inLanguage\":\"es\",\"potentialAction\":[{\"@type\":\"ReadAction\",\"target\":[\"https:\/\/municipales.org.ar\/festram\/festram-presento-la-denuncia-intendente-san-carlos-centro-jorge-placenzotti\/\"]}]},{\"@type\":\"ImageObject\",\"inLanguage\":\"es\",\"@id\":\"https:\/\/municipales.org.ar\/festram\/festram-presento-la-denuncia-intendente-san-carlos-centro-jorge-placenzotti\/#primaryimage\",\"url\":\"https:\/\/municipales.org.ar\/festram\/wp-content\/uploads\/2017\/06\/20170615-conferencia-001.jpg\",\"contentUrl\":\"https:\/\/municipales.org.ar\/festram\/wp-content\/uploads\/2017\/06\/20170615-conferencia-001.jpg\",\"width\":1990,\"height\":1025},{\"@type\":\"BreadcrumbList\",\"@id\":\"https:\/\/municipales.org.ar\/festram\/festram-presento-la-denuncia-intendente-san-carlos-centro-jorge-placenzotti\/#breadcrumb\",\"itemListElement\":[{\"@type\":\"ListItem\",\"position\":1,\"name\":\"Portada\",\"item\":\"https:\/\/municipales.org.ar\/festram\/\"},{\"@type\":\"ListItem\",\"position\":2,\"name\":\"FESTRAM present\u00f3 la denuncia contra el Intendente de San Carlos Centro Jorge Placenzotti.\"}]},{\"@type\":\"WebSite\",\"@id\":\"https:\/\/municipales.org.ar\/festram\/#website\",\"url\":\"https:\/\/municipales.org.ar\/festram\/\",\"name\":\"FESTRAM\",\"description\":\"La web de los trabajadores municipales\",\"publisher\":{\"@id\":\"https:\/\/municipales.org.ar\/festram\/#organization\"},\"potentialAction\":[{\"@type\":\"SearchAction\",\"target\":{\"@type\":\"EntryPoint\",\"urlTemplate\":\"https:\/\/municipales.org.ar\/festram\/?s={search_term_string}\"},\"query-input\":{\"@type\":\"PropertyValueSpecification\",\"valueRequired\":true,\"valueName\":\"search_term_string\"}}],\"inLanguage\":\"es\"},{\"@type\":\"Organization\",\"@id\":\"https:\/\/municipales.org.ar\/festram\/#organization\",\"name\":\"Federaci\u00f3n de Sindicatos de Trabajadores Municipales de la Provincia de Santa Fe\",\"url\":\"https:\/\/municipales.org.ar\/festram\/\",\"logo\":{\"@type\":\"ImageObject\",\"inLanguage\":\"es\",\"@id\":\"https:\/\/municipales.org.ar\/festram\/#\/schema\/logo\/image\/\",\"url\":\"https:\/\/www.municipales.org.ar\/festram\/wp-content\/uploads\/2014\/07\/logo_fes.jpg\",\"contentUrl\":\"https:\/\/www.municipales.org.ar\/festram\/wp-content\/uploads\/2014\/07\/logo_fes.jpg\",\"width\":661,\"height\":673,\"caption\":\"Federaci\u00f3n de Sindicatos de Trabajadores Municipales de la Provincia de Santa Fe\"},\"image\":{\"@id\":\"https:\/\/municipales.org.ar\/festram\/#\/schema\/logo\/image\/\"},\"sameAs\":[\"https:\/\/www.facebook.com\/MunicipalesSF\",\"https:\/\/x.com\/MunicipalesSF\",\"https:\/\/www.youtube.com\/user\/festram\"]},{\"@type\":\"Person\",\"@id\":\"https:\/\/municipales.org.ar\/festram\/#\/schema\/person\/49096a774c48ce9063df4d59ec059f9e\",\"name\":\"mun_admin\"}]}<\/script>\n<!-- \/ Yoast SEO plugin. -->","yoast_head_json":{"title":"FESTRAM present\u00f3 la denuncia contra el Intendente de San Carlos Centro Jorge Placenzotti. &#8211; FESTRAM","description":"Acompa\u00f1ado por representantes de la CGT, la CTA, la Mesa de Ni una Menos de Santa Fe, y la Intersindical contra la Violencia Laboral, el Secretario General de FESTRAM Claudio Leoni, encabez\u00f3 la Conferencia de Prensa donde la entidad gremial narr\u00f3 las circunstancias en que se desarroll\u00f3 una situaci\u00f3n de violencia de g\u00e9nero contra una trabajadora en la Municipalidad de San Carlos Centro, las acciones que se vienen llevando a cabo y los cursos de acci\u00f3n dispuestos tanto en el plano judicial como institucional, frente a las medidas adoptadas por el Intendente Jorge Placenzotti violatorias de derechos sindicales y constitucionales.","robots":{"index":"index","follow":"follow","max-snippet":"max-snippet:-1","max-image-preview":"max-image-preview:large","max-video-preview":"max-video-preview:-1"},"canonical":"https:\/\/municipales.org.ar\/festram\/festram-presento-la-denuncia-intendente-san-carlos-centro-jorge-placenzotti\/","og_locale":"es_ES","og_type":"article","og_title":"FESTRAM present\u00f3 la denuncia contra el Intendente de San Carlos Centro Jorge Placenzotti. &#8211; FESTRAM","og_description":"Acompa\u00f1ado por representantes de la CGT, la CTA, la Mesa de Ni una Menos de Santa Fe, y la Intersindical contra la Violencia Laboral, el Secretario General de FESTRAM Claudio Leoni, encabez\u00f3 la Conferencia de Prensa donde la entidad gremial narr\u00f3 las circunstancias en que se desarroll\u00f3 una situaci\u00f3n de violencia de g\u00e9nero contra una trabajadora en la Municipalidad de San Carlos Centro, las acciones que se vienen llevando a cabo y los cursos de acci\u00f3n dispuestos tanto en el plano judicial como institucional, frente a las medidas adoptadas por el Intendente Jorge Placenzotti violatorias de derechos sindicales y constitucionales.","og_url":"https:\/\/municipales.org.ar\/festram\/festram-presento-la-denuncia-intendente-san-carlos-centro-jorge-placenzotti\/","og_site_name":"FESTRAM","article_publisher":"https:\/\/www.facebook.com\/MunicipalesSF","article_published_time":"2017-06-15T19:09:50+00:00","article_modified_time":"2017-07-07T16:05:51+00:00","og_image":[{"width":1990,"height":1025,"url":"https:\/\/municipales.org.ar\/festram\/wp-content\/uploads\/2017\/06\/20170615-conferencia-001.jpg","type":"image\/jpeg"}],"author":"mun_admin","twitter_card":"summary_large_image","twitter_creator":"@MunicipalesSF","twitter_site":"@MunicipalesSF","twitter_misc":{"Escrito por":"mun_admin","Tiempo de lectura":"2 minutos"},"schema":{"@context":"https:\/\/schema.org","@graph":[{"@type":"Article","@id":"https:\/\/municipales.org.ar\/festram\/festram-presento-la-denuncia-intendente-san-carlos-centro-jorge-placenzotti\/#article","isPartOf":{"@id":"https:\/\/municipales.org.ar\/festram\/festram-presento-la-denuncia-intendente-san-carlos-centro-jorge-placenzotti\/"},"author":{"name":"mun_admin","@id":"https:\/\/municipales.org.ar\/festram\/#\/schema\/person\/49096a774c48ce9063df4d59ec059f9e"},"headline":"FESTRAM present\u00f3 la denuncia contra el Intendente de San Carlos Centro Jorge Placenzotti.","datePublished":"2017-06-15T19:09:50+00:00","dateModified":"2017-07-07T16:05:51+00:00","mainEntityOfPage":{"@id":"https:\/\/municipales.org.ar\/festram\/festram-presento-la-denuncia-intendente-san-carlos-centro-jorge-placenzotti\/"},"wordCount":447,"publisher":{"@id":"https:\/\/municipales.org.ar\/festram\/#organization"},"image":{"@id":"https:\/\/municipales.org.ar\/festram\/festram-presento-la-denuncia-intendente-san-carlos-centro-jorge-placenzotti\/#primaryimage"},"thumbnailUrl":"https:\/\/municipales.org.ar\/festram\/wp-content\/uploads\/2017\/06\/20170615-conferencia-001.jpg","keywords":["g\u00e9nero","san carlos centro","sindicatos afiliados"],"articleSection":["Comunicados 2017","G\u00e9nero"],"inLanguage":"es"},{"@type":"WebPage","@id":"https:\/\/municipales.org.ar\/festram\/festram-presento-la-denuncia-intendente-san-carlos-centro-jorge-placenzotti\/","url":"https:\/\/municipales.org.ar\/festram\/festram-presento-la-denuncia-intendente-san-carlos-centro-jorge-placenzotti\/","name":"FESTRAM present\u00f3 la denuncia contra el Intendente de San Carlos Centro Jorge Placenzotti. &#8211; FESTRAM","isPartOf":{"@id":"https:\/\/municipales.org.ar\/festram\/#website"},"primaryImageOfPage":{"@id":"https:\/\/municipales.org.ar\/festram\/festram-presento-la-denuncia-intendente-san-carlos-centro-jorge-placenzotti\/#primaryimage"},"image":{"@id":"https:\/\/municipales.org.ar\/festram\/festram-presento-la-denuncia-intendente-san-carlos-centro-jorge-placenzotti\/#primaryimage"},"thumbnailUrl":"https:\/\/municipales.org.ar\/festram\/wp-content\/uploads\/2017\/06\/20170615-conferencia-001.jpg","datePublished":"2017-06-15T19:09:50+00:00","dateModified":"2017-07-07T16:05:51+00:00","description":"Acompa\u00f1ado por representantes de la CGT, la CTA, la Mesa de Ni una Menos de Santa Fe, y la Intersindical contra la Violencia Laboral, el Secretario General de FESTRAM Claudio Leoni, encabez\u00f3 la Conferencia de Prensa donde la entidad gremial narr\u00f3 las circunstancias en que se desarroll\u00f3 una situaci\u00f3n de violencia de g\u00e9nero contra una trabajadora en la Municipalidad de San Carlos Centro, las acciones que se vienen llevando a cabo y los cursos de acci\u00f3n dispuestos tanto en el plano judicial como institucional, frente a las medidas adoptadas por el Intendente Jorge Placenzotti violatorias de derechos sindicales y constitucionales.","breadcrumb":{"@id":"https:\/\/municipales.org.ar\/festram\/festram-presento-la-denuncia-intendente-san-carlos-centro-jorge-placenzotti\/#breadcrumb"},"inLanguage":"es","potentialAction":[{"@type":"ReadAction","target":["https:\/\/municipales.org.ar\/festram\/festram-presento-la-denuncia-intendente-san-carlos-centro-jorge-placenzotti\/"]}]},{"@type":"ImageObject","inLanguage":"es","@id":"https:\/\/municipales.org.ar\/festram\/festram-presento-la-denuncia-intendente-san-carlos-centro-jorge-placenzotti\/#primaryimage","url":"https:\/\/municipales.org.ar\/festram\/wp-content\/uploads\/2017\/06\/20170615-conferencia-001.jpg","contentUrl":"https:\/\/municipales.org.ar\/festram\/wp-content\/uploads\/2017\/06\/20170615-conferencia-001.jpg","width":1990,"height":1025},{"@type":"BreadcrumbList","@id":"https:\/\/municipales.org.ar\/festram\/festram-presento-la-denuncia-intendente-san-carlos-centro-jorge-placenzotti\/#breadcrumb","itemListElement":[{"@type":"ListItem","position":1,"name":"Portada","item":"https:\/\/municipales.org.ar\/festram\/"},{"@type":"ListItem","position":2,"name":"FESTRAM present\u00f3 la denuncia contra el Intendente de San Carlos Centro Jorge Placenzotti."}]},{"@type":"WebSite","@id":"https:\/\/municipales.org.ar\/festram\/#website","url":"https:\/\/municipales.org.ar\/festram\/","name":"FESTRAM","description":"La web de los trabajadores municipales","publisher":{"@id":"https:\/\/municipales.org.ar\/festram\/#organization"},"potentialAction":[{"@type":"SearchAction","target":{"@type":"EntryPoint","urlTemplate":"https:\/\/municipales.org.ar\/festram\/?s={search_term_string}"},"query-input":{"@type":"PropertyValueSpecification","valueRequired":true,"valueName":"search_term_string"}}],"inLanguage":"es"},{"@type":"Organization","@id":"https:\/\/municipales.org.ar\/festram\/#organization","name":"Federaci\u00f3n de Sindicatos de Trabajadores Municipales de la Provincia de Santa Fe","url":"https:\/\/municipales.org.ar\/festram\/","logo":{"@type":"ImageObject","inLanguage":"es","@id":"https:\/\/municipales.org.ar\/festram\/#\/schema\/logo\/image\/","url":"https:\/\/www.municipales.org.ar\/festram\/wp-content\/uploads\/2014\/07\/logo_fes.jpg","contentUrl":"https:\/\/www.municipales.org.ar\/festram\/wp-content\/uploads\/2014\/07\/logo_fes.jpg","width":661,"height":673,"caption":"Federaci\u00f3n de Sindicatos de Trabajadores Municipales de la Provincia de Santa Fe"},"image":{"@id":"https:\/\/municipales.org.ar\/festram\/#\/schema\/logo\/image\/"},"sameAs":["https:\/\/www.facebook.com\/MunicipalesSF","https:\/\/x.com\/MunicipalesSF","https:\/\/www.youtube.com\/user\/festram"]},{"@type":"Person","@id":"https:\/\/municipales.org.ar\/festram\/#\/schema\/person\/49096a774c48ce9063df4d59ec059f9e","name":"mun_admin"}]}},"jetpack_publicize_connections":[],"jetpack_featured_media_url":"https:\/\/municipales.org.ar\/festram\/wp-content\/uploads\/2017\/06\/20170615-conferencia-001.jpg","jetpack_sharing_enabled":true,"jetpack_likes_enabled":false,"jetpack_shortlink":"https:\/\/wp.me\/p7l4x1-3bg","_links":{"self":[{"href":"https:\/\/municipales.org.ar\/festram\/wp-json\/wp\/v2\/posts\/12230","targetHints":{"allow":["GET"]}}],"collection":[{"href":"https:\/\/municipales.org.ar\/festram\/wp-json\/wp\/v2\/posts"}],"about":[{"href":"https:\/\/municipales.org.ar\/festram\/wp-json\/wp\/v2\/types\/post"}],"author":[{"embeddable":true,"href":"https:\/\/municipales.org.ar\/festram\/wp-json\/wp\/v2\/users\/1"}],"replies":[{"embeddable":true,"href":"https:\/\/municipales.org.ar\/festram\/wp-json\/wp\/v2\/comments?post=12230"}],"version-history":[{"count":1,"href":"https:\/\/municipales.org.ar\/festram\/wp-json\/wp\/v2\/posts\/12230\/revisions"}],"predecessor-version":[{"id":12235,"href":"https:\/\/municipales.org.ar\/festram\/wp-json\/wp\/v2\/posts\/12230\/revisions\/12235"}],"wp:featuredmedia":[{"embeddable":true,"href":"https:\/\/municipales.org.ar\/festram\/wp-json\/wp\/v2\/media\/12231"}],"wp:attachment":[{"href":"https:\/\/municipales.org.ar\/festram\/wp-json\/wp\/v2\/media?parent=12230"}],"wp:term":[{"taxonomy":"category","embeddable":true,"href":"https:\/\/municipales.org.ar\/festram\/wp-json\/wp\/v2\/categories?post=12230"},{"taxonomy":"post_tag","embeddable":true,"href":"https:\/\/municipales.org.ar\/festram\/wp-json\/wp\/v2\/tags?post=12230"}],"curies":[{"name":"wp","href":"https:\/\/api.w.org\/{rel}","templated":true}]}}