{"id":12359,"date":"2017-07-18T12:19:46","date_gmt":"2017-07-18T15:19:46","guid":{"rendered":"http:\/\/www.municipales.org.ar\/festram\/?p=12359"},"modified":"2017-07-18T12:19:46","modified_gmt":"2017-07-18T15:19:46","slug":"cierre-las-jornadas-capacitacion-politicas-genero-reconquista","status":"publish","type":"post","link":"https:\/\/municipales.org.ar\/festram\/cierre-las-jornadas-capacitacion-politicas-genero-reconquista\/","title":{"rendered":"Cierre de las Jornadas de Capacitaci\u00f3n sobre Pol\u00edticas de G\u00e9nero en Reconquista"},"content":{"rendered":"<h3>El pasado mi\u00e9rcoles 13 de julio se llev\u00f3 a cabo en la casa del Bicentenario de la Ciudad de Reconquista el acto de entrega de certificados a los compa\u00f1eros y compa\u00f1eras que participaron de la capacitaci\u00f3n en Pol\u00edticas de G\u00e9nero de FESTRAM, realizada en el mes de Junio y Julio en las sedes de Obrador, Maestranza, Palacio Municipal, Desarrollo Social y Hotel Plaza (Secretar\u00eda de Cultura, Producci\u00f3n, Turismo, Medio Ambiente y Terminal)<\/h3>\n<p>&nbsp;<\/p>\n<p>El mismo estuvo presidido por el Secretario General de la Federaci\u00f3n Claudio Leoni y el Secretario de Gobierno, Seguridad y Participaci\u00f3n Ciudadana de Reconquista, Lic. Guillermo Romero Mansur.<\/p>\n<p>Tambi\u00e9n estuvieron presentes la Secretar\u00eda de Pol\u00edticas de G\u00e9nero, Ni\u00f1ez, Familia y Medio Ambiente de FESTRAM Mar\u00eda Jos\u00e9 Barrios; la integrante de la Mesa de Ni Una Menos Santa Fe Stella Vallejos; el Delegado del Ministerio de Justicia de Reconquista Dr. Nicol\u00e1s Vega y la Dra. Mariana Cisera, abogada del CAJ Reconquista; la Presidenta del Honorable Concejo Deliberante Soledad Salazar; \u00a0las integrantes \u00a0de la Red de Mujeres de FESTRAM Elba Simionato, Irma Spataro y Blanca Medina; Ileana Foti de la Red de J\u00f3venes y los Miembros del Consejo Directivo \u00a0Fernando Giampietro, Mauricio Herzog, Antonio Ruiz y Pedro Olmedilla.<\/p>\n<p>El Secretario General de FESTRAM Claudio Leoni asegur\u00f3: \u00a0\u201c\u2026que debemos pasar del discurso a la acci\u00f3n \u00bb y expres\u00f3 que: \u201c\u2026 desde nuestra organizaci\u00f3n sindical estamos convencidos de buscar la unidad para este proceso revolucionario que llevan adelante las mujeres sobre la violencia de G\u00e9nero, y generar la igualdad de oportunidades y trato. La lucha cultural se da en todos los planos para romper barreras poderosas, y encontrar equidad\u2026\u201d<\/p>\n\n\t\t<style type=\"text\/css\">\n\t\t\t#gallery-1 {\n\t\t\t\tmargin: auto;\n\t\t\t}\n\t\t\t#gallery-1 .gallery-item {\n\t\t\t\tfloat: left;\n\t\t\t\tmargin-top: 10px;\n\t\t\t\ttext-align: center;\n\t\t\t\twidth: 33%;\n\t\t\t}\n\t\t\t#gallery-1 img {\n\t\t\t\tborder: 2px solid #cfcfcf;\n\t\t\t}\n\t\t\t#gallery-1 .gallery-caption {\n\t\t\t\tmargin-left: 0;\n\t\t\t}\n\t\t\t\/* see gallery_shortcode() in wp-includes\/media.php *\/\n\t\t<\/style>\n\t\t<div id='gallery-1' class='gallery galleryid-12359 gallery-columns-3 gallery-size-thumbnail'><dl class='gallery-item'>\n\t\t\t<dt class='gallery-icon landscape'>\n\t\t\t\t<a href='https:\/\/municipales.org.ar\/festram\/cierre-las-jornadas-capacitacion-politicas-genero-reconquista\/19956188_477066192647378_4563163518772388942_o\/'><img loading=\"lazy\" decoding=\"async\" width=\"150\" height=\"150\" src=\"https:\/\/municipales.org.ar\/festram\/wp-content\/uploads\/2017\/07\/19956188_477066192647378_4563163518772388942_o-150x150.jpg\" class=\"attachment-thumbnail size-thumbnail\" alt=\"\" srcset=\"https:\/\/municipales.org.ar\/festram\/wp-content\/uploads\/2017\/07\/19956188_477066192647378_4563163518772388942_o-150x150.jpg 150w, https:\/\/municipales.org.ar\/festram\/wp-content\/uploads\/2017\/07\/19956188_477066192647378_4563163518772388942_o-80x80.jpg 80w\" sizes=\"auto, (max-width: 150px) 100vw, 150px\" \/><\/a>\n\t\t\t<\/dt><\/dl><dl class='gallery-item'>\n\t\t\t<dt class='gallery-icon landscape'>\n\t\t\t\t<a href='https:\/\/municipales.org.ar\/festram\/cierre-las-jornadas-capacitacion-politicas-genero-reconquista\/img_5511\/'><img loading=\"lazy\" decoding=\"async\" width=\"150\" height=\"150\" src=\"https:\/\/municipales.org.ar\/festram\/wp-content\/uploads\/2017\/07\/IMG_5511-150x150.jpg\" class=\"attachment-thumbnail size-thumbnail\" alt=\"\" srcset=\"https:\/\/municipales.org.ar\/festram\/wp-content\/uploads\/2017\/07\/IMG_5511-150x150.jpg 150w, https:\/\/municipales.org.ar\/festram\/wp-content\/uploads\/2017\/07\/IMG_5511-80x80.jpg 80w\" sizes=\"auto, (max-width: 150px) 100vw, 150px\" \/><\/a>\n\t\t\t<\/dt><\/dl><dl class='gallery-item'>\n\t\t\t<dt class='gallery-icon landscape'>\n\t\t\t\t<a href='https:\/\/municipales.org.ar\/festram\/cierre-las-jornadas-capacitacion-politicas-genero-reconquista\/img_5538\/'><img loading=\"lazy\" decoding=\"async\" width=\"150\" height=\"150\" src=\"https:\/\/municipales.org.ar\/festram\/wp-content\/uploads\/2017\/07\/IMG_5538-150x150.jpg\" class=\"attachment-thumbnail size-thumbnail\" alt=\"\" srcset=\"https:\/\/municipales.org.ar\/festram\/wp-content\/uploads\/2017\/07\/IMG_5538-150x150.jpg 150w, https:\/\/municipales.org.ar\/festram\/wp-content\/uploads\/2017\/07\/IMG_5538-80x80.jpg 80w\" sizes=\"auto, (max-width: 150px) 100vw, 150px\" \/><\/a>\n\t\t\t<\/dt><\/dl><br style=\"clear: both\" \/><dl class='gallery-item'>\n\t\t\t<dt class='gallery-icon landscape'>\n\t\t\t\t<a href='https:\/\/municipales.org.ar\/festram\/cierre-las-jornadas-capacitacion-politicas-genero-reconquista\/img_5542\/'><img loading=\"lazy\" decoding=\"async\" width=\"150\" height=\"150\" src=\"https:\/\/municipales.org.ar\/festram\/wp-content\/uploads\/2017\/07\/IMG_5542-150x150.jpg\" class=\"attachment-thumbnail size-thumbnail\" alt=\"\" srcset=\"https:\/\/municipales.org.ar\/festram\/wp-content\/uploads\/2017\/07\/IMG_5542-150x150.jpg 150w, https:\/\/municipales.org.ar\/festram\/wp-content\/uploads\/2017\/07\/IMG_5542-80x80.jpg 80w\" sizes=\"auto, (max-width: 150px) 100vw, 150px\" \/><\/a>\n\t\t\t<\/dt><\/dl><dl class='gallery-item'>\n\t\t\t<dt class='gallery-icon landscape'>\n\t\t\t\t<a href='https:\/\/municipales.org.ar\/festram\/cierre-las-jornadas-capacitacion-politicas-genero-reconquista\/img_5539\/'><img loading=\"lazy\" decoding=\"async\" width=\"150\" height=\"150\" src=\"https:\/\/municipales.org.ar\/festram\/wp-content\/uploads\/2017\/07\/IMG_5539-150x150.jpg\" class=\"attachment-thumbnail size-thumbnail\" alt=\"\" srcset=\"https:\/\/municipales.org.ar\/festram\/wp-content\/uploads\/2017\/07\/IMG_5539-150x150.jpg 150w, https:\/\/municipales.org.ar\/festram\/wp-content\/uploads\/2017\/07\/IMG_5539-80x80.jpg 80w\" sizes=\"auto, (max-width: 150px) 100vw, 150px\" \/><\/a>\n\t\t\t<\/dt><\/dl><dl class='gallery-item'>\n\t\t\t<dt class='gallery-icon landscape'>\n\t\t\t\t<a href='https:\/\/municipales.org.ar\/festram\/cierre-las-jornadas-capacitacion-politicas-genero-reconquista\/img_5521\/'><img loading=\"lazy\" decoding=\"async\" width=\"150\" height=\"150\" src=\"https:\/\/municipales.org.ar\/festram\/wp-content\/uploads\/2017\/07\/IMG_5521-150x150.jpg\" class=\"attachment-thumbnail size-thumbnail\" alt=\"\" srcset=\"https:\/\/municipales.org.ar\/festram\/wp-content\/uploads\/2017\/07\/IMG_5521-150x150.jpg 150w, https:\/\/municipales.org.ar\/festram\/wp-content\/uploads\/2017\/07\/IMG_5521-80x80.jpg 80w\" sizes=\"auto, (max-width: 150px) 100vw, 150px\" \/><\/a>\n\t\t\t<\/dt><\/dl><br style=\"clear: both\" \/><dl class='gallery-item'>\n\t\t\t<dt class='gallery-icon landscape'>\n\t\t\t\t<a href='https:\/\/municipales.org.ar\/festram\/cierre-las-jornadas-capacitacion-politicas-genero-reconquista\/img_5540\/'><img loading=\"lazy\" decoding=\"async\" width=\"150\" height=\"150\" src=\"https:\/\/municipales.org.ar\/festram\/wp-content\/uploads\/2017\/07\/IMG_5540-150x150.jpg\" class=\"attachment-thumbnail size-thumbnail\" alt=\"\" srcset=\"https:\/\/municipales.org.ar\/festram\/wp-content\/uploads\/2017\/07\/IMG_5540-150x150.jpg 150w, https:\/\/municipales.org.ar\/festram\/wp-content\/uploads\/2017\/07\/IMG_5540-80x80.jpg 80w\" sizes=\"auto, (max-width: 150px) 100vw, 150px\" \/><\/a>\n\t\t\t<\/dt><\/dl><dl class='gallery-item'>\n\t\t\t<dt class='gallery-icon landscape'>\n\t\t\t\t<a href='https:\/\/municipales.org.ar\/festram\/cierre-las-jornadas-capacitacion-politicas-genero-reconquista\/img_5543\/'><img loading=\"lazy\" decoding=\"async\" width=\"150\" height=\"150\" src=\"https:\/\/municipales.org.ar\/festram\/wp-content\/uploads\/2017\/07\/IMG_5543-150x150.jpg\" class=\"attachment-thumbnail size-thumbnail\" alt=\"\" srcset=\"https:\/\/municipales.org.ar\/festram\/wp-content\/uploads\/2017\/07\/IMG_5543-150x150.jpg 150w, https:\/\/municipales.org.ar\/festram\/wp-content\/uploads\/2017\/07\/IMG_5543-80x80.jpg 80w\" sizes=\"auto, (max-width: 150px) 100vw, 150px\" \/><\/a>\n\t\t\t<\/dt><\/dl><dl class='gallery-item'>\n\t\t\t<dt class='gallery-icon landscape'>\n\t\t\t\t<a href='https:\/\/municipales.org.ar\/festram\/cierre-las-jornadas-capacitacion-politicas-genero-reconquista\/19983513_477066259314038_916163453324028709_o\/'><img loading=\"lazy\" decoding=\"async\" width=\"150\" height=\"150\" src=\"https:\/\/municipales.org.ar\/festram\/wp-content\/uploads\/2017\/07\/19983513_477066259314038_916163453324028709_o-150x150.jpg\" class=\"attachment-thumbnail size-thumbnail\" alt=\"\" srcset=\"https:\/\/municipales.org.ar\/festram\/wp-content\/uploads\/2017\/07\/19983513_477066259314038_916163453324028709_o-150x150.jpg 150w, https:\/\/municipales.org.ar\/festram\/wp-content\/uploads\/2017\/07\/19983513_477066259314038_916163453324028709_o-80x80.jpg 80w\" sizes=\"auto, (max-width: 150px) 100vw, 150px\" \/><\/a>\n\t\t\t<\/dt><\/dl><br style=\"clear: both\" \/>\n\t\t<\/div>\n\n<p>Tambi\u00e9n resalt\u00f3: \u201c\u2026 la gran tarea de la Mesa de \u00abNi Una Menos\u00bb, labor que est\u00e1n haciendo por todas las mujeres, con un fuerte impacto en el \u00e1mbito laboral y en la sociedad misma, por esto desde la organizaci\u00f3n sindical estamos respaldando estas capacitaciones que tienen como objetivo desnaturalizar pr\u00e1cticas violentas, empoderar a las mujeres e involucrar a las Instituciones estatales que deben actuar ante hechos de violencia\u2026\u201d<\/p>\n<p>Por su parte, el titular de la cartera de Gobierno del Municipio de Reconquista, agradeci\u00f3 \u00a0la presencia de Claudio Leoni en representaci\u00f3n de FESTRAM, como as\u00ed tambi\u00e9n al Sitram Reconquista; y a los agentes municipales que participaron de los talleres realizados en los meses de junio y julio.<\/p>\n<p>Por otra parte el Honorable Concejo Deliberante declar\u00f3 de Inter\u00e9s Municipal a la capacitaci\u00f3n realizada por FESTRAM en reconocimiento del compromiso asumido por la misma al trabajar en post de construir una sociedad de iguales para todos y todas.<\/p>\n","protected":false},"excerpt":{"rendered":"<p>El pasado mi\u00e9rcoles 13 de julio se llev\u00f3 a cabo en la casa del Bicentenario de la Ciudad de Reconquista el acto de entrega de certificados a los compa\u00f1eros y compa\u00f1eras que participaron de la capacitaci\u00f3n en Pol\u00edticas de G\u00e9nero de FESTRAM, realizada en el mes de Junio y Julio en las sedes de Obrador, Maestranza, Palacio Municipal, Desarrollo Social y Hotel Plaza (Secretar\u00eda de Cultura, Producci\u00f3n, Turismo, Medio Ambiente y Terminal)<\/p>\n","protected":false},"author":1,"featured_media":12360,"comment_status":"closed","ping_status":"closed","sticky":false,"template":"","format":"standard","meta":{"_jetpack_memberships_contains_paid_content":false,"footnotes":"","jetpack_publicize_message":"","jetpack_publicize_feature_enabled":true,"jetpack_social_post_already_shared":true,"jetpack_social_options":{"image_generator_settings":{"template":"highway","default_image_id":0,"font":"","enabled":false},"version":2}},"categories":[43,50],"tags":[65,87],"class_list":["post-12359","post","type-post","status-publish","format-standard","has-post-thumbnail","hentry","category-capacitacion","category-genero","tag-capacitacion-2","tag-genero-2"],"yoast_head":"<!-- This site is optimized with the Yoast SEO plugin v25.9 - https:\/\/yoast.com\/wordpress\/plugins\/seo\/ -->\n<title>Cierre de las Jornadas de Capacitaci\u00f3n sobre Pol\u00edticas de G\u00e9nero en Reconquista &#8211; FESTRAM<\/title>\n<meta name=\"description\" content=\"El pasado mi\u00e9rcoles 13 de julio se llev\u00f3 a cabo en la casa del Bicentenario de la Ciudad de Reconquista el acto de entrega de certificados a los compa\u00f1eros y compa\u00f1eras que participaron de la capacitaci\u00f3n en Pol\u00edticas de G\u00e9nero de FESTRAM, realizada en el mes de Junio y Julio en las sedes de Obrador, Maestranza, Palacio Municipal, Desarrollo Social y Hotel Plaza (Secretar\u00eda de Cultura, Producci\u00f3n, Turismo, Medio Ambiente y Terminal)\" \/>\n<meta name=\"robots\" content=\"index, follow, max-snippet:-1, max-image-preview:large, max-video-preview:-1\" \/>\n<link rel=\"canonical\" href=\"https:\/\/municipales.org.ar\/festram\/cierre-las-jornadas-capacitacion-politicas-genero-reconquista\/\" \/>\n<meta property=\"og:locale\" content=\"es_ES\" \/>\n<meta property=\"og:type\" content=\"article\" \/>\n<meta property=\"og:title\" content=\"Cierre de las Jornadas de Capacitaci\u00f3n sobre Pol\u00edticas de G\u00e9nero en Reconquista &#8211; FESTRAM\" \/>\n<meta property=\"og:description\" content=\"El pasado mi\u00e9rcoles 13 de julio se llev\u00f3 a cabo en la casa del Bicentenario de la Ciudad de Reconquista el acto de entrega de certificados a los compa\u00f1eros y compa\u00f1eras que participaron de la capacitaci\u00f3n en Pol\u00edticas de G\u00e9nero de FESTRAM, realizada en el mes de Junio y Julio en las sedes de Obrador, Maestranza, Palacio Municipal, Desarrollo Social y Hotel Plaza (Secretar\u00eda de Cultura, Producci\u00f3n, Turismo, Medio Ambiente y Terminal)\" \/>\n<meta property=\"og:url\" content=\"https:\/\/municipales.org.ar\/festram\/cierre-las-jornadas-capacitacion-politicas-genero-reconquista\/\" \/>\n<meta property=\"og:site_name\" content=\"FESTRAM\" \/>\n<meta property=\"article:publisher\" content=\"https:\/\/www.facebook.com\/MunicipalesSF\" \/>\n<meta property=\"article:published_time\" content=\"2017-07-18T15:19:46+00:00\" \/>\n<meta property=\"og:image\" content=\"https:\/\/municipales.org.ar\/festram\/wp-content\/uploads\/2017\/07\/IMG_5537.jpg\" \/>\n\t<meta property=\"og:image:width\" content=\"1280\" \/>\n\t<meta property=\"og:image:height\" content=\"720\" \/>\n\t<meta property=\"og:image:type\" content=\"image\/jpeg\" \/>\n<meta name=\"author\" content=\"mun_admin\" \/>\n<meta name=\"twitter:card\" content=\"summary_large_image\" \/>\n<meta name=\"twitter:creator\" content=\"@MunicipalesSF\" \/>\n<meta name=\"twitter:site\" content=\"@MunicipalesSF\" \/>\n<meta name=\"twitter:label1\" content=\"Escrito por\" \/>\n\t<meta name=\"twitter:data1\" content=\"mun_admin\" \/>\n\t<meta name=\"twitter:label2\" content=\"Tiempo de lectura\" \/>\n\t<meta name=\"twitter:data2\" content=\"2 minutos\" \/>\n<script type=\"application\/ld+json\" class=\"yoast-schema-graph\">{\"@context\":\"https:\/\/schema.org\",\"@graph\":[{\"@type\":\"Article\",\"@id\":\"https:\/\/municipales.org.ar\/festram\/cierre-las-jornadas-capacitacion-politicas-genero-reconquista\/#article\",\"isPartOf\":{\"@id\":\"https:\/\/municipales.org.ar\/festram\/cierre-las-jornadas-capacitacion-politicas-genero-reconquista\/\"},\"author\":{\"name\":\"mun_admin\",\"@id\":\"https:\/\/municipales.org.ar\/festram\/#\/schema\/person\/49096a774c48ce9063df4d59ec059f9e\"},\"headline\":\"Cierre de las Jornadas de Capacitaci\u00f3n sobre Pol\u00edticas de G\u00e9nero en Reconquista\",\"datePublished\":\"2017-07-18T15:19:46+00:00\",\"mainEntityOfPage\":{\"@id\":\"https:\/\/municipales.org.ar\/festram\/cierre-las-jornadas-capacitacion-politicas-genero-reconquista\/\"},\"wordCount\":467,\"publisher\":{\"@id\":\"https:\/\/municipales.org.ar\/festram\/#organization\"},\"image\":{\"@id\":\"https:\/\/municipales.org.ar\/festram\/cierre-las-jornadas-capacitacion-politicas-genero-reconquista\/#primaryimage\"},\"thumbnailUrl\":\"https:\/\/municipales.org.ar\/festram\/wp-content\/uploads\/2017\/07\/IMG_5537.jpg\",\"keywords\":[\"capacitaci\u00f3n\",\"g\u00e9nero\"],\"articleSection\":[\"Capacitaci\u00f3n\",\"G\u00e9nero\"],\"inLanguage\":\"es\"},{\"@type\":\"WebPage\",\"@id\":\"https:\/\/municipales.org.ar\/festram\/cierre-las-jornadas-capacitacion-politicas-genero-reconquista\/\",\"url\":\"https:\/\/municipales.org.ar\/festram\/cierre-las-jornadas-capacitacion-politicas-genero-reconquista\/\",\"name\":\"Cierre de las Jornadas de Capacitaci\u00f3n sobre Pol\u00edticas de G\u00e9nero en Reconquista &#8211; FESTRAM\",\"isPartOf\":{\"@id\":\"https:\/\/municipales.org.ar\/festram\/#website\"},\"primaryImageOfPage\":{\"@id\":\"https:\/\/municipales.org.ar\/festram\/cierre-las-jornadas-capacitacion-politicas-genero-reconquista\/#primaryimage\"},\"image\":{\"@id\":\"https:\/\/municipales.org.ar\/festram\/cierre-las-jornadas-capacitacion-politicas-genero-reconquista\/#primaryimage\"},\"thumbnailUrl\":\"https:\/\/municipales.org.ar\/festram\/wp-content\/uploads\/2017\/07\/IMG_5537.jpg\",\"datePublished\":\"2017-07-18T15:19:46+00:00\",\"description\":\"El pasado mi\u00e9rcoles 13 de julio se llev\u00f3 a cabo en la casa del Bicentenario de la Ciudad de Reconquista el acto de entrega de certificados a los compa\u00f1eros y compa\u00f1eras que participaron de la capacitaci\u00f3n en Pol\u00edticas de G\u00e9nero de FESTRAM, realizada en el mes de Junio y Julio en las sedes de Obrador, Maestranza, Palacio Municipal, Desarrollo Social y Hotel Plaza (Secretar\u00eda de Cultura, Producci\u00f3n, Turismo, Medio Ambiente y Terminal)\",\"breadcrumb\":{\"@id\":\"https:\/\/municipales.org.ar\/festram\/cierre-las-jornadas-capacitacion-politicas-genero-reconquista\/#breadcrumb\"},\"inLanguage\":\"es\",\"potentialAction\":[{\"@type\":\"ReadAction\",\"target\":[\"https:\/\/municipales.org.ar\/festram\/cierre-las-jornadas-capacitacion-politicas-genero-reconquista\/\"]}]},{\"@type\":\"ImageObject\",\"inLanguage\":\"es\",\"@id\":\"https:\/\/municipales.org.ar\/festram\/cierre-las-jornadas-capacitacion-politicas-genero-reconquista\/#primaryimage\",\"url\":\"https:\/\/municipales.org.ar\/festram\/wp-content\/uploads\/2017\/07\/IMG_5537.jpg\",\"contentUrl\":\"https:\/\/municipales.org.ar\/festram\/wp-content\/uploads\/2017\/07\/IMG_5537.jpg\",\"width\":1280,\"height\":720},{\"@type\":\"BreadcrumbList\",\"@id\":\"https:\/\/municipales.org.ar\/festram\/cierre-las-jornadas-capacitacion-politicas-genero-reconquista\/#breadcrumb\",\"itemListElement\":[{\"@type\":\"ListItem\",\"position\":1,\"name\":\"Portada\",\"item\":\"https:\/\/municipales.org.ar\/festram\/\"},{\"@type\":\"ListItem\",\"position\":2,\"name\":\"Cierre de las Jornadas de Capacitaci\u00f3n sobre Pol\u00edticas de G\u00e9nero en Reconquista\"}]},{\"@type\":\"WebSite\",\"@id\":\"https:\/\/municipales.org.ar\/festram\/#website\",\"url\":\"https:\/\/municipales.org.ar\/festram\/\",\"name\":\"FESTRAM\",\"description\":\"La web de los trabajadores municipales\",\"publisher\":{\"@id\":\"https:\/\/municipales.org.ar\/festram\/#organization\"},\"potentialAction\":[{\"@type\":\"SearchAction\",\"target\":{\"@type\":\"EntryPoint\",\"urlTemplate\":\"https:\/\/municipales.org.ar\/festram\/?s={search_term_string}\"},\"query-input\":{\"@type\":\"PropertyValueSpecification\",\"valueRequired\":true,\"valueName\":\"search_term_string\"}}],\"inLanguage\":\"es\"},{\"@type\":\"Organization\",\"@id\":\"https:\/\/municipales.org.ar\/festram\/#organization\",\"name\":\"Federaci\u00f3n de Sindicatos de Trabajadores Municipales de la Provincia de Santa Fe\",\"url\":\"https:\/\/municipales.org.ar\/festram\/\",\"logo\":{\"@type\":\"ImageObject\",\"inLanguage\":\"es\",\"@id\":\"https:\/\/municipales.org.ar\/festram\/#\/schema\/logo\/image\/\",\"url\":\"https:\/\/www.municipales.org.ar\/festram\/wp-content\/uploads\/2014\/07\/logo_fes.jpg\",\"contentUrl\":\"https:\/\/www.municipales.org.ar\/festram\/wp-content\/uploads\/2014\/07\/logo_fes.jpg\",\"width\":661,\"height\":673,\"caption\":\"Federaci\u00f3n de Sindicatos de Trabajadores Municipales de la Provincia de Santa Fe\"},\"image\":{\"@id\":\"https:\/\/municipales.org.ar\/festram\/#\/schema\/logo\/image\/\"},\"sameAs\":[\"https:\/\/www.facebook.com\/MunicipalesSF\",\"https:\/\/x.com\/MunicipalesSF\",\"https:\/\/www.youtube.com\/user\/festram\"]},{\"@type\":\"Person\",\"@id\":\"https:\/\/municipales.org.ar\/festram\/#\/schema\/person\/49096a774c48ce9063df4d59ec059f9e\",\"name\":\"mun_admin\"}]}<\/script>\n<!-- \/ Yoast SEO plugin. -->","yoast_head_json":{"title":"Cierre de las Jornadas de Capacitaci\u00f3n sobre Pol\u00edticas de G\u00e9nero en Reconquista &#8211; FESTRAM","description":"El pasado mi\u00e9rcoles 13 de julio se llev\u00f3 a cabo en la casa del Bicentenario de la Ciudad de Reconquista el acto de entrega de certificados a los compa\u00f1eros y compa\u00f1eras que participaron de la capacitaci\u00f3n en Pol\u00edticas de G\u00e9nero de FESTRAM, realizada en el mes de Junio y Julio en las sedes de Obrador, Maestranza, Palacio Municipal, Desarrollo Social y Hotel Plaza (Secretar\u00eda de Cultura, Producci\u00f3n, Turismo, Medio Ambiente y Terminal)","robots":{"index":"index","follow":"follow","max-snippet":"max-snippet:-1","max-image-preview":"max-image-preview:large","max-video-preview":"max-video-preview:-1"},"canonical":"https:\/\/municipales.org.ar\/festram\/cierre-las-jornadas-capacitacion-politicas-genero-reconquista\/","og_locale":"es_ES","og_type":"article","og_title":"Cierre de las Jornadas de Capacitaci\u00f3n sobre Pol\u00edticas de G\u00e9nero en Reconquista &#8211; FESTRAM","og_description":"El pasado mi\u00e9rcoles 13 de julio se llev\u00f3 a cabo en la casa del Bicentenario de la Ciudad de Reconquista el acto de entrega de certificados a los compa\u00f1eros y compa\u00f1eras que participaron de la capacitaci\u00f3n en Pol\u00edticas de G\u00e9nero de FESTRAM, realizada en el mes de Junio y Julio en las sedes de Obrador, Maestranza, Palacio Municipal, Desarrollo Social y Hotel Plaza (Secretar\u00eda de Cultura, Producci\u00f3n, Turismo, Medio Ambiente y Terminal)","og_url":"https:\/\/municipales.org.ar\/festram\/cierre-las-jornadas-capacitacion-politicas-genero-reconquista\/","og_site_name":"FESTRAM","article_publisher":"https:\/\/www.facebook.com\/MunicipalesSF","article_published_time":"2017-07-18T15:19:46+00:00","og_image":[{"width":1280,"height":720,"url":"https:\/\/municipales.org.ar\/festram\/wp-content\/uploads\/2017\/07\/IMG_5537.jpg","type":"image\/jpeg"}],"author":"mun_admin","twitter_card":"summary_large_image","twitter_creator":"@MunicipalesSF","twitter_site":"@MunicipalesSF","twitter_misc":{"Escrito por":"mun_admin","Tiempo de lectura":"2 minutos"},"schema":{"@context":"https:\/\/schema.org","@graph":[{"@type":"Article","@id":"https:\/\/municipales.org.ar\/festram\/cierre-las-jornadas-capacitacion-politicas-genero-reconquista\/#article","isPartOf":{"@id":"https:\/\/municipales.org.ar\/festram\/cierre-las-jornadas-capacitacion-politicas-genero-reconquista\/"},"author":{"name":"mun_admin","@id":"https:\/\/municipales.org.ar\/festram\/#\/schema\/person\/49096a774c48ce9063df4d59ec059f9e"},"headline":"Cierre de las Jornadas de Capacitaci\u00f3n sobre Pol\u00edticas de G\u00e9nero en Reconquista","datePublished":"2017-07-18T15:19:46+00:00","mainEntityOfPage":{"@id":"https:\/\/municipales.org.ar\/festram\/cierre-las-jornadas-capacitacion-politicas-genero-reconquista\/"},"wordCount":467,"publisher":{"@id":"https:\/\/municipales.org.ar\/festram\/#organization"},"image":{"@id":"https:\/\/municipales.org.ar\/festram\/cierre-las-jornadas-capacitacion-politicas-genero-reconquista\/#primaryimage"},"thumbnailUrl":"https:\/\/municipales.org.ar\/festram\/wp-content\/uploads\/2017\/07\/IMG_5537.jpg","keywords":["capacitaci\u00f3n","g\u00e9nero"],"articleSection":["Capacitaci\u00f3n","G\u00e9nero"],"inLanguage":"es"},{"@type":"WebPage","@id":"https:\/\/municipales.org.ar\/festram\/cierre-las-jornadas-capacitacion-politicas-genero-reconquista\/","url":"https:\/\/municipales.org.ar\/festram\/cierre-las-jornadas-capacitacion-politicas-genero-reconquista\/","name":"Cierre de las Jornadas de Capacitaci\u00f3n sobre Pol\u00edticas de G\u00e9nero en Reconquista &#8211; FESTRAM","isPartOf":{"@id":"https:\/\/municipales.org.ar\/festram\/#website"},"primaryImageOfPage":{"@id":"https:\/\/municipales.org.ar\/festram\/cierre-las-jornadas-capacitacion-politicas-genero-reconquista\/#primaryimage"},"image":{"@id":"https:\/\/municipales.org.ar\/festram\/cierre-las-jornadas-capacitacion-politicas-genero-reconquista\/#primaryimage"},"thumbnailUrl":"https:\/\/municipales.org.ar\/festram\/wp-content\/uploads\/2017\/07\/IMG_5537.jpg","datePublished":"2017-07-18T15:19:46+00:00","description":"El pasado mi\u00e9rcoles 13 de julio se llev\u00f3 a cabo en la casa del Bicentenario de la Ciudad de Reconquista el acto de entrega de certificados a los compa\u00f1eros y compa\u00f1eras que participaron de la capacitaci\u00f3n en Pol\u00edticas de G\u00e9nero de FESTRAM, realizada en el mes de Junio y Julio en las sedes de Obrador, Maestranza, Palacio Municipal, Desarrollo Social y Hotel Plaza (Secretar\u00eda de Cultura, Producci\u00f3n, Turismo, Medio Ambiente y Terminal)","breadcrumb":{"@id":"https:\/\/municipales.org.ar\/festram\/cierre-las-jornadas-capacitacion-politicas-genero-reconquista\/#breadcrumb"},"inLanguage":"es","potentialAction":[{"@type":"ReadAction","target":["https:\/\/municipales.org.ar\/festram\/cierre-las-jornadas-capacitacion-politicas-genero-reconquista\/"]}]},{"@type":"ImageObject","inLanguage":"es","@id":"https:\/\/municipales.org.ar\/festram\/cierre-las-jornadas-capacitacion-politicas-genero-reconquista\/#primaryimage","url":"https:\/\/municipales.org.ar\/festram\/wp-content\/uploads\/2017\/07\/IMG_5537.jpg","contentUrl":"https:\/\/municipales.org.ar\/festram\/wp-content\/uploads\/2017\/07\/IMG_5537.jpg","width":1280,"height":720},{"@type":"BreadcrumbList","@id":"https:\/\/municipales.org.ar\/festram\/cierre-las-jornadas-capacitacion-politicas-genero-reconquista\/#breadcrumb","itemListElement":[{"@type":"ListItem","position":1,"name":"Portada","item":"https:\/\/municipales.org.ar\/festram\/"},{"@type":"ListItem","position":2,"name":"Cierre de las Jornadas de Capacitaci\u00f3n sobre Pol\u00edticas de G\u00e9nero en Reconquista"}]},{"@type":"WebSite","@id":"https:\/\/municipales.org.ar\/festram\/#website","url":"https:\/\/municipales.org.ar\/festram\/","name":"FESTRAM","description":"La web de los trabajadores municipales","publisher":{"@id":"https:\/\/municipales.org.ar\/festram\/#organization"},"potentialAction":[{"@type":"SearchAction","target":{"@type":"EntryPoint","urlTemplate":"https:\/\/municipales.org.ar\/festram\/?s={search_term_string}"},"query-input":{"@type":"PropertyValueSpecification","valueRequired":true,"valueName":"search_term_string"}}],"inLanguage":"es"},{"@type":"Organization","@id":"https:\/\/municipales.org.ar\/festram\/#organization","name":"Federaci\u00f3n de Sindicatos de Trabajadores Municipales de la Provincia de Santa Fe","url":"https:\/\/municipales.org.ar\/festram\/","logo":{"@type":"ImageObject","inLanguage":"es","@id":"https:\/\/municipales.org.ar\/festram\/#\/schema\/logo\/image\/","url":"https:\/\/www.municipales.org.ar\/festram\/wp-content\/uploads\/2014\/07\/logo_fes.jpg","contentUrl":"https:\/\/www.municipales.org.ar\/festram\/wp-content\/uploads\/2014\/07\/logo_fes.jpg","width":661,"height":673,"caption":"Federaci\u00f3n de Sindicatos de Trabajadores Municipales de la Provincia de Santa Fe"},"image":{"@id":"https:\/\/municipales.org.ar\/festram\/#\/schema\/logo\/image\/"},"sameAs":["https:\/\/www.facebook.com\/MunicipalesSF","https:\/\/x.com\/MunicipalesSF","https:\/\/www.youtube.com\/user\/festram"]},{"@type":"Person","@id":"https:\/\/municipales.org.ar\/festram\/#\/schema\/person\/49096a774c48ce9063df4d59ec059f9e","name":"mun_admin"}]}},"jetpack_publicize_connections":[],"jetpack_featured_media_url":"https:\/\/municipales.org.ar\/festram\/wp-content\/uploads\/2017\/07\/IMG_5537.jpg","jetpack_sharing_enabled":true,"jetpack_likes_enabled":false,"jetpack_shortlink":"https:\/\/wp.me\/p7l4x1-3dl","_links":{"self":[{"href":"https:\/\/municipales.org.ar\/festram\/wp-json\/wp\/v2\/posts\/12359","targetHints":{"allow":["GET"]}}],"collection":[{"href":"https:\/\/municipales.org.ar\/festram\/wp-json\/wp\/v2\/posts"}],"about":[{"href":"https:\/\/municipales.org.ar\/festram\/wp-json\/wp\/v2\/types\/post"}],"author":[{"embeddable":true,"href":"https:\/\/municipales.org.ar\/festram\/wp-json\/wp\/v2\/users\/1"}],"replies":[{"embeddable":true,"href":"https:\/\/municipales.org.ar\/festram\/wp-json\/wp\/v2\/comments?post=12359"}],"version-history":[{"count":1,"href":"https:\/\/municipales.org.ar\/festram\/wp-json\/wp\/v2\/posts\/12359\/revisions"}],"predecessor-version":[{"id":12370,"href":"https:\/\/municipales.org.ar\/festram\/wp-json\/wp\/v2\/posts\/12359\/revisions\/12370"}],"wp:featuredmedia":[{"embeddable":true,"href":"https:\/\/municipales.org.ar\/festram\/wp-json\/wp\/v2\/media\/12360"}],"wp:attachment":[{"href":"https:\/\/municipales.org.ar\/festram\/wp-json\/wp\/v2\/media?parent=12359"}],"wp:term":[{"taxonomy":"category","embeddable":true,"href":"https:\/\/municipales.org.ar\/festram\/wp-json\/wp\/v2\/categories?post=12359"},{"taxonomy":"post_tag","embeddable":true,"href":"https:\/\/municipales.org.ar\/festram\/wp-json\/wp\/v2\/tags?post=12359"}],"curies":[{"name":"wp","href":"https:\/\/api.w.org\/{rel}","templated":true}]}}