{"id":12412,"date":"2017-07-25T11:39:08","date_gmt":"2017-07-25T14:39:08","guid":{"rendered":"http:\/\/www.municipales.org.ar\/festram\/?p=12412"},"modified":"2017-07-25T11:41:24","modified_gmt":"2017-07-25T14:41:24","slug":"gobierno-santa-fe-realizo-una-jornada-economia-social-trabajo-decente","status":"publish","type":"post","link":"https:\/\/municipales.org.ar\/festram\/gobierno-santa-fe-realizo-una-jornada-economia-social-trabajo-decente\/","title":{"rendered":"El Gobierno de Santa Fe realiz\u00f3 una Jornada \u201cEconom\u00eda Social y Trabajo Decente\u201d"},"content":{"rendered":"<h4>\u00abLa Econom\u00eda Social es la Econom\u00eda del futuro\u00bb. As\u00ed lo asegur\u00f3 el gobernador en el cierre de una jornada de capacitaci\u00f3n sobre Econom\u00eda Social y Trabajo Decente que se realiz\u00f3 en el Auditorio Central de FESTRAM\/AMFESTRAM.<\/h4>\n<p>&nbsp;<\/p>\n<p>El gobernador Miguel Lifschitz particip\u00f3 este lunes del cierre de la jornada \u201cEconom\u00eda Social y Trabajo Decente\u201d, dirigida a cooperativas, emprendedores y grupos asociativos de la ciudad de Santa Fe, con el objetivo de desarrollar instancias de capacitaci\u00f3n en materia de salud y seguridad en el trabajo y en aspectos vinculados a la formalizaci\u00f3n de emprendimientos productivos.<\/p>\n<p>Lifschitz record\u00f3 que la econom\u00eda social surgi\u00f3 luego de la crisis de 2001 \u201ccomo respuesta de los que se hab\u00edan quedado sin trabajo\u201d y destac\u00f3 que \u201cdesde el gobierno de Santa Fe advertimos la enorme fuerza que tiene la econom\u00eda social, que busca que a todos nos vaya bien y se basa en la solidaridad\u201d.<\/p>\n<p>&nbsp;<\/p>\n<p><iframe loading=\"lazy\" src=\"https:\/\/www.youtube.com\/embed\/VuBLyRkt0D4\" width=\"560\" height=\"315\" frameborder=\"0\" allowfullscreen=\"allowfullscreen\"><\/iframe><br \/>\n&nbsp;<br \/>\n&nbsp;<br \/>\n\u201cLas cooperativas son un refugio para algunas personas que a los 40, 45 o 50 a\u00f1os pierden su trabajo. En ellas tambi\u00e9n va a encontrar un lugar para terminar su carrera laboral, porque ese es el valor de la econom\u00eda social, que es una econom\u00eda inclusiva que abre las puertas a aquel que lo necesita\u201d.<\/p>\n<p>\u00abLa econom\u00eda social no es una econom\u00eda de la pobreza ni de segunda, es la econom\u00eda del futuro, de un mundo con m\u00e1s solidaridad, con m\u00e1s respeto por la naturaleza y los seres humanos. Un mundo que respete la dignidad de las personas\u201d, resalt\u00f3.<\/p>\n<p>\u201cEl trabajo en la econom\u00eda social tambi\u00e9n debe ser un trabajo decente y tiene que tener tantos derechos como el trabajo en una empresa o en el Estado\u201d, expres\u00f3 el gobernador. Adem\u00e1s, mencion\u00f3 que \u201cno va a haber inclusi\u00f3n social en Argentina si no seguimos creciendo con la econom\u00eda social y ampliando sus bases\u201d.<\/p>\n<h4>DIGNIDAD DEL TRABAJO Y ECONOM\u00cdA SOCIAL<\/h4>\n<p>El ministro de la Producci\u00f3n, Luis Contigiani, expres\u00f3 que los emprendedores \u201cconcentran sue\u00f1os y personas, comparten lo mucho y lo poco que tienen, hacen una experiencia de abajo hacia arriba con el sentido de la cooperaci\u00f3n y la solidaridad\u201d.<\/p>\n<p>\u201cFormamos parte de un gobierno que, con sus defectos y virtudes, trata de que sus pol\u00edticas sean de Estado y centradas en dos grandes ejes: la dignidad del trabajo y la econom\u00eda social\u201d, agreg\u00f3.<\/p>\n<p>Contigiani destac\u00f3 que \u201cSanta Fe es l\u00edder en dignidad de trabajo, por los comit\u00e9s de seguridad laboral que hace a\u00f1os venimos desarrollando y es un modelo estudiado en toda la Argentina\u201d. A su vez, destac\u00f3 \u201cnuestro compromiso por la defensa del trabajo en tiempos en los que cantos de sirena quieren volvernos a decir que el crecimiento econ\u00f3mico tiene que estar sustentado en menos salario y menos trabajo, para que el capital argentino tenga derrame, sabiendo que eso nunca termina en capital productivo, sino en la fuga de capitales\u201d.<\/p>\n<p>Sobre la econom\u00eda social, destac\u00f3 que \u201cpara nosotros es importante porque Santa Fe es cuna del cooperativismo. La provincia tiene m\u00e1s de 2600 cooperativas de todo tipo; es un motor econ\u00f3mico impresionante. Para este gobierno las cooperativas de trabajo son una opci\u00f3n de vida, tienen que democratizar la econom\u00eda y hacerla m\u00e1s humana. Por eso apuntalamos cada proyecto, ayudamos al agregado de valor y estamos cerca de ustedes\u201d, concluy\u00f3.<\/p>\n<p>Por \u00faltimo, respecto del cooperativismo, el ministro agreg\u00f3 que \u201cse trata de construir una econom\u00eda alternativa a la concentraci\u00f3n de capitales. Eso es el cooperativismo, por eso somos parte de un proyecto, de una pol\u00edtica de Estado en la que certificamos las buenas pr\u00e1cticas cooperativistas, fundamos una instituci\u00f3n -el \u00fanico caso es en Santa Fe- para educar cuadros de gesti\u00f3n cooperativa y ya estamos haciendo los primeros cursos, otorgamos cr\u00e9ditos y financiamos proyectos\u201d.<\/p>\n<p>Por su parte, el ministro de Trabajo y Seguridad Social, Julio Genesini, calific\u00f3 como \u201cuna satisfacci\u00f3n haber compartido esta jornada de trabajo a la que vinieron emprendedores, cooperativistas y distintas experiencias productivas y asociativas\u201d. En este sentido, mencion\u00f3 que \u201cla Organizaci\u00f3n Internacional del Trabajo (OIT) nos alienta a prestarle mayor atenci\u00f3n a este sector y en eso est\u00e1 empe\u00f1ado el gobierno de Santa Fe\u201d.<\/p>\n<p>Finalmente, Genesini sostuvo que \u201cla Econom\u00eda Social es un sector que se encuentra atravesado por una gran situaci\u00f3n de informalidad, porque las propias instituciones no est\u00e1n preparadas para receptar un fen\u00f3meno tan nuevo pero que va creciendo y demandando respuestas. Ah\u00ed es donde el Estado debe acercarse y ayudar al desarrollo de estos emprendimientos\u201d, concluy\u00f3.<\/p>\n<p>A su turno, el senador por el departamento La Capital, Emilio Jat\u00f3n, expres\u00f3 que \u201cen esta ciudad ha crecido el trabajo indigno en los \u00faltimos tiempos\u201d y estableci\u00f3 que sobre ese punto \u201ctenemos que trabajar porque el trabajo debe dignificar a las personas\u201d. Por ello resalt\u00f3 la importancia de capacitar a integrantes de cooperativas y grupos asociativos, como as\u00ed tambi\u00e9n a los emprendedores particulares.<\/p>\n<h3>PRESENTES<\/h3>\n<p>De la actividad, realizada en la sede de Festram de la ciudad de Santa Fe, participaron tambi\u00e9n el ministro de Desarrollo Social, Jorge Alvarez; y el diputado provincial Julio Garibaldi, entre otras autoridades provinciales, concejales e invitados especiales.<\/p>\n<p>La iniciativa, de la que participaron m\u00e1s de 700 integrantes de cooperativas, fue organizada por los ministerios de Trabajo y Seguridad Social y de la Producci\u00f3n y consisti\u00f3 en la implementaci\u00f3n de pol\u00edticas p\u00fablicas que promuevan la econom\u00eda social con trabajo decente, entendido como aquel trabajo productivo que se realiza en condiciones de libertad, equidad, seguridad y dignidad, y donde existe participaci\u00f3n, se respetan los derechos y se cuenta con remuneraci\u00f3n adecuada y protecci\u00f3n social.<\/p>\n<p>La Econom\u00eda Social y Solidaria propone consolidar un conjunto de pr\u00e1cticas econ\u00f3micas que construyen un sistema socio econ\u00f3mico centrado en las necesidades y capacidades de los ciudadanos. El objetivo es fortalecer los procesos de la econom\u00eda social para potenciar su rol en el desarrollo local y regional de los territorios de la provincia, apostando al trabajo como una herramienta imprescindible para la integraci\u00f3n e inclusi\u00f3n social.<\/p>\n<h6>Fuente: Gobierno de Santa Fe<\/h6>\n","protected":false},"excerpt":{"rendered":"<p>\u00abLa Econom\u00eda Social es la Econom\u00eda del futuro\u00bb. As\u00ed lo asegur\u00f3 el gobernador en el cierre de una jornada de capacitaci\u00f3n sobre Econom\u00eda Social y Trabajo Decente que se realiz\u00f3 en el Auditorio Central de FESTRAM.<\/p>\n","protected":false},"author":1,"featured_media":12413,"comment_status":"closed","ping_status":"closed","sticky":false,"template":"","format":"standard","meta":{"_jetpack_memberships_contains_paid_content":false,"footnotes":"","jetpack_publicize_message":"","jetpack_publicize_feature_enabled":true,"jetpack_social_post_already_shared":true,"jetpack_social_options":{"image_generator_settings":{"template":"highway","default_image_id":0,"font":"","enabled":false},"version":2}},"categories":[167],"tags":[154],"class_list":["post-12412","post","type-post","status-publish","format-standard","has-post-thumbnail","hentry","category-actividades-en-el-complejo","tag-actividades-complejo"],"yoast_head":"<!-- This site is optimized with the Yoast SEO plugin v25.9 - https:\/\/yoast.com\/wordpress\/plugins\/seo\/ -->\n<title>El Gobierno de Santa Fe realiz\u00f3 una Jornada \u201cEconom\u00eda Social y Trabajo Decente\u201d &#8211; FESTRAM<\/title>\n<meta name=\"description\" content=\"&quot;La Econom\u00eda Social es la Econom\u00eda del futuro&quot;. As\u00ed lo asegur\u00f3 el gobernador en el cierre de una jornada de capacitaci\u00f3n sobre Econom\u00eda Social y Trabajo Decente que se realiz\u00f3 en el Auditorio Central de FESTRAM.\" \/>\n<meta name=\"robots\" content=\"index, follow, max-snippet:-1, max-image-preview:large, max-video-preview:-1\" \/>\n<link rel=\"canonical\" href=\"https:\/\/municipales.org.ar\/festram\/gobierno-santa-fe-realizo-una-jornada-economia-social-trabajo-decente\/\" \/>\n<meta property=\"og:locale\" content=\"es_ES\" \/>\n<meta property=\"og:type\" content=\"article\" \/>\n<meta property=\"og:title\" content=\"El Gobierno de Santa Fe realiz\u00f3 una Jornada \u201cEconom\u00eda Social y Trabajo Decente\u201d &#8211; FESTRAM\" \/>\n<meta property=\"og:description\" content=\"&quot;La Econom\u00eda Social es la Econom\u00eda del futuro&quot;. As\u00ed lo asegur\u00f3 el gobernador en el cierre de una jornada de capacitaci\u00f3n sobre Econom\u00eda Social y Trabajo Decente que se realiz\u00f3 en el Auditorio Central de FESTRAM.\" \/>\n<meta property=\"og:url\" content=\"https:\/\/municipales.org.ar\/festram\/gobierno-santa-fe-realizo-una-jornada-economia-social-trabajo-decente\/\" \/>\n<meta property=\"og:site_name\" content=\"FESTRAM\" \/>\n<meta property=\"article:publisher\" content=\"https:\/\/www.facebook.com\/MunicipalesSF\" \/>\n<meta property=\"article:published_time\" content=\"2017-07-25T14:39:08+00:00\" \/>\n<meta property=\"article:modified_time\" content=\"2017-07-25T14:41:24+00:00\" \/>\n<meta property=\"og:image\" content=\"https:\/\/municipales.org.ar\/festram\/wp-content\/uploads\/2017\/07\/2017-07-24NID_258123O_1small.jpg\" \/>\n\t<meta property=\"og:image:width\" content=\"1920\" \/>\n\t<meta property=\"og:image:height\" content=\"1080\" \/>\n\t<meta property=\"og:image:type\" content=\"image\/jpeg\" \/>\n<meta name=\"author\" content=\"mun_admin\" \/>\n<meta name=\"twitter:card\" content=\"summary_large_image\" \/>\n<meta name=\"twitter:creator\" content=\"@MunicipalesSF\" \/>\n<meta name=\"twitter:site\" content=\"@MunicipalesSF\" \/>\n<meta name=\"twitter:label1\" content=\"Escrito por\" \/>\n\t<meta name=\"twitter:data1\" content=\"mun_admin\" \/>\n\t<meta name=\"twitter:label2\" content=\"Tiempo de lectura\" \/>\n\t<meta name=\"twitter:data2\" content=\"5 minutos\" \/>\n<script type=\"application\/ld+json\" class=\"yoast-schema-graph\">{\"@context\":\"https:\/\/schema.org\",\"@graph\":[{\"@type\":\"Article\",\"@id\":\"https:\/\/municipales.org.ar\/festram\/gobierno-santa-fe-realizo-una-jornada-economia-social-trabajo-decente\/#article\",\"isPartOf\":{\"@id\":\"https:\/\/municipales.org.ar\/festram\/gobierno-santa-fe-realizo-una-jornada-economia-social-trabajo-decente\/\"},\"author\":{\"name\":\"mun_admin\",\"@id\":\"https:\/\/municipales.org.ar\/festram\/#\/schema\/person\/49096a774c48ce9063df4d59ec059f9e\"},\"headline\":\"El Gobierno de Santa Fe realiz\u00f3 una Jornada \u201cEconom\u00eda Social y Trabajo Decente\u201d\",\"datePublished\":\"2017-07-25T14:39:08+00:00\",\"dateModified\":\"2017-07-25T14:41:24+00:00\",\"mainEntityOfPage\":{\"@id\":\"https:\/\/municipales.org.ar\/festram\/gobierno-santa-fe-realizo-una-jornada-economia-social-trabajo-decente\/\"},\"wordCount\":1066,\"publisher\":{\"@id\":\"https:\/\/municipales.org.ar\/festram\/#organization\"},\"image\":{\"@id\":\"https:\/\/municipales.org.ar\/festram\/gobierno-santa-fe-realizo-una-jornada-economia-social-trabajo-decente\/#primaryimage\"},\"thumbnailUrl\":\"https:\/\/municipales.org.ar\/festram\/wp-content\/uploads\/2017\/07\/2017-07-24NID_258123O_1small.jpg\",\"keywords\":[\"actividades complejo\"],\"articleSection\":[\"actividades en el complejo\"],\"inLanguage\":\"es\"},{\"@type\":\"WebPage\",\"@id\":\"https:\/\/municipales.org.ar\/festram\/gobierno-santa-fe-realizo-una-jornada-economia-social-trabajo-decente\/\",\"url\":\"https:\/\/municipales.org.ar\/festram\/gobierno-santa-fe-realizo-una-jornada-economia-social-trabajo-decente\/\",\"name\":\"El Gobierno de Santa Fe realiz\u00f3 una Jornada \u201cEconom\u00eda Social y Trabajo Decente\u201d &#8211; FESTRAM\",\"isPartOf\":{\"@id\":\"https:\/\/municipales.org.ar\/festram\/#website\"},\"primaryImageOfPage\":{\"@id\":\"https:\/\/municipales.org.ar\/festram\/gobierno-santa-fe-realizo-una-jornada-economia-social-trabajo-decente\/#primaryimage\"},\"image\":{\"@id\":\"https:\/\/municipales.org.ar\/festram\/gobierno-santa-fe-realizo-una-jornada-economia-social-trabajo-decente\/#primaryimage\"},\"thumbnailUrl\":\"https:\/\/municipales.org.ar\/festram\/wp-content\/uploads\/2017\/07\/2017-07-24NID_258123O_1small.jpg\",\"datePublished\":\"2017-07-25T14:39:08+00:00\",\"dateModified\":\"2017-07-25T14:41:24+00:00\",\"description\":\"\\\"La Econom\u00eda Social es la Econom\u00eda del futuro\\\". As\u00ed lo asegur\u00f3 el gobernador en el cierre de una jornada de capacitaci\u00f3n sobre Econom\u00eda Social y Trabajo Decente que se realiz\u00f3 en el Auditorio Central de FESTRAM.\",\"breadcrumb\":{\"@id\":\"https:\/\/municipales.org.ar\/festram\/gobierno-santa-fe-realizo-una-jornada-economia-social-trabajo-decente\/#breadcrumb\"},\"inLanguage\":\"es\",\"potentialAction\":[{\"@type\":\"ReadAction\",\"target\":[\"https:\/\/municipales.org.ar\/festram\/gobierno-santa-fe-realizo-una-jornada-economia-social-trabajo-decente\/\"]}]},{\"@type\":\"ImageObject\",\"inLanguage\":\"es\",\"@id\":\"https:\/\/municipales.org.ar\/festram\/gobierno-santa-fe-realizo-una-jornada-economia-social-trabajo-decente\/#primaryimage\",\"url\":\"https:\/\/municipales.org.ar\/festram\/wp-content\/uploads\/2017\/07\/2017-07-24NID_258123O_1small.jpg\",\"contentUrl\":\"https:\/\/municipales.org.ar\/festram\/wp-content\/uploads\/2017\/07\/2017-07-24NID_258123O_1small.jpg\",\"width\":1920,\"height\":1080},{\"@type\":\"BreadcrumbList\",\"@id\":\"https:\/\/municipales.org.ar\/festram\/gobierno-santa-fe-realizo-una-jornada-economia-social-trabajo-decente\/#breadcrumb\",\"itemListElement\":[{\"@type\":\"ListItem\",\"position\":1,\"name\":\"Portada\",\"item\":\"https:\/\/municipales.org.ar\/festram\/\"},{\"@type\":\"ListItem\",\"position\":2,\"name\":\"El Gobierno de Santa Fe realiz\u00f3 una Jornada \u201cEconom\u00eda Social y Trabajo Decente\u201d\"}]},{\"@type\":\"WebSite\",\"@id\":\"https:\/\/municipales.org.ar\/festram\/#website\",\"url\":\"https:\/\/municipales.org.ar\/festram\/\",\"name\":\"FESTRAM\",\"description\":\"La web de los trabajadores municipales\",\"publisher\":{\"@id\":\"https:\/\/municipales.org.ar\/festram\/#organization\"},\"potentialAction\":[{\"@type\":\"SearchAction\",\"target\":{\"@type\":\"EntryPoint\",\"urlTemplate\":\"https:\/\/municipales.org.ar\/festram\/?s={search_term_string}\"},\"query-input\":{\"@type\":\"PropertyValueSpecification\",\"valueRequired\":true,\"valueName\":\"search_term_string\"}}],\"inLanguage\":\"es\"},{\"@type\":\"Organization\",\"@id\":\"https:\/\/municipales.org.ar\/festram\/#organization\",\"name\":\"Federaci\u00f3n de Sindicatos de Trabajadores Municipales de la Provincia de Santa Fe\",\"url\":\"https:\/\/municipales.org.ar\/festram\/\",\"logo\":{\"@type\":\"ImageObject\",\"inLanguage\":\"es\",\"@id\":\"https:\/\/municipales.org.ar\/festram\/#\/schema\/logo\/image\/\",\"url\":\"https:\/\/www.municipales.org.ar\/festram\/wp-content\/uploads\/2014\/07\/logo_fes.jpg\",\"contentUrl\":\"https:\/\/www.municipales.org.ar\/festram\/wp-content\/uploads\/2014\/07\/logo_fes.jpg\",\"width\":661,\"height\":673,\"caption\":\"Federaci\u00f3n de Sindicatos de Trabajadores Municipales de la Provincia de Santa Fe\"},\"image\":{\"@id\":\"https:\/\/municipales.org.ar\/festram\/#\/schema\/logo\/image\/\"},\"sameAs\":[\"https:\/\/www.facebook.com\/MunicipalesSF\",\"https:\/\/x.com\/MunicipalesSF\",\"https:\/\/www.youtube.com\/user\/festram\"]},{\"@type\":\"Person\",\"@id\":\"https:\/\/municipales.org.ar\/festram\/#\/schema\/person\/49096a774c48ce9063df4d59ec059f9e\",\"name\":\"mun_admin\"}]}<\/script>\n<!-- \/ Yoast SEO plugin. -->","yoast_head_json":{"title":"El Gobierno de Santa Fe realiz\u00f3 una Jornada \u201cEconom\u00eda Social y Trabajo Decente\u201d &#8211; FESTRAM","description":"\"La Econom\u00eda Social es la Econom\u00eda del futuro\". As\u00ed lo asegur\u00f3 el gobernador en el cierre de una jornada de capacitaci\u00f3n sobre Econom\u00eda Social y Trabajo Decente que se realiz\u00f3 en el Auditorio Central de FESTRAM.","robots":{"index":"index","follow":"follow","max-snippet":"max-snippet:-1","max-image-preview":"max-image-preview:large","max-video-preview":"max-video-preview:-1"},"canonical":"https:\/\/municipales.org.ar\/festram\/gobierno-santa-fe-realizo-una-jornada-economia-social-trabajo-decente\/","og_locale":"es_ES","og_type":"article","og_title":"El Gobierno de Santa Fe realiz\u00f3 una Jornada \u201cEconom\u00eda Social y Trabajo Decente\u201d &#8211; FESTRAM","og_description":"\"La Econom\u00eda Social es la Econom\u00eda del futuro\". As\u00ed lo asegur\u00f3 el gobernador en el cierre de una jornada de capacitaci\u00f3n sobre Econom\u00eda Social y Trabajo Decente que se realiz\u00f3 en el Auditorio Central de FESTRAM.","og_url":"https:\/\/municipales.org.ar\/festram\/gobierno-santa-fe-realizo-una-jornada-economia-social-trabajo-decente\/","og_site_name":"FESTRAM","article_publisher":"https:\/\/www.facebook.com\/MunicipalesSF","article_published_time":"2017-07-25T14:39:08+00:00","article_modified_time":"2017-07-25T14:41:24+00:00","og_image":[{"width":1920,"height":1080,"url":"https:\/\/municipales.org.ar\/festram\/wp-content\/uploads\/2017\/07\/2017-07-24NID_258123O_1small.jpg","type":"image\/jpeg"}],"author":"mun_admin","twitter_card":"summary_large_image","twitter_creator":"@MunicipalesSF","twitter_site":"@MunicipalesSF","twitter_misc":{"Escrito por":"mun_admin","Tiempo de lectura":"5 minutos"},"schema":{"@context":"https:\/\/schema.org","@graph":[{"@type":"Article","@id":"https:\/\/municipales.org.ar\/festram\/gobierno-santa-fe-realizo-una-jornada-economia-social-trabajo-decente\/#article","isPartOf":{"@id":"https:\/\/municipales.org.ar\/festram\/gobierno-santa-fe-realizo-una-jornada-economia-social-trabajo-decente\/"},"author":{"name":"mun_admin","@id":"https:\/\/municipales.org.ar\/festram\/#\/schema\/person\/49096a774c48ce9063df4d59ec059f9e"},"headline":"El Gobierno de Santa Fe realiz\u00f3 una Jornada \u201cEconom\u00eda Social y Trabajo Decente\u201d","datePublished":"2017-07-25T14:39:08+00:00","dateModified":"2017-07-25T14:41:24+00:00","mainEntityOfPage":{"@id":"https:\/\/municipales.org.ar\/festram\/gobierno-santa-fe-realizo-una-jornada-economia-social-trabajo-decente\/"},"wordCount":1066,"publisher":{"@id":"https:\/\/municipales.org.ar\/festram\/#organization"},"image":{"@id":"https:\/\/municipales.org.ar\/festram\/gobierno-santa-fe-realizo-una-jornada-economia-social-trabajo-decente\/#primaryimage"},"thumbnailUrl":"https:\/\/municipales.org.ar\/festram\/wp-content\/uploads\/2017\/07\/2017-07-24NID_258123O_1small.jpg","keywords":["actividades complejo"],"articleSection":["actividades en el complejo"],"inLanguage":"es"},{"@type":"WebPage","@id":"https:\/\/municipales.org.ar\/festram\/gobierno-santa-fe-realizo-una-jornada-economia-social-trabajo-decente\/","url":"https:\/\/municipales.org.ar\/festram\/gobierno-santa-fe-realizo-una-jornada-economia-social-trabajo-decente\/","name":"El Gobierno de Santa Fe realiz\u00f3 una Jornada \u201cEconom\u00eda Social y Trabajo Decente\u201d &#8211; FESTRAM","isPartOf":{"@id":"https:\/\/municipales.org.ar\/festram\/#website"},"primaryImageOfPage":{"@id":"https:\/\/municipales.org.ar\/festram\/gobierno-santa-fe-realizo-una-jornada-economia-social-trabajo-decente\/#primaryimage"},"image":{"@id":"https:\/\/municipales.org.ar\/festram\/gobierno-santa-fe-realizo-una-jornada-economia-social-trabajo-decente\/#primaryimage"},"thumbnailUrl":"https:\/\/municipales.org.ar\/festram\/wp-content\/uploads\/2017\/07\/2017-07-24NID_258123O_1small.jpg","datePublished":"2017-07-25T14:39:08+00:00","dateModified":"2017-07-25T14:41:24+00:00","description":"\"La Econom\u00eda Social es la Econom\u00eda del futuro\". As\u00ed lo asegur\u00f3 el gobernador en el cierre de una jornada de capacitaci\u00f3n sobre Econom\u00eda Social y Trabajo Decente que se realiz\u00f3 en el Auditorio Central de FESTRAM.","breadcrumb":{"@id":"https:\/\/municipales.org.ar\/festram\/gobierno-santa-fe-realizo-una-jornada-economia-social-trabajo-decente\/#breadcrumb"},"inLanguage":"es","potentialAction":[{"@type":"ReadAction","target":["https:\/\/municipales.org.ar\/festram\/gobierno-santa-fe-realizo-una-jornada-economia-social-trabajo-decente\/"]}]},{"@type":"ImageObject","inLanguage":"es","@id":"https:\/\/municipales.org.ar\/festram\/gobierno-santa-fe-realizo-una-jornada-economia-social-trabajo-decente\/#primaryimage","url":"https:\/\/municipales.org.ar\/festram\/wp-content\/uploads\/2017\/07\/2017-07-24NID_258123O_1small.jpg","contentUrl":"https:\/\/municipales.org.ar\/festram\/wp-content\/uploads\/2017\/07\/2017-07-24NID_258123O_1small.jpg","width":1920,"height":1080},{"@type":"BreadcrumbList","@id":"https:\/\/municipales.org.ar\/festram\/gobierno-santa-fe-realizo-una-jornada-economia-social-trabajo-decente\/#breadcrumb","itemListElement":[{"@type":"ListItem","position":1,"name":"Portada","item":"https:\/\/municipales.org.ar\/festram\/"},{"@type":"ListItem","position":2,"name":"El Gobierno de Santa Fe realiz\u00f3 una Jornada \u201cEconom\u00eda Social y Trabajo Decente\u201d"}]},{"@type":"WebSite","@id":"https:\/\/municipales.org.ar\/festram\/#website","url":"https:\/\/municipales.org.ar\/festram\/","name":"FESTRAM","description":"La web de los trabajadores municipales","publisher":{"@id":"https:\/\/municipales.org.ar\/festram\/#organization"},"potentialAction":[{"@type":"SearchAction","target":{"@type":"EntryPoint","urlTemplate":"https:\/\/municipales.org.ar\/festram\/?s={search_term_string}"},"query-input":{"@type":"PropertyValueSpecification","valueRequired":true,"valueName":"search_term_string"}}],"inLanguage":"es"},{"@type":"Organization","@id":"https:\/\/municipales.org.ar\/festram\/#organization","name":"Federaci\u00f3n de Sindicatos de Trabajadores Municipales de la Provincia de Santa Fe","url":"https:\/\/municipales.org.ar\/festram\/","logo":{"@type":"ImageObject","inLanguage":"es","@id":"https:\/\/municipales.org.ar\/festram\/#\/schema\/logo\/image\/","url":"https:\/\/www.municipales.org.ar\/festram\/wp-content\/uploads\/2014\/07\/logo_fes.jpg","contentUrl":"https:\/\/www.municipales.org.ar\/festram\/wp-content\/uploads\/2014\/07\/logo_fes.jpg","width":661,"height":673,"caption":"Federaci\u00f3n de Sindicatos de Trabajadores Municipales de la Provincia de Santa Fe"},"image":{"@id":"https:\/\/municipales.org.ar\/festram\/#\/schema\/logo\/image\/"},"sameAs":["https:\/\/www.facebook.com\/MunicipalesSF","https:\/\/x.com\/MunicipalesSF","https:\/\/www.youtube.com\/user\/festram"]},{"@type":"Person","@id":"https:\/\/municipales.org.ar\/festram\/#\/schema\/person\/49096a774c48ce9063df4d59ec059f9e","name":"mun_admin"}]}},"jetpack_publicize_connections":[],"jetpack_featured_media_url":"https:\/\/municipales.org.ar\/festram\/wp-content\/uploads\/2017\/07\/2017-07-24NID_258123O_1small.jpg","jetpack_sharing_enabled":true,"jetpack_likes_enabled":false,"jetpack_shortlink":"https:\/\/wp.me\/p7l4x1-3ec","_links":{"self":[{"href":"https:\/\/municipales.org.ar\/festram\/wp-json\/wp\/v2\/posts\/12412","targetHints":{"allow":["GET"]}}],"collection":[{"href":"https:\/\/municipales.org.ar\/festram\/wp-json\/wp\/v2\/posts"}],"about":[{"href":"https:\/\/municipales.org.ar\/festram\/wp-json\/wp\/v2\/types\/post"}],"author":[{"embeddable":true,"href":"https:\/\/municipales.org.ar\/festram\/wp-json\/wp\/v2\/users\/1"}],"replies":[{"embeddable":true,"href":"https:\/\/municipales.org.ar\/festram\/wp-json\/wp\/v2\/comments?post=12412"}],"version-history":[{"count":3,"href":"https:\/\/municipales.org.ar\/festram\/wp-json\/wp\/v2\/posts\/12412\/revisions"}],"predecessor-version":[{"id":12416,"href":"https:\/\/municipales.org.ar\/festram\/wp-json\/wp\/v2\/posts\/12412\/revisions\/12416"}],"wp:featuredmedia":[{"embeddable":true,"href":"https:\/\/municipales.org.ar\/festram\/wp-json\/wp\/v2\/media\/12413"}],"wp:attachment":[{"href":"https:\/\/municipales.org.ar\/festram\/wp-json\/wp\/v2\/media?parent=12412"}],"wp:term":[{"taxonomy":"category","embeddable":true,"href":"https:\/\/municipales.org.ar\/festram\/wp-json\/wp\/v2\/categories?post=12412"},{"taxonomy":"post_tag","embeddable":true,"href":"https:\/\/municipales.org.ar\/festram\/wp-json\/wp\/v2\/tags?post=12412"}],"curies":[{"name":"wp","href":"https:\/\/api.w.org\/{rel}","templated":true}]}}