{"id":12470,"date":"2017-08-16T13:51:22","date_gmt":"2017-08-16T16:51:22","guid":{"rendered":"http:\/\/www.municipales.org.ar\/festram\/?p=12470"},"modified":"2017-08-16T20:23:56","modified_gmt":"2017-08-16T23:23:56","slug":"se-realizo-capitan-bermudez-una-jornada-sensibilizacion-consumos-problematicos","status":"publish","type":"post","link":"https:\/\/municipales.org.ar\/festram\/se-realizo-capitan-bermudez-una-jornada-sensibilizacion-consumos-problematicos\/","title":{"rendered":"Se realiz\u00f3 en Capit\u00e1n Berm\u00fadez una Jornada de Sensibilizaci\u00f3n sobre Consumos Problem\u00e1ticos"},"content":{"rendered":"<h3>El d\u00eda viernes 11 de Agosto la Red de Mujeres Municipales y Comunales de la Provincia de Santa Fe &#8211; \u00a0FESTRAM, junto al Sindicato de Capit\u00e1n Berm\u00fadez &#8211; S.O.E.M- \u00a0y la Red local desarrollaron una Jornada de Sensibilizaci\u00f3n sobre Consumos Problem\u00e1ticos en el \u00c1mbito Laboral.<\/h3>\n<p>&nbsp;<\/p>\n<p>La apertura del evento estuvo a cargo del Secretario General del S.O.E.M. Capit\u00e1n Berm\u00fadez, Compa\u00f1ero Jes\u00fas Ignacio Monz\u00f3n y la Coordinadora de la Red de FESTRAM, Elba Simionato.<\/p>\n<p>Dicha Jornada estuvo enmarcada en la formaci\u00f3n de los Comit\u00e9s Mixtos de Seguridad y Salud Laboral, siendo esto una herramienta fundamental para los trabajadores ya que es un \u00d3rgano Paritario con la participaci\u00f3n de los trabajadores y empleadores, que tienen por misi\u00f3n custodiar y promover la protecci\u00f3n de la Vida y la Salud de los trabajadores.<\/p>\n<p>Esta tem\u00e1tica es para la RED uno de los ejes principales a trabajar en toda la provincia logrando la conformaci\u00f3n de los Comit\u00e9s en todos los Municipios y Comunas facilitando, mediante estas Jornadas, las herramientas que podr\u00e1n ser aplicadas para elegir a los delegados que los representar\u00e1n en los mismos ya organizados.<\/p>\n<p>Se desarrollaron durante la actividad las siguientes tem\u00e1ticas:<\/p>\n<ul>\n<li>El Comit\u00e9 de Seguridad y Salud Laboral<\/li>\n<li>El Rol de los Trabajadores<\/li>\n<li>Abordaje del Consumo Problem\u00e1tico, la figura del Agente de Salud desde los Comit\u00e9s Mixtos de Seguridad y Salud Laboral<\/li>\n<li>Estrategias de Prevenci\u00f3n del Consumo Problem\u00e1tico<\/li>\n<li>Articulaci\u00f3n entre las Organizaciones Locales y Gremiales<\/li>\n<li>Din\u00e1micas Grupales, Debate y Conclusiones<\/li>\n<\/ul>\n<p><iframe loading=\"lazy\" style=\"border: none; overflow: hidden;\" src=\"https:\/\/www.facebook.com\/plugins\/video.php?href=https%3A%2F%2Fwww.facebook.com%2F100005933653011%2Fvideos%2F706468426227606%2F&amp;show_text=0&amp;width=267\" width=\"267\" height=\"476\" frameborder=\"0\" scrolling=\"no\" allowfullscreen=\"allowfullscreen\"><\/iframe><br \/>\nParticiparon representantes de todas las reparticiones &#8211; Departamento de Personal, I.A.P.O.S, Ni\u00f1ez, Biblioteca, Barrenderos, Docentes, Recupero, Empleo; Corral\u00f3n, Direcci\u00f3n de Bromatolog\u00eda, Direcci\u00f3n de Tr\u00e1nsito &#8211; con el fin de capacitarse para poder velar y proteger la Salud de sus compa\u00f1eros.<\/p>\n<p>Tuvo a cargo la palabra la Presidente del Concejo Se\u00f1ora Fabiana Albornoz y al cierre de la Jornada se hizo entrega de certificaciones a todos los asistentes y disertantes.<\/p>\n\n\t\t<style type=\"text\/css\">\n\t\t\t#gallery-1 {\n\t\t\t\tmargin: auto;\n\t\t\t}\n\t\t\t#gallery-1 .gallery-item {\n\t\t\t\tfloat: left;\n\t\t\t\tmargin-top: 10px;\n\t\t\t\ttext-align: center;\n\t\t\t\twidth: 33%;\n\t\t\t}\n\t\t\t#gallery-1 img {\n\t\t\t\tborder: 2px solid #cfcfcf;\n\t\t\t}\n\t\t\t#gallery-1 .gallery-caption {\n\t\t\t\tmargin-left: 0;\n\t\t\t}\n\t\t\t\/* see gallery_shortcode() in wp-includes\/media.php *\/\n\t\t<\/style>\n\t\t<div id='gallery-1' class='gallery galleryid-12470 gallery-columns-3 gallery-size-thumbnail'><dl class='gallery-item'>\n\t\t\t<dt class='gallery-icon landscape'>\n\t\t\t\t<a href='https:\/\/municipales.org.ar\/festram\/se-realizo-capitan-bermudez-una-jornada-sensibilizacion-consumos-problematicos\/img_6026\/'><img loading=\"lazy\" decoding=\"async\" width=\"150\" height=\"150\" src=\"https:\/\/municipales.org.ar\/festram\/wp-content\/uploads\/2017\/08\/IMG_6026-150x150.jpg\" class=\"attachment-thumbnail size-thumbnail\" alt=\"\" srcset=\"https:\/\/municipales.org.ar\/festram\/wp-content\/uploads\/2017\/08\/IMG_6026-150x150.jpg 150w, https:\/\/municipales.org.ar\/festram\/wp-content\/uploads\/2017\/08\/IMG_6026-80x80.jpg 80w\" sizes=\"auto, (max-width: 150px) 100vw, 150px\" \/><\/a>\n\t\t\t<\/dt><\/dl><dl class='gallery-item'>\n\t\t\t<dt class='gallery-icon landscape'>\n\t\t\t\t<a href='https:\/\/municipales.org.ar\/festram\/se-realizo-capitan-bermudez-una-jornada-sensibilizacion-consumos-problematicos\/img_5995\/'><img loading=\"lazy\" decoding=\"async\" width=\"150\" height=\"150\" src=\"https:\/\/municipales.org.ar\/festram\/wp-content\/uploads\/2017\/08\/IMG_5995-150x150.jpg\" class=\"attachment-thumbnail size-thumbnail\" alt=\"\" srcset=\"https:\/\/municipales.org.ar\/festram\/wp-content\/uploads\/2017\/08\/IMG_5995-150x150.jpg 150w, https:\/\/municipales.org.ar\/festram\/wp-content\/uploads\/2017\/08\/IMG_5995-80x80.jpg 80w\" sizes=\"auto, (max-width: 150px) 100vw, 150px\" \/><\/a>\n\t\t\t<\/dt><\/dl><dl class='gallery-item'>\n\t\t\t<dt class='gallery-icon portrait'>\n\t\t\t\t<a href='https:\/\/municipales.org.ar\/festram\/se-realizo-capitan-bermudez-una-jornada-sensibilizacion-consumos-problematicos\/img_5993\/'><img loading=\"lazy\" decoding=\"async\" width=\"150\" height=\"150\" src=\"https:\/\/municipales.org.ar\/festram\/wp-content\/uploads\/2017\/08\/IMG_5993-150x150.jpg\" class=\"attachment-thumbnail size-thumbnail\" alt=\"\" srcset=\"https:\/\/municipales.org.ar\/festram\/wp-content\/uploads\/2017\/08\/IMG_5993-150x150.jpg 150w, https:\/\/municipales.org.ar\/festram\/wp-content\/uploads\/2017\/08\/IMG_5993-80x80.jpg 80w\" sizes=\"auto, (max-width: 150px) 100vw, 150px\" \/><\/a>\n\t\t\t<\/dt><\/dl><br style=\"clear: both\" \/><dl class='gallery-item'>\n\t\t\t<dt class='gallery-icon portrait'>\n\t\t\t\t<a href='https:\/\/municipales.org.ar\/festram\/se-realizo-capitan-bermudez-una-jornada-sensibilizacion-consumos-problematicos\/img_5994\/'><img loading=\"lazy\" decoding=\"async\" width=\"150\" height=\"150\" src=\"https:\/\/municipales.org.ar\/festram\/wp-content\/uploads\/2017\/08\/IMG_5994-150x150.jpg\" class=\"attachment-thumbnail size-thumbnail\" alt=\"\" srcset=\"https:\/\/municipales.org.ar\/festram\/wp-content\/uploads\/2017\/08\/IMG_5994-150x150.jpg 150w, https:\/\/municipales.org.ar\/festram\/wp-content\/uploads\/2017\/08\/IMG_5994-80x80.jpg 80w\" sizes=\"auto, (max-width: 150px) 100vw, 150px\" \/><\/a>\n\t\t\t<\/dt><\/dl><dl class='gallery-item'>\n\t\t\t<dt class='gallery-icon portrait'>\n\t\t\t\t<a href='https:\/\/municipales.org.ar\/festram\/se-realizo-capitan-bermudez-una-jornada-sensibilizacion-consumos-problematicos\/img_5996\/'><img loading=\"lazy\" decoding=\"async\" width=\"150\" height=\"150\" src=\"https:\/\/municipales.org.ar\/festram\/wp-content\/uploads\/2017\/08\/IMG_5996-150x150.jpg\" class=\"attachment-thumbnail size-thumbnail\" alt=\"\" srcset=\"https:\/\/municipales.org.ar\/festram\/wp-content\/uploads\/2017\/08\/IMG_5996-150x150.jpg 150w, https:\/\/municipales.org.ar\/festram\/wp-content\/uploads\/2017\/08\/IMG_5996-80x80.jpg 80w\" sizes=\"auto, (max-width: 150px) 100vw, 150px\" \/><\/a>\n\t\t\t<\/dt><\/dl><dl class='gallery-item'>\n\t\t\t<dt class='gallery-icon portrait'>\n\t\t\t\t<a href='https:\/\/municipales.org.ar\/festram\/se-realizo-capitan-bermudez-una-jornada-sensibilizacion-consumos-problematicos\/img_5990\/'><img loading=\"lazy\" decoding=\"async\" width=\"150\" height=\"150\" src=\"https:\/\/municipales.org.ar\/festram\/wp-content\/uploads\/2017\/08\/IMG_5990-150x150.jpg\" class=\"attachment-thumbnail size-thumbnail\" alt=\"\" srcset=\"https:\/\/municipales.org.ar\/festram\/wp-content\/uploads\/2017\/08\/IMG_5990-150x150.jpg 150w, https:\/\/municipales.org.ar\/festram\/wp-content\/uploads\/2017\/08\/IMG_5990-80x80.jpg 80w\" sizes=\"auto, (max-width: 150px) 100vw, 150px\" \/><\/a>\n\t\t\t<\/dt><\/dl><br style=\"clear: both\" \/><dl class='gallery-item'>\n\t\t\t<dt class='gallery-icon portrait'>\n\t\t\t\t<a href='https:\/\/municipales.org.ar\/festram\/se-realizo-capitan-bermudez-una-jornada-sensibilizacion-consumos-problematicos\/img_5997\/'><img loading=\"lazy\" decoding=\"async\" width=\"150\" height=\"150\" src=\"https:\/\/municipales.org.ar\/festram\/wp-content\/uploads\/2017\/08\/IMG_5997-150x150.jpg\" class=\"attachment-thumbnail size-thumbnail\" alt=\"\" srcset=\"https:\/\/municipales.org.ar\/festram\/wp-content\/uploads\/2017\/08\/IMG_5997-150x150.jpg 150w, https:\/\/municipales.org.ar\/festram\/wp-content\/uploads\/2017\/08\/IMG_5997-80x80.jpg 80w\" sizes=\"auto, (max-width: 150px) 100vw, 150px\" \/><\/a>\n\t\t\t<\/dt><\/dl><dl class='gallery-item'>\n\t\t\t<dt class='gallery-icon landscape'>\n\t\t\t\t<a href='https:\/\/municipales.org.ar\/festram\/se-realizo-capitan-bermudez-una-jornada-sensibilizacion-consumos-problematicos\/img_5998\/'><img loading=\"lazy\" decoding=\"async\" width=\"150\" height=\"150\" src=\"https:\/\/municipales.org.ar\/festram\/wp-content\/uploads\/2017\/08\/IMG_5998-150x150.jpg\" class=\"attachment-thumbnail size-thumbnail\" alt=\"\" srcset=\"https:\/\/municipales.org.ar\/festram\/wp-content\/uploads\/2017\/08\/IMG_5998-150x150.jpg 150w, https:\/\/municipales.org.ar\/festram\/wp-content\/uploads\/2017\/08\/IMG_5998-80x80.jpg 80w\" sizes=\"auto, (max-width: 150px) 100vw, 150px\" \/><\/a>\n\t\t\t<\/dt><\/dl><dl class='gallery-item'>\n\t\t\t<dt class='gallery-icon portrait'>\n\t\t\t\t<a href='https:\/\/municipales.org.ar\/festram\/se-realizo-capitan-bermudez-una-jornada-sensibilizacion-consumos-problematicos\/img_5999\/'><img loading=\"lazy\" decoding=\"async\" width=\"150\" height=\"150\" src=\"https:\/\/municipales.org.ar\/festram\/wp-content\/uploads\/2017\/08\/IMG_5999-150x150.jpg\" class=\"attachment-thumbnail size-thumbnail\" alt=\"\" srcset=\"https:\/\/municipales.org.ar\/festram\/wp-content\/uploads\/2017\/08\/IMG_5999-150x150.jpg 150w, https:\/\/municipales.org.ar\/festram\/wp-content\/uploads\/2017\/08\/IMG_5999-80x80.jpg 80w\" sizes=\"auto, (max-width: 150px) 100vw, 150px\" \/><\/a>\n\t\t\t<\/dt><\/dl><br style=\"clear: both\" \/><dl class='gallery-item'>\n\t\t\t<dt class='gallery-icon portrait'>\n\t\t\t\t<a href='https:\/\/municipales.org.ar\/festram\/se-realizo-capitan-bermudez-una-jornada-sensibilizacion-consumos-problematicos\/img_6001\/'><img loading=\"lazy\" decoding=\"async\" width=\"150\" height=\"150\" src=\"https:\/\/municipales.org.ar\/festram\/wp-content\/uploads\/2017\/08\/IMG_6001-150x150.jpg\" class=\"attachment-thumbnail size-thumbnail\" alt=\"\" srcset=\"https:\/\/municipales.org.ar\/festram\/wp-content\/uploads\/2017\/08\/IMG_6001-150x150.jpg 150w, https:\/\/municipales.org.ar\/festram\/wp-content\/uploads\/2017\/08\/IMG_6001-80x80.jpg 80w\" sizes=\"auto, (max-width: 150px) 100vw, 150px\" \/><\/a>\n\t\t\t<\/dt><\/dl><dl class='gallery-item'>\n\t\t\t<dt class='gallery-icon portrait'>\n\t\t\t\t<a href='https:\/\/municipales.org.ar\/festram\/se-realizo-capitan-bermudez-una-jornada-sensibilizacion-consumos-problematicos\/img_6002\/'><img loading=\"lazy\" decoding=\"async\" width=\"150\" height=\"150\" src=\"https:\/\/municipales.org.ar\/festram\/wp-content\/uploads\/2017\/08\/IMG_6002-150x150.jpg\" class=\"attachment-thumbnail size-thumbnail\" alt=\"\" srcset=\"https:\/\/municipales.org.ar\/festram\/wp-content\/uploads\/2017\/08\/IMG_6002-150x150.jpg 150w, https:\/\/municipales.org.ar\/festram\/wp-content\/uploads\/2017\/08\/IMG_6002-80x80.jpg 80w\" sizes=\"auto, (max-width: 150px) 100vw, 150px\" \/><\/a>\n\t\t\t<\/dt><\/dl><dl class='gallery-item'>\n\t\t\t<dt class='gallery-icon portrait'>\n\t\t\t\t<a href='https:\/\/municipales.org.ar\/festram\/se-realizo-capitan-bermudez-una-jornada-sensibilizacion-consumos-problematicos\/img_6003\/'><img loading=\"lazy\" decoding=\"async\" width=\"150\" height=\"150\" src=\"https:\/\/municipales.org.ar\/festram\/wp-content\/uploads\/2017\/08\/IMG_6003-150x150.jpg\" class=\"attachment-thumbnail size-thumbnail\" alt=\"\" srcset=\"https:\/\/municipales.org.ar\/festram\/wp-content\/uploads\/2017\/08\/IMG_6003-150x150.jpg 150w, https:\/\/municipales.org.ar\/festram\/wp-content\/uploads\/2017\/08\/IMG_6003-80x80.jpg 80w\" sizes=\"auto, (max-width: 150px) 100vw, 150px\" \/><\/a>\n\t\t\t<\/dt><\/dl><br style=\"clear: both\" \/><dl class='gallery-item'>\n\t\t\t<dt class='gallery-icon portrait'>\n\t\t\t\t<a href='https:\/\/municipales.org.ar\/festram\/se-realizo-capitan-bermudez-una-jornada-sensibilizacion-consumos-problematicos\/img_5992\/'><img loading=\"lazy\" decoding=\"async\" width=\"150\" height=\"150\" src=\"https:\/\/municipales.org.ar\/festram\/wp-content\/uploads\/2017\/08\/IMG_5992-150x150.jpg\" class=\"attachment-thumbnail size-thumbnail\" alt=\"\" srcset=\"https:\/\/municipales.org.ar\/festram\/wp-content\/uploads\/2017\/08\/IMG_5992-150x150.jpg 150w, https:\/\/municipales.org.ar\/festram\/wp-content\/uploads\/2017\/08\/IMG_5992-80x80.jpg 80w\" sizes=\"auto, (max-width: 150px) 100vw, 150px\" \/><\/a>\n\t\t\t<\/dt><\/dl><dl class='gallery-item'>\n\t\t\t<dt class='gallery-icon portrait'>\n\t\t\t\t<a href='https:\/\/municipales.org.ar\/festram\/se-realizo-capitan-bermudez-una-jornada-sensibilizacion-consumos-problematicos\/img_6004\/'><img loading=\"lazy\" decoding=\"async\" width=\"150\" height=\"150\" src=\"https:\/\/municipales.org.ar\/festram\/wp-content\/uploads\/2017\/08\/IMG_6004-150x150.jpg\" class=\"attachment-thumbnail size-thumbnail\" alt=\"\" srcset=\"https:\/\/municipales.org.ar\/festram\/wp-content\/uploads\/2017\/08\/IMG_6004-150x150.jpg 150w, https:\/\/municipales.org.ar\/festram\/wp-content\/uploads\/2017\/08\/IMG_6004-80x80.jpg 80w\" sizes=\"auto, (max-width: 150px) 100vw, 150px\" \/><\/a>\n\t\t\t<\/dt><\/dl><dl class='gallery-item'>\n\t\t\t<dt class='gallery-icon landscape'>\n\t\t\t\t<a href='https:\/\/municipales.org.ar\/festram\/se-realizo-capitan-bermudez-una-jornada-sensibilizacion-consumos-problematicos\/img_6005\/'><img loading=\"lazy\" decoding=\"async\" width=\"150\" height=\"150\" src=\"https:\/\/municipales.org.ar\/festram\/wp-content\/uploads\/2017\/08\/IMG_6005-150x150.jpg\" class=\"attachment-thumbnail size-thumbnail\" alt=\"\" srcset=\"https:\/\/municipales.org.ar\/festram\/wp-content\/uploads\/2017\/08\/IMG_6005-150x150.jpg 150w, https:\/\/municipales.org.ar\/festram\/wp-content\/uploads\/2017\/08\/IMG_6005-80x80.jpg 80w\" sizes=\"auto, (max-width: 150px) 100vw, 150px\" \/><\/a>\n\t\t\t<\/dt><\/dl><br style=\"clear: both\" \/><dl class='gallery-item'>\n\t\t\t<dt class='gallery-icon portrait'>\n\t\t\t\t<a href='https:\/\/municipales.org.ar\/festram\/se-realizo-capitan-bermudez-una-jornada-sensibilizacion-consumos-problematicos\/img_6006\/'><img loading=\"lazy\" decoding=\"async\" width=\"150\" height=\"150\" src=\"https:\/\/municipales.org.ar\/festram\/wp-content\/uploads\/2017\/08\/IMG_6006-150x150.jpg\" class=\"attachment-thumbnail size-thumbnail\" alt=\"\" srcset=\"https:\/\/municipales.org.ar\/festram\/wp-content\/uploads\/2017\/08\/IMG_6006-150x150.jpg 150w, https:\/\/municipales.org.ar\/festram\/wp-content\/uploads\/2017\/08\/IMG_6006-80x80.jpg 80w\" sizes=\"auto, (max-width: 150px) 100vw, 150px\" \/><\/a>\n\t\t\t<\/dt><\/dl><dl class='gallery-item'>\n\t\t\t<dt class='gallery-icon landscape'>\n\t\t\t\t<a href='https:\/\/municipales.org.ar\/festram\/se-realizo-capitan-bermudez-una-jornada-sensibilizacion-consumos-problematicos\/img_6007\/'><img loading=\"lazy\" decoding=\"async\" width=\"150\" height=\"150\" src=\"https:\/\/municipales.org.ar\/festram\/wp-content\/uploads\/2017\/08\/IMG_6007-150x150.jpg\" class=\"attachment-thumbnail size-thumbnail\" alt=\"\" srcset=\"https:\/\/municipales.org.ar\/festram\/wp-content\/uploads\/2017\/08\/IMG_6007-150x150.jpg 150w, https:\/\/municipales.org.ar\/festram\/wp-content\/uploads\/2017\/08\/IMG_6007-80x80.jpg 80w\" sizes=\"auto, (max-width: 150px) 100vw, 150px\" \/><\/a>\n\t\t\t<\/dt><\/dl><dl class='gallery-item'>\n\t\t\t<dt class='gallery-icon landscape'>\n\t\t\t\t<a href='https:\/\/municipales.org.ar\/festram\/se-realizo-capitan-bermudez-una-jornada-sensibilizacion-consumos-problematicos\/img_6009\/'><img loading=\"lazy\" decoding=\"async\" width=\"150\" height=\"150\" src=\"https:\/\/municipales.org.ar\/festram\/wp-content\/uploads\/2017\/08\/IMG_6009-150x150.jpg\" class=\"attachment-thumbnail size-thumbnail\" alt=\"\" srcset=\"https:\/\/municipales.org.ar\/festram\/wp-content\/uploads\/2017\/08\/IMG_6009-150x150.jpg 150w, https:\/\/municipales.org.ar\/festram\/wp-content\/uploads\/2017\/08\/IMG_6009-80x80.jpg 80w\" sizes=\"auto, (max-width: 150px) 100vw, 150px\" \/><\/a>\n\t\t\t<\/dt><\/dl><br style=\"clear: both\" \/><dl class='gallery-item'>\n\t\t\t<dt class='gallery-icon portrait'>\n\t\t\t\t<a href='https:\/\/municipales.org.ar\/festram\/se-realizo-capitan-bermudez-una-jornada-sensibilizacion-consumos-problematicos\/img_6010\/'><img loading=\"lazy\" decoding=\"async\" width=\"150\" height=\"150\" src=\"https:\/\/municipales.org.ar\/festram\/wp-content\/uploads\/2017\/08\/IMG_6010-150x150.jpg\" class=\"attachment-thumbnail size-thumbnail\" alt=\"\" srcset=\"https:\/\/municipales.org.ar\/festram\/wp-content\/uploads\/2017\/08\/IMG_6010-150x150.jpg 150w, https:\/\/municipales.org.ar\/festram\/wp-content\/uploads\/2017\/08\/IMG_6010-80x80.jpg 80w\" sizes=\"auto, (max-width: 150px) 100vw, 150px\" \/><\/a>\n\t\t\t<\/dt><\/dl><dl class='gallery-item'>\n\t\t\t<dt class='gallery-icon landscape'>\n\t\t\t\t<a href='https:\/\/municipales.org.ar\/festram\/se-realizo-capitan-bermudez-una-jornada-sensibilizacion-consumos-problematicos\/img_6011\/'><img loading=\"lazy\" decoding=\"async\" width=\"150\" height=\"150\" src=\"https:\/\/municipales.org.ar\/festram\/wp-content\/uploads\/2017\/08\/IMG_6011-150x150.jpg\" class=\"attachment-thumbnail size-thumbnail\" alt=\"\" srcset=\"https:\/\/municipales.org.ar\/festram\/wp-content\/uploads\/2017\/08\/IMG_6011-150x150.jpg 150w, https:\/\/municipales.org.ar\/festram\/wp-content\/uploads\/2017\/08\/IMG_6011-80x80.jpg 80w\" sizes=\"auto, (max-width: 150px) 100vw, 150px\" \/><\/a>\n\t\t\t<\/dt><\/dl><dl class='gallery-item'>\n\t\t\t<dt class='gallery-icon portrait'>\n\t\t\t\t<a href='https:\/\/municipales.org.ar\/festram\/se-realizo-capitan-bermudez-una-jornada-sensibilizacion-consumos-problematicos\/img_6012\/'><img loading=\"lazy\" decoding=\"async\" width=\"150\" height=\"150\" src=\"https:\/\/municipales.org.ar\/festram\/wp-content\/uploads\/2017\/08\/IMG_6012-150x150.jpg\" class=\"attachment-thumbnail size-thumbnail\" alt=\"\" srcset=\"https:\/\/municipales.org.ar\/festram\/wp-content\/uploads\/2017\/08\/IMG_6012-150x150.jpg 150w, https:\/\/municipales.org.ar\/festram\/wp-content\/uploads\/2017\/08\/IMG_6012-80x80.jpg 80w\" sizes=\"auto, (max-width: 150px) 100vw, 150px\" \/><\/a>\n\t\t\t<\/dt><\/dl><br style=\"clear: both\" \/><dl class='gallery-item'>\n\t\t\t<dt class='gallery-icon portrait'>\n\t\t\t\t<a href='https:\/\/municipales.org.ar\/festram\/se-realizo-capitan-bermudez-una-jornada-sensibilizacion-consumos-problematicos\/img_6013\/'><img loading=\"lazy\" decoding=\"async\" width=\"150\" height=\"150\" src=\"https:\/\/municipales.org.ar\/festram\/wp-content\/uploads\/2017\/08\/IMG_6013-150x150.jpg\" class=\"attachment-thumbnail size-thumbnail\" alt=\"\" srcset=\"https:\/\/municipales.org.ar\/festram\/wp-content\/uploads\/2017\/08\/IMG_6013-150x150.jpg 150w, https:\/\/municipales.org.ar\/festram\/wp-content\/uploads\/2017\/08\/IMG_6013-80x80.jpg 80w\" sizes=\"auto, (max-width: 150px) 100vw, 150px\" \/><\/a>\n\t\t\t<\/dt><\/dl><dl class='gallery-item'>\n\t\t\t<dt class='gallery-icon portrait'>\n\t\t\t\t<a href='https:\/\/municipales.org.ar\/festram\/se-realizo-capitan-bermudez-una-jornada-sensibilizacion-consumos-problematicos\/img_6014\/'><img loading=\"lazy\" decoding=\"async\" width=\"150\" height=\"150\" src=\"https:\/\/municipales.org.ar\/festram\/wp-content\/uploads\/2017\/08\/IMG_6014-150x150.jpg\" class=\"attachment-thumbnail size-thumbnail\" alt=\"\" srcset=\"https:\/\/municipales.org.ar\/festram\/wp-content\/uploads\/2017\/08\/IMG_6014-150x150.jpg 150w, https:\/\/municipales.org.ar\/festram\/wp-content\/uploads\/2017\/08\/IMG_6014-80x80.jpg 80w\" sizes=\"auto, (max-width: 150px) 100vw, 150px\" \/><\/a>\n\t\t\t<\/dt><\/dl><dl class='gallery-item'>\n\t\t\t<dt class='gallery-icon landscape'>\n\t\t\t\t<a href='https:\/\/municipales.org.ar\/festram\/se-realizo-capitan-bermudez-una-jornada-sensibilizacion-consumos-problematicos\/img_6034\/'><img loading=\"lazy\" decoding=\"async\" width=\"150\" height=\"150\" src=\"https:\/\/municipales.org.ar\/festram\/wp-content\/uploads\/2017\/08\/IMG_6034-150x150.jpg\" class=\"attachment-thumbnail size-thumbnail\" alt=\"\" srcset=\"https:\/\/municipales.org.ar\/festram\/wp-content\/uploads\/2017\/08\/IMG_6034-150x150.jpg 150w, https:\/\/municipales.org.ar\/festram\/wp-content\/uploads\/2017\/08\/IMG_6034-80x80.jpg 80w\" sizes=\"auto, (max-width: 150px) 100vw, 150px\" \/><\/a>\n\t\t\t<\/dt><\/dl><br style=\"clear: both\" \/><dl class='gallery-item'>\n\t\t\t<dt class='gallery-icon portrait'>\n\t\t\t\t<a href='https:\/\/municipales.org.ar\/festram\/se-realizo-capitan-bermudez-una-jornada-sensibilizacion-consumos-problematicos\/img_6015\/'><img loading=\"lazy\" decoding=\"async\" width=\"150\" height=\"150\" src=\"https:\/\/municipales.org.ar\/festram\/wp-content\/uploads\/2017\/08\/IMG_6015-150x150.jpg\" class=\"attachment-thumbnail size-thumbnail\" alt=\"\" srcset=\"https:\/\/municipales.org.ar\/festram\/wp-content\/uploads\/2017\/08\/IMG_6015-150x150.jpg 150w, https:\/\/municipales.org.ar\/festram\/wp-content\/uploads\/2017\/08\/IMG_6015-80x80.jpg 80w\" sizes=\"auto, (max-width: 150px) 100vw, 150px\" \/><\/a>\n\t\t\t<\/dt><\/dl><dl class='gallery-item'>\n\t\t\t<dt class='gallery-icon landscape'>\n\t\t\t\t<a href='https:\/\/municipales.org.ar\/festram\/se-realizo-capitan-bermudez-una-jornada-sensibilizacion-consumos-problematicos\/img_6016\/'><img loading=\"lazy\" decoding=\"async\" width=\"150\" height=\"150\" src=\"https:\/\/municipales.org.ar\/festram\/wp-content\/uploads\/2017\/08\/IMG_6016-150x150.jpg\" class=\"attachment-thumbnail size-thumbnail\" alt=\"\" srcset=\"https:\/\/municipales.org.ar\/festram\/wp-content\/uploads\/2017\/08\/IMG_6016-150x150.jpg 150w, https:\/\/municipales.org.ar\/festram\/wp-content\/uploads\/2017\/08\/IMG_6016-80x80.jpg 80w\" sizes=\"auto, (max-width: 150px) 100vw, 150px\" \/><\/a>\n\t\t\t<\/dt><\/dl><dl class='gallery-item'>\n\t\t\t<dt class='gallery-icon landscape'>\n\t\t\t\t<a href='https:\/\/municipales.org.ar\/festram\/se-realizo-capitan-bermudez-una-jornada-sensibilizacion-consumos-problematicos\/img_6021\/'><img loading=\"lazy\" decoding=\"async\" width=\"150\" height=\"150\" src=\"https:\/\/municipales.org.ar\/festram\/wp-content\/uploads\/2017\/08\/IMG_6021-150x150.jpg\" class=\"attachment-thumbnail size-thumbnail\" alt=\"\" srcset=\"https:\/\/municipales.org.ar\/festram\/wp-content\/uploads\/2017\/08\/IMG_6021-150x150.jpg 150w, https:\/\/municipales.org.ar\/festram\/wp-content\/uploads\/2017\/08\/IMG_6021-80x80.jpg 80w\" sizes=\"auto, (max-width: 150px) 100vw, 150px\" \/><\/a>\n\t\t\t<\/dt><\/dl><br style=\"clear: both\" \/><dl class='gallery-item'>\n\t\t\t<dt class='gallery-icon landscape'>\n\t\t\t\t<a href='https:\/\/municipales.org.ar\/festram\/se-realizo-capitan-bermudez-una-jornada-sensibilizacion-consumos-problematicos\/img_6024\/'><img loading=\"lazy\" decoding=\"async\" width=\"150\" height=\"150\" src=\"https:\/\/municipales.org.ar\/festram\/wp-content\/uploads\/2017\/08\/IMG_6024-150x150.jpg\" class=\"attachment-thumbnail size-thumbnail\" alt=\"\" srcset=\"https:\/\/municipales.org.ar\/festram\/wp-content\/uploads\/2017\/08\/IMG_6024-150x150.jpg 150w, https:\/\/municipales.org.ar\/festram\/wp-content\/uploads\/2017\/08\/IMG_6024-80x80.jpg 80w\" sizes=\"auto, (max-width: 150px) 100vw, 150px\" \/><\/a>\n\t\t\t<\/dt><\/dl><dl class='gallery-item'>\n\t\t\t<dt class='gallery-icon portrait'>\n\t\t\t\t<a href='https:\/\/municipales.org.ar\/festram\/se-realizo-capitan-bermudez-una-jornada-sensibilizacion-consumos-problematicos\/img_6030\/'><img loading=\"lazy\" decoding=\"async\" width=\"150\" height=\"150\" src=\"https:\/\/municipales.org.ar\/festram\/wp-content\/uploads\/2017\/08\/IMG_6030-150x150.jpg\" class=\"attachment-thumbnail size-thumbnail\" alt=\"\" srcset=\"https:\/\/municipales.org.ar\/festram\/wp-content\/uploads\/2017\/08\/IMG_6030-150x150.jpg 150w, https:\/\/municipales.org.ar\/festram\/wp-content\/uploads\/2017\/08\/IMG_6030-80x80.jpg 80w\" sizes=\"auto, (max-width: 150px) 100vw, 150px\" \/><\/a>\n\t\t\t<\/dt><\/dl><dl class='gallery-item'>\n\t\t\t<dt class='gallery-icon portrait'>\n\t\t\t\t<a href='https:\/\/municipales.org.ar\/festram\/se-realizo-capitan-bermudez-una-jornada-sensibilizacion-consumos-problematicos\/img_6031\/'><img loading=\"lazy\" decoding=\"async\" width=\"150\" height=\"150\" src=\"https:\/\/municipales.org.ar\/festram\/wp-content\/uploads\/2017\/08\/IMG_6031-150x150.jpg\" class=\"attachment-thumbnail size-thumbnail\" alt=\"\" srcset=\"https:\/\/municipales.org.ar\/festram\/wp-content\/uploads\/2017\/08\/IMG_6031-150x150.jpg 150w, https:\/\/municipales.org.ar\/festram\/wp-content\/uploads\/2017\/08\/IMG_6031-80x80.jpg 80w\" sizes=\"auto, (max-width: 150px) 100vw, 150px\" \/><\/a>\n\t\t\t<\/dt><\/dl><br style=\"clear: both\" \/>\n\t\t<\/div>\n\n<p>Esta Red quiere agradecer la concurrencia de m\u00e1s cincuenta compa\u00f1eros\/as pertenecientes a diferentes reparticiones de la localidad, quienes con un gran entusiasmo participaron del evento, al Secretario General Jes\u00fas Ignacio Monz\u00f3n, a la Compa\u00f1era Ang\u00e9lica Rocco organizadora de la Red local, a Marcela Rolfi por su reiterada colaboraci\u00f3n, a Todos y Cada uno de los integrantes de la Comisi\u00f3n Directiva, a la Red de J\u00f3venes Municipales y Comunales de FESTRAM, a la Secretaria de Pol\u00edticas de Genero, a los disertantes Ing. en Higiene y Seguridad Laboral Juan Manuel Ramb, a la T\u00e9cnica en Prevenci\u00f3n Comunitaria (especialidad en violencia-adicciones) y a los colaboradores pasantes de la misma tecnicatura Salvador Fern\u00e1ndez, Evelyn Moyano y Sandra Tauriani, a todos los medios de comunicaci\u00f3n que estuvieron all\u00ed presentes, a las autoridades del gobierno local, quienes galardonaron esta jornada Declar\u00e1ndola de Inter\u00e9s Municipal y por su predisposici\u00f3n para la realizaci\u00f3n de esta Actividad as\u00ed \u00abAYUDARNOS A HACER REALIDAD UNO DE LOS PRINCIPALES OBJETIVOS DE ESTA RED FORTALECER LOS SINDICATOS DE TODOS LOS MUNICIPIOS Y COMUNAS\u00bb<\/p>\n<p>&nbsp;<\/p>\n<p><a href=\"http:\/\/www.municipales.org.ar\/festram\/wp-content\/uploads\/2017\/08\/IMG_6049.jpg\"><img loading=\"lazy\" decoding=\"async\" class=\"aligncenter size-full wp-image-12504\" src=\"http:\/\/www.municipales.org.ar\/festram\/wp-content\/uploads\/2017\/08\/IMG_6049.jpg\" alt=\"\" width=\"720\" height=\"1280\" srcset=\"https:\/\/municipales.org.ar\/festram\/wp-content\/uploads\/2017\/08\/IMG_6049.jpg 720w, https:\/\/municipales.org.ar\/festram\/wp-content\/uploads\/2017\/08\/IMG_6049-169x300.jpg 169w, https:\/\/municipales.org.ar\/festram\/wp-content\/uploads\/2017\/08\/IMG_6049-576x1024.jpg 576w\" sizes=\"auto, (max-width: 720px) 100vw, 720px\" \/><\/a><\/p>\n","protected":false},"excerpt":{"rendered":"<p>El d\u00eda viernes 11 de Agosto la Red de Mujeres Municipales y Comunales de la Provincia de Santa Fe &#8211; \u00a0FESTRAM, junto al Sindicato de Capit\u00e1n Berm\u00fadez &#8211; S.O.E.M- \u00a0y la Red local desarrollaron una Jornada de Sensibilizaci\u00f3n sobre Consumos Problem\u00e1ticos en el \u00c1mbito Laboral.<\/p>\n","protected":false},"author":1,"featured_media":12498,"comment_status":"closed","ping_status":"closed","sticky":false,"template":"","format":"standard","meta":{"_jetpack_memberships_contains_paid_content":false,"footnotes":"","jetpack_publicize_message":"","jetpack_publicize_feature_enabled":true,"jetpack_social_post_already_shared":true,"jetpack_social_options":{"image_generator_settings":{"template":"highway","default_image_id":0,"font":"","enabled":false},"version":2}},"categories":[50],"tags":[87],"class_list":["post-12470","post","type-post","status-publish","format-standard","has-post-thumbnail","hentry","category-genero","tag-genero-2"],"yoast_head":"<!-- This site is optimized with the Yoast SEO plugin v25.9 - https:\/\/yoast.com\/wordpress\/plugins\/seo\/ -->\n<title>Se realiz\u00f3 en Capit\u00e1n Berm\u00fadez una Jornada de Sensibilizaci\u00f3n sobre Consumos Problem\u00e1ticos &#8211; FESTRAM<\/title>\n<meta name=\"description\" content=\"El d\u00eda viernes 11 de Agosto la Red de Mujeres Municipales y Comunales de la Provincia de Santa Fe - \u00a0FESTRAM, junto al Sindicato de Capit\u00e1n Berm\u00fadez - S.O.E.M- \u00a0y la Red local desarrollaron una Jornada de Sensibilizaci\u00f3n sobre Consumos Problem\u00e1ticos en el \u00c1mbito Laboral.\" \/>\n<meta name=\"robots\" content=\"index, follow, max-snippet:-1, max-image-preview:large, max-video-preview:-1\" \/>\n<link rel=\"canonical\" href=\"https:\/\/municipales.org.ar\/festram\/se-realizo-capitan-bermudez-una-jornada-sensibilizacion-consumos-problematicos\/\" \/>\n<meta property=\"og:locale\" content=\"es_ES\" \/>\n<meta property=\"og:type\" content=\"article\" \/>\n<meta property=\"og:title\" content=\"Se realiz\u00f3 en Capit\u00e1n Berm\u00fadez una Jornada de Sensibilizaci\u00f3n sobre Consumos Problem\u00e1ticos &#8211; FESTRAM\" \/>\n<meta property=\"og:description\" content=\"El d\u00eda viernes 11 de Agosto la Red de Mujeres Municipales y Comunales de la Provincia de Santa Fe - \u00a0FESTRAM, junto al Sindicato de Capit\u00e1n Berm\u00fadez - S.O.E.M- \u00a0y la Red local desarrollaron una Jornada de Sensibilizaci\u00f3n sobre Consumos Problem\u00e1ticos en el \u00c1mbito Laboral.\" \/>\n<meta property=\"og:url\" content=\"https:\/\/municipales.org.ar\/festram\/se-realizo-capitan-bermudez-una-jornada-sensibilizacion-consumos-problematicos\/\" \/>\n<meta property=\"og:site_name\" content=\"FESTRAM\" \/>\n<meta property=\"article:publisher\" content=\"https:\/\/www.facebook.com\/MunicipalesSF\" \/>\n<meta property=\"article:published_time\" content=\"2017-08-16T16:51:22+00:00\" \/>\n<meta property=\"article:modified_time\" content=\"2017-08-16T23:23:56+00:00\" \/>\n<meta property=\"og:image\" content=\"https:\/\/municipales.org.ar\/festram\/wp-content\/uploads\/2017\/08\/IMG_6026.jpg\" \/>\n\t<meta property=\"og:image:width\" content=\"1032\" \/>\n\t<meta property=\"og:image:height\" content=\"774\" \/>\n\t<meta property=\"og:image:type\" content=\"image\/jpeg\" \/>\n<meta name=\"author\" content=\"mun_admin\" \/>\n<meta name=\"twitter:card\" content=\"summary_large_image\" \/>\n<meta name=\"twitter:creator\" content=\"@MunicipalesSF\" \/>\n<meta name=\"twitter:site\" content=\"@MunicipalesSF\" \/>\n<meta name=\"twitter:label1\" content=\"Escrito por\" \/>\n\t<meta name=\"twitter:data1\" content=\"mun_admin\" \/>\n\t<meta name=\"twitter:label2\" content=\"Tiempo de lectura\" \/>\n\t<meta name=\"twitter:data2\" content=\"3 minutos\" \/>\n<script type=\"application\/ld+json\" class=\"yoast-schema-graph\">{\"@context\":\"https:\/\/schema.org\",\"@graph\":[{\"@type\":\"Article\",\"@id\":\"https:\/\/municipales.org.ar\/festram\/se-realizo-capitan-bermudez-una-jornada-sensibilizacion-consumos-problematicos\/#article\",\"isPartOf\":{\"@id\":\"https:\/\/municipales.org.ar\/festram\/se-realizo-capitan-bermudez-una-jornada-sensibilizacion-consumos-problematicos\/\"},\"author\":{\"name\":\"mun_admin\",\"@id\":\"https:\/\/municipales.org.ar\/festram\/#\/schema\/person\/49096a774c48ce9063df4d59ec059f9e\"},\"headline\":\"Se realiz\u00f3 en Capit\u00e1n Berm\u00fadez una Jornada de Sensibilizaci\u00f3n sobre Consumos Problem\u00e1ticos\",\"datePublished\":\"2017-08-16T16:51:22+00:00\",\"dateModified\":\"2017-08-16T23:23:56+00:00\",\"mainEntityOfPage\":{\"@id\":\"https:\/\/municipales.org.ar\/festram\/se-realizo-capitan-bermudez-una-jornada-sensibilizacion-consumos-problematicos\/\"},\"wordCount\":562,\"publisher\":{\"@id\":\"https:\/\/municipales.org.ar\/festram\/#organization\"},\"image\":{\"@id\":\"https:\/\/municipales.org.ar\/festram\/se-realizo-capitan-bermudez-una-jornada-sensibilizacion-consumos-problematicos\/#primaryimage\"},\"thumbnailUrl\":\"https:\/\/municipales.org.ar\/festram\/wp-content\/uploads\/2017\/08\/IMG_6026.jpg\",\"keywords\":[\"g\u00e9nero\"],\"articleSection\":[\"G\u00e9nero\"],\"inLanguage\":\"es\"},{\"@type\":\"WebPage\",\"@id\":\"https:\/\/municipales.org.ar\/festram\/se-realizo-capitan-bermudez-una-jornada-sensibilizacion-consumos-problematicos\/\",\"url\":\"https:\/\/municipales.org.ar\/festram\/se-realizo-capitan-bermudez-una-jornada-sensibilizacion-consumos-problematicos\/\",\"name\":\"Se realiz\u00f3 en Capit\u00e1n Berm\u00fadez una Jornada de Sensibilizaci\u00f3n sobre Consumos Problem\u00e1ticos &#8211; FESTRAM\",\"isPartOf\":{\"@id\":\"https:\/\/municipales.org.ar\/festram\/#website\"},\"primaryImageOfPage\":{\"@id\":\"https:\/\/municipales.org.ar\/festram\/se-realizo-capitan-bermudez-una-jornada-sensibilizacion-consumos-problematicos\/#primaryimage\"},\"image\":{\"@id\":\"https:\/\/municipales.org.ar\/festram\/se-realizo-capitan-bermudez-una-jornada-sensibilizacion-consumos-problematicos\/#primaryimage\"},\"thumbnailUrl\":\"https:\/\/municipales.org.ar\/festram\/wp-content\/uploads\/2017\/08\/IMG_6026.jpg\",\"datePublished\":\"2017-08-16T16:51:22+00:00\",\"dateModified\":\"2017-08-16T23:23:56+00:00\",\"description\":\"El d\u00eda viernes 11 de Agosto la Red de Mujeres Municipales y Comunales de la Provincia de Santa Fe - \u00a0FESTRAM, junto al Sindicato de Capit\u00e1n Berm\u00fadez - S.O.E.M- \u00a0y la Red local desarrollaron una Jornada de Sensibilizaci\u00f3n sobre Consumos Problem\u00e1ticos en el \u00c1mbito Laboral.\",\"breadcrumb\":{\"@id\":\"https:\/\/municipales.org.ar\/festram\/se-realizo-capitan-bermudez-una-jornada-sensibilizacion-consumos-problematicos\/#breadcrumb\"},\"inLanguage\":\"es\",\"potentialAction\":[{\"@type\":\"ReadAction\",\"target\":[\"https:\/\/municipales.org.ar\/festram\/se-realizo-capitan-bermudez-una-jornada-sensibilizacion-consumos-problematicos\/\"]}]},{\"@type\":\"ImageObject\",\"inLanguage\":\"es\",\"@id\":\"https:\/\/municipales.org.ar\/festram\/se-realizo-capitan-bermudez-una-jornada-sensibilizacion-consumos-problematicos\/#primaryimage\",\"url\":\"https:\/\/municipales.org.ar\/festram\/wp-content\/uploads\/2017\/08\/IMG_6026.jpg\",\"contentUrl\":\"https:\/\/municipales.org.ar\/festram\/wp-content\/uploads\/2017\/08\/IMG_6026.jpg\",\"width\":1032,\"height\":774},{\"@type\":\"BreadcrumbList\",\"@id\":\"https:\/\/municipales.org.ar\/festram\/se-realizo-capitan-bermudez-una-jornada-sensibilizacion-consumos-problematicos\/#breadcrumb\",\"itemListElement\":[{\"@type\":\"ListItem\",\"position\":1,\"name\":\"Portada\",\"item\":\"https:\/\/municipales.org.ar\/festram\/\"},{\"@type\":\"ListItem\",\"position\":2,\"name\":\"Se realiz\u00f3 en Capit\u00e1n Berm\u00fadez una Jornada de Sensibilizaci\u00f3n sobre Consumos Problem\u00e1ticos\"}]},{\"@type\":\"WebSite\",\"@id\":\"https:\/\/municipales.org.ar\/festram\/#website\",\"url\":\"https:\/\/municipales.org.ar\/festram\/\",\"name\":\"FESTRAM\",\"description\":\"La web de los trabajadores municipales\",\"publisher\":{\"@id\":\"https:\/\/municipales.org.ar\/festram\/#organization\"},\"potentialAction\":[{\"@type\":\"SearchAction\",\"target\":{\"@type\":\"EntryPoint\",\"urlTemplate\":\"https:\/\/municipales.org.ar\/festram\/?s={search_term_string}\"},\"query-input\":{\"@type\":\"PropertyValueSpecification\",\"valueRequired\":true,\"valueName\":\"search_term_string\"}}],\"inLanguage\":\"es\"},{\"@type\":\"Organization\",\"@id\":\"https:\/\/municipales.org.ar\/festram\/#organization\",\"name\":\"Federaci\u00f3n de Sindicatos de Trabajadores Municipales de la Provincia de Santa Fe\",\"url\":\"https:\/\/municipales.org.ar\/festram\/\",\"logo\":{\"@type\":\"ImageObject\",\"inLanguage\":\"es\",\"@id\":\"https:\/\/municipales.org.ar\/festram\/#\/schema\/logo\/image\/\",\"url\":\"https:\/\/www.municipales.org.ar\/festram\/wp-content\/uploads\/2014\/07\/logo_fes.jpg\",\"contentUrl\":\"https:\/\/www.municipales.org.ar\/festram\/wp-content\/uploads\/2014\/07\/logo_fes.jpg\",\"width\":661,\"height\":673,\"caption\":\"Federaci\u00f3n de Sindicatos de Trabajadores Municipales de la Provincia de Santa Fe\"},\"image\":{\"@id\":\"https:\/\/municipales.org.ar\/festram\/#\/schema\/logo\/image\/\"},\"sameAs\":[\"https:\/\/www.facebook.com\/MunicipalesSF\",\"https:\/\/x.com\/MunicipalesSF\",\"https:\/\/www.youtube.com\/user\/festram\"]},{\"@type\":\"Person\",\"@id\":\"https:\/\/municipales.org.ar\/festram\/#\/schema\/person\/49096a774c48ce9063df4d59ec059f9e\",\"name\":\"mun_admin\"}]}<\/script>\n<!-- \/ Yoast SEO plugin. -->","yoast_head_json":{"title":"Se realiz\u00f3 en Capit\u00e1n Berm\u00fadez una Jornada de Sensibilizaci\u00f3n sobre Consumos Problem\u00e1ticos &#8211; FESTRAM","description":"El d\u00eda viernes 11 de Agosto la Red de Mujeres Municipales y Comunales de la Provincia de Santa Fe - \u00a0FESTRAM, junto al Sindicato de Capit\u00e1n Berm\u00fadez - S.O.E.M- \u00a0y la Red local desarrollaron una Jornada de Sensibilizaci\u00f3n sobre Consumos Problem\u00e1ticos en el \u00c1mbito Laboral.","robots":{"index":"index","follow":"follow","max-snippet":"max-snippet:-1","max-image-preview":"max-image-preview:large","max-video-preview":"max-video-preview:-1"},"canonical":"https:\/\/municipales.org.ar\/festram\/se-realizo-capitan-bermudez-una-jornada-sensibilizacion-consumos-problematicos\/","og_locale":"es_ES","og_type":"article","og_title":"Se realiz\u00f3 en Capit\u00e1n Berm\u00fadez una Jornada de Sensibilizaci\u00f3n sobre Consumos Problem\u00e1ticos &#8211; FESTRAM","og_description":"El d\u00eda viernes 11 de Agosto la Red de Mujeres Municipales y Comunales de la Provincia de Santa Fe - \u00a0FESTRAM, junto al Sindicato de Capit\u00e1n Berm\u00fadez - S.O.E.M- \u00a0y la Red local desarrollaron una Jornada de Sensibilizaci\u00f3n sobre Consumos Problem\u00e1ticos en el \u00c1mbito Laboral.","og_url":"https:\/\/municipales.org.ar\/festram\/se-realizo-capitan-bermudez-una-jornada-sensibilizacion-consumos-problematicos\/","og_site_name":"FESTRAM","article_publisher":"https:\/\/www.facebook.com\/MunicipalesSF","article_published_time":"2017-08-16T16:51:22+00:00","article_modified_time":"2017-08-16T23:23:56+00:00","og_image":[{"width":1032,"height":774,"url":"https:\/\/municipales.org.ar\/festram\/wp-content\/uploads\/2017\/08\/IMG_6026.jpg","type":"image\/jpeg"}],"author":"mun_admin","twitter_card":"summary_large_image","twitter_creator":"@MunicipalesSF","twitter_site":"@MunicipalesSF","twitter_misc":{"Escrito por":"mun_admin","Tiempo de lectura":"3 minutos"},"schema":{"@context":"https:\/\/schema.org","@graph":[{"@type":"Article","@id":"https:\/\/municipales.org.ar\/festram\/se-realizo-capitan-bermudez-una-jornada-sensibilizacion-consumos-problematicos\/#article","isPartOf":{"@id":"https:\/\/municipales.org.ar\/festram\/se-realizo-capitan-bermudez-una-jornada-sensibilizacion-consumos-problematicos\/"},"author":{"name":"mun_admin","@id":"https:\/\/municipales.org.ar\/festram\/#\/schema\/person\/49096a774c48ce9063df4d59ec059f9e"},"headline":"Se realiz\u00f3 en Capit\u00e1n Berm\u00fadez una Jornada de Sensibilizaci\u00f3n sobre Consumos Problem\u00e1ticos","datePublished":"2017-08-16T16:51:22+00:00","dateModified":"2017-08-16T23:23:56+00:00","mainEntityOfPage":{"@id":"https:\/\/municipales.org.ar\/festram\/se-realizo-capitan-bermudez-una-jornada-sensibilizacion-consumos-problematicos\/"},"wordCount":562,"publisher":{"@id":"https:\/\/municipales.org.ar\/festram\/#organization"},"image":{"@id":"https:\/\/municipales.org.ar\/festram\/se-realizo-capitan-bermudez-una-jornada-sensibilizacion-consumos-problematicos\/#primaryimage"},"thumbnailUrl":"https:\/\/municipales.org.ar\/festram\/wp-content\/uploads\/2017\/08\/IMG_6026.jpg","keywords":["g\u00e9nero"],"articleSection":["G\u00e9nero"],"inLanguage":"es"},{"@type":"WebPage","@id":"https:\/\/municipales.org.ar\/festram\/se-realizo-capitan-bermudez-una-jornada-sensibilizacion-consumos-problematicos\/","url":"https:\/\/municipales.org.ar\/festram\/se-realizo-capitan-bermudez-una-jornada-sensibilizacion-consumos-problematicos\/","name":"Se realiz\u00f3 en Capit\u00e1n Berm\u00fadez una Jornada de Sensibilizaci\u00f3n sobre Consumos Problem\u00e1ticos &#8211; FESTRAM","isPartOf":{"@id":"https:\/\/municipales.org.ar\/festram\/#website"},"primaryImageOfPage":{"@id":"https:\/\/municipales.org.ar\/festram\/se-realizo-capitan-bermudez-una-jornada-sensibilizacion-consumos-problematicos\/#primaryimage"},"image":{"@id":"https:\/\/municipales.org.ar\/festram\/se-realizo-capitan-bermudez-una-jornada-sensibilizacion-consumos-problematicos\/#primaryimage"},"thumbnailUrl":"https:\/\/municipales.org.ar\/festram\/wp-content\/uploads\/2017\/08\/IMG_6026.jpg","datePublished":"2017-08-16T16:51:22+00:00","dateModified":"2017-08-16T23:23:56+00:00","description":"El d\u00eda viernes 11 de Agosto la Red de Mujeres Municipales y Comunales de la Provincia de Santa Fe - \u00a0FESTRAM, junto al Sindicato de Capit\u00e1n Berm\u00fadez - S.O.E.M- \u00a0y la Red local desarrollaron una Jornada de Sensibilizaci\u00f3n sobre Consumos Problem\u00e1ticos en el \u00c1mbito Laboral.","breadcrumb":{"@id":"https:\/\/municipales.org.ar\/festram\/se-realizo-capitan-bermudez-una-jornada-sensibilizacion-consumos-problematicos\/#breadcrumb"},"inLanguage":"es","potentialAction":[{"@type":"ReadAction","target":["https:\/\/municipales.org.ar\/festram\/se-realizo-capitan-bermudez-una-jornada-sensibilizacion-consumos-problematicos\/"]}]},{"@type":"ImageObject","inLanguage":"es","@id":"https:\/\/municipales.org.ar\/festram\/se-realizo-capitan-bermudez-una-jornada-sensibilizacion-consumos-problematicos\/#primaryimage","url":"https:\/\/municipales.org.ar\/festram\/wp-content\/uploads\/2017\/08\/IMG_6026.jpg","contentUrl":"https:\/\/municipales.org.ar\/festram\/wp-content\/uploads\/2017\/08\/IMG_6026.jpg","width":1032,"height":774},{"@type":"BreadcrumbList","@id":"https:\/\/municipales.org.ar\/festram\/se-realizo-capitan-bermudez-una-jornada-sensibilizacion-consumos-problematicos\/#breadcrumb","itemListElement":[{"@type":"ListItem","position":1,"name":"Portada","item":"https:\/\/municipales.org.ar\/festram\/"},{"@type":"ListItem","position":2,"name":"Se realiz\u00f3 en Capit\u00e1n Berm\u00fadez una Jornada de Sensibilizaci\u00f3n sobre Consumos Problem\u00e1ticos"}]},{"@type":"WebSite","@id":"https:\/\/municipales.org.ar\/festram\/#website","url":"https:\/\/municipales.org.ar\/festram\/","name":"FESTRAM","description":"La web de los trabajadores municipales","publisher":{"@id":"https:\/\/municipales.org.ar\/festram\/#organization"},"potentialAction":[{"@type":"SearchAction","target":{"@type":"EntryPoint","urlTemplate":"https:\/\/municipales.org.ar\/festram\/?s={search_term_string}"},"query-input":{"@type":"PropertyValueSpecification","valueRequired":true,"valueName":"search_term_string"}}],"inLanguage":"es"},{"@type":"Organization","@id":"https:\/\/municipales.org.ar\/festram\/#organization","name":"Federaci\u00f3n de Sindicatos de Trabajadores Municipales de la Provincia de Santa Fe","url":"https:\/\/municipales.org.ar\/festram\/","logo":{"@type":"ImageObject","inLanguage":"es","@id":"https:\/\/municipales.org.ar\/festram\/#\/schema\/logo\/image\/","url":"https:\/\/www.municipales.org.ar\/festram\/wp-content\/uploads\/2014\/07\/logo_fes.jpg","contentUrl":"https:\/\/www.municipales.org.ar\/festram\/wp-content\/uploads\/2014\/07\/logo_fes.jpg","width":661,"height":673,"caption":"Federaci\u00f3n de Sindicatos de Trabajadores Municipales de la Provincia de Santa Fe"},"image":{"@id":"https:\/\/municipales.org.ar\/festram\/#\/schema\/logo\/image\/"},"sameAs":["https:\/\/www.facebook.com\/MunicipalesSF","https:\/\/x.com\/MunicipalesSF","https:\/\/www.youtube.com\/user\/festram"]},{"@type":"Person","@id":"https:\/\/municipales.org.ar\/festram\/#\/schema\/person\/49096a774c48ce9063df4d59ec059f9e","name":"mun_admin"}]}},"jetpack_publicize_connections":[],"jetpack_featured_media_url":"https:\/\/municipales.org.ar\/festram\/wp-content\/uploads\/2017\/08\/IMG_6026.jpg","jetpack_sharing_enabled":true,"jetpack_likes_enabled":false,"jetpack_shortlink":"https:\/\/wp.me\/p7l4x1-3f8","_links":{"self":[{"href":"https:\/\/municipales.org.ar\/festram\/wp-json\/wp\/v2\/posts\/12470","targetHints":{"allow":["GET"]}}],"collection":[{"href":"https:\/\/municipales.org.ar\/festram\/wp-json\/wp\/v2\/posts"}],"about":[{"href":"https:\/\/municipales.org.ar\/festram\/wp-json\/wp\/v2\/types\/post"}],"author":[{"embeddable":true,"href":"https:\/\/municipales.org.ar\/festram\/wp-json\/wp\/v2\/users\/1"}],"replies":[{"embeddable":true,"href":"https:\/\/municipales.org.ar\/festram\/wp-json\/wp\/v2\/comments?post=12470"}],"version-history":[{"count":2,"href":"https:\/\/municipales.org.ar\/festram\/wp-json\/wp\/v2\/posts\/12470\/revisions"}],"predecessor-version":[{"id":12506,"href":"https:\/\/municipales.org.ar\/festram\/wp-json\/wp\/v2\/posts\/12470\/revisions\/12506"}],"wp:featuredmedia":[{"embeddable":true,"href":"https:\/\/municipales.org.ar\/festram\/wp-json\/wp\/v2\/media\/12498"}],"wp:attachment":[{"href":"https:\/\/municipales.org.ar\/festram\/wp-json\/wp\/v2\/media?parent=12470"}],"wp:term":[{"taxonomy":"category","embeddable":true,"href":"https:\/\/municipales.org.ar\/festram\/wp-json\/wp\/v2\/categories?post=12470"},{"taxonomy":"post_tag","embeddable":true,"href":"https:\/\/municipales.org.ar\/festram\/wp-json\/wp\/v2\/tags?post=12470"}],"curies":[{"name":"wp","href":"https:\/\/api.w.org\/{rel}","templated":true}]}}