{"id":12528,"date":"2017-08-30T20:33:50","date_gmt":"2017-08-30T23:33:50","guid":{"rendered":"http:\/\/www.municipales.org.ar\/festram\/?p=12528"},"modified":"2017-08-30T20:33:50","modified_gmt":"2017-08-30T23:33:50","slug":"pases-planta-permanente-capitan-bermudez","status":"publish","type":"post","link":"https:\/\/municipales.org.ar\/festram\/pases-planta-permanente-capitan-bermudez\/","title":{"rendered":"Pases a Planta Permanente en Capit\u00e1n Berm\u00fadez"},"content":{"rendered":"<h3>El Sindicato de Obreros y Empleados Municipales de Capit\u00e1n Berm\u00fadez inform\u00f3 a FESTRAM, y remiti\u00f3 la documentaci\u00f3n respectiva, sobre el pase a planta permanente de noventa y cuatro (94) trabajadoras\/es municipales en dicha localidad.<\/h3>\n<p>&nbsp;<\/p>\n<p>El Secretario General del SOEM Capit\u00e1n Berm\u00fadez, Jes\u00fas M\u00f3nz\u00f3n, resalta en su nota la predisposici\u00f3n del Intendente Carlos Cinalli para encontrar los marcos de acuerdo que permiten construir esta nueva realidad para decenas de familias de la ciudad.<\/p>\n<p>Claudio Leoni, Secretario General de FESTRAM, manifest\u00f3 a su vez, \u201cla importancia que este tipo de noticias significa para toda la familia municipal de la Provincia y reafirma un criterio hist\u00f3rico de nuestra Federaci\u00f3n que es la de fortalecer los consensos e ir encontrando en cada realidad particular de los municipios y comunas los canales de di\u00e1logo que permitan ir solucionando este grave problema que afecta al conjunto de la sociedad y a los trabajadores municipales en particular.\u00a0 Hemos dado un enorme paso adelante en Capit\u00e1n Berm\u00fadez\u201d<\/p>\n","protected":false},"excerpt":{"rendered":"<p>El Sindicato de Obreros y Empleados Municipales de Capit\u00e1n Berm\u00fadez inform\u00f3 a FESTRAM, y remiti\u00f3 la documentaci\u00f3n respectiva, sobre el pase a planta permanente de noventa y cuatro (94) trabajadoras\/es municipales en dicha localidad.<\/p>\n","protected":false},"author":1,"featured_media":12529,"comment_status":"closed","ping_status":"closed","sticky":false,"template":"","format":"standard","meta":{"_jetpack_memberships_contains_paid_content":false,"footnotes":"","jetpack_publicize_message":"Pases a Planta Permanente en Capit\u00e1n Berm\u00fadez","jetpack_publicize_feature_enabled":true,"jetpack_social_post_already_shared":true,"jetpack_social_options":{"image_generator_settings":{"template":"highway","default_image_id":0,"font":"","enabled":false},"version":2}},"categories":[57],"tags":[191,72,67],"class_list":["post-12528","post","type-post","status-publish","format-standard","has-post-thumbnail","hentry","category-sindicatos-noticias","tag-capitan-bermudez","tag-precarizacion","tag-sindicatos-afiliados"],"yoast_head":"<!-- This site is optimized with the Yoast SEO plugin v25.9 - https:\/\/yoast.com\/wordpress\/plugins\/seo\/ -->\n<title>Pases a Planta Permanente en Capit\u00e1n Berm\u00fadez &#8211; FESTRAM<\/title>\n<meta name=\"description\" content=\"El Sindicato de Obreros y Empleados Municipales de Capit\u00e1n Berm\u00fadez inform\u00f3 a FESTRAM, y remiti\u00f3 la documentaci\u00f3n respectiva, sobre el pase a planta permanente de noventa y cuatro (94) trabajadoras\/es municipales en dicha localidad.\" \/>\n<meta name=\"robots\" content=\"index, follow, max-snippet:-1, max-image-preview:large, max-video-preview:-1\" \/>\n<link rel=\"canonical\" href=\"https:\/\/municipales.org.ar\/festram\/pases-planta-permanente-capitan-bermudez\/\" \/>\n<meta property=\"og:locale\" content=\"es_ES\" \/>\n<meta property=\"og:type\" content=\"article\" \/>\n<meta property=\"og:title\" content=\"Pases a Planta Permanente en Capit\u00e1n Berm\u00fadez &#8211; FESTRAM\" \/>\n<meta property=\"og:description\" content=\"El Sindicato de Obreros y Empleados Municipales de Capit\u00e1n Berm\u00fadez inform\u00f3 a FESTRAM, y remiti\u00f3 la documentaci\u00f3n respectiva, sobre el pase a planta permanente de noventa y cuatro (94) trabajadoras\/es municipales en dicha localidad.\" \/>\n<meta property=\"og:url\" content=\"https:\/\/municipales.org.ar\/festram\/pases-planta-permanente-capitan-bermudez\/\" \/>\n<meta property=\"og:site_name\" content=\"FESTRAM\" \/>\n<meta property=\"article:publisher\" content=\"https:\/\/www.facebook.com\/MunicipalesSF\" \/>\n<meta property=\"article:published_time\" content=\"2017-08-30T23:33:50+00:00\" \/>\n<meta property=\"og:image\" content=\"https:\/\/municipales.org.ar\/festram\/wp-content\/uploads\/2017\/08\/15110274_1287818984615349_7355811774610581605_o.jpg\" \/>\n\t<meta property=\"og:image:width\" content=\"1805\" \/>\n\t<meta property=\"og:image:height\" content=\"1205\" \/>\n\t<meta property=\"og:image:type\" content=\"image\/jpeg\" \/>\n<meta name=\"author\" content=\"mun_admin\" \/>\n<meta name=\"twitter:card\" content=\"summary_large_image\" \/>\n<meta name=\"twitter:creator\" content=\"@MunicipalesSF\" \/>\n<meta name=\"twitter:site\" content=\"@MunicipalesSF\" \/>\n<meta name=\"twitter:label1\" content=\"Escrito por\" \/>\n\t<meta name=\"twitter:data1\" content=\"mun_admin\" \/>\n\t<meta name=\"twitter:label2\" content=\"Tiempo de lectura\" \/>\n\t<meta name=\"twitter:data2\" content=\"1 minuto\" \/>\n<script type=\"application\/ld+json\" class=\"yoast-schema-graph\">{\"@context\":\"https:\/\/schema.org\",\"@graph\":[{\"@type\":\"Article\",\"@id\":\"https:\/\/municipales.org.ar\/festram\/pases-planta-permanente-capitan-bermudez\/#article\",\"isPartOf\":{\"@id\":\"https:\/\/municipales.org.ar\/festram\/pases-planta-permanente-capitan-bermudez\/\"},\"author\":{\"name\":\"mun_admin\",\"@id\":\"https:\/\/municipales.org.ar\/festram\/#\/schema\/person\/49096a774c48ce9063df4d59ec059f9e\"},\"headline\":\"Pases a Planta Permanente en Capit\u00e1n Berm\u00fadez\",\"datePublished\":\"2017-08-30T23:33:50+00:00\",\"mainEntityOfPage\":{\"@id\":\"https:\/\/municipales.org.ar\/festram\/pases-planta-permanente-capitan-bermudez\/\"},\"wordCount\":183,\"publisher\":{\"@id\":\"https:\/\/municipales.org.ar\/festram\/#organization\"},\"image\":{\"@id\":\"https:\/\/municipales.org.ar\/festram\/pases-planta-permanente-capitan-bermudez\/#primaryimage\"},\"thumbnailUrl\":\"https:\/\/municipales.org.ar\/festram\/wp-content\/uploads\/2017\/08\/15110274_1287818984615349_7355811774610581605_o.jpg\",\"keywords\":[\"capit\u00e1n berm\u00fadez\",\"precarizaci\u00f3n\",\"sindicatos afiliados\"],\"articleSection\":[\"Sindicatos Noticias\"],\"inLanguage\":\"es\"},{\"@type\":\"WebPage\",\"@id\":\"https:\/\/municipales.org.ar\/festram\/pases-planta-permanente-capitan-bermudez\/\",\"url\":\"https:\/\/municipales.org.ar\/festram\/pases-planta-permanente-capitan-bermudez\/\",\"name\":\"Pases a Planta Permanente en Capit\u00e1n Berm\u00fadez &#8211; FESTRAM\",\"isPartOf\":{\"@id\":\"https:\/\/municipales.org.ar\/festram\/#website\"},\"primaryImageOfPage\":{\"@id\":\"https:\/\/municipales.org.ar\/festram\/pases-planta-permanente-capitan-bermudez\/#primaryimage\"},\"image\":{\"@id\":\"https:\/\/municipales.org.ar\/festram\/pases-planta-permanente-capitan-bermudez\/#primaryimage\"},\"thumbnailUrl\":\"https:\/\/municipales.org.ar\/festram\/wp-content\/uploads\/2017\/08\/15110274_1287818984615349_7355811774610581605_o.jpg\",\"datePublished\":\"2017-08-30T23:33:50+00:00\",\"description\":\"El Sindicato de Obreros y Empleados Municipales de Capit\u00e1n Berm\u00fadez inform\u00f3 a FESTRAM, y remiti\u00f3 la documentaci\u00f3n respectiva, sobre el pase a planta permanente de noventa y cuatro (94) trabajadoras\/es municipales en dicha localidad.\",\"breadcrumb\":{\"@id\":\"https:\/\/municipales.org.ar\/festram\/pases-planta-permanente-capitan-bermudez\/#breadcrumb\"},\"inLanguage\":\"es\",\"potentialAction\":[{\"@type\":\"ReadAction\",\"target\":[\"https:\/\/municipales.org.ar\/festram\/pases-planta-permanente-capitan-bermudez\/\"]}]},{\"@type\":\"ImageObject\",\"inLanguage\":\"es\",\"@id\":\"https:\/\/municipales.org.ar\/festram\/pases-planta-permanente-capitan-bermudez\/#primaryimage\",\"url\":\"https:\/\/municipales.org.ar\/festram\/wp-content\/uploads\/2017\/08\/15110274_1287818984615349_7355811774610581605_o.jpg\",\"contentUrl\":\"https:\/\/municipales.org.ar\/festram\/wp-content\/uploads\/2017\/08\/15110274_1287818984615349_7355811774610581605_o.jpg\",\"width\":1805,\"height\":1205},{\"@type\":\"BreadcrumbList\",\"@id\":\"https:\/\/municipales.org.ar\/festram\/pases-planta-permanente-capitan-bermudez\/#breadcrumb\",\"itemListElement\":[{\"@type\":\"ListItem\",\"position\":1,\"name\":\"Portada\",\"item\":\"https:\/\/municipales.org.ar\/festram\/\"},{\"@type\":\"ListItem\",\"position\":2,\"name\":\"Pases a Planta Permanente en Capit\u00e1n Berm\u00fadez\"}]},{\"@type\":\"WebSite\",\"@id\":\"https:\/\/municipales.org.ar\/festram\/#website\",\"url\":\"https:\/\/municipales.org.ar\/festram\/\",\"name\":\"FESTRAM\",\"description\":\"La web de los trabajadores municipales\",\"publisher\":{\"@id\":\"https:\/\/municipales.org.ar\/festram\/#organization\"},\"potentialAction\":[{\"@type\":\"SearchAction\",\"target\":{\"@type\":\"EntryPoint\",\"urlTemplate\":\"https:\/\/municipales.org.ar\/festram\/?s={search_term_string}\"},\"query-input\":{\"@type\":\"PropertyValueSpecification\",\"valueRequired\":true,\"valueName\":\"search_term_string\"}}],\"inLanguage\":\"es\"},{\"@type\":\"Organization\",\"@id\":\"https:\/\/municipales.org.ar\/festram\/#organization\",\"name\":\"Federaci\u00f3n de Sindicatos de Trabajadores Municipales de la Provincia de Santa Fe\",\"url\":\"https:\/\/municipales.org.ar\/festram\/\",\"logo\":{\"@type\":\"ImageObject\",\"inLanguage\":\"es\",\"@id\":\"https:\/\/municipales.org.ar\/festram\/#\/schema\/logo\/image\/\",\"url\":\"https:\/\/www.municipales.org.ar\/festram\/wp-content\/uploads\/2014\/07\/logo_fes.jpg\",\"contentUrl\":\"https:\/\/www.municipales.org.ar\/festram\/wp-content\/uploads\/2014\/07\/logo_fes.jpg\",\"width\":661,\"height\":673,\"caption\":\"Federaci\u00f3n de Sindicatos de Trabajadores Municipales de la Provincia de Santa Fe\"},\"image\":{\"@id\":\"https:\/\/municipales.org.ar\/festram\/#\/schema\/logo\/image\/\"},\"sameAs\":[\"https:\/\/www.facebook.com\/MunicipalesSF\",\"https:\/\/x.com\/MunicipalesSF\",\"https:\/\/www.youtube.com\/user\/festram\"]},{\"@type\":\"Person\",\"@id\":\"https:\/\/municipales.org.ar\/festram\/#\/schema\/person\/49096a774c48ce9063df4d59ec059f9e\",\"name\":\"mun_admin\"}]}<\/script>\n<!-- \/ Yoast SEO plugin. -->","yoast_head_json":{"title":"Pases a Planta Permanente en Capit\u00e1n Berm\u00fadez &#8211; FESTRAM","description":"El Sindicato de Obreros y Empleados Municipales de Capit\u00e1n Berm\u00fadez inform\u00f3 a FESTRAM, y remiti\u00f3 la documentaci\u00f3n respectiva, sobre el pase a planta permanente de noventa y cuatro (94) trabajadoras\/es municipales en dicha localidad.","robots":{"index":"index","follow":"follow","max-snippet":"max-snippet:-1","max-image-preview":"max-image-preview:large","max-video-preview":"max-video-preview:-1"},"canonical":"https:\/\/municipales.org.ar\/festram\/pases-planta-permanente-capitan-bermudez\/","og_locale":"es_ES","og_type":"article","og_title":"Pases a Planta Permanente en Capit\u00e1n Berm\u00fadez &#8211; FESTRAM","og_description":"El Sindicato de Obreros y Empleados Municipales de Capit\u00e1n Berm\u00fadez inform\u00f3 a FESTRAM, y remiti\u00f3 la documentaci\u00f3n respectiva, sobre el pase a planta permanente de noventa y cuatro (94) trabajadoras\/es municipales en dicha localidad.","og_url":"https:\/\/municipales.org.ar\/festram\/pases-planta-permanente-capitan-bermudez\/","og_site_name":"FESTRAM","article_publisher":"https:\/\/www.facebook.com\/MunicipalesSF","article_published_time":"2017-08-30T23:33:50+00:00","og_image":[{"width":1805,"height":1205,"url":"https:\/\/municipales.org.ar\/festram\/wp-content\/uploads\/2017\/08\/15110274_1287818984615349_7355811774610581605_o.jpg","type":"image\/jpeg"}],"author":"mun_admin","twitter_card":"summary_large_image","twitter_creator":"@MunicipalesSF","twitter_site":"@MunicipalesSF","twitter_misc":{"Escrito por":"mun_admin","Tiempo de lectura":"1 minuto"},"schema":{"@context":"https:\/\/schema.org","@graph":[{"@type":"Article","@id":"https:\/\/municipales.org.ar\/festram\/pases-planta-permanente-capitan-bermudez\/#article","isPartOf":{"@id":"https:\/\/municipales.org.ar\/festram\/pases-planta-permanente-capitan-bermudez\/"},"author":{"name":"mun_admin","@id":"https:\/\/municipales.org.ar\/festram\/#\/schema\/person\/49096a774c48ce9063df4d59ec059f9e"},"headline":"Pases a Planta Permanente en Capit\u00e1n Berm\u00fadez","datePublished":"2017-08-30T23:33:50+00:00","mainEntityOfPage":{"@id":"https:\/\/municipales.org.ar\/festram\/pases-planta-permanente-capitan-bermudez\/"},"wordCount":183,"publisher":{"@id":"https:\/\/municipales.org.ar\/festram\/#organization"},"image":{"@id":"https:\/\/municipales.org.ar\/festram\/pases-planta-permanente-capitan-bermudez\/#primaryimage"},"thumbnailUrl":"https:\/\/municipales.org.ar\/festram\/wp-content\/uploads\/2017\/08\/15110274_1287818984615349_7355811774610581605_o.jpg","keywords":["capit\u00e1n berm\u00fadez","precarizaci\u00f3n","sindicatos afiliados"],"articleSection":["Sindicatos Noticias"],"inLanguage":"es"},{"@type":"WebPage","@id":"https:\/\/municipales.org.ar\/festram\/pases-planta-permanente-capitan-bermudez\/","url":"https:\/\/municipales.org.ar\/festram\/pases-planta-permanente-capitan-bermudez\/","name":"Pases a Planta Permanente en Capit\u00e1n Berm\u00fadez &#8211; FESTRAM","isPartOf":{"@id":"https:\/\/municipales.org.ar\/festram\/#website"},"primaryImageOfPage":{"@id":"https:\/\/municipales.org.ar\/festram\/pases-planta-permanente-capitan-bermudez\/#primaryimage"},"image":{"@id":"https:\/\/municipales.org.ar\/festram\/pases-planta-permanente-capitan-bermudez\/#primaryimage"},"thumbnailUrl":"https:\/\/municipales.org.ar\/festram\/wp-content\/uploads\/2017\/08\/15110274_1287818984615349_7355811774610581605_o.jpg","datePublished":"2017-08-30T23:33:50+00:00","description":"El Sindicato de Obreros y Empleados Municipales de Capit\u00e1n Berm\u00fadez inform\u00f3 a FESTRAM, y remiti\u00f3 la documentaci\u00f3n respectiva, sobre el pase a planta permanente de noventa y cuatro (94) trabajadoras\/es municipales en dicha localidad.","breadcrumb":{"@id":"https:\/\/municipales.org.ar\/festram\/pases-planta-permanente-capitan-bermudez\/#breadcrumb"},"inLanguage":"es","potentialAction":[{"@type":"ReadAction","target":["https:\/\/municipales.org.ar\/festram\/pases-planta-permanente-capitan-bermudez\/"]}]},{"@type":"ImageObject","inLanguage":"es","@id":"https:\/\/municipales.org.ar\/festram\/pases-planta-permanente-capitan-bermudez\/#primaryimage","url":"https:\/\/municipales.org.ar\/festram\/wp-content\/uploads\/2017\/08\/15110274_1287818984615349_7355811774610581605_o.jpg","contentUrl":"https:\/\/municipales.org.ar\/festram\/wp-content\/uploads\/2017\/08\/15110274_1287818984615349_7355811774610581605_o.jpg","width":1805,"height":1205},{"@type":"BreadcrumbList","@id":"https:\/\/municipales.org.ar\/festram\/pases-planta-permanente-capitan-bermudez\/#breadcrumb","itemListElement":[{"@type":"ListItem","position":1,"name":"Portada","item":"https:\/\/municipales.org.ar\/festram\/"},{"@type":"ListItem","position":2,"name":"Pases a Planta Permanente en Capit\u00e1n Berm\u00fadez"}]},{"@type":"WebSite","@id":"https:\/\/municipales.org.ar\/festram\/#website","url":"https:\/\/municipales.org.ar\/festram\/","name":"FESTRAM","description":"La web de los trabajadores municipales","publisher":{"@id":"https:\/\/municipales.org.ar\/festram\/#organization"},"potentialAction":[{"@type":"SearchAction","target":{"@type":"EntryPoint","urlTemplate":"https:\/\/municipales.org.ar\/festram\/?s={search_term_string}"},"query-input":{"@type":"PropertyValueSpecification","valueRequired":true,"valueName":"search_term_string"}}],"inLanguage":"es"},{"@type":"Organization","@id":"https:\/\/municipales.org.ar\/festram\/#organization","name":"Federaci\u00f3n de Sindicatos de Trabajadores Municipales de la Provincia de Santa Fe","url":"https:\/\/municipales.org.ar\/festram\/","logo":{"@type":"ImageObject","inLanguage":"es","@id":"https:\/\/municipales.org.ar\/festram\/#\/schema\/logo\/image\/","url":"https:\/\/www.municipales.org.ar\/festram\/wp-content\/uploads\/2014\/07\/logo_fes.jpg","contentUrl":"https:\/\/www.municipales.org.ar\/festram\/wp-content\/uploads\/2014\/07\/logo_fes.jpg","width":661,"height":673,"caption":"Federaci\u00f3n de Sindicatos de Trabajadores Municipales de la Provincia de Santa Fe"},"image":{"@id":"https:\/\/municipales.org.ar\/festram\/#\/schema\/logo\/image\/"},"sameAs":["https:\/\/www.facebook.com\/MunicipalesSF","https:\/\/x.com\/MunicipalesSF","https:\/\/www.youtube.com\/user\/festram"]},{"@type":"Person","@id":"https:\/\/municipales.org.ar\/festram\/#\/schema\/person\/49096a774c48ce9063df4d59ec059f9e","name":"mun_admin"}]}},"jetpack_publicize_connections":[],"jetpack_featured_media_url":"https:\/\/municipales.org.ar\/festram\/wp-content\/uploads\/2017\/08\/15110274_1287818984615349_7355811774610581605_o.jpg","jetpack_sharing_enabled":true,"jetpack_likes_enabled":false,"jetpack_shortlink":"https:\/\/wp.me\/p7l4x1-3g4","_links":{"self":[{"href":"https:\/\/municipales.org.ar\/festram\/wp-json\/wp\/v2\/posts\/12528","targetHints":{"allow":["GET"]}}],"collection":[{"href":"https:\/\/municipales.org.ar\/festram\/wp-json\/wp\/v2\/posts"}],"about":[{"href":"https:\/\/municipales.org.ar\/festram\/wp-json\/wp\/v2\/types\/post"}],"author":[{"embeddable":true,"href":"https:\/\/municipales.org.ar\/festram\/wp-json\/wp\/v2\/users\/1"}],"replies":[{"embeddable":true,"href":"https:\/\/municipales.org.ar\/festram\/wp-json\/wp\/v2\/comments?post=12528"}],"version-history":[{"count":1,"href":"https:\/\/municipales.org.ar\/festram\/wp-json\/wp\/v2\/posts\/12528\/revisions"}],"predecessor-version":[{"id":12530,"href":"https:\/\/municipales.org.ar\/festram\/wp-json\/wp\/v2\/posts\/12528\/revisions\/12530"}],"wp:featuredmedia":[{"embeddable":true,"href":"https:\/\/municipales.org.ar\/festram\/wp-json\/wp\/v2\/media\/12529"}],"wp:attachment":[{"href":"https:\/\/municipales.org.ar\/festram\/wp-json\/wp\/v2\/media?parent=12528"}],"wp:term":[{"taxonomy":"category","embeddable":true,"href":"https:\/\/municipales.org.ar\/festram\/wp-json\/wp\/v2\/categories?post=12528"},{"taxonomy":"post_tag","embeddable":true,"href":"https:\/\/municipales.org.ar\/festram\/wp-json\/wp\/v2\/tags?post=12528"}],"curies":[{"name":"wp","href":"https:\/\/api.w.org\/{rel}","templated":true}]}}