{"id":12555,"date":"2017-09-03T18:24:37","date_gmt":"2017-09-03T21:24:37","guid":{"rendered":"http:\/\/www.municipales.org.ar\/festram\/?p=12555"},"modified":"2017-09-11T13:00:55","modified_gmt":"2017-09-11T16:00:55","slug":"mujeres-sindicalistas-pidieron-unidad-frenar-plan-economico","status":"publish","type":"post","link":"https:\/\/municipales.org.ar\/festram\/mujeres-sindicalistas-pidieron-unidad-frenar-plan-economico\/","title":{"rendered":"Mujeres Sindicalistas pidieron unidad para frenar el plan econ\u00f3mico"},"content":{"rendered":"<h3>Cristina Kirchner se reuni\u00f3 con trabajadoras de CGT y CTA y llam\u00f3 a la \u00abUnidad del Movimiento Obrero\u00bb<\/h3>\n<p>&nbsp;<\/p>\n<p>El pasado s\u00e1bado 2 de septiembre, el camping recreativo N\u00e9stor Kirchner de los trabajadores del cuero, en la localidad de Exaltaci\u00f3n de la Cruz (Bs.As.), fue el escenario del Segundo Encuentro de Mujeres Sindicalistas de la Corriente Federal de Trabajadores.<\/p>\n<p>La jornada se mostr\u00f3 prometedora, se acreditaron aproximadamente 1000 mujeres representando 100 Sindicatos presentes, entre ellos nuestra Federaci\u00f3n de Trabajadores Municipales de la Provincia de Santa Fe (FESTRAM).<\/p>\n<p>El acto de apertura tuvo la participaci\u00f3n central de Vanesa Siley, referente de los Trabajadores Judiciales de la ciudad de Bs.As., Secretaria General e Integrante de la Corriente Federal de Trabajadores y conductora del espacio de las mujeres sindicalistas. La acompa\u00f1aron Claudia Ormachea (bancarios), Mar\u00eda Teresa Hernandez (SADOP), Estela D\u00edaz (CTA de trabajadores), Graciela Aranda (CGT Chaco) y Yolanda Saavedra (UOM San Miguel).<\/p>\n<p>En una jornada con una fuerte impronta militante y participaci\u00f3n activa de las trabajadoras, el s\u00f3lido debate se centr\u00f3 en la necesidad de unidad en el campo sindical para enfrentar las pol\u00edticas neoliberales que impactan de lleno en el mundo del trabajo.<\/p>\n<p><iframe loading=\"lazy\" style=\"border: none; overflow: hidden;\" src=\"https:\/\/www.facebook.com\/plugins\/video.php?href=https%3A%2F%2Fwww.facebook.com%2FCorrienteFederalTrabajadoresCGT%2Fvideos%2F1698868683741990%2F&amp;show_text=1&amp;width=560\" width=\"560\" height=\"420\" frameborder=\"0\" scrolling=\"no\" allowfullscreen=\"allowfullscreen\"><\/iframe><br \/>\nFESTRAM, a trav\u00e9s de la Secretar\u00eda de Pol\u00edticas de G\u00e9nero e integrantes de J\u00f3venes Municipales, particip\u00f3 de las tres comisiones de trabajo del encuentro y pidi\u00f3 la solidaridad de una adhesi\u00f3n por el caso de violencia de g\u00e9nero en la localidad de San Carlos Centro, donde una compa\u00f1era v\u00edctima del autoritarismo y la persecuci\u00f3n del Intendente Placenzotti busca la protecci\u00f3n de los derechos vulnerados por su condici\u00f3n de mujer y trabajadora.<\/p>\n<p>Los temas centrales que se plantearon durante el trabajo en comisiones consistieron en:<\/p>\n<ul>\n<li>Visibilizar a las mujeres en la militancia gremial<\/li>\n<li>Pelear por una representaci\u00f3n de la mujer en las Organizaciones Sindicales en d\u00f3nde exista un mayor acceso a los puestos de conducci\u00f3n<\/li>\n<li>Cumplimiento del cupo femenino<\/li>\n<li>Contemplaci\u00f3n de licencias por violencia de g\u00e9nero.<\/li>\n<\/ul>\n<p>En los reclamos se record\u00f3 a Santiago Maldonado con su cara multiplic\u00e1ndose en centenares de carteles, pidiendo la aparici\u00f3n con vida del joven. Tambi\u00e9n se pidi\u00f3 por la liberaci\u00f3n de Milagro Sala, y, al grito de Ni Una Menos, se hizo hincapi\u00e9 en el esfuerzo por denunciar la violencia y un sistema patriarcal que se expresa en las m\u00faltiples relaciones sociales.<\/p>\n\n\t\t<style type=\"text\/css\">\n\t\t\t#gallery-1 {\n\t\t\t\tmargin: auto;\n\t\t\t}\n\t\t\t#gallery-1 .gallery-item {\n\t\t\t\tfloat: left;\n\t\t\t\tmargin-top: 10px;\n\t\t\t\ttext-align: center;\n\t\t\t\twidth: 33%;\n\t\t\t}\n\t\t\t#gallery-1 img {\n\t\t\t\tborder: 2px solid #cfcfcf;\n\t\t\t}\n\t\t\t#gallery-1 .gallery-caption {\n\t\t\t\tmargin-left: 0;\n\t\t\t}\n\t\t\t\/* see gallery_shortcode() in wp-includes\/media.php *\/\n\t\t<\/style>\n\t\t<div id='gallery-1' class='gallery galleryid-12555 gallery-columns-3 gallery-size-thumbnail'><dl class='gallery-item'>\n\t\t\t<dt class='gallery-icon landscape'>\n\t\t\t\t<a href='https:\/\/municipales.org.ar\/festram\/mujeres-sindicalistas-pidieron-unidad-frenar-plan-economico\/21192352_1046562035480832_3788106199439104007_n\/'><img loading=\"lazy\" decoding=\"async\" width=\"150\" height=\"150\" src=\"https:\/\/municipales.org.ar\/festram\/wp-content\/uploads\/2017\/09\/21192352_1046562035480832_3788106199439104007_n-150x150.jpg\" class=\"attachment-thumbnail size-thumbnail\" alt=\"\" srcset=\"https:\/\/municipales.org.ar\/festram\/wp-content\/uploads\/2017\/09\/21192352_1046562035480832_3788106199439104007_n-150x150.jpg 150w, https:\/\/municipales.org.ar\/festram\/wp-content\/uploads\/2017\/09\/21192352_1046562035480832_3788106199439104007_n-300x300.jpg 300w, https:\/\/municipales.org.ar\/festram\/wp-content\/uploads\/2017\/09\/21192352_1046562035480832_3788106199439104007_n-768x768.jpg 768w, https:\/\/municipales.org.ar\/festram\/wp-content\/uploads\/2017\/09\/21192352_1046562035480832_3788106199439104007_n-80x80.jpg 80w, https:\/\/municipales.org.ar\/festram\/wp-content\/uploads\/2017\/09\/21192352_1046562035480832_3788106199439104007_n.jpg 960w\" sizes=\"auto, (max-width: 150px) 100vw, 150px\" \/><\/a>\n\t\t\t<\/dt><\/dl><dl class='gallery-item'>\n\t\t\t<dt class='gallery-icon portrait'>\n\t\t\t\t<a href='https:\/\/municipales.org.ar\/festram\/mujeres-sindicalistas-pidieron-unidad-frenar-plan-economico\/21192814_1552934371437397_5580337562813020024_n\/'><img loading=\"lazy\" decoding=\"async\" width=\"150\" height=\"150\" src=\"https:\/\/municipales.org.ar\/festram\/wp-content\/uploads\/2017\/09\/21192814_1552934371437397_5580337562813020024_n-150x150.jpg\" class=\"attachment-thumbnail size-thumbnail\" alt=\"\" srcset=\"https:\/\/municipales.org.ar\/festram\/wp-content\/uploads\/2017\/09\/21192814_1552934371437397_5580337562813020024_n-150x150.jpg 150w, https:\/\/municipales.org.ar\/festram\/wp-content\/uploads\/2017\/09\/21192814_1552934371437397_5580337562813020024_n-80x80.jpg 80w\" sizes=\"auto, (max-width: 150px) 100vw, 150px\" \/><\/a>\n\t\t\t<\/dt><\/dl><dl class='gallery-item'>\n\t\t\t<dt class='gallery-icon landscape'>\n\t\t\t\t<a href='https:\/\/municipales.org.ar\/festram\/mujeres-sindicalistas-pidieron-unidad-frenar-plan-economico\/21193024_1698866613742197_9079046001121820662_n\/'><img loading=\"lazy\" decoding=\"async\" width=\"150\" height=\"150\" src=\"https:\/\/municipales.org.ar\/festram\/wp-content\/uploads\/2017\/09\/21193024_1698866613742197_9079046001121820662_n-150x150.jpg\" class=\"attachment-thumbnail size-thumbnail\" alt=\"\" srcset=\"https:\/\/municipales.org.ar\/festram\/wp-content\/uploads\/2017\/09\/21193024_1698866613742197_9079046001121820662_n-150x150.jpg 150w, https:\/\/municipales.org.ar\/festram\/wp-content\/uploads\/2017\/09\/21193024_1698866613742197_9079046001121820662_n-80x80.jpg 80w\" sizes=\"auto, (max-width: 150px) 100vw, 150px\" \/><\/a>\n\t\t\t<\/dt><\/dl><br style=\"clear: both\" \/><dl class='gallery-item'>\n\t\t\t<dt class='gallery-icon landscape'>\n\t\t\t\t<a href='https:\/\/municipales.org.ar\/festram\/mujeres-sindicalistas-pidieron-unidad-frenar-plan-economico\/21248230_1046727575464278_4830422373762085254_o\/'><img loading=\"lazy\" decoding=\"async\" width=\"150\" height=\"150\" src=\"https:\/\/municipales.org.ar\/festram\/wp-content\/uploads\/2017\/09\/21248230_1046727575464278_4830422373762085254_o-150x150.jpg\" class=\"attachment-thumbnail size-thumbnail\" alt=\"\" srcset=\"https:\/\/municipales.org.ar\/festram\/wp-content\/uploads\/2017\/09\/21248230_1046727575464278_4830422373762085254_o-150x150.jpg 150w, https:\/\/municipales.org.ar\/festram\/wp-content\/uploads\/2017\/09\/21248230_1046727575464278_4830422373762085254_o-300x300.jpg 300w, https:\/\/municipales.org.ar\/festram\/wp-content\/uploads\/2017\/09\/21248230_1046727575464278_4830422373762085254_o-768x768.jpg 768w, https:\/\/municipales.org.ar\/festram\/wp-content\/uploads\/2017\/09\/21248230_1046727575464278_4830422373762085254_o-80x80.jpg 80w, https:\/\/municipales.org.ar\/festram\/wp-content\/uploads\/2017\/09\/21248230_1046727575464278_4830422373762085254_o.jpg 1002w\" sizes=\"auto, (max-width: 150px) 100vw, 150px\" \/><\/a>\n\t\t\t<\/dt><\/dl><dl class='gallery-item'>\n\t\t\t<dt class='gallery-icon landscape'>\n\t\t\t\t<a href='https:\/\/municipales.org.ar\/festram\/mujeres-sindicalistas-pidieron-unidad-frenar-plan-economico\/21230789_1552934598104041_7550535786671269353_n\/'><img loading=\"lazy\" decoding=\"async\" width=\"150\" height=\"150\" src=\"https:\/\/municipales.org.ar\/festram\/wp-content\/uploads\/2017\/09\/21230789_1552934598104041_7550535786671269353_n-150x150.jpg\" class=\"attachment-thumbnail size-thumbnail\" alt=\"\" srcset=\"https:\/\/municipales.org.ar\/festram\/wp-content\/uploads\/2017\/09\/21230789_1552934598104041_7550535786671269353_n-150x150.jpg 150w, https:\/\/municipales.org.ar\/festram\/wp-content\/uploads\/2017\/09\/21230789_1552934598104041_7550535786671269353_n-80x80.jpg 80w\" sizes=\"auto, (max-width: 150px) 100vw, 150px\" \/><\/a>\n\t\t\t<\/dt><\/dl><dl class='gallery-item'>\n\t\t\t<dt class='gallery-icon landscape'>\n\t\t\t\t<a href='https:\/\/municipales.org.ar\/festram\/mujeres-sindicalistas-pidieron-unidad-frenar-plan-economico\/21248271_1046562075480828_4646427271860206411_o\/'><img loading=\"lazy\" decoding=\"async\" width=\"150\" height=\"150\" src=\"https:\/\/municipales.org.ar\/festram\/wp-content\/uploads\/2017\/09\/21248271_1046562075480828_4646427271860206411_o-150x150.jpg\" class=\"attachment-thumbnail size-thumbnail\" alt=\"\" srcset=\"https:\/\/municipales.org.ar\/festram\/wp-content\/uploads\/2017\/09\/21248271_1046562075480828_4646427271860206411_o-150x150.jpg 150w, https:\/\/municipales.org.ar\/festram\/wp-content\/uploads\/2017\/09\/21248271_1046562075480828_4646427271860206411_o-300x300.jpg 300w, https:\/\/municipales.org.ar\/festram\/wp-content\/uploads\/2017\/09\/21248271_1046562075480828_4646427271860206411_o-768x768.jpg 768w, https:\/\/municipales.org.ar\/festram\/wp-content\/uploads\/2017\/09\/21248271_1046562075480828_4646427271860206411_o-1024x1024.jpg 1024w, https:\/\/municipales.org.ar\/festram\/wp-content\/uploads\/2017\/09\/21248271_1046562075480828_4646427271860206411_o-80x80.jpg 80w, https:\/\/municipales.org.ar\/festram\/wp-content\/uploads\/2017\/09\/21248271_1046562075480828_4646427271860206411_o.jpg 1080w\" sizes=\"auto, (max-width: 150px) 100vw, 150px\" \/><\/a>\n\t\t\t<\/dt><\/dl><br style=\"clear: both\" \/><dl class='gallery-item'>\n\t\t\t<dt class='gallery-icon landscape'>\n\t\t\t\t<a href='https:\/\/municipales.org.ar\/festram\/mujeres-sindicalistas-pidieron-unidad-frenar-plan-economico\/21272759_1699554573673401_8201709749032060894_o\/'><img loading=\"lazy\" decoding=\"async\" width=\"150\" height=\"150\" src=\"https:\/\/municipales.org.ar\/festram\/wp-content\/uploads\/2017\/09\/21272759_1699554573673401_8201709749032060894_o-150x150.jpg\" class=\"attachment-thumbnail size-thumbnail\" alt=\"\" srcset=\"https:\/\/municipales.org.ar\/festram\/wp-content\/uploads\/2017\/09\/21272759_1699554573673401_8201709749032060894_o-150x150.jpg 150w, https:\/\/municipales.org.ar\/festram\/wp-content\/uploads\/2017\/09\/21272759_1699554573673401_8201709749032060894_o-80x80.jpg 80w\" sizes=\"auto, (max-width: 150px) 100vw, 150px\" \/><\/a>\n\t\t\t<\/dt><\/dl>\n\t\t\t<br style='clear: both' \/>\n\t\t<\/div>\n\n<p>Se hizo entrega de un presente a la n\u00f3mina de los Dirigentes, entre ellos a nuestro Compa\u00f1ero Secretario General de la Federaci\u00f3n Claudio Leoni, con el PUNTO 27 DEL PROGRAMA DE LA CORRIENTE FEDERAL DE TRABAJADORES. Dicho punto parte de las nuevas demandas sociales y desde la propia representaci\u00f3n sindical dice:<\/p>\n<blockquote><p>\u00abVIVAS, LIBRES E IGUALES NOS QUEREMOS\u00bb<br \/>\nSe requieren pol\u00edticas de los tres poderes del estado destinadas a:<br \/>\n1) Eliminar todo tipo de modalidad de violencia, tanto simb\u00f3lica como f\u00edsica hacia la mujer y<br \/>\n2) eliminar cualquier motivo que obstaculice o discrimine a la mujer en el ambito social, econ\u00f3mico, laboral, cultural y\/o pol\u00edtico.<br \/>\nAbordar la prevenci\u00f3n y concientizaci\u00f3n social en ambos aspectos.<br \/>\nConsiderando desde un sentido transversal a la perspectiva de g\u00e9nero, este programa en su totalidad ser\u00e1 siempre entendido, interpretado y aplicado con dicha visi\u00f3n.<\/p><\/blockquote>\n<p>Cristina Fern\u00e1ndez de Kirchner fue la encargada de cerrar el encuentro, acompa\u00f1ada por Secretarios Generales y otros dirigentes de la Corriente Federal de Trabajadores, entre los cuales estuvieron Segio Palazzo, H\u00e9ctor Amichetti, Horacio Ghilini, Walter Correa, Fabi\u00e1n Felman, Carlos Minucci, Heber R\u00edos, entre otros..<\/p>\n<p>\u00abAc\u00e1 se juntan dos colectivos tan poderosos, como son el de la mujer, del g\u00e9nero, pero al mismo tiempo de las trabajadoras organizadas\u00bb comenz\u00f3 la ex Presidenta.<\/p>\n<p>All\u00ed reivindic\u00f3 la tarea de las Organizaciones Gremiales en donde destac\u00f3 que por el desarrollo hist\u00f3rico que se logr\u00f3 en nuestro Pa\u00eds, tienen los mejores salarios y mayores derechos.<\/p>\n<p>Convoc\u00f3 a \u00abla unidad del movimiento obrero\u00bb para contrarrestar la desocupaci\u00f3n y los tarifazos, consider\u00f3 que estamos atravesando momentos dif\u00edciles en lo social y en lo econ\u00f3mico, y s\u00f3lo la unidad del movimiento obrero se va a convertir en el salvoconducto de la Argentina. En otro momento de su discurso, indic\u00f3 que el gran desaf\u00edo que tiene toda la dirigencia es trabajar en esa unidad para enfrentar a un gobierno que pareciera querer una oposici\u00f3n anestesiada.<\/p>\n<p>Cristina indic\u00f3 tambi\u00e9n que las pol\u00edticas de exclusi\u00f3n terminan expulsando a las grandes mayorias, mientras que las de inclusi\u00f3n son para todos, piensen como piensen. Por \u00faltimo inst\u00f3 a tener \u00abpaciencia, humildad y perseverancia\u00bb para \u00abno bajar los brazos\u00bb y enfrentar la \u00abficci\u00f3n y la fantas\u00eda\u00bb que impulsa el gobierno de Macri, se\u00f1al\u00f3 tambi\u00e9n que luego de las PASO, donde Unidad Ciudadana se impuso sobre Cambiemos en la Provincia de Buenos Aires, qued\u00f3 demostrado que \u00abuna mayor\u00eda no est\u00e1 de acuerdo con el rumbo econ\u00f3mico, con que aumente la desocupaci\u00f3n y los tarifazos\u00bb<\/p>\n<p>As\u00ed finaliz\u00f3 CRISTINA ante una multitud encendida en el cierre del Segundo Encuentro de Mujeres Sindicalistas de la Corriente Federal de Trabajadores.<\/p>\n<p><iframe loading=\"lazy\" style=\"border: none; overflow: hidden;\" src=\"https:\/\/www.facebook.com\/plugins\/post.php?href=https%3A%2F%2Fwww.facebook.com%2Fmedia%2Fset%2F%3Fset%3Da.1699549133673945.1073741855.1564392133856313%26type%3D3&amp;width=500\" width=\"500\" height=\"702\" frameborder=\"0\" scrolling=\"no\"><\/iframe><\/p>\n","protected":false},"excerpt":{"rendered":"<p>Cristina Kirchner se reuni\u00f3 con trabajadoras de CGT y CTA y llam\u00f3 a la \u00abUnidad del Movimiento Obrero\u00bb<\/p>\n","protected":false},"author":1,"featured_media":12556,"comment_status":"closed","ping_status":"closed","sticky":false,"template":"","format":"standard","meta":{"_jetpack_memberships_contains_paid_content":false,"footnotes":"","jetpack_publicize_message":"Unidad para frenar el plan econ\u00f3mico","jetpack_publicize_feature_enabled":true,"jetpack_social_post_already_shared":true,"jetpack_social_options":{"image_generator_settings":{"template":"highway","default_image_id":0,"font":"","enabled":false},"version":2}},"categories":[50],"tags":[152,163,87],"class_list":["post-12555","post","type-post","status-publish","format-standard","has-post-thumbnail","hentry","category-genero","tag-cgt","tag-cta","tag-genero-2"],"yoast_head":"<!-- This site is optimized with the Yoast SEO plugin v25.9 - https:\/\/yoast.com\/wordpress\/plugins\/seo\/ -->\n<title>Mujeres Sindicalistas pidieron unidad para frenar el plan econ\u00f3mico &#8211; FESTRAM<\/title>\n<meta name=\"description\" content=\"Cristina Kirchner se reuni\u00f3 con trabajadoras de CGT y CTA y llam\u00f3 a la &quot;Unidad del Movimiento Obrero&quot;\" \/>\n<meta name=\"robots\" content=\"index, follow, max-snippet:-1, max-image-preview:large, max-video-preview:-1\" \/>\n<link rel=\"canonical\" href=\"https:\/\/municipales.org.ar\/festram\/mujeres-sindicalistas-pidieron-unidad-frenar-plan-economico\/\" \/>\n<meta property=\"og:locale\" content=\"es_ES\" \/>\n<meta property=\"og:type\" content=\"article\" \/>\n<meta property=\"og:title\" content=\"Mujeres Sindicalistas pidieron unidad para frenar el plan econ\u00f3mico &#8211; FESTRAM\" \/>\n<meta property=\"og:description\" content=\"Cristina Kirchner se reuni\u00f3 con trabajadoras de CGT y CTA y llam\u00f3 a la &quot;Unidad del Movimiento Obrero&quot;\" \/>\n<meta property=\"og:url\" content=\"https:\/\/municipales.org.ar\/festram\/mujeres-sindicalistas-pidieron-unidad-frenar-plan-economico\/\" \/>\n<meta property=\"og:site_name\" content=\"FESTRAM\" \/>\n<meta property=\"article:publisher\" content=\"https:\/\/www.facebook.com\/MunicipalesSF\" \/>\n<meta property=\"article:published_time\" content=\"2017-09-03T21:24:37+00:00\" \/>\n<meta property=\"article:modified_time\" content=\"2017-09-11T16:00:55+00:00\" \/>\n<meta property=\"og:image\" content=\"https:\/\/municipales.org.ar\/festram\/wp-content\/uploads\/2017\/09\/21273040_1699549873673871_2732004317165753317_o.jpg\" \/>\n\t<meta property=\"og:image:width\" content=\"2048\" \/>\n\t<meta property=\"og:image:height\" content=\"1153\" \/>\n\t<meta property=\"og:image:type\" content=\"image\/jpeg\" \/>\n<meta name=\"author\" content=\"mun_admin\" \/>\n<meta name=\"twitter:card\" content=\"summary_large_image\" \/>\n<meta name=\"twitter:creator\" content=\"@MunicipalesSF\" \/>\n<meta name=\"twitter:site\" content=\"@MunicipalesSF\" \/>\n<meta name=\"twitter:label1\" content=\"Escrito por\" \/>\n\t<meta name=\"twitter:data1\" content=\"mun_admin\" \/>\n\t<meta name=\"twitter:label2\" content=\"Tiempo de lectura\" \/>\n\t<meta name=\"twitter:data2\" content=\"4 minutos\" \/>\n<script type=\"application\/ld+json\" class=\"yoast-schema-graph\">{\"@context\":\"https:\/\/schema.org\",\"@graph\":[{\"@type\":\"Article\",\"@id\":\"https:\/\/municipales.org.ar\/festram\/mujeres-sindicalistas-pidieron-unidad-frenar-plan-economico\/#article\",\"isPartOf\":{\"@id\":\"https:\/\/municipales.org.ar\/festram\/mujeres-sindicalistas-pidieron-unidad-frenar-plan-economico\/\"},\"author\":{\"name\":\"mun_admin\",\"@id\":\"https:\/\/municipales.org.ar\/festram\/#\/schema\/person\/49096a774c48ce9063df4d59ec059f9e\"},\"headline\":\"Mujeres Sindicalistas pidieron unidad para frenar el plan econ\u00f3mico\",\"datePublished\":\"2017-09-03T21:24:37+00:00\",\"dateModified\":\"2017-09-11T16:00:55+00:00\",\"mainEntityOfPage\":{\"@id\":\"https:\/\/municipales.org.ar\/festram\/mujeres-sindicalistas-pidieron-unidad-frenar-plan-economico\/\"},\"wordCount\":888,\"publisher\":{\"@id\":\"https:\/\/municipales.org.ar\/festram\/#organization\"},\"image\":{\"@id\":\"https:\/\/municipales.org.ar\/festram\/mujeres-sindicalistas-pidieron-unidad-frenar-plan-economico\/#primaryimage\"},\"thumbnailUrl\":\"https:\/\/municipales.org.ar\/festram\/wp-content\/uploads\/2017\/09\/21273040_1699549873673871_2732004317165753317_o.jpg\",\"keywords\":[\"CGT\",\"CTA\",\"g\u00e9nero\"],\"articleSection\":[\"G\u00e9nero\"],\"inLanguage\":\"es\"},{\"@type\":\"WebPage\",\"@id\":\"https:\/\/municipales.org.ar\/festram\/mujeres-sindicalistas-pidieron-unidad-frenar-plan-economico\/\",\"url\":\"https:\/\/municipales.org.ar\/festram\/mujeres-sindicalistas-pidieron-unidad-frenar-plan-economico\/\",\"name\":\"Mujeres Sindicalistas pidieron unidad para frenar el plan econ\u00f3mico &#8211; FESTRAM\",\"isPartOf\":{\"@id\":\"https:\/\/municipales.org.ar\/festram\/#website\"},\"primaryImageOfPage\":{\"@id\":\"https:\/\/municipales.org.ar\/festram\/mujeres-sindicalistas-pidieron-unidad-frenar-plan-economico\/#primaryimage\"},\"image\":{\"@id\":\"https:\/\/municipales.org.ar\/festram\/mujeres-sindicalistas-pidieron-unidad-frenar-plan-economico\/#primaryimage\"},\"thumbnailUrl\":\"https:\/\/municipales.org.ar\/festram\/wp-content\/uploads\/2017\/09\/21273040_1699549873673871_2732004317165753317_o.jpg\",\"datePublished\":\"2017-09-03T21:24:37+00:00\",\"dateModified\":\"2017-09-11T16:00:55+00:00\",\"description\":\"Cristina Kirchner se reuni\u00f3 con trabajadoras de CGT y CTA y llam\u00f3 a la \\\"Unidad del Movimiento Obrero\\\"\",\"breadcrumb\":{\"@id\":\"https:\/\/municipales.org.ar\/festram\/mujeres-sindicalistas-pidieron-unidad-frenar-plan-economico\/#breadcrumb\"},\"inLanguage\":\"es\",\"potentialAction\":[{\"@type\":\"ReadAction\",\"target\":[\"https:\/\/municipales.org.ar\/festram\/mujeres-sindicalistas-pidieron-unidad-frenar-plan-economico\/\"]}]},{\"@type\":\"ImageObject\",\"inLanguage\":\"es\",\"@id\":\"https:\/\/municipales.org.ar\/festram\/mujeres-sindicalistas-pidieron-unidad-frenar-plan-economico\/#primaryimage\",\"url\":\"https:\/\/municipales.org.ar\/festram\/wp-content\/uploads\/2017\/09\/21273040_1699549873673871_2732004317165753317_o.jpg\",\"contentUrl\":\"https:\/\/municipales.org.ar\/festram\/wp-content\/uploads\/2017\/09\/21273040_1699549873673871_2732004317165753317_o.jpg\",\"width\":2048,\"height\":1153},{\"@type\":\"BreadcrumbList\",\"@id\":\"https:\/\/municipales.org.ar\/festram\/mujeres-sindicalistas-pidieron-unidad-frenar-plan-economico\/#breadcrumb\",\"itemListElement\":[{\"@type\":\"ListItem\",\"position\":1,\"name\":\"Portada\",\"item\":\"https:\/\/municipales.org.ar\/festram\/\"},{\"@type\":\"ListItem\",\"position\":2,\"name\":\"Mujeres Sindicalistas pidieron unidad para frenar el plan econ\u00f3mico\"}]},{\"@type\":\"WebSite\",\"@id\":\"https:\/\/municipales.org.ar\/festram\/#website\",\"url\":\"https:\/\/municipales.org.ar\/festram\/\",\"name\":\"FESTRAM\",\"description\":\"La web de los trabajadores municipales\",\"publisher\":{\"@id\":\"https:\/\/municipales.org.ar\/festram\/#organization\"},\"potentialAction\":[{\"@type\":\"SearchAction\",\"target\":{\"@type\":\"EntryPoint\",\"urlTemplate\":\"https:\/\/municipales.org.ar\/festram\/?s={search_term_string}\"},\"query-input\":{\"@type\":\"PropertyValueSpecification\",\"valueRequired\":true,\"valueName\":\"search_term_string\"}}],\"inLanguage\":\"es\"},{\"@type\":\"Organization\",\"@id\":\"https:\/\/municipales.org.ar\/festram\/#organization\",\"name\":\"Federaci\u00f3n de Sindicatos de Trabajadores Municipales de la Provincia de Santa Fe\",\"url\":\"https:\/\/municipales.org.ar\/festram\/\",\"logo\":{\"@type\":\"ImageObject\",\"inLanguage\":\"es\",\"@id\":\"https:\/\/municipales.org.ar\/festram\/#\/schema\/logo\/image\/\",\"url\":\"https:\/\/www.municipales.org.ar\/festram\/wp-content\/uploads\/2014\/07\/logo_fes.jpg\",\"contentUrl\":\"https:\/\/www.municipales.org.ar\/festram\/wp-content\/uploads\/2014\/07\/logo_fes.jpg\",\"width\":661,\"height\":673,\"caption\":\"Federaci\u00f3n de Sindicatos de Trabajadores Municipales de la Provincia de Santa Fe\"},\"image\":{\"@id\":\"https:\/\/municipales.org.ar\/festram\/#\/schema\/logo\/image\/\"},\"sameAs\":[\"https:\/\/www.facebook.com\/MunicipalesSF\",\"https:\/\/x.com\/MunicipalesSF\",\"https:\/\/www.youtube.com\/user\/festram\"]},{\"@type\":\"Person\",\"@id\":\"https:\/\/municipales.org.ar\/festram\/#\/schema\/person\/49096a774c48ce9063df4d59ec059f9e\",\"name\":\"mun_admin\"}]}<\/script>\n<!-- \/ Yoast SEO plugin. -->","yoast_head_json":{"title":"Mujeres Sindicalistas pidieron unidad para frenar el plan econ\u00f3mico &#8211; FESTRAM","description":"Cristina Kirchner se reuni\u00f3 con trabajadoras de CGT y CTA y llam\u00f3 a la \"Unidad del Movimiento Obrero\"","robots":{"index":"index","follow":"follow","max-snippet":"max-snippet:-1","max-image-preview":"max-image-preview:large","max-video-preview":"max-video-preview:-1"},"canonical":"https:\/\/municipales.org.ar\/festram\/mujeres-sindicalistas-pidieron-unidad-frenar-plan-economico\/","og_locale":"es_ES","og_type":"article","og_title":"Mujeres Sindicalistas pidieron unidad para frenar el plan econ\u00f3mico &#8211; FESTRAM","og_description":"Cristina Kirchner se reuni\u00f3 con trabajadoras de CGT y CTA y llam\u00f3 a la \"Unidad del Movimiento Obrero\"","og_url":"https:\/\/municipales.org.ar\/festram\/mujeres-sindicalistas-pidieron-unidad-frenar-plan-economico\/","og_site_name":"FESTRAM","article_publisher":"https:\/\/www.facebook.com\/MunicipalesSF","article_published_time":"2017-09-03T21:24:37+00:00","article_modified_time":"2017-09-11T16:00:55+00:00","og_image":[{"width":2048,"height":1153,"url":"https:\/\/municipales.org.ar\/festram\/wp-content\/uploads\/2017\/09\/21273040_1699549873673871_2732004317165753317_o.jpg","type":"image\/jpeg"}],"author":"mun_admin","twitter_card":"summary_large_image","twitter_creator":"@MunicipalesSF","twitter_site":"@MunicipalesSF","twitter_misc":{"Escrito por":"mun_admin","Tiempo de lectura":"4 minutos"},"schema":{"@context":"https:\/\/schema.org","@graph":[{"@type":"Article","@id":"https:\/\/municipales.org.ar\/festram\/mujeres-sindicalistas-pidieron-unidad-frenar-plan-economico\/#article","isPartOf":{"@id":"https:\/\/municipales.org.ar\/festram\/mujeres-sindicalistas-pidieron-unidad-frenar-plan-economico\/"},"author":{"name":"mun_admin","@id":"https:\/\/municipales.org.ar\/festram\/#\/schema\/person\/49096a774c48ce9063df4d59ec059f9e"},"headline":"Mujeres Sindicalistas pidieron unidad para frenar el plan econ\u00f3mico","datePublished":"2017-09-03T21:24:37+00:00","dateModified":"2017-09-11T16:00:55+00:00","mainEntityOfPage":{"@id":"https:\/\/municipales.org.ar\/festram\/mujeres-sindicalistas-pidieron-unidad-frenar-plan-economico\/"},"wordCount":888,"publisher":{"@id":"https:\/\/municipales.org.ar\/festram\/#organization"},"image":{"@id":"https:\/\/municipales.org.ar\/festram\/mujeres-sindicalistas-pidieron-unidad-frenar-plan-economico\/#primaryimage"},"thumbnailUrl":"https:\/\/municipales.org.ar\/festram\/wp-content\/uploads\/2017\/09\/21273040_1699549873673871_2732004317165753317_o.jpg","keywords":["CGT","CTA","g\u00e9nero"],"articleSection":["G\u00e9nero"],"inLanguage":"es"},{"@type":"WebPage","@id":"https:\/\/municipales.org.ar\/festram\/mujeres-sindicalistas-pidieron-unidad-frenar-plan-economico\/","url":"https:\/\/municipales.org.ar\/festram\/mujeres-sindicalistas-pidieron-unidad-frenar-plan-economico\/","name":"Mujeres Sindicalistas pidieron unidad para frenar el plan econ\u00f3mico &#8211; FESTRAM","isPartOf":{"@id":"https:\/\/municipales.org.ar\/festram\/#website"},"primaryImageOfPage":{"@id":"https:\/\/municipales.org.ar\/festram\/mujeres-sindicalistas-pidieron-unidad-frenar-plan-economico\/#primaryimage"},"image":{"@id":"https:\/\/municipales.org.ar\/festram\/mujeres-sindicalistas-pidieron-unidad-frenar-plan-economico\/#primaryimage"},"thumbnailUrl":"https:\/\/municipales.org.ar\/festram\/wp-content\/uploads\/2017\/09\/21273040_1699549873673871_2732004317165753317_o.jpg","datePublished":"2017-09-03T21:24:37+00:00","dateModified":"2017-09-11T16:00:55+00:00","description":"Cristina Kirchner se reuni\u00f3 con trabajadoras de CGT y CTA y llam\u00f3 a la \"Unidad del Movimiento Obrero\"","breadcrumb":{"@id":"https:\/\/municipales.org.ar\/festram\/mujeres-sindicalistas-pidieron-unidad-frenar-plan-economico\/#breadcrumb"},"inLanguage":"es","potentialAction":[{"@type":"ReadAction","target":["https:\/\/municipales.org.ar\/festram\/mujeres-sindicalistas-pidieron-unidad-frenar-plan-economico\/"]}]},{"@type":"ImageObject","inLanguage":"es","@id":"https:\/\/municipales.org.ar\/festram\/mujeres-sindicalistas-pidieron-unidad-frenar-plan-economico\/#primaryimage","url":"https:\/\/municipales.org.ar\/festram\/wp-content\/uploads\/2017\/09\/21273040_1699549873673871_2732004317165753317_o.jpg","contentUrl":"https:\/\/municipales.org.ar\/festram\/wp-content\/uploads\/2017\/09\/21273040_1699549873673871_2732004317165753317_o.jpg","width":2048,"height":1153},{"@type":"BreadcrumbList","@id":"https:\/\/municipales.org.ar\/festram\/mujeres-sindicalistas-pidieron-unidad-frenar-plan-economico\/#breadcrumb","itemListElement":[{"@type":"ListItem","position":1,"name":"Portada","item":"https:\/\/municipales.org.ar\/festram\/"},{"@type":"ListItem","position":2,"name":"Mujeres Sindicalistas pidieron unidad para frenar el plan econ\u00f3mico"}]},{"@type":"WebSite","@id":"https:\/\/municipales.org.ar\/festram\/#website","url":"https:\/\/municipales.org.ar\/festram\/","name":"FESTRAM","description":"La web de los trabajadores municipales","publisher":{"@id":"https:\/\/municipales.org.ar\/festram\/#organization"},"potentialAction":[{"@type":"SearchAction","target":{"@type":"EntryPoint","urlTemplate":"https:\/\/municipales.org.ar\/festram\/?s={search_term_string}"},"query-input":{"@type":"PropertyValueSpecification","valueRequired":true,"valueName":"search_term_string"}}],"inLanguage":"es"},{"@type":"Organization","@id":"https:\/\/municipales.org.ar\/festram\/#organization","name":"Federaci\u00f3n de Sindicatos de Trabajadores Municipales de la Provincia de Santa Fe","url":"https:\/\/municipales.org.ar\/festram\/","logo":{"@type":"ImageObject","inLanguage":"es","@id":"https:\/\/municipales.org.ar\/festram\/#\/schema\/logo\/image\/","url":"https:\/\/www.municipales.org.ar\/festram\/wp-content\/uploads\/2014\/07\/logo_fes.jpg","contentUrl":"https:\/\/www.municipales.org.ar\/festram\/wp-content\/uploads\/2014\/07\/logo_fes.jpg","width":661,"height":673,"caption":"Federaci\u00f3n de Sindicatos de Trabajadores Municipales de la Provincia de Santa Fe"},"image":{"@id":"https:\/\/municipales.org.ar\/festram\/#\/schema\/logo\/image\/"},"sameAs":["https:\/\/www.facebook.com\/MunicipalesSF","https:\/\/x.com\/MunicipalesSF","https:\/\/www.youtube.com\/user\/festram"]},{"@type":"Person","@id":"https:\/\/municipales.org.ar\/festram\/#\/schema\/person\/49096a774c48ce9063df4d59ec059f9e","name":"mun_admin"}]}},"jetpack_publicize_connections":[],"jetpack_featured_media_url":"https:\/\/municipales.org.ar\/festram\/wp-content\/uploads\/2017\/09\/21273040_1699549873673871_2732004317165753317_o.jpg","jetpack_sharing_enabled":true,"jetpack_likes_enabled":false,"jetpack_shortlink":"https:\/\/wp.me\/p7l4x1-3gv","_links":{"self":[{"href":"https:\/\/municipales.org.ar\/festram\/wp-json\/wp\/v2\/posts\/12555","targetHints":{"allow":["GET"]}}],"collection":[{"href":"https:\/\/municipales.org.ar\/festram\/wp-json\/wp\/v2\/posts"}],"about":[{"href":"https:\/\/municipales.org.ar\/festram\/wp-json\/wp\/v2\/types\/post"}],"author":[{"embeddable":true,"href":"https:\/\/municipales.org.ar\/festram\/wp-json\/wp\/v2\/users\/1"}],"replies":[{"embeddable":true,"href":"https:\/\/municipales.org.ar\/festram\/wp-json\/wp\/v2\/comments?post=12555"}],"version-history":[{"count":2,"href":"https:\/\/municipales.org.ar\/festram\/wp-json\/wp\/v2\/posts\/12555\/revisions"}],"predecessor-version":[{"id":12566,"href":"https:\/\/municipales.org.ar\/festram\/wp-json\/wp\/v2\/posts\/12555\/revisions\/12566"}],"wp:featuredmedia":[{"embeddable":true,"href":"https:\/\/municipales.org.ar\/festram\/wp-json\/wp\/v2\/media\/12556"}],"wp:attachment":[{"href":"https:\/\/municipales.org.ar\/festram\/wp-json\/wp\/v2\/media?parent=12555"}],"wp:term":[{"taxonomy":"category","embeddable":true,"href":"https:\/\/municipales.org.ar\/festram\/wp-json\/wp\/v2\/categories?post=12555"},{"taxonomy":"post_tag","embeddable":true,"href":"https:\/\/municipales.org.ar\/festram\/wp-json\/wp\/v2\/tags?post=12555"}],"curies":[{"name":"wp","href":"https:\/\/api.w.org\/{rel}","templated":true}]}}