{"id":12581,"date":"2017-09-06T12:39:27","date_gmt":"2017-09-06T15:39:27","guid":{"rendered":"http:\/\/www.municipales.org.ar\/festram\/?p=12581"},"modified":"2017-09-07T12:47:49","modified_gmt":"2017-09-07T15:47:49","slug":"simposio-emergencias-medicas-del-litoral","status":"publish","type":"post","link":"https:\/\/municipales.org.ar\/festram\/simposio-emergencias-medicas-del-litoral\/","title":{"rendered":"Simposio de Emergencias M\u00e9dicas del Litoral"},"content":{"rendered":"<h3>El mismo estuvo destinado a estudiantes y profesionales de la salud y trabajadores de areas relacionadas: m\u00e9dicos\/as, enfermeros\/as, t\u00e9cnicos\/as en emergencias, rescatistas, Bomberos\/as, policias, penitenciarios\/as, etc.<\/h3>\n<p>&nbsp;<\/p>\n<p>Las emergencias m\u00e9dicas, constituyen un \u00e1rea de estudio y desarrollo profesional que no est\u00e1 contemplado de forma cabal en las curr\u00edculas de grado de las instituciones educativas universitarias y terciarias, a la vez que constituyen el primer escenario de desarrollo laboral de m\u00e9dicos, enfermeros, t\u00e9cnicos param\u00e9dicos en lo que se denomina la \u201cGuardia Medica\u201d.<\/p>\n<p>Organizado por la Asociaci\u00f3n Civil para la Promoci\u00f3n de la Salud Dr. Ram\u00f3n Carrillo, quien trabaja hace 7 a\u00f1os en la\u00a0formaci\u00f3n complementaria en emergencias m\u00e9dicas tanto para profesionales de la salud, como as\u00ed tambi\u00e9n para trabajadores de la salud con tareas complementarias a la atenci\u00f3n de la emergencia, como son el personal policial, el personal penitenciario, el personal de bomberos, el personal de bomberos voluntarios, etc.<\/p>\n<p>Por la din\u00e1mica del avance de los conocimientos y t\u00e9cnicas certificadas de atenci\u00f3n de la salud en general y de la emergencia en particular, es que se realiz\u00f3 el primer Simposio de Emergencias M\u00e9dicas del Litoral, organizado por esta asociaci\u00f3n y con el Sr. Marcos Salva como coordinador y el Dr. Adolfo Savia, m\u00e9dico cirujano y especialista matriculado en emergencias m\u00e9dicas, director del Centro de Capacitaci\u00f3n en Emergencias M\u00e9dicas de Rosario como director del mismo<\/p>\n<p>Dicho simposio se llev\u00f3 a cabo en las instalaciones de FESTRAM el pasado 1\u00ba de Septiembre, con una participaci\u00f3n aproximada de 500 asistentes de la ciudad de Santa Fe y alrededores.<\/p>\n<p>Los contenidos a tratados durante el transcurso del Simposio son:<\/p>\n<ul>\n<li>Nuevos desaf\u00edos en la atenci\u00f3n de emergencias en el medio pre hospitalario.<\/li>\n<li>Atenci\u00f3n de emergencias en el medio ore hospitalario.<\/li>\n<li>Atenci\u00f3n de las emergencias en el medio hospitalario.<\/li>\n<li>Atenci\u00f3n del trauma en emergencia en el medio hospitalario.<\/li>\n<li>Atenci\u00f3n de las emergencias pedi\u00e1tricas.<\/li>\n<li>Atenci\u00f3n de las emergencias gineco-obst\u00e9tricas.<\/li>\n<li>Atenci\u00f3n integral de emergencias psicol\u00f3gicas.<\/li>\n<\/ul>\n<p>&nbsp;<br \/>\n<iframe loading=\"lazy\" src=\"https:\/\/www.facebook.com\/plugins\/post.php?href=https%3A%2F%2Fwww.facebook.com%2Fmarcos.salva%2Fposts%2F1717801671576946&#038;width=500\" width=\"500\" height=\"854\" style=\"border:none;overflow:hidden\" scrolling=\"no\" frameborder=\"0\" allowTransparency=\"true\"><\/iframe><\/p>\n","protected":false},"excerpt":{"rendered":"<p>El mismo estuvo destinado a estudiantes y profesionales de la salud y trabajadores de areas relacionadas: m\u00e9dicos\/as, enfermeros\/as, t\u00e9cnicos\/as en emergencias, rescatistas, Bomberos\/as, policias, penitenciarios\/as, etc. &nbsp; Las emergencias m\u00e9dicas, constituyen un \u00e1rea de estudio y desarrollo profesional que no est\u00e1 contemplado de forma cabal en las curr\u00edculas de grado de las instituciones educativas universitarias [&hellip;]<\/p>\n","protected":false},"author":1,"featured_media":12583,"comment_status":"closed","ping_status":"closed","sticky":false,"template":"","format":"standard","meta":{"_jetpack_memberships_contains_paid_content":false,"footnotes":"","jetpack_publicize_message":"Simposio de Emergencias M\u00e9dicas del Litoral","jetpack_publicize_feature_enabled":true,"jetpack_social_post_already_shared":true,"jetpack_social_options":{"image_generator_settings":{"template":"highway","default_image_id":0,"font":"","enabled":false},"version":2}},"categories":[167],"tags":[154],"class_list":["post-12581","post","type-post","status-publish","format-standard","has-post-thumbnail","hentry","category-actividades-en-el-complejo","tag-actividades-complejo"],"yoast_head":"<!-- This site is optimized with the Yoast SEO plugin v25.9 - https:\/\/yoast.com\/wordpress\/plugins\/seo\/ -->\n<title>Simposio de Emergencias M\u00e9dicas del Litoral &#8211; FESTRAM<\/title>\n<meta name=\"description\" content=\"El mismo estuvo destinado a estudiantes y profesionales de la salud y trabajadores de areas relacionadas: m\u00e9dicos\/as, enfermeros\/as, t\u00e9cnicos\/as en\" \/>\n<meta name=\"robots\" content=\"index, follow, max-snippet:-1, max-image-preview:large, max-video-preview:-1\" \/>\n<link rel=\"canonical\" href=\"https:\/\/municipales.org.ar\/festram\/simposio-emergencias-medicas-del-litoral\/\" \/>\n<meta property=\"og:locale\" content=\"es_ES\" \/>\n<meta property=\"og:type\" content=\"article\" \/>\n<meta property=\"og:title\" content=\"Simposio de Emergencias M\u00e9dicas del Litoral &#8211; FESTRAM\" \/>\n<meta property=\"og:description\" content=\"El mismo estuvo destinado a estudiantes y profesionales de la salud y trabajadores de areas relacionadas: m\u00e9dicos\/as, enfermeros\/as, t\u00e9cnicos\/as en\" \/>\n<meta property=\"og:url\" content=\"https:\/\/municipales.org.ar\/festram\/simposio-emergencias-medicas-del-litoral\/\" \/>\n<meta property=\"og:site_name\" content=\"FESTRAM\" \/>\n<meta property=\"article:publisher\" content=\"https:\/\/www.facebook.com\/MunicipalesSF\" \/>\n<meta property=\"article:published_time\" content=\"2017-09-06T15:39:27+00:00\" \/>\n<meta property=\"article:modified_time\" content=\"2017-09-07T15:47:49+00:00\" \/>\n<meta property=\"og:image\" content=\"https:\/\/municipales.org.ar\/festram\/wp-content\/uploads\/2017\/09\/21231608_1716915371665576_4135333096298218211_n.jpg\" \/>\n\t<meta property=\"og:image:width\" content=\"960\" \/>\n\t<meta property=\"og:image:height\" content=\"720\" \/>\n\t<meta property=\"og:image:type\" content=\"image\/jpeg\" \/>\n<meta name=\"author\" content=\"mun_admin\" \/>\n<meta name=\"twitter:card\" content=\"summary_large_image\" \/>\n<meta name=\"twitter:creator\" content=\"@MunicipalesSF\" \/>\n<meta name=\"twitter:site\" content=\"@MunicipalesSF\" \/>\n<meta name=\"twitter:label1\" content=\"Escrito por\" \/>\n\t<meta name=\"twitter:data1\" content=\"mun_admin\" \/>\n\t<meta name=\"twitter:label2\" content=\"Tiempo de lectura\" \/>\n\t<meta name=\"twitter:data2\" content=\"2 minutos\" \/>\n<script type=\"application\/ld+json\" class=\"yoast-schema-graph\">{\"@context\":\"https:\/\/schema.org\",\"@graph\":[{\"@type\":\"Article\",\"@id\":\"https:\/\/municipales.org.ar\/festram\/simposio-emergencias-medicas-del-litoral\/#article\",\"isPartOf\":{\"@id\":\"https:\/\/municipales.org.ar\/festram\/simposio-emergencias-medicas-del-litoral\/\"},\"author\":{\"name\":\"mun_admin\",\"@id\":\"https:\/\/municipales.org.ar\/festram\/#\/schema\/person\/49096a774c48ce9063df4d59ec059f9e\"},\"headline\":\"Simposio de Emergencias M\u00e9dicas del Litoral\",\"datePublished\":\"2017-09-06T15:39:27+00:00\",\"dateModified\":\"2017-09-07T15:47:49+00:00\",\"mainEntityOfPage\":{\"@id\":\"https:\/\/municipales.org.ar\/festram\/simposio-emergencias-medicas-del-litoral\/\"},\"wordCount\":362,\"publisher\":{\"@id\":\"https:\/\/municipales.org.ar\/festram\/#organization\"},\"image\":{\"@id\":\"https:\/\/municipales.org.ar\/festram\/simposio-emergencias-medicas-del-litoral\/#primaryimage\"},\"thumbnailUrl\":\"https:\/\/municipales.org.ar\/festram\/wp-content\/uploads\/2017\/09\/21231608_1716915371665576_4135333096298218211_n.jpg\",\"keywords\":[\"actividades complejo\"],\"articleSection\":[\"actividades en el complejo\"],\"inLanguage\":\"es\"},{\"@type\":\"WebPage\",\"@id\":\"https:\/\/municipales.org.ar\/festram\/simposio-emergencias-medicas-del-litoral\/\",\"url\":\"https:\/\/municipales.org.ar\/festram\/simposio-emergencias-medicas-del-litoral\/\",\"name\":\"Simposio de Emergencias M\u00e9dicas del Litoral &#8211; FESTRAM\",\"isPartOf\":{\"@id\":\"https:\/\/municipales.org.ar\/festram\/#website\"},\"primaryImageOfPage\":{\"@id\":\"https:\/\/municipales.org.ar\/festram\/simposio-emergencias-medicas-del-litoral\/#primaryimage\"},\"image\":{\"@id\":\"https:\/\/municipales.org.ar\/festram\/simposio-emergencias-medicas-del-litoral\/#primaryimage\"},\"thumbnailUrl\":\"https:\/\/municipales.org.ar\/festram\/wp-content\/uploads\/2017\/09\/21231608_1716915371665576_4135333096298218211_n.jpg\",\"datePublished\":\"2017-09-06T15:39:27+00:00\",\"dateModified\":\"2017-09-07T15:47:49+00:00\",\"description\":\"El mismo estuvo destinado a estudiantes y profesionales de la salud y trabajadores de areas relacionadas: m\u00e9dicos\/as, enfermeros\/as, t\u00e9cnicos\/as en\",\"breadcrumb\":{\"@id\":\"https:\/\/municipales.org.ar\/festram\/simposio-emergencias-medicas-del-litoral\/#breadcrumb\"},\"inLanguage\":\"es\",\"potentialAction\":[{\"@type\":\"ReadAction\",\"target\":[\"https:\/\/municipales.org.ar\/festram\/simposio-emergencias-medicas-del-litoral\/\"]}]},{\"@type\":\"ImageObject\",\"inLanguage\":\"es\",\"@id\":\"https:\/\/municipales.org.ar\/festram\/simposio-emergencias-medicas-del-litoral\/#primaryimage\",\"url\":\"https:\/\/municipales.org.ar\/festram\/wp-content\/uploads\/2017\/09\/21231608_1716915371665576_4135333096298218211_n.jpg\",\"contentUrl\":\"https:\/\/municipales.org.ar\/festram\/wp-content\/uploads\/2017\/09\/21231608_1716915371665576_4135333096298218211_n.jpg\",\"width\":960,\"height\":720},{\"@type\":\"BreadcrumbList\",\"@id\":\"https:\/\/municipales.org.ar\/festram\/simposio-emergencias-medicas-del-litoral\/#breadcrumb\",\"itemListElement\":[{\"@type\":\"ListItem\",\"position\":1,\"name\":\"Portada\",\"item\":\"https:\/\/municipales.org.ar\/festram\/\"},{\"@type\":\"ListItem\",\"position\":2,\"name\":\"Simposio de Emergencias M\u00e9dicas del Litoral\"}]},{\"@type\":\"WebSite\",\"@id\":\"https:\/\/municipales.org.ar\/festram\/#website\",\"url\":\"https:\/\/municipales.org.ar\/festram\/\",\"name\":\"FESTRAM\",\"description\":\"La web de los trabajadores municipales\",\"publisher\":{\"@id\":\"https:\/\/municipales.org.ar\/festram\/#organization\"},\"potentialAction\":[{\"@type\":\"SearchAction\",\"target\":{\"@type\":\"EntryPoint\",\"urlTemplate\":\"https:\/\/municipales.org.ar\/festram\/?s={search_term_string}\"},\"query-input\":{\"@type\":\"PropertyValueSpecification\",\"valueRequired\":true,\"valueName\":\"search_term_string\"}}],\"inLanguage\":\"es\"},{\"@type\":\"Organization\",\"@id\":\"https:\/\/municipales.org.ar\/festram\/#organization\",\"name\":\"Federaci\u00f3n de Sindicatos de Trabajadores Municipales de la Provincia de Santa Fe\",\"url\":\"https:\/\/municipales.org.ar\/festram\/\",\"logo\":{\"@type\":\"ImageObject\",\"inLanguage\":\"es\",\"@id\":\"https:\/\/municipales.org.ar\/festram\/#\/schema\/logo\/image\/\",\"url\":\"https:\/\/www.municipales.org.ar\/festram\/wp-content\/uploads\/2014\/07\/logo_fes.jpg\",\"contentUrl\":\"https:\/\/www.municipales.org.ar\/festram\/wp-content\/uploads\/2014\/07\/logo_fes.jpg\",\"width\":661,\"height\":673,\"caption\":\"Federaci\u00f3n de Sindicatos de Trabajadores Municipales de la Provincia de Santa Fe\"},\"image\":{\"@id\":\"https:\/\/municipales.org.ar\/festram\/#\/schema\/logo\/image\/\"},\"sameAs\":[\"https:\/\/www.facebook.com\/MunicipalesSF\",\"https:\/\/x.com\/MunicipalesSF\",\"https:\/\/www.youtube.com\/user\/festram\"]},{\"@type\":\"Person\",\"@id\":\"https:\/\/municipales.org.ar\/festram\/#\/schema\/person\/49096a774c48ce9063df4d59ec059f9e\",\"name\":\"mun_admin\"}]}<\/script>\n<!-- \/ Yoast SEO plugin. -->","yoast_head_json":{"title":"Simposio de Emergencias M\u00e9dicas del Litoral &#8211; FESTRAM","description":"El mismo estuvo destinado a estudiantes y profesionales de la salud y trabajadores de areas relacionadas: m\u00e9dicos\/as, enfermeros\/as, t\u00e9cnicos\/as en","robots":{"index":"index","follow":"follow","max-snippet":"max-snippet:-1","max-image-preview":"max-image-preview:large","max-video-preview":"max-video-preview:-1"},"canonical":"https:\/\/municipales.org.ar\/festram\/simposio-emergencias-medicas-del-litoral\/","og_locale":"es_ES","og_type":"article","og_title":"Simposio de Emergencias M\u00e9dicas del Litoral &#8211; FESTRAM","og_description":"El mismo estuvo destinado a estudiantes y profesionales de la salud y trabajadores de areas relacionadas: m\u00e9dicos\/as, enfermeros\/as, t\u00e9cnicos\/as en","og_url":"https:\/\/municipales.org.ar\/festram\/simposio-emergencias-medicas-del-litoral\/","og_site_name":"FESTRAM","article_publisher":"https:\/\/www.facebook.com\/MunicipalesSF","article_published_time":"2017-09-06T15:39:27+00:00","article_modified_time":"2017-09-07T15:47:49+00:00","og_image":[{"width":960,"height":720,"url":"https:\/\/municipales.org.ar\/festram\/wp-content\/uploads\/2017\/09\/21231608_1716915371665576_4135333096298218211_n.jpg","type":"image\/jpeg"}],"author":"mun_admin","twitter_card":"summary_large_image","twitter_creator":"@MunicipalesSF","twitter_site":"@MunicipalesSF","twitter_misc":{"Escrito por":"mun_admin","Tiempo de lectura":"2 minutos"},"schema":{"@context":"https:\/\/schema.org","@graph":[{"@type":"Article","@id":"https:\/\/municipales.org.ar\/festram\/simposio-emergencias-medicas-del-litoral\/#article","isPartOf":{"@id":"https:\/\/municipales.org.ar\/festram\/simposio-emergencias-medicas-del-litoral\/"},"author":{"name":"mun_admin","@id":"https:\/\/municipales.org.ar\/festram\/#\/schema\/person\/49096a774c48ce9063df4d59ec059f9e"},"headline":"Simposio de Emergencias M\u00e9dicas del Litoral","datePublished":"2017-09-06T15:39:27+00:00","dateModified":"2017-09-07T15:47:49+00:00","mainEntityOfPage":{"@id":"https:\/\/municipales.org.ar\/festram\/simposio-emergencias-medicas-del-litoral\/"},"wordCount":362,"publisher":{"@id":"https:\/\/municipales.org.ar\/festram\/#organization"},"image":{"@id":"https:\/\/municipales.org.ar\/festram\/simposio-emergencias-medicas-del-litoral\/#primaryimage"},"thumbnailUrl":"https:\/\/municipales.org.ar\/festram\/wp-content\/uploads\/2017\/09\/21231608_1716915371665576_4135333096298218211_n.jpg","keywords":["actividades complejo"],"articleSection":["actividades en el complejo"],"inLanguage":"es"},{"@type":"WebPage","@id":"https:\/\/municipales.org.ar\/festram\/simposio-emergencias-medicas-del-litoral\/","url":"https:\/\/municipales.org.ar\/festram\/simposio-emergencias-medicas-del-litoral\/","name":"Simposio de Emergencias M\u00e9dicas del Litoral &#8211; FESTRAM","isPartOf":{"@id":"https:\/\/municipales.org.ar\/festram\/#website"},"primaryImageOfPage":{"@id":"https:\/\/municipales.org.ar\/festram\/simposio-emergencias-medicas-del-litoral\/#primaryimage"},"image":{"@id":"https:\/\/municipales.org.ar\/festram\/simposio-emergencias-medicas-del-litoral\/#primaryimage"},"thumbnailUrl":"https:\/\/municipales.org.ar\/festram\/wp-content\/uploads\/2017\/09\/21231608_1716915371665576_4135333096298218211_n.jpg","datePublished":"2017-09-06T15:39:27+00:00","dateModified":"2017-09-07T15:47:49+00:00","description":"El mismo estuvo destinado a estudiantes y profesionales de la salud y trabajadores de areas relacionadas: m\u00e9dicos\/as, enfermeros\/as, t\u00e9cnicos\/as en","breadcrumb":{"@id":"https:\/\/municipales.org.ar\/festram\/simposio-emergencias-medicas-del-litoral\/#breadcrumb"},"inLanguage":"es","potentialAction":[{"@type":"ReadAction","target":["https:\/\/municipales.org.ar\/festram\/simposio-emergencias-medicas-del-litoral\/"]}]},{"@type":"ImageObject","inLanguage":"es","@id":"https:\/\/municipales.org.ar\/festram\/simposio-emergencias-medicas-del-litoral\/#primaryimage","url":"https:\/\/municipales.org.ar\/festram\/wp-content\/uploads\/2017\/09\/21231608_1716915371665576_4135333096298218211_n.jpg","contentUrl":"https:\/\/municipales.org.ar\/festram\/wp-content\/uploads\/2017\/09\/21231608_1716915371665576_4135333096298218211_n.jpg","width":960,"height":720},{"@type":"BreadcrumbList","@id":"https:\/\/municipales.org.ar\/festram\/simposio-emergencias-medicas-del-litoral\/#breadcrumb","itemListElement":[{"@type":"ListItem","position":1,"name":"Portada","item":"https:\/\/municipales.org.ar\/festram\/"},{"@type":"ListItem","position":2,"name":"Simposio de Emergencias M\u00e9dicas del Litoral"}]},{"@type":"WebSite","@id":"https:\/\/municipales.org.ar\/festram\/#website","url":"https:\/\/municipales.org.ar\/festram\/","name":"FESTRAM","description":"La web de los trabajadores municipales","publisher":{"@id":"https:\/\/municipales.org.ar\/festram\/#organization"},"potentialAction":[{"@type":"SearchAction","target":{"@type":"EntryPoint","urlTemplate":"https:\/\/municipales.org.ar\/festram\/?s={search_term_string}"},"query-input":{"@type":"PropertyValueSpecification","valueRequired":true,"valueName":"search_term_string"}}],"inLanguage":"es"},{"@type":"Organization","@id":"https:\/\/municipales.org.ar\/festram\/#organization","name":"Federaci\u00f3n de Sindicatos de Trabajadores Municipales de la Provincia de Santa Fe","url":"https:\/\/municipales.org.ar\/festram\/","logo":{"@type":"ImageObject","inLanguage":"es","@id":"https:\/\/municipales.org.ar\/festram\/#\/schema\/logo\/image\/","url":"https:\/\/www.municipales.org.ar\/festram\/wp-content\/uploads\/2014\/07\/logo_fes.jpg","contentUrl":"https:\/\/www.municipales.org.ar\/festram\/wp-content\/uploads\/2014\/07\/logo_fes.jpg","width":661,"height":673,"caption":"Federaci\u00f3n de Sindicatos de Trabajadores Municipales de la Provincia de Santa Fe"},"image":{"@id":"https:\/\/municipales.org.ar\/festram\/#\/schema\/logo\/image\/"},"sameAs":["https:\/\/www.facebook.com\/MunicipalesSF","https:\/\/x.com\/MunicipalesSF","https:\/\/www.youtube.com\/user\/festram"]},{"@type":"Person","@id":"https:\/\/municipales.org.ar\/festram\/#\/schema\/person\/49096a774c48ce9063df4d59ec059f9e","name":"mun_admin"}]}},"jetpack_publicize_connections":[],"jetpack_featured_media_url":"https:\/\/municipales.org.ar\/festram\/wp-content\/uploads\/2017\/09\/21231608_1716915371665576_4135333096298218211_n.jpg","jetpack_sharing_enabled":true,"jetpack_likes_enabled":false,"jetpack_shortlink":"https:\/\/wp.me\/p7l4x1-3gV","_links":{"self":[{"href":"https:\/\/municipales.org.ar\/festram\/wp-json\/wp\/v2\/posts\/12581","targetHints":{"allow":["GET"]}}],"collection":[{"href":"https:\/\/municipales.org.ar\/festram\/wp-json\/wp\/v2\/posts"}],"about":[{"href":"https:\/\/municipales.org.ar\/festram\/wp-json\/wp\/v2\/types\/post"}],"author":[{"embeddable":true,"href":"https:\/\/municipales.org.ar\/festram\/wp-json\/wp\/v2\/users\/1"}],"replies":[{"embeddable":true,"href":"https:\/\/municipales.org.ar\/festram\/wp-json\/wp\/v2\/comments?post=12581"}],"version-history":[{"count":1,"href":"https:\/\/municipales.org.ar\/festram\/wp-json\/wp\/v2\/posts\/12581\/revisions"}],"predecessor-version":[{"id":12582,"href":"https:\/\/municipales.org.ar\/festram\/wp-json\/wp\/v2\/posts\/12581\/revisions\/12582"}],"wp:featuredmedia":[{"embeddable":true,"href":"https:\/\/municipales.org.ar\/festram\/wp-json\/wp\/v2\/media\/12583"}],"wp:attachment":[{"href":"https:\/\/municipales.org.ar\/festram\/wp-json\/wp\/v2\/media?parent=12581"}],"wp:term":[{"taxonomy":"category","embeddable":true,"href":"https:\/\/municipales.org.ar\/festram\/wp-json\/wp\/v2\/categories?post=12581"},{"taxonomy":"post_tag","embeddable":true,"href":"https:\/\/municipales.org.ar\/festram\/wp-json\/wp\/v2\/tags?post=12581"}],"curies":[{"name":"wp","href":"https:\/\/api.w.org\/{rel}","templated":true}]}}